{"id":793,"date":"2010-09-12T23:00:50","date_gmt":"2010-09-12T21:00:50","guid":{"rendered":"http:\/\/evertonfc.cz\/?p=793"},"modified":"2019-01-03T23:44:36","modified_gmt":"2019-01-03T22:44:36","slug":"povalecne-nezdary","status":"publish","type":"post","link":"https:\/\/evertonfc.cz\/index.php\/2010\/09\/12\/povalecne-nezdary\/","title":{"rendered":"Pov\u00e1le\u010dn\u00e9 nezdary"},"content":{"rendered":"<h4>Ro\u010dn\u00edk 1914\/15, na jeho\u017e konci slavil Everton zisk mistrovsk\u00e9ho titulu, byl na n\u011bkolik n\u00e1sleduj\u00edc\u00edch let posledn\u00edm \u00fasp\u011b\u0161n\u00fdm obdob\u00edm. Po skon\u010den\u00ed v\u00e1lky si fotbal musel vydob\u00fdt svoji pozici zp\u011bt.<\/h4>\n<div id=\"NewsPostDetailContent\">\n<p>Pokud Fotbalov\u00e1 Asociace rozhodla, \u017ee i naproti zu\u0159\u00edc\u00ed v\u00e1lce se sezona 1914\/15 rozjede, v dal\u0161\u00edm roce tomu bylo ji\u017e zcela jinak. FA se spolu s vl\u00e1dou jednomysln\u011b dohodla na pozastaven\u00ed fotbalov\u00e9 ligy a\u017e do skon\u010den\u00ed v\u00e1lky. Kopan\u00e1 z britsk\u00fdch tr\u00e1vn\u00edk\u016f nevymizela, jenom\u017ee nam\u00edsto sout\u011b\u017en\u00edch z\u00e1pas\u016f, se hr\u00e1la pouze utk\u00e1n\u00ed na region\u00e1ln\u00ed \u00farovni. Prvo\u0159ad\u00fdm d\u016fvodem, jen\u017e vedl k se\u0161n\u011brov\u00e1n\u00ed kopan\u00e9\u00a0do lok\u00e1ln\u00ed \u00farovn\u011b, bylo alespo\u0148 z\u010d\u00e1sti odleh\u010dit transportn\u00edmu syst\u00e9mu, kter\u00fd se d\u00edky p\u0159esunu voj\u00e1k\u016f a munice do Evropy st\u00e1val p\u0159et\u00ed\u017een\u00fdm.<\/p>\n<p>I Everton se sna\u017eil v t\u011b\u017ek\u00fdch \u010dasech poskytovat pomoc, a tak do N\u00e1rodn\u00edho v\u00e1le\u010dn\u00e9ho fondu z klubov\u00e9 kasy putovalo 500 liber, p\u0159i\u010dem\u017e po cel\u00fd pr\u016fb\u011bh v\u00e1lky pravideln\u011b zas\u00edlal p\u0159\u00edsp\u011bvky zahrnuj\u00edc\u00ed v\u00fdt\u011b\u017eky z \u010dasto konan\u00fdch sb\u00edrek. Tak\u00e9 hr\u00e1\u010di p\u0159isp\u00edvali svou trochou do ml\u00fdna, kdy\u017e p\u011bt a\u017e patn\u00e1ct procent ze sv\u00e9ho platu pos\u00edlali na konto fondu. Mimoto si tak\u00e9 klub uv\u011bdomoval, \u017ee v\u00e1lka se p\u0159\u00edmo m\u016f\u017ee dotknout fotbalist\u016f, proto do Evertonu zav\u00edtal jist\u00fd ser\u017eant, kter\u00fd pomoc\u00ed tvrd\u00e9ho vojensk\u00e9ho drilu p\u0159ipravil hr\u00e1\u010de tak, aby byli v p\u0159\u00edpad\u011b pot\u0159eby p\u0159ipraveni odjet bojovat na frontu.<\/p>\n<p>Toffees, pod veden\u00edm Williama C. Cuffa, za\u017e\u00edvali b\u011bhem \u010dty\u0159 a p\u016fl let, kdy se nehr\u00e1l ligov\u00fd fotbal, stejn\u011b jako mnoho ostatn\u00edch klub\u016f, nelehk\u00e9 \u010dasy. B\u011bhem v\u00e1le\u010dn\u00e9ho stavu odehr\u00e1l Everton t\u0159i sezony v r\u00e1mci region\u00e1ln\u00edch turnaj\u016f, p\u0159i\u010dem\u017e pr\u00e1v\u011b t\u0159et\u00ed ro\u010dn\u00edk byl t\u00edm nej\u00fasp\u011b\u0161n\u011bj\u0161\u00edm, nebo\u0165 se Blues stali oblastn\u00edmi mistry. O definitivn\u00edm\u00a0v\u00edt\u011bzi m\u011blo rozhodnout fin\u00e1le hran\u00e9 mezi v\u00edt\u011bzi turnaje z Lancashire\u00a0a Midlands &#8211; celkov\u00fdm v\u00edt\u011bzem se nakonec stal z\u00e1stupce st\u0159edn\u00ed Anglie, Nottingham Forest.<\/p>\n<p>Na ja\u0159e 1919, byla po cel\u00e9 zemi odehr\u00e1na s\u00e9rie p\u0159\u00e1telsk\u00fdch mezist\u00e1tn\u00edch z\u00e1pas\u016f na znamen\u00ed &#8222;v\u00edt\u011bzstv\u00ed&#8220; a konce v\u00e1lky, kter\u00e9ho se sv\u011bt do\u010dkal v listopadu 1918.\u00a0Goodison Park\u00a0byl poct\u011bn presti\u017en\u00edm z\u00e1pasem proti Skotsku, je\u017e s Albionem remizovalo 2:2.<\/p>\n<p>Znovu kopanou dostat na \u00farove\u0148, kter\u00e9 dosahovala p\u0159ed v\u00e1lkou, bylo b\u011bhem na dlouhou tra\u0165, Fotbalov\u00e1 Asociace se v\u0161ak n\u00e1ro\u010dn\u00e9ho \u00fakolu chopila s velk\u00fdm el\u00e1nem. Nel\u00edstostn\u00e1 byla zejm\u00e9na finan\u010dn\u00ed situace, kter\u00e1 str\u00e1dala p\u0159edev\u0161\u00edm kv\u016fli ztr\u00e1t\u011b p\u0159\u00edjm\u016f z fin\u00e1lov\u00fdch z\u00e1pas\u016f poh\u00e1ru a tak\u00e9 mezin\u00e1rodn\u00edch z\u00e1pas\u016f. Ke startu prvn\u00ed pov\u00e1le\u010dn\u00e9 ligov\u00e9 sezony se FA rozhdola sn\u00ed\u017eit po\u010det klub\u016f v lize na 22, s t\u00edm \u017ee by sestupoval pouze jeden klub, ale mezi elitu by se pod\u00edvaly hned t\u0159i kluby. I v Merseyside do\u0161lo ke zm\u011bn\u00e1m. Je\u0161t\u011b v roce 1918 rezignoval ze sv\u00e9 pozice William C. Cuff. Nov\u00fdm klubov\u00fdm\u00a0tren\u00e9rem byl zvolen J. Sawyer, ten byl v\u0161ak po roce a p\u016fl vyst\u0159\u00edd\u00e1n Tomem McIntoshem, kter\u00fd p\u0159ich\u00e1zel z Middlesbrough s velmi dobrou reputac\u00ed.<\/p>\n<p>Pokud byla sv\u011btov\u00e1 v\u00e1lka k Evertonu v jist\u00e9m slova smyslu v n\u011b\u010dem laskav\u00e1, pak v tom, \u017ee \u017e\u00e1dn\u00fd z hr\u00e1\u010d\u016f Toffees z v\u00edt\u011bzn\u00e9ho t\u00fdmu z roku 1915, b\u011bhem \u010dty\u0159let\u00e9ho b\u011bsn\u011bn\u00ed na boji\u0161ti neztratil \u017eivot. Jen\u017ee ub\u011bhly \u010dty\u0159i l\u00e9ta, a v\u011bt\u0161ina fotbalist\u016f ji\u017e byla za sv\u00fdm vrcholem. Everton tak nebyl schopen bezprost\u0159edn\u011b nav\u00e1zat na p\u0159edv\u00e1le\u010dn\u00fdch \u00fasp\u011bch.<\/p>\n<p>B\u011bhem sezony 1919\/20, se na h\u0159i\u0161t\u00edch v modr\u00fdch barv\u00e1ch\u00a0vyst\u0159\u00eddalo a\u017e 35 hr\u00e1\u010d\u016f, co\u017e vedlo k tomu, \u017ee mu\u017estvo si nedovedlo udr\u017eet konzistentn\u00ed v\u00fdkonnost, a p\u0159esto\u017ee ro\u010dn\u00edk zapo\u010dal Everton nad\u011bjn\u011b, v pr\u016fb\u011bhu sezony odpadl a skon\u010dil a\u017e na 16. p\u0159\u00ed\u010dce, jen dva body od sestupu. Ani Anglick\u00fd poh\u00e1r nep\u0159inesl \u00fat\u011bchu, Toffees vypadli v prvn\u00edm z\u00e1pase s druholigov\u00fdm Birminghamem.<\/p>\n<p>P\u0159esto\u017ee fotbal se teprve vzpamatov\u00e1val z n\u00e1sledk\u016f v\u00e1lky, st\u00e1l na pokraji velk\u00e9ho rozmachu. D\u016fvod? Obrovsk\u00fd z\u00e1jem div\u00e1ctva. Nap\u0159\u00edklad v posledn\u00edm ro\u010dn\u00edku p\u0159ed vypuknut\u00edm v\u00e1lky Everton na vstupn\u00e9m vyd\u011blal 12 tis\u00edc liber. V sezon\u011b 1919\/20 to bylo ji\u017e na tehdej\u0161\u00ed dobu udivuj\u00edc\u00edch 40 tis\u00edc.<\/p>\n<p>V r\u00e1mci pot\u0159ebn\u00e9 a pokra\u010duj\u00edc\u00ed prom\u011bny k\u00e1dru, se p\u0159ed a b\u011bhem sezony 1920\/21 ud\u00e1lo mnoho t\u00fdmov\u00fdch zm\u011bn. Ode\u0161li nepot\u0159ebn\u00ed Clenell, Jefferies, Maconnachie, Thompson a naopak na Goodison zav\u00edtal krajn\u00ed obr\u00e1nce John Mcdonald a Charlie Crossley. B\u00fdval\u00fd \u00fato\u010dn\u00edk Sunderlandu Crossley vytvo\u0159il perfektn\u00ed dvojici s Georgem Harrisonem0 a patn\u00e1ct nast\u0159\u00edlen\u00fdch branek jej ud\u011blalo nejlep\u0161\u00edm st\u0159elcem sezony. Oproti p\u0159edchoz\u00ed sezon\u011b se forma Toffees rapidn\u011b zlep\u0161ila, tentokr\u00e1t Blues obsadili solidn\u00ed sedm\u00e9 m\u00edsto, a\u010dkoliv na mistry z Burnley ztr\u00e1celi 12 bod\u016f.\u00a0Tak\u00e9\u00a0v FA Cupu vypadala situace nad\u011bjn\u011b, v\u00fdhrami nad Stockportem, Sheffield Wednesday a Newcastlem se Everton posunul do \u010dtvrtfin\u00e1le. Los\u00a0dopadl p\u0159\u00edzniv\u011b &#8211; doma se Toffees\u00a0m\u011bli st\u0159etnout s druholigov\u00fdm Wolverhamptonem, a\u00a0v modr\u00e9 \u010d\u00e1sti z\u00e1toky \u0159eky Mersey se \u0161\u00ed\u0159il optimismus. Jenom\u017ee ten vzal za sv\u00e9, nebo\u0165 Wolves m\u011bli zcela jin\u00e9 pl\u00e1ny &#8211; na Goodison Parku\u00a0p\u0159ekvapili v\u00fdhrou 1:0.<\/p>\n<p>Dal\u0161\u00ed ro\u010dn\u00edk za\u010dali Toffees senza\u010dn\u00ed v\u00fdhrou 5:0 nad Manchesterem United, jenom\u017ee kdo na startu sezony mohl v\u011bd\u011bt, \u017ee do V\u00e1noc Everton zv\u00edt\u011bz\u00ed pouze dvakr\u00e1t. P\u0159esto\u017ee mu\u017estvo pos\u00edlili vyhl\u00e1\u0161en\u00fd irsk\u00fd dribl\u00e9r Bobby Irvine, ani ten nedok\u00e1zal zastavit pokra\u010duj\u00edc\u00ed \u00fapadek. Vrchol krize p\u0159i\u0161el 7. ledna 1922, kdy si Everton pro\u017eil z\u0159ejm\u011b nejtrapn\u011bj\u0161\u00edch 90 minut od sv\u00e9ho zalo\u017een\u00ed. Stalo se tak v FA Cupu. Blues se utkali s Crystal Palace, tou dobou t\u00fdmem z ji\u017en\u00ed \u010d\u00e1sti t\u0159et\u00ed divize. Jak Eveton dopadl? Eagles mu nas\u00e1zeli \u0161est branek. Poni\u017euj\u00edc\u00ed prohra nemohla b\u00fdt jen tak p\u0159ehl\u00ed\u017eena, a tak se veden\u00ed rozhodlo pl\u00e1cnout se p\u0159es kapsu a za \u010dty\u0159i tis\u00edce liber koupili glasgowsk\u00e9ho stopera Huntera Harta. Ani slu\u017eby nov\u00e9ho obr\u00e1nce v\u0161ak nezabraly, a klub tak\u00a0\u010delil poprv\u00e9 ve sv\u00e9 historii opravdu re\u00e1ln\u00e9 hrozb\u011b sestupu. V posledn\u00edch t\u00fddnech nakonec Toffees p\u0159ece jen zabrali, a d\u00edky t\u0159em v\u00fdhr\u00e1m a rem\u00edze z \u0161esti posledn\u00edch z\u00e1pas\u016f skon\u010dili dvac\u00e1t\u00ed, \u010dty\u0159i body p\u0159ed Bradfordem.<\/p>\n<p>Ani\u00a0na po\u010d\u00e1tku\u00a0n\u00e1sleduj\u00edc\u00ed sezony Everton neosl\u0148oval, jedn\u00edm z m\u00e1la sv\u011btl\u00fdch bod\u016f v jinak\u00a0nepoveden\u00fdch \u010dasech\u00a0se stal objev nadan\u00e9ho \u00fato\u010dn\u00edka Sama Chedgzoye, jen\u017e nakonec pomohl Evertonu vykopat v lize p\u00e1t\u00e9 m\u00edsto. Na \u0161pici tabulky ale Everton nem\u011bl. V sezon\u011b 1923\/24, kdy Huddersfield Town z\u00edskal prvn\u00ed ze t\u0159\u00ed mistrovsk\u00fdch titul\u016f v \u0159ad\u011b, Toffees obsadili sedm\u00e9 m\u00edsto, celou zemi v\u0161ak alespo\u0148 osl\u0148ovali atraktivn\u00ed kopanou. Den\u00edk\u00a0<em>Athletic Times\u00a0<\/em>se nad stylem Evertonu jen rozpl\u00fdval: <em>\u201e\u017d\u00e1dn\u00fd t\u00fdm v zemi n\u00e1m nenab\u00edz\u00ed tolik n\u00e1dhern\u00e9ho fotbalu,&#8220;<\/em>\u00a0shodovali se na \u0159\u00e1dc\u00edch listu jeho redakto\u0159i. Jen\u017ee co naplat, p\u011bkn\u00fd fotbal mnohdy ke trofej\u00edm nevede. Kdy\u017e Everton nedok\u00e1zal z\u00edsk\u00e1vat vav\u0159\u00edny v lize, neda\u0159ilo se ani v FA Cupu, kde mu stopku vystavil dal\u0161\u00ed celek z ni\u017e\u0161\u00ed sout\u011b\u017ee &#8211; Brighton &amp; Hove Albion.<\/p>\n<p>K ne\u010demu\u00a0ale Evertonu projevovan\u00fd hern\u00ed styl p\u0159ece jen byl. Stylov\u00fd fotbal\u00a0Toffees budil v zahrani\u010d\u00ed velk\u00fd ohlas, dokonce klub obdr\u017eel pozv\u00e1nku do Barcelony, se kterou se m\u011bl st\u0159etnout na po\u010det 25. v\u00fdro\u010d\u00ed od zalo\u017een\u00ed katal\u00e1nsk\u00e9ho klubu. Na Pyrenejsk\u00e9m poloostrov\u011b Everton odehr\u00e1l dva z\u00e1pasy &#8211; v jednom zv\u00edt\u011bzil, ve druh\u00e9m prohr\u00e1l, oba skon\u010dily shodn\u011b 2:1. Pozv\u00e1nku od Barcelony nav\u00edc obdr\u017eely i dva jin\u00e9 anglick\u00e9 celky &#8211; Newcastle a Manchester United. V r\u00e1mci miniturnaje se v jeho\u00a0fin\u00e1le st\u0159etl Everton pr\u00e1v\u011b s Red Devils &#8211; Toffees zv\u00edt\u011bzili 3:2 a obdr\u017eeli st\u0159\u00edbrn\u00fd poh\u00e1r, zn\u00e1m\u00fd jako Barcelona Cup. Katal\u00e1nci Evertonu zaplatili za \u00fa\u010dast na jejich oslav\u00e1ch tis\u00edc liber, a celkov\u011b bylo ji\u017en\u00ed turn\u00e9 vn\u00edm\u00e1no jako hotov\u00fd \u00fasp\u011bch.<\/p>\n<p>William C. Cuff, nyn\u00ed ji\u017e p\u0159edseda klubu, byl v\u0161ak od uspokojen\u00ed na m\u00edle daleko. Navzdory velk\u00e9 chv\u00e1le, kter\u00e1 se na adresu Evertonu oz\u00fdvala, v\u011bd\u011bl, \u017ee pokud m\u00e1 jeho klub bojovat o trofeje, n\u011bco z\u00e1sadn\u011b chyb\u00ed&#8230;<\/p>\n<\/div>\n","protected":false},"excerpt":{"rendered":"<p>Ro\u010dn\u00edk 1914\/15, na jeho\u017e konci slavil Everton zisk mistrovsk\u00e9ho titulu, byl na n\u011bkolik n\u00e1sleduj\u00edc\u00edch let posledn\u00edm \u00fasp\u011b\u0161n\u00fdm obdob\u00edm. Po skon\u010den\u00ed&hellip;<\/p>\n","protected":false},"author":7,"featured_media":790,"comment_status":"open","ping_status":"closed","sticky":false,"template":"","format":"standard","meta":{"_eb_attr":"","_monsterinsights_skip_tracking":false,"_monsterinsights_sitenote_active":false,"_monsterinsights_sitenote_note":"","_monsterinsights_sitenote_category":0,"footnotes":""},"categories":[14],"tags":[],"yoast_head":"<!-- This site is optimized with the Yoast SEO plugin v23.4 - https:\/\/yoast.com\/wordpress\/plugins\/seo\/ -->\n<title>Pov\u00e1le\u010dn\u00e9 nezdary - Official Czech &amp; Slovak Everton Supporters&#039; Club<\/title>\n<meta name=\"robots\" content=\"index, follow, max-snippet:-1, max-image-preview:large, max-video-preview:-1\" \/>\n<link rel=\"canonical\" href=\"https:\/\/evertonfc.cz\/index.php\/2010\/09\/12\/povalecne-nezdary\/\" \/>\n<meta property=\"og:locale\" content=\"cs_CZ\" \/>\n<meta property=\"og:type\" content=\"article\" \/>\n<meta property=\"og:title\" content=\"Pov\u00e1le\u010dn\u00e9 nezdary - Official Czech &amp; Slovak Everton Supporters&#039; Club\" \/>\n<meta property=\"og:description\" content=\"Ro\u010dn\u00edk 1914\/15, na jeho\u017e konci slavil Everton zisk mistrovsk\u00e9ho titulu, byl na n\u011bkolik n\u00e1sleduj\u00edc\u00edch let posledn\u00edm \u00fasp\u011b\u0161n\u00fdm obdob\u00edm. Po skon\u010den\u00ed&hellip;\" \/>\n<meta property=\"og:url\" content=\"https:\/\/evertonfc.cz\/index.php\/2010\/09\/12\/povalecne-nezdary\/\" \/>\n<meta property=\"og:site_name\" content=\"Official Czech &amp; Slovak Everton Supporters&#039; Club\" \/>\n<meta property=\"article:publisher\" content=\"https:\/\/www.facebook.com\/everton.fans.cz.sk\" \/>\n<meta property=\"article:published_time\" content=\"2010-09-12T21:00:50+00:00\" \/>\n<meta property=\"article:modified_time\" content=\"2019-01-03T22:44:36+00:00\" \/>\n<meta property=\"og:image\" content=\"https:\/\/evertonfc.cz\/wp-content\/uploads\/2019\/01\/historie_VII.jpg\" \/>\n\t<meta property=\"og:image:width\" content=\"720\" \/>\n\t<meta property=\"og:image:height\" content=\"405\" \/>\n\t<meta property=\"og:image:type\" content=\"image\/jpeg\" \/>\n<meta name=\"author\" content=\"Me\u0148a\" \/>\n<meta name=\"twitter:card\" content=\"summary_large_image\" \/>\n<meta name=\"twitter:label1\" content=\"Napsal(a)\" \/>\n\t<meta name=\"twitter:data1\" content=\"Me\u0148a\" \/>\n\t<meta name=\"twitter:label2\" content=\"Odhadovan\u00e1 doba \u010dten\u00ed\" \/>\n\t<meta name=\"twitter:data2\" content=\"8 minut\" \/>\n<script type=\"application\/ld+json\" class=\"yoast-schema-graph\">{\"@context\":\"https:\/\/schema.org\",\"@graph\":[{\"@type\":\"Article\",\"@id\":\"https:\/\/evertonfc.cz\/index.php\/2010\/09\/12\/povalecne-nezdary\/#article\",\"isPartOf\":{\"@id\":\"https:\/\/evertonfc.cz\/index.php\/2010\/09\/12\/povalecne-nezdary\/\"},\"author\":{\"name\":\"Me\u0148a\",\"@id\":\"https:\/\/evertonfc.cz\/#\/schema\/person\/cd6328a75577de2add7793fd4b0930c3\"},\"headline\":\"Pov\u00e1le\u010dn\u00e9 nezdary\",\"datePublished\":\"2010-09-12T21:00:50+00:00\",\"dateModified\":\"2019-01-03T22:44:36+00:00\",\"mainEntityOfPage\":{\"@id\":\"https:\/\/evertonfc.cz\/index.php\/2010\/09\/12\/povalecne-nezdary\/\"},\"wordCount\":1583,\"commentCount\":0,\"publisher\":{\"@id\":\"https:\/\/evertonfc.cz\/#organization\"},\"image\":{\"@id\":\"https:\/\/evertonfc.cz\/index.php\/2010\/09\/12\/povalecne-nezdary\/#primaryimage\"},\"thumbnailUrl\":\"https:\/\/evertonfc.cz\/wp-content\/uploads\/2019\/01\/historie_VII.jpg\",\"articleSection\":[\"Pohledy do historie\"],\"inLanguage\":\"cs\",\"potentialAction\":[{\"@type\":\"CommentAction\",\"name\":\"Comment\",\"target\":[\"https:\/\/evertonfc.cz\/index.php\/2010\/09\/12\/povalecne-nezdary\/#respond\"]}]},{\"@type\":\"WebPage\",\"@id\":\"https:\/\/evertonfc.cz\/index.php\/2010\/09\/12\/povalecne-nezdary\/\",\"url\":\"https:\/\/evertonfc.cz\/index.php\/2010\/09\/12\/povalecne-nezdary\/\",\"name\":\"Pov\u00e1le\u010dn\u00e9 nezdary - Official Czech &amp; Slovak Everton Supporters&#039; Club\",\"isPartOf\":{\"@id\":\"https:\/\/evertonfc.cz\/#website\"},\"primaryImageOfPage\":{\"@id\":\"https:\/\/evertonfc.cz\/index.php\/2010\/09\/12\/povalecne-nezdary\/#primaryimage\"},\"image\":{\"@id\":\"https:\/\/evertonfc.cz\/index.php\/2010\/09\/12\/povalecne-nezdary\/#primaryimage\"},\"thumbnailUrl\":\"https:\/\/evertonfc.cz\/wp-content\/uploads\/2019\/01\/historie_VII.jpg\",\"datePublished\":\"2010-09-12T21:00:50+00:00\",\"dateModified\":\"2019-01-03T22:44:36+00:00\",\"breadcrumb\":{\"@id\":\"https:\/\/evertonfc.cz\/index.php\/2010\/09\/12\/povalecne-nezdary\/#breadcrumb\"},\"inLanguage\":\"cs\",\"potentialAction\":[{\"@type\":\"ReadAction\",\"target\":[\"https:\/\/evertonfc.cz\/index.php\/2010\/09\/12\/povalecne-nezdary\/\"]}]},{\"@type\":\"ImageObject\",\"inLanguage\":\"cs\",\"@id\":\"https:\/\/evertonfc.cz\/index.php\/2010\/09\/12\/povalecne-nezdary\/#primaryimage\",\"url\":\"https:\/\/evertonfc.cz\/wp-content\/uploads\/2019\/01\/historie_VII.jpg\",\"contentUrl\":\"https:\/\/evertonfc.cz\/wp-content\/uploads\/2019\/01\/historie_VII.jpg\",\"width\":720,\"height\":405},{\"@type\":\"BreadcrumbList\",\"@id\":\"https:\/\/evertonfc.cz\/index.php\/2010\/09\/12\/povalecne-nezdary\/#breadcrumb\",\"itemListElement\":[{\"@type\":\"ListItem\",\"position\":1,\"name\":\"Home\",\"item\":\"https:\/\/evertonfc.cz\/\"},{\"@type\":\"ListItem\",\"position\":2,\"name\":\"Pov\u00e1le\u010dn\u00e9 nezdary\"}]},{\"@type\":\"WebSite\",\"@id\":\"https:\/\/evertonfc.cz\/#website\",\"url\":\"https:\/\/evertonfc.cz\/\",\"name\":\"Official Czech &amp; Slovak Everton Supporters&#039; Club\",\"description\":\"\",\"publisher\":{\"@id\":\"https:\/\/evertonfc.cz\/#organization\"},\"potentialAction\":[{\"@type\":\"SearchAction\",\"target\":{\"@type\":\"EntryPoint\",\"urlTemplate\":\"https:\/\/evertonfc.cz\/?s={search_term_string}\"},\"query-input\":{\"@type\":\"PropertyValueSpecification\",\"valueRequired\":true,\"valueName\":\"search_term_string\"}}],\"inLanguage\":\"cs\"},{\"@type\":\"Organization\",\"@id\":\"https:\/\/evertonfc.cz\/#organization\",\"name\":\"Official Czech & Slovak Everton Supporters' Club\",\"url\":\"https:\/\/evertonfc.cz\/\",\"logo\":{\"@type\":\"ImageObject\",\"inLanguage\":\"cs\",\"@id\":\"https:\/\/evertonfc.cz\/#\/schema\/logo\/image\/\",\"url\":\"https:\/\/evertonfc.cz\/wp-content\/uploads\/2019\/05\/logo.png\",\"contentUrl\":\"https:\/\/evertonfc.cz\/wp-content\/uploads\/2019\/05\/logo.png\",\"width\":112,\"height\":112,\"caption\":\"Official Czech & Slovak Everton Supporters' Club\"},\"image\":{\"@id\":\"https:\/\/evertonfc.cz\/#\/schema\/logo\/image\/\"},\"sameAs\":[\"https:\/\/www.facebook.com\/everton.fans.cz.sk\"]},{\"@type\":\"Person\",\"@id\":\"https:\/\/evertonfc.cz\/#\/schema\/person\/cd6328a75577de2add7793fd4b0930c3\",\"name\":\"Me\u0148a\",\"url\":\"https:\/\/evertonfc.cz\/index.php\/author\/mena\/\"}]}<\/script>\n<!-- \/ Yoast SEO plugin. -->","yoast_head_json":{"title":"Pov\u00e1le\u010dn\u00e9 nezdary - Official Czech &amp; Slovak Everton Supporters&#039; Club","robots":{"index":"index","follow":"follow","max-snippet":"max-snippet:-1","max-image-preview":"max-image-preview:large","max-video-preview":"max-video-preview:-1"},"canonical":"https:\/\/evertonfc.cz\/index.php\/2010\/09\/12\/povalecne-nezdary\/","og_locale":"cs_CZ","og_type":"article","og_title":"Pov\u00e1le\u010dn\u00e9 nezdary - Official Czech &amp; Slovak Everton Supporters&#039; Club","og_description":"Ro\u010dn\u00edk 1914\/15, na jeho\u017e konci slavil Everton zisk mistrovsk\u00e9ho titulu, byl na n\u011bkolik n\u00e1sleduj\u00edc\u00edch let posledn\u00edm \u00fasp\u011b\u0161n\u00fdm obdob\u00edm. Po skon\u010den\u00ed&hellip;","og_url":"https:\/\/evertonfc.cz\/index.php\/2010\/09\/12\/povalecne-nezdary\/","og_site_name":"Official Czech &amp; Slovak Everton Supporters&#039; Club","article_publisher":"https:\/\/www.facebook.com\/everton.fans.cz.sk","article_published_time":"2010-09-12T21:00:50+00:00","article_modified_time":"2019-01-03T22:44:36+00:00","og_image":[{"width":720,"height":405,"url":"https:\/\/evertonfc.cz\/wp-content\/uploads\/2019\/01\/historie_VII.jpg","type":"image\/jpeg"}],"author":"Me\u0148a","twitter_card":"summary_large_image","twitter_misc":{"Napsal(a)":"Me\u0148a","Odhadovan\u00e1 doba \u010dten\u00ed":"8 minut"},"schema":{"@context":"https:\/\/schema.org","@graph":[{"@type":"Article","@id":"https:\/\/evertonfc.cz\/index.php\/2010\/09\/12\/povalecne-nezdary\/#article","isPartOf":{"@id":"https:\/\/evertonfc.cz\/index.php\/2010\/09\/12\/povalecne-nezdary\/"},"author":{"name":"Me\u0148a","@id":"https:\/\/evertonfc.cz\/#\/schema\/person\/cd6328a75577de2add7793fd4b0930c3"},"headline":"Pov\u00e1le\u010dn\u00e9 nezdary","datePublished":"2010-09-12T21:00:50+00:00","dateModified":"2019-01-03T22:44:36+00:00","mainEntityOfPage":{"@id":"https:\/\/evertonfc.cz\/index.php\/2010\/09\/12\/povalecne-nezdary\/"},"wordCount":1583,"commentCount":0,"publisher":{"@id":"https:\/\/evertonfc.cz\/#organization"},"image":{"@id":"https:\/\/evertonfc.cz\/index.php\/2010\/09\/12\/povalecne-nezdary\/#primaryimage"},"thumbnailUrl":"https:\/\/evertonfc.cz\/wp-content\/uploads\/2019\/01\/historie_VII.jpg","articleSection":["Pohledy do historie"],"inLanguage":"cs","potentialAction":[{"@type":"CommentAction","name":"Comment","target":["https:\/\/evertonfc.cz\/index.php\/2010\/09\/12\/povalecne-nezdary\/#respond"]}]},{"@type":"WebPage","@id":"https:\/\/evertonfc.cz\/index.php\/2010\/09\/12\/povalecne-nezdary\/","url":"https:\/\/evertonfc.cz\/index.php\/2010\/09\/12\/povalecne-nezdary\/","name":"Pov\u00e1le\u010dn\u00e9 nezdary - Official Czech &amp; Slovak Everton Supporters&#039; Club","isPartOf":{"@id":"https:\/\/evertonfc.cz\/#website"},"primaryImageOfPage":{"@id":"https:\/\/evertonfc.cz\/index.php\/2010\/09\/12\/povalecne-nezdary\/#primaryimage"},"image":{"@id":"https:\/\/evertonfc.cz\/index.php\/2010\/09\/12\/povalecne-nezdary\/#primaryimage"},"thumbnailUrl":"https:\/\/evertonfc.cz\/wp-content\/uploads\/2019\/01\/historie_VII.jpg","datePublished":"2010-09-12T21:00:50+00:00","dateModified":"2019-01-03T22:44:36+00:00","breadcrumb":{"@id":"https:\/\/evertonfc.cz\/index.php\/2010\/09\/12\/povalecne-nezdary\/#breadcrumb"},"inLanguage":"cs","potentialAction":[{"@type":"ReadAction","target":["https:\/\/evertonfc.cz\/index.php\/2010\/09\/12\/povalecne-nezdary\/"]}]},{"@type":"ImageObject","inLanguage":"cs","@id":"https:\/\/evertonfc.cz\/index.php\/2010\/09\/12\/povalecne-nezdary\/#primaryimage","url":"https:\/\/evertonfc.cz\/wp-content\/uploads\/2019\/01\/historie_VII.jpg","contentUrl":"https:\/\/evertonfc.cz\/wp-content\/uploads\/2019\/01\/historie_VII.jpg","width":720,"height":405},{"@type":"BreadcrumbList","@id":"https:\/\/evertonfc.cz\/index.php\/2010\/09\/12\/povalecne-nezdary\/#breadcrumb","itemListElement":[{"@type":"ListItem","position":1,"name":"Home","item":"https:\/\/evertonfc.cz\/"},{"@type":"ListItem","position":2,"name":"Pov\u00e1le\u010dn\u00e9 nezdary"}]},{"@type":"WebSite","@id":"https:\/\/evertonfc.cz\/#website","url":"https:\/\/evertonfc.cz\/","name":"Official Czech &amp; Slovak Everton Supporters&#039; Club","description":"","publisher":{"@id":"https:\/\/evertonfc.cz\/#organization"},"potentialAction":[{"@type":"SearchAction","target":{"@type":"EntryPoint","urlTemplate":"https:\/\/evertonfc.cz\/?s={search_term_string}"},"query-input":{"@type":"PropertyValueSpecification","valueRequired":true,"valueName":"search_term_string"}}],"inLanguage":"cs"},{"@type":"Organization","@id":"https:\/\/evertonfc.cz\/#organization","name":"Official Czech & Slovak Everton Supporters' Club","url":"https:\/\/evertonfc.cz\/","logo":{"@type":"ImageObject","inLanguage":"cs","@id":"https:\/\/evertonfc.cz\/#\/schema\/logo\/image\/","url":"https:\/\/evertonfc.cz\/wp-content\/uploads\/2019\/05\/logo.png","contentUrl":"https:\/\/evertonfc.cz\/wp-content\/uploads\/2019\/05\/logo.png","width":112,"height":112,"caption":"Official Czech & Slovak Everton Supporters' Club"},"image":{"@id":"https:\/\/evertonfc.cz\/#\/schema\/logo\/image\/"},"sameAs":["https:\/\/www.facebook.com\/everton.fans.cz.sk"]},{"@type":"Person","@id":"https:\/\/evertonfc.cz\/#\/schema\/person\/cd6328a75577de2add7793fd4b0930c3","name":"Me\u0148a","url":"https:\/\/evertonfc.cz\/index.php\/author\/mena\/"}]}},"_links":{"self":[{"href":"https:\/\/evertonfc.cz\/index.php\/wp-json\/wp\/v2\/posts\/793"}],"collection":[{"href":"https:\/\/evertonfc.cz\/index.php\/wp-json\/wp\/v2\/posts"}],"about":[{"href":"https:\/\/evertonfc.cz\/index.php\/wp-json\/wp\/v2\/types\/post"}],"author":[{"embeddable":true,"href":"https:\/\/evertonfc.cz\/index.php\/wp-json\/wp\/v2\/users\/7"}],"replies":[{"embeddable":true,"href":"https:\/\/evertonfc.cz\/index.php\/wp-json\/wp\/v2\/comments?post=793"}],"version-history":[{"count":1,"href":"https:\/\/evertonfc.cz\/index.php\/wp-json\/wp\/v2\/posts\/793\/revisions"}],"predecessor-version":[{"id":794,"href":"https:\/\/evertonfc.cz\/index.php\/wp-json\/wp\/v2\/posts\/793\/revisions\/794"}],"wp:featuredmedia":[{"embeddable":true,"href":"https:\/\/evertonfc.cz\/index.php\/wp-json\/wp\/v2\/media\/790"}],"wp:attachment":[{"href":"https:\/\/evertonfc.cz\/index.php\/wp-json\/wp\/v2\/media?parent=793"}],"wp:term":[{"taxonomy":"category","embeddable":true,"href":"https:\/\/evertonfc.cz\/index.php\/wp-json\/wp\/v2\/categories?post=793"},{"taxonomy":"post_tag","embeddable":true,"href":"https:\/\/evertonfc.cz\/index.php\/wp-json\/wp\/v2\/tags?post=793"}],"curies":[{"name":"wp","href":"https:\/\/api.w.org\/{rel}","templated":true}]}}