{"id":7954,"date":"2019-06-04T23:03:19","date_gmt":"2019-06-04T21:03:19","guid":{"rendered":"https:\/\/evertonfc.cz\/?p=7954"},"modified":"2020-05-14T12:30:47","modified_gmt":"2020-05-14T10:30:47","slug":"kapitan-jagielka-skonci-v-evertonu","status":"publish","type":"post","link":"https:\/\/evertonfc.cz\/index.php\/2019\/06\/04\/kapitan-jagielka-skonci-v-evertonu\/","title":{"rendered":"Kapit\u00e1n Jagielka skon\u010d\u00ed v Evertonu"},"content":{"rendered":"<h4>Phil Jagielka se nedo\u010dkal od Evertonu nab\u00eddky nov\u00e9 smlouvy a po vypr\u0161en\u00ed t\u00e9 st\u00e1vaj\u00edc\u00ed na konci m\u011bs\u00edce opust\u00ed klub, v n\u011bm\u017e str\u00e1vil 12 let.<\/h4>\n<p>36let\u00fd stoper potvrdil odchod dnes odpoledne na sv\u00e9m instagramov\u00e9m \u00fa\u010dtu: <em>\u201eD\u0159\u00edve jsem se nemohl vyj\u00e1d\u0159it k m\u00e9 budoucnosti, proto\u017ee jsem \u010dekal na rozhodnut\u00ed klubu. Bohu\u017eel moje anga\u017em\u00e1 v Evertonu se po 12 fantastick\u00fdch sez\u00f3n\u00e1ch ch\u00fdl\u00ed ke konci. M\u011bl jsem to \u0161t\u011bst\u00ed odehr\u00e1t p\u0159es 380 z\u00e1pas\u016f a b\u00fdt kapit\u00e1nem \u0161est let.<\/em><\/p>\n<p><em>R\u00e1d bych pod\u011bkoval v\u0161em hr\u00e1\u010d\u016fm, s nimi\u017e jsem nastupoval, cel\u00e9mu klubov\u00e9mu person\u00e1lu, kter\u00fd mi pom\u00e1hal, p\u0159edsedovi a v neposledn\u00ed \u0159ad\u011b \u00fa\u017easn\u00fdm fanou\u0161k\u016fm. P\u0159eji v\u0161em sv\u00e1zan\u00fdm s t\u00edmto v\u00fdjime\u010dn\u00fdm klubem jen to nejlep\u0161\u00ed.\u201c <\/em><\/p>\n<p>Jagielku p\u0159ivedl do klubu mana\u017eer David Moyes v roce 2007, Toffees za tehdy mlad\u00e9ho defenzivn\u00edho univerz\u00e1la zaplatili Sheffieldu United \u010dty\u0159i miliony liber.<\/p>\n<p>Rod\u00e1k z Manchesteru p\u0159estupu na Goodison Parku zprvu vysed\u00e1val na lavi\u010dce n\u00e1hradn\u00edk\u016f, po n\u011bkolika m\u011bs\u00edc\u00edch ale dostal k\u00fd\u017eenou \u0161anci v z\u00e1kladn\u00ed sestav\u011b, za n\u00ed\u017e se odvd\u011b\u010dil perfektn\u00edmi v\u00fdkony, a postupn\u011b se vypracoval mezi kl\u00ed\u010dov\u00e9 mu\u017ee Moyesova t\u00fdmu a nejlep\u0161\u00ed stopery Premier League. Na komplexn\u00edho a spolehliv\u00e9ho stopera ale i p\u0159es jeho postuuj\u00edc\u00ed v\u011bk posl\u00e9ze s\u00e1zeli i dal\u0161\u00ed Skotovi n\u00e1stupci v mana\u017eersk\u00e9 funkci &#8211; Mart\u00ednez, Koeman i Allardyce.<\/p>\n<p>V sez\u00f3n\u00e1ch 2008\/09 a 2014\/15 byl Jagielka vyhl\u00e1\u0161en nejlep\u0161\u00edm hr\u00e1\u010dem Evertonu, jeho\u017e v roce 2009 poslal prom\u011bn\u011bnou penaltou v semifin\u00e1lov\u00e9m rozst\u0159elu s Manchesterem United do fin\u00e1le FA Cupu. Do n\u00e1sledn\u00e9ho fin\u00e1le s Chelsea, kter\u00e9 Toffees prohr\u00e1li 1:2, ho ale nepustilo v\u00e1\u017en\u00e9 zran\u011bn\u00ed kolena. Bl\u00edzko, nicm\u00e9n\u011b nakonec st\u00e1lo daleko, vysn\u011bn\u00e9 trofeji s Evertonem byl Jagielka i v letech 2012 (semifin\u00e1le FA Cupu) a 2016 (semifin\u00e1le FA Cupu a Ligov\u00e9ho poh\u00e1ru). Pr\u00e1v\u011b chyb\u011bj\u00edc\u00ed trofej z\u016fstane snad jedin\u00fdm v\u00fdrazn\u011bj\u0161\u00edm nedostatkem na jeho ikonick\u00e9m p\u016fsoben\u00ed v modr\u00e9m dresu.<\/p>\n<p>V leto\u0161n\u00ed sez\u00f3n\u011b pod nov\u00fdm mana\u017eerem Marcem Silvou nastoupil jen do sedmi z\u00e1pas\u016f, a tak poprv\u00e9 od sv\u00e9 prvn\u00ed sez\u00f3ny v Evertonu se musel sm\u00ed\u0159it s dlouhodobou pozic\u00ed n\u00e1hradn\u00edka.<\/p>\n<p>Jeho bl\u00ed\u017e\u00edc\u00ed se konec v klubu nazna\u010dilo i posledn\u00ed dom\u00e1c\u00ed st\u0159etnut\u00ed aktu\u00e1ln\u00ed ro\u010dn\u00edku na Goodison Parku z po\u010d\u00e1tku kv\u011btna. Jagielka do n\u011bho nasko\u010dil a\u017e v z\u00e1v\u011bre\u010dn\u00fdch minut\u00e1ch, aby se \u2013 i kdy\u017e tehdy je\u0161t\u011b nebylo rozhodnuto o jeho budoucnosti \u2013 mohl rozlou\u010dit s fanou\u0161ky p\u0159\u00edmo z hrac\u00ed plochy.<\/p>\n<p>P\u0159edseda Bill Kenwright v\u00a0dne\u0161n\u00edm rozhovoru pro ofici\u00e1ln\u00ed klubov\u00fd web ozna\u010dil Jagielku jako \u201ejednoho z\u00a0nejv\u011bt\u0161\u00edch slu\u017eebn\u00edk\u016f Evertonu\u201c a dodal: <em>\u201eOd prvn\u00edho dne, kdy k n\u00e1m v \u010dervenci 2007 p\u0159estoupil, symbolizoval, co znamen\u00e1 b\u00fdt Evertonianem. Nav\u017edy z\u016fstane osobnost\u00ed zt\u011bles\u0148uj\u00edc\u00ed ducha a hodnoty Blues.\u201c<\/em><\/p>\n<p>Jagielka rovn\u011b\u017e ve 40 p\u0159\u00edpadech reprezentoval n\u00e1rodn\u00ed t\u00fdm Anglie v\u010detn\u011b dvou z\u00e1pas\u016f na mistrovstv\u00ed sv\u011bta 2014, z n\u011bho\u017e Albion vypadl u\u017e v z\u00e1kladn\u00ed skupin\u011b.<\/p>\n<p>Zat\u00edm nen\u00ed z\u0159ejm\u00e9, kam povedou dal\u0161\u00ed jeho kroky. Nej\u010dast\u011bji se v\u0161ak sklo\u0148uje n\u00e1vrat do Sheffieldu United, kter\u00fd by do postupu do Premier League dozajista p\u0159iv\u00edtal hr\u00e1\u010de Jagielkov\u00fdch kvalit a zku\u0161enost\u00ed.<\/p>\n","protected":false},"excerpt":{"rendered":"<p>Phil Jagielka se nedo\u010dkal od Evertonu nab\u00eddky nov\u00e9 smlouvy a po vypr\u0161en\u00ed t\u00e9 st\u00e1vaj\u00edc\u00ed na konci m\u011bs\u00edce opust\u00ed klub, v n\u011bm\u017e str\u00e1vil 12 let.<\/p>\n","protected":false},"author":6,"featured_media":7927,"comment_status":"open","ping_status":"closed","sticky":false,"template":"","format":"standard","meta":{"_eb_attr":"","_monsterinsights_skip_tracking":false,"_monsterinsights_sitenote_active":false,"_monsterinsights_sitenote_note":"","_monsterinsights_sitenote_category":0,"footnotes":""},"categories":[42],"tags":[],"yoast_head":"<!-- This site is optimized with the Yoast SEO plugin v23.4 - https:\/\/yoast.com\/wordpress\/plugins\/seo\/ -->\n<title>Kapit\u00e1n Jagielka skon\u010d\u00ed v Evertonu - Official Czech &amp; Slovak Everton Supporters&#039; Club<\/title>\n<meta name=\"robots\" content=\"index, follow, max-snippet:-1, max-image-preview:large, max-video-preview:-1\" \/>\n<link rel=\"canonical\" href=\"https:\/\/evertonfc.cz\/index.php\/2019\/06\/04\/kapitan-jagielka-skonci-v-evertonu\/\" \/>\n<meta property=\"og:locale\" content=\"cs_CZ\" \/>\n<meta property=\"og:type\" content=\"article\" \/>\n<meta property=\"og:title\" content=\"Kapit\u00e1n Jagielka skon\u010d\u00ed v Evertonu - Official Czech &amp; Slovak Everton Supporters&#039; Club\" \/>\n<meta property=\"og:description\" content=\"Phil Jagielka se nedo\u010dkal od Evertonu nab\u00eddky nov\u00e9 smlouvy a po vypr\u0161en\u00ed t\u00e9 st\u00e1vaj\u00edc\u00ed na konci m\u011bs\u00edce opust\u00ed klub, v n\u011bm\u017e str\u00e1vil 12 let.\" \/>\n<meta property=\"og:url\" content=\"https:\/\/evertonfc.cz\/index.php\/2019\/06\/04\/kapitan-jagielka-skonci-v-evertonu\/\" \/>\n<meta property=\"og:site_name\" content=\"Official Czech &amp; Slovak Everton Supporters&#039; Club\" \/>\n<meta property=\"article:publisher\" content=\"https:\/\/www.facebook.com\/everton.fans.cz.sk\" \/>\n<meta property=\"article:published_time\" content=\"2019-06-04T21:03:19+00:00\" \/>\n<meta property=\"article:modified_time\" content=\"2020-05-14T10:30:47+00:00\" \/>\n<meta property=\"og:image\" content=\"https:\/\/evertonfc.cz\/wp-content\/uploads\/2019\/06\/jagielka_04_06_2019.jpg\" \/>\n\t<meta property=\"og:image:width\" content=\"720\" \/>\n\t<meta property=\"og:image:height\" content=\"405\" \/>\n\t<meta property=\"og:image:type\" content=\"image\/jpeg\" \/>\n<meta name=\"author\" content=\"Ri\u010di\" \/>\n<meta name=\"twitter:card\" content=\"summary_large_image\" \/>\n<meta name=\"twitter:creator\" content=\"@rbrejsa\" \/>\n<meta name=\"twitter:label1\" content=\"Napsal(a)\" \/>\n\t<meta name=\"twitter:data1\" content=\"Ri\u010di\" \/>\n\t<meta name=\"twitter:label2\" content=\"Odhadovan\u00e1 doba \u010dten\u00ed\" \/>\n\t<meta name=\"twitter:data2\" content=\"3 minuty\" \/>\n<script type=\"application\/ld+json\" class=\"yoast-schema-graph\">{\"@context\":\"https:\/\/schema.org\",\"@graph\":[{\"@type\":\"Article\",\"@id\":\"https:\/\/evertonfc.cz\/index.php\/2019\/06\/04\/kapitan-jagielka-skonci-v-evertonu\/#article\",\"isPartOf\":{\"@id\":\"https:\/\/evertonfc.cz\/index.php\/2019\/06\/04\/kapitan-jagielka-skonci-v-evertonu\/\"},\"author\":{\"name\":\"Ri\u010di\",\"@id\":\"https:\/\/evertonfc.cz\/#\/schema\/person\/f7a5daedb2ffee98480bc70e191aaef1\"},\"headline\":\"Kapit\u00e1n Jagielka skon\u010d\u00ed v Evertonu\",\"datePublished\":\"2019-06-04T21:03:19+00:00\",\"dateModified\":\"2020-05-14T10:30:47+00:00\",\"mainEntityOfPage\":{\"@id\":\"https:\/\/evertonfc.cz\/index.php\/2019\/06\/04\/kapitan-jagielka-skonci-v-evertonu\/\"},\"wordCount\":629,\"commentCount\":0,\"publisher\":{\"@id\":\"https:\/\/evertonfc.cz\/#organization\"},\"image\":{\"@id\":\"https:\/\/evertonfc.cz\/index.php\/2019\/06\/04\/kapitan-jagielka-skonci-v-evertonu\/#primaryimage\"},\"thumbnailUrl\":\"https:\/\/evertonfc.cz\/wp-content\/uploads\/2019\/06\/jagielka_04_06_2019.jpg\",\"articleSection\":[\"Aktuality\"],\"inLanguage\":\"cs\",\"potentialAction\":[{\"@type\":\"CommentAction\",\"name\":\"Comment\",\"target\":[\"https:\/\/evertonfc.cz\/index.php\/2019\/06\/04\/kapitan-jagielka-skonci-v-evertonu\/#respond\"]}]},{\"@type\":\"WebPage\",\"@id\":\"https:\/\/evertonfc.cz\/index.php\/2019\/06\/04\/kapitan-jagielka-skonci-v-evertonu\/\",\"url\":\"https:\/\/evertonfc.cz\/index.php\/2019\/06\/04\/kapitan-jagielka-skonci-v-evertonu\/\",\"name\":\"Kapit\u00e1n Jagielka skon\u010d\u00ed v Evertonu - Official Czech &amp; Slovak Everton Supporters&#039; Club\",\"isPartOf\":{\"@id\":\"https:\/\/evertonfc.cz\/#website\"},\"primaryImageOfPage\":{\"@id\":\"https:\/\/evertonfc.cz\/index.php\/2019\/06\/04\/kapitan-jagielka-skonci-v-evertonu\/#primaryimage\"},\"image\":{\"@id\":\"https:\/\/evertonfc.cz\/index.php\/2019\/06\/04\/kapitan-jagielka-skonci-v-evertonu\/#primaryimage\"},\"thumbnailUrl\":\"https:\/\/evertonfc.cz\/wp-content\/uploads\/2019\/06\/jagielka_04_06_2019.jpg\",\"datePublished\":\"2019-06-04T21:03:19+00:00\",\"dateModified\":\"2020-05-14T10:30:47+00:00\",\"breadcrumb\":{\"@id\":\"https:\/\/evertonfc.cz\/index.php\/2019\/06\/04\/kapitan-jagielka-skonci-v-evertonu\/#breadcrumb\"},\"inLanguage\":\"cs\",\"potentialAction\":[{\"@type\":\"ReadAction\",\"target\":[\"https:\/\/evertonfc.cz\/index.php\/2019\/06\/04\/kapitan-jagielka-skonci-v-evertonu\/\"]}]},{\"@type\":\"ImageObject\",\"inLanguage\":\"cs\",\"@id\":\"https:\/\/evertonfc.cz\/index.php\/2019\/06\/04\/kapitan-jagielka-skonci-v-evertonu\/#primaryimage\",\"url\":\"https:\/\/evertonfc.cz\/wp-content\/uploads\/2019\/06\/jagielka_04_06_2019.jpg\",\"contentUrl\":\"https:\/\/evertonfc.cz\/wp-content\/uploads\/2019\/06\/jagielka_04_06_2019.jpg\",\"width\":720,\"height\":405},{\"@type\":\"BreadcrumbList\",\"@id\":\"https:\/\/evertonfc.cz\/index.php\/2019\/06\/04\/kapitan-jagielka-skonci-v-evertonu\/#breadcrumb\",\"itemListElement\":[{\"@type\":\"ListItem\",\"position\":1,\"name\":\"Home\",\"item\":\"https:\/\/evertonfc.cz\/\"},{\"@type\":\"ListItem\",\"position\":2,\"name\":\"Kapit\u00e1n Jagielka skon\u010d\u00ed v Evertonu\"}]},{\"@type\":\"WebSite\",\"@id\":\"https:\/\/evertonfc.cz\/#website\",\"url\":\"https:\/\/evertonfc.cz\/\",\"name\":\"Official Czech &amp; Slovak Everton Supporters&#039; Club\",\"description\":\"\",\"publisher\":{\"@id\":\"https:\/\/evertonfc.cz\/#organization\"},\"potentialAction\":[{\"@type\":\"SearchAction\",\"target\":{\"@type\":\"EntryPoint\",\"urlTemplate\":\"https:\/\/evertonfc.cz\/?s={search_term_string}\"},\"query-input\":{\"@type\":\"PropertyValueSpecification\",\"valueRequired\":true,\"valueName\":\"search_term_string\"}}],\"inLanguage\":\"cs\"},{\"@type\":\"Organization\",\"@id\":\"https:\/\/evertonfc.cz\/#organization\",\"name\":\"Official Czech & Slovak Everton Supporters' Club\",\"url\":\"https:\/\/evertonfc.cz\/\",\"logo\":{\"@type\":\"ImageObject\",\"inLanguage\":\"cs\",\"@id\":\"https:\/\/evertonfc.cz\/#\/schema\/logo\/image\/\",\"url\":\"https:\/\/evertonfc.cz\/wp-content\/uploads\/2019\/05\/logo.png\",\"contentUrl\":\"https:\/\/evertonfc.cz\/wp-content\/uploads\/2019\/05\/logo.png\",\"width\":112,\"height\":112,\"caption\":\"Official Czech & Slovak Everton Supporters' Club\"},\"image\":{\"@id\":\"https:\/\/evertonfc.cz\/#\/schema\/logo\/image\/\"},\"sameAs\":[\"https:\/\/www.facebook.com\/everton.fans.cz.sk\"]},{\"@type\":\"Person\",\"@id\":\"https:\/\/evertonfc.cz\/#\/schema\/person\/f7a5daedb2ffee98480bc70e191aaef1\",\"name\":\"Ri\u010di\",\"sameAs\":[\"https:\/\/x.com\/rbrejsa\"],\"url\":\"https:\/\/evertonfc.cz\/index.php\/author\/rici\/\"}]}<\/script>\n<!-- \/ Yoast SEO plugin. -->","yoast_head_json":{"title":"Kapit\u00e1n Jagielka skon\u010d\u00ed v Evertonu - Official Czech &amp; Slovak Everton Supporters&#039; Club","robots":{"index":"index","follow":"follow","max-snippet":"max-snippet:-1","max-image-preview":"max-image-preview:large","max-video-preview":"max-video-preview:-1"},"canonical":"https:\/\/evertonfc.cz\/index.php\/2019\/06\/04\/kapitan-jagielka-skonci-v-evertonu\/","og_locale":"cs_CZ","og_type":"article","og_title":"Kapit\u00e1n Jagielka skon\u010d\u00ed v Evertonu - Official Czech &amp; Slovak Everton Supporters&#039; Club","og_description":"Phil Jagielka se nedo\u010dkal od Evertonu nab\u00eddky nov\u00e9 smlouvy a po vypr\u0161en\u00ed t\u00e9 st\u00e1vaj\u00edc\u00ed na konci m\u011bs\u00edce opust\u00ed klub, v n\u011bm\u017e str\u00e1vil 12 let.","og_url":"https:\/\/evertonfc.cz\/index.php\/2019\/06\/04\/kapitan-jagielka-skonci-v-evertonu\/","og_site_name":"Official Czech &amp; Slovak Everton Supporters&#039; Club","article_publisher":"https:\/\/www.facebook.com\/everton.fans.cz.sk","article_published_time":"2019-06-04T21:03:19+00:00","article_modified_time":"2020-05-14T10:30:47+00:00","og_image":[{"width":720,"height":405,"url":"https:\/\/evertonfc.cz\/wp-content\/uploads\/2019\/06\/jagielka_04_06_2019.jpg","type":"image\/jpeg"}],"author":"Ri\u010di","twitter_card":"summary_large_image","twitter_creator":"@rbrejsa","twitter_misc":{"Napsal(a)":"Ri\u010di","Odhadovan\u00e1 doba \u010dten\u00ed":"3 minuty"},"schema":{"@context":"https:\/\/schema.org","@graph":[{"@type":"Article","@id":"https:\/\/evertonfc.cz\/index.php\/2019\/06\/04\/kapitan-jagielka-skonci-v-evertonu\/#article","isPartOf":{"@id":"https:\/\/evertonfc.cz\/index.php\/2019\/06\/04\/kapitan-jagielka-skonci-v-evertonu\/"},"author":{"name":"Ri\u010di","@id":"https:\/\/evertonfc.cz\/#\/schema\/person\/f7a5daedb2ffee98480bc70e191aaef1"},"headline":"Kapit\u00e1n Jagielka skon\u010d\u00ed v Evertonu","datePublished":"2019-06-04T21:03:19+00:00","dateModified":"2020-05-14T10:30:47+00:00","mainEntityOfPage":{"@id":"https:\/\/evertonfc.cz\/index.php\/2019\/06\/04\/kapitan-jagielka-skonci-v-evertonu\/"},"wordCount":629,"commentCount":0,"publisher":{"@id":"https:\/\/evertonfc.cz\/#organization"},"image":{"@id":"https:\/\/evertonfc.cz\/index.php\/2019\/06\/04\/kapitan-jagielka-skonci-v-evertonu\/#primaryimage"},"thumbnailUrl":"https:\/\/evertonfc.cz\/wp-content\/uploads\/2019\/06\/jagielka_04_06_2019.jpg","articleSection":["Aktuality"],"inLanguage":"cs","potentialAction":[{"@type":"CommentAction","name":"Comment","target":["https:\/\/evertonfc.cz\/index.php\/2019\/06\/04\/kapitan-jagielka-skonci-v-evertonu\/#respond"]}]},{"@type":"WebPage","@id":"https:\/\/evertonfc.cz\/index.php\/2019\/06\/04\/kapitan-jagielka-skonci-v-evertonu\/","url":"https:\/\/evertonfc.cz\/index.php\/2019\/06\/04\/kapitan-jagielka-skonci-v-evertonu\/","name":"Kapit\u00e1n Jagielka skon\u010d\u00ed v Evertonu - Official Czech &amp; Slovak Everton Supporters&#039; Club","isPartOf":{"@id":"https:\/\/evertonfc.cz\/#website"},"primaryImageOfPage":{"@id":"https:\/\/evertonfc.cz\/index.php\/2019\/06\/04\/kapitan-jagielka-skonci-v-evertonu\/#primaryimage"},"image":{"@id":"https:\/\/evertonfc.cz\/index.php\/2019\/06\/04\/kapitan-jagielka-skonci-v-evertonu\/#primaryimage"},"thumbnailUrl":"https:\/\/evertonfc.cz\/wp-content\/uploads\/2019\/06\/jagielka_04_06_2019.jpg","datePublished":"2019-06-04T21:03:19+00:00","dateModified":"2020-05-14T10:30:47+00:00","breadcrumb":{"@id":"https:\/\/evertonfc.cz\/index.php\/2019\/06\/04\/kapitan-jagielka-skonci-v-evertonu\/#breadcrumb"},"inLanguage":"cs","potentialAction":[{"@type":"ReadAction","target":["https:\/\/evertonfc.cz\/index.php\/2019\/06\/04\/kapitan-jagielka-skonci-v-evertonu\/"]}]},{"@type":"ImageObject","inLanguage":"cs","@id":"https:\/\/evertonfc.cz\/index.php\/2019\/06\/04\/kapitan-jagielka-skonci-v-evertonu\/#primaryimage","url":"https:\/\/evertonfc.cz\/wp-content\/uploads\/2019\/06\/jagielka_04_06_2019.jpg","contentUrl":"https:\/\/evertonfc.cz\/wp-content\/uploads\/2019\/06\/jagielka_04_06_2019.jpg","width":720,"height":405},{"@type":"BreadcrumbList","@id":"https:\/\/evertonfc.cz\/index.php\/2019\/06\/04\/kapitan-jagielka-skonci-v-evertonu\/#breadcrumb","itemListElement":[{"@type":"ListItem","position":1,"name":"Home","item":"https:\/\/evertonfc.cz\/"},{"@type":"ListItem","position":2,"name":"Kapit\u00e1n Jagielka skon\u010d\u00ed v Evertonu"}]},{"@type":"WebSite","@id":"https:\/\/evertonfc.cz\/#website","url":"https:\/\/evertonfc.cz\/","name":"Official Czech &amp; Slovak Everton Supporters&#039; Club","description":"","publisher":{"@id":"https:\/\/evertonfc.cz\/#organization"},"potentialAction":[{"@type":"SearchAction","target":{"@type":"EntryPoint","urlTemplate":"https:\/\/evertonfc.cz\/?s={search_term_string}"},"query-input":{"@type":"PropertyValueSpecification","valueRequired":true,"valueName":"search_term_string"}}],"inLanguage":"cs"},{"@type":"Organization","@id":"https:\/\/evertonfc.cz\/#organization","name":"Official Czech & Slovak Everton Supporters' Club","url":"https:\/\/evertonfc.cz\/","logo":{"@type":"ImageObject","inLanguage":"cs","@id":"https:\/\/evertonfc.cz\/#\/schema\/logo\/image\/","url":"https:\/\/evertonfc.cz\/wp-content\/uploads\/2019\/05\/logo.png","contentUrl":"https:\/\/evertonfc.cz\/wp-content\/uploads\/2019\/05\/logo.png","width":112,"height":112,"caption":"Official Czech & Slovak Everton Supporters' Club"},"image":{"@id":"https:\/\/evertonfc.cz\/#\/schema\/logo\/image\/"},"sameAs":["https:\/\/www.facebook.com\/everton.fans.cz.sk"]},{"@type":"Person","@id":"https:\/\/evertonfc.cz\/#\/schema\/person\/f7a5daedb2ffee98480bc70e191aaef1","name":"Ri\u010di","sameAs":["https:\/\/x.com\/rbrejsa"],"url":"https:\/\/evertonfc.cz\/index.php\/author\/rici\/"}]}},"_links":{"self":[{"href":"https:\/\/evertonfc.cz\/index.php\/wp-json\/wp\/v2\/posts\/7954"}],"collection":[{"href":"https:\/\/evertonfc.cz\/index.php\/wp-json\/wp\/v2\/posts"}],"about":[{"href":"https:\/\/evertonfc.cz\/index.php\/wp-json\/wp\/v2\/types\/post"}],"author":[{"embeddable":true,"href":"https:\/\/evertonfc.cz\/index.php\/wp-json\/wp\/v2\/users\/6"}],"replies":[{"embeddable":true,"href":"https:\/\/evertonfc.cz\/index.php\/wp-json\/wp\/v2\/comments?post=7954"}],"version-history":[{"count":14,"href":"https:\/\/evertonfc.cz\/index.php\/wp-json\/wp\/v2\/posts\/7954\/revisions"}],"predecessor-version":[{"id":7970,"href":"https:\/\/evertonfc.cz\/index.php\/wp-json\/wp\/v2\/posts\/7954\/revisions\/7970"}],"wp:featuredmedia":[{"embeddable":true,"href":"https:\/\/evertonfc.cz\/index.php\/wp-json\/wp\/v2\/media\/7927"}],"wp:attachment":[{"href":"https:\/\/evertonfc.cz\/index.php\/wp-json\/wp\/v2\/media?parent=7954"}],"wp:term":[{"taxonomy":"category","embeddable":true,"href":"https:\/\/evertonfc.cz\/index.php\/wp-json\/wp\/v2\/categories?post=7954"},{"taxonomy":"post_tag","embeddable":true,"href":"https:\/\/evertonfc.cz\/index.php\/wp-json\/wp\/v2\/tags?post=7954"}],"curies":[{"name":"wp","href":"https:\/\/api.w.org\/{rel}","templated":true}]}}