{"id":8003,"date":"2019-06-07T15:10:35","date_gmt":"2019-06-07T13:10:35","guid":{"rendered":"https:\/\/evertonfc.cz\/?p=8003"},"modified":"2020-03-25T20:04:41","modified_gmt":"2020-03-25T19:04:41","slug":"zoznam-prepustenych-hracov","status":"publish","type":"post","link":"https:\/\/evertonfc.cz\/index.php\/2019\/06\/07\/zoznam-prepustenych-hracov\/","title":{"rendered":"Zoznam prepusten\u00fdch hr\u00e1\u010dov"},"content":{"rendered":"<h4 style=\"background: white;\"><span lang=\"SK\">Everton dnes ozn\u00e1mil menoslov hr\u00e1\u010dov, ktor\u00fdm nepon\u00fakol pred\u013a\u017eenie kontraktov. V\u00a0klube tak o\u010dak\u00e1vane kon\u010d\u00ed Phil Jagielka a\u00a0Ashley Williams.<\/span><\/h4>\n<p>O\u00a0Jagsovi sme v\u00e1s u\u017e informovali, tak\u017ee ak v\u00e1m nie\u010do u\u0161lo, dobehnete to tu:<\/p>\n<ul>\n<li><a href=\"https:\/\/evertonfc.cz\/index.php\/soupiska\/phil-jagielka\/\" target=\"_blank\" rel=\"noopener noreferrer\"><strong>Profil<\/strong><\/a><\/li>\n<li><a href=\"https:\/\/evertonfc.cz\/index.php\/2019\/04\/15\/jagielka-v-neistej-situacii\/\" target=\"_blank\" rel=\"noopener noreferrer\"><strong>Nov\u00e1 zmluva v\u00a0nedoh\u013eadne<\/strong><\/a><\/li>\n<li><a href=\"https:\/\/evertonfc.cz\/index.php\/2019\/05\/04\/budoucnost-jagielky-stale-nejista\/\" target=\"_blank\" rel=\"noopener noreferrer\"><strong>Bud\u00facnos\u0165 bez Jagsa?<\/strong><\/a><\/li>\n<li><a href=\"https:\/\/evertonfc.cz\/index.php\/2019\/06\/04\/kapitan-jagielka-skonci-v-evertonu\/\" target=\"_blank\" rel=\"noopener noreferrer\"><strong>Jagielkov koniec v\u00a0Evertone<\/strong><\/a><\/li>\n<li><a href=\"https:\/\/evertonfc.cz\/index.php\/2019\/06\/06\/obrazem-jagielkova-kariera-v-evertonu\/\" target=\"_blank\" rel=\"noopener noreferrer\"><strong>Jeho kari\u00e9ra v obrazoch<\/strong><\/a><\/li>\n<\/ul>\n<p><a href=\"https:\/\/evertonfc.cz\/index.php\/soupiska\/leighton-baines\/\" target=\"_blank\" rel=\"noopener noreferrer\">Leightonovi Bainesovi<\/a> bolo pon\u00faknut\u00e9 ro\u010dn\u00e9 pred\u013a\u017eenie st\u00e1vaj\u00faceho kontraktu, ktor\u00e9 e\u0161te nepodp\u00edsal. V tejto sez\u00f3ne zasiahol len do \u00f4smich stretnut\u00ed aj <a href=\"https:\/\/evertonfc.cz\/index.php\/2018\/08\/01\/druhou-posilou-je-lucas-digne\/\" target=\"_blank\" rel=\"noopener noreferrer\">v\u010faka pr\u00edchodu<\/a> Franc\u00faza <a href=\"https:\/\/evertonfc.cz\/index.php\/soupiska\/lucas-digne\/\" target=\"_blank\" rel=\"noopener noreferrer\">Digneho<\/a>, ktor\u00fd ho efekt\u00edvne vytla\u010dil z postu prvej vo\u013eby na \u013eav\u00e9ho obrancu. Bainesy je moment\u00e1lne na rodinnej dovolenke v USA, kde by sa mal rozhodn\u00fa\u0165, s k\u00fdm spe\u010dat\u00ed svoju bud\u00facnos\u0165.<\/p>\n<p>Odch\u00e1dzaj\u00faci Williams, 34 ro\u010dn\u00fd walesk\u00fd reprezentant a\u00a0kapit\u00e1n, odohral za Toffees po\u010das svojho trojro\u010dn\u00e9ho p\u00f4sobenia 73 z\u00e1pasov a\u00a03x sk\u00f3roval. Posledn\u00fa sez\u00f3nu v\u0161ak str\u00e1vil na hos\u0165ovan\u00ed v\u00a0druholigovom Stoke City. V\u00a0drese Hrn\u010diarov si prip\u00edsal g\u00f3l a\u00a0asistenciu v\u00a033 dueloch.<\/p>\n<p>O\u00a0Williamsovi sa do\u010d\u00edtate viac tu:<\/p>\n<ul>\n<li><strong><a href=\"https:\/\/evertonfc.cz\/index.php\/2016\/08\/10\/everton-privedl-williamse\/\" target=\"_blank\" rel=\"noopener noreferrer\">Pr\u00edchod<\/a><\/strong><\/li>\n<li><a href=\"https:\/\/evertonfc.cz\/index.php\/2016\/09\/06\/profil-ashley-williams\/\" target=\"_blank\" rel=\"noopener noreferrer\"><strong>Profil<\/strong><\/a><\/li>\n<li><a href=\"https:\/\/evertonfc.cz\/index.php\/2018\/08\/02\/williams-hostuje-ve-stoke-city\/\" target=\"_blank\" rel=\"noopener noreferrer\"><strong>Hos\u0165ovanie v\u00a0Stoke City<\/strong><\/a><\/li>\n<\/ul>\n<p>T\u00edm do 23 rokov op\u00fa\u0161\u0165aj\u00fa Harry Charsley, Boris Mathis, Mateusz Hewelt, Shayne Lavery, Jack Kiersey, Danny Bramall, Joe Hilton a\u00a0Chris Renshaw. \u00dato\u010dn\u00edk Bassala Sambou dostal ponuku na nov\u00fa zluvu. V\u00a0pr\u00edpade brank\u00e1ra Hiltona ide o\u00a0prekvapenie. Do Evertonu pri\u0161iel z Manchesteru City v roku 2016 a usadil sa ako jednotka v U18 a aj U23.<\/p>\n<p>Tento 195cm dlh\u00e1\u0148 m\u00e1 st\u00e1le len 19 rokov a minul\u00fa sez\u00f3nu mu odmenou za dobr\u00e9 v\u00fdkony bola nov\u00e1 ro\u010dn\u00e1 zmluva. Av\u0161ak v tejto sez\u00f3ne sa po pr\u00edchode Joaoa Virginiu ocitol v poz\u00edcii n\u00e1hradn\u00edka a tak nasleduj\u00faceho pol roka zbieral sk\u00fasenosti v Northern Premier Division.<\/p>\n<p>Tamoj\u0161\u00ed merseysidesk\u00fd celok Marine F.C. si ho vyhliadol ako posilu v boji o udr\u017eanie sa. To sa bohu\u017eia\u013e nepodarilo. Hilton v\u0161ak mohol odch\u00e1dza\u0165 so vzt\u00fd\u010denou hlavou, ke\u010f oslnil svojimi v\u00fdkonmi v\u00a0osemn\u00e1stich z\u00e1pasoch. V\u00a0nich si udr\u017eal a\u017e \u0161es\u0165kr\u00e1t \u010dist\u00e9 konto.<\/p>\n<p style=\"text-align: right;\">(foto zdroj: facebook.com)<\/p>\n","protected":false},"excerpt":{"rendered":"<p>Everton dnes ozn\u00e1mil menoslov hr\u00e1\u010dov, ktor\u00fdm nepon\u00fakol pred\u013a\u017eenie kontraktov. V klube tak o\u010dak\u00e1vane kon\u010d\u00ed Phil Jagielka a Ashley Williams.<\/p>\n","protected":false},"author":1,"featured_media":8004,"comment_status":"open","ping_status":"closed","sticky":false,"template":"","format":"standard","meta":{"_eb_attr":"","_monsterinsights_skip_tracking":false,"_monsterinsights_sitenote_active":false,"_monsterinsights_sitenote_note":"","_monsterinsights_sitenote_category":0,"footnotes":""},"categories":[42],"tags":[],"yoast_head":"<!-- This site is optimized with the Yoast SEO plugin v23.4 - https:\/\/yoast.com\/wordpress\/plugins\/seo\/ -->\n<title>Zoznam prepusten\u00fdch hr\u00e1\u010dov - Official Czech &amp; Slovak Everton Supporters&#039; Club<\/title>\n<meta name=\"robots\" content=\"index, follow, max-snippet:-1, max-image-preview:large, max-video-preview:-1\" \/>\n<link rel=\"canonical\" href=\"https:\/\/evertonfc.cz\/index.php\/2019\/06\/07\/zoznam-prepustenych-hracov\/\" \/>\n<meta property=\"og:locale\" content=\"cs_CZ\" \/>\n<meta property=\"og:type\" content=\"article\" \/>\n<meta property=\"og:title\" content=\"Zoznam prepusten\u00fdch hr\u00e1\u010dov - Official Czech &amp; Slovak Everton Supporters&#039; Club\" \/>\n<meta property=\"og:description\" content=\"Everton dnes ozn\u00e1mil menoslov hr\u00e1\u010dov, ktor\u00fdm nepon\u00fakol pred\u013a\u017eenie kontraktov. V klube tak o\u010dak\u00e1vane kon\u010d\u00ed Phil Jagielka a Ashley Williams.\" \/>\n<meta property=\"og:url\" content=\"https:\/\/evertonfc.cz\/index.php\/2019\/06\/07\/zoznam-prepustenych-hracov\/\" \/>\n<meta property=\"og:site_name\" content=\"Official Czech &amp; Slovak Everton Supporters&#039; Club\" \/>\n<meta property=\"article:publisher\" content=\"https:\/\/www.facebook.com\/everton.fans.cz.sk\" \/>\n<meta property=\"article:published_time\" content=\"2019-06-07T13:10:35+00:00\" \/>\n<meta property=\"article:modified_time\" content=\"2020-03-25T19:04:41+00:00\" \/>\n<meta property=\"og:image\" content=\"https:\/\/evertonfc.cz\/wp-content\/uploads\/2019\/06\/williams-7-6-2019.jpg\" \/>\n\t<meta property=\"og:image:width\" content=\"720\" \/>\n\t<meta property=\"og:image:height\" content=\"405\" \/>\n\t<meta property=\"og:image:type\" content=\"image\/jpeg\" \/>\n<meta name=\"author\" content=\"BlueBlooded\" \/>\n<meta name=\"twitter:card\" content=\"summary_large_image\" \/>\n<meta name=\"twitter:label1\" content=\"Napsal(a)\" \/>\n\t<meta name=\"twitter:data1\" content=\"BlueBlooded\" \/>\n\t<meta name=\"twitter:label2\" content=\"Odhadovan\u00e1 doba \u010dten\u00ed\" \/>\n\t<meta name=\"twitter:data2\" content=\"2 minuty\" \/>\n<script type=\"application\/ld+json\" class=\"yoast-schema-graph\">{\"@context\":\"https:\/\/schema.org\",\"@graph\":[{\"@type\":\"Article\",\"@id\":\"https:\/\/evertonfc.cz\/index.php\/2019\/06\/07\/zoznam-prepustenych-hracov\/#article\",\"isPartOf\":{\"@id\":\"https:\/\/evertonfc.cz\/index.php\/2019\/06\/07\/zoznam-prepustenych-hracov\/\"},\"author\":{\"name\":\"BlueBlooded\",\"@id\":\"https:\/\/evertonfc.cz\/#\/schema\/person\/d4493b8cbea51532597fbc4685698916\"},\"headline\":\"Zoznam prepusten\u00fdch hr\u00e1\u010dov\",\"datePublished\":\"2019-06-07T13:10:35+00:00\",\"dateModified\":\"2020-03-25T19:04:41+00:00\",\"mainEntityOfPage\":{\"@id\":\"https:\/\/evertonfc.cz\/index.php\/2019\/06\/07\/zoznam-prepustenych-hracov\/\"},\"wordCount\":384,\"commentCount\":0,\"publisher\":{\"@id\":\"https:\/\/evertonfc.cz\/#organization\"},\"image\":{\"@id\":\"https:\/\/evertonfc.cz\/index.php\/2019\/06\/07\/zoznam-prepustenych-hracov\/#primaryimage\"},\"thumbnailUrl\":\"https:\/\/evertonfc.cz\/wp-content\/uploads\/2019\/06\/williams-7-6-2019.jpg\",\"articleSection\":[\"Aktuality\"],\"inLanguage\":\"cs\",\"potentialAction\":[{\"@type\":\"CommentAction\",\"name\":\"Comment\",\"target\":[\"https:\/\/evertonfc.cz\/index.php\/2019\/06\/07\/zoznam-prepustenych-hracov\/#respond\"]}]},{\"@type\":\"WebPage\",\"@id\":\"https:\/\/evertonfc.cz\/index.php\/2019\/06\/07\/zoznam-prepustenych-hracov\/\",\"url\":\"https:\/\/evertonfc.cz\/index.php\/2019\/06\/07\/zoznam-prepustenych-hracov\/\",\"name\":\"Zoznam prepusten\u00fdch hr\u00e1\u010dov - Official Czech &amp; Slovak Everton Supporters&#039; Club\",\"isPartOf\":{\"@id\":\"https:\/\/evertonfc.cz\/#website\"},\"primaryImageOfPage\":{\"@id\":\"https:\/\/evertonfc.cz\/index.php\/2019\/06\/07\/zoznam-prepustenych-hracov\/#primaryimage\"},\"image\":{\"@id\":\"https:\/\/evertonfc.cz\/index.php\/2019\/06\/07\/zoznam-prepustenych-hracov\/#primaryimage\"},\"thumbnailUrl\":\"https:\/\/evertonfc.cz\/wp-content\/uploads\/2019\/06\/williams-7-6-2019.jpg\",\"datePublished\":\"2019-06-07T13:10:35+00:00\",\"dateModified\":\"2020-03-25T19:04:41+00:00\",\"breadcrumb\":{\"@id\":\"https:\/\/evertonfc.cz\/index.php\/2019\/06\/07\/zoznam-prepustenych-hracov\/#breadcrumb\"},\"inLanguage\":\"cs\",\"potentialAction\":[{\"@type\":\"ReadAction\",\"target\":[\"https:\/\/evertonfc.cz\/index.php\/2019\/06\/07\/zoznam-prepustenych-hracov\/\"]}]},{\"@type\":\"ImageObject\",\"inLanguage\":\"cs\",\"@id\":\"https:\/\/evertonfc.cz\/index.php\/2019\/06\/07\/zoznam-prepustenych-hracov\/#primaryimage\",\"url\":\"https:\/\/evertonfc.cz\/wp-content\/uploads\/2019\/06\/williams-7-6-2019.jpg\",\"contentUrl\":\"https:\/\/evertonfc.cz\/wp-content\/uploads\/2019\/06\/williams-7-6-2019.jpg\",\"width\":720,\"height\":405},{\"@type\":\"BreadcrumbList\",\"@id\":\"https:\/\/evertonfc.cz\/index.php\/2019\/06\/07\/zoznam-prepustenych-hracov\/#breadcrumb\",\"itemListElement\":[{\"@type\":\"ListItem\",\"position\":1,\"name\":\"Home\",\"item\":\"https:\/\/evertonfc.cz\/\"},{\"@type\":\"ListItem\",\"position\":2,\"name\":\"Zoznam prepusten\u00fdch hr\u00e1\u010dov\"}]},{\"@type\":\"WebSite\",\"@id\":\"https:\/\/evertonfc.cz\/#website\",\"url\":\"https:\/\/evertonfc.cz\/\",\"name\":\"Official Czech &amp; Slovak Everton Supporters&#039; Club\",\"description\":\"\",\"publisher\":{\"@id\":\"https:\/\/evertonfc.cz\/#organization\"},\"potentialAction\":[{\"@type\":\"SearchAction\",\"target\":{\"@type\":\"EntryPoint\",\"urlTemplate\":\"https:\/\/evertonfc.cz\/?s={search_term_string}\"},\"query-input\":{\"@type\":\"PropertyValueSpecification\",\"valueRequired\":true,\"valueName\":\"search_term_string\"}}],\"inLanguage\":\"cs\"},{\"@type\":\"Organization\",\"@id\":\"https:\/\/evertonfc.cz\/#organization\",\"name\":\"Official Czech & Slovak Everton Supporters' Club\",\"url\":\"https:\/\/evertonfc.cz\/\",\"logo\":{\"@type\":\"ImageObject\",\"inLanguage\":\"cs\",\"@id\":\"https:\/\/evertonfc.cz\/#\/schema\/logo\/image\/\",\"url\":\"https:\/\/evertonfc.cz\/wp-content\/uploads\/2019\/05\/logo.png\",\"contentUrl\":\"https:\/\/evertonfc.cz\/wp-content\/uploads\/2019\/05\/logo.png\",\"width\":112,\"height\":112,\"caption\":\"Official Czech & Slovak Everton Supporters' Club\"},\"image\":{\"@id\":\"https:\/\/evertonfc.cz\/#\/schema\/logo\/image\/\"},\"sameAs\":[\"https:\/\/www.facebook.com\/everton.fans.cz.sk\"]},{\"@type\":\"Person\",\"@id\":\"https:\/\/evertonfc.cz\/#\/schema\/person\/d4493b8cbea51532597fbc4685698916\",\"name\":\"BlueBlooded\",\"url\":\"https:\/\/evertonfc.cz\/index.php\/author\/admin\/\"}]}<\/script>\n<!-- \/ Yoast SEO plugin. -->","yoast_head_json":{"title":"Zoznam prepusten\u00fdch hr\u00e1\u010dov - Official Czech &amp; Slovak Everton Supporters&#039; Club","robots":{"index":"index","follow":"follow","max-snippet":"max-snippet:-1","max-image-preview":"max-image-preview:large","max-video-preview":"max-video-preview:-1"},"canonical":"https:\/\/evertonfc.cz\/index.php\/2019\/06\/07\/zoznam-prepustenych-hracov\/","og_locale":"cs_CZ","og_type":"article","og_title":"Zoznam prepusten\u00fdch hr\u00e1\u010dov - Official Czech &amp; Slovak Everton Supporters&#039; Club","og_description":"Everton dnes ozn\u00e1mil menoslov hr\u00e1\u010dov, ktor\u00fdm nepon\u00fakol pred\u013a\u017eenie kontraktov. V klube tak o\u010dak\u00e1vane kon\u010d\u00ed Phil Jagielka a Ashley Williams.","og_url":"https:\/\/evertonfc.cz\/index.php\/2019\/06\/07\/zoznam-prepustenych-hracov\/","og_site_name":"Official Czech &amp; Slovak Everton Supporters&#039; Club","article_publisher":"https:\/\/www.facebook.com\/everton.fans.cz.sk","article_published_time":"2019-06-07T13:10:35+00:00","article_modified_time":"2020-03-25T19:04:41+00:00","og_image":[{"width":720,"height":405,"url":"https:\/\/evertonfc.cz\/wp-content\/uploads\/2019\/06\/williams-7-6-2019.jpg","type":"image\/jpeg"}],"author":"BlueBlooded","twitter_card":"summary_large_image","twitter_misc":{"Napsal(a)":"BlueBlooded","Odhadovan\u00e1 doba \u010dten\u00ed":"2 minuty"},"schema":{"@context":"https:\/\/schema.org","@graph":[{"@type":"Article","@id":"https:\/\/evertonfc.cz\/index.php\/2019\/06\/07\/zoznam-prepustenych-hracov\/#article","isPartOf":{"@id":"https:\/\/evertonfc.cz\/index.php\/2019\/06\/07\/zoznam-prepustenych-hracov\/"},"author":{"name":"BlueBlooded","@id":"https:\/\/evertonfc.cz\/#\/schema\/person\/d4493b8cbea51532597fbc4685698916"},"headline":"Zoznam prepusten\u00fdch hr\u00e1\u010dov","datePublished":"2019-06-07T13:10:35+00:00","dateModified":"2020-03-25T19:04:41+00:00","mainEntityOfPage":{"@id":"https:\/\/evertonfc.cz\/index.php\/2019\/06\/07\/zoznam-prepustenych-hracov\/"},"wordCount":384,"commentCount":0,"publisher":{"@id":"https:\/\/evertonfc.cz\/#organization"},"image":{"@id":"https:\/\/evertonfc.cz\/index.php\/2019\/06\/07\/zoznam-prepustenych-hracov\/#primaryimage"},"thumbnailUrl":"https:\/\/evertonfc.cz\/wp-content\/uploads\/2019\/06\/williams-7-6-2019.jpg","articleSection":["Aktuality"],"inLanguage":"cs","potentialAction":[{"@type":"CommentAction","name":"Comment","target":["https:\/\/evertonfc.cz\/index.php\/2019\/06\/07\/zoznam-prepustenych-hracov\/#respond"]}]},{"@type":"WebPage","@id":"https:\/\/evertonfc.cz\/index.php\/2019\/06\/07\/zoznam-prepustenych-hracov\/","url":"https:\/\/evertonfc.cz\/index.php\/2019\/06\/07\/zoznam-prepustenych-hracov\/","name":"Zoznam prepusten\u00fdch hr\u00e1\u010dov - Official Czech &amp; Slovak Everton Supporters&#039; Club","isPartOf":{"@id":"https:\/\/evertonfc.cz\/#website"},"primaryImageOfPage":{"@id":"https:\/\/evertonfc.cz\/index.php\/2019\/06\/07\/zoznam-prepustenych-hracov\/#primaryimage"},"image":{"@id":"https:\/\/evertonfc.cz\/index.php\/2019\/06\/07\/zoznam-prepustenych-hracov\/#primaryimage"},"thumbnailUrl":"https:\/\/evertonfc.cz\/wp-content\/uploads\/2019\/06\/williams-7-6-2019.jpg","datePublished":"2019-06-07T13:10:35+00:00","dateModified":"2020-03-25T19:04:41+00:00","breadcrumb":{"@id":"https:\/\/evertonfc.cz\/index.php\/2019\/06\/07\/zoznam-prepustenych-hracov\/#breadcrumb"},"inLanguage":"cs","potentialAction":[{"@type":"ReadAction","target":["https:\/\/evertonfc.cz\/index.php\/2019\/06\/07\/zoznam-prepustenych-hracov\/"]}]},{"@type":"ImageObject","inLanguage":"cs","@id":"https:\/\/evertonfc.cz\/index.php\/2019\/06\/07\/zoznam-prepustenych-hracov\/#primaryimage","url":"https:\/\/evertonfc.cz\/wp-content\/uploads\/2019\/06\/williams-7-6-2019.jpg","contentUrl":"https:\/\/evertonfc.cz\/wp-content\/uploads\/2019\/06\/williams-7-6-2019.jpg","width":720,"height":405},{"@type":"BreadcrumbList","@id":"https:\/\/evertonfc.cz\/index.php\/2019\/06\/07\/zoznam-prepustenych-hracov\/#breadcrumb","itemListElement":[{"@type":"ListItem","position":1,"name":"Home","item":"https:\/\/evertonfc.cz\/"},{"@type":"ListItem","position":2,"name":"Zoznam prepusten\u00fdch hr\u00e1\u010dov"}]},{"@type":"WebSite","@id":"https:\/\/evertonfc.cz\/#website","url":"https:\/\/evertonfc.cz\/","name":"Official Czech &amp; Slovak Everton Supporters&#039; Club","description":"","publisher":{"@id":"https:\/\/evertonfc.cz\/#organization"},"potentialAction":[{"@type":"SearchAction","target":{"@type":"EntryPoint","urlTemplate":"https:\/\/evertonfc.cz\/?s={search_term_string}"},"query-input":{"@type":"PropertyValueSpecification","valueRequired":true,"valueName":"search_term_string"}}],"inLanguage":"cs"},{"@type":"Organization","@id":"https:\/\/evertonfc.cz\/#organization","name":"Official Czech & Slovak Everton Supporters' Club","url":"https:\/\/evertonfc.cz\/","logo":{"@type":"ImageObject","inLanguage":"cs","@id":"https:\/\/evertonfc.cz\/#\/schema\/logo\/image\/","url":"https:\/\/evertonfc.cz\/wp-content\/uploads\/2019\/05\/logo.png","contentUrl":"https:\/\/evertonfc.cz\/wp-content\/uploads\/2019\/05\/logo.png","width":112,"height":112,"caption":"Official Czech & Slovak Everton Supporters' Club"},"image":{"@id":"https:\/\/evertonfc.cz\/#\/schema\/logo\/image\/"},"sameAs":["https:\/\/www.facebook.com\/everton.fans.cz.sk"]},{"@type":"Person","@id":"https:\/\/evertonfc.cz\/#\/schema\/person\/d4493b8cbea51532597fbc4685698916","name":"BlueBlooded","url":"https:\/\/evertonfc.cz\/index.php\/author\/admin\/"}]}},"_links":{"self":[{"href":"https:\/\/evertonfc.cz\/index.php\/wp-json\/wp\/v2\/posts\/8003"}],"collection":[{"href":"https:\/\/evertonfc.cz\/index.php\/wp-json\/wp\/v2\/posts"}],"about":[{"href":"https:\/\/evertonfc.cz\/index.php\/wp-json\/wp\/v2\/types\/post"}],"author":[{"embeddable":true,"href":"https:\/\/evertonfc.cz\/index.php\/wp-json\/wp\/v2\/users\/1"}],"replies":[{"embeddable":true,"href":"https:\/\/evertonfc.cz\/index.php\/wp-json\/wp\/v2\/comments?post=8003"}],"version-history":[{"count":4,"href":"https:\/\/evertonfc.cz\/index.php\/wp-json\/wp\/v2\/posts\/8003\/revisions"}],"predecessor-version":[{"id":10602,"href":"https:\/\/evertonfc.cz\/index.php\/wp-json\/wp\/v2\/posts\/8003\/revisions\/10602"}],"wp:featuredmedia":[{"embeddable":true,"href":"https:\/\/evertonfc.cz\/index.php\/wp-json\/wp\/v2\/media\/8004"}],"wp:attachment":[{"href":"https:\/\/evertonfc.cz\/index.php\/wp-json\/wp\/v2\/media?parent=8003"}],"wp:term":[{"taxonomy":"category","embeddable":true,"href":"https:\/\/evertonfc.cz\/index.php\/wp-json\/wp\/v2\/categories?post=8003"},{"taxonomy":"post_tag","embeddable":true,"href":"https:\/\/evertonfc.cz\/index.php\/wp-json\/wp\/v2\/tags?post=8003"}],"curies":[{"name":"wp","href":"https:\/\/api.w.org\/{rel}","templated":true}]}}