{"id":8010,"date":"2019-06-08T16:51:27","date_gmt":"2019-06-08T14:51:27","guid":{"rendered":"https:\/\/evertonfc.cz\/?p=8010"},"modified":"2020-03-25T20:02:29","modified_gmt":"2020-03-25T19:02:29","slug":"boa-morte-novym-asistentom","status":"publish","type":"post","link":"https:\/\/evertonfc.cz\/index.php\/2019\/06\/08\/boa-morte-novym-asistentom\/","title":{"rendered":"Boa Morte nov\u00fdm asistentom"},"content":{"rendered":"<h4>Marco Silva si za svoju nov\u00fa prav\u00fa ruku vybral op\u00e4\u0165 Portugal\u010dana. Je n\u00edm 41 ro\u010dn\u00fd Luis Boa Morte, ktor\u00fd v\u00a0Anglicku za svoju kari\u00e9ru odohral takmer 350 z\u00e1pasov.<\/h4>\n<p>Lov na nov\u00e9ho asistenta sa za\u010dal prakticky ihne\u010f ako bolo jasn\u00e9, \u017ee Jo\u00e3o Pedro Sousa pr\u00edjme rolu mana\u017e\u00e9ra FC Famalic\u00e3o, od bud\u00facej sez\u00f3ny nov\u00e1\u010dika Primeira Ligy. Ten s\u00a0n\u00edm str\u00e1vil prakticky cel\u00fa kari\u00e9ru a\u00a0niet sa \u010do \u010dudova\u0165, \u017ee Marco stavia op\u00e4\u0165 na zn\u00e1mu tv\u00e1r.<\/p>\n<blockquote><p><em>\u201eSom ve\u013emi \u0161\u0165astn\u00fd, \u017ee prich\u00e1dzam do Evertonu, do ve\u013ek\u00e9ho klubu s\u00a0to\u013ekou hist\u00f3riou a\u00a0trad\u00edciou. Marco Silva je skvel\u00fd tr\u00e9ner, preto som nad\u0161en\u00fd, \u017ee s\u00a0n\u00edm m\u00f4\u017eem op\u00e4\u0165 pracova\u0165.\u201c<\/em><\/p><\/blockquote>\n<p>S\u00a0Boa Mortem sa poznaj\u00fa od Silvovho druh\u00e9ho anga\u017em\u00e1nu v\u00a0Sportingu Lisabon. V\u00a0sez\u00f3ne 2014\/2015. K\u00fdm v\u0161ak ten n\u00e1\u0161 rod\u00e1k z Lisabonu tr\u00e9noval v\u00fdber A\u00a0t\u00edmu, jeho rovesn\u00edk viedol v\u00fdber do 19 rokov. Vysk\u00fa\u0161al si aj mana\u017eovanie tre\u0165oligov\u00e9ho Sintrense a\u00a0nesk\u00f4r U23 Portimonense SC, \u010do je celok z\u00a0Primeira Ligy.<\/p>\n<blockquote><p><em>\u201eR\u00e1d by som mu po\u010fakoval za poskytnutie takejto ve\u013ekej pr\u00edle\u017eitosti. U\u017e sa te\u0161\u00edm, ako sa bud\u00faci mesiac zozn\u00e1mim so v\u0161etk\u00fdmi hr\u00e1\u010dmi a\u00a0person\u00e1lom v\u00a0klube a za\u010dneme pr\u00edpravy na sez\u00f3nu Premier League 2019\/20.\u201c<\/em><\/p><\/blockquote>\n<p>Luis prich\u00e1dza do Evertonu z Maccabi Haifa, izraelsk\u00e9ho celku, kde p\u00f4sobil po boku Marca Balbula od janu\u00e1ra tohto roka. Spolo\u010dne sa im podarilo z\u00edska\u0165 v\u00a0tejto sez\u00f3ne sol\u00eddne druh\u00e9 miesto v\u00a0dom\u00e1cej s\u00fa\u0165a\u017ei. Ako asistent podp\u00edsal na Merseyside dvojro\u010dn\u00fa zmluvu.<\/p>\n<p>Ur\u010dite zav\u00e1\u017eilo, \u017ee v\u00e4\u010d\u0161inu svojej profesion\u00e1lnej kari\u00e9ry str\u00e1vil pr\u00e1ve na ostrovoch, kam pri\u0161iel zo Sportingu Lisabon. Ke\u010f sa stal jedn\u00fdm z\u00a0prv\u00fdch podpisov Ars\u00e8na Wengera v\u00a0sez\u00f3ne 1997\/98, asi netu\u0161il, \u017ee si po dvoch rokoch odnesie ligov\u00fd titul a\u00a0medailu v\u00ed\u0165aza poh\u00e1ru FA.<\/p>\n<p>Nasledovali obdobia spojen\u00e9 so Southamptonom, Fulhamom a\u00a0West Hamom. Najm\u00e4 fan\u00fa\u0161ikovia The Cottagers si ho iste ob\u013e\u00fabili. Vo svojej prvej sez\u00f3ne na Craven Cottage dopomohol k\u00a0postupu do Premier League ako neoddelite\u013en\u00e1 s\u00fa\u010das\u0165 z\u00e1kladnej zostavy, ke\u010f odohral 39 z\u00e1pasov a vstrelil 18 g\u00f3lov.<\/p>\n<p>Ako kr\u00eddeln\u00edk alebo z\u00e1loha bol zn\u00e1my svoj\u00edm z\u00e1palom pre hru, agres\u00edvnos\u0165ou a\u00a0nevzd\u00e1van\u00edm sa. Po anglickej si vysk\u00fa\u0161al aj gr\u00e9cku najvy\u0161\u0161iu s\u00fa\u0165a\u017e s\u00a0Larissou a\u00a0v\u00a0Ju\u017enej Afrike z\u00edskal \u010fal\u0161\u00ed ligov\u00fd titul s\u00a0Orlando Pirates. Na sklonku kari\u00e9ry ho prich\u00fdlil Chesterfield v\u00a0League Two.<\/p>\n<p style=\"text-align: right;\"><em>(foto zdroj: evertonfc.com)<\/em><\/p>\n","protected":false},"excerpt":{"rendered":"<p>Marco Silva si za svoju nov\u00fa prav\u00fa ruku vybral op\u00e4\u0165 Portugal\u010dana. Je n\u00edm 41 ro\u010dn\u00fd Luis Boa Morte, ktor\u00fd v Anglicku za svoju kari\u00e9ru odohral takmer 350 z\u00e1pasov.<\/p>\n","protected":false},"author":1,"featured_media":8011,"comment_status":"open","ping_status":"closed","sticky":false,"template":"","format":"standard","meta":{"_eb_attr":"","_monsterinsights_skip_tracking":false,"_monsterinsights_sitenote_active":false,"_monsterinsights_sitenote_note":"","_monsterinsights_sitenote_category":0,"footnotes":""},"categories":[42],"tags":[],"yoast_head":"<!-- This site is optimized with the Yoast SEO plugin v23.4 - https:\/\/yoast.com\/wordpress\/plugins\/seo\/ -->\n<title>Boa Morte nov\u00fdm asistentom - Official Czech &amp; Slovak Everton Supporters&#039; Club<\/title>\n<meta name=\"robots\" content=\"index, follow, max-snippet:-1, max-image-preview:large, max-video-preview:-1\" \/>\n<link rel=\"canonical\" href=\"https:\/\/evertonfc.cz\/index.php\/2019\/06\/08\/boa-morte-novym-asistentom\/\" \/>\n<meta property=\"og:locale\" content=\"cs_CZ\" \/>\n<meta property=\"og:type\" content=\"article\" \/>\n<meta property=\"og:title\" content=\"Boa Morte nov\u00fdm asistentom - Official Czech &amp; Slovak Everton Supporters&#039; Club\" \/>\n<meta property=\"og:description\" content=\"Marco Silva si za svoju nov\u00fa prav\u00fa ruku vybral op\u00e4\u0165 Portugal\u010dana. Je n\u00edm 41 ro\u010dn\u00fd Luis Boa Morte, ktor\u00fd v Anglicku za svoju kari\u00e9ru odohral takmer 350 z\u00e1pasov.\" \/>\n<meta property=\"og:url\" content=\"https:\/\/evertonfc.cz\/index.php\/2019\/06\/08\/boa-morte-novym-asistentom\/\" \/>\n<meta property=\"og:site_name\" content=\"Official Czech &amp; Slovak Everton Supporters&#039; Club\" \/>\n<meta property=\"article:publisher\" content=\"https:\/\/www.facebook.com\/everton.fans.cz.sk\" \/>\n<meta property=\"article:published_time\" content=\"2019-06-08T14:51:27+00:00\" \/>\n<meta property=\"article:modified_time\" content=\"2020-03-25T19:02:29+00:00\" \/>\n<meta property=\"og:image\" content=\"https:\/\/evertonfc.cz\/wp-content\/uploads\/2019\/06\/Boa-Morte-8-6-2019.jpg\" \/>\n\t<meta property=\"og:image:width\" content=\"720\" \/>\n\t<meta property=\"og:image:height\" content=\"405\" \/>\n\t<meta property=\"og:image:type\" content=\"image\/jpeg\" \/>\n<meta name=\"author\" content=\"BlueBlooded\" \/>\n<meta name=\"twitter:card\" content=\"summary_large_image\" \/>\n<meta name=\"twitter:label1\" content=\"Napsal(a)\" \/>\n\t<meta name=\"twitter:data1\" content=\"BlueBlooded\" \/>\n\t<meta name=\"twitter:label2\" content=\"Odhadovan\u00e1 doba \u010dten\u00ed\" \/>\n\t<meta name=\"twitter:data2\" content=\"2 minuty\" \/>\n<script type=\"application\/ld+json\" class=\"yoast-schema-graph\">{\"@context\":\"https:\/\/schema.org\",\"@graph\":[{\"@type\":\"Article\",\"@id\":\"https:\/\/evertonfc.cz\/index.php\/2019\/06\/08\/boa-morte-novym-asistentom\/#article\",\"isPartOf\":{\"@id\":\"https:\/\/evertonfc.cz\/index.php\/2019\/06\/08\/boa-morte-novym-asistentom\/\"},\"author\":{\"name\":\"BlueBlooded\",\"@id\":\"https:\/\/evertonfc.cz\/#\/schema\/person\/d4493b8cbea51532597fbc4685698916\"},\"headline\":\"Boa Morte nov\u00fdm asistentom\",\"datePublished\":\"2019-06-08T14:51:27+00:00\",\"dateModified\":\"2020-03-25T19:02:29+00:00\",\"mainEntityOfPage\":{\"@id\":\"https:\/\/evertonfc.cz\/index.php\/2019\/06\/08\/boa-morte-novym-asistentom\/\"},\"wordCount\":472,\"commentCount\":6,\"publisher\":{\"@id\":\"https:\/\/evertonfc.cz\/#organization\"},\"image\":{\"@id\":\"https:\/\/evertonfc.cz\/index.php\/2019\/06\/08\/boa-morte-novym-asistentom\/#primaryimage\"},\"thumbnailUrl\":\"https:\/\/evertonfc.cz\/wp-content\/uploads\/2019\/06\/Boa-Morte-8-6-2019.jpg\",\"articleSection\":[\"Aktuality\"],\"inLanguage\":\"cs\",\"potentialAction\":[{\"@type\":\"CommentAction\",\"name\":\"Comment\",\"target\":[\"https:\/\/evertonfc.cz\/index.php\/2019\/06\/08\/boa-morte-novym-asistentom\/#respond\"]}]},{\"@type\":\"WebPage\",\"@id\":\"https:\/\/evertonfc.cz\/index.php\/2019\/06\/08\/boa-morte-novym-asistentom\/\",\"url\":\"https:\/\/evertonfc.cz\/index.php\/2019\/06\/08\/boa-morte-novym-asistentom\/\",\"name\":\"Boa Morte nov\u00fdm asistentom - Official Czech &amp; Slovak Everton Supporters&#039; Club\",\"isPartOf\":{\"@id\":\"https:\/\/evertonfc.cz\/#website\"},\"primaryImageOfPage\":{\"@id\":\"https:\/\/evertonfc.cz\/index.php\/2019\/06\/08\/boa-morte-novym-asistentom\/#primaryimage\"},\"image\":{\"@id\":\"https:\/\/evertonfc.cz\/index.php\/2019\/06\/08\/boa-morte-novym-asistentom\/#primaryimage\"},\"thumbnailUrl\":\"https:\/\/evertonfc.cz\/wp-content\/uploads\/2019\/06\/Boa-Morte-8-6-2019.jpg\",\"datePublished\":\"2019-06-08T14:51:27+00:00\",\"dateModified\":\"2020-03-25T19:02:29+00:00\",\"breadcrumb\":{\"@id\":\"https:\/\/evertonfc.cz\/index.php\/2019\/06\/08\/boa-morte-novym-asistentom\/#breadcrumb\"},\"inLanguage\":\"cs\",\"potentialAction\":[{\"@type\":\"ReadAction\",\"target\":[\"https:\/\/evertonfc.cz\/index.php\/2019\/06\/08\/boa-morte-novym-asistentom\/\"]}]},{\"@type\":\"ImageObject\",\"inLanguage\":\"cs\",\"@id\":\"https:\/\/evertonfc.cz\/index.php\/2019\/06\/08\/boa-morte-novym-asistentom\/#primaryimage\",\"url\":\"https:\/\/evertonfc.cz\/wp-content\/uploads\/2019\/06\/Boa-Morte-8-6-2019.jpg\",\"contentUrl\":\"https:\/\/evertonfc.cz\/wp-content\/uploads\/2019\/06\/Boa-Morte-8-6-2019.jpg\",\"width\":720,\"height\":405},{\"@type\":\"BreadcrumbList\",\"@id\":\"https:\/\/evertonfc.cz\/index.php\/2019\/06\/08\/boa-morte-novym-asistentom\/#breadcrumb\",\"itemListElement\":[{\"@type\":\"ListItem\",\"position\":1,\"name\":\"Home\",\"item\":\"https:\/\/evertonfc.cz\/\"},{\"@type\":\"ListItem\",\"position\":2,\"name\":\"Boa Morte nov\u00fdm asistentom\"}]},{\"@type\":\"WebSite\",\"@id\":\"https:\/\/evertonfc.cz\/#website\",\"url\":\"https:\/\/evertonfc.cz\/\",\"name\":\"Official Czech &amp; Slovak Everton Supporters&#039; Club\",\"description\":\"\",\"publisher\":{\"@id\":\"https:\/\/evertonfc.cz\/#organization\"},\"potentialAction\":[{\"@type\":\"SearchAction\",\"target\":{\"@type\":\"EntryPoint\",\"urlTemplate\":\"https:\/\/evertonfc.cz\/?s={search_term_string}\"},\"query-input\":{\"@type\":\"PropertyValueSpecification\",\"valueRequired\":true,\"valueName\":\"search_term_string\"}}],\"inLanguage\":\"cs\"},{\"@type\":\"Organization\",\"@id\":\"https:\/\/evertonfc.cz\/#organization\",\"name\":\"Official Czech & Slovak Everton Supporters' Club\",\"url\":\"https:\/\/evertonfc.cz\/\",\"logo\":{\"@type\":\"ImageObject\",\"inLanguage\":\"cs\",\"@id\":\"https:\/\/evertonfc.cz\/#\/schema\/logo\/image\/\",\"url\":\"https:\/\/evertonfc.cz\/wp-content\/uploads\/2019\/05\/logo.png\",\"contentUrl\":\"https:\/\/evertonfc.cz\/wp-content\/uploads\/2019\/05\/logo.png\",\"width\":112,\"height\":112,\"caption\":\"Official Czech & Slovak Everton Supporters' Club\"},\"image\":{\"@id\":\"https:\/\/evertonfc.cz\/#\/schema\/logo\/image\/\"},\"sameAs\":[\"https:\/\/www.facebook.com\/everton.fans.cz.sk\"]},{\"@type\":\"Person\",\"@id\":\"https:\/\/evertonfc.cz\/#\/schema\/person\/d4493b8cbea51532597fbc4685698916\",\"name\":\"BlueBlooded\",\"url\":\"https:\/\/evertonfc.cz\/index.php\/author\/admin\/\"}]}<\/script>\n<!-- \/ Yoast SEO plugin. -->","yoast_head_json":{"title":"Boa Morte nov\u00fdm asistentom - Official Czech &amp; Slovak Everton Supporters&#039; Club","robots":{"index":"index","follow":"follow","max-snippet":"max-snippet:-1","max-image-preview":"max-image-preview:large","max-video-preview":"max-video-preview:-1"},"canonical":"https:\/\/evertonfc.cz\/index.php\/2019\/06\/08\/boa-morte-novym-asistentom\/","og_locale":"cs_CZ","og_type":"article","og_title":"Boa Morte nov\u00fdm asistentom - Official Czech &amp; Slovak Everton Supporters&#039; Club","og_description":"Marco Silva si za svoju nov\u00fa prav\u00fa ruku vybral op\u00e4\u0165 Portugal\u010dana. Je n\u00edm 41 ro\u010dn\u00fd Luis Boa Morte, ktor\u00fd v Anglicku za svoju kari\u00e9ru odohral takmer 350 z\u00e1pasov.","og_url":"https:\/\/evertonfc.cz\/index.php\/2019\/06\/08\/boa-morte-novym-asistentom\/","og_site_name":"Official Czech &amp; Slovak Everton Supporters&#039; Club","article_publisher":"https:\/\/www.facebook.com\/everton.fans.cz.sk","article_published_time":"2019-06-08T14:51:27+00:00","article_modified_time":"2020-03-25T19:02:29+00:00","og_image":[{"width":720,"height":405,"url":"https:\/\/evertonfc.cz\/wp-content\/uploads\/2019\/06\/Boa-Morte-8-6-2019.jpg","type":"image\/jpeg"}],"author":"BlueBlooded","twitter_card":"summary_large_image","twitter_misc":{"Napsal(a)":"BlueBlooded","Odhadovan\u00e1 doba \u010dten\u00ed":"2 minuty"},"schema":{"@context":"https:\/\/schema.org","@graph":[{"@type":"Article","@id":"https:\/\/evertonfc.cz\/index.php\/2019\/06\/08\/boa-morte-novym-asistentom\/#article","isPartOf":{"@id":"https:\/\/evertonfc.cz\/index.php\/2019\/06\/08\/boa-morte-novym-asistentom\/"},"author":{"name":"BlueBlooded","@id":"https:\/\/evertonfc.cz\/#\/schema\/person\/d4493b8cbea51532597fbc4685698916"},"headline":"Boa Morte nov\u00fdm asistentom","datePublished":"2019-06-08T14:51:27+00:00","dateModified":"2020-03-25T19:02:29+00:00","mainEntityOfPage":{"@id":"https:\/\/evertonfc.cz\/index.php\/2019\/06\/08\/boa-morte-novym-asistentom\/"},"wordCount":472,"commentCount":6,"publisher":{"@id":"https:\/\/evertonfc.cz\/#organization"},"image":{"@id":"https:\/\/evertonfc.cz\/index.php\/2019\/06\/08\/boa-morte-novym-asistentom\/#primaryimage"},"thumbnailUrl":"https:\/\/evertonfc.cz\/wp-content\/uploads\/2019\/06\/Boa-Morte-8-6-2019.jpg","articleSection":["Aktuality"],"inLanguage":"cs","potentialAction":[{"@type":"CommentAction","name":"Comment","target":["https:\/\/evertonfc.cz\/index.php\/2019\/06\/08\/boa-morte-novym-asistentom\/#respond"]}]},{"@type":"WebPage","@id":"https:\/\/evertonfc.cz\/index.php\/2019\/06\/08\/boa-morte-novym-asistentom\/","url":"https:\/\/evertonfc.cz\/index.php\/2019\/06\/08\/boa-morte-novym-asistentom\/","name":"Boa Morte nov\u00fdm asistentom - Official Czech &amp; Slovak Everton Supporters&#039; Club","isPartOf":{"@id":"https:\/\/evertonfc.cz\/#website"},"primaryImageOfPage":{"@id":"https:\/\/evertonfc.cz\/index.php\/2019\/06\/08\/boa-morte-novym-asistentom\/#primaryimage"},"image":{"@id":"https:\/\/evertonfc.cz\/index.php\/2019\/06\/08\/boa-morte-novym-asistentom\/#primaryimage"},"thumbnailUrl":"https:\/\/evertonfc.cz\/wp-content\/uploads\/2019\/06\/Boa-Morte-8-6-2019.jpg","datePublished":"2019-06-08T14:51:27+00:00","dateModified":"2020-03-25T19:02:29+00:00","breadcrumb":{"@id":"https:\/\/evertonfc.cz\/index.php\/2019\/06\/08\/boa-morte-novym-asistentom\/#breadcrumb"},"inLanguage":"cs","potentialAction":[{"@type":"ReadAction","target":["https:\/\/evertonfc.cz\/index.php\/2019\/06\/08\/boa-morte-novym-asistentom\/"]}]},{"@type":"ImageObject","inLanguage":"cs","@id":"https:\/\/evertonfc.cz\/index.php\/2019\/06\/08\/boa-morte-novym-asistentom\/#primaryimage","url":"https:\/\/evertonfc.cz\/wp-content\/uploads\/2019\/06\/Boa-Morte-8-6-2019.jpg","contentUrl":"https:\/\/evertonfc.cz\/wp-content\/uploads\/2019\/06\/Boa-Morte-8-6-2019.jpg","width":720,"height":405},{"@type":"BreadcrumbList","@id":"https:\/\/evertonfc.cz\/index.php\/2019\/06\/08\/boa-morte-novym-asistentom\/#breadcrumb","itemListElement":[{"@type":"ListItem","position":1,"name":"Home","item":"https:\/\/evertonfc.cz\/"},{"@type":"ListItem","position":2,"name":"Boa Morte nov\u00fdm asistentom"}]},{"@type":"WebSite","@id":"https:\/\/evertonfc.cz\/#website","url":"https:\/\/evertonfc.cz\/","name":"Official Czech &amp; Slovak Everton Supporters&#039; Club","description":"","publisher":{"@id":"https:\/\/evertonfc.cz\/#organization"},"potentialAction":[{"@type":"SearchAction","target":{"@type":"EntryPoint","urlTemplate":"https:\/\/evertonfc.cz\/?s={search_term_string}"},"query-input":{"@type":"PropertyValueSpecification","valueRequired":true,"valueName":"search_term_string"}}],"inLanguage":"cs"},{"@type":"Organization","@id":"https:\/\/evertonfc.cz\/#organization","name":"Official Czech & Slovak Everton Supporters' Club","url":"https:\/\/evertonfc.cz\/","logo":{"@type":"ImageObject","inLanguage":"cs","@id":"https:\/\/evertonfc.cz\/#\/schema\/logo\/image\/","url":"https:\/\/evertonfc.cz\/wp-content\/uploads\/2019\/05\/logo.png","contentUrl":"https:\/\/evertonfc.cz\/wp-content\/uploads\/2019\/05\/logo.png","width":112,"height":112,"caption":"Official Czech & Slovak Everton Supporters' Club"},"image":{"@id":"https:\/\/evertonfc.cz\/#\/schema\/logo\/image\/"},"sameAs":["https:\/\/www.facebook.com\/everton.fans.cz.sk"]},{"@type":"Person","@id":"https:\/\/evertonfc.cz\/#\/schema\/person\/d4493b8cbea51532597fbc4685698916","name":"BlueBlooded","url":"https:\/\/evertonfc.cz\/index.php\/author\/admin\/"}]}},"_links":{"self":[{"href":"https:\/\/evertonfc.cz\/index.php\/wp-json\/wp\/v2\/posts\/8010"}],"collection":[{"href":"https:\/\/evertonfc.cz\/index.php\/wp-json\/wp\/v2\/posts"}],"about":[{"href":"https:\/\/evertonfc.cz\/index.php\/wp-json\/wp\/v2\/types\/post"}],"author":[{"embeddable":true,"href":"https:\/\/evertonfc.cz\/index.php\/wp-json\/wp\/v2\/users\/1"}],"replies":[{"embeddable":true,"href":"https:\/\/evertonfc.cz\/index.php\/wp-json\/wp\/v2\/comments?post=8010"}],"version-history":[{"count":5,"href":"https:\/\/evertonfc.cz\/index.php\/wp-json\/wp\/v2\/posts\/8010\/revisions"}],"predecessor-version":[{"id":10600,"href":"https:\/\/evertonfc.cz\/index.php\/wp-json\/wp\/v2\/posts\/8010\/revisions\/10600"}],"wp:featuredmedia":[{"embeddable":true,"href":"https:\/\/evertonfc.cz\/index.php\/wp-json\/wp\/v2\/media\/8011"}],"wp:attachment":[{"href":"https:\/\/evertonfc.cz\/index.php\/wp-json\/wp\/v2\/media?parent=8010"}],"wp:term":[{"taxonomy":"category","embeddable":true,"href":"https:\/\/evertonfc.cz\/index.php\/wp-json\/wp\/v2\/categories?post=8010"},{"taxonomy":"post_tag","embeddable":true,"href":"https:\/\/evertonfc.cz\/index.php\/wp-json\/wp\/v2\/tags?post=8010"}],"curies":[{"name":"wp","href":"https:\/\/api.w.org\/{rel}","templated":true}]}}