{"id":8020,"date":"2019-06-10T17:56:35","date_gmt":"2019-06-10T15:56:35","guid":{"rendered":"https:\/\/evertonfc.cz\/?p=8020"},"modified":"2019-06-10T21:47:00","modified_gmt":"2019-06-10T19:47:00","slug":"kenny-bude-hostovat-v-schalke","status":"publish","type":"post","link":"https:\/\/evertonfc.cz\/index.php\/2019\/06\/10\/kenny-bude-hostovat-v-schalke\/","title":{"rendered":"Kenny bude hostovat v Schalke"},"content":{"rendered":"<h4>Odchovanec Evertonu se rozhodl n\u00e1sledovat nezanedbateln\u00fd po\u010det sv\u00fdch anglick\u00fdch krajan\u016f, kte\u0159\u00ed dostali \u0161anci prok\u00e1zat sv\u016fj talent v\u00a0n\u011bmeck\u00e9 Bundeslize.<\/h4>\n<p>Jadon Sancho, Reece Oxford, Reiss Nelson, Emile Smith Rowe, ale tak\u00e9 evertonsk\u00fd Ademola Lookman. To je seznam nad\u011bjn\u00fdch Angli\u010dan\u016f z\u00a0posledn\u00edch let, ji\u017e se hern\u00ed perspektivy nedo\u010dkali ve sv\u00e9 zem\u00ed, n\u00fdbr\u017e v\u00a0N\u011bmecku.<\/p>\n<p>Tento seznam nyn\u00ed roz\u0161i\u0159uje Jonjoe Kenny. 22let\u00fd prav\u00fd obr\u00e1nce str\u00e1v\u00ed n\u00e1sleduj\u00edc\u00ed ro\u010dn\u00edk na hostov\u00e1n\u00ed v Schalke 04. Ani jeden klub p\u0159itom neinformoval, jestli je ve smlouv\u011b rovn\u011b\u017e zahrnuta opce na p\u0159estup.<\/p>\n<p>Kenny, jen\u017e se moment\u00e1ln\u011b p\u0159ipravuje s anglick\u00fdm v\u00fdb\u011brem do 21 let na <a href=\"https:\/\/evertonfc.cz\/index.php\/news\/tri-mladi-anglicane-na-me-21\/\" target=\"_blank\" rel=\"noopener noreferrer\">mistrovstv\u00ed Evropy<\/a>, debutoval v Evertonu v kv\u011btnu 2016. Do prvn\u00edho t\u00fdmu ale natrvalo pov\u00fd\u0161il a\u017e v sez\u00f3n\u011b 2017\/18, v n\u00ed\u017e nastoupil k 23 z\u00e1pas\u016fm. Leto\u0161n\u00edch 12 odehran\u00fdch utk\u00e1n\u00ed tak muselo b\u00fdt pro hr\u00e1\u010de zklam\u00e1n\u00edm. Zvl\u00e1\u0161t\u011b jestli\u017ee jeho konkurent Seamus Coleman hr\u00e1l pravideln\u011b, i kdy\u017e pr\u016fm\u011brnou sez\u00f3nou vybo\u010dil ze sv\u00e9ho vysok\u00e9ho kari\u00e9rn\u00edho standardu.<\/p>\n<p>Z Kennyho hlediska nelichotiv\u00e1 situace vygradovala v posledn\u00edm ligov\u00e9m kole. Nucen\u011b absentuj\u00edc\u00edho Colemana nahradil na prav\u00e9 stran\u011b obrany stoper Kurt Zouma a rod\u00e1k z Liverpoolu z\u016fstal jenom na lavi\u010dce n\u00e1hradn\u00edk\u016f.<\/p>\n<p>To naopak v Schalke se Kenny m\u016f\u017ee t\u011b\u0161it na d\u016fv\u011bru tren\u00e9ra Davida Wagnera, kter\u00fd si ho osobn\u011b vytipoval jako posilu. B\u00fdval\u00fd mana\u017eer Huddersfieldu usedl na lavi\u010dku tradi\u010dn\u00edho n\u011bmeck\u00e9ho celku z Gelsenkirchenu jenom p\u0159ed n\u011bkolika t\u00fddny, za \u00fakol m\u00e1 vylep\u0161it leto\u0161n\u00ed nelichotivou 14. p\u0159\u00ed\u010dku v lize.<\/p>\n<p><em>\u201eNaskytla se mi ohromn\u00e1 \u0161ance uk\u00e1zat se v nov\u00e9 zemi a p\u0159esv\u011bd\u010dit o sv\u00fdch kvalit\u00e1ch. Schalke je velk\u00fdm klubem s dlouhou histori\u00ed a fantastick\u00fdmi fanou\u0161ky. T\u011b\u0161\u00edm se na nov\u00e9 anga\u017em\u00e1,\u201c<\/em> prozradil Kenny, jeho\u017e hostov\u00e1n\u00ed vyvol\u00e1v\u00e1 mnoho ot\u00e1zek.<\/p>\n<p>Jeho budoucnost na Goodison Parku se sice bude pravd\u011bpodobn\u011b \u0159e\u0161it a\u017e p\u0159\u00ed\u0161t\u00ed l\u00e9to, nyn\u00ed ale bude na po\u0159adu dne odtajnit z\u00e1hadu, kdo se stane konkurentem Seamuse Colemana v Evertonu. Zda to bude nov\u00e1 posila, nebo Mason Holgate \u2013 prim\u00e1rn\u011b stoper, kter\u00fd se v\u0161ak na ja\u0159e jako prav\u00fd bek prezentoval dobr\u00fdmi v\u00fdkony na hostov\u00e1n\u00ed v druholigov\u00e9m West Bromu \u2013 uk\u00e1\u017e\u00ed nejbli\u017e\u0161\u00ed t\u00fddny.<\/p>\n","protected":false},"excerpt":{"rendered":"<p>Odchovanec Evertonu se rozhodl n\u00e1sledovat nezanedbateln\u00fd po\u010det sv\u00fdch anglick\u00fdch krajan\u016f, kte\u0159\u00ed dostali \u0161anci prok\u00e1zat sv\u016fj talent v n\u011bmeck\u00e9 Bundeslize.<\/p>\n","protected":false},"author":6,"featured_media":8019,"comment_status":"open","ping_status":"closed","sticky":false,"template":"","format":"standard","meta":{"_eb_attr":"","_monsterinsights_skip_tracking":false,"_monsterinsights_sitenote_active":false,"_monsterinsights_sitenote_note":"","_monsterinsights_sitenote_category":0,"footnotes":""},"categories":[41],"tags":[],"yoast_head":"<!-- This site is optimized with the Yoast SEO plugin v23.4 - https:\/\/yoast.com\/wordpress\/plugins\/seo\/ -->\n<title>Kenny bude hostovat v Schalke - Official Czech &amp; Slovak Everton Supporters&#039; Club<\/title>\n<meta name=\"robots\" content=\"index, follow, max-snippet:-1, max-image-preview:large, max-video-preview:-1\" \/>\n<link rel=\"canonical\" href=\"https:\/\/evertonfc.cz\/index.php\/2019\/06\/10\/kenny-bude-hostovat-v-schalke\/\" \/>\n<meta property=\"og:locale\" content=\"cs_CZ\" \/>\n<meta property=\"og:type\" content=\"article\" \/>\n<meta property=\"og:title\" content=\"Kenny bude hostovat v Schalke - Official Czech &amp; Slovak Everton Supporters&#039; Club\" \/>\n<meta property=\"og:description\" content=\"Odchovanec Evertonu se rozhodl n\u00e1sledovat nezanedbateln\u00fd po\u010det sv\u00fdch anglick\u00fdch krajan\u016f, kte\u0159\u00ed dostali \u0161anci prok\u00e1zat sv\u016fj talent v n\u011bmeck\u00e9 Bundeslize.\" \/>\n<meta property=\"og:url\" content=\"https:\/\/evertonfc.cz\/index.php\/2019\/06\/10\/kenny-bude-hostovat-v-schalke\/\" \/>\n<meta property=\"og:site_name\" content=\"Official Czech &amp; Slovak Everton Supporters&#039; Club\" \/>\n<meta property=\"article:publisher\" content=\"https:\/\/www.facebook.com\/everton.fans.cz.sk\" \/>\n<meta property=\"article:published_time\" content=\"2019-06-10T15:56:35+00:00\" \/>\n<meta property=\"article:modified_time\" content=\"2019-06-10T19:47:00+00:00\" \/>\n<meta property=\"og:image\" content=\"https:\/\/evertonfc.cz\/wp-content\/uploads\/2019\/06\/kenny_10_6_2019.jpg\" \/>\n\t<meta property=\"og:image:width\" content=\"720\" \/>\n\t<meta property=\"og:image:height\" content=\"405\" \/>\n\t<meta property=\"og:image:type\" content=\"image\/jpeg\" \/>\n<meta name=\"author\" content=\"Ri\u010di\" \/>\n<meta name=\"twitter:card\" content=\"summary_large_image\" \/>\n<meta name=\"twitter:creator\" content=\"@rbrejsa\" \/>\n<meta name=\"twitter:label1\" content=\"Napsal(a)\" \/>\n\t<meta name=\"twitter:data1\" content=\"Ri\u010di\" \/>\n\t<meta name=\"twitter:label2\" content=\"Odhadovan\u00e1 doba \u010dten\u00ed\" \/>\n\t<meta name=\"twitter:data2\" content=\"2 minuty\" \/>\n<script type=\"application\/ld+json\" class=\"yoast-schema-graph\">{\"@context\":\"https:\/\/schema.org\",\"@graph\":[{\"@type\":\"Article\",\"@id\":\"https:\/\/evertonfc.cz\/index.php\/2019\/06\/10\/kenny-bude-hostovat-v-schalke\/#article\",\"isPartOf\":{\"@id\":\"https:\/\/evertonfc.cz\/index.php\/2019\/06\/10\/kenny-bude-hostovat-v-schalke\/\"},\"author\":{\"name\":\"Ri\u010di\",\"@id\":\"https:\/\/evertonfc.cz\/#\/schema\/person\/f7a5daedb2ffee98480bc70e191aaef1\"},\"headline\":\"Kenny bude hostovat v Schalke\",\"datePublished\":\"2019-06-10T15:56:35+00:00\",\"dateModified\":\"2019-06-10T19:47:00+00:00\",\"mainEntityOfPage\":{\"@id\":\"https:\/\/evertonfc.cz\/index.php\/2019\/06\/10\/kenny-bude-hostovat-v-schalke\/\"},\"wordCount\":427,\"commentCount\":12,\"publisher\":{\"@id\":\"https:\/\/evertonfc.cz\/#organization\"},\"image\":{\"@id\":\"https:\/\/evertonfc.cz\/index.php\/2019\/06\/10\/kenny-bude-hostovat-v-schalke\/#primaryimage\"},\"thumbnailUrl\":\"https:\/\/evertonfc.cz\/wp-content\/uploads\/2019\/06\/kenny_10_6_2019.jpg\",\"articleSection\":[\"P\u0159estupy\"],\"inLanguage\":\"cs\",\"potentialAction\":[{\"@type\":\"CommentAction\",\"name\":\"Comment\",\"target\":[\"https:\/\/evertonfc.cz\/index.php\/2019\/06\/10\/kenny-bude-hostovat-v-schalke\/#respond\"]}]},{\"@type\":\"WebPage\",\"@id\":\"https:\/\/evertonfc.cz\/index.php\/2019\/06\/10\/kenny-bude-hostovat-v-schalke\/\",\"url\":\"https:\/\/evertonfc.cz\/index.php\/2019\/06\/10\/kenny-bude-hostovat-v-schalke\/\",\"name\":\"Kenny bude hostovat v Schalke - Official Czech &amp; Slovak Everton Supporters&#039; Club\",\"isPartOf\":{\"@id\":\"https:\/\/evertonfc.cz\/#website\"},\"primaryImageOfPage\":{\"@id\":\"https:\/\/evertonfc.cz\/index.php\/2019\/06\/10\/kenny-bude-hostovat-v-schalke\/#primaryimage\"},\"image\":{\"@id\":\"https:\/\/evertonfc.cz\/index.php\/2019\/06\/10\/kenny-bude-hostovat-v-schalke\/#primaryimage\"},\"thumbnailUrl\":\"https:\/\/evertonfc.cz\/wp-content\/uploads\/2019\/06\/kenny_10_6_2019.jpg\",\"datePublished\":\"2019-06-10T15:56:35+00:00\",\"dateModified\":\"2019-06-10T19:47:00+00:00\",\"breadcrumb\":{\"@id\":\"https:\/\/evertonfc.cz\/index.php\/2019\/06\/10\/kenny-bude-hostovat-v-schalke\/#breadcrumb\"},\"inLanguage\":\"cs\",\"potentialAction\":[{\"@type\":\"ReadAction\",\"target\":[\"https:\/\/evertonfc.cz\/index.php\/2019\/06\/10\/kenny-bude-hostovat-v-schalke\/\"]}]},{\"@type\":\"ImageObject\",\"inLanguage\":\"cs\",\"@id\":\"https:\/\/evertonfc.cz\/index.php\/2019\/06\/10\/kenny-bude-hostovat-v-schalke\/#primaryimage\",\"url\":\"https:\/\/evertonfc.cz\/wp-content\/uploads\/2019\/06\/kenny_10_6_2019.jpg\",\"contentUrl\":\"https:\/\/evertonfc.cz\/wp-content\/uploads\/2019\/06\/kenny_10_6_2019.jpg\",\"width\":720,\"height\":405},{\"@type\":\"BreadcrumbList\",\"@id\":\"https:\/\/evertonfc.cz\/index.php\/2019\/06\/10\/kenny-bude-hostovat-v-schalke\/#breadcrumb\",\"itemListElement\":[{\"@type\":\"ListItem\",\"position\":1,\"name\":\"Home\",\"item\":\"https:\/\/evertonfc.cz\/\"},{\"@type\":\"ListItem\",\"position\":2,\"name\":\"Kenny bude hostovat v Schalke\"}]},{\"@type\":\"WebSite\",\"@id\":\"https:\/\/evertonfc.cz\/#website\",\"url\":\"https:\/\/evertonfc.cz\/\",\"name\":\"Official Czech &amp; Slovak Everton Supporters&#039; Club\",\"description\":\"\",\"publisher\":{\"@id\":\"https:\/\/evertonfc.cz\/#organization\"},\"potentialAction\":[{\"@type\":\"SearchAction\",\"target\":{\"@type\":\"EntryPoint\",\"urlTemplate\":\"https:\/\/evertonfc.cz\/?s={search_term_string}\"},\"query-input\":{\"@type\":\"PropertyValueSpecification\",\"valueRequired\":true,\"valueName\":\"search_term_string\"}}],\"inLanguage\":\"cs\"},{\"@type\":\"Organization\",\"@id\":\"https:\/\/evertonfc.cz\/#organization\",\"name\":\"Official Czech & Slovak Everton Supporters' Club\",\"url\":\"https:\/\/evertonfc.cz\/\",\"logo\":{\"@type\":\"ImageObject\",\"inLanguage\":\"cs\",\"@id\":\"https:\/\/evertonfc.cz\/#\/schema\/logo\/image\/\",\"url\":\"https:\/\/evertonfc.cz\/wp-content\/uploads\/2019\/05\/logo.png\",\"contentUrl\":\"https:\/\/evertonfc.cz\/wp-content\/uploads\/2019\/05\/logo.png\",\"width\":112,\"height\":112,\"caption\":\"Official Czech & Slovak Everton Supporters' Club\"},\"image\":{\"@id\":\"https:\/\/evertonfc.cz\/#\/schema\/logo\/image\/\"},\"sameAs\":[\"https:\/\/www.facebook.com\/everton.fans.cz.sk\"]},{\"@type\":\"Person\",\"@id\":\"https:\/\/evertonfc.cz\/#\/schema\/person\/f7a5daedb2ffee98480bc70e191aaef1\",\"name\":\"Ri\u010di\",\"sameAs\":[\"https:\/\/x.com\/rbrejsa\"],\"url\":\"https:\/\/evertonfc.cz\/index.php\/author\/rici\/\"}]}<\/script>\n<!-- \/ Yoast SEO plugin. -->","yoast_head_json":{"title":"Kenny bude hostovat v Schalke - Official Czech &amp; Slovak Everton Supporters&#039; Club","robots":{"index":"index","follow":"follow","max-snippet":"max-snippet:-1","max-image-preview":"max-image-preview:large","max-video-preview":"max-video-preview:-1"},"canonical":"https:\/\/evertonfc.cz\/index.php\/2019\/06\/10\/kenny-bude-hostovat-v-schalke\/","og_locale":"cs_CZ","og_type":"article","og_title":"Kenny bude hostovat v Schalke - Official Czech &amp; Slovak Everton Supporters&#039; Club","og_description":"Odchovanec Evertonu se rozhodl n\u00e1sledovat nezanedbateln\u00fd po\u010det sv\u00fdch anglick\u00fdch krajan\u016f, kte\u0159\u00ed dostali \u0161anci prok\u00e1zat sv\u016fj talent v n\u011bmeck\u00e9 Bundeslize.","og_url":"https:\/\/evertonfc.cz\/index.php\/2019\/06\/10\/kenny-bude-hostovat-v-schalke\/","og_site_name":"Official Czech &amp; Slovak Everton Supporters&#039; Club","article_publisher":"https:\/\/www.facebook.com\/everton.fans.cz.sk","article_published_time":"2019-06-10T15:56:35+00:00","article_modified_time":"2019-06-10T19:47:00+00:00","og_image":[{"width":720,"height":405,"url":"https:\/\/evertonfc.cz\/wp-content\/uploads\/2019\/06\/kenny_10_6_2019.jpg","type":"image\/jpeg"}],"author":"Ri\u010di","twitter_card":"summary_large_image","twitter_creator":"@rbrejsa","twitter_misc":{"Napsal(a)":"Ri\u010di","Odhadovan\u00e1 doba \u010dten\u00ed":"2 minuty"},"schema":{"@context":"https:\/\/schema.org","@graph":[{"@type":"Article","@id":"https:\/\/evertonfc.cz\/index.php\/2019\/06\/10\/kenny-bude-hostovat-v-schalke\/#article","isPartOf":{"@id":"https:\/\/evertonfc.cz\/index.php\/2019\/06\/10\/kenny-bude-hostovat-v-schalke\/"},"author":{"name":"Ri\u010di","@id":"https:\/\/evertonfc.cz\/#\/schema\/person\/f7a5daedb2ffee98480bc70e191aaef1"},"headline":"Kenny bude hostovat v Schalke","datePublished":"2019-06-10T15:56:35+00:00","dateModified":"2019-06-10T19:47:00+00:00","mainEntityOfPage":{"@id":"https:\/\/evertonfc.cz\/index.php\/2019\/06\/10\/kenny-bude-hostovat-v-schalke\/"},"wordCount":427,"commentCount":12,"publisher":{"@id":"https:\/\/evertonfc.cz\/#organization"},"image":{"@id":"https:\/\/evertonfc.cz\/index.php\/2019\/06\/10\/kenny-bude-hostovat-v-schalke\/#primaryimage"},"thumbnailUrl":"https:\/\/evertonfc.cz\/wp-content\/uploads\/2019\/06\/kenny_10_6_2019.jpg","articleSection":["P\u0159estupy"],"inLanguage":"cs","potentialAction":[{"@type":"CommentAction","name":"Comment","target":["https:\/\/evertonfc.cz\/index.php\/2019\/06\/10\/kenny-bude-hostovat-v-schalke\/#respond"]}]},{"@type":"WebPage","@id":"https:\/\/evertonfc.cz\/index.php\/2019\/06\/10\/kenny-bude-hostovat-v-schalke\/","url":"https:\/\/evertonfc.cz\/index.php\/2019\/06\/10\/kenny-bude-hostovat-v-schalke\/","name":"Kenny bude hostovat v Schalke - Official Czech &amp; Slovak Everton Supporters&#039; Club","isPartOf":{"@id":"https:\/\/evertonfc.cz\/#website"},"primaryImageOfPage":{"@id":"https:\/\/evertonfc.cz\/index.php\/2019\/06\/10\/kenny-bude-hostovat-v-schalke\/#primaryimage"},"image":{"@id":"https:\/\/evertonfc.cz\/index.php\/2019\/06\/10\/kenny-bude-hostovat-v-schalke\/#primaryimage"},"thumbnailUrl":"https:\/\/evertonfc.cz\/wp-content\/uploads\/2019\/06\/kenny_10_6_2019.jpg","datePublished":"2019-06-10T15:56:35+00:00","dateModified":"2019-06-10T19:47:00+00:00","breadcrumb":{"@id":"https:\/\/evertonfc.cz\/index.php\/2019\/06\/10\/kenny-bude-hostovat-v-schalke\/#breadcrumb"},"inLanguage":"cs","potentialAction":[{"@type":"ReadAction","target":["https:\/\/evertonfc.cz\/index.php\/2019\/06\/10\/kenny-bude-hostovat-v-schalke\/"]}]},{"@type":"ImageObject","inLanguage":"cs","@id":"https:\/\/evertonfc.cz\/index.php\/2019\/06\/10\/kenny-bude-hostovat-v-schalke\/#primaryimage","url":"https:\/\/evertonfc.cz\/wp-content\/uploads\/2019\/06\/kenny_10_6_2019.jpg","contentUrl":"https:\/\/evertonfc.cz\/wp-content\/uploads\/2019\/06\/kenny_10_6_2019.jpg","width":720,"height":405},{"@type":"BreadcrumbList","@id":"https:\/\/evertonfc.cz\/index.php\/2019\/06\/10\/kenny-bude-hostovat-v-schalke\/#breadcrumb","itemListElement":[{"@type":"ListItem","position":1,"name":"Home","item":"https:\/\/evertonfc.cz\/"},{"@type":"ListItem","position":2,"name":"Kenny bude hostovat v Schalke"}]},{"@type":"WebSite","@id":"https:\/\/evertonfc.cz\/#website","url":"https:\/\/evertonfc.cz\/","name":"Official Czech &amp; Slovak Everton Supporters&#039; Club","description":"","publisher":{"@id":"https:\/\/evertonfc.cz\/#organization"},"potentialAction":[{"@type":"SearchAction","target":{"@type":"EntryPoint","urlTemplate":"https:\/\/evertonfc.cz\/?s={search_term_string}"},"query-input":{"@type":"PropertyValueSpecification","valueRequired":true,"valueName":"search_term_string"}}],"inLanguage":"cs"},{"@type":"Organization","@id":"https:\/\/evertonfc.cz\/#organization","name":"Official Czech & Slovak Everton Supporters' Club","url":"https:\/\/evertonfc.cz\/","logo":{"@type":"ImageObject","inLanguage":"cs","@id":"https:\/\/evertonfc.cz\/#\/schema\/logo\/image\/","url":"https:\/\/evertonfc.cz\/wp-content\/uploads\/2019\/05\/logo.png","contentUrl":"https:\/\/evertonfc.cz\/wp-content\/uploads\/2019\/05\/logo.png","width":112,"height":112,"caption":"Official Czech & Slovak Everton Supporters' Club"},"image":{"@id":"https:\/\/evertonfc.cz\/#\/schema\/logo\/image\/"},"sameAs":["https:\/\/www.facebook.com\/everton.fans.cz.sk"]},{"@type":"Person","@id":"https:\/\/evertonfc.cz\/#\/schema\/person\/f7a5daedb2ffee98480bc70e191aaef1","name":"Ri\u010di","sameAs":["https:\/\/x.com\/rbrejsa"],"url":"https:\/\/evertonfc.cz\/index.php\/author\/rici\/"}]}},"_links":{"self":[{"href":"https:\/\/evertonfc.cz\/index.php\/wp-json\/wp\/v2\/posts\/8020"}],"collection":[{"href":"https:\/\/evertonfc.cz\/index.php\/wp-json\/wp\/v2\/posts"}],"about":[{"href":"https:\/\/evertonfc.cz\/index.php\/wp-json\/wp\/v2\/types\/post"}],"author":[{"embeddable":true,"href":"https:\/\/evertonfc.cz\/index.php\/wp-json\/wp\/v2\/users\/6"}],"replies":[{"embeddable":true,"href":"https:\/\/evertonfc.cz\/index.php\/wp-json\/wp\/v2\/comments?post=8020"}],"version-history":[{"count":19,"href":"https:\/\/evertonfc.cz\/index.php\/wp-json\/wp\/v2\/posts\/8020\/revisions"}],"predecessor-version":[{"id":8045,"href":"https:\/\/evertonfc.cz\/index.php\/wp-json\/wp\/v2\/posts\/8020\/revisions\/8045"}],"wp:featuredmedia":[{"embeddable":true,"href":"https:\/\/evertonfc.cz\/index.php\/wp-json\/wp\/v2\/media\/8019"}],"wp:attachment":[{"href":"https:\/\/evertonfc.cz\/index.php\/wp-json\/wp\/v2\/media?parent=8020"}],"wp:term":[{"taxonomy":"category","embeddable":true,"href":"https:\/\/evertonfc.cz\/index.php\/wp-json\/wp\/v2\/categories?post=8020"},{"taxonomy":"post_tag","embeddable":true,"href":"https:\/\/evertonfc.cz\/index.php\/wp-json\/wp\/v2\/tags?post=8020"}],"curies":[{"name":"wp","href":"https:\/\/api.w.org\/{rel}","templated":true}]}}