{"id":8056,"date":"2019-06-18T18:28:22","date_gmt":"2019-06-18T16:28:22","guid":{"rendered":"https:\/\/evertonfc.cz\/?p=8056"},"modified":"2019-07-02T19:43:06","modified_gmt":"2019-07-02T17:43:06","slug":"bob-latchford","status":"publish","type":"post","link":"https:\/\/evertonfc.cz\/index.php\/2019\/06\/18\/bob-latchford\/","title":{"rendered":"Bob Latchford"},"content":{"rendered":"<h4>Jeden z nejlep\u0161\u00edch anglick\u00fdch hro\u0165\u00e1k\u016f druh\u00e9 poloviny sedmdes\u00e1t\u00fdch let tu je\u0161t\u011b nem\u011bl Legendu. T\u00edmto \u010dl\u00e1nkem redakce spl\u00e1c\u00ed dluh.<\/h4>\n<p>Rod\u00e1k z Birminghamu snad jinou pr\u00e1ci ani d\u011blat nemohl. T\u0159et\u00ed ze \u010dty\u0159 bratr\u016f, kte\u0159\u00ed byli v\u0161ichni zasa\u017eeni virem zvan\u00fdm fotbal. Zat\u00edmco nejstar\u0161\u00ed syn John na zkou\u0161ce v Aston Ville neusp\u011bl (a rodi\u010de si tak\u00e9 nep\u0159\u00e1li, aby se profesion\u00e1ln\u011b fotbalu v\u011bnoval, \u010demu\u017e se v dob\u011b kr\u00e1tce po v\u00e1lce nen\u00ed co divit), tak Davidovi, Bobovi a Peterovi bylo dovoleno sn\u00edt. David d\u011blal brank\u00e1\u0159e v Birminghamu, Motherwellu a Bury. Peter m\u011bl na stejn\u00e9 pozici je\u0161t\u011b lep\u0161\u00ed kari\u00e9ru, po n\u011bkolika letech ve WBA chytal v\u00edce ne\u017e deset rok\u016f za Celtic.<\/p>\n<p>Ale Bob se na\u0161el ve st\u0159\u00edlen\u00ed branek &#8211; a puml\u00ed\u010de se nejl\u00e9pe pos\u00edlaj\u00ed do branky z pozice st\u0159edn\u00edho \u00fato\u010dn\u00edka. Birmingham City &#8211; to byl a dosud je klub jeho srdce. Ve 14 se stal podpisem amat\u00e9rsk\u00e9 smlouvy spoluhr\u00e1\u010dem sv\u00e9ho bratra Davida a veden\u00ed klubu s nab\u00eddkou profesion\u00e1ln\u00ed smlouvy neot\u00e1lelo &#8211; pouze o t\u0159i roky pozd\u011bji. V 18 vs\u00edtil p\u0159i sv\u00e9m debutu dva g\u00f3ly Prestonu &#8211; hlavou, co\u017e se v dal\u0161\u00ed kari\u00e9\u0159e stalo jeho pozn\u00e1vac\u00edm znamen\u00edm. Jen\u017ee ambice jsou jedna v\u011bc a v\u00fdkony t\u00fdmu druh\u00e1. Birmingham City byl pr\u016fm\u011brn\u00fd t\u00fdm a nesm\u00edme zapom\u00ednat na fakt, \u017ee hr\u00e1l druhou ligu. V roce 1971 se ale klubu povedl skute\u010dn\u00fd majstr\u0161tyk &#8211; podepsal Trevora Francise. Nejlep\u0161\u00ed hr\u00e1\u010d v historii klubu byl podpo\u0159en dal\u0161\u00edm poveden\u00fdm n\u00e1kupem &#8211; se st\u0159\u00edlen\u00edm branek p\u0159i\u0161el pomoci Bob Hutton z Carlisle. V\u00fdsledek? Trevor a dvojice Bob\u016f v\u00fdznamn\u011b p\u0159isp\u011bla k postupu do prvn\u00ed ligy, kdy\u017e pades\u00e1tkr\u00e1t prohnala m\u00ed\u010d goalem. Pouze desetkr\u00e1t sk\u00f3roval v lize n\u011bkdo jin\u00fd. (Latchford samotn\u00fd vs\u00edtil v lize 23 branek, v obou poh\u00e1rov\u00fdch sout\u011b\u017e\u00edch dal\u0161\u00edch sedm.) A nov\u00e1\u010dkovi se v prvn\u00ed sez\u00f3n\u011b v nejvy\u0161\u0161\u00ed sout\u011b\u017ei celkem zada\u0159ilo, des\u00e1t\u00e9 m\u00edsto z 22 znamenalo spokojenost na v\u0161ech stran\u00e1ch.<\/p>\n<p>Ale, jak u\u017e to tak b\u00fdv\u00e1, druh\u00e1 sezona byla hor\u0161\u00ed. Start do sezony se nepoda\u0159il, a tak si mohl Birmingham City ohledn\u011b Latchforda vyb\u00edrat ze t\u0159\u00ed nab\u00eddek. Od ur\u010dit\u00e9 doby bylo jasn\u00e9, \u017ee sv\u00e9ho hro\u0165\u00e1ka neudr\u017e\u00ed, bo o jeho talentu se ji\u017e v\u011bd\u011blo. Z\u00e1vod o jeho podpis vyhr\u00e1l Everton, kdy\u017e usp\u011bl v konkurenci Liverpoolu a Derby County. Tehdej\u0161\u00ed mana\u017eer RS Shankly dokonce cht\u011bl vyu\u017e\u00edt sv\u00e9ho synovce Rogera Hynda, spoluhr\u00e1\u010de Latchforda z BCFC, aby je\u0161t\u011b podepsal s jeho klubem, ale bylo ji\u017e pozd\u011b. Everton ale zacvakal po\u0159\u00e1dn\u00fd bal\u00edk. Archie Styles, Howard Kendall (ano, ten) a 80 tis\u00edc na \u00fa\u010det klubu &#8211; celkem obchod za 350 litr\u016f. Tehdy britsk\u00fd rekord a \u010d\u00e1stka, kterou by v t\u00e9 dob\u011b neodm\u00edtl asi \u017e\u00e1dn\u00fd anglick\u00fd klub. (Ve stejn\u00e9m roce cht\u011bl Everton podepsat Petera Shiltona. Obrovsk\u00e1 \u0161koda, \u017ee se to nepoda\u0159ilo.)<\/p>\n<p>Za Toffees se trefil Bob a\u017e ve sv\u00e9m t\u0159et\u00edm utk\u00e1n\u00ed, kdy\u017e se v klubu kone\u010dn\u011b zcela adaptoval, tak se docela d\u011bly v\u011bci. Ale sez\u00f3nu 1974\/75 mezi fanou\u0161ky klubu rad\u0161i nezmi\u0148ujte. Je\u0161t\u011b po 36. kole byl Everton prvn\u00ed, ale nepoveden\u00fd fini\u0161 ho odsunul a\u017e na \u010dtvrt\u00e9 m\u00edsto t\u0159i body za mistra z Derby County. Kde tehdy ud\u011blali soudruzi z Goodison Parku chybu? Dv\u011b prohry s posledn\u00edm Carlislem, rem\u00edza v posledn\u00edm kole na p\u0159edposledn\u00ed (a taky sestupuj\u00edc\u00ed) Chelsea, to je p\u011bt bod\u016f&#8230; Latchford zav\u011bsil v lize sedmn\u00e1ctkr\u00e1t.\u00a0Dal\u0161\u00ed dv\u011b sez\u00f3ny jen stru\u010dn\u011b &#8211; 12 ligov\u00fdch branek Latchford, 11. m\u00edsto Everton. 17 branek Latchford, Toffees dev\u00e1t\u00ed.<\/p>\n<p>A pot\u00e9 p\u0159i\u0161la \u017eivotn\u00ed sez\u00f3na, taky n\u011bkolik utk\u00e1n\u00ed za reprezentaci. Bulv\u00e1rn\u00ed den\u00edk Daily Express vyhl\u00e1sil sout\u011b\u017e. Pravidla byla jednoduch\u00e1. Kdy\u017e d\u00e1\u0161 za sez\u00f3nu 30 branek, tak dostane\u0161 od n\u00e1s 10 tis\u00edc liber. To se povedlo. Vy\u017eadovalo to ale v posledn\u00edm ligov\u00e9m utk\u00e1n\u00ed doma proti Chelsea prom\u011bn\u011bnou penaltu v 78. minut\u011b. O pen\u00edze se pod\u011blil se sv\u00fdmi spouhr\u00e1\u010di a v\u00fdznamn\u011b dopomohl ke t\u0159et\u00edmu m\u00edstu v lize. To ho ji\u017e nemohl tren\u00e9r anglick\u00e9 reprezentace Ron Greenwood opom\u00edjet, a tak v celkem po\u017eehnan\u00e9m debutov\u00e9m v\u011bku 26 let a 10 m\u011bs\u00edc\u016f nastoupil k prvn\u00edmu z\u00e1pasu (s\u00e1m k tomu \u0159\u00edk\u00e1, \u017ee si mysl\u00ed, \u017ee m\u011bl dostat \u0161anci d\u0159\u00edv). \u0160lo o kvalifikaci proti It\u00e1lii na MS 1978 v Argentin\u011b. Celkov\u011b odehr\u00e1l za reprezentaci Anglie 12 z\u00e1pas\u016f, ve kter\u00fdch vs\u00edtil p\u011bt branek. Ale ani na MS, ani na ME 1980 Anglie nepostoupila. A kdy\u017e se kone\u010dn\u011b dostala do \u0160pan\u011blska na dal\u0161\u00ed MS, tak ji\u017e hr\u00e1l ve Swansea a ve 30 letech byl z formy. Jen tak pro zaj\u00edmavost &#8211; v\u0161ech p\u011bt branek nast\u0159\u00edlel b\u011bhem s\u00e9rie p\u011bti z\u00e1pas\u016f, p\u0159i\u010dem\u017e jedin\u00fd t\u00fdm, proti kter\u00e9mu se neprosadil, bylo \u010ceskoslovensko v p\u0159\u00e1tel\u00e1ku (tak\u00e9 jedin\u00fd z\u00e1pas v reprezentaci, kdy za\u010dal na lavi\u010dce). B\u011bhem jeho \u017eivotn\u00ed sez\u00f3ny za\u010dal b\u00fdt na Goodison Parku popul\u00e1rn\u00ed transparent, na kter\u00e9m bylo naps\u00e1no &#8222;Bob Latchford walks on water&#8220;.<\/p>\n<p>V \u010ceskoslovensku byl k vid\u011bn\u00ed jednou s Evertonem v r\u00e1mci evropsk\u00fdch poh\u00e1r\u016f. Dukla na Julisce vyhr\u00e1la a postoupila. Everton se za\u010dal zhor\u0161ovat, Bob\u016fv p\u0159estup v roce 1981 do Swansea nebyl nijak p\u0159ekvapiv\u00fd. Jeho celkov\u00e1 bilance v klubu \u010din\u00ed 286 z\u00e1pas\u016f a 138 branek, tedy t\u0159et\u00ed nejlep\u0161\u00ed klubov\u00fd st\u0159elec v\u0161ech dob. Trochu paradoxn\u00ed je, \u017ee za dobu sv\u00e9ho p\u016fsoben\u00ed na Merseyside nikdy nevs\u00edtil v derby. Se Swans v prvn\u00ed sez\u00f3n\u011b za\u017eil \u00fasp\u011b\u0161n\u00e9 \u0161est\u00e9 m\u00edsto, ale v dal\u0161\u00edch dvou sez\u00f3n\u00e1ch sestupy. Nen\u00ed se tak co divit, \u017ee odm\u00edtl hr\u00e1t t\u0159et\u00ed ligu a na star\u00e1 kolena k\u00fdvnul na nab\u00eddku NAC Breda. A\u010dkoliv bilance 16 z\u00e1pas\u016f &#8211; 13 branek byla vynikaj\u00edc\u00ed, tak adaptace zjevn\u011b byla n\u011bjak\u00e1 hor\u0161\u00ed a po p\u016fl roce je zp\u011bt v Anglii, kde n\u00e1sledn\u011b vyst\u0159\u00eddal dres Coventry City a Lincolnu City. Hran\u00ed ve Walesu mu ale zjevn\u011b prosp\u00edvalo. Zat\u00edmco dvoj\u00ed v\u00edt\u011bzstv\u00ed se Swans ve Vel\u0161sk\u00e9m poh\u00e1ru (tamn\u00ed obdoba Anglick\u00e9ho poh\u00e1ru) nijak nep\u0159ekvapilo, tak tot\u00e9\u017e v posledn\u00ed sez\u00f3n\u011b jeho kari\u00e9ry, tedy v roce 1987, bylo doslova \u0161okem. Dnes ji\u017e neexistuj\u00edc\u00ed klub Merthyr Tydfil byl tehdy neligov\u00fdm t\u00fdmem.<\/p>\n<p>Kari\u00e9ra mana\u017eera nebo tren\u00e9ra ho nel\u00e1kala. V sou\u010dasnosti \u017eije se svou druhou man\u017eelkou v N\u011bmecku (prvn\u00ed mu zem\u0159ela v roce 2000), pravideln\u011b se z\u00fa\u010dast\u0148uje setk\u00e1n\u00ed fanou\u0161k\u016f s b\u00fdval\u00fdmi hr\u00e1\u010di Evertonu a jednu dobu psal pravideln\u011b blog pro zn\u00e1m\u00fd diskus\u00e1k NSNO. Pokud je v Anglii, tak ho m\u016f\u017eete potkat v hrabstv\u00ed Devon, kde m\u00e1 d\u016fm (co\u017e je, p\u0159iznejeme si, od Birminghamu a Liverpoolu kus cesty).<\/p>\n","protected":false},"excerpt":{"rendered":"<p>Jeden z nejlep\u0161\u00edch anglick\u00fdch hro\u0165\u00e1k\u016f druh\u00e9 poloviny sedmdes\u00e1t\u00fdch let tu je\u0161t\u011b nem\u011bl Legendu. T\u00edmto \u010dl\u00e1nkem redakce spl\u00e1c\u00ed dluh.<\/p>\n","protected":false},"author":12,"featured_media":8086,"comment_status":"open","ping_status":"closed","sticky":false,"template":"","format":"standard","meta":{"_eb_attr":"","_monsterinsights_skip_tracking":false,"_monsterinsights_sitenote_active":false,"_monsterinsights_sitenote_note":"","_monsterinsights_sitenote_category":0,"footnotes":""},"categories":[11],"tags":[],"yoast_head":"<!-- This site is optimized with the Yoast SEO plugin v23.4 - https:\/\/yoast.com\/wordpress\/plugins\/seo\/ -->\n<title>Bob Latchford - Official Czech &amp; Slovak Everton Supporters&#039; Club<\/title>\n<meta name=\"robots\" content=\"index, follow, max-snippet:-1, max-image-preview:large, max-video-preview:-1\" \/>\n<link rel=\"canonical\" href=\"https:\/\/evertonfc.cz\/index.php\/2019\/06\/18\/bob-latchford\/\" \/>\n<meta property=\"og:locale\" content=\"cs_CZ\" \/>\n<meta property=\"og:type\" content=\"article\" \/>\n<meta property=\"og:title\" content=\"Bob Latchford - Official Czech &amp; Slovak Everton Supporters&#039; Club\" \/>\n<meta property=\"og:description\" content=\"Jeden z nejlep\u0161\u00edch anglick\u00fdch hro\u0165\u00e1k\u016f druh\u00e9 poloviny sedmdes\u00e1t\u00fdch let tu je\u0161t\u011b nem\u011bl Legendu. T\u00edmto \u010dl\u00e1nkem redakce spl\u00e1c\u00ed dluh.\" \/>\n<meta property=\"og:url\" content=\"https:\/\/evertonfc.cz\/index.php\/2019\/06\/18\/bob-latchford\/\" \/>\n<meta property=\"og:site_name\" content=\"Official Czech &amp; Slovak Everton Supporters&#039; Club\" \/>\n<meta property=\"article:publisher\" content=\"https:\/\/www.facebook.com\/everton.fans.cz.sk\" \/>\n<meta property=\"article:published_time\" content=\"2019-06-18T16:28:22+00:00\" \/>\n<meta property=\"article:modified_time\" content=\"2019-07-02T17:43:06+00:00\" \/>\n<meta property=\"og:image\" content=\"https:\/\/evertonfc.cz\/wp-content\/uploads\/2019\/06\/bob_latchford_13_6_2019.jpg\" \/>\n\t<meta property=\"og:image:width\" content=\"720\" \/>\n\t<meta property=\"og:image:height\" content=\"405\" \/>\n\t<meta property=\"og:image:type\" content=\"image\/jpeg\" \/>\n<meta name=\"author\" content=\"Javor\" \/>\n<meta name=\"twitter:card\" content=\"summary_large_image\" \/>\n<meta name=\"twitter:creator\" content=\"@LoudinJan\" \/>\n<meta name=\"twitter:label1\" content=\"Napsal(a)\" \/>\n\t<meta name=\"twitter:data1\" content=\"Javor\" \/>\n\t<meta name=\"twitter:label2\" content=\"Odhadovan\u00e1 doba \u010dten\u00ed\" \/>\n\t<meta name=\"twitter:data2\" content=\"6 minut\" \/>\n<script type=\"application\/ld+json\" class=\"yoast-schema-graph\">{\"@context\":\"https:\/\/schema.org\",\"@graph\":[{\"@type\":\"Article\",\"@id\":\"https:\/\/evertonfc.cz\/index.php\/2019\/06\/18\/bob-latchford\/#article\",\"isPartOf\":{\"@id\":\"https:\/\/evertonfc.cz\/index.php\/2019\/06\/18\/bob-latchford\/\"},\"author\":{\"name\":\"Javor\",\"@id\":\"https:\/\/evertonfc.cz\/#\/schema\/person\/b30daf6a5852f4811f8207a17ec1bf78\"},\"headline\":\"Bob Latchford\",\"datePublished\":\"2019-06-18T16:28:22+00:00\",\"dateModified\":\"2019-07-02T17:43:06+00:00\",\"mainEntityOfPage\":{\"@id\":\"https:\/\/evertonfc.cz\/index.php\/2019\/06\/18\/bob-latchford\/\"},\"wordCount\":1250,\"commentCount\":1,\"publisher\":{\"@id\":\"https:\/\/evertonfc.cz\/#organization\"},\"image\":{\"@id\":\"https:\/\/evertonfc.cz\/index.php\/2019\/06\/18\/bob-latchford\/#primaryimage\"},\"thumbnailUrl\":\"https:\/\/evertonfc.cz\/wp-content\/uploads\/2019\/06\/bob_latchford_13_6_2019.jpg\",\"articleSection\":[\"Legendy\"],\"inLanguage\":\"cs\",\"potentialAction\":[{\"@type\":\"CommentAction\",\"name\":\"Comment\",\"target\":[\"https:\/\/evertonfc.cz\/index.php\/2019\/06\/18\/bob-latchford\/#respond\"]}]},{\"@type\":\"WebPage\",\"@id\":\"https:\/\/evertonfc.cz\/index.php\/2019\/06\/18\/bob-latchford\/\",\"url\":\"https:\/\/evertonfc.cz\/index.php\/2019\/06\/18\/bob-latchford\/\",\"name\":\"Bob Latchford - Official Czech &amp; Slovak Everton Supporters&#039; Club\",\"isPartOf\":{\"@id\":\"https:\/\/evertonfc.cz\/#website\"},\"primaryImageOfPage\":{\"@id\":\"https:\/\/evertonfc.cz\/index.php\/2019\/06\/18\/bob-latchford\/#primaryimage\"},\"image\":{\"@id\":\"https:\/\/evertonfc.cz\/index.php\/2019\/06\/18\/bob-latchford\/#primaryimage\"},\"thumbnailUrl\":\"https:\/\/evertonfc.cz\/wp-content\/uploads\/2019\/06\/bob_latchford_13_6_2019.jpg\",\"datePublished\":\"2019-06-18T16:28:22+00:00\",\"dateModified\":\"2019-07-02T17:43:06+00:00\",\"breadcrumb\":{\"@id\":\"https:\/\/evertonfc.cz\/index.php\/2019\/06\/18\/bob-latchford\/#breadcrumb\"},\"inLanguage\":\"cs\",\"potentialAction\":[{\"@type\":\"ReadAction\",\"target\":[\"https:\/\/evertonfc.cz\/index.php\/2019\/06\/18\/bob-latchford\/\"]}]},{\"@type\":\"ImageObject\",\"inLanguage\":\"cs\",\"@id\":\"https:\/\/evertonfc.cz\/index.php\/2019\/06\/18\/bob-latchford\/#primaryimage\",\"url\":\"https:\/\/evertonfc.cz\/wp-content\/uploads\/2019\/06\/bob_latchford_13_6_2019.jpg\",\"contentUrl\":\"https:\/\/evertonfc.cz\/wp-content\/uploads\/2019\/06\/bob_latchford_13_6_2019.jpg\",\"width\":720,\"height\":405},{\"@type\":\"BreadcrumbList\",\"@id\":\"https:\/\/evertonfc.cz\/index.php\/2019\/06\/18\/bob-latchford\/#breadcrumb\",\"itemListElement\":[{\"@type\":\"ListItem\",\"position\":1,\"name\":\"Home\",\"item\":\"https:\/\/evertonfc.cz\/\"},{\"@type\":\"ListItem\",\"position\":2,\"name\":\"Bob Latchford\"}]},{\"@type\":\"WebSite\",\"@id\":\"https:\/\/evertonfc.cz\/#website\",\"url\":\"https:\/\/evertonfc.cz\/\",\"name\":\"Official Czech &amp; Slovak Everton Supporters&#039; Club\",\"description\":\"\",\"publisher\":{\"@id\":\"https:\/\/evertonfc.cz\/#organization\"},\"potentialAction\":[{\"@type\":\"SearchAction\",\"target\":{\"@type\":\"EntryPoint\",\"urlTemplate\":\"https:\/\/evertonfc.cz\/?s={search_term_string}\"},\"query-input\":{\"@type\":\"PropertyValueSpecification\",\"valueRequired\":true,\"valueName\":\"search_term_string\"}}],\"inLanguage\":\"cs\"},{\"@type\":\"Organization\",\"@id\":\"https:\/\/evertonfc.cz\/#organization\",\"name\":\"Official Czech & Slovak Everton Supporters' Club\",\"url\":\"https:\/\/evertonfc.cz\/\",\"logo\":{\"@type\":\"ImageObject\",\"inLanguage\":\"cs\",\"@id\":\"https:\/\/evertonfc.cz\/#\/schema\/logo\/image\/\",\"url\":\"https:\/\/evertonfc.cz\/wp-content\/uploads\/2019\/05\/logo.png\",\"contentUrl\":\"https:\/\/evertonfc.cz\/wp-content\/uploads\/2019\/05\/logo.png\",\"width\":112,\"height\":112,\"caption\":\"Official Czech & Slovak Everton Supporters' Club\"},\"image\":{\"@id\":\"https:\/\/evertonfc.cz\/#\/schema\/logo\/image\/\"},\"sameAs\":[\"https:\/\/www.facebook.com\/everton.fans.cz.sk\"]},{\"@type\":\"Person\",\"@id\":\"https:\/\/evertonfc.cz\/#\/schema\/person\/b30daf6a5852f4811f8207a17ec1bf78\",\"name\":\"Javor\",\"sameAs\":[\"https:\/\/x.com\/LoudinJan\"],\"url\":\"https:\/\/evertonfc.cz\/index.php\/author\/javor\/\"}]}<\/script>\n<!-- \/ Yoast SEO plugin. -->","yoast_head_json":{"title":"Bob Latchford - Official Czech &amp; Slovak Everton Supporters&#039; Club","robots":{"index":"index","follow":"follow","max-snippet":"max-snippet:-1","max-image-preview":"max-image-preview:large","max-video-preview":"max-video-preview:-1"},"canonical":"https:\/\/evertonfc.cz\/index.php\/2019\/06\/18\/bob-latchford\/","og_locale":"cs_CZ","og_type":"article","og_title":"Bob Latchford - Official Czech &amp; Slovak Everton Supporters&#039; Club","og_description":"Jeden z nejlep\u0161\u00edch anglick\u00fdch hro\u0165\u00e1k\u016f druh\u00e9 poloviny sedmdes\u00e1t\u00fdch let tu je\u0161t\u011b nem\u011bl Legendu. T\u00edmto \u010dl\u00e1nkem redakce spl\u00e1c\u00ed dluh.","og_url":"https:\/\/evertonfc.cz\/index.php\/2019\/06\/18\/bob-latchford\/","og_site_name":"Official Czech &amp; Slovak Everton Supporters&#039; Club","article_publisher":"https:\/\/www.facebook.com\/everton.fans.cz.sk","article_published_time":"2019-06-18T16:28:22+00:00","article_modified_time":"2019-07-02T17:43:06+00:00","og_image":[{"width":720,"height":405,"url":"https:\/\/evertonfc.cz\/wp-content\/uploads\/2019\/06\/bob_latchford_13_6_2019.jpg","type":"image\/jpeg"}],"author":"Javor","twitter_card":"summary_large_image","twitter_creator":"@LoudinJan","twitter_misc":{"Napsal(a)":"Javor","Odhadovan\u00e1 doba \u010dten\u00ed":"6 minut"},"schema":{"@context":"https:\/\/schema.org","@graph":[{"@type":"Article","@id":"https:\/\/evertonfc.cz\/index.php\/2019\/06\/18\/bob-latchford\/#article","isPartOf":{"@id":"https:\/\/evertonfc.cz\/index.php\/2019\/06\/18\/bob-latchford\/"},"author":{"name":"Javor","@id":"https:\/\/evertonfc.cz\/#\/schema\/person\/b30daf6a5852f4811f8207a17ec1bf78"},"headline":"Bob Latchford","datePublished":"2019-06-18T16:28:22+00:00","dateModified":"2019-07-02T17:43:06+00:00","mainEntityOfPage":{"@id":"https:\/\/evertonfc.cz\/index.php\/2019\/06\/18\/bob-latchford\/"},"wordCount":1250,"commentCount":1,"publisher":{"@id":"https:\/\/evertonfc.cz\/#organization"},"image":{"@id":"https:\/\/evertonfc.cz\/index.php\/2019\/06\/18\/bob-latchford\/#primaryimage"},"thumbnailUrl":"https:\/\/evertonfc.cz\/wp-content\/uploads\/2019\/06\/bob_latchford_13_6_2019.jpg","articleSection":["Legendy"],"inLanguage":"cs","potentialAction":[{"@type":"CommentAction","name":"Comment","target":["https:\/\/evertonfc.cz\/index.php\/2019\/06\/18\/bob-latchford\/#respond"]}]},{"@type":"WebPage","@id":"https:\/\/evertonfc.cz\/index.php\/2019\/06\/18\/bob-latchford\/","url":"https:\/\/evertonfc.cz\/index.php\/2019\/06\/18\/bob-latchford\/","name":"Bob Latchford - Official Czech &amp; Slovak Everton Supporters&#039; Club","isPartOf":{"@id":"https:\/\/evertonfc.cz\/#website"},"primaryImageOfPage":{"@id":"https:\/\/evertonfc.cz\/index.php\/2019\/06\/18\/bob-latchford\/#primaryimage"},"image":{"@id":"https:\/\/evertonfc.cz\/index.php\/2019\/06\/18\/bob-latchford\/#primaryimage"},"thumbnailUrl":"https:\/\/evertonfc.cz\/wp-content\/uploads\/2019\/06\/bob_latchford_13_6_2019.jpg","datePublished":"2019-06-18T16:28:22+00:00","dateModified":"2019-07-02T17:43:06+00:00","breadcrumb":{"@id":"https:\/\/evertonfc.cz\/index.php\/2019\/06\/18\/bob-latchford\/#breadcrumb"},"inLanguage":"cs","potentialAction":[{"@type":"ReadAction","target":["https:\/\/evertonfc.cz\/index.php\/2019\/06\/18\/bob-latchford\/"]}]},{"@type":"ImageObject","inLanguage":"cs","@id":"https:\/\/evertonfc.cz\/index.php\/2019\/06\/18\/bob-latchford\/#primaryimage","url":"https:\/\/evertonfc.cz\/wp-content\/uploads\/2019\/06\/bob_latchford_13_6_2019.jpg","contentUrl":"https:\/\/evertonfc.cz\/wp-content\/uploads\/2019\/06\/bob_latchford_13_6_2019.jpg","width":720,"height":405},{"@type":"BreadcrumbList","@id":"https:\/\/evertonfc.cz\/index.php\/2019\/06\/18\/bob-latchford\/#breadcrumb","itemListElement":[{"@type":"ListItem","position":1,"name":"Home","item":"https:\/\/evertonfc.cz\/"},{"@type":"ListItem","position":2,"name":"Bob Latchford"}]},{"@type":"WebSite","@id":"https:\/\/evertonfc.cz\/#website","url":"https:\/\/evertonfc.cz\/","name":"Official Czech &amp; Slovak Everton Supporters&#039; Club","description":"","publisher":{"@id":"https:\/\/evertonfc.cz\/#organization"},"potentialAction":[{"@type":"SearchAction","target":{"@type":"EntryPoint","urlTemplate":"https:\/\/evertonfc.cz\/?s={search_term_string}"},"query-input":{"@type":"PropertyValueSpecification","valueRequired":true,"valueName":"search_term_string"}}],"inLanguage":"cs"},{"@type":"Organization","@id":"https:\/\/evertonfc.cz\/#organization","name":"Official Czech & Slovak Everton Supporters' Club","url":"https:\/\/evertonfc.cz\/","logo":{"@type":"ImageObject","inLanguage":"cs","@id":"https:\/\/evertonfc.cz\/#\/schema\/logo\/image\/","url":"https:\/\/evertonfc.cz\/wp-content\/uploads\/2019\/05\/logo.png","contentUrl":"https:\/\/evertonfc.cz\/wp-content\/uploads\/2019\/05\/logo.png","width":112,"height":112,"caption":"Official Czech & Slovak Everton Supporters' Club"},"image":{"@id":"https:\/\/evertonfc.cz\/#\/schema\/logo\/image\/"},"sameAs":["https:\/\/www.facebook.com\/everton.fans.cz.sk"]},{"@type":"Person","@id":"https:\/\/evertonfc.cz\/#\/schema\/person\/b30daf6a5852f4811f8207a17ec1bf78","name":"Javor","sameAs":["https:\/\/x.com\/LoudinJan"],"url":"https:\/\/evertonfc.cz\/index.php\/author\/javor\/"}]}},"_links":{"self":[{"href":"https:\/\/evertonfc.cz\/index.php\/wp-json\/wp\/v2\/posts\/8056"}],"collection":[{"href":"https:\/\/evertonfc.cz\/index.php\/wp-json\/wp\/v2\/posts"}],"about":[{"href":"https:\/\/evertonfc.cz\/index.php\/wp-json\/wp\/v2\/types\/post"}],"author":[{"embeddable":true,"href":"https:\/\/evertonfc.cz\/index.php\/wp-json\/wp\/v2\/users\/12"}],"replies":[{"embeddable":true,"href":"https:\/\/evertonfc.cz\/index.php\/wp-json\/wp\/v2\/comments?post=8056"}],"version-history":[{"count":4,"href":"https:\/\/evertonfc.cz\/index.php\/wp-json\/wp\/v2\/posts\/8056\/revisions"}],"predecessor-version":[{"id":8260,"href":"https:\/\/evertonfc.cz\/index.php\/wp-json\/wp\/v2\/posts\/8056\/revisions\/8260"}],"wp:featuredmedia":[{"embeddable":true,"href":"https:\/\/evertonfc.cz\/index.php\/wp-json\/wp\/v2\/media\/8086"}],"wp:attachment":[{"href":"https:\/\/evertonfc.cz\/index.php\/wp-json\/wp\/v2\/media?parent=8056"}],"wp:term":[{"taxonomy":"category","embeddable":true,"href":"https:\/\/evertonfc.cz\/index.php\/wp-json\/wp\/v2\/categories?post=8056"},{"taxonomy":"post_tag","embeddable":true,"href":"https:\/\/evertonfc.cz\/index.php\/wp-json\/wp\/v2\/tags?post=8056"}],"curies":[{"name":"wp","href":"https:\/\/api.w.org\/{rel}","templated":true}]}}