{"id":8057,"date":"2019-06-12T16:28:49","date_gmt":"2019-06-12T14:28:49","guid":{"rendered":"https:\/\/evertonfc.cz\/?p=8057"},"modified":"2020-04-28T15:40:57","modified_gmt":"2020-04-28T13:40:57","slug":"jonjoe-presvedceny-o-hostovani","status":"publish","type":"post","link":"https:\/\/evertonfc.cz\/index.php\/2019\/06\/12\/jonjoe-presvedceny-o-hostovani\/","title":{"rendered":"Jonjoe presved\u010den\u00fd o hos\u0165ovan\u00ed"},"content":{"rendered":"<h4>22 ro\u010dn\u00fd prav\u00fd obranca sa vyjadril k\u00a0ned\u00e1vno uskuto\u010dnen\u00e9mu prestupu. Na najbli\u017e\u0161\u00ed rok bude h\u00e1ji\u0165 kr\u00e1\u013eovsk\u00fa modr\u00fa v\u00a0Severnom Por\u00fdnii-Vestf\u00e1slku.<\/h4>\n<p style=\"background: white;\"><span lang=\"SK\">\u0160portov\u00fd riadite\u013e sedemn\u00e1sobn\u00e9ho majstra Nemecka, Jochen Schneider, neskr\u00fdval spokojnos\u0165 s\u00a0\u00falovkom, ktor\u00fd sa mu podaril ukradn\u00fa\u0165 priamo spred nosa \u010fal\u0161\u00edch klubov, najm\u00e4 z\u00a0Premier League.<\/span><\/p>\n<p style=\"background: white;\"><em><span lang=\"SK\">\u201eSme ve\u013emi \u0161\u0165astn\u00ed, \u017ee sa n\u00e1m podarilo dosta\u0165 Jonjoea Kennyho do Schalke. S\u00a0t\u00fdmto podpisom sme zaplnili dieru na pravej obrane a\u00a0splnili sme tak jeden z\u00a0na\u0161ich cie\u013eov pre toto leto. Moje po\u010fakovanie patr\u00ed technick\u00e9mu riadite\u013eovi Michaelovi Reschkemu, t\u00edmu skautov a\u00a0n\u00e1\u0161mu mana\u017e\u00e9rovi, Davidovi Wagnerovi. On pozn\u00e1 JonJoea z\u00a0Premier League.\u201c<\/span><\/em><\/p>\n<p style=\"background: white;\"><span lang=\"SK\">Rod\u00e1k z\u00a0Kirkdale, ktor\u00e9mu vypr\u0161\u00ed zmluva s\u00a0Evertonom v\u00a0roku 2022, sa te\u0161\u00ed na nov\u00fa v\u00fdzvu. Je to obrovsk\u00e1 zmena. In\u00e1 krajina, in\u00e1 kult\u00fara, jazyk. A\u00a0neposlednom rade aj in\u00fd futbal. Pred prerazen\u00edm do prv\u00e9ho t\u00edmu si u\u017e p\u00e1r hos\u0165ovan\u00ed vysk\u00fa\u0161al. S\u00a0Wiganom Athletic v\u00a0League One a\u00a0nesk\u00f4r v\u00a0League Two s\u00a0Oxfordom United.<\/span><\/p>\n<p style=\"background: white;\"><em><span lang=\"SK\">\u201eSom nad\u0161en\u00fd. Ke\u010f som prv\u00fd raz zapo\u010dul, \u017ee sa o\u00a0m\u0148a Schalke zauj\u00edma, nemohol som tomu uveri\u0165. By\u0165 tak \u010faleko od domova znamen\u00e1, \u017ee sa rozviniem nielen ako futbalista, ale aj ako osoba. \u013dudia tu miluj\u00fa futbal a\u00a0d\u00fdchaj\u00fa n\u00edm. Je to podobn\u00e9 ako tam, odkia\u013e poch\u00e1dzam.\u201c<\/span><\/em><\/p>\n<p style=\"background: white;\"><span lang=\"SK\">Gelsenkirchen, rovnako ako Liverpool, je priemyseln\u00e9 mesto a spolo\u010dn\u00e9 probl\u00e9my s nezamestnanos\u0165ou zdie\u013eaj\u00fa tie\u017e. Preto niet sa \u010do \u010dudova\u0165, ke\u010f sa \u013eudia up\u00ednaj\u00fa k pozit\u00edvnej\u0161\u00edm veciam, napr\u00edklad k \u0161portu. V po\u010dte \u010dlenov druh\u00fd najv\u00e4\u010d\u0161\u00ed klub v Bundeslige nem\u00e1 ani najmen\u0161\u00ed probl\u00e9m zaplni\u0165 vy\u0161e \u0161es\u0165desiattis\u00edcov\u00fa Veltins Arenu. Kenny si je toho vedom\u00fd.<\/span><\/p>\n<p style=\"background: white;\"><em><span lang=\"SK\">\u201ePre m\u0148a je to ve\u013ek\u00e1 \u0161anca. Pr\u00eds\u0165 do novej krajiny a\u00a0uk\u00e1za\u0165 moje schopnosti. Obzvl\u00e1\u0161\u0165 v\u00a0tak ve\u013ekom klube ako je Schalke. M\u00e1 dlh\u00fa hist\u00f3riu a\u00a0fantastick\u00fdch fan\u00fa\u0161ikov. Som r\u00e1d, \u017ee som tu a\u00a0neviem sa do\u010dka\u0165, kedy sa zapoj\u00edm do t\u00edmu.\u201c<\/span><\/em><\/p>\n<p style=\"background: white;\"><span lang=\"SK\">Ve\u013ek\u00fa \u00falohu pri rozhodovan\u00ed zohral b\u00fdval\u00fd mana\u017e\u00e9r Huddersfieldu Town, David Wagner. \u0160tyridsa\u0165sedem ro\u010dn\u00fd Nemec, ktor\u00fd v\u00a0prvej sez\u00f3ne zachr\u00e1nil The Terriers pred zostupom do tretej ligy, aby n\u00e1sledne s\u00a0nimi post\u00fapil do tej prvej a\u00a0vydr\u017eal tam dve sez\u00f3ny. Kormidla Die Knappen sa uj\u00edma toto leto a\u00a0Kennyho presved\u010dil t\u00fdmto:<\/span><\/p>\n<p style=\"background: white;\"><em><span lang=\"SK\">\u201e\u0160t\u00fdl, ak\u00fdm jeho t\u00edm nau\u010d\u00ed hra\u0165 futbal&#8230; p\u00e1\u010di sa mi to. Je to aj m\u00f4j \u0161t\u00fdl.\u201c<\/span><\/em><\/p>\n<p style=\"text-align: right;\">(p\u00f4vodn\u00fd rozhovor &amp; foto zdroj: schalke04.de)<\/p>\n","protected":false},"excerpt":{"rendered":"<p>22 ro\u010dn\u00fd prav\u00fd obranca sa vyjadril k ned\u00e1vno uskuto\u010dnen\u00e9mu prestupu. Na najbli\u017e\u0161\u00ed rok bude h\u00e1ji\u0165 kr\u00e1\u013eovsk\u00fa modr\u00fa v Severnom Por\u00fdnii-Vestf\u00e1slku.<\/p>\n","protected":false},"author":1,"featured_media":8058,"comment_status":"open","ping_status":"closed","sticky":false,"template":"","format":"standard","meta":{"_eb_attr":"","_monsterinsights_skip_tracking":false,"_monsterinsights_sitenote_active":false,"_monsterinsights_sitenote_note":"","_monsterinsights_sitenote_category":0,"footnotes":""},"categories":[1],"tags":[],"yoast_head":"<!-- This site is optimized with the Yoast SEO plugin v23.4 - https:\/\/yoast.com\/wordpress\/plugins\/seo\/ -->\n<title>Jonjoe presved\u010den\u00fd o hos\u0165ovan\u00ed - Official Czech &amp; Slovak Everton Supporters&#039; Club<\/title>\n<meta name=\"robots\" content=\"index, follow, max-snippet:-1, max-image-preview:large, max-video-preview:-1\" \/>\n<link rel=\"canonical\" href=\"https:\/\/evertonfc.cz\/index.php\/2019\/06\/12\/jonjoe-presvedceny-o-hostovani\/\" \/>\n<meta property=\"og:locale\" content=\"cs_CZ\" \/>\n<meta property=\"og:type\" content=\"article\" \/>\n<meta property=\"og:title\" content=\"Jonjoe presved\u010den\u00fd o hos\u0165ovan\u00ed - Official Czech &amp; Slovak Everton Supporters&#039; Club\" \/>\n<meta property=\"og:description\" content=\"22 ro\u010dn\u00fd prav\u00fd obranca sa vyjadril k ned\u00e1vno uskuto\u010dnen\u00e9mu prestupu. Na najbli\u017e\u0161\u00ed rok bude h\u00e1ji\u0165 kr\u00e1\u013eovsk\u00fa modr\u00fa v Severnom Por\u00fdnii-Vestf\u00e1slku.\" \/>\n<meta property=\"og:url\" content=\"https:\/\/evertonfc.cz\/index.php\/2019\/06\/12\/jonjoe-presvedceny-o-hostovani\/\" \/>\n<meta property=\"og:site_name\" content=\"Official Czech &amp; Slovak Everton Supporters&#039; Club\" \/>\n<meta property=\"article:publisher\" content=\"https:\/\/www.facebook.com\/everton.fans.cz.sk\" \/>\n<meta property=\"article:published_time\" content=\"2019-06-12T14:28:49+00:00\" \/>\n<meta property=\"article:modified_time\" content=\"2020-04-28T13:40:57+00:00\" \/>\n<meta property=\"og:image\" content=\"https:\/\/evertonfc.cz\/wp-content\/uploads\/2019\/06\/kenny-12-6-2019.jpg\" \/>\n\t<meta property=\"og:image:width\" content=\"720\" \/>\n\t<meta property=\"og:image:height\" content=\"405\" \/>\n\t<meta property=\"og:image:type\" content=\"image\/jpeg\" \/>\n<meta name=\"author\" content=\"BlueBlooded\" \/>\n<meta name=\"twitter:card\" content=\"summary_large_image\" \/>\n<meta name=\"twitter:label1\" content=\"Napsal(a)\" \/>\n\t<meta name=\"twitter:data1\" content=\"BlueBlooded\" \/>\n\t<meta name=\"twitter:label2\" content=\"Odhadovan\u00e1 doba \u010dten\u00ed\" \/>\n\t<meta name=\"twitter:data2\" content=\"2 minuty\" \/>\n<script type=\"application\/ld+json\" class=\"yoast-schema-graph\">{\"@context\":\"https:\/\/schema.org\",\"@graph\":[{\"@type\":\"Article\",\"@id\":\"https:\/\/evertonfc.cz\/index.php\/2019\/06\/12\/jonjoe-presvedceny-o-hostovani\/#article\",\"isPartOf\":{\"@id\":\"https:\/\/evertonfc.cz\/index.php\/2019\/06\/12\/jonjoe-presvedceny-o-hostovani\/\"},\"author\":{\"name\":\"BlueBlooded\",\"@id\":\"https:\/\/evertonfc.cz\/#\/schema\/person\/d4493b8cbea51532597fbc4685698916\"},\"headline\":\"Jonjoe presved\u010den\u00fd o hos\u0165ovan\u00ed\",\"datePublished\":\"2019-06-12T14:28:49+00:00\",\"dateModified\":\"2020-04-28T13:40:57+00:00\",\"mainEntityOfPage\":{\"@id\":\"https:\/\/evertonfc.cz\/index.php\/2019\/06\/12\/jonjoe-presvedceny-o-hostovani\/\"},\"wordCount\":456,\"commentCount\":0,\"publisher\":{\"@id\":\"https:\/\/evertonfc.cz\/#organization\"},\"image\":{\"@id\":\"https:\/\/evertonfc.cz\/index.php\/2019\/06\/12\/jonjoe-presvedceny-o-hostovani\/#primaryimage\"},\"thumbnailUrl\":\"https:\/\/evertonfc.cz\/wp-content\/uploads\/2019\/06\/kenny-12-6-2019.jpg\",\"articleSection\":[\"Rozhovory\"],\"inLanguage\":\"cs\",\"potentialAction\":[{\"@type\":\"CommentAction\",\"name\":\"Comment\",\"target\":[\"https:\/\/evertonfc.cz\/index.php\/2019\/06\/12\/jonjoe-presvedceny-o-hostovani\/#respond\"]}]},{\"@type\":\"WebPage\",\"@id\":\"https:\/\/evertonfc.cz\/index.php\/2019\/06\/12\/jonjoe-presvedceny-o-hostovani\/\",\"url\":\"https:\/\/evertonfc.cz\/index.php\/2019\/06\/12\/jonjoe-presvedceny-o-hostovani\/\",\"name\":\"Jonjoe presved\u010den\u00fd o hos\u0165ovan\u00ed - Official Czech &amp; Slovak Everton Supporters&#039; Club\",\"isPartOf\":{\"@id\":\"https:\/\/evertonfc.cz\/#website\"},\"primaryImageOfPage\":{\"@id\":\"https:\/\/evertonfc.cz\/index.php\/2019\/06\/12\/jonjoe-presvedceny-o-hostovani\/#primaryimage\"},\"image\":{\"@id\":\"https:\/\/evertonfc.cz\/index.php\/2019\/06\/12\/jonjoe-presvedceny-o-hostovani\/#primaryimage\"},\"thumbnailUrl\":\"https:\/\/evertonfc.cz\/wp-content\/uploads\/2019\/06\/kenny-12-6-2019.jpg\",\"datePublished\":\"2019-06-12T14:28:49+00:00\",\"dateModified\":\"2020-04-28T13:40:57+00:00\",\"breadcrumb\":{\"@id\":\"https:\/\/evertonfc.cz\/index.php\/2019\/06\/12\/jonjoe-presvedceny-o-hostovani\/#breadcrumb\"},\"inLanguage\":\"cs\",\"potentialAction\":[{\"@type\":\"ReadAction\",\"target\":[\"https:\/\/evertonfc.cz\/index.php\/2019\/06\/12\/jonjoe-presvedceny-o-hostovani\/\"]}]},{\"@type\":\"ImageObject\",\"inLanguage\":\"cs\",\"@id\":\"https:\/\/evertonfc.cz\/index.php\/2019\/06\/12\/jonjoe-presvedceny-o-hostovani\/#primaryimage\",\"url\":\"https:\/\/evertonfc.cz\/wp-content\/uploads\/2019\/06\/kenny-12-6-2019.jpg\",\"contentUrl\":\"https:\/\/evertonfc.cz\/wp-content\/uploads\/2019\/06\/kenny-12-6-2019.jpg\",\"width\":720,\"height\":405},{\"@type\":\"BreadcrumbList\",\"@id\":\"https:\/\/evertonfc.cz\/index.php\/2019\/06\/12\/jonjoe-presvedceny-o-hostovani\/#breadcrumb\",\"itemListElement\":[{\"@type\":\"ListItem\",\"position\":1,\"name\":\"Home\",\"item\":\"https:\/\/evertonfc.cz\/\"},{\"@type\":\"ListItem\",\"position\":2,\"name\":\"Jonjoe presved\u010den\u00fd o hos\u0165ovan\u00ed\"}]},{\"@type\":\"WebSite\",\"@id\":\"https:\/\/evertonfc.cz\/#website\",\"url\":\"https:\/\/evertonfc.cz\/\",\"name\":\"Official Czech &amp; Slovak Everton Supporters&#039; Club\",\"description\":\"\",\"publisher\":{\"@id\":\"https:\/\/evertonfc.cz\/#organization\"},\"potentialAction\":[{\"@type\":\"SearchAction\",\"target\":{\"@type\":\"EntryPoint\",\"urlTemplate\":\"https:\/\/evertonfc.cz\/?s={search_term_string}\"},\"query-input\":{\"@type\":\"PropertyValueSpecification\",\"valueRequired\":true,\"valueName\":\"search_term_string\"}}],\"inLanguage\":\"cs\"},{\"@type\":\"Organization\",\"@id\":\"https:\/\/evertonfc.cz\/#organization\",\"name\":\"Official Czech & Slovak Everton Supporters' Club\",\"url\":\"https:\/\/evertonfc.cz\/\",\"logo\":{\"@type\":\"ImageObject\",\"inLanguage\":\"cs\",\"@id\":\"https:\/\/evertonfc.cz\/#\/schema\/logo\/image\/\",\"url\":\"https:\/\/evertonfc.cz\/wp-content\/uploads\/2019\/05\/logo.png\",\"contentUrl\":\"https:\/\/evertonfc.cz\/wp-content\/uploads\/2019\/05\/logo.png\",\"width\":112,\"height\":112,\"caption\":\"Official Czech & Slovak Everton Supporters' Club\"},\"image\":{\"@id\":\"https:\/\/evertonfc.cz\/#\/schema\/logo\/image\/\"},\"sameAs\":[\"https:\/\/www.facebook.com\/everton.fans.cz.sk\"]},{\"@type\":\"Person\",\"@id\":\"https:\/\/evertonfc.cz\/#\/schema\/person\/d4493b8cbea51532597fbc4685698916\",\"name\":\"BlueBlooded\",\"url\":\"https:\/\/evertonfc.cz\/index.php\/author\/admin\/\"}]}<\/script>\n<!-- \/ Yoast SEO plugin. -->","yoast_head_json":{"title":"Jonjoe presved\u010den\u00fd o hos\u0165ovan\u00ed - Official Czech &amp; Slovak Everton Supporters&#039; Club","robots":{"index":"index","follow":"follow","max-snippet":"max-snippet:-1","max-image-preview":"max-image-preview:large","max-video-preview":"max-video-preview:-1"},"canonical":"https:\/\/evertonfc.cz\/index.php\/2019\/06\/12\/jonjoe-presvedceny-o-hostovani\/","og_locale":"cs_CZ","og_type":"article","og_title":"Jonjoe presved\u010den\u00fd o hos\u0165ovan\u00ed - Official Czech &amp; Slovak Everton Supporters&#039; Club","og_description":"22 ro\u010dn\u00fd prav\u00fd obranca sa vyjadril k ned\u00e1vno uskuto\u010dnen\u00e9mu prestupu. Na najbli\u017e\u0161\u00ed rok bude h\u00e1ji\u0165 kr\u00e1\u013eovsk\u00fa modr\u00fa v Severnom Por\u00fdnii-Vestf\u00e1slku.","og_url":"https:\/\/evertonfc.cz\/index.php\/2019\/06\/12\/jonjoe-presvedceny-o-hostovani\/","og_site_name":"Official Czech &amp; Slovak Everton Supporters&#039; Club","article_publisher":"https:\/\/www.facebook.com\/everton.fans.cz.sk","article_published_time":"2019-06-12T14:28:49+00:00","article_modified_time":"2020-04-28T13:40:57+00:00","og_image":[{"width":720,"height":405,"url":"https:\/\/evertonfc.cz\/wp-content\/uploads\/2019\/06\/kenny-12-6-2019.jpg","type":"image\/jpeg"}],"author":"BlueBlooded","twitter_card":"summary_large_image","twitter_misc":{"Napsal(a)":"BlueBlooded","Odhadovan\u00e1 doba \u010dten\u00ed":"2 minuty"},"schema":{"@context":"https:\/\/schema.org","@graph":[{"@type":"Article","@id":"https:\/\/evertonfc.cz\/index.php\/2019\/06\/12\/jonjoe-presvedceny-o-hostovani\/#article","isPartOf":{"@id":"https:\/\/evertonfc.cz\/index.php\/2019\/06\/12\/jonjoe-presvedceny-o-hostovani\/"},"author":{"name":"BlueBlooded","@id":"https:\/\/evertonfc.cz\/#\/schema\/person\/d4493b8cbea51532597fbc4685698916"},"headline":"Jonjoe presved\u010den\u00fd o hos\u0165ovan\u00ed","datePublished":"2019-06-12T14:28:49+00:00","dateModified":"2020-04-28T13:40:57+00:00","mainEntityOfPage":{"@id":"https:\/\/evertonfc.cz\/index.php\/2019\/06\/12\/jonjoe-presvedceny-o-hostovani\/"},"wordCount":456,"commentCount":0,"publisher":{"@id":"https:\/\/evertonfc.cz\/#organization"},"image":{"@id":"https:\/\/evertonfc.cz\/index.php\/2019\/06\/12\/jonjoe-presvedceny-o-hostovani\/#primaryimage"},"thumbnailUrl":"https:\/\/evertonfc.cz\/wp-content\/uploads\/2019\/06\/kenny-12-6-2019.jpg","articleSection":["Rozhovory"],"inLanguage":"cs","potentialAction":[{"@type":"CommentAction","name":"Comment","target":["https:\/\/evertonfc.cz\/index.php\/2019\/06\/12\/jonjoe-presvedceny-o-hostovani\/#respond"]}]},{"@type":"WebPage","@id":"https:\/\/evertonfc.cz\/index.php\/2019\/06\/12\/jonjoe-presvedceny-o-hostovani\/","url":"https:\/\/evertonfc.cz\/index.php\/2019\/06\/12\/jonjoe-presvedceny-o-hostovani\/","name":"Jonjoe presved\u010den\u00fd o hos\u0165ovan\u00ed - Official Czech &amp; Slovak Everton Supporters&#039; Club","isPartOf":{"@id":"https:\/\/evertonfc.cz\/#website"},"primaryImageOfPage":{"@id":"https:\/\/evertonfc.cz\/index.php\/2019\/06\/12\/jonjoe-presvedceny-o-hostovani\/#primaryimage"},"image":{"@id":"https:\/\/evertonfc.cz\/index.php\/2019\/06\/12\/jonjoe-presvedceny-o-hostovani\/#primaryimage"},"thumbnailUrl":"https:\/\/evertonfc.cz\/wp-content\/uploads\/2019\/06\/kenny-12-6-2019.jpg","datePublished":"2019-06-12T14:28:49+00:00","dateModified":"2020-04-28T13:40:57+00:00","breadcrumb":{"@id":"https:\/\/evertonfc.cz\/index.php\/2019\/06\/12\/jonjoe-presvedceny-o-hostovani\/#breadcrumb"},"inLanguage":"cs","potentialAction":[{"@type":"ReadAction","target":["https:\/\/evertonfc.cz\/index.php\/2019\/06\/12\/jonjoe-presvedceny-o-hostovani\/"]}]},{"@type":"ImageObject","inLanguage":"cs","@id":"https:\/\/evertonfc.cz\/index.php\/2019\/06\/12\/jonjoe-presvedceny-o-hostovani\/#primaryimage","url":"https:\/\/evertonfc.cz\/wp-content\/uploads\/2019\/06\/kenny-12-6-2019.jpg","contentUrl":"https:\/\/evertonfc.cz\/wp-content\/uploads\/2019\/06\/kenny-12-6-2019.jpg","width":720,"height":405},{"@type":"BreadcrumbList","@id":"https:\/\/evertonfc.cz\/index.php\/2019\/06\/12\/jonjoe-presvedceny-o-hostovani\/#breadcrumb","itemListElement":[{"@type":"ListItem","position":1,"name":"Home","item":"https:\/\/evertonfc.cz\/"},{"@type":"ListItem","position":2,"name":"Jonjoe presved\u010den\u00fd o hos\u0165ovan\u00ed"}]},{"@type":"WebSite","@id":"https:\/\/evertonfc.cz\/#website","url":"https:\/\/evertonfc.cz\/","name":"Official Czech &amp; Slovak Everton Supporters&#039; Club","description":"","publisher":{"@id":"https:\/\/evertonfc.cz\/#organization"},"potentialAction":[{"@type":"SearchAction","target":{"@type":"EntryPoint","urlTemplate":"https:\/\/evertonfc.cz\/?s={search_term_string}"},"query-input":{"@type":"PropertyValueSpecification","valueRequired":true,"valueName":"search_term_string"}}],"inLanguage":"cs"},{"@type":"Organization","@id":"https:\/\/evertonfc.cz\/#organization","name":"Official Czech & Slovak Everton Supporters' Club","url":"https:\/\/evertonfc.cz\/","logo":{"@type":"ImageObject","inLanguage":"cs","@id":"https:\/\/evertonfc.cz\/#\/schema\/logo\/image\/","url":"https:\/\/evertonfc.cz\/wp-content\/uploads\/2019\/05\/logo.png","contentUrl":"https:\/\/evertonfc.cz\/wp-content\/uploads\/2019\/05\/logo.png","width":112,"height":112,"caption":"Official Czech & Slovak Everton Supporters' Club"},"image":{"@id":"https:\/\/evertonfc.cz\/#\/schema\/logo\/image\/"},"sameAs":["https:\/\/www.facebook.com\/everton.fans.cz.sk"]},{"@type":"Person","@id":"https:\/\/evertonfc.cz\/#\/schema\/person\/d4493b8cbea51532597fbc4685698916","name":"BlueBlooded","url":"https:\/\/evertonfc.cz\/index.php\/author\/admin\/"}]}},"_links":{"self":[{"href":"https:\/\/evertonfc.cz\/index.php\/wp-json\/wp\/v2\/posts\/8057"}],"collection":[{"href":"https:\/\/evertonfc.cz\/index.php\/wp-json\/wp\/v2\/posts"}],"about":[{"href":"https:\/\/evertonfc.cz\/index.php\/wp-json\/wp\/v2\/types\/post"}],"author":[{"embeddable":true,"href":"https:\/\/evertonfc.cz\/index.php\/wp-json\/wp\/v2\/users\/1"}],"replies":[{"embeddable":true,"href":"https:\/\/evertonfc.cz\/index.php\/wp-json\/wp\/v2\/comments?post=8057"}],"version-history":[{"count":5,"href":"https:\/\/evertonfc.cz\/index.php\/wp-json\/wp\/v2\/posts\/8057\/revisions"}],"predecessor-version":[{"id":10617,"href":"https:\/\/evertonfc.cz\/index.php\/wp-json\/wp\/v2\/posts\/8057\/revisions\/10617"}],"wp:featuredmedia":[{"embeddable":true,"href":"https:\/\/evertonfc.cz\/index.php\/wp-json\/wp\/v2\/media\/8058"}],"wp:attachment":[{"href":"https:\/\/evertonfc.cz\/index.php\/wp-json\/wp\/v2\/media?parent=8057"}],"wp:term":[{"taxonomy":"category","embeddable":true,"href":"https:\/\/evertonfc.cz\/index.php\/wp-json\/wp\/v2\/categories?post=8057"},{"taxonomy":"post_tag","embeddable":true,"href":"https:\/\/evertonfc.cz\/index.php\/wp-json\/wp\/v2\/tags?post=8057"}],"curies":[{"name":"wp","href":"https:\/\/api.w.org\/{rel}","templated":true}]}}