{"id":8076,"date":"2019-06-13T11:33:29","date_gmt":"2019-06-13T09:33:29","guid":{"rendered":"https:\/\/evertonfc.cz\/?p=8076"},"modified":"2019-06-13T12:37:03","modified_gmt":"2019-06-13T10:37:03","slug":"los-premier-league-2019-20","status":"publish","type":"post","link":"https:\/\/evertonfc.cz\/index.php\/2019\/06\/13\/los-premier-league-2019-20\/","title":{"rendered":"Los Premier League 2019\/20"},"content":{"rendered":"<h4><strong>Premier League dnes zve\u0159ejnila rozpis z\u00e1pas\u016f pro novou sez\u00f3nu. Everton ji zah\u00e1j\u00ed o v\u00edkendu 10. srpna venkovn\u00edm z\u00e1pasem s Crystalem Palace. Prvn\u00ed Merseyside derby s Liverpoolem se uskute\u010dn\u00ed na Anfieldu na za\u010d\u00e1tku prosince.<\/strong><\/h4>\n<p>V\u016fbec cel\u00fd prosinec bude pro Everton velmi n\u00e1ro\u010dn\u00fd, po derby se postupn\u011b st\u0159etne s Chelsea (doma), Manchesterem United (venku) a Arsenalem (doma).<\/p>\n<p>Kalend\u00e1\u0159n\u00ed rok 2019 zakon\u010d\u00ed venkovn\u00edm duelem s Newcaslem a nov\u00fd rok 2020 p\u0159iv\u00edt\u00e1 venkovn\u00edm duelem s Manchesterem City.<\/p>\n<p>\u010cty\u0159i po sob\u011b jdouc\u00ed odvetn\u00e9 utk\u00e1n\u00ed s Arsenalem, Manchesterem United, Chelsea a Liverpoolem budou odehr\u00e1ny na p\u0159elomu \u00fanora a b\u0159ezna. Sez\u00f3nu uzav\u0159e dom\u00e1c\u00ed duel s Bournemouthem.<\/p>\n<p>P\u0159esn\u00e1 data z\u00e1pas\u016f budou ozn\u00e1mena a\u017e po dohod\u011b s vys\u00edlac\u00edmi stanicemi.<\/p>\n<h4>Srpen 2019<\/h4>\n<p>10. 08. Crystal Palace (v)<br \/>\n17. 08. Watford (d)<br \/>\n24. 08. Aston Villa (v)<br \/>\n31. 08. Wolverhampton Wanderers (d)<\/p>\n<h4>Z\u00e1\u0159\u00ed 2019<\/h4>\n<p>14. 09. AFC Bournemouth (v)<br \/>\n21. 09. Sheffield United (d)<br \/>\n28. 09. Manchester City (d)<\/p>\n<h4>\u0158\u00edjen 2019<\/h4>\n<p>05. 10. Burnley (v)<br \/>\n19. 10. West Ham (d)<br \/>\n26. 10. Brighton &amp; Hove Albion (v)<\/p>\n<h4>Listopad 2019<\/h4>\n<p>02. 11. Tottenham Hotspur (d)<br \/>\n08. 11. Southampton (v)<br \/>\n23. 11. Norwich City (d)<br \/>\n30. 11. Leicester City (v)<\/p>\n<h4>Prosinec 2019<\/h4>\n<p>04. 12. Liverpool (v)<br \/>\n07. 12. Chelsea (d)<br \/>\n14. 12. Manchester United (v)<br \/>\n21. 12. Arsenal (d)<br \/>\n26. 12. Burnley (d)<br \/>\n28. 12. Newcastle United (v)<\/p>\n<h4>Leden 2020<\/h4>\n<p>01. 01. Manchester City (v)<br \/>\n11. 01. Brighton &amp; Hove Albion (d)<br \/>\n18. 01. West Ham United (v)<br \/>\n21. 01. Newcastle United (d)<\/p>\n<h4>\u00danor 2020<\/h4>\n<p>01. 02. Watford (v)<br \/>\n08. 02. Crystal Palace (d)<br \/>\n22. 02. Arsenal (v)<br \/>\n29. 02. Manchester United (d)<\/p>\n<h4>B\u0159ezen 2020<\/h4>\n<p>07. 03. Chelsea (v)<br \/>\n14. 03. Liverpool (d)<br \/>\n21. 03. Norwich City (v)<\/p>\n<h4>Duben 2020<\/h4>\n<p>04. 04. Leicester City (d)<br \/>\n11. 04. Tottenham Hotspur (v)<br \/>\n18. 04. Southampton (d)<br \/>\n25. 04. Wolverhampton Wanderers (v)<\/p>\n<h4>Kv\u011bten 2020<\/h4>\n<p>02. 05. Aston Villa (d)<br \/>\n09. 05. Sheffield United (v)<br \/>\n17. 05. AFC Bournemouth (d)<\/p>\n","protected":false},"excerpt":{"rendered":"<p>Premier League dnes zve\u0159ejnila rozpis z\u00e1pas\u016f pro novou sez\u00f3nu. Everton ji zah\u00e1j\u00ed o v\u00edkendu 10. srpna venkovn\u00edm z\u00e1pasem s Crystalem Palace. Prvn\u00ed Merseyside derby s Liverpoolem se uskute\u010dn\u00ed na Anfieldu na za\u010d\u00e1tku prosince.<\/p>\n","protected":false},"author":6,"featured_media":8075,"comment_status":"open","ping_status":"closed","sticky":false,"template":"","format":"standard","meta":{"_eb_attr":"","_monsterinsights_skip_tracking":false,"_monsterinsights_sitenote_active":false,"_monsterinsights_sitenote_note":"","_monsterinsights_sitenote_category":0,"footnotes":""},"categories":[42],"tags":[],"yoast_head":"<!-- This site is optimized with the Yoast SEO plugin v23.4 - https:\/\/yoast.com\/wordpress\/plugins\/seo\/ -->\n<title>Los Premier League 2019\/20 - Official Czech &amp; Slovak Everton Supporters&#039; Club<\/title>\n<meta name=\"robots\" content=\"index, follow, max-snippet:-1, max-image-preview:large, max-video-preview:-1\" \/>\n<link rel=\"canonical\" href=\"https:\/\/evertonfc.cz\/index.php\/2019\/06\/13\/los-premier-league-2019-20\/\" \/>\n<meta property=\"og:locale\" content=\"cs_CZ\" \/>\n<meta property=\"og:type\" content=\"article\" \/>\n<meta property=\"og:title\" content=\"Los Premier League 2019\/20 - Official Czech &amp; Slovak Everton Supporters&#039; Club\" \/>\n<meta property=\"og:description\" content=\"Premier League dnes zve\u0159ejnila rozpis z\u00e1pas\u016f pro novou sez\u00f3nu. Everton ji zah\u00e1j\u00ed o v\u00edkendu 10. srpna venkovn\u00edm z\u00e1pasem s Crystalem Palace. Prvn\u00ed Merseyside derby s Liverpoolem se uskute\u010dn\u00ed na Anfieldu na za\u010d\u00e1tku prosince.\" \/>\n<meta property=\"og:url\" content=\"https:\/\/evertonfc.cz\/index.php\/2019\/06\/13\/los-premier-league-2019-20\/\" \/>\n<meta property=\"og:site_name\" content=\"Official Czech &amp; Slovak Everton Supporters&#039; Club\" \/>\n<meta property=\"article:publisher\" content=\"https:\/\/www.facebook.com\/everton.fans.cz.sk\" \/>\n<meta property=\"article:published_time\" content=\"2019-06-13T09:33:29+00:00\" \/>\n<meta property=\"article:modified_time\" content=\"2019-06-13T10:37:03+00:00\" \/>\n<meta property=\"og:image\" content=\"https:\/\/evertonfc.cz\/wp-content\/uploads\/2019\/06\/pl_13_7_2019.jpeg\" \/>\n\t<meta property=\"og:image:width\" content=\"720\" \/>\n\t<meta property=\"og:image:height\" content=\"405\" \/>\n\t<meta property=\"og:image:type\" content=\"image\/jpeg\" \/>\n<meta name=\"author\" content=\"Ri\u010di\" \/>\n<meta name=\"twitter:card\" content=\"summary_large_image\" \/>\n<meta name=\"twitter:creator\" content=\"@rbrejsa\" \/>\n<meta name=\"twitter:label1\" content=\"Napsal(a)\" \/>\n\t<meta name=\"twitter:data1\" content=\"Ri\u010di\" \/>\n\t<meta name=\"twitter:label2\" content=\"Odhadovan\u00e1 doba \u010dten\u00ed\" \/>\n\t<meta name=\"twitter:data2\" content=\"1 minuta\" \/>\n<script type=\"application\/ld+json\" class=\"yoast-schema-graph\">{\"@context\":\"https:\/\/schema.org\",\"@graph\":[{\"@type\":\"Article\",\"@id\":\"https:\/\/evertonfc.cz\/index.php\/2019\/06\/13\/los-premier-league-2019-20\/#article\",\"isPartOf\":{\"@id\":\"https:\/\/evertonfc.cz\/index.php\/2019\/06\/13\/los-premier-league-2019-20\/\"},\"author\":{\"name\":\"Ri\u010di\",\"@id\":\"https:\/\/evertonfc.cz\/#\/schema\/person\/f7a5daedb2ffee98480bc70e191aaef1\"},\"headline\":\"Los Premier League 2019\/20\",\"datePublished\":\"2019-06-13T09:33:29+00:00\",\"dateModified\":\"2019-06-13T10:37:03+00:00\",\"mainEntityOfPage\":{\"@id\":\"https:\/\/evertonfc.cz\/index.php\/2019\/06\/13\/los-premier-league-2019-20\/\"},\"wordCount\":260,\"commentCount\":7,\"publisher\":{\"@id\":\"https:\/\/evertonfc.cz\/#organization\"},\"image\":{\"@id\":\"https:\/\/evertonfc.cz\/index.php\/2019\/06\/13\/los-premier-league-2019-20\/#primaryimage\"},\"thumbnailUrl\":\"https:\/\/evertonfc.cz\/wp-content\/uploads\/2019\/06\/pl_13_7_2019.jpeg\",\"articleSection\":[\"Aktuality\"],\"inLanguage\":\"cs\",\"potentialAction\":[{\"@type\":\"CommentAction\",\"name\":\"Comment\",\"target\":[\"https:\/\/evertonfc.cz\/index.php\/2019\/06\/13\/los-premier-league-2019-20\/#respond\"]}]},{\"@type\":\"WebPage\",\"@id\":\"https:\/\/evertonfc.cz\/index.php\/2019\/06\/13\/los-premier-league-2019-20\/\",\"url\":\"https:\/\/evertonfc.cz\/index.php\/2019\/06\/13\/los-premier-league-2019-20\/\",\"name\":\"Los Premier League 2019\/20 - Official Czech &amp; Slovak Everton Supporters&#039; Club\",\"isPartOf\":{\"@id\":\"https:\/\/evertonfc.cz\/#website\"},\"primaryImageOfPage\":{\"@id\":\"https:\/\/evertonfc.cz\/index.php\/2019\/06\/13\/los-premier-league-2019-20\/#primaryimage\"},\"image\":{\"@id\":\"https:\/\/evertonfc.cz\/index.php\/2019\/06\/13\/los-premier-league-2019-20\/#primaryimage\"},\"thumbnailUrl\":\"https:\/\/evertonfc.cz\/wp-content\/uploads\/2019\/06\/pl_13_7_2019.jpeg\",\"datePublished\":\"2019-06-13T09:33:29+00:00\",\"dateModified\":\"2019-06-13T10:37:03+00:00\",\"breadcrumb\":{\"@id\":\"https:\/\/evertonfc.cz\/index.php\/2019\/06\/13\/los-premier-league-2019-20\/#breadcrumb\"},\"inLanguage\":\"cs\",\"potentialAction\":[{\"@type\":\"ReadAction\",\"target\":[\"https:\/\/evertonfc.cz\/index.php\/2019\/06\/13\/los-premier-league-2019-20\/\"]}]},{\"@type\":\"ImageObject\",\"inLanguage\":\"cs\",\"@id\":\"https:\/\/evertonfc.cz\/index.php\/2019\/06\/13\/los-premier-league-2019-20\/#primaryimage\",\"url\":\"https:\/\/evertonfc.cz\/wp-content\/uploads\/2019\/06\/pl_13_7_2019.jpeg\",\"contentUrl\":\"https:\/\/evertonfc.cz\/wp-content\/uploads\/2019\/06\/pl_13_7_2019.jpeg\",\"width\":720,\"height\":405},{\"@type\":\"BreadcrumbList\",\"@id\":\"https:\/\/evertonfc.cz\/index.php\/2019\/06\/13\/los-premier-league-2019-20\/#breadcrumb\",\"itemListElement\":[{\"@type\":\"ListItem\",\"position\":1,\"name\":\"Home\",\"item\":\"https:\/\/evertonfc.cz\/\"},{\"@type\":\"ListItem\",\"position\":2,\"name\":\"Los Premier League 2019\/20\"}]},{\"@type\":\"WebSite\",\"@id\":\"https:\/\/evertonfc.cz\/#website\",\"url\":\"https:\/\/evertonfc.cz\/\",\"name\":\"Official Czech &amp; Slovak Everton Supporters&#039; Club\",\"description\":\"\",\"publisher\":{\"@id\":\"https:\/\/evertonfc.cz\/#organization\"},\"potentialAction\":[{\"@type\":\"SearchAction\",\"target\":{\"@type\":\"EntryPoint\",\"urlTemplate\":\"https:\/\/evertonfc.cz\/?s={search_term_string}\"},\"query-input\":{\"@type\":\"PropertyValueSpecification\",\"valueRequired\":true,\"valueName\":\"search_term_string\"}}],\"inLanguage\":\"cs\"},{\"@type\":\"Organization\",\"@id\":\"https:\/\/evertonfc.cz\/#organization\",\"name\":\"Official Czech & Slovak Everton Supporters' Club\",\"url\":\"https:\/\/evertonfc.cz\/\",\"logo\":{\"@type\":\"ImageObject\",\"inLanguage\":\"cs\",\"@id\":\"https:\/\/evertonfc.cz\/#\/schema\/logo\/image\/\",\"url\":\"https:\/\/evertonfc.cz\/wp-content\/uploads\/2019\/05\/logo.png\",\"contentUrl\":\"https:\/\/evertonfc.cz\/wp-content\/uploads\/2019\/05\/logo.png\",\"width\":112,\"height\":112,\"caption\":\"Official Czech & Slovak Everton Supporters' Club\"},\"image\":{\"@id\":\"https:\/\/evertonfc.cz\/#\/schema\/logo\/image\/\"},\"sameAs\":[\"https:\/\/www.facebook.com\/everton.fans.cz.sk\"]},{\"@type\":\"Person\",\"@id\":\"https:\/\/evertonfc.cz\/#\/schema\/person\/f7a5daedb2ffee98480bc70e191aaef1\",\"name\":\"Ri\u010di\",\"sameAs\":[\"https:\/\/x.com\/rbrejsa\"],\"url\":\"https:\/\/evertonfc.cz\/index.php\/author\/rici\/\"}]}<\/script>\n<!-- \/ Yoast SEO plugin. -->","yoast_head_json":{"title":"Los Premier League 2019\/20 - Official Czech &amp; Slovak Everton Supporters&#039; Club","robots":{"index":"index","follow":"follow","max-snippet":"max-snippet:-1","max-image-preview":"max-image-preview:large","max-video-preview":"max-video-preview:-1"},"canonical":"https:\/\/evertonfc.cz\/index.php\/2019\/06\/13\/los-premier-league-2019-20\/","og_locale":"cs_CZ","og_type":"article","og_title":"Los Premier League 2019\/20 - Official Czech &amp; Slovak Everton Supporters&#039; Club","og_description":"Premier League dnes zve\u0159ejnila rozpis z\u00e1pas\u016f pro novou sez\u00f3nu. Everton ji zah\u00e1j\u00ed o v\u00edkendu 10. srpna venkovn\u00edm z\u00e1pasem s Crystalem Palace. Prvn\u00ed Merseyside derby s Liverpoolem se uskute\u010dn\u00ed na Anfieldu na za\u010d\u00e1tku prosince.","og_url":"https:\/\/evertonfc.cz\/index.php\/2019\/06\/13\/los-premier-league-2019-20\/","og_site_name":"Official Czech &amp; Slovak Everton Supporters&#039; Club","article_publisher":"https:\/\/www.facebook.com\/everton.fans.cz.sk","article_published_time":"2019-06-13T09:33:29+00:00","article_modified_time":"2019-06-13T10:37:03+00:00","og_image":[{"width":720,"height":405,"url":"https:\/\/evertonfc.cz\/wp-content\/uploads\/2019\/06\/pl_13_7_2019.jpeg","type":"image\/jpeg"}],"author":"Ri\u010di","twitter_card":"summary_large_image","twitter_creator":"@rbrejsa","twitter_misc":{"Napsal(a)":"Ri\u010di","Odhadovan\u00e1 doba \u010dten\u00ed":"1 minuta"},"schema":{"@context":"https:\/\/schema.org","@graph":[{"@type":"Article","@id":"https:\/\/evertonfc.cz\/index.php\/2019\/06\/13\/los-premier-league-2019-20\/#article","isPartOf":{"@id":"https:\/\/evertonfc.cz\/index.php\/2019\/06\/13\/los-premier-league-2019-20\/"},"author":{"name":"Ri\u010di","@id":"https:\/\/evertonfc.cz\/#\/schema\/person\/f7a5daedb2ffee98480bc70e191aaef1"},"headline":"Los Premier League 2019\/20","datePublished":"2019-06-13T09:33:29+00:00","dateModified":"2019-06-13T10:37:03+00:00","mainEntityOfPage":{"@id":"https:\/\/evertonfc.cz\/index.php\/2019\/06\/13\/los-premier-league-2019-20\/"},"wordCount":260,"commentCount":7,"publisher":{"@id":"https:\/\/evertonfc.cz\/#organization"},"image":{"@id":"https:\/\/evertonfc.cz\/index.php\/2019\/06\/13\/los-premier-league-2019-20\/#primaryimage"},"thumbnailUrl":"https:\/\/evertonfc.cz\/wp-content\/uploads\/2019\/06\/pl_13_7_2019.jpeg","articleSection":["Aktuality"],"inLanguage":"cs","potentialAction":[{"@type":"CommentAction","name":"Comment","target":["https:\/\/evertonfc.cz\/index.php\/2019\/06\/13\/los-premier-league-2019-20\/#respond"]}]},{"@type":"WebPage","@id":"https:\/\/evertonfc.cz\/index.php\/2019\/06\/13\/los-premier-league-2019-20\/","url":"https:\/\/evertonfc.cz\/index.php\/2019\/06\/13\/los-premier-league-2019-20\/","name":"Los Premier League 2019\/20 - Official Czech &amp; Slovak Everton Supporters&#039; Club","isPartOf":{"@id":"https:\/\/evertonfc.cz\/#website"},"primaryImageOfPage":{"@id":"https:\/\/evertonfc.cz\/index.php\/2019\/06\/13\/los-premier-league-2019-20\/#primaryimage"},"image":{"@id":"https:\/\/evertonfc.cz\/index.php\/2019\/06\/13\/los-premier-league-2019-20\/#primaryimage"},"thumbnailUrl":"https:\/\/evertonfc.cz\/wp-content\/uploads\/2019\/06\/pl_13_7_2019.jpeg","datePublished":"2019-06-13T09:33:29+00:00","dateModified":"2019-06-13T10:37:03+00:00","breadcrumb":{"@id":"https:\/\/evertonfc.cz\/index.php\/2019\/06\/13\/los-premier-league-2019-20\/#breadcrumb"},"inLanguage":"cs","potentialAction":[{"@type":"ReadAction","target":["https:\/\/evertonfc.cz\/index.php\/2019\/06\/13\/los-premier-league-2019-20\/"]}]},{"@type":"ImageObject","inLanguage":"cs","@id":"https:\/\/evertonfc.cz\/index.php\/2019\/06\/13\/los-premier-league-2019-20\/#primaryimage","url":"https:\/\/evertonfc.cz\/wp-content\/uploads\/2019\/06\/pl_13_7_2019.jpeg","contentUrl":"https:\/\/evertonfc.cz\/wp-content\/uploads\/2019\/06\/pl_13_7_2019.jpeg","width":720,"height":405},{"@type":"BreadcrumbList","@id":"https:\/\/evertonfc.cz\/index.php\/2019\/06\/13\/los-premier-league-2019-20\/#breadcrumb","itemListElement":[{"@type":"ListItem","position":1,"name":"Home","item":"https:\/\/evertonfc.cz\/"},{"@type":"ListItem","position":2,"name":"Los Premier League 2019\/20"}]},{"@type":"WebSite","@id":"https:\/\/evertonfc.cz\/#website","url":"https:\/\/evertonfc.cz\/","name":"Official Czech &amp; Slovak Everton Supporters&#039; Club","description":"","publisher":{"@id":"https:\/\/evertonfc.cz\/#organization"},"potentialAction":[{"@type":"SearchAction","target":{"@type":"EntryPoint","urlTemplate":"https:\/\/evertonfc.cz\/?s={search_term_string}"},"query-input":{"@type":"PropertyValueSpecification","valueRequired":true,"valueName":"search_term_string"}}],"inLanguage":"cs"},{"@type":"Organization","@id":"https:\/\/evertonfc.cz\/#organization","name":"Official Czech & Slovak Everton Supporters' Club","url":"https:\/\/evertonfc.cz\/","logo":{"@type":"ImageObject","inLanguage":"cs","@id":"https:\/\/evertonfc.cz\/#\/schema\/logo\/image\/","url":"https:\/\/evertonfc.cz\/wp-content\/uploads\/2019\/05\/logo.png","contentUrl":"https:\/\/evertonfc.cz\/wp-content\/uploads\/2019\/05\/logo.png","width":112,"height":112,"caption":"Official Czech & Slovak Everton Supporters' Club"},"image":{"@id":"https:\/\/evertonfc.cz\/#\/schema\/logo\/image\/"},"sameAs":["https:\/\/www.facebook.com\/everton.fans.cz.sk"]},{"@type":"Person","@id":"https:\/\/evertonfc.cz\/#\/schema\/person\/f7a5daedb2ffee98480bc70e191aaef1","name":"Ri\u010di","sameAs":["https:\/\/x.com\/rbrejsa"],"url":"https:\/\/evertonfc.cz\/index.php\/author\/rici\/"}]}},"_links":{"self":[{"href":"https:\/\/evertonfc.cz\/index.php\/wp-json\/wp\/v2\/posts\/8076"}],"collection":[{"href":"https:\/\/evertonfc.cz\/index.php\/wp-json\/wp\/v2\/posts"}],"about":[{"href":"https:\/\/evertonfc.cz\/index.php\/wp-json\/wp\/v2\/types\/post"}],"author":[{"embeddable":true,"href":"https:\/\/evertonfc.cz\/index.php\/wp-json\/wp\/v2\/users\/6"}],"replies":[{"embeddable":true,"href":"https:\/\/evertonfc.cz\/index.php\/wp-json\/wp\/v2\/comments?post=8076"}],"version-history":[{"count":8,"href":"https:\/\/evertonfc.cz\/index.php\/wp-json\/wp\/v2\/posts\/8076\/revisions"}],"predecessor-version":[{"id":8084,"href":"https:\/\/evertonfc.cz\/index.php\/wp-json\/wp\/v2\/posts\/8076\/revisions\/8084"}],"wp:featuredmedia":[{"embeddable":true,"href":"https:\/\/evertonfc.cz\/index.php\/wp-json\/wp\/v2\/media\/8075"}],"wp:attachment":[{"href":"https:\/\/evertonfc.cz\/index.php\/wp-json\/wp\/v2\/media?parent=8076"}],"wp:term":[{"taxonomy":"category","embeddable":true,"href":"https:\/\/evertonfc.cz\/index.php\/wp-json\/wp\/v2\/categories?post=8076"},{"taxonomy":"post_tag","embeddable":true,"href":"https:\/\/evertonfc.cz\/index.php\/wp-json\/wp\/v2\/tags?post=8076"}],"curies":[{"name":"wp","href":"https:\/\/api.w.org\/{rel}","templated":true}]}}