{"id":8089,"date":"2019-06-14T18:38:28","date_gmt":"2019-06-14T16:38:28","guid":{"rendered":"https:\/\/evertonfc.cz\/?p=8089"},"modified":"2020-03-25T19:59:12","modified_gmt":"2020-03-25T18:59:12","slug":"stradajuci-gomes-nasiel-pokoj","status":"publish","type":"post","link":"https:\/\/evertonfc.cz\/index.php\/2019\/06\/14\/stradajuci-gomes-nasiel-pokoj\/","title":{"rendered":"Str\u00e1daj\u00faci Gomes na\u0161iel pokoj"},"content":{"rendered":"<h4>Portugalsk\u00fd stredopoliar si s\u00edce u\u017e\u00edva moment\u00e1lne dovolenku, ale to v\u00f4bec nebr\u00e1ni \u0161pekul\u00e1ci\u00e1m m\u00e9di\u00ed o\u00a0jeho najbli\u017e\u0161ej bud\u00facnosti. T\u00fa st\u00e1le nem\u00e1 vyrie\u0161en\u00fa.<\/h4>\n<p>E\u0161te po\u010das sez\u00f3ny, konkr\u00e9tne na jej konci, stihol dvadsa\u0165p\u00e4\u0165ro\u010dn\u00e9ho reprezentanta Sele\u00e7\u00e3a das Quinas vyspoveda\u0165 Phil Kirkbride z\u00a0denn\u00edka Liverpool Echo. Jeho odpovede v\u00a0celom znen\u00ed v\u00e1m prelo\u017een\u00e9 prin\u00e1\u0161ame len my. Andr\u00e9 sa v nich vyjadril okrem s\u00fa\u010dasn\u00e9ho p\u00f4sobenia v\u00a0Evertone aj k\u00a0ne\u00faspe\u0161n\u00e9mu anga\u017em\u00e1nu v\u00a0Barcelone.<\/p>\n<p>Pr\u00e1ve odtia\u013e t\u00fato sez\u00f3nu u Toffees hos\u0165oval. Minul\u00fd rok, ke\u010f sa pre Panenka Magazine rozrozpr\u00e1val o svojom men\u0161om pekle, ktor\u00fdm si pre\u0161iel v Katal\u00e1nsku, ve\u013ekej v\u00e4\u010d\u0161ine laikov otvoril o\u010di. Lebo \u017eivot profesion\u00e1lneho futbalistu nemus\u00ed by\u0165 pr\u00e1ve prech\u00e1dzkou ru\u017eovou z\u00e1hradou. Tlak na v\u00fdkony v \u0161pi\u010dkov\u00fdch kluboch je obrovsk\u00fd a tento n\u00e1klad mus\u00ed \u010dlovek zn\u00e1\u0161a\u0165 zo v\u0161etk\u00fdch str\u00e1n.<\/p>\n<p>Hlavne fan\u00fa\u0161ikovia a\u00a0m\u00e9di\u00e1 vedia by\u0165 extr\u00e9mne z\u00e1kern\u00e9. Mo\u017eno niekedy aj nechtiac. Doslova povedal, \u017ee na tr\u00e1vniku sa nec\u00edtil dobre, poci\u0165oval vn\u00fatorn\u00fd tlak a\u00a0s\u00a0t\u00fdm spojen\u00fa stratu sebad\u00f4very. Pokazen\u00e9 z\u00e1pasy na\u0148ho a\u017e pr\u00edli\u0161 doliehali. Dostavili sa psychick\u00e9 bloky, hanba a\u00a0odtrhnutie od okolia.<\/p>\n<p><em>\u201eO\u010dividne, nechcel som poveda\u0165 v\u0161etko to, \u010do som povedal. V\u00a0tom momente som so sebou vn\u00fatorne bojoval. A\u00a0niekedy v\u00e1m pom\u00f4\u017eu pr\u00e1ve \u013eudia, s\u00a0ktor\u00fdmi sa rozpr\u00e1vate, poveda\u0165 to, \u010do naozaj chcete. A\u00a0to bol ten pr\u00edpad. Z\u00e1pasil som s\u00a0t\u00fdm a\u00a0nakoniec som\u00a0povedal v\u0161etko prirodzene.\u201c<\/em><\/p>\n<p><em>\u201eVer\u00edm, \u017ee existuje viacero hr\u00e1\u010dov, ktor\u00ed to c\u00edtia rovnako. Vedia, \u017ee m\u00f4\u017eu da\u0165 viac, ale ned\u00e1 sa. A nemaj\u00fa preto vysvetlenie. O tom to bolo. Usiloval som sa a nevedel som n\u00e1js\u0165 sp\u00f4sob, ako vyjs\u0165 na tr\u00e1vnik a u\u017ei\u0165 si hru, fan\u00fa\u0161ikov. Po tomto priznan\u00ed som za\u010dal rozumie\u0165 ist\u00fdm veciam o trochu viac a znova si u\u017e\u00edva\u0165 futbal.\u201c<\/em><\/p>\n<p><em>\u201eNiektor\u00fdch \u013eud\u00ed to mo\u017eno pletie a\u00a0myslia si, \u017ee futbalista je slab\u00e1 osobnos\u0165. Ale tak to nie je. Ka\u017ed\u00fd to vo svojej pr\u00e1ci m\u00f4\u017ee ob\u010das c\u00edti\u0165, ke\u010f sa nedar\u00ed. Po tom rozhovore som c\u00edtil od spoluhr\u00e1\u010dov, \u017ee mo\u017eno v\u00a0istom bode svojho \u017eivota to tie\u017e za\u017eili a\u00a0je to norm\u00e1lne. Odvtedy som sa pohol \u010falej a\u00a0tvrdo pracoval. A ako som u\u017e povedal, sna\u017e\u00edm sa u\u017e\u00edva\u0165 si futbal a\u00a0by\u0165 \u0161\u0165astn\u00fd.\u201c<\/em><\/p>\n<p>Po prestupe do Evertonu si prakticky okam\u017eite na\u0161iel bl\u00edzku osobu, s\u00a0ktorou tak bola adapt\u00e1cia na cudzie prostredie omnoho \u013eah\u0161ia. Tou osobou bol Ved\u00faci terapeutick\u00fdch slu\u017eieb, Danny Donachie.<\/p>\n<p><em>\u201eKe\u010f som sem pri\u0161iel zranen\u00fd, ako s\u00a0prv\u00fdm som sa rozpr\u00e1val s\u00a0Dannym. Zistili sme, \u017ee Phill Neville je jeho ve\u013ek\u00fd kamar\u00e1t, takisto ako m\u00f4j. Odvtedy m\u00e1me spolu naozaj dobr\u00fd vz\u0165ah, je to u\u017easn\u00e1 osoba a\u00a0tr\u00e1vime spolu \u010das. Bol jedn\u00fdm z\u00a0prv\u00fdch, s\u00a0k\u00fdm som sa spriatelil. Bol pre m\u0148a na za\u010diatku v\u00e1\u017ene d\u00f4le\u017eit\u00fd. Nikto nechce predsa pr\u00eds\u0165 do nov\u00e9ho t\u00edmu so zranen\u00edm.\u201c<\/em><\/p>\n<p>Hos\u0165ovanie za sumu vy\u0161e dvoch mili\u00f3nov eur dotiahol dokonca Marco Silva, ktor\u00fd svojmu krajanovi bezv\u00fdhradne veril. Ako sme u\u017e ve\u013eakr\u00e1t spom\u00ednali, jeho presvied\u010dacie schopnosti, zd\u00e1 sa, nemaj\u00fa konkurenciu.<\/p>\n<p><em>\u201eMysl\u00edm, \u017ee Marco dos\u0165 pomohol. P\u00e1rkr\u00e1t sme sa rozpr\u00e1vali a\u00a0sna\u017eil sa mi vysvetli\u0165, ak\u00fdm smerom chce klub \u00eds\u0165 a\u00a0ak\u00fd bol vtedy t\u00edm. To mi pomohlo rozhodn\u00fa\u0165 sa. Samozrejme, mal som aj in\u00fdch z\u00e1ujemcov, ale po konverz\u00e1cii s\u00a0Marcom to bolo \u013eah\u0161ie.\u201c<\/em><\/p>\n<p><em>\u201eSp\u00fdtal som sa Lucasa, ak\u00e9 to bolo ke\u010f sem pri\u0161iel. Zauj\u00edmalo ma tr\u00e9ningov\u00e9 centrum, akad\u00e9mia, v\u00a0podstate v\u0161etko o\u00a0klube. Od neho to znelo \u00faplne inak, lebo Lucasa pozn\u00e1m ove\u013ea lep\u0161ie. Ale aj tak by som povedal, \u017ee k\u013e\u00fa\u010dov\u00fd bol Marco.\u201c<\/em><\/p>\n<p>Zapadnutie nebolo v\u00f4bec \u0165a\u017ek\u00e9. Everton je dlhodobo zn\u00e1my ako klub s\u00a0rodinnou atmosf\u00e9rou a\u00a0\u0165a\u017eko by sme h\u013eadali nejak\u00e9ho hr\u00e1\u010da, \u010di u\u017e s\u00fa\u010dasn\u00e9ho alebo b\u00fdval\u00e9ho, ktor\u00fd by tvrdil opak.<\/p>\n<p><em>\u201eSpriatelil som sa so v\u0161etk\u00fdmi. S\u00a0person\u00e1lom, s\u00a0kitmenmi, fyzioterapeutmi, aj spoluhr\u00e1\u010dmi. Je ich zop\u00e1r, \u010do nevedia poriadne po anglicky. A\u00a0ke\u010f\u017ee ja ovl\u00e1dam okrem angli\u010dtiny aj braz\u00edlsku portugal\u010dinu a\u00a0\u0161paniel\u010dinu, viem by\u0165 niekedy to spojenie medzi nimi. Bolo tak naozaj \u013eahk\u00e9 zapadn\u00fa\u0165, preto\u017ee v\u0161etci moji spoluhr\u00e1\u010di s\u00fa fantastick\u00ed a pom\u00f4c\u0165 im bolo len plus.\u201c<\/em><\/p>\n<p><em>\u201eAdapt\u00e1cia bola tie\u017e jednoduch\u0161ia. Iste, pre m\u0148a to bolo trochu in\u00e9. Oby\u010dajne, ke\u010f pr\u00eddete v Eur\u00f3pe do nov\u00e9ho klubu, s nov\u00fdmi spoluhr\u00e1\u010dmi, neviete \u010do o\u010dak\u00e1va\u0165. Nemus\u00ed to by\u0165 bezstarostn\u00e9. Nepozn\u00e1te ostatn\u00fdch \u013eud\u00ed. Ale tu mi to chalani u\u013eah\u010dili.\u201c<\/em><\/p>\n<p>Svojho debutu sa Gomes do\u010dkal 21. okt\u00f3bra pri dom\u00e1cej v\u00fdhre na Goodison Parku. Tri body v samom z\u00e1vere z\u00e1pasu zabezpe\u010dili svojimi g\u00f3lmi Calvert-Lewin a Tosun.<\/p>\n<p><em>\u201ePo\u010das stretnutia s Crystal Palace to \u0161lo ve\u013emi dobre. Najm\u00e4 sp\u00f4sob, ak\u00fdm ma fan\u00fa\u0161ikovia priv\u00edtali v klube. Bolo to nie\u010do \u00fa\u017easn\u00e9. Naozaj mi to ve\u013emi dobre padlo. A mysl\u00edm, \u017ee z\u00e1pas bol fajn, vyhrali sme 2:0. Aj v \u0161atni bola sranda, ve\u013ea sme sa nasmiali, aj na mne. V podstate ma tak priv\u00edtali. Toti\u017eto, bola tam jedna situ\u00e1cia, kedy som mal loptu pod kontrolou, ale fauloval som hr\u00e1\u010da, ke\u010f som sna\u017eil prihra\u0165. Celkovo, bol to skuto\u010dne dobr\u00fd za\u010diatok.\u201c<\/em><\/p>\n<p><em>\u201ePo z\u00e1pase som si uvedomil, \u017ee je to u\u017e p\u00e4\u0165 mesiacov, \u010do som nehral. M\u00f4j posledn\u00fd za Barcelonu som odohral v\u00a0apr\u00edli. Ne\u0161iel som na Majstrovstv\u00e1 sveta, tak\u017ee som nehral cez leto. A\u00a0ke\u010f som pri\u0161iel sem, bol som mimo osem t\u00fd\u017ed\u0148ov. Bolo to dlh\u00e9 obdobie.\u201c<\/em><\/p>\n<p>Stredn\u00fd z\u00e1lo\u017en\u00edk s\u00a0dirigentsk\u00fdmi vlohami pri\u0161iel do Barcelony z\u00a0Valencie cez leto 2016 za sumu \u00fadajne 35 mili\u00f3nov eur. \u010eal\u0161\u00edch 20 mili\u00f3nov malo by\u0165 zahrnut\u00fdch v\u00a0pr\u00eddavkoch. Je o\u010dividn\u00e9, \u017ee tam u\u017e bud\u00facnos\u0165 nem\u00e1, a\u00a0preto logicky prich\u00e1dza ot\u00e1zka &#8211; \u010co \u010falej?<\/p>\n<p><em>\u201e\u00daprimne, sna\u017e\u00edm sa nad t\u00fdm neprem\u00fd\u0161\u013ea\u0165. Jedna vec, ktor\u00fa ma futbal nau\u010dil je to, ako zvl\u00e1da\u0165 \u017eivotn\u00e9 situ\u00e1cie a\u00a0ako si u\u017e\u00edva\u0165 de\u0148 po dni. V\u017edy je tu nov\u00e1 v\u00fdzva, ka\u017ed\u00fd v\u00edkend \u010fal\u0161\u00ed z\u00e1pas je v\u00fdzvou, tak\u017ee sa sna\u017e\u00edm myslie\u0165 len na s\u00fa\u010dasnos\u0165. Ak by som sa zam\u00fd\u0161\u013eal, \u010do bude miesto toho \u010do je, asi by som sa ist\u00fdm sp\u00f4sobom zbl\u00e1znil. Sna\u017e\u00edm sa tak len dokon\u010di\u0165 aktu\u00e1lnu sez\u00f3nu \u010do najlep\u0161ie. Da\u0165 zo seba v\u0161etko v\u00a0tr\u00e9ningu a\u00a0v\u00a0ka\u017edom z\u00e1pase. Potom uvid\u00edme.\u201c<\/em><\/p>\n<p><em>\u201eNiekedy sa nezastav\u00edme, ke\u010f treba, a\u00a0neuvedom\u00edme si, \u017ee najd\u00f4le\u017eitej\u0161ie je by\u0165 \u0161\u0165astn\u00fd a\u00a0u\u017e\u00edva\u0165 si. Ob\u010das na to zab\u00fadame. Vyhr\u00e1me titul, alebo p\u00e1r d\u00f4le\u017eit\u00fdch z\u00e1pasov a\u00a0nete\u0161\u00edme sa z nich. Obzvl\u00e1\u0161\u0165 po \u010dase str\u00e1venom v\u00a0Barcelone, kde som mal dobr\u00e9 aj zl\u00e9 chv\u00edle, som si to uvedomil. Tento rok mi v\u00a0tom len pomohol. Milujeme futbal, je to na\u0161a pr\u00e1ca. Ale mali by sme si ju u\u017e\u00edva\u0165 viac.\u201c<\/em><\/p>\n<p style=\"text-align: right;\">(foto zdroj: evertonfc.com)<\/p>\n","protected":false},"excerpt":{"rendered":"<p>Portugalsk\u00fd stredopoliar si s\u00edce u\u017e\u00edva moment\u00e1lne dovolenku, ale to v\u00f4bec nebr\u00e1ni \u0161pekul\u00e1ci\u00e1m m\u00e9di\u00ed o jeho najbli\u017e\u0161ej bud\u00facnosti. T\u00fa st\u00e1le nem\u00e1 vyrie\u0161en\u00fa.<\/p>\n","protected":false},"author":1,"featured_media":8088,"comment_status":"open","ping_status":"closed","sticky":false,"template":"","format":"standard","meta":{"_eb_attr":"","_monsterinsights_skip_tracking":false,"_monsterinsights_sitenote_active":false,"_monsterinsights_sitenote_note":"","_monsterinsights_sitenote_category":0,"footnotes":""},"categories":[1],"tags":[],"yoast_head":"<!-- This site is optimized with the Yoast SEO plugin v23.4 - https:\/\/yoast.com\/wordpress\/plugins\/seo\/ -->\n<title>Str\u00e1daj\u00faci Gomes na\u0161iel pokoj - Official Czech &amp; Slovak Everton Supporters&#039; Club<\/title>\n<meta name=\"robots\" content=\"index, follow, max-snippet:-1, max-image-preview:large, max-video-preview:-1\" \/>\n<link rel=\"canonical\" href=\"https:\/\/evertonfc.cz\/index.php\/2019\/06\/14\/stradajuci-gomes-nasiel-pokoj\/\" \/>\n<meta property=\"og:locale\" content=\"cs_CZ\" \/>\n<meta property=\"og:type\" content=\"article\" \/>\n<meta property=\"og:title\" content=\"Str\u00e1daj\u00faci Gomes na\u0161iel pokoj - Official Czech &amp; Slovak Everton Supporters&#039; Club\" \/>\n<meta property=\"og:description\" content=\"Portugalsk\u00fd stredopoliar si s\u00edce u\u017e\u00edva moment\u00e1lne dovolenku, ale to v\u00f4bec nebr\u00e1ni \u0161pekul\u00e1ci\u00e1m m\u00e9di\u00ed o jeho najbli\u017e\u0161ej bud\u00facnosti. T\u00fa st\u00e1le nem\u00e1 vyrie\u0161en\u00fa.\" \/>\n<meta property=\"og:url\" content=\"https:\/\/evertonfc.cz\/index.php\/2019\/06\/14\/stradajuci-gomes-nasiel-pokoj\/\" \/>\n<meta property=\"og:site_name\" content=\"Official Czech &amp; Slovak Everton Supporters&#039; Club\" \/>\n<meta property=\"article:publisher\" content=\"https:\/\/www.facebook.com\/everton.fans.cz.sk\" \/>\n<meta property=\"article:published_time\" content=\"2019-06-14T16:38:28+00:00\" \/>\n<meta property=\"article:modified_time\" content=\"2020-03-25T18:59:12+00:00\" \/>\n<meta property=\"og:image\" content=\"https:\/\/evertonfc.cz\/wp-content\/uploads\/2019\/06\/gomes-14-6-2019.jpg\" \/>\n\t<meta property=\"og:image:width\" content=\"720\" \/>\n\t<meta property=\"og:image:height\" content=\"405\" \/>\n\t<meta property=\"og:image:type\" content=\"image\/jpeg\" \/>\n<meta name=\"author\" content=\"BlueBlooded\" \/>\n<meta name=\"twitter:card\" content=\"summary_large_image\" \/>\n<meta name=\"twitter:label1\" content=\"Napsal(a)\" \/>\n\t<meta name=\"twitter:data1\" content=\"BlueBlooded\" \/>\n\t<meta name=\"twitter:label2\" content=\"Odhadovan\u00e1 doba \u010dten\u00ed\" \/>\n\t<meta name=\"twitter:data2\" content=\"7 minut\" \/>\n<script type=\"application\/ld+json\" class=\"yoast-schema-graph\">{\"@context\":\"https:\/\/schema.org\",\"@graph\":[{\"@type\":\"Article\",\"@id\":\"https:\/\/evertonfc.cz\/index.php\/2019\/06\/14\/stradajuci-gomes-nasiel-pokoj\/#article\",\"isPartOf\":{\"@id\":\"https:\/\/evertonfc.cz\/index.php\/2019\/06\/14\/stradajuci-gomes-nasiel-pokoj\/\"},\"author\":{\"name\":\"BlueBlooded\",\"@id\":\"https:\/\/evertonfc.cz\/#\/schema\/person\/d4493b8cbea51532597fbc4685698916\"},\"headline\":\"Str\u00e1daj\u00faci Gomes na\u0161iel pokoj\",\"datePublished\":\"2019-06-14T16:38:28+00:00\",\"dateModified\":\"2020-03-25T18:59:12+00:00\",\"mainEntityOfPage\":{\"@id\":\"https:\/\/evertonfc.cz\/index.php\/2019\/06\/14\/stradajuci-gomes-nasiel-pokoj\/\"},\"wordCount\":1326,\"commentCount\":0,\"publisher\":{\"@id\":\"https:\/\/evertonfc.cz\/#organization\"},\"image\":{\"@id\":\"https:\/\/evertonfc.cz\/index.php\/2019\/06\/14\/stradajuci-gomes-nasiel-pokoj\/#primaryimage\"},\"thumbnailUrl\":\"https:\/\/evertonfc.cz\/wp-content\/uploads\/2019\/06\/gomes-14-6-2019.jpg\",\"articleSection\":[\"Rozhovory\"],\"inLanguage\":\"cs\",\"potentialAction\":[{\"@type\":\"CommentAction\",\"name\":\"Comment\",\"target\":[\"https:\/\/evertonfc.cz\/index.php\/2019\/06\/14\/stradajuci-gomes-nasiel-pokoj\/#respond\"]}]},{\"@type\":\"WebPage\",\"@id\":\"https:\/\/evertonfc.cz\/index.php\/2019\/06\/14\/stradajuci-gomes-nasiel-pokoj\/\",\"url\":\"https:\/\/evertonfc.cz\/index.php\/2019\/06\/14\/stradajuci-gomes-nasiel-pokoj\/\",\"name\":\"Str\u00e1daj\u00faci Gomes na\u0161iel pokoj - Official Czech &amp; Slovak Everton Supporters&#039; Club\",\"isPartOf\":{\"@id\":\"https:\/\/evertonfc.cz\/#website\"},\"primaryImageOfPage\":{\"@id\":\"https:\/\/evertonfc.cz\/index.php\/2019\/06\/14\/stradajuci-gomes-nasiel-pokoj\/#primaryimage\"},\"image\":{\"@id\":\"https:\/\/evertonfc.cz\/index.php\/2019\/06\/14\/stradajuci-gomes-nasiel-pokoj\/#primaryimage\"},\"thumbnailUrl\":\"https:\/\/evertonfc.cz\/wp-content\/uploads\/2019\/06\/gomes-14-6-2019.jpg\",\"datePublished\":\"2019-06-14T16:38:28+00:00\",\"dateModified\":\"2020-03-25T18:59:12+00:00\",\"breadcrumb\":{\"@id\":\"https:\/\/evertonfc.cz\/index.php\/2019\/06\/14\/stradajuci-gomes-nasiel-pokoj\/#breadcrumb\"},\"inLanguage\":\"cs\",\"potentialAction\":[{\"@type\":\"ReadAction\",\"target\":[\"https:\/\/evertonfc.cz\/index.php\/2019\/06\/14\/stradajuci-gomes-nasiel-pokoj\/\"]}]},{\"@type\":\"ImageObject\",\"inLanguage\":\"cs\",\"@id\":\"https:\/\/evertonfc.cz\/index.php\/2019\/06\/14\/stradajuci-gomes-nasiel-pokoj\/#primaryimage\",\"url\":\"https:\/\/evertonfc.cz\/wp-content\/uploads\/2019\/06\/gomes-14-6-2019.jpg\",\"contentUrl\":\"https:\/\/evertonfc.cz\/wp-content\/uploads\/2019\/06\/gomes-14-6-2019.jpg\",\"width\":720,\"height\":405},{\"@type\":\"BreadcrumbList\",\"@id\":\"https:\/\/evertonfc.cz\/index.php\/2019\/06\/14\/stradajuci-gomes-nasiel-pokoj\/#breadcrumb\",\"itemListElement\":[{\"@type\":\"ListItem\",\"position\":1,\"name\":\"Home\",\"item\":\"https:\/\/evertonfc.cz\/\"},{\"@type\":\"ListItem\",\"position\":2,\"name\":\"Str\u00e1daj\u00faci Gomes na\u0161iel pokoj\"}]},{\"@type\":\"WebSite\",\"@id\":\"https:\/\/evertonfc.cz\/#website\",\"url\":\"https:\/\/evertonfc.cz\/\",\"name\":\"Official Czech &amp; Slovak Everton Supporters&#039; Club\",\"description\":\"\",\"publisher\":{\"@id\":\"https:\/\/evertonfc.cz\/#organization\"},\"potentialAction\":[{\"@type\":\"SearchAction\",\"target\":{\"@type\":\"EntryPoint\",\"urlTemplate\":\"https:\/\/evertonfc.cz\/?s={search_term_string}\"},\"query-input\":{\"@type\":\"PropertyValueSpecification\",\"valueRequired\":true,\"valueName\":\"search_term_string\"}}],\"inLanguage\":\"cs\"},{\"@type\":\"Organization\",\"@id\":\"https:\/\/evertonfc.cz\/#organization\",\"name\":\"Official Czech & Slovak Everton Supporters' Club\",\"url\":\"https:\/\/evertonfc.cz\/\",\"logo\":{\"@type\":\"ImageObject\",\"inLanguage\":\"cs\",\"@id\":\"https:\/\/evertonfc.cz\/#\/schema\/logo\/image\/\",\"url\":\"https:\/\/evertonfc.cz\/wp-content\/uploads\/2019\/05\/logo.png\",\"contentUrl\":\"https:\/\/evertonfc.cz\/wp-content\/uploads\/2019\/05\/logo.png\",\"width\":112,\"height\":112,\"caption\":\"Official Czech & Slovak Everton Supporters' Club\"},\"image\":{\"@id\":\"https:\/\/evertonfc.cz\/#\/schema\/logo\/image\/\"},\"sameAs\":[\"https:\/\/www.facebook.com\/everton.fans.cz.sk\"]},{\"@type\":\"Person\",\"@id\":\"https:\/\/evertonfc.cz\/#\/schema\/person\/d4493b8cbea51532597fbc4685698916\",\"name\":\"BlueBlooded\",\"url\":\"https:\/\/evertonfc.cz\/index.php\/author\/admin\/\"}]}<\/script>\n<!-- \/ Yoast SEO plugin. -->","yoast_head_json":{"title":"Str\u00e1daj\u00faci Gomes na\u0161iel pokoj - Official Czech &amp; Slovak Everton Supporters&#039; Club","robots":{"index":"index","follow":"follow","max-snippet":"max-snippet:-1","max-image-preview":"max-image-preview:large","max-video-preview":"max-video-preview:-1"},"canonical":"https:\/\/evertonfc.cz\/index.php\/2019\/06\/14\/stradajuci-gomes-nasiel-pokoj\/","og_locale":"cs_CZ","og_type":"article","og_title":"Str\u00e1daj\u00faci Gomes na\u0161iel pokoj - Official Czech &amp; Slovak Everton Supporters&#039; Club","og_description":"Portugalsk\u00fd stredopoliar si s\u00edce u\u017e\u00edva moment\u00e1lne dovolenku, ale to v\u00f4bec nebr\u00e1ni \u0161pekul\u00e1ci\u00e1m m\u00e9di\u00ed o jeho najbli\u017e\u0161ej bud\u00facnosti. T\u00fa st\u00e1le nem\u00e1 vyrie\u0161en\u00fa.","og_url":"https:\/\/evertonfc.cz\/index.php\/2019\/06\/14\/stradajuci-gomes-nasiel-pokoj\/","og_site_name":"Official Czech &amp; Slovak Everton Supporters&#039; Club","article_publisher":"https:\/\/www.facebook.com\/everton.fans.cz.sk","article_published_time":"2019-06-14T16:38:28+00:00","article_modified_time":"2020-03-25T18:59:12+00:00","og_image":[{"width":720,"height":405,"url":"https:\/\/evertonfc.cz\/wp-content\/uploads\/2019\/06\/gomes-14-6-2019.jpg","type":"image\/jpeg"}],"author":"BlueBlooded","twitter_card":"summary_large_image","twitter_misc":{"Napsal(a)":"BlueBlooded","Odhadovan\u00e1 doba \u010dten\u00ed":"7 minut"},"schema":{"@context":"https:\/\/schema.org","@graph":[{"@type":"Article","@id":"https:\/\/evertonfc.cz\/index.php\/2019\/06\/14\/stradajuci-gomes-nasiel-pokoj\/#article","isPartOf":{"@id":"https:\/\/evertonfc.cz\/index.php\/2019\/06\/14\/stradajuci-gomes-nasiel-pokoj\/"},"author":{"name":"BlueBlooded","@id":"https:\/\/evertonfc.cz\/#\/schema\/person\/d4493b8cbea51532597fbc4685698916"},"headline":"Str\u00e1daj\u00faci Gomes na\u0161iel pokoj","datePublished":"2019-06-14T16:38:28+00:00","dateModified":"2020-03-25T18:59:12+00:00","mainEntityOfPage":{"@id":"https:\/\/evertonfc.cz\/index.php\/2019\/06\/14\/stradajuci-gomes-nasiel-pokoj\/"},"wordCount":1326,"commentCount":0,"publisher":{"@id":"https:\/\/evertonfc.cz\/#organization"},"image":{"@id":"https:\/\/evertonfc.cz\/index.php\/2019\/06\/14\/stradajuci-gomes-nasiel-pokoj\/#primaryimage"},"thumbnailUrl":"https:\/\/evertonfc.cz\/wp-content\/uploads\/2019\/06\/gomes-14-6-2019.jpg","articleSection":["Rozhovory"],"inLanguage":"cs","potentialAction":[{"@type":"CommentAction","name":"Comment","target":["https:\/\/evertonfc.cz\/index.php\/2019\/06\/14\/stradajuci-gomes-nasiel-pokoj\/#respond"]}]},{"@type":"WebPage","@id":"https:\/\/evertonfc.cz\/index.php\/2019\/06\/14\/stradajuci-gomes-nasiel-pokoj\/","url":"https:\/\/evertonfc.cz\/index.php\/2019\/06\/14\/stradajuci-gomes-nasiel-pokoj\/","name":"Str\u00e1daj\u00faci Gomes na\u0161iel pokoj - Official Czech &amp; Slovak Everton Supporters&#039; Club","isPartOf":{"@id":"https:\/\/evertonfc.cz\/#website"},"primaryImageOfPage":{"@id":"https:\/\/evertonfc.cz\/index.php\/2019\/06\/14\/stradajuci-gomes-nasiel-pokoj\/#primaryimage"},"image":{"@id":"https:\/\/evertonfc.cz\/index.php\/2019\/06\/14\/stradajuci-gomes-nasiel-pokoj\/#primaryimage"},"thumbnailUrl":"https:\/\/evertonfc.cz\/wp-content\/uploads\/2019\/06\/gomes-14-6-2019.jpg","datePublished":"2019-06-14T16:38:28+00:00","dateModified":"2020-03-25T18:59:12+00:00","breadcrumb":{"@id":"https:\/\/evertonfc.cz\/index.php\/2019\/06\/14\/stradajuci-gomes-nasiel-pokoj\/#breadcrumb"},"inLanguage":"cs","potentialAction":[{"@type":"ReadAction","target":["https:\/\/evertonfc.cz\/index.php\/2019\/06\/14\/stradajuci-gomes-nasiel-pokoj\/"]}]},{"@type":"ImageObject","inLanguage":"cs","@id":"https:\/\/evertonfc.cz\/index.php\/2019\/06\/14\/stradajuci-gomes-nasiel-pokoj\/#primaryimage","url":"https:\/\/evertonfc.cz\/wp-content\/uploads\/2019\/06\/gomes-14-6-2019.jpg","contentUrl":"https:\/\/evertonfc.cz\/wp-content\/uploads\/2019\/06\/gomes-14-6-2019.jpg","width":720,"height":405},{"@type":"BreadcrumbList","@id":"https:\/\/evertonfc.cz\/index.php\/2019\/06\/14\/stradajuci-gomes-nasiel-pokoj\/#breadcrumb","itemListElement":[{"@type":"ListItem","position":1,"name":"Home","item":"https:\/\/evertonfc.cz\/"},{"@type":"ListItem","position":2,"name":"Str\u00e1daj\u00faci Gomes na\u0161iel pokoj"}]},{"@type":"WebSite","@id":"https:\/\/evertonfc.cz\/#website","url":"https:\/\/evertonfc.cz\/","name":"Official Czech &amp; Slovak Everton Supporters&#039; Club","description":"","publisher":{"@id":"https:\/\/evertonfc.cz\/#organization"},"potentialAction":[{"@type":"SearchAction","target":{"@type":"EntryPoint","urlTemplate":"https:\/\/evertonfc.cz\/?s={search_term_string}"},"query-input":{"@type":"PropertyValueSpecification","valueRequired":true,"valueName":"search_term_string"}}],"inLanguage":"cs"},{"@type":"Organization","@id":"https:\/\/evertonfc.cz\/#organization","name":"Official Czech & Slovak Everton Supporters' Club","url":"https:\/\/evertonfc.cz\/","logo":{"@type":"ImageObject","inLanguage":"cs","@id":"https:\/\/evertonfc.cz\/#\/schema\/logo\/image\/","url":"https:\/\/evertonfc.cz\/wp-content\/uploads\/2019\/05\/logo.png","contentUrl":"https:\/\/evertonfc.cz\/wp-content\/uploads\/2019\/05\/logo.png","width":112,"height":112,"caption":"Official Czech & Slovak Everton Supporters' Club"},"image":{"@id":"https:\/\/evertonfc.cz\/#\/schema\/logo\/image\/"},"sameAs":["https:\/\/www.facebook.com\/everton.fans.cz.sk"]},{"@type":"Person","@id":"https:\/\/evertonfc.cz\/#\/schema\/person\/d4493b8cbea51532597fbc4685698916","name":"BlueBlooded","url":"https:\/\/evertonfc.cz\/index.php\/author\/admin\/"}]}},"_links":{"self":[{"href":"https:\/\/evertonfc.cz\/index.php\/wp-json\/wp\/v2\/posts\/8089"}],"collection":[{"href":"https:\/\/evertonfc.cz\/index.php\/wp-json\/wp\/v2\/posts"}],"about":[{"href":"https:\/\/evertonfc.cz\/index.php\/wp-json\/wp\/v2\/types\/post"}],"author":[{"embeddable":true,"href":"https:\/\/evertonfc.cz\/index.php\/wp-json\/wp\/v2\/users\/1"}],"replies":[{"embeddable":true,"href":"https:\/\/evertonfc.cz\/index.php\/wp-json\/wp\/v2\/comments?post=8089"}],"version-history":[{"count":7,"href":"https:\/\/evertonfc.cz\/index.php\/wp-json\/wp\/v2\/posts\/8089\/revisions"}],"predecessor-version":[{"id":10596,"href":"https:\/\/evertonfc.cz\/index.php\/wp-json\/wp\/v2\/posts\/8089\/revisions\/10596"}],"wp:featuredmedia":[{"embeddable":true,"href":"https:\/\/evertonfc.cz\/index.php\/wp-json\/wp\/v2\/media\/8088"}],"wp:attachment":[{"href":"https:\/\/evertonfc.cz\/index.php\/wp-json\/wp\/v2\/media?parent=8089"}],"wp:term":[{"taxonomy":"category","embeddable":true,"href":"https:\/\/evertonfc.cz\/index.php\/wp-json\/wp\/v2\/categories?post=8089"},{"taxonomy":"post_tag","embeddable":true,"href":"https:\/\/evertonfc.cz\/index.php\/wp-json\/wp\/v2\/tags?post=8089"}],"curies":[{"name":"wp","href":"https:\/\/api.w.org\/{rel}","templated":true}]}}