{"id":8097,"date":"2019-06-15T22:15:43","date_gmt":"2019-06-15T20:15:43","guid":{"rendered":"https:\/\/evertonfc.cz\/?p=8097"},"modified":"2019-06-15T22:31:58","modified_gmt":"2019-06-15T20:31:58","slug":"richarlison-chci-nerese-v-evertonu","status":"publish","type":"post","link":"https:\/\/evertonfc.cz\/index.php\/2019\/06\/15\/richarlison-chci-nerese-v-evertonu\/","title":{"rendered":"Richarlison: Chci Nerese v Evertonu"},"content":{"rendered":"<h4>L\u00e9to b\u00fdv\u00e1 r\u00e1jem p\u0159estupov\u00fdch spekulac\u00ed, je\u017e se zpravidla zakl\u00e1daj\u00ed na v\u00fdmyslech. Kdy\u017e u\u017e ale za p\u0159estup oroduje do m\u00e9di\u00ed jeden z\u00a0nejlep\u0161\u00edch hr\u00e1\u010d\u016f klubu, zv\u00fd\u0161en\u00e1 pozornost je na m\u00edst\u011b.<\/h4>\n<p>Richarlison a David Neres nastoupili v noci v z\u00e1kladn\u00ed sestav\u011b zahajovac\u00edho z\u00e1pasu jihoamerick\u00e9ho mistrovstv\u00ed Copa Am\u00e9rica. Oba mlad\u00edci zaujali k\u0159\u00eddeln\u00ed pozice a sv\u00fdmi v\u00fdkony pomohli dom\u00e1c\u00ed Braz\u00edlii k v\u00fdh\u0159e 3:0 nad Bol\u00edvi\u00ed.<\/p>\n<p>Kmenov\u00fd hr\u00e1\u010d Evertonu n\u00e1sledn\u011b po utk\u00e1n\u00ed v\u00a0rozhovoru pro den\u00edk Liverpool Echo otev\u0159en\u011b pohovo\u0159il na t\u00e9ma spekulac\u00ed spojuj\u00edc\u00ed Nerese s\u00a0p\u0159esunem na Goodison Park.<\/p>\n<p><em>\u201eAno, zachytil jsem tyto zpr\u00e1vy,\u201c<\/em> dal se 22let\u00fd Richarlison do \u0159e\u010di, <em>\u201eu\u017e jsem o tom tak\u00e9 mluvil s Davidem. \u0158ekl jsem mu, \u017ee m\u00e1 otev\u0159en\u00e9 dve\u0159e do Evertonu a \u017ee by n\u00e1m hodn\u011b pomohl. Douf\u00e1m v jeho p\u0159\u00edchod, byl by u n\u00e1s v\u00edtan\u00fd. Zn\u00e1m ho velmi dob\u0159e od doby, kdy jsme spolu hr\u00e1li za n\u00e1rodn\u00ed t\u00fdm Braz\u00edlie do 20 let. Skv\u011ble spolu vych\u00e1z\u00edme, r\u00e1d bych ho vid\u011bl v\u00a0Evertonu.\u201c<\/em><\/p>\n<p>Richarlison pochopiteln\u011b nem\u00e1 u Toffees v\u00a0gesci p\u0159estupovou politiku, na druhou stranu doporu\u010den\u00ed od dobr\u00e9ho zn\u00e1m\u00e9ho mnohdy ud\u011bl\u00e1 v\u00edce ne\u017e jedn\u00e1n\u00ed s\u00a0klubov\u00fdmi p\u0159edstaviteli.<\/p>\n<p>Od vl\u00eddn\u00fdch slov do m\u00e9di\u00ed je v\u0161ak k zrealizovan\u00ed p\u0159estupu st\u00e1le daleko. Nen\u00ed toti\u017e v\u016fbec jist\u00e9, zda Everton opravdu uva\u017euje o n\u00e1kupu 22let\u00e9ho Nerese. Rod\u00e1k ze Sao Paulo sice spl\u0148uje profil hr\u00e1\u010de, kter\u00e9ho hled\u00e1 mana\u017eer Marco Silva \u2013 a to levonoh\u00fd k\u0159\u00eddeln\u00edk, jen\u017e si v\u00ed rady p\u0159ed brankou soupe\u0159e \u2013 z\u00e1rove\u0148 si ale vyslou\u017eil po\u0159\u00e1dn\u011b drahou cenovku.<\/p>\n<p>Ajax by jeden ze sv\u00fdch klenot\u016f jen t\u011b\u017eko pustil za \u010d\u00e1stku men\u0161\u00ed ne\u017e 40 milion\u016f liber, co\u017e m\u016f\u017ee nakonec odradit nejednoho p\u0159\u00edpadn\u00e9ho z\u00e1jemce. Neres v leto\u0161n\u00ed sez\u00f3n\u011b odehr\u00e1l za nizozemsk\u00e9ho mistra, v\u00edt\u011bze nizozemsk\u00e9ho poh\u00e1ru a semifinalistu Ligy mistr\u016f 50 z\u00e1pas\u016f, v nich\u017e vst\u0159elil 12 branek a zaznamenal 15 asistenc\u00ed.<\/p>\n<p>V Ajaxu si ho cen\u00ed pro jeho variabilitu, dob\u0159e se c\u00edt\u00ed na obou kraj\u00edch h\u0159i\u0161ti, a schopnosti technicky se prosadit v souboj\u00edch jeden na jednoho, v \u010dem\u017e p\u0159evy\u0161uje Richarlisona, kter\u00fd je zase fyzicky siln\u011bj\u0161\u00ed.<\/p>\n<p>Richarlison si nicm\u00e9n\u011b nemysl\u00ed, \u017ee by chyb\u011bj\u00edc\u00ed s\u00edla \u010dinila Neresovi pot\u00ed\u017ee p\u0159i adaptaci v Premier League. <em>\u201eV lize by se aklimatizoval rychle. P\u0159edstavuje hr\u00e1\u010de, kter\u00fd neust\u00e1le napad\u00e1 soupe\u0159e. Se mnou a Bernardem bychom si dob\u0159e rozum\u011bli,\u201c<\/em> doplnil Richarlison, autor 14 branek v premi\u00e9rov\u00e9 sez\u00f3n\u011b v Evertonu po p\u0159estupu z Watfordu za 40 milion\u016f liber.<\/p>\n<p>Samotn\u00fd Neres na dotaz redaktora Liverpool Echo ohledn\u011b sv\u00e9 budoucnosti zvolil obecn\u011bj\u0161\u00ed odpov\u011b\u010f: <em>\u201eSoust\u0159ed\u00edm se na sv\u00e9 v\u00fdkony a prob\u00edhaj\u00edc\u00ed turnaj, \u0159e\u0161en\u00ed p\u0159\u00edpadn\u00e9ho p\u0159estupu m\u00e1 na starosti m\u016fj agent. Premier League m\u011b ale l\u00e1k\u00e1, v\u017edy\u0165 je to nejlep\u0161\u00ed liga na sv\u011bt\u011b. Osud v\u0161ak nech\u00e1v\u00e1m v rukou Bo\u017e\u00edch.\u201c<\/em><\/p>\n","protected":false},"excerpt":{"rendered":"<p>L\u00e9to b\u00fdv\u00e1 r\u00e1jem p\u0159estupov\u00fdch spekulac\u00ed, je\u017e se zpravidla zakl\u00e1daj\u00ed na v\u00fdmyslech. Kdy\u017e u\u017e ale za p\u0159estup oroduje do m\u00e9di\u00ed jeden z\u00a0nejlep\u0161\u00edch hr\u00e1\u010d\u016f klubu, zv\u00fd\u0161en\u00e1 pozornost je na m\u00edst\u011b.<\/p>\n","protected":false},"author":6,"featured_media":8096,"comment_status":"open","ping_status":"closed","sticky":false,"template":"","format":"standard","meta":{"_eb_attr":"","_monsterinsights_skip_tracking":false,"_monsterinsights_sitenote_active":false,"_monsterinsights_sitenote_note":"","_monsterinsights_sitenote_category":0,"footnotes":""},"categories":[42],"tags":[],"yoast_head":"<!-- This site is optimized with the Yoast SEO plugin v23.4 - https:\/\/yoast.com\/wordpress\/plugins\/seo\/ -->\n<title>Richarlison: Chci Nerese v Evertonu - Official Czech &amp; Slovak Everton Supporters&#039; Club<\/title>\n<meta name=\"robots\" content=\"index, follow, max-snippet:-1, max-image-preview:large, max-video-preview:-1\" \/>\n<link rel=\"canonical\" href=\"https:\/\/evertonfc.cz\/index.php\/2019\/06\/15\/richarlison-chci-nerese-v-evertonu\/\" \/>\n<meta property=\"og:locale\" content=\"cs_CZ\" \/>\n<meta property=\"og:type\" content=\"article\" \/>\n<meta property=\"og:title\" content=\"Richarlison: Chci Nerese v Evertonu - Official Czech &amp; Slovak Everton Supporters&#039; Club\" \/>\n<meta property=\"og:description\" content=\"L\u00e9to b\u00fdv\u00e1 r\u00e1jem p\u0159estupov\u00fdch spekulac\u00ed, je\u017e se zpravidla zakl\u00e1daj\u00ed na v\u00fdmyslech. Kdy\u017e u\u017e ale za p\u0159estup oroduje do m\u00e9di\u00ed jeden z\u00a0nejlep\u0161\u00edch hr\u00e1\u010d\u016f klubu, zv\u00fd\u0161en\u00e1 pozornost je na m\u00edst\u011b.\" \/>\n<meta property=\"og:url\" content=\"https:\/\/evertonfc.cz\/index.php\/2019\/06\/15\/richarlison-chci-nerese-v-evertonu\/\" \/>\n<meta property=\"og:site_name\" content=\"Official Czech &amp; Slovak Everton Supporters&#039; Club\" \/>\n<meta property=\"article:publisher\" content=\"https:\/\/www.facebook.com\/everton.fans.cz.sk\" \/>\n<meta property=\"article:published_time\" content=\"2019-06-15T20:15:43+00:00\" \/>\n<meta property=\"article:modified_time\" content=\"2019-06-15T20:31:58+00:00\" \/>\n<meta property=\"og:image\" content=\"https:\/\/evertonfc.cz\/wp-content\/uploads\/2019\/06\/neres_15_6_2019.jpg\" \/>\n\t<meta property=\"og:image:width\" content=\"720\" \/>\n\t<meta property=\"og:image:height\" content=\"405\" \/>\n\t<meta property=\"og:image:type\" content=\"image\/jpeg\" \/>\n<meta name=\"author\" content=\"Ri\u010di\" \/>\n<meta name=\"twitter:card\" content=\"summary_large_image\" \/>\n<meta name=\"twitter:creator\" content=\"@rbrejsa\" \/>\n<meta name=\"twitter:label1\" content=\"Napsal(a)\" \/>\n\t<meta name=\"twitter:data1\" content=\"Ri\u010di\" \/>\n\t<meta name=\"twitter:label2\" content=\"Odhadovan\u00e1 doba \u010dten\u00ed\" \/>\n\t<meta name=\"twitter:data2\" content=\"3 minuty\" \/>\n<script type=\"application\/ld+json\" class=\"yoast-schema-graph\">{\"@context\":\"https:\/\/schema.org\",\"@graph\":[{\"@type\":\"Article\",\"@id\":\"https:\/\/evertonfc.cz\/index.php\/2019\/06\/15\/richarlison-chci-nerese-v-evertonu\/#article\",\"isPartOf\":{\"@id\":\"https:\/\/evertonfc.cz\/index.php\/2019\/06\/15\/richarlison-chci-nerese-v-evertonu\/\"},\"author\":{\"name\":\"Ri\u010di\",\"@id\":\"https:\/\/evertonfc.cz\/#\/schema\/person\/f7a5daedb2ffee98480bc70e191aaef1\"},\"headline\":\"Richarlison: Chci Nerese v Evertonu\",\"datePublished\":\"2019-06-15T20:15:43+00:00\",\"dateModified\":\"2019-06-15T20:31:58+00:00\",\"mainEntityOfPage\":{\"@id\":\"https:\/\/evertonfc.cz\/index.php\/2019\/06\/15\/richarlison-chci-nerese-v-evertonu\/\"},\"wordCount\":558,\"commentCount\":1,\"publisher\":{\"@id\":\"https:\/\/evertonfc.cz\/#organization\"},\"image\":{\"@id\":\"https:\/\/evertonfc.cz\/index.php\/2019\/06\/15\/richarlison-chci-nerese-v-evertonu\/#primaryimage\"},\"thumbnailUrl\":\"https:\/\/evertonfc.cz\/wp-content\/uploads\/2019\/06\/neres_15_6_2019.jpg\",\"articleSection\":[\"Aktuality\"],\"inLanguage\":\"cs\",\"potentialAction\":[{\"@type\":\"CommentAction\",\"name\":\"Comment\",\"target\":[\"https:\/\/evertonfc.cz\/index.php\/2019\/06\/15\/richarlison-chci-nerese-v-evertonu\/#respond\"]}]},{\"@type\":\"WebPage\",\"@id\":\"https:\/\/evertonfc.cz\/index.php\/2019\/06\/15\/richarlison-chci-nerese-v-evertonu\/\",\"url\":\"https:\/\/evertonfc.cz\/index.php\/2019\/06\/15\/richarlison-chci-nerese-v-evertonu\/\",\"name\":\"Richarlison: Chci Nerese v Evertonu - Official Czech &amp; Slovak Everton Supporters&#039; Club\",\"isPartOf\":{\"@id\":\"https:\/\/evertonfc.cz\/#website\"},\"primaryImageOfPage\":{\"@id\":\"https:\/\/evertonfc.cz\/index.php\/2019\/06\/15\/richarlison-chci-nerese-v-evertonu\/#primaryimage\"},\"image\":{\"@id\":\"https:\/\/evertonfc.cz\/index.php\/2019\/06\/15\/richarlison-chci-nerese-v-evertonu\/#primaryimage\"},\"thumbnailUrl\":\"https:\/\/evertonfc.cz\/wp-content\/uploads\/2019\/06\/neres_15_6_2019.jpg\",\"datePublished\":\"2019-06-15T20:15:43+00:00\",\"dateModified\":\"2019-06-15T20:31:58+00:00\",\"breadcrumb\":{\"@id\":\"https:\/\/evertonfc.cz\/index.php\/2019\/06\/15\/richarlison-chci-nerese-v-evertonu\/#breadcrumb\"},\"inLanguage\":\"cs\",\"potentialAction\":[{\"@type\":\"ReadAction\",\"target\":[\"https:\/\/evertonfc.cz\/index.php\/2019\/06\/15\/richarlison-chci-nerese-v-evertonu\/\"]}]},{\"@type\":\"ImageObject\",\"inLanguage\":\"cs\",\"@id\":\"https:\/\/evertonfc.cz\/index.php\/2019\/06\/15\/richarlison-chci-nerese-v-evertonu\/#primaryimage\",\"url\":\"https:\/\/evertonfc.cz\/wp-content\/uploads\/2019\/06\/neres_15_6_2019.jpg\",\"contentUrl\":\"https:\/\/evertonfc.cz\/wp-content\/uploads\/2019\/06\/neres_15_6_2019.jpg\",\"width\":720,\"height\":405},{\"@type\":\"BreadcrumbList\",\"@id\":\"https:\/\/evertonfc.cz\/index.php\/2019\/06\/15\/richarlison-chci-nerese-v-evertonu\/#breadcrumb\",\"itemListElement\":[{\"@type\":\"ListItem\",\"position\":1,\"name\":\"Home\",\"item\":\"https:\/\/evertonfc.cz\/\"},{\"@type\":\"ListItem\",\"position\":2,\"name\":\"Richarlison: Chci Nerese v Evertonu\"}]},{\"@type\":\"WebSite\",\"@id\":\"https:\/\/evertonfc.cz\/#website\",\"url\":\"https:\/\/evertonfc.cz\/\",\"name\":\"Official Czech &amp; Slovak Everton Supporters&#039; Club\",\"description\":\"\",\"publisher\":{\"@id\":\"https:\/\/evertonfc.cz\/#organization\"},\"potentialAction\":[{\"@type\":\"SearchAction\",\"target\":{\"@type\":\"EntryPoint\",\"urlTemplate\":\"https:\/\/evertonfc.cz\/?s={search_term_string}\"},\"query-input\":{\"@type\":\"PropertyValueSpecification\",\"valueRequired\":true,\"valueName\":\"search_term_string\"}}],\"inLanguage\":\"cs\"},{\"@type\":\"Organization\",\"@id\":\"https:\/\/evertonfc.cz\/#organization\",\"name\":\"Official Czech & Slovak Everton Supporters' Club\",\"url\":\"https:\/\/evertonfc.cz\/\",\"logo\":{\"@type\":\"ImageObject\",\"inLanguage\":\"cs\",\"@id\":\"https:\/\/evertonfc.cz\/#\/schema\/logo\/image\/\",\"url\":\"https:\/\/evertonfc.cz\/wp-content\/uploads\/2019\/05\/logo.png\",\"contentUrl\":\"https:\/\/evertonfc.cz\/wp-content\/uploads\/2019\/05\/logo.png\",\"width\":112,\"height\":112,\"caption\":\"Official Czech & Slovak Everton Supporters' Club\"},\"image\":{\"@id\":\"https:\/\/evertonfc.cz\/#\/schema\/logo\/image\/\"},\"sameAs\":[\"https:\/\/www.facebook.com\/everton.fans.cz.sk\"]},{\"@type\":\"Person\",\"@id\":\"https:\/\/evertonfc.cz\/#\/schema\/person\/f7a5daedb2ffee98480bc70e191aaef1\",\"name\":\"Ri\u010di\",\"sameAs\":[\"https:\/\/x.com\/rbrejsa\"],\"url\":\"https:\/\/evertonfc.cz\/index.php\/author\/rici\/\"}]}<\/script>\n<!-- \/ Yoast SEO plugin. -->","yoast_head_json":{"title":"Richarlison: Chci Nerese v Evertonu - Official Czech &amp; Slovak Everton Supporters&#039; Club","robots":{"index":"index","follow":"follow","max-snippet":"max-snippet:-1","max-image-preview":"max-image-preview:large","max-video-preview":"max-video-preview:-1"},"canonical":"https:\/\/evertonfc.cz\/index.php\/2019\/06\/15\/richarlison-chci-nerese-v-evertonu\/","og_locale":"cs_CZ","og_type":"article","og_title":"Richarlison: Chci Nerese v Evertonu - Official Czech &amp; Slovak Everton Supporters&#039; Club","og_description":"L\u00e9to b\u00fdv\u00e1 r\u00e1jem p\u0159estupov\u00fdch spekulac\u00ed, je\u017e se zpravidla zakl\u00e1daj\u00ed na v\u00fdmyslech. Kdy\u017e u\u017e ale za p\u0159estup oroduje do m\u00e9di\u00ed jeden z\u00a0nejlep\u0161\u00edch hr\u00e1\u010d\u016f klubu, zv\u00fd\u0161en\u00e1 pozornost je na m\u00edst\u011b.","og_url":"https:\/\/evertonfc.cz\/index.php\/2019\/06\/15\/richarlison-chci-nerese-v-evertonu\/","og_site_name":"Official Czech &amp; Slovak Everton Supporters&#039; Club","article_publisher":"https:\/\/www.facebook.com\/everton.fans.cz.sk","article_published_time":"2019-06-15T20:15:43+00:00","article_modified_time":"2019-06-15T20:31:58+00:00","og_image":[{"width":720,"height":405,"url":"https:\/\/evertonfc.cz\/wp-content\/uploads\/2019\/06\/neres_15_6_2019.jpg","type":"image\/jpeg"}],"author":"Ri\u010di","twitter_card":"summary_large_image","twitter_creator":"@rbrejsa","twitter_misc":{"Napsal(a)":"Ri\u010di","Odhadovan\u00e1 doba \u010dten\u00ed":"3 minuty"},"schema":{"@context":"https:\/\/schema.org","@graph":[{"@type":"Article","@id":"https:\/\/evertonfc.cz\/index.php\/2019\/06\/15\/richarlison-chci-nerese-v-evertonu\/#article","isPartOf":{"@id":"https:\/\/evertonfc.cz\/index.php\/2019\/06\/15\/richarlison-chci-nerese-v-evertonu\/"},"author":{"name":"Ri\u010di","@id":"https:\/\/evertonfc.cz\/#\/schema\/person\/f7a5daedb2ffee98480bc70e191aaef1"},"headline":"Richarlison: Chci Nerese v Evertonu","datePublished":"2019-06-15T20:15:43+00:00","dateModified":"2019-06-15T20:31:58+00:00","mainEntityOfPage":{"@id":"https:\/\/evertonfc.cz\/index.php\/2019\/06\/15\/richarlison-chci-nerese-v-evertonu\/"},"wordCount":558,"commentCount":1,"publisher":{"@id":"https:\/\/evertonfc.cz\/#organization"},"image":{"@id":"https:\/\/evertonfc.cz\/index.php\/2019\/06\/15\/richarlison-chci-nerese-v-evertonu\/#primaryimage"},"thumbnailUrl":"https:\/\/evertonfc.cz\/wp-content\/uploads\/2019\/06\/neres_15_6_2019.jpg","articleSection":["Aktuality"],"inLanguage":"cs","potentialAction":[{"@type":"CommentAction","name":"Comment","target":["https:\/\/evertonfc.cz\/index.php\/2019\/06\/15\/richarlison-chci-nerese-v-evertonu\/#respond"]}]},{"@type":"WebPage","@id":"https:\/\/evertonfc.cz\/index.php\/2019\/06\/15\/richarlison-chci-nerese-v-evertonu\/","url":"https:\/\/evertonfc.cz\/index.php\/2019\/06\/15\/richarlison-chci-nerese-v-evertonu\/","name":"Richarlison: Chci Nerese v Evertonu - Official Czech &amp; Slovak Everton Supporters&#039; Club","isPartOf":{"@id":"https:\/\/evertonfc.cz\/#website"},"primaryImageOfPage":{"@id":"https:\/\/evertonfc.cz\/index.php\/2019\/06\/15\/richarlison-chci-nerese-v-evertonu\/#primaryimage"},"image":{"@id":"https:\/\/evertonfc.cz\/index.php\/2019\/06\/15\/richarlison-chci-nerese-v-evertonu\/#primaryimage"},"thumbnailUrl":"https:\/\/evertonfc.cz\/wp-content\/uploads\/2019\/06\/neres_15_6_2019.jpg","datePublished":"2019-06-15T20:15:43+00:00","dateModified":"2019-06-15T20:31:58+00:00","breadcrumb":{"@id":"https:\/\/evertonfc.cz\/index.php\/2019\/06\/15\/richarlison-chci-nerese-v-evertonu\/#breadcrumb"},"inLanguage":"cs","potentialAction":[{"@type":"ReadAction","target":["https:\/\/evertonfc.cz\/index.php\/2019\/06\/15\/richarlison-chci-nerese-v-evertonu\/"]}]},{"@type":"ImageObject","inLanguage":"cs","@id":"https:\/\/evertonfc.cz\/index.php\/2019\/06\/15\/richarlison-chci-nerese-v-evertonu\/#primaryimage","url":"https:\/\/evertonfc.cz\/wp-content\/uploads\/2019\/06\/neres_15_6_2019.jpg","contentUrl":"https:\/\/evertonfc.cz\/wp-content\/uploads\/2019\/06\/neres_15_6_2019.jpg","width":720,"height":405},{"@type":"BreadcrumbList","@id":"https:\/\/evertonfc.cz\/index.php\/2019\/06\/15\/richarlison-chci-nerese-v-evertonu\/#breadcrumb","itemListElement":[{"@type":"ListItem","position":1,"name":"Home","item":"https:\/\/evertonfc.cz\/"},{"@type":"ListItem","position":2,"name":"Richarlison: Chci Nerese v Evertonu"}]},{"@type":"WebSite","@id":"https:\/\/evertonfc.cz\/#website","url":"https:\/\/evertonfc.cz\/","name":"Official Czech &amp; Slovak Everton Supporters&#039; Club","description":"","publisher":{"@id":"https:\/\/evertonfc.cz\/#organization"},"potentialAction":[{"@type":"SearchAction","target":{"@type":"EntryPoint","urlTemplate":"https:\/\/evertonfc.cz\/?s={search_term_string}"},"query-input":{"@type":"PropertyValueSpecification","valueRequired":true,"valueName":"search_term_string"}}],"inLanguage":"cs"},{"@type":"Organization","@id":"https:\/\/evertonfc.cz\/#organization","name":"Official Czech & Slovak Everton Supporters' Club","url":"https:\/\/evertonfc.cz\/","logo":{"@type":"ImageObject","inLanguage":"cs","@id":"https:\/\/evertonfc.cz\/#\/schema\/logo\/image\/","url":"https:\/\/evertonfc.cz\/wp-content\/uploads\/2019\/05\/logo.png","contentUrl":"https:\/\/evertonfc.cz\/wp-content\/uploads\/2019\/05\/logo.png","width":112,"height":112,"caption":"Official Czech & Slovak Everton Supporters' Club"},"image":{"@id":"https:\/\/evertonfc.cz\/#\/schema\/logo\/image\/"},"sameAs":["https:\/\/www.facebook.com\/everton.fans.cz.sk"]},{"@type":"Person","@id":"https:\/\/evertonfc.cz\/#\/schema\/person\/f7a5daedb2ffee98480bc70e191aaef1","name":"Ri\u010di","sameAs":["https:\/\/x.com\/rbrejsa"],"url":"https:\/\/evertonfc.cz\/index.php\/author\/rici\/"}]}},"_links":{"self":[{"href":"https:\/\/evertonfc.cz\/index.php\/wp-json\/wp\/v2\/posts\/8097"}],"collection":[{"href":"https:\/\/evertonfc.cz\/index.php\/wp-json\/wp\/v2\/posts"}],"about":[{"href":"https:\/\/evertonfc.cz\/index.php\/wp-json\/wp\/v2\/types\/post"}],"author":[{"embeddable":true,"href":"https:\/\/evertonfc.cz\/index.php\/wp-json\/wp\/v2\/users\/6"}],"replies":[{"embeddable":true,"href":"https:\/\/evertonfc.cz\/index.php\/wp-json\/wp\/v2\/comments?post=8097"}],"version-history":[{"count":4,"href":"https:\/\/evertonfc.cz\/index.php\/wp-json\/wp\/v2\/posts\/8097\/revisions"}],"predecessor-version":[{"id":8101,"href":"https:\/\/evertonfc.cz\/index.php\/wp-json\/wp\/v2\/posts\/8097\/revisions\/8101"}],"wp:featuredmedia":[{"embeddable":true,"href":"https:\/\/evertonfc.cz\/index.php\/wp-json\/wp\/v2\/media\/8096"}],"wp:attachment":[{"href":"https:\/\/evertonfc.cz\/index.php\/wp-json\/wp\/v2\/media?parent=8097"}],"wp:term":[{"taxonomy":"category","embeddable":true,"href":"https:\/\/evertonfc.cz\/index.php\/wp-json\/wp\/v2\/categories?post=8097"},{"taxonomy":"post_tag","embeddable":true,"href":"https:\/\/evertonfc.cz\/index.php\/wp-json\/wp\/v2\/tags?post=8097"}],"curies":[{"name":"wp","href":"https:\/\/api.w.org\/{rel}","templated":true}]}}