{"id":8103,"date":"2019-06-16T16:36:20","date_gmt":"2019-06-16T14:36:20","guid":{"rendered":"https:\/\/evertonfc.cz\/?p=8103"},"modified":"2020-04-28T15:45:37","modified_gmt":"2020-04-28T13:45:37","slug":"u23-uz-pozna-pripravu","status":"publish","type":"post","link":"https:\/\/evertonfc.cz\/index.php\/2019\/06\/16\/u23-uz-pozna-pripravu\/","title":{"rendered":"U23 u\u017e pozn\u00e1 pr\u00edpravu"},"content":{"rendered":"<h4>A okrem \u0161iestich s\u00faperov pre majstrov v\u00a0letn\u00fdch mesiacoch, obhajuj\u00facich aj poh\u00e1rov\u00e9 double, sa v\u00a0tomto \u010dl\u00e1nku dozviete aj in\u00e9 novinky. Konkr\u00e9tne tie kontraktov\u00e9.<\/h4>\n<p>Najstar\u0161\u00ed v\u00fdber akad\u00e9mie pod veden\u00edm Davida Unswortha, ktor\u00fd bude nast\u00e1vaj\u00facu sez\u00f3nu obhajova\u0165 titul Premier League 2, za\u010dne letn\u00fa pr\u00edpravu prv\u00fdm z\u00e1pasom v \u0161panielskom\u00a0tr\u00e9ningovom kempe La Manga. Oponentom mu bude Swindon Town z\u00a0League Two.<\/p>\n<p>\u0160tvrtoligov\u00fd klub s\u00a0jo-jo poves\u0165ou sa moment\u00e1lne mana\u017e\u00e9rsky h\u013ead\u00e1, a\u00a0tak pri kormidle toto leto bude Richie Wellens. B\u00fdval\u00fd hr\u00e1\u010d Blackpoolu, \u010di Leicesteru City je odchovancom akad\u00e9mie Manchesteru United a\u00a0The Robins vedie po ne\u00faspe\u0161nom pokuse o\u00a0z\u00e1chranu Oldhamu Athletic v\u00a0tretej lige.<\/p>\n<p>Tepl\u00e9 po\u010dasie pyrenejsk\u00e9ho polostrova n\u00e1sledne vystrieda premenliv\u00e9 pobre\u017eie severoz\u00e1padn\u00e9ho Anglicka. Tam s\u00eddli \u010fal\u0161\u00ed \u00fa\u010dastn\u00edk poslednej profesion\u00e1lnej \u00farovne britsk\u00e9ho ostrovn\u00e9ho futbalu. V\u00a0Globe Arene n\u00e1\u0161 B t\u00edm priv\u00edta Jim Bentley s\u00a0jeho Morecambe FC.<\/p>\n<p>Najdlh\u0161ie sl\u00fa\u017eiaci mana\u017e\u00e9r v\u00a0Brit\u00e1nii ka\u017edoro\u010dne bojuje o\u00a0zotrvanie v\u00a0s\u00fa\u0165a\u017ei a\u00a0predpoklad\u00e1 sa, \u017ee ani t\u00fato sez\u00f3nu to nebude in\u00e9. S\u00a0jedn\u00fdm z\u00a0najmen\u0161\u00edch rozpo\u010dtov v\u00a0lige toti\u017eto ani nem\u00e1 na v\u00fdber. V\u00a0sez\u00f3ne 2016\/17 tam polroka hos\u0165oval Antony Evans. V\u00a0siedmych z\u00e1pasoch vsietil 2 g\u00f3ly.<\/p>\n<p>O\u00a0tri dni nesk\u00f4r bude ma\u0165 Unsworthova dru\u017eina papierovo e\u0161te \u013eah\u0161\u00edch s\u00faperov. Uv\u00edta ju nov\u00e1\u010dik National League, Chorley. The Magpies s\u00a0Jamiem Vermigliom, to je piata liga na Victory Park, s\u00a0kapacitou 3700 div\u00e1kov.<\/p>\n<p>Druh\u00fa polovicu pr\u00edpravy na\u010dneme proti protivn\u00edkovi z Walesu. Na Belle Vue n\u00e1s priv\u00edta Rhyl FC, dvojn\u00e1sobn\u00fd v\u00ed\u0165az waleskej Premier League z\u00a0rokov 2004 a\u00a02009. Nesk\u00f4r nastane presun do Lancashire, na Sir Tom Finney Stadium. Domov Bamber Bridge z\u00a0Northern Premier League.<\/p>\n<p>Posledn\u00fd nes\u00fa\u0165a\u017en\u00fd z\u00e1pas zakon\u010d\u00ed pr\u00edpravu na Christopher Park Training Ground, ktor\u00e9 vyu\u017e\u00edvaj\u00fa Latics z Wiganu. Ich U23 by mala by\u0165 d\u00f4stojn\u00fdm s\u00faperom.<\/p>\n<h4>Cel\u00fd zoznam pr\u00edpravy:<\/h4>\n<ul>\n<li>Swindon Town \u2013 \u0161tvrtok, 11. j\u00fala, 12:00, La Manga<\/li>\n<li>Morecambe \u2013 sobota, 20. j\u00fala, 16:00, The Globe Arena<\/li>\n<li>Chorley \u2013 utorok, 23. j\u00fala, 20:30, Victory Park<\/li>\n<li>Rhyl \u2013 sobota, 27. j\u00fala, 16:00, Belle Vue Stadium<\/li>\n<li>Bamber Bride \u2013 streda, 31. j\u00fala, 20:30, Sir Tom Finney Stadium<\/li>\n<li>Wigan Athletic \u2013 sobota, 3. august, 14:00, Christopher Park Training Ground<\/li>\n<\/ul>\n<p>No a do pr\u00edpravy treba \u00eds\u0165 s\u00a0po\u010detn\u00fdm k\u00e1drom. Do novej sez\u00f3ny sa zatia\u013e poistili bud\u00facnosti dvoch hr\u00e1\u010dov, konkr\u00e9tne obrancov. T\u00fdm prv\u00fd bol Matty Foulds. Dvadsa\u0165jedenro\u010dn\u00fd rod\u00e1k z\u00a0Bradfordu, ktor\u00fd do Evertonu pri\u0161iel za nezverejnen\u00fa sumu v\u00a0janu\u00e1ri 2016 z\u00a0Bury, podp\u00edsal ro\u010dn\u00e9 pred\u013a\u017eenie.<\/p>\n<p>Tento stop\u00e9r, pr\u00edpadne \u013eav\u00fd bek, bol \u010dlenom t\u00edmu, ktor\u00fd vyhral obidva majstrovsk\u00e9 tituly U23 zo sez\u00f3n 2016\/17 aj 2018\/19. Ako s\u00e1m vrav\u00ed, Everton je pre neho ide\u00e1lne miesto na rozv\u00edjanie v\u0161etk\u00fdch schopnost\u00ed. Pod\u013ea vlastn\u00fdch slov sa zlep\u0161il technicky, je silnej\u0161\u00ed a\u00a0vytrvalej\u0161\u00ed.<\/p>\n<p>To ist\u00e9 plat\u00ed aj o\u00a0dev\u00e4tn\u00e1s\u0165ro\u010dnom strednom obrancovi Conovi Ouzounidisovi. Ten v\u00a0podstate zopakoval rovnak\u00e9 pozit\u00edva ako jeho kolega Foulds a\u00a0rovnako sa zaviazal\u00a0Toffees do leta 2020. Siln\u00fd a\u00a0vysok\u00fd austr\u00e1lsky stop\u00e9r, sp\u00f4sobuj\u00faci s\u00faperom hr\u00f4zu pri \u0161tandardn\u00fdch situ\u00e1ci\u00e1ch, bol tie\u017e \u010dlenom k\u00e1dru, ktor\u00fd sa podie\u013eal na tohtoro\u010dnom historickom \u00faspechu akad\u00e9mie.<\/p>\n","protected":false},"excerpt":{"rendered":"<p>A okrem \u0161iestich s\u00faperov pre majstrov v letn\u00fdch mesiacoch, obhajuj\u00facich aj poh\u00e1rov\u00e9 double, sa v tomto \u010dl\u00e1nku dozviete aj in\u00e9 novinky. Konkr\u00e9tne tie kontraktov\u00e9.<\/p>\n","protected":false},"author":1,"featured_media":8102,"comment_status":"open","ping_status":"closed","sticky":false,"template":"","format":"standard","meta":{"_eb_attr":"","_monsterinsights_skip_tracking":false,"_monsterinsights_sitenote_active":false,"_monsterinsights_sitenote_note":"","_monsterinsights_sitenote_category":0,"footnotes":""},"categories":[42],"tags":[],"yoast_head":"<!-- This site is optimized with the Yoast SEO plugin v23.4 - https:\/\/yoast.com\/wordpress\/plugins\/seo\/ -->\n<title>U23 u\u017e pozn\u00e1 pr\u00edpravu - Official Czech &amp; Slovak Everton Supporters&#039; Club<\/title>\n<meta name=\"robots\" content=\"index, follow, max-snippet:-1, max-image-preview:large, max-video-preview:-1\" \/>\n<link rel=\"canonical\" href=\"https:\/\/evertonfc.cz\/index.php\/2019\/06\/16\/u23-uz-pozna-pripravu\/\" \/>\n<meta property=\"og:locale\" content=\"cs_CZ\" \/>\n<meta property=\"og:type\" content=\"article\" \/>\n<meta property=\"og:title\" content=\"U23 u\u017e pozn\u00e1 pr\u00edpravu - Official Czech &amp; Slovak Everton Supporters&#039; Club\" \/>\n<meta property=\"og:description\" content=\"A okrem \u0161iestich s\u00faperov pre majstrov v letn\u00fdch mesiacoch, obhajuj\u00facich aj poh\u00e1rov\u00e9 double, sa v tomto \u010dl\u00e1nku dozviete aj in\u00e9 novinky. Konkr\u00e9tne tie kontraktov\u00e9.\" \/>\n<meta property=\"og:url\" content=\"https:\/\/evertonfc.cz\/index.php\/2019\/06\/16\/u23-uz-pozna-pripravu\/\" \/>\n<meta property=\"og:site_name\" content=\"Official Czech &amp; Slovak Everton Supporters&#039; Club\" \/>\n<meta property=\"article:publisher\" content=\"https:\/\/www.facebook.com\/everton.fans.cz.sk\" \/>\n<meta property=\"article:published_time\" content=\"2019-06-16T14:36:20+00:00\" \/>\n<meta property=\"article:modified_time\" content=\"2020-04-28T13:45:37+00:00\" \/>\n<meta property=\"og:image\" content=\"https:\/\/evertonfc.cz\/wp-content\/uploads\/2019\/06\/Unsworth-16-6-2019.jpg\" \/>\n\t<meta property=\"og:image:width\" content=\"720\" \/>\n\t<meta property=\"og:image:height\" content=\"405\" \/>\n\t<meta property=\"og:image:type\" content=\"image\/jpeg\" \/>\n<meta name=\"author\" content=\"BlueBlooded\" \/>\n<meta name=\"twitter:card\" content=\"summary_large_image\" \/>\n<meta name=\"twitter:label1\" content=\"Napsal(a)\" \/>\n\t<meta name=\"twitter:data1\" content=\"BlueBlooded\" \/>\n\t<meta name=\"twitter:label2\" content=\"Odhadovan\u00e1 doba \u010dten\u00ed\" \/>\n\t<meta name=\"twitter:data2\" content=\"3 minuty\" \/>\n<script type=\"application\/ld+json\" class=\"yoast-schema-graph\">{\"@context\":\"https:\/\/schema.org\",\"@graph\":[{\"@type\":\"Article\",\"@id\":\"https:\/\/evertonfc.cz\/index.php\/2019\/06\/16\/u23-uz-pozna-pripravu\/#article\",\"isPartOf\":{\"@id\":\"https:\/\/evertonfc.cz\/index.php\/2019\/06\/16\/u23-uz-pozna-pripravu\/\"},\"author\":{\"name\":\"BlueBlooded\",\"@id\":\"https:\/\/evertonfc.cz\/#\/schema\/person\/d4493b8cbea51532597fbc4685698916\"},\"headline\":\"U23 u\u017e pozn\u00e1 pr\u00edpravu\",\"datePublished\":\"2019-06-16T14:36:20+00:00\",\"dateModified\":\"2020-04-28T13:45:37+00:00\",\"mainEntityOfPage\":{\"@id\":\"https:\/\/evertonfc.cz\/index.php\/2019\/06\/16\/u23-uz-pozna-pripravu\/\"},\"wordCount\":589,\"commentCount\":0,\"publisher\":{\"@id\":\"https:\/\/evertonfc.cz\/#organization\"},\"image\":{\"@id\":\"https:\/\/evertonfc.cz\/index.php\/2019\/06\/16\/u23-uz-pozna-pripravu\/#primaryimage\"},\"thumbnailUrl\":\"https:\/\/evertonfc.cz\/wp-content\/uploads\/2019\/06\/Unsworth-16-6-2019.jpg\",\"articleSection\":[\"Aktuality\"],\"inLanguage\":\"cs\",\"potentialAction\":[{\"@type\":\"CommentAction\",\"name\":\"Comment\",\"target\":[\"https:\/\/evertonfc.cz\/index.php\/2019\/06\/16\/u23-uz-pozna-pripravu\/#respond\"]}]},{\"@type\":\"WebPage\",\"@id\":\"https:\/\/evertonfc.cz\/index.php\/2019\/06\/16\/u23-uz-pozna-pripravu\/\",\"url\":\"https:\/\/evertonfc.cz\/index.php\/2019\/06\/16\/u23-uz-pozna-pripravu\/\",\"name\":\"U23 u\u017e pozn\u00e1 pr\u00edpravu - Official Czech &amp; Slovak Everton Supporters&#039; Club\",\"isPartOf\":{\"@id\":\"https:\/\/evertonfc.cz\/#website\"},\"primaryImageOfPage\":{\"@id\":\"https:\/\/evertonfc.cz\/index.php\/2019\/06\/16\/u23-uz-pozna-pripravu\/#primaryimage\"},\"image\":{\"@id\":\"https:\/\/evertonfc.cz\/index.php\/2019\/06\/16\/u23-uz-pozna-pripravu\/#primaryimage\"},\"thumbnailUrl\":\"https:\/\/evertonfc.cz\/wp-content\/uploads\/2019\/06\/Unsworth-16-6-2019.jpg\",\"datePublished\":\"2019-06-16T14:36:20+00:00\",\"dateModified\":\"2020-04-28T13:45:37+00:00\",\"breadcrumb\":{\"@id\":\"https:\/\/evertonfc.cz\/index.php\/2019\/06\/16\/u23-uz-pozna-pripravu\/#breadcrumb\"},\"inLanguage\":\"cs\",\"potentialAction\":[{\"@type\":\"ReadAction\",\"target\":[\"https:\/\/evertonfc.cz\/index.php\/2019\/06\/16\/u23-uz-pozna-pripravu\/\"]}]},{\"@type\":\"ImageObject\",\"inLanguage\":\"cs\",\"@id\":\"https:\/\/evertonfc.cz\/index.php\/2019\/06\/16\/u23-uz-pozna-pripravu\/#primaryimage\",\"url\":\"https:\/\/evertonfc.cz\/wp-content\/uploads\/2019\/06\/Unsworth-16-6-2019.jpg\",\"contentUrl\":\"https:\/\/evertonfc.cz\/wp-content\/uploads\/2019\/06\/Unsworth-16-6-2019.jpg\",\"width\":720,\"height\":405},{\"@type\":\"BreadcrumbList\",\"@id\":\"https:\/\/evertonfc.cz\/index.php\/2019\/06\/16\/u23-uz-pozna-pripravu\/#breadcrumb\",\"itemListElement\":[{\"@type\":\"ListItem\",\"position\":1,\"name\":\"Home\",\"item\":\"https:\/\/evertonfc.cz\/\"},{\"@type\":\"ListItem\",\"position\":2,\"name\":\"U23 u\u017e pozn\u00e1 pr\u00edpravu\"}]},{\"@type\":\"WebSite\",\"@id\":\"https:\/\/evertonfc.cz\/#website\",\"url\":\"https:\/\/evertonfc.cz\/\",\"name\":\"Official Czech &amp; Slovak Everton Supporters&#039; Club\",\"description\":\"\",\"publisher\":{\"@id\":\"https:\/\/evertonfc.cz\/#organization\"},\"potentialAction\":[{\"@type\":\"SearchAction\",\"target\":{\"@type\":\"EntryPoint\",\"urlTemplate\":\"https:\/\/evertonfc.cz\/?s={search_term_string}\"},\"query-input\":{\"@type\":\"PropertyValueSpecification\",\"valueRequired\":true,\"valueName\":\"search_term_string\"}}],\"inLanguage\":\"cs\"},{\"@type\":\"Organization\",\"@id\":\"https:\/\/evertonfc.cz\/#organization\",\"name\":\"Official Czech & Slovak Everton Supporters' Club\",\"url\":\"https:\/\/evertonfc.cz\/\",\"logo\":{\"@type\":\"ImageObject\",\"inLanguage\":\"cs\",\"@id\":\"https:\/\/evertonfc.cz\/#\/schema\/logo\/image\/\",\"url\":\"https:\/\/evertonfc.cz\/wp-content\/uploads\/2019\/05\/logo.png\",\"contentUrl\":\"https:\/\/evertonfc.cz\/wp-content\/uploads\/2019\/05\/logo.png\",\"width\":112,\"height\":112,\"caption\":\"Official Czech & Slovak Everton Supporters' Club\"},\"image\":{\"@id\":\"https:\/\/evertonfc.cz\/#\/schema\/logo\/image\/\"},\"sameAs\":[\"https:\/\/www.facebook.com\/everton.fans.cz.sk\"]},{\"@type\":\"Person\",\"@id\":\"https:\/\/evertonfc.cz\/#\/schema\/person\/d4493b8cbea51532597fbc4685698916\",\"name\":\"BlueBlooded\",\"url\":\"https:\/\/evertonfc.cz\/index.php\/author\/admin\/\"}]}<\/script>\n<!-- \/ Yoast SEO plugin. -->","yoast_head_json":{"title":"U23 u\u017e pozn\u00e1 pr\u00edpravu - Official Czech &amp; Slovak Everton Supporters&#039; Club","robots":{"index":"index","follow":"follow","max-snippet":"max-snippet:-1","max-image-preview":"max-image-preview:large","max-video-preview":"max-video-preview:-1"},"canonical":"https:\/\/evertonfc.cz\/index.php\/2019\/06\/16\/u23-uz-pozna-pripravu\/","og_locale":"cs_CZ","og_type":"article","og_title":"U23 u\u017e pozn\u00e1 pr\u00edpravu - Official Czech &amp; Slovak Everton Supporters&#039; Club","og_description":"A okrem \u0161iestich s\u00faperov pre majstrov v letn\u00fdch mesiacoch, obhajuj\u00facich aj poh\u00e1rov\u00e9 double, sa v tomto \u010dl\u00e1nku dozviete aj in\u00e9 novinky. Konkr\u00e9tne tie kontraktov\u00e9.","og_url":"https:\/\/evertonfc.cz\/index.php\/2019\/06\/16\/u23-uz-pozna-pripravu\/","og_site_name":"Official Czech &amp; Slovak Everton Supporters&#039; Club","article_publisher":"https:\/\/www.facebook.com\/everton.fans.cz.sk","article_published_time":"2019-06-16T14:36:20+00:00","article_modified_time":"2020-04-28T13:45:37+00:00","og_image":[{"width":720,"height":405,"url":"https:\/\/evertonfc.cz\/wp-content\/uploads\/2019\/06\/Unsworth-16-6-2019.jpg","type":"image\/jpeg"}],"author":"BlueBlooded","twitter_card":"summary_large_image","twitter_misc":{"Napsal(a)":"BlueBlooded","Odhadovan\u00e1 doba \u010dten\u00ed":"3 minuty"},"schema":{"@context":"https:\/\/schema.org","@graph":[{"@type":"Article","@id":"https:\/\/evertonfc.cz\/index.php\/2019\/06\/16\/u23-uz-pozna-pripravu\/#article","isPartOf":{"@id":"https:\/\/evertonfc.cz\/index.php\/2019\/06\/16\/u23-uz-pozna-pripravu\/"},"author":{"name":"BlueBlooded","@id":"https:\/\/evertonfc.cz\/#\/schema\/person\/d4493b8cbea51532597fbc4685698916"},"headline":"U23 u\u017e pozn\u00e1 pr\u00edpravu","datePublished":"2019-06-16T14:36:20+00:00","dateModified":"2020-04-28T13:45:37+00:00","mainEntityOfPage":{"@id":"https:\/\/evertonfc.cz\/index.php\/2019\/06\/16\/u23-uz-pozna-pripravu\/"},"wordCount":589,"commentCount":0,"publisher":{"@id":"https:\/\/evertonfc.cz\/#organization"},"image":{"@id":"https:\/\/evertonfc.cz\/index.php\/2019\/06\/16\/u23-uz-pozna-pripravu\/#primaryimage"},"thumbnailUrl":"https:\/\/evertonfc.cz\/wp-content\/uploads\/2019\/06\/Unsworth-16-6-2019.jpg","articleSection":["Aktuality"],"inLanguage":"cs","potentialAction":[{"@type":"CommentAction","name":"Comment","target":["https:\/\/evertonfc.cz\/index.php\/2019\/06\/16\/u23-uz-pozna-pripravu\/#respond"]}]},{"@type":"WebPage","@id":"https:\/\/evertonfc.cz\/index.php\/2019\/06\/16\/u23-uz-pozna-pripravu\/","url":"https:\/\/evertonfc.cz\/index.php\/2019\/06\/16\/u23-uz-pozna-pripravu\/","name":"U23 u\u017e pozn\u00e1 pr\u00edpravu - Official Czech &amp; Slovak Everton Supporters&#039; Club","isPartOf":{"@id":"https:\/\/evertonfc.cz\/#website"},"primaryImageOfPage":{"@id":"https:\/\/evertonfc.cz\/index.php\/2019\/06\/16\/u23-uz-pozna-pripravu\/#primaryimage"},"image":{"@id":"https:\/\/evertonfc.cz\/index.php\/2019\/06\/16\/u23-uz-pozna-pripravu\/#primaryimage"},"thumbnailUrl":"https:\/\/evertonfc.cz\/wp-content\/uploads\/2019\/06\/Unsworth-16-6-2019.jpg","datePublished":"2019-06-16T14:36:20+00:00","dateModified":"2020-04-28T13:45:37+00:00","breadcrumb":{"@id":"https:\/\/evertonfc.cz\/index.php\/2019\/06\/16\/u23-uz-pozna-pripravu\/#breadcrumb"},"inLanguage":"cs","potentialAction":[{"@type":"ReadAction","target":["https:\/\/evertonfc.cz\/index.php\/2019\/06\/16\/u23-uz-pozna-pripravu\/"]}]},{"@type":"ImageObject","inLanguage":"cs","@id":"https:\/\/evertonfc.cz\/index.php\/2019\/06\/16\/u23-uz-pozna-pripravu\/#primaryimage","url":"https:\/\/evertonfc.cz\/wp-content\/uploads\/2019\/06\/Unsworth-16-6-2019.jpg","contentUrl":"https:\/\/evertonfc.cz\/wp-content\/uploads\/2019\/06\/Unsworth-16-6-2019.jpg","width":720,"height":405},{"@type":"BreadcrumbList","@id":"https:\/\/evertonfc.cz\/index.php\/2019\/06\/16\/u23-uz-pozna-pripravu\/#breadcrumb","itemListElement":[{"@type":"ListItem","position":1,"name":"Home","item":"https:\/\/evertonfc.cz\/"},{"@type":"ListItem","position":2,"name":"U23 u\u017e pozn\u00e1 pr\u00edpravu"}]},{"@type":"WebSite","@id":"https:\/\/evertonfc.cz\/#website","url":"https:\/\/evertonfc.cz\/","name":"Official Czech &amp; Slovak Everton Supporters&#039; Club","description":"","publisher":{"@id":"https:\/\/evertonfc.cz\/#organization"},"potentialAction":[{"@type":"SearchAction","target":{"@type":"EntryPoint","urlTemplate":"https:\/\/evertonfc.cz\/?s={search_term_string}"},"query-input":{"@type":"PropertyValueSpecification","valueRequired":true,"valueName":"search_term_string"}}],"inLanguage":"cs"},{"@type":"Organization","@id":"https:\/\/evertonfc.cz\/#organization","name":"Official Czech & Slovak Everton Supporters' Club","url":"https:\/\/evertonfc.cz\/","logo":{"@type":"ImageObject","inLanguage":"cs","@id":"https:\/\/evertonfc.cz\/#\/schema\/logo\/image\/","url":"https:\/\/evertonfc.cz\/wp-content\/uploads\/2019\/05\/logo.png","contentUrl":"https:\/\/evertonfc.cz\/wp-content\/uploads\/2019\/05\/logo.png","width":112,"height":112,"caption":"Official Czech & Slovak Everton Supporters' Club"},"image":{"@id":"https:\/\/evertonfc.cz\/#\/schema\/logo\/image\/"},"sameAs":["https:\/\/www.facebook.com\/everton.fans.cz.sk"]},{"@type":"Person","@id":"https:\/\/evertonfc.cz\/#\/schema\/person\/d4493b8cbea51532597fbc4685698916","name":"BlueBlooded","url":"https:\/\/evertonfc.cz\/index.php\/author\/admin\/"}]}},"_links":{"self":[{"href":"https:\/\/evertonfc.cz\/index.php\/wp-json\/wp\/v2\/posts\/8103"}],"collection":[{"href":"https:\/\/evertonfc.cz\/index.php\/wp-json\/wp\/v2\/posts"}],"about":[{"href":"https:\/\/evertonfc.cz\/index.php\/wp-json\/wp\/v2\/types\/post"}],"author":[{"embeddable":true,"href":"https:\/\/evertonfc.cz\/index.php\/wp-json\/wp\/v2\/users\/1"}],"replies":[{"embeddable":true,"href":"https:\/\/evertonfc.cz\/index.php\/wp-json\/wp\/v2\/comments?post=8103"}],"version-history":[{"count":2,"href":"https:\/\/evertonfc.cz\/index.php\/wp-json\/wp\/v2\/posts\/8103\/revisions"}],"predecessor-version":[{"id":10936,"href":"https:\/\/evertonfc.cz\/index.php\/wp-json\/wp\/v2\/posts\/8103\/revisions\/10936"}],"wp:featuredmedia":[{"embeddable":true,"href":"https:\/\/evertonfc.cz\/index.php\/wp-json\/wp\/v2\/media\/8102"}],"wp:attachment":[{"href":"https:\/\/evertonfc.cz\/index.php\/wp-json\/wp\/v2\/media?parent=8103"}],"wp:term":[{"taxonomy":"category","embeddable":true,"href":"https:\/\/evertonfc.cz\/index.php\/wp-json\/wp\/v2\/categories?post=8103"},{"taxonomy":"post_tag","embeddable":true,"href":"https:\/\/evertonfc.cz\/index.php\/wp-json\/wp\/v2\/tags?post=8103"}],"curies":[{"name":"wp","href":"https:\/\/api.w.org\/{rel}","templated":true}]}}