{"id":8112,"date":"2019-06-17T10:17:45","date_gmt":"2019-06-17T08:17:45","guid":{"rendered":"https:\/\/evertonfc.cz\/?p=8112"},"modified":"2020-04-28T15:45:08","modified_gmt":"2020-04-28T13:45:08","slug":"vysledok-drazby-a-prebiehajuca-zbierka","status":"publish","type":"post","link":"https:\/\/evertonfc.cz\/index.php\/2019\/06\/17\/vysledok-drazby-a-prebiehajuca-zbierka\/","title":{"rendered":"V\u00fdsledok dra\u017eby a prebiehaj\u00faca zbierka"},"content":{"rendered":"<h4>Charitat\u00edvna aukcia pre pomoc de\u0165om v\u00a0n\u00fadzi sa v\u010dera ve\u010der uzavrela a\u00a0u\u017e pozn\u00e1 svojich v\u00ed\u0165azov, aj celkov\u00fa sumu, ktor\u00e1 sa podarila vydra\u017ei\u0165. T\u00fdm to v\u0161ak nekon\u010d\u00ed.<\/h4>\n<p style=\"background: white;\"><span lang=\"SK\">Ve\u013ea fan\u00fa\u0161ikov je pr\u00e1vom hrd\u00fdch na prez\u00fdvku Evertonu, ktor\u00e1 sa majest\u00e1tne vyn\u00edma na Sir Philip Carter Park Stand. Prischla n\u00e1m prakticky hne\u010f po pr\u00edchode Davida Moyesa do klubu. \u0160k\u00f3t klub po\u010dastoval t\u00fdmito slovami a\u00a0mo\u017eno ani nevedel, ako ve\u013emi sa trafil. Pri\u010dom t\u00fdch p\u00e1r slov m\u00e1 ove\u013ea hlb\u0161\u00ed v\u00fdznam ne\u017e ten, pre ktor\u00fd ho prakticky n\u00e1hodou vymyslel. \u010clovek sa potom zamysl\u00ed, ako je v\u00f4bec mo\u017en\u00e9, \u017ee n\u00e1m to neprischlo sk\u00f4r.<\/span><\/p>\n<p style=\"background: white;\"><span lang=\"SK\">Napokon aj tento \u010dl\u00e1nok je len \u010fal\u0161\u00edm d\u00f4kazom toho, \u017ee to nie s\u00fa len pr\u00e1zdne slov\u00e1. U\u017e druh\u00fd rok po sebe sa n\u00e1m dar\u00ed organizova\u0165 nezi\u0161tn\u00fa pomoc druh\u00fdm a\u00a0na\u0161a \u010deskoslovensk\u00e1 komunita je na to py\u0161n\u00e1. Mus\u00ed by\u0165. Ve\u010f je pravdepodobne jedin\u00e1 svojho druhu, minim\u00e1lne v\u00a0tuzemsku, ktor\u00e1 sa tak\u00e9to nie\u010do podujala robi\u0165 dobrovo\u013ene a\u00a0z\u00a0vlastnej iniciat\u00edvy.<\/span><\/p>\n<p style=\"background: white;\"><span lang=\"SK\">Povedali sme si, \u017ee rok \u010do rok budeme strieda\u0165 dobro\u010dinn\u00e9 organiz\u00e1cie a\u00a0teraz je na rade z\u00e1stupca z\u00a0\u010ceskej republiky. Tu na webe bola hlasovan\u00edm riadne zvolen\u00e1 charitat\u00edvna organiz\u00e1cia <a href=\"https:\/\/www.nadaceterezymaxove.cz\/o-nadaci\/nase-poslani\/\" target=\"_blank\" rel=\"noopener noreferrer\">\u201cNadace Terezy Maxov\u00e9\u201d<\/a> a\u00a0vydra\u017een\u00e9 peniaze poputuj\u00fa im. Ako dopadla dra\u017eba?<\/span><\/p>\n<h4>Vydra\u017een\u00e9 predmety<\/h4>\n<p style=\"background: white;\"><span lang=\"SK\">Za\u010dnem zlou spr\u00e1vou. O\u00a0prv\u00fa polo\u017eku v\u00a0aukcii, polovi\u010dn\u00fd \u0161\u00e1l \u201eEverton \u2013 Standard Liege\u201c z Eur\u00f3pskej ligy 2008\/09, bohu\u017eia\u013e z\u00e1ujem nebol a\u00a0tak si t\u00e1to polo\u017eka s\u00a0vyvol\u00e1vaciu cenou 10\u20ac na svojho nov\u00e9ho majite\u013ea e\u0161te minim\u00e1lne rok po\u010dk\u00e1.<\/span><\/p>\n<p style=\"background: white;\"><span lang=\"SK\">O poznanie lep\u0161ie to i\u0161lo so sadou siedmych DVD, \u201eZhodnotenie sez\u00f3n\u201c 2002\/03 a\u017e 2008\/09, s vyvol\u00e1vacou cenou 15\u20ac. Tam sa bili traja z\u00e1ujemcovia, konkr\u00e9tne ja, godison a Javor. V\u00ed\u0165az s najvy\u0161\u0161ou ponukou mohol by\u0165 ale len jeden, a tak si cenn\u00e9 poznatky z minul\u00e9ho desa\u0165ro\u010dia odn\u00e1\u0161a domov posledn\u00fd menovan\u00fd, ktor\u00fd uspel v \u0161tvrtej vlne za ponuku 30\u20ac. Potlesk!<\/span><\/p>\n<p style=\"background: white;\"><span lang=\"SK\">Tret\u00ed na zozname bol dom\u00e1ci dres Puma, zo sez\u00f3ny 2002\/03. Vtedy klub oslavoval 100 rokov v najvy\u0161\u0161ej s\u00fa\u0165a\u017ei a\u00a0aj preto predstavuje t\u00e1to polo\u017eka ve\u013emi l\u00e1kav\u00fd artikel do dom\u00e1cej zbierky klubov\u00fdch cennost\u00ed. T\u00fa svoju sa podarilo roz\u0161\u00edri\u0165 Evertonovi1878. Za nekonfrontovan\u00fa sumu 30\u20ac. V\u00fdborn\u00e1 invest\u00edcia!<\/span><\/p>\n<p style=\"background: white;\"><span lang=\"SK\">Zlat\u00fd klinec programu predstavoval novu\u010di\u010dk\u00fd dar od klubu, dom\u00e1ci dres Umbro z akur\u00e1t skon\u010denej sez\u00f3ny. Vyn\u00edma sa na \u0148om Bernard s \u010d\u00edslom 20 a je vlastnoru\u010dne podp\u00edsan\u00fd hr\u00e1\u010dom, ktor\u00fd n\u00e1s zadarmo posilnil minul\u00e9 leto zo \u0160achtaru Doneck. Zar\u00e1muje si ho predseda fanklubu Ri\u010di. Jeho sumu 100\u20ac nikto neprebil. Gratulujeme!<\/span><\/p>\n<h4>Mo\u017enos\u0165 prispie\u0165<\/h4>\n<p style=\"background: white;\"><span lang=\"SK\"><strong>Aj v\u010faka nav\u00fd\u0161en\u00e9mu po\u010dtu predmetov v dra\u017ebe sa n\u00e1m podarilo nav\u00fd\u0161i\u0165 z\u00e1kladn\u00fa sumu <a href=\"https:\/\/evertonfc.cz\/index.php\/2018\/04\/10\/zbierka-na-dobrocinne-ucely-v-ramci-drazby-dresu\/\" target=\"_blank\" rel=\"noopener noreferrer\">oproti minul\u00e9mu roku<\/a>, ktor\u00e1 teraz \u010din\u00ed 160\u20ac a poputuje nad\u00e1cii. Ale t\u00fdm nekon\u010d\u00edme. Rovnako ako minul\u00fd, teda prv\u00fd ro\u010dn\u00edk, d\u00e1vame mo\u017enos\u0165 ka\u017ed\u00e9mu dobrovo\u013ene prispie\u0165 \u013eubovo\u013enou sumou (pom\u00f4\u017ee aj 5\u20ac). Preto, ak m\u00e1te z\u00e1ujem spravi\u0165 nie\u010do dobr\u00e9 z vlastnej v\u00f4le, nap\u00ed\u0161te n\u00e1m na n\u00e1\u0161 email &#8211; <a href=\"mailto:czskevertonians@gmail.com\">czskevertonians@gmail.com<\/a><\/strong><\/span><\/p>\n<p style=\"background: white;\"><strong><span lang=\"SK\">Pros\u00edm, uve\u010fte v \u0148om predmet &#8222;Dra\u017eba Everton&#8220;, va\u0161e meno, nickname (ak ste zaregistrovan\u00fd) a sumu, ktorou chcete prispie\u0165. Obratom v\u00e1m pr\u00edde odpove\u010f, na ak\u00e9 \u010d\u00edslo \u00fa\u010dtu treba peniaze posla\u0165. V\u00ed\u0165azov dra\u017eby budeme oh\u013eadom zaslania ich predmetov a platby kontaktova\u0165 tie\u017e cez email.<\/span><\/strong><\/p>\n<p style=\"background: white;\"><span lang=\"SK\">Kv\u00f4li \u0161etreniu na poplatkoch bank\u00e1m, \u013eudia zo Slovenska m\u00f4\u017eu posiela\u0165 peniaze na slovensk\u00fd \u00fa\u010det a z \u010ceskej republiky na \u010desk\u00fd. Prostriedky sa potom zjednotia naraz a poplatok banke za medzin\u00e1rodn\u00fd prevod sa zaplat\u00ed iba raz. Aby sa zabezpe\u010dila transparentnos\u0165, na z\u00e1ver zverejn\u00edme sumy pe\u0148az\u00ed od jednotlivcov, aby sa mohli skontrolova\u0165 a overi\u0165 tak korektnos\u0165 celkovej sumy.<\/span><\/p>\n<p style=\"background: white;\"><span lang=\"SK\"><strong>Zbierka na dobro\u010dinn\u00e9 \u00fa\u010dely v r\u00e1mci dra\u017eby prebieha od zverejnenia tohto \u010dl\u00e1nku \u2013 17. j\u00fana \u2013 a kon\u010d\u00ed 23. j\u00fana 2019 o 23:00.<\/strong> Ak m\u00e1te nejak\u00e9 ot\u00e1zky alebo pochybnosti, pros\u00edm, adresujte ich v\u00a0koment\u00e1roch, alebo n\u00e1m nap\u00ed\u0161te na vy\u0161\u0161ie uveden\u00fa emailov\u00fa adresu. \u010eakujeme.<\/span><\/p>\n","protected":false},"excerpt":{"rendered":"<p>Charitat\u00edvna aukcia pre pomoc de\u0165om v n\u00fadzi sa v\u010dera ve\u010der uzavrela a u\u017e pozn\u00e1 svojich v\u00ed\u0165azov, aj celkov\u00fa sumu, ktor\u00e1 sa podarila vydra\u017ei\u0165. T\u00fdm to v\u0161ak nekon\u010d\u00ed.<\/p>\n","protected":false},"author":1,"featured_media":8111,"comment_status":"open","ping_status":"closed","sticky":false,"template":"","format":"standard","meta":{"_eb_attr":"","_monsterinsights_skip_tracking":false,"_monsterinsights_sitenote_active":false,"_monsterinsights_sitenote_note":"","_monsterinsights_sitenote_category":0,"footnotes":""},"categories":[85],"tags":[],"yoast_head":"<!-- This site is optimized with the Yoast SEO plugin v23.4 - https:\/\/yoast.com\/wordpress\/plugins\/seo\/ -->\n<title>V\u00fdsledok dra\u017eby a prebiehaj\u00faca zbierka - Official Czech &amp; Slovak Everton Supporters&#039; Club<\/title>\n<meta name=\"robots\" content=\"index, follow, max-snippet:-1, max-image-preview:large, max-video-preview:-1\" \/>\n<link rel=\"canonical\" href=\"https:\/\/evertonfc.cz\/index.php\/2019\/06\/17\/vysledok-drazby-a-prebiehajuca-zbierka\/\" \/>\n<meta property=\"og:locale\" content=\"cs_CZ\" \/>\n<meta property=\"og:type\" content=\"article\" \/>\n<meta property=\"og:title\" content=\"V\u00fdsledok dra\u017eby a prebiehaj\u00faca zbierka - Official Czech &amp; Slovak Everton Supporters&#039; Club\" \/>\n<meta property=\"og:description\" content=\"Charitat\u00edvna aukcia pre pomoc de\u0165om v n\u00fadzi sa v\u010dera ve\u010der uzavrela a u\u017e pozn\u00e1 svojich v\u00ed\u0165azov, aj celkov\u00fa sumu, ktor\u00e1 sa podarila vydra\u017ei\u0165. T\u00fdm to v\u0161ak nekon\u010d\u00ed.\" \/>\n<meta property=\"og:url\" content=\"https:\/\/evertonfc.cz\/index.php\/2019\/06\/17\/vysledok-drazby-a-prebiehajuca-zbierka\/\" \/>\n<meta property=\"og:site_name\" content=\"Official Czech &amp; Slovak Everton Supporters&#039; Club\" \/>\n<meta property=\"article:publisher\" content=\"https:\/\/www.facebook.com\/everton.fans.cz.sk\" \/>\n<meta property=\"article:published_time\" content=\"2019-06-17T08:17:45+00:00\" \/>\n<meta property=\"article:modified_time\" content=\"2020-04-28T13:45:08+00:00\" \/>\n<meta property=\"og:image\" content=\"https:\/\/evertonfc.cz\/wp-content\/uploads\/2019\/06\/goodison-17-6-2019.jpeg\" \/>\n\t<meta property=\"og:image:width\" content=\"720\" \/>\n\t<meta property=\"og:image:height\" content=\"405\" \/>\n\t<meta property=\"og:image:type\" content=\"image\/jpeg\" \/>\n<meta name=\"author\" content=\"BlueBlooded\" \/>\n<meta name=\"twitter:card\" content=\"summary_large_image\" \/>\n<meta name=\"twitter:label1\" content=\"Napsal(a)\" \/>\n\t<meta name=\"twitter:data1\" content=\"BlueBlooded\" \/>\n\t<meta name=\"twitter:label2\" content=\"Odhadovan\u00e1 doba \u010dten\u00ed\" \/>\n\t<meta name=\"twitter:data2\" content=\"4 minuty\" \/>\n<script type=\"application\/ld+json\" class=\"yoast-schema-graph\">{\"@context\":\"https:\/\/schema.org\",\"@graph\":[{\"@type\":\"Article\",\"@id\":\"https:\/\/evertonfc.cz\/index.php\/2019\/06\/17\/vysledok-drazby-a-prebiehajuca-zbierka\/#article\",\"isPartOf\":{\"@id\":\"https:\/\/evertonfc.cz\/index.php\/2019\/06\/17\/vysledok-drazby-a-prebiehajuca-zbierka\/\"},\"author\":{\"name\":\"BlueBlooded\",\"@id\":\"https:\/\/evertonfc.cz\/#\/schema\/person\/d4493b8cbea51532597fbc4685698916\"},\"headline\":\"V\u00fdsledok dra\u017eby a prebiehaj\u00faca zbierka\",\"datePublished\":\"2019-06-17T08:17:45+00:00\",\"dateModified\":\"2020-04-28T13:45:08+00:00\",\"mainEntityOfPage\":{\"@id\":\"https:\/\/evertonfc.cz\/index.php\/2019\/06\/17\/vysledok-drazby-a-prebiehajuca-zbierka\/\"},\"wordCount\":746,\"commentCount\":4,\"publisher\":{\"@id\":\"https:\/\/evertonfc.cz\/#organization\"},\"image\":{\"@id\":\"https:\/\/evertonfc.cz\/index.php\/2019\/06\/17\/vysledok-drazby-a-prebiehajuca-zbierka\/#primaryimage\"},\"thumbnailUrl\":\"https:\/\/evertonfc.cz\/wp-content\/uploads\/2019\/06\/goodison-17-6-2019.jpeg\",\"articleSection\":[\"Supporters' Club\"],\"inLanguage\":\"cs\",\"potentialAction\":[{\"@type\":\"CommentAction\",\"name\":\"Comment\",\"target\":[\"https:\/\/evertonfc.cz\/index.php\/2019\/06\/17\/vysledok-drazby-a-prebiehajuca-zbierka\/#respond\"]}]},{\"@type\":\"WebPage\",\"@id\":\"https:\/\/evertonfc.cz\/index.php\/2019\/06\/17\/vysledok-drazby-a-prebiehajuca-zbierka\/\",\"url\":\"https:\/\/evertonfc.cz\/index.php\/2019\/06\/17\/vysledok-drazby-a-prebiehajuca-zbierka\/\",\"name\":\"V\u00fdsledok dra\u017eby a prebiehaj\u00faca zbierka - Official Czech &amp; Slovak Everton Supporters&#039; Club\",\"isPartOf\":{\"@id\":\"https:\/\/evertonfc.cz\/#website\"},\"primaryImageOfPage\":{\"@id\":\"https:\/\/evertonfc.cz\/index.php\/2019\/06\/17\/vysledok-drazby-a-prebiehajuca-zbierka\/#primaryimage\"},\"image\":{\"@id\":\"https:\/\/evertonfc.cz\/index.php\/2019\/06\/17\/vysledok-drazby-a-prebiehajuca-zbierka\/#primaryimage\"},\"thumbnailUrl\":\"https:\/\/evertonfc.cz\/wp-content\/uploads\/2019\/06\/goodison-17-6-2019.jpeg\",\"datePublished\":\"2019-06-17T08:17:45+00:00\",\"dateModified\":\"2020-04-28T13:45:08+00:00\",\"breadcrumb\":{\"@id\":\"https:\/\/evertonfc.cz\/index.php\/2019\/06\/17\/vysledok-drazby-a-prebiehajuca-zbierka\/#breadcrumb\"},\"inLanguage\":\"cs\",\"potentialAction\":[{\"@type\":\"ReadAction\",\"target\":[\"https:\/\/evertonfc.cz\/index.php\/2019\/06\/17\/vysledok-drazby-a-prebiehajuca-zbierka\/\"]}]},{\"@type\":\"ImageObject\",\"inLanguage\":\"cs\",\"@id\":\"https:\/\/evertonfc.cz\/index.php\/2019\/06\/17\/vysledok-drazby-a-prebiehajuca-zbierka\/#primaryimage\",\"url\":\"https:\/\/evertonfc.cz\/wp-content\/uploads\/2019\/06\/goodison-17-6-2019.jpeg\",\"contentUrl\":\"https:\/\/evertonfc.cz\/wp-content\/uploads\/2019\/06\/goodison-17-6-2019.jpeg\",\"width\":720,\"height\":405},{\"@type\":\"BreadcrumbList\",\"@id\":\"https:\/\/evertonfc.cz\/index.php\/2019\/06\/17\/vysledok-drazby-a-prebiehajuca-zbierka\/#breadcrumb\",\"itemListElement\":[{\"@type\":\"ListItem\",\"position\":1,\"name\":\"Home\",\"item\":\"https:\/\/evertonfc.cz\/\"},{\"@type\":\"ListItem\",\"position\":2,\"name\":\"V\u00fdsledok dra\u017eby a prebiehaj\u00faca zbierka\"}]},{\"@type\":\"WebSite\",\"@id\":\"https:\/\/evertonfc.cz\/#website\",\"url\":\"https:\/\/evertonfc.cz\/\",\"name\":\"Official Czech &amp; Slovak Everton Supporters&#039; Club\",\"description\":\"\",\"publisher\":{\"@id\":\"https:\/\/evertonfc.cz\/#organization\"},\"potentialAction\":[{\"@type\":\"SearchAction\",\"target\":{\"@type\":\"EntryPoint\",\"urlTemplate\":\"https:\/\/evertonfc.cz\/?s={search_term_string}\"},\"query-input\":{\"@type\":\"PropertyValueSpecification\",\"valueRequired\":true,\"valueName\":\"search_term_string\"}}],\"inLanguage\":\"cs\"},{\"@type\":\"Organization\",\"@id\":\"https:\/\/evertonfc.cz\/#organization\",\"name\":\"Official Czech & Slovak Everton Supporters' Club\",\"url\":\"https:\/\/evertonfc.cz\/\",\"logo\":{\"@type\":\"ImageObject\",\"inLanguage\":\"cs\",\"@id\":\"https:\/\/evertonfc.cz\/#\/schema\/logo\/image\/\",\"url\":\"https:\/\/evertonfc.cz\/wp-content\/uploads\/2019\/05\/logo.png\",\"contentUrl\":\"https:\/\/evertonfc.cz\/wp-content\/uploads\/2019\/05\/logo.png\",\"width\":112,\"height\":112,\"caption\":\"Official Czech & Slovak Everton Supporters' Club\"},\"image\":{\"@id\":\"https:\/\/evertonfc.cz\/#\/schema\/logo\/image\/\"},\"sameAs\":[\"https:\/\/www.facebook.com\/everton.fans.cz.sk\"]},{\"@type\":\"Person\",\"@id\":\"https:\/\/evertonfc.cz\/#\/schema\/person\/d4493b8cbea51532597fbc4685698916\",\"name\":\"BlueBlooded\",\"url\":\"https:\/\/evertonfc.cz\/index.php\/author\/admin\/\"}]}<\/script>\n<!-- \/ Yoast SEO plugin. -->","yoast_head_json":{"title":"V\u00fdsledok dra\u017eby a prebiehaj\u00faca zbierka - Official Czech &amp; Slovak Everton Supporters&#039; Club","robots":{"index":"index","follow":"follow","max-snippet":"max-snippet:-1","max-image-preview":"max-image-preview:large","max-video-preview":"max-video-preview:-1"},"canonical":"https:\/\/evertonfc.cz\/index.php\/2019\/06\/17\/vysledok-drazby-a-prebiehajuca-zbierka\/","og_locale":"cs_CZ","og_type":"article","og_title":"V\u00fdsledok dra\u017eby a prebiehaj\u00faca zbierka - Official Czech &amp; Slovak Everton Supporters&#039; Club","og_description":"Charitat\u00edvna aukcia pre pomoc de\u0165om v n\u00fadzi sa v\u010dera ve\u010der uzavrela a u\u017e pozn\u00e1 svojich v\u00ed\u0165azov, aj celkov\u00fa sumu, ktor\u00e1 sa podarila vydra\u017ei\u0165. T\u00fdm to v\u0161ak nekon\u010d\u00ed.","og_url":"https:\/\/evertonfc.cz\/index.php\/2019\/06\/17\/vysledok-drazby-a-prebiehajuca-zbierka\/","og_site_name":"Official Czech &amp; Slovak Everton Supporters&#039; Club","article_publisher":"https:\/\/www.facebook.com\/everton.fans.cz.sk","article_published_time":"2019-06-17T08:17:45+00:00","article_modified_time":"2020-04-28T13:45:08+00:00","og_image":[{"width":720,"height":405,"url":"https:\/\/evertonfc.cz\/wp-content\/uploads\/2019\/06\/goodison-17-6-2019.jpeg","type":"image\/jpeg"}],"author":"BlueBlooded","twitter_card":"summary_large_image","twitter_misc":{"Napsal(a)":"BlueBlooded","Odhadovan\u00e1 doba \u010dten\u00ed":"4 minuty"},"schema":{"@context":"https:\/\/schema.org","@graph":[{"@type":"Article","@id":"https:\/\/evertonfc.cz\/index.php\/2019\/06\/17\/vysledok-drazby-a-prebiehajuca-zbierka\/#article","isPartOf":{"@id":"https:\/\/evertonfc.cz\/index.php\/2019\/06\/17\/vysledok-drazby-a-prebiehajuca-zbierka\/"},"author":{"name":"BlueBlooded","@id":"https:\/\/evertonfc.cz\/#\/schema\/person\/d4493b8cbea51532597fbc4685698916"},"headline":"V\u00fdsledok dra\u017eby a prebiehaj\u00faca zbierka","datePublished":"2019-06-17T08:17:45+00:00","dateModified":"2020-04-28T13:45:08+00:00","mainEntityOfPage":{"@id":"https:\/\/evertonfc.cz\/index.php\/2019\/06\/17\/vysledok-drazby-a-prebiehajuca-zbierka\/"},"wordCount":746,"commentCount":4,"publisher":{"@id":"https:\/\/evertonfc.cz\/#organization"},"image":{"@id":"https:\/\/evertonfc.cz\/index.php\/2019\/06\/17\/vysledok-drazby-a-prebiehajuca-zbierka\/#primaryimage"},"thumbnailUrl":"https:\/\/evertonfc.cz\/wp-content\/uploads\/2019\/06\/goodison-17-6-2019.jpeg","articleSection":["Supporters' Club"],"inLanguage":"cs","potentialAction":[{"@type":"CommentAction","name":"Comment","target":["https:\/\/evertonfc.cz\/index.php\/2019\/06\/17\/vysledok-drazby-a-prebiehajuca-zbierka\/#respond"]}]},{"@type":"WebPage","@id":"https:\/\/evertonfc.cz\/index.php\/2019\/06\/17\/vysledok-drazby-a-prebiehajuca-zbierka\/","url":"https:\/\/evertonfc.cz\/index.php\/2019\/06\/17\/vysledok-drazby-a-prebiehajuca-zbierka\/","name":"V\u00fdsledok dra\u017eby a prebiehaj\u00faca zbierka - Official Czech &amp; Slovak Everton Supporters&#039; Club","isPartOf":{"@id":"https:\/\/evertonfc.cz\/#website"},"primaryImageOfPage":{"@id":"https:\/\/evertonfc.cz\/index.php\/2019\/06\/17\/vysledok-drazby-a-prebiehajuca-zbierka\/#primaryimage"},"image":{"@id":"https:\/\/evertonfc.cz\/index.php\/2019\/06\/17\/vysledok-drazby-a-prebiehajuca-zbierka\/#primaryimage"},"thumbnailUrl":"https:\/\/evertonfc.cz\/wp-content\/uploads\/2019\/06\/goodison-17-6-2019.jpeg","datePublished":"2019-06-17T08:17:45+00:00","dateModified":"2020-04-28T13:45:08+00:00","breadcrumb":{"@id":"https:\/\/evertonfc.cz\/index.php\/2019\/06\/17\/vysledok-drazby-a-prebiehajuca-zbierka\/#breadcrumb"},"inLanguage":"cs","potentialAction":[{"@type":"ReadAction","target":["https:\/\/evertonfc.cz\/index.php\/2019\/06\/17\/vysledok-drazby-a-prebiehajuca-zbierka\/"]}]},{"@type":"ImageObject","inLanguage":"cs","@id":"https:\/\/evertonfc.cz\/index.php\/2019\/06\/17\/vysledok-drazby-a-prebiehajuca-zbierka\/#primaryimage","url":"https:\/\/evertonfc.cz\/wp-content\/uploads\/2019\/06\/goodison-17-6-2019.jpeg","contentUrl":"https:\/\/evertonfc.cz\/wp-content\/uploads\/2019\/06\/goodison-17-6-2019.jpeg","width":720,"height":405},{"@type":"BreadcrumbList","@id":"https:\/\/evertonfc.cz\/index.php\/2019\/06\/17\/vysledok-drazby-a-prebiehajuca-zbierka\/#breadcrumb","itemListElement":[{"@type":"ListItem","position":1,"name":"Home","item":"https:\/\/evertonfc.cz\/"},{"@type":"ListItem","position":2,"name":"V\u00fdsledok dra\u017eby a prebiehaj\u00faca zbierka"}]},{"@type":"WebSite","@id":"https:\/\/evertonfc.cz\/#website","url":"https:\/\/evertonfc.cz\/","name":"Official Czech &amp; Slovak Everton Supporters&#039; Club","description":"","publisher":{"@id":"https:\/\/evertonfc.cz\/#organization"},"potentialAction":[{"@type":"SearchAction","target":{"@type":"EntryPoint","urlTemplate":"https:\/\/evertonfc.cz\/?s={search_term_string}"},"query-input":{"@type":"PropertyValueSpecification","valueRequired":true,"valueName":"search_term_string"}}],"inLanguage":"cs"},{"@type":"Organization","@id":"https:\/\/evertonfc.cz\/#organization","name":"Official Czech & Slovak Everton Supporters' Club","url":"https:\/\/evertonfc.cz\/","logo":{"@type":"ImageObject","inLanguage":"cs","@id":"https:\/\/evertonfc.cz\/#\/schema\/logo\/image\/","url":"https:\/\/evertonfc.cz\/wp-content\/uploads\/2019\/05\/logo.png","contentUrl":"https:\/\/evertonfc.cz\/wp-content\/uploads\/2019\/05\/logo.png","width":112,"height":112,"caption":"Official Czech & Slovak Everton Supporters' Club"},"image":{"@id":"https:\/\/evertonfc.cz\/#\/schema\/logo\/image\/"},"sameAs":["https:\/\/www.facebook.com\/everton.fans.cz.sk"]},{"@type":"Person","@id":"https:\/\/evertonfc.cz\/#\/schema\/person\/d4493b8cbea51532597fbc4685698916","name":"BlueBlooded","url":"https:\/\/evertonfc.cz\/index.php\/author\/admin\/"}]}},"_links":{"self":[{"href":"https:\/\/evertonfc.cz\/index.php\/wp-json\/wp\/v2\/posts\/8112"}],"collection":[{"href":"https:\/\/evertonfc.cz\/index.php\/wp-json\/wp\/v2\/posts"}],"about":[{"href":"https:\/\/evertonfc.cz\/index.php\/wp-json\/wp\/v2\/types\/post"}],"author":[{"embeddable":true,"href":"https:\/\/evertonfc.cz\/index.php\/wp-json\/wp\/v2\/users\/1"}],"replies":[{"embeddable":true,"href":"https:\/\/evertonfc.cz\/index.php\/wp-json\/wp\/v2\/comments?post=8112"}],"version-history":[{"count":11,"href":"https:\/\/evertonfc.cz\/index.php\/wp-json\/wp\/v2\/posts\/8112\/revisions"}],"predecessor-version":[{"id":10935,"href":"https:\/\/evertonfc.cz\/index.php\/wp-json\/wp\/v2\/posts\/8112\/revisions\/10935"}],"wp:featuredmedia":[{"embeddable":true,"href":"https:\/\/evertonfc.cz\/index.php\/wp-json\/wp\/v2\/media\/8111"}],"wp:attachment":[{"href":"https:\/\/evertonfc.cz\/index.php\/wp-json\/wp\/v2\/media?parent=8112"}],"wp:term":[{"taxonomy":"category","embeddable":true,"href":"https:\/\/evertonfc.cz\/index.php\/wp-json\/wp\/v2\/categories?post=8112"},{"taxonomy":"post_tag","embeddable":true,"href":"https:\/\/evertonfc.cz\/index.php\/wp-json\/wp\/v2\/tags?post=8112"}],"curies":[{"name":"wp","href":"https:\/\/api.w.org\/{rel}","templated":true}]}}