{"id":8147,"date":"2019-06-19T14:51:00","date_gmt":"2019-06-19T12:51:00","guid":{"rendered":"https:\/\/evertonfc.cz\/?p=8147"},"modified":"2019-07-07T18:16:53","modified_gmt":"2019-07-07T16:16:53","slug":"vlasic-prestupuje-do-cska","status":"publish","type":"post","link":"https:\/\/evertonfc.cz\/index.php\/2019\/06\/19\/vlasic-prestupuje-do-cska\/","title":{"rendered":"Vla\u0161i\u0107 p\u0159estupuje do CSKA"},"content":{"rendered":"<h4>Moskevsk\u00fd klub CSKA dosp\u011bl k o\u010dek\u00e1v\u00e1n\u00e9 dohod\u011b s Evertonem a leto\u0161n\u00ed hostov\u00e1n\u00ed talentovan\u00e9ho Nikoly Vla\u0161i\u0107e p\u0159etavil v trval\u00fd p\u0159estup.<\/h4>\n<p>Rusov\u00e9 zve\u0159ejnili informaci na sv\u00fdch ofici\u00e1ln\u00edch webov\u00fdch str\u00e1nk\u00e1ch, ani\u017e by v\u0161ak zm\u00ednili \u010d\u00e1stku p\u0159estupu. S Vla\u0161i\u0107em podepsali dlouhodobou smlouvu na p\u011bt let.<\/p>\n<p>Podle den\u00edku Liverpool Echo ale CSKA zaplat\u00ed za transfer 14 milion\u016f liber a Evertonu rovn\u011b\u017e n\u00e1le\u017e\u00ed nespecifikovan\u00e1 procenta z\u00a0dal\u0161\u00edho prodeje hr\u00e1\u010de.<\/p>\n<p>Vla\u0161i\u0107\u016fv trval\u00fd p\u0159esun do CSKA se p\u0159edpokl\u00e1dal, samotn\u00fd hr\u00e1\u010d se n\u011bkolikr\u00e1t b\u011bhem sez\u00f3ny vyj\u00e1d\u0159il, \u017ee <a href=\"https:\/\/evertonfc.cz\/index.php\/2019\/01\/16\/vlasic-ocakavam-ze-ma-predaju\/\" target=\"_blank\" rel=\"noopener noreferrer\">nev\u011b\u0159\u00ed ve sv\u016fj n\u00e1vrat do Evertonu<\/a>. 21let\u00fd fotbalista se po lo\u0148sk\u00e9m p\u0159\u00edchodu do Moskvy rychle za\u0159adil mezi opory mlad\u00e9ho mu\u017estva a stal se jedn\u00edm z nejlep\u0161\u00edch hr\u00e1\u010d\u016f rusk\u00e9 ligy. V cel\u00e9 leto\u0161n\u00ed klubov\u00e9 sez\u00f3n\u011b odehr\u00e1l 31 z\u00e1pas\u016f, v nich\u017e vst\u0159elil osm branek a p\u0159ipsal si sedm asistenc\u00ed. S arm\u00e1dn\u00edm celkem si tak\u00e9 zahr\u00e1l z\u00e1kladn\u00ed skupinu presti\u017en\u00ed Ligy mistr\u016f, v n\u00ed\u017e na sebe upozornil t\u0159emi brankami a dv\u011bma asistencemi.<\/p>\n<p>Bratr b\u00fdval\u00e9 \u00fasp\u011b\u0161n\u00e9 v\u00fd\u0161ka\u0159ky se v CSKA do\u010dkal d\u016fv\u011bry a \u0161ance uk\u00e1zat schopnosti na sv\u00e9 p\u0159irozen\u00e9 pozici ofenzivn\u00edho st\u0159edn\u00edho z\u00e1lo\u017en\u00edka, v Evertonu p\u0159itom ve sv\u00e9 premi\u00e9rov\u00e9 \u2013 a nakonec i jedin\u00e9 sez\u00f3n\u011b \u2013 nastupoval pouze na k\u0159\u00eddeln\u00edch pozic\u00edch, kde naplno nemohl uplatnit sv\u016fj p\u0159ehled ve h\u0159e a fotbalovou kreativitu.<\/p>\n<p>Vla\u0161i\u0107e si na Goodison Park p\u0159ivedl mana\u017eer Ronald Koeman na konci l\u00e9ta 2017. Drz\u00fd mlad\u00edk ohromil Nizozemce ve vz\u00e1jemn\u00e9m dvojz\u00e1pase p\u0159edkola Evropsk\u00e9 ligy s Hajdukem Split, jeho\u017e p\u0159edstavitel\u00e9 pozd\u011bji k\u00fdvli na nab\u00eddku Evertonu na p\u0159estup za \u010d\u00e1stku ve v\u00fd\u0161i dev\u00edti milion\u016f liber.<\/p>\n<p>Koeman ale vydr\u017eel na lavi\u010dce Toffees pouh\u00e9 n\u00e1sleduj\u00edc\u00ed t\u0159i m\u011bs\u00edce, ne\u017e byl kv\u016fli \u0161patn\u00fdm v\u00fdsledk\u016fm vyhozen. Nov\u00fd mana\u017eer Sam Allardyce u\u017e s\u00e1zel na jin\u00e9 hr\u00e1\u010de, a nav\u00edc preferoval defenzivn\u00ed pojet\u00ed fotbalu, co\u017e Vla\u0161i\u0107ovi ani trochu nevyhovovalo.<\/p>\n<p>Marco Silva, kter\u00fd nahradil Allardycea v l\u00e9t\u011b 2018, sice p\u0159i\u0161el do Evertonu s viz\u00ed praktikovat ofenzivn\u00ed fotbal, jen\u017ee mlad\u00e9mu chorvatsk\u00e9mu reprezentantovi nemohl zaru\u010dit st\u00e1l\u00e9 m\u00edsto v z\u00e1kladn\u00ed sestav\u011b, proto Vla\u0161i\u0107 zam\u00ed\u0159il na ro\u010dn\u00ed hostov\u00e1n\u00ed do rusk\u00e9 ligy, kde bude nyn\u00ed pokra\u010dovat u\u017e jako kmenov\u00fd hr\u00e1\u010d CSKA Moskva.<\/p>\n","protected":false},"excerpt":{"rendered":"<p>Moskevsk\u00fd klub CSKA dosp\u011bl k o\u010dek\u00e1v\u00e1n\u00e9 dohod\u011b s Evertonem a leto\u0161n\u00ed hostov\u00e1n\u00ed talentovan\u00e9ho Nikoly Vla\u0161i\u0107e p\u0159etavil v trval\u00fd p\u0159estup.<\/p>\n","protected":false},"author":6,"featured_media":8146,"comment_status":"open","ping_status":"closed","sticky":false,"template":"","format":"standard","meta":{"_eb_attr":"","_monsterinsights_skip_tracking":false,"_monsterinsights_sitenote_active":false,"_monsterinsights_sitenote_note":"","_monsterinsights_sitenote_category":0,"footnotes":""},"categories":[41],"tags":[],"yoast_head":"<!-- This site is optimized with the Yoast SEO plugin v23.4 - https:\/\/yoast.com\/wordpress\/plugins\/seo\/ -->\n<title>Vla\u0161i\u0107 p\u0159estupuje do CSKA - Official Czech &amp; Slovak Everton Supporters&#039; Club<\/title>\n<meta name=\"robots\" content=\"index, follow, max-snippet:-1, max-image-preview:large, max-video-preview:-1\" \/>\n<link rel=\"canonical\" href=\"https:\/\/evertonfc.cz\/index.php\/2019\/06\/19\/vlasic-prestupuje-do-cska\/\" \/>\n<meta property=\"og:locale\" content=\"cs_CZ\" \/>\n<meta property=\"og:type\" content=\"article\" \/>\n<meta property=\"og:title\" content=\"Vla\u0161i\u0107 p\u0159estupuje do CSKA - Official Czech &amp; Slovak Everton Supporters&#039; Club\" \/>\n<meta property=\"og:description\" content=\"Moskevsk\u00fd klub CSKA dosp\u011bl k o\u010dek\u00e1v\u00e1n\u00e9 dohod\u011b s Evertonem a leto\u0161n\u00ed hostov\u00e1n\u00ed talentovan\u00e9ho Nikoly Vla\u0161i\u0107e p\u0159etavil v trval\u00fd p\u0159estup.\" \/>\n<meta property=\"og:url\" content=\"https:\/\/evertonfc.cz\/index.php\/2019\/06\/19\/vlasic-prestupuje-do-cska\/\" \/>\n<meta property=\"og:site_name\" content=\"Official Czech &amp; Slovak Everton Supporters&#039; Club\" \/>\n<meta property=\"article:publisher\" content=\"https:\/\/www.facebook.com\/everton.fans.cz.sk\" \/>\n<meta property=\"article:published_time\" content=\"2019-06-19T12:51:00+00:00\" \/>\n<meta property=\"article:modified_time\" content=\"2019-07-07T16:16:53+00:00\" \/>\n<meta property=\"og:image\" content=\"https:\/\/evertonfc.cz\/wp-content\/uploads\/2019\/06\/nikola_vlasic_19_6_2019.jpg\" \/>\n\t<meta property=\"og:image:width\" content=\"720\" \/>\n\t<meta property=\"og:image:height\" content=\"405\" \/>\n\t<meta property=\"og:image:type\" content=\"image\/jpeg\" \/>\n<meta name=\"author\" content=\"Ri\u010di\" \/>\n<meta name=\"twitter:card\" content=\"summary_large_image\" \/>\n<meta name=\"twitter:creator\" content=\"@rbrejsa\" \/>\n<meta name=\"twitter:label1\" content=\"Napsal(a)\" \/>\n\t<meta name=\"twitter:data1\" content=\"Ri\u010di\" \/>\n\t<meta name=\"twitter:label2\" content=\"Odhadovan\u00e1 doba \u010dten\u00ed\" \/>\n\t<meta name=\"twitter:data2\" content=\"2 minuty\" \/>\n<script type=\"application\/ld+json\" class=\"yoast-schema-graph\">{\"@context\":\"https:\/\/schema.org\",\"@graph\":[{\"@type\":\"Article\",\"@id\":\"https:\/\/evertonfc.cz\/index.php\/2019\/06\/19\/vlasic-prestupuje-do-cska\/#article\",\"isPartOf\":{\"@id\":\"https:\/\/evertonfc.cz\/index.php\/2019\/06\/19\/vlasic-prestupuje-do-cska\/\"},\"author\":{\"name\":\"Ri\u010di\",\"@id\":\"https:\/\/evertonfc.cz\/#\/schema\/person\/f7a5daedb2ffee98480bc70e191aaef1\"},\"headline\":\"Vla\u0161i\u0107 p\u0159estupuje do CSKA\",\"datePublished\":\"2019-06-19T12:51:00+00:00\",\"dateModified\":\"2019-07-07T16:16:53+00:00\",\"mainEntityOfPage\":{\"@id\":\"https:\/\/evertonfc.cz\/index.php\/2019\/06\/19\/vlasic-prestupuje-do-cska\/\"},\"wordCount\":455,\"commentCount\":2,\"publisher\":{\"@id\":\"https:\/\/evertonfc.cz\/#organization\"},\"image\":{\"@id\":\"https:\/\/evertonfc.cz\/index.php\/2019\/06\/19\/vlasic-prestupuje-do-cska\/#primaryimage\"},\"thumbnailUrl\":\"https:\/\/evertonfc.cz\/wp-content\/uploads\/2019\/06\/nikola_vlasic_19_6_2019.jpg\",\"articleSection\":[\"P\u0159estupy\"],\"inLanguage\":\"cs\",\"potentialAction\":[{\"@type\":\"CommentAction\",\"name\":\"Comment\",\"target\":[\"https:\/\/evertonfc.cz\/index.php\/2019\/06\/19\/vlasic-prestupuje-do-cska\/#respond\"]}]},{\"@type\":\"WebPage\",\"@id\":\"https:\/\/evertonfc.cz\/index.php\/2019\/06\/19\/vlasic-prestupuje-do-cska\/\",\"url\":\"https:\/\/evertonfc.cz\/index.php\/2019\/06\/19\/vlasic-prestupuje-do-cska\/\",\"name\":\"Vla\u0161i\u0107 p\u0159estupuje do CSKA - Official Czech &amp; Slovak Everton Supporters&#039; Club\",\"isPartOf\":{\"@id\":\"https:\/\/evertonfc.cz\/#website\"},\"primaryImageOfPage\":{\"@id\":\"https:\/\/evertonfc.cz\/index.php\/2019\/06\/19\/vlasic-prestupuje-do-cska\/#primaryimage\"},\"image\":{\"@id\":\"https:\/\/evertonfc.cz\/index.php\/2019\/06\/19\/vlasic-prestupuje-do-cska\/#primaryimage\"},\"thumbnailUrl\":\"https:\/\/evertonfc.cz\/wp-content\/uploads\/2019\/06\/nikola_vlasic_19_6_2019.jpg\",\"datePublished\":\"2019-06-19T12:51:00+00:00\",\"dateModified\":\"2019-07-07T16:16:53+00:00\",\"breadcrumb\":{\"@id\":\"https:\/\/evertonfc.cz\/index.php\/2019\/06\/19\/vlasic-prestupuje-do-cska\/#breadcrumb\"},\"inLanguage\":\"cs\",\"potentialAction\":[{\"@type\":\"ReadAction\",\"target\":[\"https:\/\/evertonfc.cz\/index.php\/2019\/06\/19\/vlasic-prestupuje-do-cska\/\"]}]},{\"@type\":\"ImageObject\",\"inLanguage\":\"cs\",\"@id\":\"https:\/\/evertonfc.cz\/index.php\/2019\/06\/19\/vlasic-prestupuje-do-cska\/#primaryimage\",\"url\":\"https:\/\/evertonfc.cz\/wp-content\/uploads\/2019\/06\/nikola_vlasic_19_6_2019.jpg\",\"contentUrl\":\"https:\/\/evertonfc.cz\/wp-content\/uploads\/2019\/06\/nikola_vlasic_19_6_2019.jpg\",\"width\":720,\"height\":405},{\"@type\":\"BreadcrumbList\",\"@id\":\"https:\/\/evertonfc.cz\/index.php\/2019\/06\/19\/vlasic-prestupuje-do-cska\/#breadcrumb\",\"itemListElement\":[{\"@type\":\"ListItem\",\"position\":1,\"name\":\"Home\",\"item\":\"https:\/\/evertonfc.cz\/\"},{\"@type\":\"ListItem\",\"position\":2,\"name\":\"Vla\u0161i\u0107 p\u0159estupuje do CSKA\"}]},{\"@type\":\"WebSite\",\"@id\":\"https:\/\/evertonfc.cz\/#website\",\"url\":\"https:\/\/evertonfc.cz\/\",\"name\":\"Official Czech &amp; Slovak Everton Supporters&#039; Club\",\"description\":\"\",\"publisher\":{\"@id\":\"https:\/\/evertonfc.cz\/#organization\"},\"potentialAction\":[{\"@type\":\"SearchAction\",\"target\":{\"@type\":\"EntryPoint\",\"urlTemplate\":\"https:\/\/evertonfc.cz\/?s={search_term_string}\"},\"query-input\":{\"@type\":\"PropertyValueSpecification\",\"valueRequired\":true,\"valueName\":\"search_term_string\"}}],\"inLanguage\":\"cs\"},{\"@type\":\"Organization\",\"@id\":\"https:\/\/evertonfc.cz\/#organization\",\"name\":\"Official Czech & Slovak Everton Supporters' Club\",\"url\":\"https:\/\/evertonfc.cz\/\",\"logo\":{\"@type\":\"ImageObject\",\"inLanguage\":\"cs\",\"@id\":\"https:\/\/evertonfc.cz\/#\/schema\/logo\/image\/\",\"url\":\"https:\/\/evertonfc.cz\/wp-content\/uploads\/2019\/05\/logo.png\",\"contentUrl\":\"https:\/\/evertonfc.cz\/wp-content\/uploads\/2019\/05\/logo.png\",\"width\":112,\"height\":112,\"caption\":\"Official Czech & Slovak Everton Supporters' Club\"},\"image\":{\"@id\":\"https:\/\/evertonfc.cz\/#\/schema\/logo\/image\/\"},\"sameAs\":[\"https:\/\/www.facebook.com\/everton.fans.cz.sk\"]},{\"@type\":\"Person\",\"@id\":\"https:\/\/evertonfc.cz\/#\/schema\/person\/f7a5daedb2ffee98480bc70e191aaef1\",\"name\":\"Ri\u010di\",\"sameAs\":[\"https:\/\/x.com\/rbrejsa\"],\"url\":\"https:\/\/evertonfc.cz\/index.php\/author\/rici\/\"}]}<\/script>\n<!-- \/ Yoast SEO plugin. -->","yoast_head_json":{"title":"Vla\u0161i\u0107 p\u0159estupuje do CSKA - Official Czech &amp; Slovak Everton Supporters&#039; Club","robots":{"index":"index","follow":"follow","max-snippet":"max-snippet:-1","max-image-preview":"max-image-preview:large","max-video-preview":"max-video-preview:-1"},"canonical":"https:\/\/evertonfc.cz\/index.php\/2019\/06\/19\/vlasic-prestupuje-do-cska\/","og_locale":"cs_CZ","og_type":"article","og_title":"Vla\u0161i\u0107 p\u0159estupuje do CSKA - Official Czech &amp; Slovak Everton Supporters&#039; Club","og_description":"Moskevsk\u00fd klub CSKA dosp\u011bl k o\u010dek\u00e1v\u00e1n\u00e9 dohod\u011b s Evertonem a leto\u0161n\u00ed hostov\u00e1n\u00ed talentovan\u00e9ho Nikoly Vla\u0161i\u0107e p\u0159etavil v trval\u00fd p\u0159estup.","og_url":"https:\/\/evertonfc.cz\/index.php\/2019\/06\/19\/vlasic-prestupuje-do-cska\/","og_site_name":"Official Czech &amp; Slovak Everton Supporters&#039; Club","article_publisher":"https:\/\/www.facebook.com\/everton.fans.cz.sk","article_published_time":"2019-06-19T12:51:00+00:00","article_modified_time":"2019-07-07T16:16:53+00:00","og_image":[{"width":720,"height":405,"url":"https:\/\/evertonfc.cz\/wp-content\/uploads\/2019\/06\/nikola_vlasic_19_6_2019.jpg","type":"image\/jpeg"}],"author":"Ri\u010di","twitter_card":"summary_large_image","twitter_creator":"@rbrejsa","twitter_misc":{"Napsal(a)":"Ri\u010di","Odhadovan\u00e1 doba \u010dten\u00ed":"2 minuty"},"schema":{"@context":"https:\/\/schema.org","@graph":[{"@type":"Article","@id":"https:\/\/evertonfc.cz\/index.php\/2019\/06\/19\/vlasic-prestupuje-do-cska\/#article","isPartOf":{"@id":"https:\/\/evertonfc.cz\/index.php\/2019\/06\/19\/vlasic-prestupuje-do-cska\/"},"author":{"name":"Ri\u010di","@id":"https:\/\/evertonfc.cz\/#\/schema\/person\/f7a5daedb2ffee98480bc70e191aaef1"},"headline":"Vla\u0161i\u0107 p\u0159estupuje do CSKA","datePublished":"2019-06-19T12:51:00+00:00","dateModified":"2019-07-07T16:16:53+00:00","mainEntityOfPage":{"@id":"https:\/\/evertonfc.cz\/index.php\/2019\/06\/19\/vlasic-prestupuje-do-cska\/"},"wordCount":455,"commentCount":2,"publisher":{"@id":"https:\/\/evertonfc.cz\/#organization"},"image":{"@id":"https:\/\/evertonfc.cz\/index.php\/2019\/06\/19\/vlasic-prestupuje-do-cska\/#primaryimage"},"thumbnailUrl":"https:\/\/evertonfc.cz\/wp-content\/uploads\/2019\/06\/nikola_vlasic_19_6_2019.jpg","articleSection":["P\u0159estupy"],"inLanguage":"cs","potentialAction":[{"@type":"CommentAction","name":"Comment","target":["https:\/\/evertonfc.cz\/index.php\/2019\/06\/19\/vlasic-prestupuje-do-cska\/#respond"]}]},{"@type":"WebPage","@id":"https:\/\/evertonfc.cz\/index.php\/2019\/06\/19\/vlasic-prestupuje-do-cska\/","url":"https:\/\/evertonfc.cz\/index.php\/2019\/06\/19\/vlasic-prestupuje-do-cska\/","name":"Vla\u0161i\u0107 p\u0159estupuje do CSKA - Official Czech &amp; Slovak Everton Supporters&#039; Club","isPartOf":{"@id":"https:\/\/evertonfc.cz\/#website"},"primaryImageOfPage":{"@id":"https:\/\/evertonfc.cz\/index.php\/2019\/06\/19\/vlasic-prestupuje-do-cska\/#primaryimage"},"image":{"@id":"https:\/\/evertonfc.cz\/index.php\/2019\/06\/19\/vlasic-prestupuje-do-cska\/#primaryimage"},"thumbnailUrl":"https:\/\/evertonfc.cz\/wp-content\/uploads\/2019\/06\/nikola_vlasic_19_6_2019.jpg","datePublished":"2019-06-19T12:51:00+00:00","dateModified":"2019-07-07T16:16:53+00:00","breadcrumb":{"@id":"https:\/\/evertonfc.cz\/index.php\/2019\/06\/19\/vlasic-prestupuje-do-cska\/#breadcrumb"},"inLanguage":"cs","potentialAction":[{"@type":"ReadAction","target":["https:\/\/evertonfc.cz\/index.php\/2019\/06\/19\/vlasic-prestupuje-do-cska\/"]}]},{"@type":"ImageObject","inLanguage":"cs","@id":"https:\/\/evertonfc.cz\/index.php\/2019\/06\/19\/vlasic-prestupuje-do-cska\/#primaryimage","url":"https:\/\/evertonfc.cz\/wp-content\/uploads\/2019\/06\/nikola_vlasic_19_6_2019.jpg","contentUrl":"https:\/\/evertonfc.cz\/wp-content\/uploads\/2019\/06\/nikola_vlasic_19_6_2019.jpg","width":720,"height":405},{"@type":"BreadcrumbList","@id":"https:\/\/evertonfc.cz\/index.php\/2019\/06\/19\/vlasic-prestupuje-do-cska\/#breadcrumb","itemListElement":[{"@type":"ListItem","position":1,"name":"Home","item":"https:\/\/evertonfc.cz\/"},{"@type":"ListItem","position":2,"name":"Vla\u0161i\u0107 p\u0159estupuje do CSKA"}]},{"@type":"WebSite","@id":"https:\/\/evertonfc.cz\/#website","url":"https:\/\/evertonfc.cz\/","name":"Official Czech &amp; Slovak Everton Supporters&#039; Club","description":"","publisher":{"@id":"https:\/\/evertonfc.cz\/#organization"},"potentialAction":[{"@type":"SearchAction","target":{"@type":"EntryPoint","urlTemplate":"https:\/\/evertonfc.cz\/?s={search_term_string}"},"query-input":{"@type":"PropertyValueSpecification","valueRequired":true,"valueName":"search_term_string"}}],"inLanguage":"cs"},{"@type":"Organization","@id":"https:\/\/evertonfc.cz\/#organization","name":"Official Czech & Slovak Everton Supporters' Club","url":"https:\/\/evertonfc.cz\/","logo":{"@type":"ImageObject","inLanguage":"cs","@id":"https:\/\/evertonfc.cz\/#\/schema\/logo\/image\/","url":"https:\/\/evertonfc.cz\/wp-content\/uploads\/2019\/05\/logo.png","contentUrl":"https:\/\/evertonfc.cz\/wp-content\/uploads\/2019\/05\/logo.png","width":112,"height":112,"caption":"Official Czech & Slovak Everton Supporters' Club"},"image":{"@id":"https:\/\/evertonfc.cz\/#\/schema\/logo\/image\/"},"sameAs":["https:\/\/www.facebook.com\/everton.fans.cz.sk"]},{"@type":"Person","@id":"https:\/\/evertonfc.cz\/#\/schema\/person\/f7a5daedb2ffee98480bc70e191aaef1","name":"Ri\u010di","sameAs":["https:\/\/x.com\/rbrejsa"],"url":"https:\/\/evertonfc.cz\/index.php\/author\/rici\/"}]}},"_links":{"self":[{"href":"https:\/\/evertonfc.cz\/index.php\/wp-json\/wp\/v2\/posts\/8147"}],"collection":[{"href":"https:\/\/evertonfc.cz\/index.php\/wp-json\/wp\/v2\/posts"}],"about":[{"href":"https:\/\/evertonfc.cz\/index.php\/wp-json\/wp\/v2\/types\/post"}],"author":[{"embeddable":true,"href":"https:\/\/evertonfc.cz\/index.php\/wp-json\/wp\/v2\/users\/6"}],"replies":[{"embeddable":true,"href":"https:\/\/evertonfc.cz\/index.php\/wp-json\/wp\/v2\/comments?post=8147"}],"version-history":[{"count":2,"href":"https:\/\/evertonfc.cz\/index.php\/wp-json\/wp\/v2\/posts\/8147\/revisions"}],"predecessor-version":[{"id":8149,"href":"https:\/\/evertonfc.cz\/index.php\/wp-json\/wp\/v2\/posts\/8147\/revisions\/8149"}],"wp:featuredmedia":[{"embeddable":true,"href":"https:\/\/evertonfc.cz\/index.php\/wp-json\/wp\/v2\/media\/8146"}],"wp:attachment":[{"href":"https:\/\/evertonfc.cz\/index.php\/wp-json\/wp\/v2\/media?parent=8147"}],"wp:term":[{"taxonomy":"category","embeddable":true,"href":"https:\/\/evertonfc.cz\/index.php\/wp-json\/wp\/v2\/categories?post=8147"},{"taxonomy":"post_tag","embeddable":true,"href":"https:\/\/evertonfc.cz\/index.php\/wp-json\/wp\/v2\/tags?post=8147"}],"curies":[{"name":"wp","href":"https:\/\/api.w.org\/{rel}","templated":true}]}}