{"id":8167,"date":"2019-06-19T23:01:25","date_gmt":"2019-06-19T21:01:25","guid":{"rendered":"https:\/\/evertonfc.cz\/?p=8167"},"modified":"2019-06-20T08:36:40","modified_gmt":"2019-06-20T06:36:40","slug":"baines-zustava-v-evertonu","status":"publish","type":"post","link":"https:\/\/evertonfc.cz\/index.php\/2019\/06\/19\/baines-zustava-v-evertonu\/","title":{"rendered":"Baines z\u016fst\u00e1v\u00e1 v Evertonu"},"content":{"rendered":"<h4>Leighton Baines je\u0161t\u011b v Evertonu nekon\u010d\u00ed. Zku\u0161en\u00fd obr\u00e1nce podepsal novou jednoletou smlouvu a \u010dek\u00e1 ho u\u017e t\u0159in\u00e1ct\u00e1 sez\u00f3na na Goodison Parku.<\/h4>\n<p>Bainesovi, jen\u017e v prosinci oslav\u00ed 35. narozeniny, kon\u010dila po leto\u0161n\u00ed sez\u00f3n\u011b star\u00e1 smlouva. Klub mu ale, na rozd\u00edl od jin\u00e9ho veter\u00e1na Phila Jagielky, nab\u00eddl nov\u00fd jednolet\u00fd kontrakt, kter\u00fd rod\u00e1k z Kirby po t\u00fddenn\u00edm rozm\u00fd\u0161len\u00ed p\u0159ijal.<\/p>\n<p><em>\u201eC\u00edt\u00edm se stejn\u011b hrd\u00fd, jako kdy\u017e jsem v Evertonu podepisoval prvn\u00ed smlouvu. Uv\u011bdomuji si, \u017ee i p\u0159es p\u0159ib\u00fdvaj\u00edc\u00ed v\u011bk mus\u00edm udr\u017eet po\u017eadovanou v\u00fdkonnostn\u00ed \u00farove\u0148. Nov\u00fd kontrakt je d\u016fkazem, \u017ee se mi to da\u0159\u00ed. To m\u011b \u010din\u00ed py\u0161n\u00fdm.<\/em><\/p>\n<p><em>N\u011bkolikr\u00e1t jsem hovo\u0159il s mana\u017eerem, kter\u00fd opakoval d\u016fv\u011bru ve m\u011b. Dle m\u00e9ho se jednalo o up\u0159\u00edmn\u00e1 slova, nikoliv pouze o \u0159e\u010di do m\u00e9di\u00ed. <\/em><em>Vlastn\u011b jsem byl cel\u00fd \u010das naklon\u011bn my\u0161lence z\u016fstat v Evertonu. Tak\u00e9 jsem absolvoval n\u011bkolik sezen\u00ed s Marcelem, s postupuj\u00edc\u00edm ro\u010dn\u00edkem jsem ho l\u00e9pe poznal a mus\u00edm \u0159\u00edct, \u017ee v\u00edce a v\u00edce ohromen jeho viz\u00ed dal\u0161\u00edho sm\u011b\u0159ov\u00e1n\u00ed klubu.<\/em><\/p>\n<p><em>Ke konci sez\u00f3ny jsme hr\u00e1li velmi slu\u0161n\u00fd fotbal a odm\u011bnou n\u00e1m bylo n\u011bkolik dobr\u00fdch v\u00fdsledk\u016f se siln\u00fdmi t\u00fdmy, co\u017e n\u00e1m vl\u00e9v\u00e1 optimismus do \u017eil p\u0159ed dal\u0161\u00edm ro\u010dn\u00edkem. Jsme p\u0159esv\u011bd\u010deni o na\u0161ich schopnostech, kter\u00e9 n\u00e1s mohou dov\u00e9st k \u00fasp\u011bchu,\u201c<\/em> prozradil \u0161\u0165astn\u00fd Baines (na obr\u00e1zku v obklopen\u00ed sportovn\u00edho \u0159editele Marcela Brandse a nov\u00e9ho asistenta mana\u017eera Luise Boa Morteho).<\/p>\n<p>Odchovanec Wiganu po odchodu Jagielky pov\u00fd\u0161\u00ed na slu\u017eebn\u011b nejstar\u0161\u00edho hr\u00e1\u010de v sou\u010dasn\u00e9m k\u00e1dru, do Evertonu p\u0159estoupil v srpnu 2007 za 6 milion\u016f liber pr\u00e1v\u011b z Latics. V barv\u00e1ch Toffees nastoupil u\u017e do v\u00edce ne\u017e 400 z\u00e1pas\u016f a dlouh\u00e1 l\u00e9ta se \u0159adil mezi nejlep\u0161\u00ed lev\u00e9 obr\u00e1nce anglick\u00e9 ligy. S 53 asistencemi vl\u00e1dne po\u0159ad\u00ed nahr\u00e1va\u010d\u016f v cel\u00e9 \u00e9\u0159e Premier League a s 32 vs\u00edt\u011bn\u00fdmi g\u00f3ly zauj\u00edm\u00e1 t\u0159et\u00ed pozici mezi nejl\u00e9pe sk\u00f3ruj\u00edc\u00edmi obr\u00e1nci v cel\u00e9 \u00e9\u0159e Premier League, expertem se stal zejm\u00e9na v zahr\u00e1v\u00e1n\u00ed pokutov\u00fdch kop\u016f a standardn\u00edch situac\u00ed. I kdy\u017e v leto\u0161n\u00ed sez\u00f3n\u011b vypadl ze z\u00e1kladn\u00ed sestavy, o m\u00edsto ho p\u0159ipravila skv\u011bl\u00e1 posila Lucas Digne, a nasko\u010dil pouze do osmi utk\u00e1n\u00ed, mana\u017eer Marco Silva nad\u00e1le jevil z\u00e1jem o jeho slu\u017eby.<\/p>\n<p><em>\u201eP\u0159ikl\u00e1dal jsem ohromnou d\u016fle\u017eitost tomu, aby Leighton prodlou\u017eil smlouvu. Jsem velmi r\u00e1d, \u017ee se tak stalo je\u0161t\u011b p\u0159ed za\u010d\u00e1tkem letn\u00ed p\u0159\u00edpravy. Leighton symbolizuje v\u00fdznamn\u00fd \u010dl\u00e1nek klubu a prvot\u0159\u00eddn\u00edho profesion\u00e1la. P\u0159edev\u0161\u00edm je ale st\u00e1le velmi dobr\u00fdm fotbalistou a pat\u0159\u00ed do na\u0161ich pl\u00e1n\u016f,\u201c <\/em>ne\u0161et\u0159il slovy chv\u00e1ly portugalsk\u00fd mana\u017eer.<\/p>\n<p>Baines sv\u00fdm podpisem rozlu\u0161til ot\u00e1zku, kdo bude v nadch\u00e1zej\u00edc\u00ed sez\u00f3n\u011b kr\u00fdt z\u00e1da Dignemu na postu lev\u00e9ho obr\u00e1nce. Brzy 22let\u00fd Antonee Robinson, kter\u00fd si troufal zabojovat o m\u00edsto v k\u00e1dru Evertonu, tak nejsp\u00ed\u0161e zam\u00ed\u0159\u00ed na dal\u0161\u00ed hostov\u00e1n\u00ed, v po\u0159ad\u00ed u\u017e t\u0159et\u00ed v \u0159ad\u011b. Robinson v posledn\u00edch dvou sezon\u00e1ch p\u0159edv\u00e1d\u011bl nad\u011bjn\u00e9 v\u00fdkony v druholigov\u00fdch t\u00fdmech Boltonu a Wiganu, ale tak\u00e9 v n\u00e1rodn\u00edm t\u00fdmu Spojen\u00fdch st\u00e1t\u016f americk\u00fdch.<\/p>\n","protected":false},"excerpt":{"rendered":"<p>Leighton Baines je\u0161t\u011b v Evertonu nekon\u010d\u00ed. Zku\u0161en\u00fd obr\u00e1nce podepsal novou jednoletou smlouvu a \u010dek\u00e1 ho u\u017e t\u0159in\u00e1ct\u00e1 sez\u00f3na na Goodison Parku.<\/p>\n","protected":false},"author":6,"featured_media":8164,"comment_status":"open","ping_status":"closed","sticky":false,"template":"","format":"standard","meta":{"_eb_attr":"","_monsterinsights_skip_tracking":false,"_monsterinsights_sitenote_active":false,"_monsterinsights_sitenote_note":"","_monsterinsights_sitenote_category":0,"footnotes":""},"categories":[42],"tags":[],"yoast_head":"<!-- This site is optimized with the Yoast SEO plugin v23.4 - https:\/\/yoast.com\/wordpress\/plugins\/seo\/ -->\n<title>Baines z\u016fst\u00e1v\u00e1 v Evertonu - Official Czech &amp; Slovak Everton Supporters&#039; Club<\/title>\n<meta name=\"robots\" content=\"index, follow, max-snippet:-1, max-image-preview:large, max-video-preview:-1\" \/>\n<link rel=\"canonical\" href=\"https:\/\/evertonfc.cz\/index.php\/2019\/06\/19\/baines-zustava-v-evertonu\/\" \/>\n<meta property=\"og:locale\" content=\"cs_CZ\" \/>\n<meta property=\"og:type\" content=\"article\" \/>\n<meta property=\"og:title\" content=\"Baines z\u016fst\u00e1v\u00e1 v Evertonu - Official Czech &amp; Slovak Everton Supporters&#039; Club\" \/>\n<meta property=\"og:description\" content=\"Leighton Baines je\u0161t\u011b v Evertonu nekon\u010d\u00ed. Zku\u0161en\u00fd obr\u00e1nce podepsal novou jednoletou smlouvu a \u010dek\u00e1 ho u\u017e t\u0159in\u00e1ct\u00e1 sez\u00f3na na Goodison Parku.\" \/>\n<meta property=\"og:url\" content=\"https:\/\/evertonfc.cz\/index.php\/2019\/06\/19\/baines-zustava-v-evertonu\/\" \/>\n<meta property=\"og:site_name\" content=\"Official Czech &amp; Slovak Everton Supporters&#039; Club\" \/>\n<meta property=\"article:publisher\" content=\"https:\/\/www.facebook.com\/everton.fans.cz.sk\" \/>\n<meta property=\"article:published_time\" content=\"2019-06-19T21:01:25+00:00\" \/>\n<meta property=\"article:modified_time\" content=\"2019-06-20T06:36:40+00:00\" \/>\n<meta property=\"og:image\" content=\"https:\/\/evertonfc.cz\/wp-content\/uploads\/2019\/06\/baines_brands_boa_morte_19_6_2019.jpg\" \/>\n\t<meta property=\"og:image:width\" content=\"720\" \/>\n\t<meta property=\"og:image:height\" content=\"405\" \/>\n\t<meta property=\"og:image:type\" content=\"image\/jpeg\" \/>\n<meta name=\"author\" content=\"Ri\u010di\" \/>\n<meta name=\"twitter:card\" content=\"summary_large_image\" \/>\n<meta name=\"twitter:creator\" content=\"@rbrejsa\" \/>\n<meta name=\"twitter:label1\" content=\"Napsal(a)\" \/>\n\t<meta name=\"twitter:data1\" content=\"Ri\u010di\" \/>\n\t<meta name=\"twitter:label2\" content=\"Odhadovan\u00e1 doba \u010dten\u00ed\" \/>\n\t<meta name=\"twitter:data2\" content=\"3 minuty\" \/>\n<script type=\"application\/ld+json\" class=\"yoast-schema-graph\">{\"@context\":\"https:\/\/schema.org\",\"@graph\":[{\"@type\":\"Article\",\"@id\":\"https:\/\/evertonfc.cz\/index.php\/2019\/06\/19\/baines-zustava-v-evertonu\/#article\",\"isPartOf\":{\"@id\":\"https:\/\/evertonfc.cz\/index.php\/2019\/06\/19\/baines-zustava-v-evertonu\/\"},\"author\":{\"name\":\"Ri\u010di\",\"@id\":\"https:\/\/evertonfc.cz\/#\/schema\/person\/f7a5daedb2ffee98480bc70e191aaef1\"},\"headline\":\"Baines z\u016fst\u00e1v\u00e1 v Evertonu\",\"datePublished\":\"2019-06-19T21:01:25+00:00\",\"dateModified\":\"2019-06-20T06:36:40+00:00\",\"mainEntityOfPage\":{\"@id\":\"https:\/\/evertonfc.cz\/index.php\/2019\/06\/19\/baines-zustava-v-evertonu\/\"},\"wordCount\":622,\"commentCount\":0,\"publisher\":{\"@id\":\"https:\/\/evertonfc.cz\/#organization\"},\"image\":{\"@id\":\"https:\/\/evertonfc.cz\/index.php\/2019\/06\/19\/baines-zustava-v-evertonu\/#primaryimage\"},\"thumbnailUrl\":\"https:\/\/evertonfc.cz\/wp-content\/uploads\/2019\/06\/baines_brands_boa_morte_19_6_2019.jpg\",\"articleSection\":[\"Aktuality\"],\"inLanguage\":\"cs\",\"potentialAction\":[{\"@type\":\"CommentAction\",\"name\":\"Comment\",\"target\":[\"https:\/\/evertonfc.cz\/index.php\/2019\/06\/19\/baines-zustava-v-evertonu\/#respond\"]}]},{\"@type\":\"WebPage\",\"@id\":\"https:\/\/evertonfc.cz\/index.php\/2019\/06\/19\/baines-zustava-v-evertonu\/\",\"url\":\"https:\/\/evertonfc.cz\/index.php\/2019\/06\/19\/baines-zustava-v-evertonu\/\",\"name\":\"Baines z\u016fst\u00e1v\u00e1 v Evertonu - Official Czech &amp; Slovak Everton Supporters&#039; Club\",\"isPartOf\":{\"@id\":\"https:\/\/evertonfc.cz\/#website\"},\"primaryImageOfPage\":{\"@id\":\"https:\/\/evertonfc.cz\/index.php\/2019\/06\/19\/baines-zustava-v-evertonu\/#primaryimage\"},\"image\":{\"@id\":\"https:\/\/evertonfc.cz\/index.php\/2019\/06\/19\/baines-zustava-v-evertonu\/#primaryimage\"},\"thumbnailUrl\":\"https:\/\/evertonfc.cz\/wp-content\/uploads\/2019\/06\/baines_brands_boa_morte_19_6_2019.jpg\",\"datePublished\":\"2019-06-19T21:01:25+00:00\",\"dateModified\":\"2019-06-20T06:36:40+00:00\",\"breadcrumb\":{\"@id\":\"https:\/\/evertonfc.cz\/index.php\/2019\/06\/19\/baines-zustava-v-evertonu\/#breadcrumb\"},\"inLanguage\":\"cs\",\"potentialAction\":[{\"@type\":\"ReadAction\",\"target\":[\"https:\/\/evertonfc.cz\/index.php\/2019\/06\/19\/baines-zustava-v-evertonu\/\"]}]},{\"@type\":\"ImageObject\",\"inLanguage\":\"cs\",\"@id\":\"https:\/\/evertonfc.cz\/index.php\/2019\/06\/19\/baines-zustava-v-evertonu\/#primaryimage\",\"url\":\"https:\/\/evertonfc.cz\/wp-content\/uploads\/2019\/06\/baines_brands_boa_morte_19_6_2019.jpg\",\"contentUrl\":\"https:\/\/evertonfc.cz\/wp-content\/uploads\/2019\/06\/baines_brands_boa_morte_19_6_2019.jpg\",\"width\":720,\"height\":405},{\"@type\":\"BreadcrumbList\",\"@id\":\"https:\/\/evertonfc.cz\/index.php\/2019\/06\/19\/baines-zustava-v-evertonu\/#breadcrumb\",\"itemListElement\":[{\"@type\":\"ListItem\",\"position\":1,\"name\":\"Home\",\"item\":\"https:\/\/evertonfc.cz\/\"},{\"@type\":\"ListItem\",\"position\":2,\"name\":\"Baines z\u016fst\u00e1v\u00e1 v Evertonu\"}]},{\"@type\":\"WebSite\",\"@id\":\"https:\/\/evertonfc.cz\/#website\",\"url\":\"https:\/\/evertonfc.cz\/\",\"name\":\"Official Czech &amp; Slovak Everton Supporters&#039; Club\",\"description\":\"\",\"publisher\":{\"@id\":\"https:\/\/evertonfc.cz\/#organization\"},\"potentialAction\":[{\"@type\":\"SearchAction\",\"target\":{\"@type\":\"EntryPoint\",\"urlTemplate\":\"https:\/\/evertonfc.cz\/?s={search_term_string}\"},\"query-input\":{\"@type\":\"PropertyValueSpecification\",\"valueRequired\":true,\"valueName\":\"search_term_string\"}}],\"inLanguage\":\"cs\"},{\"@type\":\"Organization\",\"@id\":\"https:\/\/evertonfc.cz\/#organization\",\"name\":\"Official Czech & Slovak Everton Supporters' Club\",\"url\":\"https:\/\/evertonfc.cz\/\",\"logo\":{\"@type\":\"ImageObject\",\"inLanguage\":\"cs\",\"@id\":\"https:\/\/evertonfc.cz\/#\/schema\/logo\/image\/\",\"url\":\"https:\/\/evertonfc.cz\/wp-content\/uploads\/2019\/05\/logo.png\",\"contentUrl\":\"https:\/\/evertonfc.cz\/wp-content\/uploads\/2019\/05\/logo.png\",\"width\":112,\"height\":112,\"caption\":\"Official Czech & Slovak Everton Supporters' Club\"},\"image\":{\"@id\":\"https:\/\/evertonfc.cz\/#\/schema\/logo\/image\/\"},\"sameAs\":[\"https:\/\/www.facebook.com\/everton.fans.cz.sk\"]},{\"@type\":\"Person\",\"@id\":\"https:\/\/evertonfc.cz\/#\/schema\/person\/f7a5daedb2ffee98480bc70e191aaef1\",\"name\":\"Ri\u010di\",\"sameAs\":[\"https:\/\/x.com\/rbrejsa\"],\"url\":\"https:\/\/evertonfc.cz\/index.php\/author\/rici\/\"}]}<\/script>\n<!-- \/ Yoast SEO plugin. -->","yoast_head_json":{"title":"Baines z\u016fst\u00e1v\u00e1 v Evertonu - Official Czech &amp; Slovak Everton Supporters&#039; Club","robots":{"index":"index","follow":"follow","max-snippet":"max-snippet:-1","max-image-preview":"max-image-preview:large","max-video-preview":"max-video-preview:-1"},"canonical":"https:\/\/evertonfc.cz\/index.php\/2019\/06\/19\/baines-zustava-v-evertonu\/","og_locale":"cs_CZ","og_type":"article","og_title":"Baines z\u016fst\u00e1v\u00e1 v Evertonu - Official Czech &amp; Slovak Everton Supporters&#039; Club","og_description":"Leighton Baines je\u0161t\u011b v Evertonu nekon\u010d\u00ed. Zku\u0161en\u00fd obr\u00e1nce podepsal novou jednoletou smlouvu a \u010dek\u00e1 ho u\u017e t\u0159in\u00e1ct\u00e1 sez\u00f3na na Goodison Parku.","og_url":"https:\/\/evertonfc.cz\/index.php\/2019\/06\/19\/baines-zustava-v-evertonu\/","og_site_name":"Official Czech &amp; Slovak Everton Supporters&#039; Club","article_publisher":"https:\/\/www.facebook.com\/everton.fans.cz.sk","article_published_time":"2019-06-19T21:01:25+00:00","article_modified_time":"2019-06-20T06:36:40+00:00","og_image":[{"width":720,"height":405,"url":"https:\/\/evertonfc.cz\/wp-content\/uploads\/2019\/06\/baines_brands_boa_morte_19_6_2019.jpg","type":"image\/jpeg"}],"author":"Ri\u010di","twitter_card":"summary_large_image","twitter_creator":"@rbrejsa","twitter_misc":{"Napsal(a)":"Ri\u010di","Odhadovan\u00e1 doba \u010dten\u00ed":"3 minuty"},"schema":{"@context":"https:\/\/schema.org","@graph":[{"@type":"Article","@id":"https:\/\/evertonfc.cz\/index.php\/2019\/06\/19\/baines-zustava-v-evertonu\/#article","isPartOf":{"@id":"https:\/\/evertonfc.cz\/index.php\/2019\/06\/19\/baines-zustava-v-evertonu\/"},"author":{"name":"Ri\u010di","@id":"https:\/\/evertonfc.cz\/#\/schema\/person\/f7a5daedb2ffee98480bc70e191aaef1"},"headline":"Baines z\u016fst\u00e1v\u00e1 v Evertonu","datePublished":"2019-06-19T21:01:25+00:00","dateModified":"2019-06-20T06:36:40+00:00","mainEntityOfPage":{"@id":"https:\/\/evertonfc.cz\/index.php\/2019\/06\/19\/baines-zustava-v-evertonu\/"},"wordCount":622,"commentCount":0,"publisher":{"@id":"https:\/\/evertonfc.cz\/#organization"},"image":{"@id":"https:\/\/evertonfc.cz\/index.php\/2019\/06\/19\/baines-zustava-v-evertonu\/#primaryimage"},"thumbnailUrl":"https:\/\/evertonfc.cz\/wp-content\/uploads\/2019\/06\/baines_brands_boa_morte_19_6_2019.jpg","articleSection":["Aktuality"],"inLanguage":"cs","potentialAction":[{"@type":"CommentAction","name":"Comment","target":["https:\/\/evertonfc.cz\/index.php\/2019\/06\/19\/baines-zustava-v-evertonu\/#respond"]}]},{"@type":"WebPage","@id":"https:\/\/evertonfc.cz\/index.php\/2019\/06\/19\/baines-zustava-v-evertonu\/","url":"https:\/\/evertonfc.cz\/index.php\/2019\/06\/19\/baines-zustava-v-evertonu\/","name":"Baines z\u016fst\u00e1v\u00e1 v Evertonu - Official Czech &amp; Slovak Everton Supporters&#039; Club","isPartOf":{"@id":"https:\/\/evertonfc.cz\/#website"},"primaryImageOfPage":{"@id":"https:\/\/evertonfc.cz\/index.php\/2019\/06\/19\/baines-zustava-v-evertonu\/#primaryimage"},"image":{"@id":"https:\/\/evertonfc.cz\/index.php\/2019\/06\/19\/baines-zustava-v-evertonu\/#primaryimage"},"thumbnailUrl":"https:\/\/evertonfc.cz\/wp-content\/uploads\/2019\/06\/baines_brands_boa_morte_19_6_2019.jpg","datePublished":"2019-06-19T21:01:25+00:00","dateModified":"2019-06-20T06:36:40+00:00","breadcrumb":{"@id":"https:\/\/evertonfc.cz\/index.php\/2019\/06\/19\/baines-zustava-v-evertonu\/#breadcrumb"},"inLanguage":"cs","potentialAction":[{"@type":"ReadAction","target":["https:\/\/evertonfc.cz\/index.php\/2019\/06\/19\/baines-zustava-v-evertonu\/"]}]},{"@type":"ImageObject","inLanguage":"cs","@id":"https:\/\/evertonfc.cz\/index.php\/2019\/06\/19\/baines-zustava-v-evertonu\/#primaryimage","url":"https:\/\/evertonfc.cz\/wp-content\/uploads\/2019\/06\/baines_brands_boa_morte_19_6_2019.jpg","contentUrl":"https:\/\/evertonfc.cz\/wp-content\/uploads\/2019\/06\/baines_brands_boa_morte_19_6_2019.jpg","width":720,"height":405},{"@type":"BreadcrumbList","@id":"https:\/\/evertonfc.cz\/index.php\/2019\/06\/19\/baines-zustava-v-evertonu\/#breadcrumb","itemListElement":[{"@type":"ListItem","position":1,"name":"Home","item":"https:\/\/evertonfc.cz\/"},{"@type":"ListItem","position":2,"name":"Baines z\u016fst\u00e1v\u00e1 v Evertonu"}]},{"@type":"WebSite","@id":"https:\/\/evertonfc.cz\/#website","url":"https:\/\/evertonfc.cz\/","name":"Official Czech &amp; Slovak Everton Supporters&#039; Club","description":"","publisher":{"@id":"https:\/\/evertonfc.cz\/#organization"},"potentialAction":[{"@type":"SearchAction","target":{"@type":"EntryPoint","urlTemplate":"https:\/\/evertonfc.cz\/?s={search_term_string}"},"query-input":{"@type":"PropertyValueSpecification","valueRequired":true,"valueName":"search_term_string"}}],"inLanguage":"cs"},{"@type":"Organization","@id":"https:\/\/evertonfc.cz\/#organization","name":"Official Czech & Slovak Everton Supporters' Club","url":"https:\/\/evertonfc.cz\/","logo":{"@type":"ImageObject","inLanguage":"cs","@id":"https:\/\/evertonfc.cz\/#\/schema\/logo\/image\/","url":"https:\/\/evertonfc.cz\/wp-content\/uploads\/2019\/05\/logo.png","contentUrl":"https:\/\/evertonfc.cz\/wp-content\/uploads\/2019\/05\/logo.png","width":112,"height":112,"caption":"Official Czech & Slovak Everton Supporters' Club"},"image":{"@id":"https:\/\/evertonfc.cz\/#\/schema\/logo\/image\/"},"sameAs":["https:\/\/www.facebook.com\/everton.fans.cz.sk"]},{"@type":"Person","@id":"https:\/\/evertonfc.cz\/#\/schema\/person\/f7a5daedb2ffee98480bc70e191aaef1","name":"Ri\u010di","sameAs":["https:\/\/x.com\/rbrejsa"],"url":"https:\/\/evertonfc.cz\/index.php\/author\/rici\/"}]}},"_links":{"self":[{"href":"https:\/\/evertonfc.cz\/index.php\/wp-json\/wp\/v2\/posts\/8167"}],"collection":[{"href":"https:\/\/evertonfc.cz\/index.php\/wp-json\/wp\/v2\/posts"}],"about":[{"href":"https:\/\/evertonfc.cz\/index.php\/wp-json\/wp\/v2\/types\/post"}],"author":[{"embeddable":true,"href":"https:\/\/evertonfc.cz\/index.php\/wp-json\/wp\/v2\/users\/6"}],"replies":[{"embeddable":true,"href":"https:\/\/evertonfc.cz\/index.php\/wp-json\/wp\/v2\/comments?post=8167"}],"version-history":[{"count":7,"href":"https:\/\/evertonfc.cz\/index.php\/wp-json\/wp\/v2\/posts\/8167\/revisions"}],"predecessor-version":[{"id":8180,"href":"https:\/\/evertonfc.cz\/index.php\/wp-json\/wp\/v2\/posts\/8167\/revisions\/8180"}],"wp:featuredmedia":[{"embeddable":true,"href":"https:\/\/evertonfc.cz\/index.php\/wp-json\/wp\/v2\/media\/8164"}],"wp:attachment":[{"href":"https:\/\/evertonfc.cz\/index.php\/wp-json\/wp\/v2\/media?parent=8167"}],"wp:term":[{"taxonomy":"category","embeddable":true,"href":"https:\/\/evertonfc.cz\/index.php\/wp-json\/wp\/v2\/categories?post=8167"},{"taxonomy":"post_tag","embeddable":true,"href":"https:\/\/evertonfc.cz\/index.php\/wp-json\/wp\/v2\/tags?post=8167"}],"curies":[{"name":"wp","href":"https:\/\/api.w.org\/{rel}","templated":true}]}}