{"id":8190,"date":"2019-06-24T13:22:20","date_gmt":"2019-06-24T11:22:20","guid":{"rendered":"https:\/\/evertonfc.cz\/?p=8190"},"modified":"2019-06-24T14:39:45","modified_gmt":"2019-06-24T12:39:45","slug":"z-evertonu-za-stestim-az-do-ciny","status":"publish","type":"post","link":"https:\/\/evertonfc.cz\/index.php\/2019\/06\/24\/z-evertonu-za-stestim-az-do-ciny\/","title":{"rendered":"Z Evertonu za \u0161t\u011bst\u00edm a\u017e do \u010c\u00edny"},"content":{"rendered":"<h4>Na jeho odchod do \u010c\u00edny mnoz\u00ed hled\u011bli se zachmu\u0159en\u00fdm obo\u010d\u00edm. Tyias Browning si ale sv\u00e9 asijsk\u00e9 anga\u017em\u00e1 pochvaluje.<\/h4>\n<p>Odchovanec Evertonu se v \u00fanoru rozhodl pro pon\u011bkud netradi\u010dn\u00ed zp\u016fsob, jak restartovat svou hibernuj\u00edc\u00ed kari\u00e9ru. Na prahu 25 let zanev\u0159el na anglick\u00fd fotbal a p\u0159estoupil do asijsk\u00e9ho velkoklubu Guangzhou Evergrande, kde pravideln\u011b nastupuje pod veden\u00edm tren\u00e9ra a b\u00fdval\u00e9ho \u0161pi\u010dkov\u00e9ho stopera Fabia Cannavara.<\/p>\n<p><em>\u201eNa odli\u0161n\u00e9 podm\u00ednky si st\u00e1le zvyk\u00e1m,\u201c<\/em> za\u010dal Browning rozhovor pro sv\u011btovou zpravodajskou agenturu Reuters, <em>\u201eve srovn\u00e1n\u00ed s anglick\u00fdm fotbalem bych na\u0161el nespo\u010det odli\u0161nost\u00ed, moji spoluhr\u00e1\u010di a Fabio mi ale pom\u00e1haj\u00ed s aklimatizac\u00ed. \u0158ekl bych, \u017ee se mi da\u0159\u00ed dob\u0159e s\u017e\u00edvat s nov\u00fdm prost\u0159ed\u00edm.<\/em><\/p>\n<p><em>Lid\u00e9 m\u016fj p\u0159estup odsuzovali, podle nich jsem ode\u0161el do \u010c\u00edny v mlad\u00e9m v\u011bku. Hledal jsem v\u0161ak novou v\u00fdzvu, kterou si zat\u00edm u\u017e\u00edv\u00e1m. Hraji pravideln\u011b, a to je velmi d\u016fle\u017eit\u00e9. Jsem r\u00e1d, \u017ee jsem se neb\u00e1l vyzkou\u0161et si n\u011bco odli\u0161n\u00e9ho. Nav\u00edc je zde \u0161\u0165astn\u00e1 i moje rodina, co\u017e v\u00fdrazn\u011b p\u0159isp\u00edv\u00e1 k\u00a0osobn\u00ed pohod\u011b.\u201c<\/em><\/p>\n<p>Browning debutoval v dresu Evertonu v z\u00e1\u0159\u00ed roku 2014 ve venkovn\u00edm Merseyside derby s Liverpoolem. Po raketov\u00e9m startu se ale v n\u00e1sleduj\u00edc\u00edch letech nedok\u00e1zal nast\u00e1lo prosadit do prvn\u00edho t\u00fdmu, celkov\u011b v\u00a0n\u011bm odehr\u00e1l pouze dev\u011bt z\u00e1pas\u016f. Putoval tak po r\u016fzn\u00fdch hostov\u00e1n\u00edch, ne\u017e posledn\u00ed m\u011bs\u00edce dohr\u00e1val v\u00a0rezerv\u011b, \u010dekaj\u00edc na konec smlouvy.<\/p>\n<p>Sv\u00e9 tr\u00e1pen\u00ed nakonec ukon\u010dil p\u0159ed\u010dasn\u011b, v \u00fanoru leto\u0161n\u00edho roku zam\u00ed\u0159il do \u010d\u00ednsk\u00e9 ligy. Vybral si ho jeden z nejlep\u0161\u00edch asijsk\u00fdch celk\u016f Guangzhou Evergrande, kter\u00fd zat\u00edm v aktu\u00e1ln\u00ed sez\u00f3n\u011b stihl postoupit do osmifin\u00e1le Asijsk\u00e9 Ligy mistr\u016f a po polovin\u011b \u010d\u00ednsk\u00e9 ligy se nach\u00e1z\u00ed na druh\u00e9m m\u00edst\u011b tabulky s ambic\u00ed z\u00edskat osm\u00fd titul za posledn\u00edch dev\u011bt let.<\/p>\n<p>Spolu s v\u00fdzvou vyzkou\u0161et si exotick\u00e9 anga\u017em\u00e1 a poznat zemi sv\u00fdch p\u0159edk\u016f Browninga zl\u00e1kala do 30 milionov\u00e9ho Guangzhou tak\u00e9 vidina spolupr\u00e1ce s legend\u00e1rn\u00edm obr\u00e1ncem. Tren\u00e9rem klubu, kter\u00e9mu se p\u0159ezd\u00edv\u00e1 South China Tigers, je od roku 2018 Fabio Cannavaro, mistr sv\u011bta a v\u00edt\u011bz ankety Zlat\u00fd m\u00ed\u010d v roce 2006.<\/p>\n<p><em>\u201eJako obr\u00e1nce jsem si nemohl p\u0159\u00e1t lep\u0161\u00edho tren\u00e9ra. Je velmi n\u00e1pomocn\u00fd, \u010dasto se mi rovn\u011b\u017e v\u011bnuje individu\u00e1ln\u011b. Snad s n\u00edm budu spolupracovat je\u0161t\u011b mnoho dal\u0161\u00edch let, proto\u017ee na sob\u011b pozoruji, jak se od p\u0159\u00edchodu neust\u00e1le zlep\u0161uji, k \u010demu\u017e pochopiteln\u011b z\u00e1sadn\u00ed m\u011brou p\u0159isp\u00edvaj\u00ed i odehran\u00e9 z\u00e1pasy,\u201c <\/em>prozradil b\u00fdval\u00fd anglick\u00fd reprezentant do 21 let.<\/p>\n<p>\u010c\u00ednsk\u00e1 liga se v posledn\u00edch letech stala zn\u00e1mou coby odbyti\u0161t\u011b fotbalov\u00fdch hv\u011bzd, je\u017e tou\u017e\u00ed po tu\u010dn\u00e9 v\u00fdplatn\u00ed p\u00e1sce i za cenu z\u00e1polen\u00ed v kvalitativn\u011b hor\u0161\u00ed sout\u011b\u017ei. Pro Browninga ale pen\u00edze nebyly prim\u00e1rn\u00edm d\u016fvodem odchodu do Asie. Jeho c\u00edlem je prob\u00edt se do \u010d\u00ednsk\u00e9ho n\u00e1rodn\u00edho t\u00fdmu, za n\u011bho\u017e by mohl hr\u00e1t d\u00edky sv\u00e9mu \u010d\u00ednsk\u00e9mu d\u011bde\u010dkovi.<\/p>\n<p><em>\u201ePo\u017e\u00e1dal jsem o \u010d\u00ednsk\u00e9 ob\u010danstv\u00ed. Popravd\u011b p\u0159\u00edli\u0161 nerozum\u00edm cel\u00e9mu procesu schvalov\u00e1n\u00ed, jen jsem sly\u0161el r\u016fzn\u00e9 informace. Snad ale ob\u010danstv\u00ed dostanu, abych n\u00e1sledn\u011b mohl zabojovat o m\u00edsto v reprezentaci,\u201c<\/em> pravil Browning, kter\u00fd by cht\u011bl n\u00e1sledovat Angli\u010dana Nica Yennarise, jen\u017e p\u0159ed n\u011bkolika dny jako prvn\u00ed hr\u00e1\u010d nenarozen\u00fd v Asii nastoupil za \u010d\u00ednsk\u00e9 n\u00e1rodn\u00ed mu\u017estvo.<\/p>\n<p>B\u00fdt reprezentantem zem\u011b bez znalosti dan\u00e9ho jazyka by p\u0159edstavovalo zna\u010dn\u00e9 komplikace, Browning se proto pokou\u0161\u00ed osvojit si mandar\u00edn\u0161tinu: <em>\u201eJe to p\u0159\u00ed\u0161ern\u011b t\u011b\u017ek\u00e9. M\u011bl jsem asi dvan\u00e1ct lekc\u00ed a opravdu s t\u00edm v\u00e1l\u010d\u00edm. Aktu\u00e1ln\u011b se zam\u011b\u0159uji hlavn\u011b na mluven\u00ed, nau\u010dit se \u010d\u00edst a ps\u00e1t mi bude trvat roky. Poslouch\u00e1m konverzace ostatn\u00edch a sna\u017e\u00edm se zachytit ka\u017ed\u00e9 slovo. V\u0161ichni ale mluv\u00ed stra\u0161n\u011b rychle, nen\u00ed to v\u016fbec snadn\u00e9. Spoluhr\u00e1\u010di na m\u011b na\u0161t\u011bst\u00ed berou ohled. Tak\u00e9 m\u011b u\u010d\u00ed u\u017eite\u010dn\u00e9 spisovn\u00e9 fr\u00e1ze a ob\u010das i n\u011bjak\u00e9 ty vulgarismy. V komunikaci mi t\u00e9\u017e velmi pom\u00e1h\u00e1 p\u0159eklada\u010d v telefonu.\u201c<\/em><\/p>\n<p>Guangzhou v nejbli\u017e\u0161\u00edm z\u00e1pase \u010dek\u00e1 odveta osmifin\u00e1le Asijsk\u00e9 Ligy mistr\u016f, soupe\u0159em je \u010d\u00ednsk\u00fd rival Shandong Luneng, za n\u011bho\u017e hraj\u00ed urostl\u00ed Evropan\u00e9 se zku\u0161enostmi z Premier League Marouane Fellani a Graziano Pelle.<\/p>\n<p><em>\u201eJako kdybychom hr\u00e1li se Stoke City,\u201c<\/em> p\u0159ipomn\u011bl si Browning fyzicky n\u00e1ro\u010dn\u00e1 utk\u00e1n\u00ed s Potters, \u201e<em>v defenziv\u011b n\u00e1m budou p\u016fsobit probl\u00e9my, zejm\u00e9na potom v posledn\u00edch minut\u00e1ch odvety, kdy rychle ub\u00fdvaj\u00ed s\u00edly. Celkov\u011b ale m\u00e1me lep\u0161\u00ed t\u00fdm. P\u0159ed prvn\u00edm duelem jsem hovo\u0159il s Fellainim, r\u00e1d jsem ho znovu potkal, v Evertonu jsme byli spoluhr\u00e1\u010di. Tak\u00e9 on si u\u017e\u00edv\u00e1 sv\u00e9 \u010d\u00ednsk\u00e9 anga\u017em\u00e1.\u201c<\/em><\/p>\n","protected":false},"excerpt":{"rendered":"<p>Na jeho odchod do \u010c\u00edny mnoz\u00ed hled\u011bli se zachmu\u0159en\u00fdm obo\u010d\u00edm. Tyias Browning si ale sv\u00e9 asijsk\u00e9 anga\u017em\u00e1 pochvaluje.<\/p>\n","protected":false},"author":6,"featured_media":8189,"comment_status":"open","ping_status":"closed","sticky":false,"template":"","format":"standard","meta":{"_eb_attr":"","_monsterinsights_skip_tracking":false,"_monsterinsights_sitenote_active":false,"_monsterinsights_sitenote_note":"","_monsterinsights_sitenote_category":0,"footnotes":""},"categories":[1],"tags":[],"yoast_head":"<!-- This site is optimized with the Yoast SEO plugin v23.4 - https:\/\/yoast.com\/wordpress\/plugins\/seo\/ -->\n<title>Z Evertonu za \u0161t\u011bst\u00edm a\u017e do \u010c\u00edny - Official Czech &amp; Slovak Everton Supporters&#039; Club<\/title>\n<meta name=\"robots\" content=\"index, follow, max-snippet:-1, max-image-preview:large, max-video-preview:-1\" \/>\n<link rel=\"canonical\" href=\"https:\/\/evertonfc.cz\/index.php\/2019\/06\/24\/z-evertonu-za-stestim-az-do-ciny\/\" \/>\n<meta property=\"og:locale\" content=\"cs_CZ\" \/>\n<meta property=\"og:type\" content=\"article\" \/>\n<meta property=\"og:title\" content=\"Z Evertonu za \u0161t\u011bst\u00edm a\u017e do \u010c\u00edny - Official Czech &amp; Slovak Everton Supporters&#039; Club\" \/>\n<meta property=\"og:description\" content=\"Na jeho odchod do \u010c\u00edny mnoz\u00ed hled\u011bli se zachmu\u0159en\u00fdm obo\u010d\u00edm. Tyias Browning si ale sv\u00e9 asijsk\u00e9 anga\u017em\u00e1 pochvaluje.\" \/>\n<meta property=\"og:url\" content=\"https:\/\/evertonfc.cz\/index.php\/2019\/06\/24\/z-evertonu-za-stestim-az-do-ciny\/\" \/>\n<meta property=\"og:site_name\" content=\"Official Czech &amp; Slovak Everton Supporters&#039; Club\" \/>\n<meta property=\"article:publisher\" content=\"https:\/\/www.facebook.com\/everton.fans.cz.sk\" \/>\n<meta property=\"article:published_time\" content=\"2019-06-24T11:22:20+00:00\" \/>\n<meta property=\"article:modified_time\" content=\"2019-06-24T12:39:45+00:00\" \/>\n<meta property=\"og:image\" content=\"https:\/\/evertonfc.cz\/wp-content\/uploads\/2019\/06\/browing_24_6_2019.jpg\" \/>\n\t<meta property=\"og:image:width\" content=\"720\" \/>\n\t<meta property=\"og:image:height\" content=\"405\" \/>\n\t<meta property=\"og:image:type\" content=\"image\/jpeg\" \/>\n<meta name=\"author\" content=\"Ri\u010di\" \/>\n<meta name=\"twitter:card\" content=\"summary_large_image\" \/>\n<meta name=\"twitter:creator\" content=\"@rbrejsa\" \/>\n<meta name=\"twitter:label1\" content=\"Napsal(a)\" \/>\n\t<meta name=\"twitter:data1\" content=\"Ri\u010di\" \/>\n\t<meta name=\"twitter:label2\" content=\"Odhadovan\u00e1 doba \u010dten\u00ed\" \/>\n\t<meta name=\"twitter:data2\" content=\"4 minuty\" \/>\n<script type=\"application\/ld+json\" class=\"yoast-schema-graph\">{\"@context\":\"https:\/\/schema.org\",\"@graph\":[{\"@type\":\"Article\",\"@id\":\"https:\/\/evertonfc.cz\/index.php\/2019\/06\/24\/z-evertonu-za-stestim-az-do-ciny\/#article\",\"isPartOf\":{\"@id\":\"https:\/\/evertonfc.cz\/index.php\/2019\/06\/24\/z-evertonu-za-stestim-az-do-ciny\/\"},\"author\":{\"name\":\"Ri\u010di\",\"@id\":\"https:\/\/evertonfc.cz\/#\/schema\/person\/f7a5daedb2ffee98480bc70e191aaef1\"},\"headline\":\"Z Evertonu za \u0161t\u011bst\u00edm a\u017e do \u010c\u00edny\",\"datePublished\":\"2019-06-24T11:22:20+00:00\",\"dateModified\":\"2019-06-24T12:39:45+00:00\",\"mainEntityOfPage\":{\"@id\":\"https:\/\/evertonfc.cz\/index.php\/2019\/06\/24\/z-evertonu-za-stestim-az-do-ciny\/\"},\"wordCount\":897,\"commentCount\":0,\"publisher\":{\"@id\":\"https:\/\/evertonfc.cz\/#organization\"},\"image\":{\"@id\":\"https:\/\/evertonfc.cz\/index.php\/2019\/06\/24\/z-evertonu-za-stestim-az-do-ciny\/#primaryimage\"},\"thumbnailUrl\":\"https:\/\/evertonfc.cz\/wp-content\/uploads\/2019\/06\/browing_24_6_2019.jpg\",\"articleSection\":[\"Rozhovory\"],\"inLanguage\":\"cs\",\"potentialAction\":[{\"@type\":\"CommentAction\",\"name\":\"Comment\",\"target\":[\"https:\/\/evertonfc.cz\/index.php\/2019\/06\/24\/z-evertonu-za-stestim-az-do-ciny\/#respond\"]}]},{\"@type\":\"WebPage\",\"@id\":\"https:\/\/evertonfc.cz\/index.php\/2019\/06\/24\/z-evertonu-za-stestim-az-do-ciny\/\",\"url\":\"https:\/\/evertonfc.cz\/index.php\/2019\/06\/24\/z-evertonu-za-stestim-az-do-ciny\/\",\"name\":\"Z Evertonu za \u0161t\u011bst\u00edm a\u017e do \u010c\u00edny - Official Czech &amp; Slovak Everton Supporters&#039; Club\",\"isPartOf\":{\"@id\":\"https:\/\/evertonfc.cz\/#website\"},\"primaryImageOfPage\":{\"@id\":\"https:\/\/evertonfc.cz\/index.php\/2019\/06\/24\/z-evertonu-za-stestim-az-do-ciny\/#primaryimage\"},\"image\":{\"@id\":\"https:\/\/evertonfc.cz\/index.php\/2019\/06\/24\/z-evertonu-za-stestim-az-do-ciny\/#primaryimage\"},\"thumbnailUrl\":\"https:\/\/evertonfc.cz\/wp-content\/uploads\/2019\/06\/browing_24_6_2019.jpg\",\"datePublished\":\"2019-06-24T11:22:20+00:00\",\"dateModified\":\"2019-06-24T12:39:45+00:00\",\"breadcrumb\":{\"@id\":\"https:\/\/evertonfc.cz\/index.php\/2019\/06\/24\/z-evertonu-za-stestim-az-do-ciny\/#breadcrumb\"},\"inLanguage\":\"cs\",\"potentialAction\":[{\"@type\":\"ReadAction\",\"target\":[\"https:\/\/evertonfc.cz\/index.php\/2019\/06\/24\/z-evertonu-za-stestim-az-do-ciny\/\"]}]},{\"@type\":\"ImageObject\",\"inLanguage\":\"cs\",\"@id\":\"https:\/\/evertonfc.cz\/index.php\/2019\/06\/24\/z-evertonu-za-stestim-az-do-ciny\/#primaryimage\",\"url\":\"https:\/\/evertonfc.cz\/wp-content\/uploads\/2019\/06\/browing_24_6_2019.jpg\",\"contentUrl\":\"https:\/\/evertonfc.cz\/wp-content\/uploads\/2019\/06\/browing_24_6_2019.jpg\",\"width\":720,\"height\":405},{\"@type\":\"BreadcrumbList\",\"@id\":\"https:\/\/evertonfc.cz\/index.php\/2019\/06\/24\/z-evertonu-za-stestim-az-do-ciny\/#breadcrumb\",\"itemListElement\":[{\"@type\":\"ListItem\",\"position\":1,\"name\":\"Home\",\"item\":\"https:\/\/evertonfc.cz\/\"},{\"@type\":\"ListItem\",\"position\":2,\"name\":\"Z Evertonu za \u0161t\u011bst\u00edm a\u017e do \u010c\u00edny\"}]},{\"@type\":\"WebSite\",\"@id\":\"https:\/\/evertonfc.cz\/#website\",\"url\":\"https:\/\/evertonfc.cz\/\",\"name\":\"Official Czech &amp; Slovak Everton Supporters&#039; Club\",\"description\":\"\",\"publisher\":{\"@id\":\"https:\/\/evertonfc.cz\/#organization\"},\"potentialAction\":[{\"@type\":\"SearchAction\",\"target\":{\"@type\":\"EntryPoint\",\"urlTemplate\":\"https:\/\/evertonfc.cz\/?s={search_term_string}\"},\"query-input\":{\"@type\":\"PropertyValueSpecification\",\"valueRequired\":true,\"valueName\":\"search_term_string\"}}],\"inLanguage\":\"cs\"},{\"@type\":\"Organization\",\"@id\":\"https:\/\/evertonfc.cz\/#organization\",\"name\":\"Official Czech & Slovak Everton Supporters' Club\",\"url\":\"https:\/\/evertonfc.cz\/\",\"logo\":{\"@type\":\"ImageObject\",\"inLanguage\":\"cs\",\"@id\":\"https:\/\/evertonfc.cz\/#\/schema\/logo\/image\/\",\"url\":\"https:\/\/evertonfc.cz\/wp-content\/uploads\/2019\/05\/logo.png\",\"contentUrl\":\"https:\/\/evertonfc.cz\/wp-content\/uploads\/2019\/05\/logo.png\",\"width\":112,\"height\":112,\"caption\":\"Official Czech & Slovak Everton Supporters' Club\"},\"image\":{\"@id\":\"https:\/\/evertonfc.cz\/#\/schema\/logo\/image\/\"},\"sameAs\":[\"https:\/\/www.facebook.com\/everton.fans.cz.sk\"]},{\"@type\":\"Person\",\"@id\":\"https:\/\/evertonfc.cz\/#\/schema\/person\/f7a5daedb2ffee98480bc70e191aaef1\",\"name\":\"Ri\u010di\",\"sameAs\":[\"https:\/\/x.com\/rbrejsa\"],\"url\":\"https:\/\/evertonfc.cz\/index.php\/author\/rici\/\"}]}<\/script>\n<!-- \/ Yoast SEO plugin. -->","yoast_head_json":{"title":"Z Evertonu za \u0161t\u011bst\u00edm a\u017e do \u010c\u00edny - Official Czech &amp; Slovak Everton Supporters&#039; Club","robots":{"index":"index","follow":"follow","max-snippet":"max-snippet:-1","max-image-preview":"max-image-preview:large","max-video-preview":"max-video-preview:-1"},"canonical":"https:\/\/evertonfc.cz\/index.php\/2019\/06\/24\/z-evertonu-za-stestim-az-do-ciny\/","og_locale":"cs_CZ","og_type":"article","og_title":"Z Evertonu za \u0161t\u011bst\u00edm a\u017e do \u010c\u00edny - Official Czech &amp; Slovak Everton Supporters&#039; Club","og_description":"Na jeho odchod do \u010c\u00edny mnoz\u00ed hled\u011bli se zachmu\u0159en\u00fdm obo\u010d\u00edm. Tyias Browning si ale sv\u00e9 asijsk\u00e9 anga\u017em\u00e1 pochvaluje.","og_url":"https:\/\/evertonfc.cz\/index.php\/2019\/06\/24\/z-evertonu-za-stestim-az-do-ciny\/","og_site_name":"Official Czech &amp; Slovak Everton Supporters&#039; Club","article_publisher":"https:\/\/www.facebook.com\/everton.fans.cz.sk","article_published_time":"2019-06-24T11:22:20+00:00","article_modified_time":"2019-06-24T12:39:45+00:00","og_image":[{"width":720,"height":405,"url":"https:\/\/evertonfc.cz\/wp-content\/uploads\/2019\/06\/browing_24_6_2019.jpg","type":"image\/jpeg"}],"author":"Ri\u010di","twitter_card":"summary_large_image","twitter_creator":"@rbrejsa","twitter_misc":{"Napsal(a)":"Ri\u010di","Odhadovan\u00e1 doba \u010dten\u00ed":"4 minuty"},"schema":{"@context":"https:\/\/schema.org","@graph":[{"@type":"Article","@id":"https:\/\/evertonfc.cz\/index.php\/2019\/06\/24\/z-evertonu-za-stestim-az-do-ciny\/#article","isPartOf":{"@id":"https:\/\/evertonfc.cz\/index.php\/2019\/06\/24\/z-evertonu-za-stestim-az-do-ciny\/"},"author":{"name":"Ri\u010di","@id":"https:\/\/evertonfc.cz\/#\/schema\/person\/f7a5daedb2ffee98480bc70e191aaef1"},"headline":"Z Evertonu za \u0161t\u011bst\u00edm a\u017e do \u010c\u00edny","datePublished":"2019-06-24T11:22:20+00:00","dateModified":"2019-06-24T12:39:45+00:00","mainEntityOfPage":{"@id":"https:\/\/evertonfc.cz\/index.php\/2019\/06\/24\/z-evertonu-za-stestim-az-do-ciny\/"},"wordCount":897,"commentCount":0,"publisher":{"@id":"https:\/\/evertonfc.cz\/#organization"},"image":{"@id":"https:\/\/evertonfc.cz\/index.php\/2019\/06\/24\/z-evertonu-za-stestim-az-do-ciny\/#primaryimage"},"thumbnailUrl":"https:\/\/evertonfc.cz\/wp-content\/uploads\/2019\/06\/browing_24_6_2019.jpg","articleSection":["Rozhovory"],"inLanguage":"cs","potentialAction":[{"@type":"CommentAction","name":"Comment","target":["https:\/\/evertonfc.cz\/index.php\/2019\/06\/24\/z-evertonu-za-stestim-az-do-ciny\/#respond"]}]},{"@type":"WebPage","@id":"https:\/\/evertonfc.cz\/index.php\/2019\/06\/24\/z-evertonu-za-stestim-az-do-ciny\/","url":"https:\/\/evertonfc.cz\/index.php\/2019\/06\/24\/z-evertonu-za-stestim-az-do-ciny\/","name":"Z Evertonu za \u0161t\u011bst\u00edm a\u017e do \u010c\u00edny - Official Czech &amp; Slovak Everton Supporters&#039; Club","isPartOf":{"@id":"https:\/\/evertonfc.cz\/#website"},"primaryImageOfPage":{"@id":"https:\/\/evertonfc.cz\/index.php\/2019\/06\/24\/z-evertonu-za-stestim-az-do-ciny\/#primaryimage"},"image":{"@id":"https:\/\/evertonfc.cz\/index.php\/2019\/06\/24\/z-evertonu-za-stestim-az-do-ciny\/#primaryimage"},"thumbnailUrl":"https:\/\/evertonfc.cz\/wp-content\/uploads\/2019\/06\/browing_24_6_2019.jpg","datePublished":"2019-06-24T11:22:20+00:00","dateModified":"2019-06-24T12:39:45+00:00","breadcrumb":{"@id":"https:\/\/evertonfc.cz\/index.php\/2019\/06\/24\/z-evertonu-za-stestim-az-do-ciny\/#breadcrumb"},"inLanguage":"cs","potentialAction":[{"@type":"ReadAction","target":["https:\/\/evertonfc.cz\/index.php\/2019\/06\/24\/z-evertonu-za-stestim-az-do-ciny\/"]}]},{"@type":"ImageObject","inLanguage":"cs","@id":"https:\/\/evertonfc.cz\/index.php\/2019\/06\/24\/z-evertonu-za-stestim-az-do-ciny\/#primaryimage","url":"https:\/\/evertonfc.cz\/wp-content\/uploads\/2019\/06\/browing_24_6_2019.jpg","contentUrl":"https:\/\/evertonfc.cz\/wp-content\/uploads\/2019\/06\/browing_24_6_2019.jpg","width":720,"height":405},{"@type":"BreadcrumbList","@id":"https:\/\/evertonfc.cz\/index.php\/2019\/06\/24\/z-evertonu-za-stestim-az-do-ciny\/#breadcrumb","itemListElement":[{"@type":"ListItem","position":1,"name":"Home","item":"https:\/\/evertonfc.cz\/"},{"@type":"ListItem","position":2,"name":"Z Evertonu za \u0161t\u011bst\u00edm a\u017e do \u010c\u00edny"}]},{"@type":"WebSite","@id":"https:\/\/evertonfc.cz\/#website","url":"https:\/\/evertonfc.cz\/","name":"Official Czech &amp; Slovak Everton Supporters&#039; Club","description":"","publisher":{"@id":"https:\/\/evertonfc.cz\/#organization"},"potentialAction":[{"@type":"SearchAction","target":{"@type":"EntryPoint","urlTemplate":"https:\/\/evertonfc.cz\/?s={search_term_string}"},"query-input":{"@type":"PropertyValueSpecification","valueRequired":true,"valueName":"search_term_string"}}],"inLanguage":"cs"},{"@type":"Organization","@id":"https:\/\/evertonfc.cz\/#organization","name":"Official Czech & Slovak Everton Supporters' Club","url":"https:\/\/evertonfc.cz\/","logo":{"@type":"ImageObject","inLanguage":"cs","@id":"https:\/\/evertonfc.cz\/#\/schema\/logo\/image\/","url":"https:\/\/evertonfc.cz\/wp-content\/uploads\/2019\/05\/logo.png","contentUrl":"https:\/\/evertonfc.cz\/wp-content\/uploads\/2019\/05\/logo.png","width":112,"height":112,"caption":"Official Czech & Slovak Everton Supporters' Club"},"image":{"@id":"https:\/\/evertonfc.cz\/#\/schema\/logo\/image\/"},"sameAs":["https:\/\/www.facebook.com\/everton.fans.cz.sk"]},{"@type":"Person","@id":"https:\/\/evertonfc.cz\/#\/schema\/person\/f7a5daedb2ffee98480bc70e191aaef1","name":"Ri\u010di","sameAs":["https:\/\/x.com\/rbrejsa"],"url":"https:\/\/evertonfc.cz\/index.php\/author\/rici\/"}]}},"_links":{"self":[{"href":"https:\/\/evertonfc.cz\/index.php\/wp-json\/wp\/v2\/posts\/8190"}],"collection":[{"href":"https:\/\/evertonfc.cz\/index.php\/wp-json\/wp\/v2\/posts"}],"about":[{"href":"https:\/\/evertonfc.cz\/index.php\/wp-json\/wp\/v2\/types\/post"}],"author":[{"embeddable":true,"href":"https:\/\/evertonfc.cz\/index.php\/wp-json\/wp\/v2\/users\/6"}],"replies":[{"embeddable":true,"href":"https:\/\/evertonfc.cz\/index.php\/wp-json\/wp\/v2\/comments?post=8190"}],"version-history":[{"count":14,"href":"https:\/\/evertonfc.cz\/index.php\/wp-json\/wp\/v2\/posts\/8190\/revisions"}],"predecessor-version":[{"id":8204,"href":"https:\/\/evertonfc.cz\/index.php\/wp-json\/wp\/v2\/posts\/8190\/revisions\/8204"}],"wp:featuredmedia":[{"embeddable":true,"href":"https:\/\/evertonfc.cz\/index.php\/wp-json\/wp\/v2\/media\/8189"}],"wp:attachment":[{"href":"https:\/\/evertonfc.cz\/index.php\/wp-json\/wp\/v2\/media?parent=8190"}],"wp:term":[{"taxonomy":"category","embeddable":true,"href":"https:\/\/evertonfc.cz\/index.php\/wp-json\/wp\/v2\/categories?post=8190"},{"taxonomy":"post_tag","embeddable":true,"href":"https:\/\/evertonfc.cz\/index.php\/wp-json\/wp\/v2\/tags?post=8190"}],"curies":[{"name":"wp","href":"https:\/\/api.w.org\/{rel}","templated":true}]}}