{"id":8207,"date":"2019-06-25T16:42:24","date_gmt":"2019-06-25T14:42:24","guid":{"rendered":"https:\/\/evertonfc.cz\/?p=8207"},"modified":"2020-04-28T15:40:27","modified_gmt":"2020-04-28T13:40:27","slug":"drazba-a-zbierka-uspesna","status":"publish","type":"post","link":"https:\/\/evertonfc.cz\/index.php\/2019\/06\/25\/drazba-a-zbierka-uspesna\/","title":{"rendered":"Dra\u017eba a zbierka \u00faspe\u0161n\u00e1"},"content":{"rendered":"<h4 style=\"background: white;\"><span lang=\"SK\">S\u00edce sa n\u00e1m tesne nepodarilo prekona\u0165 na\u0161u minuloro\u010dn\u00fa premi\u00e9ru, ale aj tak tento ro\u010dn\u00edk pova\u017eujeme za \u00faspech. Na dobro\u010dinn\u00e9 \u00fa\u010dely prispelo \u0161es\u0165 \u013eud\u00ed.<\/span><\/h4>\n<p>U\u017e druh\u00fd rok po sebe sme v r\u00e1mci na\u0161ej malej \u010deskoslovenskej komunity usporiadali aukciu na pomoc druh\u00fdm. Do dra\u017eby sme pon\u00fakli mal\u00e9 aj ve\u013ek\u00e9 pozornosti od na\u0161ich \u010dlenov a medzi nimi op\u00e4\u0165 aj podp\u00edsan\u00fd suven\u00edr, ktor\u00fd n\u00e1m zaslal samotn\u00fd Everton.<\/p>\n<p>Ak si niekto nepam\u00e4t\u00e1, ako to prebehlo, alebo ho to \u00faplne minulo, v\u0161etko podstatn\u00e9 sa dozvie v\u00a0na\u0161ej rubrike <em>Udalosti<\/em>, ktor\u00fa n\u00e1jde v\u00a0menu pod sekciou <em>Supporter\u00b4s Club<\/em>. Demokraticky sme hlasovali za charitu, kam vyzbieran\u00e9 finan\u010dn\u00e9 prostriedky poputuj\u00fa a z piatich vybran\u00fdch zv\u00ed\u0165azila organiz\u00e1cia \u201c<a href=\"https:\/\/www.nadaceterezymaxove.cz\/o-nadaci\/nase-poslani\/\" target=\"_blank\" rel=\"noopener noreferrer\"><strong>Nadace Terezy Maxov\u00e9<\/strong><\/a>\u201d.<\/p>\n<p>Zo\u00a0samotnej aukcie si cenn\u00e9 predmety odn\u00e1\u0161aj\u00fa domov Javor, Everton1878 a\u00a0Ri\u010di. V\u010faka ich ponuk\u00e1m vyletela z\u00e1kladn\u00e1 vyzbieran\u00e1 suma na 160\u20ac. Av\u0161ak to nebol koniec. E\u0161te sedem dn\u00ed sme nechali mo\u017enos\u0165 ka\u017ed\u00e9mu, dokonca aj mojej mame, dobrovo\u013ene prispie\u0165 \u013eubovo\u013enou sumou a\u00a0pom\u00f4c\u0165 tak e\u0161te viac.<\/p>\n<p><strong>Tak\u00fdmto sp\u00f4sobom sme v\u00fdsledn\u00fa cifru e\u0161te nav\u00fd\u0161ili a\u00a0t\u00e1 \u010din\u00ed celkovo 290\u20ac, \u010do predstavuje zaokr\u00fahlene 7 500 \u010desk\u00fdch kor\u00fan. D\u00e1my a\u00a0p\u00e1ni, m\u00f4\u017eeme si gratulova\u0165.<\/strong><\/p>\n<p>Na zabezpe\u010denie transparentnosti, k tomuto \u010dl\u00e1nku prip\u00e1jame zoznam \u013eud\u00ed aj presn\u00fd obnos pe\u0148az\u00ed od jednotliv\u00fdch darcov a dra\u017eite\u013eov, aby ste si mohli tieto inform\u00e1cie skontrolova\u0165 a overi\u0165 korektnos\u0165 celkovej sumy:<\/p>\n<ul>\n<li>BlueBlooded \u2013 35\u20ac pr\u00edspevok<\/li>\n<li>Cattyblue \u2013 25\u20ac pr\u00edspevok<\/li>\n<li>duch.abum \u2013 10\u20ac pr\u00edspevok<\/li>\n<li>Everton1878 \u2013 30\u20ac dra\u017eba + 30\u20ac pr\u00edspevok<\/li>\n<li>godison \u2013 30\u20ac pr\u00edspevok<\/li>\n<li>Javor \u2013 30\u20ac dra\u017eba<\/li>\n<li>Ri\u010di \u2013 100\u20ac dra\u017eba<\/li>\n<\/ul>\n<p>Moment\u00e1lne prebieha diskusia, ako a\u00a0kedy spravi\u0165 odovzdanie. U\u017e je jasn\u00e9, \u017ee sa to cel\u00e9 udeje\u00a0 v\u00a0hlavnom meste pra\u017eskom. Ot\u00e1zka ost\u00e1va nad d\u00e1tumom a\u00a0\u00fa\u010das\u0165ou. Chceli by sme to stihn\u00fa\u0165 do konca leta a\u00a0ak by sa n\u00e1s nazbieralo v\u00a0dostato\u010dnom po\u010dte, teoreticky by sme tam mohli usporiada\u0165 men\u0161\u00ed zraz.<\/p>\n<p>Ak by mal niekto z\u00e1ujem z\u00fa\u010dastni\u0165 sa, dajte n\u00e1m vedie\u0165 v\u00a0koment\u00e1roch pod t\u00fdmto \u010dl\u00e1nkom. Rovnako ak m\u00e1te nejak\u00e9 ot\u00e1zky alebo pochybnosti oh\u013eadom nie\u010doho, pros\u00edm, adresujte ich v koment\u00e1roch, alebo n\u00e1m nap\u00ed\u0161te na uveden\u00fa emailov\u00fa adresu = <a href=\"mailto:czskevertonians@gmail.com\">czskevertonians@gmail.com<\/a><\/p>\n<p>T\u00fdmto chcem po\u010fakova\u0165 v\u0161etk\u00fdm z\u00fa\u010dastnen\u00fdm za particip\u00e1ciu. Najbli\u017e\u0161ie spr\u00e1vy oh\u013eadom dra\u017eby a\u00a0zbierky o\u010dak\u00e1vajte a\u017e potom, \u010do osobne odovzd\u00e1me v\u00fd\u0165a\u017eok z\u00e1stupcovi\/-kyni konkr\u00e9tnej charitat\u00edvnej organiz\u00e1cii. Sprav\u00edme z toho kr\u00e1tku fotodokument\u00e1ciu a vystav\u00edme potvrdenie o prebrat\u00ed pe\u0148az\u00ed.<\/p>\n","protected":false},"excerpt":{"rendered":"<p>S\u00edce sa n\u00e1m tesne nepodarilo prekona\u0165 na\u0161u minuloro\u010dn\u00fa premi\u00e9ru, ale aj tak tento ro\u010dn\u00edk pova\u017eujeme za \u00faspech. Na dobro\u010dinn\u00e9 \u00fa\u010dely prispelo \u0161es\u0165 \u013eud\u00ed.<\/p>\n","protected":false},"author":1,"featured_media":8209,"comment_status":"open","ping_status":"closed","sticky":false,"template":"","format":"standard","meta":{"_eb_attr":"","_monsterinsights_skip_tracking":false,"_monsterinsights_sitenote_active":false,"_monsterinsights_sitenote_note":"","_monsterinsights_sitenote_category":0,"footnotes":""},"categories":[85],"tags":[],"yoast_head":"<!-- This site is optimized with the Yoast SEO plugin v23.4 - https:\/\/yoast.com\/wordpress\/plugins\/seo\/ -->\n<title>Dra\u017eba a zbierka \u00faspe\u0161n\u00e1 - Official Czech &amp; Slovak Everton Supporters&#039; Club<\/title>\n<meta name=\"robots\" content=\"index, follow, max-snippet:-1, max-image-preview:large, max-video-preview:-1\" \/>\n<link rel=\"canonical\" href=\"https:\/\/evertonfc.cz\/index.php\/2019\/06\/25\/drazba-a-zbierka-uspesna\/\" \/>\n<meta property=\"og:locale\" content=\"cs_CZ\" \/>\n<meta property=\"og:type\" content=\"article\" \/>\n<meta property=\"og:title\" content=\"Dra\u017eba a zbierka \u00faspe\u0161n\u00e1 - Official Czech &amp; Slovak Everton Supporters&#039; Club\" \/>\n<meta property=\"og:description\" content=\"S\u00edce sa n\u00e1m tesne nepodarilo prekona\u0165 na\u0161u minuloro\u010dn\u00fa premi\u00e9ru, ale aj tak tento ro\u010dn\u00edk pova\u017eujeme za \u00faspech. Na dobro\u010dinn\u00e9 \u00fa\u010dely prispelo \u0161es\u0165 \u013eud\u00ed.\" \/>\n<meta property=\"og:url\" content=\"https:\/\/evertonfc.cz\/index.php\/2019\/06\/25\/drazba-a-zbierka-uspesna\/\" \/>\n<meta property=\"og:site_name\" content=\"Official Czech &amp; Slovak Everton Supporters&#039; Club\" \/>\n<meta property=\"article:publisher\" content=\"https:\/\/www.facebook.com\/everton.fans.cz.sk\" \/>\n<meta property=\"article:published_time\" content=\"2019-06-25T14:42:24+00:00\" \/>\n<meta property=\"article:modified_time\" content=\"2020-04-28T13:40:27+00:00\" \/>\n<meta property=\"og:image\" content=\"https:\/\/evertonfc.cz\/wp-content\/uploads\/2019\/06\/aukcia-25-6-2019.jpg\" \/>\n\t<meta property=\"og:image:width\" content=\"720\" \/>\n\t<meta property=\"og:image:height\" content=\"405\" \/>\n\t<meta property=\"og:image:type\" content=\"image\/jpeg\" \/>\n<meta name=\"author\" content=\"BlueBlooded\" \/>\n<meta name=\"twitter:card\" content=\"summary_large_image\" \/>\n<meta name=\"twitter:label1\" content=\"Napsal(a)\" \/>\n\t<meta name=\"twitter:data1\" content=\"BlueBlooded\" \/>\n\t<meta name=\"twitter:label2\" content=\"Odhadovan\u00e1 doba \u010dten\u00ed\" \/>\n\t<meta name=\"twitter:data2\" content=\"2 minuty\" \/>\n<script type=\"application\/ld+json\" class=\"yoast-schema-graph\">{\"@context\":\"https:\/\/schema.org\",\"@graph\":[{\"@type\":\"Article\",\"@id\":\"https:\/\/evertonfc.cz\/index.php\/2019\/06\/25\/drazba-a-zbierka-uspesna\/#article\",\"isPartOf\":{\"@id\":\"https:\/\/evertonfc.cz\/index.php\/2019\/06\/25\/drazba-a-zbierka-uspesna\/\"},\"author\":{\"name\":\"BlueBlooded\",\"@id\":\"https:\/\/evertonfc.cz\/#\/schema\/person\/d4493b8cbea51532597fbc4685698916\"},\"headline\":\"Dra\u017eba a zbierka \u00faspe\u0161n\u00e1\",\"datePublished\":\"2019-06-25T14:42:24+00:00\",\"dateModified\":\"2020-04-28T13:40:27+00:00\",\"mainEntityOfPage\":{\"@id\":\"https:\/\/evertonfc.cz\/index.php\/2019\/06\/25\/drazba-a-zbierka-uspesna\/\"},\"wordCount\":472,\"commentCount\":4,\"publisher\":{\"@id\":\"https:\/\/evertonfc.cz\/#organization\"},\"image\":{\"@id\":\"https:\/\/evertonfc.cz\/index.php\/2019\/06\/25\/drazba-a-zbierka-uspesna\/#primaryimage\"},\"thumbnailUrl\":\"https:\/\/evertonfc.cz\/wp-content\/uploads\/2019\/06\/aukcia-25-6-2019.jpg\",\"articleSection\":[\"Supporters' Club\"],\"inLanguage\":\"cs\",\"potentialAction\":[{\"@type\":\"CommentAction\",\"name\":\"Comment\",\"target\":[\"https:\/\/evertonfc.cz\/index.php\/2019\/06\/25\/drazba-a-zbierka-uspesna\/#respond\"]}]},{\"@type\":\"WebPage\",\"@id\":\"https:\/\/evertonfc.cz\/index.php\/2019\/06\/25\/drazba-a-zbierka-uspesna\/\",\"url\":\"https:\/\/evertonfc.cz\/index.php\/2019\/06\/25\/drazba-a-zbierka-uspesna\/\",\"name\":\"Dra\u017eba a zbierka \u00faspe\u0161n\u00e1 - Official Czech &amp; Slovak Everton Supporters&#039; Club\",\"isPartOf\":{\"@id\":\"https:\/\/evertonfc.cz\/#website\"},\"primaryImageOfPage\":{\"@id\":\"https:\/\/evertonfc.cz\/index.php\/2019\/06\/25\/drazba-a-zbierka-uspesna\/#primaryimage\"},\"image\":{\"@id\":\"https:\/\/evertonfc.cz\/index.php\/2019\/06\/25\/drazba-a-zbierka-uspesna\/#primaryimage\"},\"thumbnailUrl\":\"https:\/\/evertonfc.cz\/wp-content\/uploads\/2019\/06\/aukcia-25-6-2019.jpg\",\"datePublished\":\"2019-06-25T14:42:24+00:00\",\"dateModified\":\"2020-04-28T13:40:27+00:00\",\"breadcrumb\":{\"@id\":\"https:\/\/evertonfc.cz\/index.php\/2019\/06\/25\/drazba-a-zbierka-uspesna\/#breadcrumb\"},\"inLanguage\":\"cs\",\"potentialAction\":[{\"@type\":\"ReadAction\",\"target\":[\"https:\/\/evertonfc.cz\/index.php\/2019\/06\/25\/drazba-a-zbierka-uspesna\/\"]}]},{\"@type\":\"ImageObject\",\"inLanguage\":\"cs\",\"@id\":\"https:\/\/evertonfc.cz\/index.php\/2019\/06\/25\/drazba-a-zbierka-uspesna\/#primaryimage\",\"url\":\"https:\/\/evertonfc.cz\/wp-content\/uploads\/2019\/06\/aukcia-25-6-2019.jpg\",\"contentUrl\":\"https:\/\/evertonfc.cz\/wp-content\/uploads\/2019\/06\/aukcia-25-6-2019.jpg\",\"width\":720,\"height\":405},{\"@type\":\"BreadcrumbList\",\"@id\":\"https:\/\/evertonfc.cz\/index.php\/2019\/06\/25\/drazba-a-zbierka-uspesna\/#breadcrumb\",\"itemListElement\":[{\"@type\":\"ListItem\",\"position\":1,\"name\":\"Home\",\"item\":\"https:\/\/evertonfc.cz\/\"},{\"@type\":\"ListItem\",\"position\":2,\"name\":\"Dra\u017eba a zbierka \u00faspe\u0161n\u00e1\"}]},{\"@type\":\"WebSite\",\"@id\":\"https:\/\/evertonfc.cz\/#website\",\"url\":\"https:\/\/evertonfc.cz\/\",\"name\":\"Official Czech &amp; Slovak Everton Supporters&#039; Club\",\"description\":\"\",\"publisher\":{\"@id\":\"https:\/\/evertonfc.cz\/#organization\"},\"potentialAction\":[{\"@type\":\"SearchAction\",\"target\":{\"@type\":\"EntryPoint\",\"urlTemplate\":\"https:\/\/evertonfc.cz\/?s={search_term_string}\"},\"query-input\":{\"@type\":\"PropertyValueSpecification\",\"valueRequired\":true,\"valueName\":\"search_term_string\"}}],\"inLanguage\":\"cs\"},{\"@type\":\"Organization\",\"@id\":\"https:\/\/evertonfc.cz\/#organization\",\"name\":\"Official Czech & Slovak Everton Supporters' Club\",\"url\":\"https:\/\/evertonfc.cz\/\",\"logo\":{\"@type\":\"ImageObject\",\"inLanguage\":\"cs\",\"@id\":\"https:\/\/evertonfc.cz\/#\/schema\/logo\/image\/\",\"url\":\"https:\/\/evertonfc.cz\/wp-content\/uploads\/2019\/05\/logo.png\",\"contentUrl\":\"https:\/\/evertonfc.cz\/wp-content\/uploads\/2019\/05\/logo.png\",\"width\":112,\"height\":112,\"caption\":\"Official Czech & Slovak Everton Supporters' Club\"},\"image\":{\"@id\":\"https:\/\/evertonfc.cz\/#\/schema\/logo\/image\/\"},\"sameAs\":[\"https:\/\/www.facebook.com\/everton.fans.cz.sk\"]},{\"@type\":\"Person\",\"@id\":\"https:\/\/evertonfc.cz\/#\/schema\/person\/d4493b8cbea51532597fbc4685698916\",\"name\":\"BlueBlooded\",\"url\":\"https:\/\/evertonfc.cz\/index.php\/author\/admin\/\"}]}<\/script>\n<!-- \/ Yoast SEO plugin. -->","yoast_head_json":{"title":"Dra\u017eba a zbierka \u00faspe\u0161n\u00e1 - Official Czech &amp; Slovak Everton Supporters&#039; Club","robots":{"index":"index","follow":"follow","max-snippet":"max-snippet:-1","max-image-preview":"max-image-preview:large","max-video-preview":"max-video-preview:-1"},"canonical":"https:\/\/evertonfc.cz\/index.php\/2019\/06\/25\/drazba-a-zbierka-uspesna\/","og_locale":"cs_CZ","og_type":"article","og_title":"Dra\u017eba a zbierka \u00faspe\u0161n\u00e1 - Official Czech &amp; Slovak Everton Supporters&#039; Club","og_description":"S\u00edce sa n\u00e1m tesne nepodarilo prekona\u0165 na\u0161u minuloro\u010dn\u00fa premi\u00e9ru, ale aj tak tento ro\u010dn\u00edk pova\u017eujeme za \u00faspech. Na dobro\u010dinn\u00e9 \u00fa\u010dely prispelo \u0161es\u0165 \u013eud\u00ed.","og_url":"https:\/\/evertonfc.cz\/index.php\/2019\/06\/25\/drazba-a-zbierka-uspesna\/","og_site_name":"Official Czech &amp; Slovak Everton Supporters&#039; Club","article_publisher":"https:\/\/www.facebook.com\/everton.fans.cz.sk","article_published_time":"2019-06-25T14:42:24+00:00","article_modified_time":"2020-04-28T13:40:27+00:00","og_image":[{"width":720,"height":405,"url":"https:\/\/evertonfc.cz\/wp-content\/uploads\/2019\/06\/aukcia-25-6-2019.jpg","type":"image\/jpeg"}],"author":"BlueBlooded","twitter_card":"summary_large_image","twitter_misc":{"Napsal(a)":"BlueBlooded","Odhadovan\u00e1 doba \u010dten\u00ed":"2 minuty"},"schema":{"@context":"https:\/\/schema.org","@graph":[{"@type":"Article","@id":"https:\/\/evertonfc.cz\/index.php\/2019\/06\/25\/drazba-a-zbierka-uspesna\/#article","isPartOf":{"@id":"https:\/\/evertonfc.cz\/index.php\/2019\/06\/25\/drazba-a-zbierka-uspesna\/"},"author":{"name":"BlueBlooded","@id":"https:\/\/evertonfc.cz\/#\/schema\/person\/d4493b8cbea51532597fbc4685698916"},"headline":"Dra\u017eba a zbierka \u00faspe\u0161n\u00e1","datePublished":"2019-06-25T14:42:24+00:00","dateModified":"2020-04-28T13:40:27+00:00","mainEntityOfPage":{"@id":"https:\/\/evertonfc.cz\/index.php\/2019\/06\/25\/drazba-a-zbierka-uspesna\/"},"wordCount":472,"commentCount":4,"publisher":{"@id":"https:\/\/evertonfc.cz\/#organization"},"image":{"@id":"https:\/\/evertonfc.cz\/index.php\/2019\/06\/25\/drazba-a-zbierka-uspesna\/#primaryimage"},"thumbnailUrl":"https:\/\/evertonfc.cz\/wp-content\/uploads\/2019\/06\/aukcia-25-6-2019.jpg","articleSection":["Supporters' Club"],"inLanguage":"cs","potentialAction":[{"@type":"CommentAction","name":"Comment","target":["https:\/\/evertonfc.cz\/index.php\/2019\/06\/25\/drazba-a-zbierka-uspesna\/#respond"]}]},{"@type":"WebPage","@id":"https:\/\/evertonfc.cz\/index.php\/2019\/06\/25\/drazba-a-zbierka-uspesna\/","url":"https:\/\/evertonfc.cz\/index.php\/2019\/06\/25\/drazba-a-zbierka-uspesna\/","name":"Dra\u017eba a zbierka \u00faspe\u0161n\u00e1 - Official Czech &amp; Slovak Everton Supporters&#039; Club","isPartOf":{"@id":"https:\/\/evertonfc.cz\/#website"},"primaryImageOfPage":{"@id":"https:\/\/evertonfc.cz\/index.php\/2019\/06\/25\/drazba-a-zbierka-uspesna\/#primaryimage"},"image":{"@id":"https:\/\/evertonfc.cz\/index.php\/2019\/06\/25\/drazba-a-zbierka-uspesna\/#primaryimage"},"thumbnailUrl":"https:\/\/evertonfc.cz\/wp-content\/uploads\/2019\/06\/aukcia-25-6-2019.jpg","datePublished":"2019-06-25T14:42:24+00:00","dateModified":"2020-04-28T13:40:27+00:00","breadcrumb":{"@id":"https:\/\/evertonfc.cz\/index.php\/2019\/06\/25\/drazba-a-zbierka-uspesna\/#breadcrumb"},"inLanguage":"cs","potentialAction":[{"@type":"ReadAction","target":["https:\/\/evertonfc.cz\/index.php\/2019\/06\/25\/drazba-a-zbierka-uspesna\/"]}]},{"@type":"ImageObject","inLanguage":"cs","@id":"https:\/\/evertonfc.cz\/index.php\/2019\/06\/25\/drazba-a-zbierka-uspesna\/#primaryimage","url":"https:\/\/evertonfc.cz\/wp-content\/uploads\/2019\/06\/aukcia-25-6-2019.jpg","contentUrl":"https:\/\/evertonfc.cz\/wp-content\/uploads\/2019\/06\/aukcia-25-6-2019.jpg","width":720,"height":405},{"@type":"BreadcrumbList","@id":"https:\/\/evertonfc.cz\/index.php\/2019\/06\/25\/drazba-a-zbierka-uspesna\/#breadcrumb","itemListElement":[{"@type":"ListItem","position":1,"name":"Home","item":"https:\/\/evertonfc.cz\/"},{"@type":"ListItem","position":2,"name":"Dra\u017eba a zbierka \u00faspe\u0161n\u00e1"}]},{"@type":"WebSite","@id":"https:\/\/evertonfc.cz\/#website","url":"https:\/\/evertonfc.cz\/","name":"Official Czech &amp; Slovak Everton Supporters&#039; Club","description":"","publisher":{"@id":"https:\/\/evertonfc.cz\/#organization"},"potentialAction":[{"@type":"SearchAction","target":{"@type":"EntryPoint","urlTemplate":"https:\/\/evertonfc.cz\/?s={search_term_string}"},"query-input":{"@type":"PropertyValueSpecification","valueRequired":true,"valueName":"search_term_string"}}],"inLanguage":"cs"},{"@type":"Organization","@id":"https:\/\/evertonfc.cz\/#organization","name":"Official Czech & Slovak Everton Supporters' Club","url":"https:\/\/evertonfc.cz\/","logo":{"@type":"ImageObject","inLanguage":"cs","@id":"https:\/\/evertonfc.cz\/#\/schema\/logo\/image\/","url":"https:\/\/evertonfc.cz\/wp-content\/uploads\/2019\/05\/logo.png","contentUrl":"https:\/\/evertonfc.cz\/wp-content\/uploads\/2019\/05\/logo.png","width":112,"height":112,"caption":"Official Czech & Slovak Everton Supporters' Club"},"image":{"@id":"https:\/\/evertonfc.cz\/#\/schema\/logo\/image\/"},"sameAs":["https:\/\/www.facebook.com\/everton.fans.cz.sk"]},{"@type":"Person","@id":"https:\/\/evertonfc.cz\/#\/schema\/person\/d4493b8cbea51532597fbc4685698916","name":"BlueBlooded","url":"https:\/\/evertonfc.cz\/index.php\/author\/admin\/"}]}},"_links":{"self":[{"href":"https:\/\/evertonfc.cz\/index.php\/wp-json\/wp\/v2\/posts\/8207"}],"collection":[{"href":"https:\/\/evertonfc.cz\/index.php\/wp-json\/wp\/v2\/posts"}],"about":[{"href":"https:\/\/evertonfc.cz\/index.php\/wp-json\/wp\/v2\/types\/post"}],"author":[{"embeddable":true,"href":"https:\/\/evertonfc.cz\/index.php\/wp-json\/wp\/v2\/users\/1"}],"replies":[{"embeddable":true,"href":"https:\/\/evertonfc.cz\/index.php\/wp-json\/wp\/v2\/comments?post=8207"}],"version-history":[{"count":4,"href":"https:\/\/evertonfc.cz\/index.php\/wp-json\/wp\/v2\/posts\/8207\/revisions"}],"predecessor-version":[{"id":8214,"href":"https:\/\/evertonfc.cz\/index.php\/wp-json\/wp\/v2\/posts\/8207\/revisions\/8214"}],"wp:featuredmedia":[{"embeddable":true,"href":"https:\/\/evertonfc.cz\/index.php\/wp-json\/wp\/v2\/media\/8209"}],"wp:attachment":[{"href":"https:\/\/evertonfc.cz\/index.php\/wp-json\/wp\/v2\/media?parent=8207"}],"wp:term":[{"taxonomy":"category","embeddable":true,"href":"https:\/\/evertonfc.cz\/index.php\/wp-json\/wp\/v2\/categories?post=8207"},{"taxonomy":"post_tag","embeddable":true,"href":"https:\/\/evertonfc.cz\/index.php\/wp-json\/wp\/v2\/tags?post=8207"}],"curies":[{"name":"wp","href":"https:\/\/api.w.org\/{rel}","templated":true}]}}