{"id":8216,"date":"2019-06-26T00:02:12","date_gmt":"2019-06-25T22:02:12","guid":{"rendered":"https:\/\/evertonfc.cz\/?p=8216"},"modified":"2019-06-26T09:23:27","modified_gmt":"2019-06-26T07:23:27","slug":"vytouzena-posila-andre-gomes","status":"publish","type":"post","link":"https:\/\/evertonfc.cz\/index.php\/2019\/06\/26\/vytouzena-posila-andre-gomes\/","title":{"rendered":"Vytou\u017een\u00e1 posila: Andr\u00e9 Gomes"},"content":{"rendered":"<h4>Jeden z c\u00edl\u016f aktu\u00e1ln\u00edho p\u0159estupov\u00e9ho obdob\u00ed se Evertonu poda\u0159ilo splnit u\u017e na za\u010d\u00e1tku l\u00e9ta, Andr\u00e9 Gomes se st\u00e1v\u00e1 kmenov\u00fdm hr\u00e1\u010dem Toffees pot\u00e9, co byl zkompletov\u00e1n jeho p\u0159estup z Barcelony.<\/h4>\n<p>Katal\u00e1nsk\u00fd velkoklub prodal Evertonu ji\u017e t\u0159et\u00edho hr\u00e1\u010de b\u011bhem posledn\u00edho roku. Loni p\u0159estoupili na Goodison Park obr\u00e1nci Lucas Digne a Yerry Mina, nyn\u00ed natrvalo roz\u0161\u00ed\u0159il \u0159ady Blues Andr\u00e9 Gomes, kter\u00fd uzav\u0159el smlouvu na p\u011bt let. 25let\u00fd z\u00e1lo\u017en\u00edk tak dostane \u0161anci nav\u00e1zat na sv\u00e9 \u00fasp\u011b\u0161n\u00e9 ro\u010dn\u00ed hostov\u00e1n\u00ed, b\u011bhem n\u011bho\u017e si vydobyl pozici d\u016fle\u017eit\u00e9ho \u010dlena sestavy mana\u017eera Marca Silvy a uzn\u00e1n\u00ed drtiv\u00e9 v\u011bt\u0161iny fanou\u0161k\u016f Evertonu.<\/p>\n<p>Ro\u010dn\u00ed pobyt na Merseyside ale velmi kladn\u011b hodnot\u00ed i samotn\u00fd hr\u00e1\u010d, <a href=\"https:\/\/evertonfc.cz\/index.php\/2019\/06\/14\/stradajuci-gomes-nasiel-pokoj\/\" target=\"_blank\" rel=\"noopener noreferrer\">kter\u00fd po nevyda\u0159en\u00e9m anga\u017em\u00e1 v Barcelon\u011b op\u011bt na\u0161el ztracen\u00e9 sebev\u011bdom\u00ed a chu\u0165 do fotbalu<\/a>.<\/p>\n<p><em>\u201eJednalo se o velmi snadn\u00e9 rozhodnut\u00ed. Jsem r\u00e1d, \u017ee jsem podepsal smlouvu s Evertonem. Leto\u0161n\u00ed sez\u00f3nu jsem si velmi u\u017eil. Chci b\u00fdt sou\u010d\u00e1st\u00ed n\u011b\u010deho v\u00fdjime\u010dn\u00e9ho, a to jsem na\u0161el pr\u00e1v\u011b v Evertonu, kter\u00fd si navrch stanovil jasn\u00e9 ambice. Z cel\u00e9ho srdce d\u011bkuji klubu za to, \u017ee vynalo\u017eil obrovsk\u00e9 \u00fasil\u00ed, aby m\u011b z\u00edskal. B\u011bhem prvn\u00ed roku jsem se c\u00edtil jako \u010dlen rodiny &#8211; to je pro m\u011b nejd\u016fle\u017eit\u011bj\u0161\u00ed v\u011bc,\u201c<\/em> neskr\u00fdval Gomes radost.<\/p>\n<p>Everton tedy natrvalo z\u00edskal vytou\u017eenou posilu, za n\u00ed\u017e zaplat\u00ed \u00fa\u0159aduj\u00edc\u00edmu \u0161pan\u011blsk\u00e9ho mistrovi \u010d\u00e1stku z\u00e1kladn\u00ed \u010d\u00e1stku v hodnot\u011b 22 milion\u016f liber, jak informuj\u00ed ofici\u00e1ln\u00ed str\u00e1nky Toffees. Ofici\u00e1ln\u00ed web Barcelony sice je\u0161t\u011b zmi\u0148uje bl\u00ed\u017ee nespecifikovan\u00e9 bonusy, p\u0159esto jde z pohledu Evertonu o p\u0159\u00edv\u011btivou sumu cel\u00e9ho transferu. Jen pro srovn\u00e1n\u00ed: portugalsk\u00fd reprezentant p\u0159estupoval na Camp Nou z Valencie v roce 2016 za \u010d\u00e1stku ve v\u00fd\u0161i 29 milion\u016f liber, k n\u00ed\u017e se je\u0161t\u011b v\u00e1zaly r\u016fzn\u00e9 \u0161estn\u00e1ctimilionov\u00e9 bonusy.<\/p>\n<p>Gomes za\u010dal hostov\u00e1n\u00ed v Evertonu se svalov\u00fdm zran\u011bn\u00edm, debut si tak mohl odb\u00fdt a\u017e v \u0159\u00edjnu ve v\u00edt\u011bzn\u00e9m z\u00e1pase dev\u00e1t\u00e9ho ligov\u00e9ho kola s Crystalem Palace. Od t\u00e9 doby se zabydlel v z\u00e1kladn\u00ed sestav\u011b a s Idrissou Gueyem vytvo\u0159il sehranou st\u0159edovou dvojici. Senegalec vynikal v \u00fasp\u011b\u0161n\u00fdch z\u00e1kroc\u00edch a odeb\u00edr\u00e1n\u00ed m\u00ed\u010d\u016f a Gomes se naopak v\u00fdrazn\u011b p\u0159i\u010dinil ke zlep\u0161en\u00ed rozehr\u00e1vky cel\u00e9ho mu\u017estva, jeho dominanci na m\u00ed\u010di a plynulej\u0161\u00edmu p\u0159echodu do \u00fatoku.<\/p>\n<p>Technicky zdatn\u00fd fotbalista, jen\u017e se stal p\u0159ed t\u0159emi lety mistrem Evropy, nakonec ve sv\u00e9 prvn\u00ed sez\u00f3n\u011b v Premier League odehr\u00e1l 27 utk\u00e1n\u00ed. Lze p\u0159edpokl\u00e1dat, \u017ee pokud mu zdravotn\u00ed stav dovol\u00ed absolvovat kompletn\u00ed letn\u00ed p\u0159\u00edpravu na nov\u00fd ro\u010dn\u00edk, m\u016f\u017eeme od n\u011bj o\u010dek\u00e1vat je\u0161t\u011b kvalitn\u011bj\u0161\u00ed p\u0159edstaven\u00ed, konkr\u00e9tn\u011b t\u0159eba v\u011bt\u0161\u00ed vliv na ofenzivn\u00ed hru Evertonu <a href=\"https:\/\/www.premierleague.com\/players\/5061\/Andr%C3%A9-Gomes\/stats\" target=\"_blank\" rel=\"noopener noreferrer\">(v leto\u0161n\u00ed ligov\u00e9 sez\u00f3n\u011b sk\u00f3roval jen jednou, zaznamenal jednu asistenci a vytvo\u0159il jednu velkou \u0161anci)<\/a> a konzistentn\u011bj\u0161\u00ed v\u00fdkonnost (hlavn\u011b v obdob\u00ed okolo V\u00e1noc na n\u011bm byla zn\u00e1t \u00fanava z n\u00e1ro\u010dn\u00e9ho programu).<\/p>\n","protected":false},"excerpt":{"rendered":"<p>Jeden z c\u00edl\u016f aktu\u00e1ln\u00edho p\u0159estupov\u00e9ho obdob\u00ed se Evertonu poda\u0159ilo splnit u\u017e na za\u010d\u00e1tku l\u00e9ta, Andr\u00e9 Gomes se st\u00e1v\u00e1 kmenov\u00fdm hr\u00e1\u010dem Toffees pot\u00e9, co byl zkompletov\u00e1n jeho p\u0159estup z Barcelony.<\/p>\n","protected":false},"author":6,"featured_media":8172,"comment_status":"open","ping_status":"closed","sticky":false,"template":"","format":"standard","meta":{"_eb_attr":"","_monsterinsights_skip_tracking":false,"_monsterinsights_sitenote_active":false,"_monsterinsights_sitenote_note":"","_monsterinsights_sitenote_category":0,"footnotes":""},"categories":[41],"tags":[],"yoast_head":"<!-- This site is optimized with the Yoast SEO plugin v23.4 - https:\/\/yoast.com\/wordpress\/plugins\/seo\/ -->\n<title>Vytou\u017een\u00e1 posila: Andr\u00e9 Gomes - Official Czech &amp; Slovak Everton Supporters&#039; Club<\/title>\n<meta name=\"robots\" content=\"index, follow, max-snippet:-1, max-image-preview:large, max-video-preview:-1\" \/>\n<link rel=\"canonical\" href=\"https:\/\/evertonfc.cz\/index.php\/2019\/06\/26\/vytouzena-posila-andre-gomes\/\" \/>\n<meta property=\"og:locale\" content=\"cs_CZ\" \/>\n<meta property=\"og:type\" content=\"article\" \/>\n<meta property=\"og:title\" content=\"Vytou\u017een\u00e1 posila: Andr\u00e9 Gomes - Official Czech &amp; Slovak Everton Supporters&#039; Club\" \/>\n<meta property=\"og:description\" content=\"Jeden z c\u00edl\u016f aktu\u00e1ln\u00edho p\u0159estupov\u00e9ho obdob\u00ed se Evertonu poda\u0159ilo splnit u\u017e na za\u010d\u00e1tku l\u00e9ta, Andr\u00e9 Gomes se st\u00e1v\u00e1 kmenov\u00fdm hr\u00e1\u010dem Toffees pot\u00e9, co byl zkompletov\u00e1n jeho p\u0159estup z Barcelony.\" \/>\n<meta property=\"og:url\" content=\"https:\/\/evertonfc.cz\/index.php\/2019\/06\/26\/vytouzena-posila-andre-gomes\/\" \/>\n<meta property=\"og:site_name\" content=\"Official Czech &amp; Slovak Everton Supporters&#039; Club\" \/>\n<meta property=\"article:publisher\" content=\"https:\/\/www.facebook.com\/everton.fans.cz.sk\" \/>\n<meta property=\"article:published_time\" content=\"2019-06-25T22:02:12+00:00\" \/>\n<meta property=\"article:modified_time\" content=\"2019-06-26T07:23:27+00:00\" \/>\n<meta property=\"og:image\" content=\"https:\/\/evertonfc.cz\/wp-content\/uploads\/2019\/06\/gomes_20_6_2019.jpg\" \/>\n\t<meta property=\"og:image:width\" content=\"720\" \/>\n\t<meta property=\"og:image:height\" content=\"405\" \/>\n\t<meta property=\"og:image:type\" content=\"image\/jpeg\" \/>\n<meta name=\"author\" content=\"Ri\u010di\" \/>\n<meta name=\"twitter:card\" content=\"summary_large_image\" \/>\n<meta name=\"twitter:creator\" content=\"@rbrejsa\" \/>\n<meta name=\"twitter:label1\" content=\"Napsal(a)\" \/>\n\t<meta name=\"twitter:data1\" content=\"Ri\u010di\" \/>\n\t<meta name=\"twitter:label2\" content=\"Odhadovan\u00e1 doba \u010dten\u00ed\" \/>\n\t<meta name=\"twitter:data2\" content=\"3 minuty\" \/>\n<script type=\"application\/ld+json\" class=\"yoast-schema-graph\">{\"@context\":\"https:\/\/schema.org\",\"@graph\":[{\"@type\":\"Article\",\"@id\":\"https:\/\/evertonfc.cz\/index.php\/2019\/06\/26\/vytouzena-posila-andre-gomes\/#article\",\"isPartOf\":{\"@id\":\"https:\/\/evertonfc.cz\/index.php\/2019\/06\/26\/vytouzena-posila-andre-gomes\/\"},\"author\":{\"name\":\"Ri\u010di\",\"@id\":\"https:\/\/evertonfc.cz\/#\/schema\/person\/f7a5daedb2ffee98480bc70e191aaef1\"},\"headline\":\"Vytou\u017een\u00e1 posila: Andr\u00e9 Gomes\",\"datePublished\":\"2019-06-25T22:02:12+00:00\",\"dateModified\":\"2019-06-26T07:23:27+00:00\",\"mainEntityOfPage\":{\"@id\":\"https:\/\/evertonfc.cz\/index.php\/2019\/06\/26\/vytouzena-posila-andre-gomes\/\"},\"wordCount\":572,\"commentCount\":4,\"publisher\":{\"@id\":\"https:\/\/evertonfc.cz\/#organization\"},\"image\":{\"@id\":\"https:\/\/evertonfc.cz\/index.php\/2019\/06\/26\/vytouzena-posila-andre-gomes\/#primaryimage\"},\"thumbnailUrl\":\"https:\/\/evertonfc.cz\/wp-content\/uploads\/2019\/06\/gomes_20_6_2019.jpg\",\"articleSection\":[\"P\u0159estupy\"],\"inLanguage\":\"cs\",\"potentialAction\":[{\"@type\":\"CommentAction\",\"name\":\"Comment\",\"target\":[\"https:\/\/evertonfc.cz\/index.php\/2019\/06\/26\/vytouzena-posila-andre-gomes\/#respond\"]}]},{\"@type\":\"WebPage\",\"@id\":\"https:\/\/evertonfc.cz\/index.php\/2019\/06\/26\/vytouzena-posila-andre-gomes\/\",\"url\":\"https:\/\/evertonfc.cz\/index.php\/2019\/06\/26\/vytouzena-posila-andre-gomes\/\",\"name\":\"Vytou\u017een\u00e1 posila: Andr\u00e9 Gomes - Official Czech &amp; Slovak Everton Supporters&#039; Club\",\"isPartOf\":{\"@id\":\"https:\/\/evertonfc.cz\/#website\"},\"primaryImageOfPage\":{\"@id\":\"https:\/\/evertonfc.cz\/index.php\/2019\/06\/26\/vytouzena-posila-andre-gomes\/#primaryimage\"},\"image\":{\"@id\":\"https:\/\/evertonfc.cz\/index.php\/2019\/06\/26\/vytouzena-posila-andre-gomes\/#primaryimage\"},\"thumbnailUrl\":\"https:\/\/evertonfc.cz\/wp-content\/uploads\/2019\/06\/gomes_20_6_2019.jpg\",\"datePublished\":\"2019-06-25T22:02:12+00:00\",\"dateModified\":\"2019-06-26T07:23:27+00:00\",\"breadcrumb\":{\"@id\":\"https:\/\/evertonfc.cz\/index.php\/2019\/06\/26\/vytouzena-posila-andre-gomes\/#breadcrumb\"},\"inLanguage\":\"cs\",\"potentialAction\":[{\"@type\":\"ReadAction\",\"target\":[\"https:\/\/evertonfc.cz\/index.php\/2019\/06\/26\/vytouzena-posila-andre-gomes\/\"]}]},{\"@type\":\"ImageObject\",\"inLanguage\":\"cs\",\"@id\":\"https:\/\/evertonfc.cz\/index.php\/2019\/06\/26\/vytouzena-posila-andre-gomes\/#primaryimage\",\"url\":\"https:\/\/evertonfc.cz\/wp-content\/uploads\/2019\/06\/gomes_20_6_2019.jpg\",\"contentUrl\":\"https:\/\/evertonfc.cz\/wp-content\/uploads\/2019\/06\/gomes_20_6_2019.jpg\",\"width\":720,\"height\":405},{\"@type\":\"BreadcrumbList\",\"@id\":\"https:\/\/evertonfc.cz\/index.php\/2019\/06\/26\/vytouzena-posila-andre-gomes\/#breadcrumb\",\"itemListElement\":[{\"@type\":\"ListItem\",\"position\":1,\"name\":\"Home\",\"item\":\"https:\/\/evertonfc.cz\/\"},{\"@type\":\"ListItem\",\"position\":2,\"name\":\"Vytou\u017een\u00e1 posila: Andr\u00e9 Gomes\"}]},{\"@type\":\"WebSite\",\"@id\":\"https:\/\/evertonfc.cz\/#website\",\"url\":\"https:\/\/evertonfc.cz\/\",\"name\":\"Official Czech &amp; Slovak Everton Supporters&#039; Club\",\"description\":\"\",\"publisher\":{\"@id\":\"https:\/\/evertonfc.cz\/#organization\"},\"potentialAction\":[{\"@type\":\"SearchAction\",\"target\":{\"@type\":\"EntryPoint\",\"urlTemplate\":\"https:\/\/evertonfc.cz\/?s={search_term_string}\"},\"query-input\":{\"@type\":\"PropertyValueSpecification\",\"valueRequired\":true,\"valueName\":\"search_term_string\"}}],\"inLanguage\":\"cs\"},{\"@type\":\"Organization\",\"@id\":\"https:\/\/evertonfc.cz\/#organization\",\"name\":\"Official Czech & Slovak Everton Supporters' Club\",\"url\":\"https:\/\/evertonfc.cz\/\",\"logo\":{\"@type\":\"ImageObject\",\"inLanguage\":\"cs\",\"@id\":\"https:\/\/evertonfc.cz\/#\/schema\/logo\/image\/\",\"url\":\"https:\/\/evertonfc.cz\/wp-content\/uploads\/2019\/05\/logo.png\",\"contentUrl\":\"https:\/\/evertonfc.cz\/wp-content\/uploads\/2019\/05\/logo.png\",\"width\":112,\"height\":112,\"caption\":\"Official Czech & Slovak Everton Supporters' Club\"},\"image\":{\"@id\":\"https:\/\/evertonfc.cz\/#\/schema\/logo\/image\/\"},\"sameAs\":[\"https:\/\/www.facebook.com\/everton.fans.cz.sk\"]},{\"@type\":\"Person\",\"@id\":\"https:\/\/evertonfc.cz\/#\/schema\/person\/f7a5daedb2ffee98480bc70e191aaef1\",\"name\":\"Ri\u010di\",\"sameAs\":[\"https:\/\/x.com\/rbrejsa\"],\"url\":\"https:\/\/evertonfc.cz\/index.php\/author\/rici\/\"}]}<\/script>\n<!-- \/ Yoast SEO plugin. -->","yoast_head_json":{"title":"Vytou\u017een\u00e1 posila: Andr\u00e9 Gomes - Official Czech &amp; Slovak Everton Supporters&#039; Club","robots":{"index":"index","follow":"follow","max-snippet":"max-snippet:-1","max-image-preview":"max-image-preview:large","max-video-preview":"max-video-preview:-1"},"canonical":"https:\/\/evertonfc.cz\/index.php\/2019\/06\/26\/vytouzena-posila-andre-gomes\/","og_locale":"cs_CZ","og_type":"article","og_title":"Vytou\u017een\u00e1 posila: Andr\u00e9 Gomes - Official Czech &amp; Slovak Everton Supporters&#039; Club","og_description":"Jeden z c\u00edl\u016f aktu\u00e1ln\u00edho p\u0159estupov\u00e9ho obdob\u00ed se Evertonu poda\u0159ilo splnit u\u017e na za\u010d\u00e1tku l\u00e9ta, Andr\u00e9 Gomes se st\u00e1v\u00e1 kmenov\u00fdm hr\u00e1\u010dem Toffees pot\u00e9, co byl zkompletov\u00e1n jeho p\u0159estup z Barcelony.","og_url":"https:\/\/evertonfc.cz\/index.php\/2019\/06\/26\/vytouzena-posila-andre-gomes\/","og_site_name":"Official Czech &amp; Slovak Everton Supporters&#039; Club","article_publisher":"https:\/\/www.facebook.com\/everton.fans.cz.sk","article_published_time":"2019-06-25T22:02:12+00:00","article_modified_time":"2019-06-26T07:23:27+00:00","og_image":[{"width":720,"height":405,"url":"https:\/\/evertonfc.cz\/wp-content\/uploads\/2019\/06\/gomes_20_6_2019.jpg","type":"image\/jpeg"}],"author":"Ri\u010di","twitter_card":"summary_large_image","twitter_creator":"@rbrejsa","twitter_misc":{"Napsal(a)":"Ri\u010di","Odhadovan\u00e1 doba \u010dten\u00ed":"3 minuty"},"schema":{"@context":"https:\/\/schema.org","@graph":[{"@type":"Article","@id":"https:\/\/evertonfc.cz\/index.php\/2019\/06\/26\/vytouzena-posila-andre-gomes\/#article","isPartOf":{"@id":"https:\/\/evertonfc.cz\/index.php\/2019\/06\/26\/vytouzena-posila-andre-gomes\/"},"author":{"name":"Ri\u010di","@id":"https:\/\/evertonfc.cz\/#\/schema\/person\/f7a5daedb2ffee98480bc70e191aaef1"},"headline":"Vytou\u017een\u00e1 posila: Andr\u00e9 Gomes","datePublished":"2019-06-25T22:02:12+00:00","dateModified":"2019-06-26T07:23:27+00:00","mainEntityOfPage":{"@id":"https:\/\/evertonfc.cz\/index.php\/2019\/06\/26\/vytouzena-posila-andre-gomes\/"},"wordCount":572,"commentCount":4,"publisher":{"@id":"https:\/\/evertonfc.cz\/#organization"},"image":{"@id":"https:\/\/evertonfc.cz\/index.php\/2019\/06\/26\/vytouzena-posila-andre-gomes\/#primaryimage"},"thumbnailUrl":"https:\/\/evertonfc.cz\/wp-content\/uploads\/2019\/06\/gomes_20_6_2019.jpg","articleSection":["P\u0159estupy"],"inLanguage":"cs","potentialAction":[{"@type":"CommentAction","name":"Comment","target":["https:\/\/evertonfc.cz\/index.php\/2019\/06\/26\/vytouzena-posila-andre-gomes\/#respond"]}]},{"@type":"WebPage","@id":"https:\/\/evertonfc.cz\/index.php\/2019\/06\/26\/vytouzena-posila-andre-gomes\/","url":"https:\/\/evertonfc.cz\/index.php\/2019\/06\/26\/vytouzena-posila-andre-gomes\/","name":"Vytou\u017een\u00e1 posila: Andr\u00e9 Gomes - Official Czech &amp; Slovak Everton Supporters&#039; Club","isPartOf":{"@id":"https:\/\/evertonfc.cz\/#website"},"primaryImageOfPage":{"@id":"https:\/\/evertonfc.cz\/index.php\/2019\/06\/26\/vytouzena-posila-andre-gomes\/#primaryimage"},"image":{"@id":"https:\/\/evertonfc.cz\/index.php\/2019\/06\/26\/vytouzena-posila-andre-gomes\/#primaryimage"},"thumbnailUrl":"https:\/\/evertonfc.cz\/wp-content\/uploads\/2019\/06\/gomes_20_6_2019.jpg","datePublished":"2019-06-25T22:02:12+00:00","dateModified":"2019-06-26T07:23:27+00:00","breadcrumb":{"@id":"https:\/\/evertonfc.cz\/index.php\/2019\/06\/26\/vytouzena-posila-andre-gomes\/#breadcrumb"},"inLanguage":"cs","potentialAction":[{"@type":"ReadAction","target":["https:\/\/evertonfc.cz\/index.php\/2019\/06\/26\/vytouzena-posila-andre-gomes\/"]}]},{"@type":"ImageObject","inLanguage":"cs","@id":"https:\/\/evertonfc.cz\/index.php\/2019\/06\/26\/vytouzena-posila-andre-gomes\/#primaryimage","url":"https:\/\/evertonfc.cz\/wp-content\/uploads\/2019\/06\/gomes_20_6_2019.jpg","contentUrl":"https:\/\/evertonfc.cz\/wp-content\/uploads\/2019\/06\/gomes_20_6_2019.jpg","width":720,"height":405},{"@type":"BreadcrumbList","@id":"https:\/\/evertonfc.cz\/index.php\/2019\/06\/26\/vytouzena-posila-andre-gomes\/#breadcrumb","itemListElement":[{"@type":"ListItem","position":1,"name":"Home","item":"https:\/\/evertonfc.cz\/"},{"@type":"ListItem","position":2,"name":"Vytou\u017een\u00e1 posila: Andr\u00e9 Gomes"}]},{"@type":"WebSite","@id":"https:\/\/evertonfc.cz\/#website","url":"https:\/\/evertonfc.cz\/","name":"Official Czech &amp; Slovak Everton Supporters&#039; Club","description":"","publisher":{"@id":"https:\/\/evertonfc.cz\/#organization"},"potentialAction":[{"@type":"SearchAction","target":{"@type":"EntryPoint","urlTemplate":"https:\/\/evertonfc.cz\/?s={search_term_string}"},"query-input":{"@type":"PropertyValueSpecification","valueRequired":true,"valueName":"search_term_string"}}],"inLanguage":"cs"},{"@type":"Organization","@id":"https:\/\/evertonfc.cz\/#organization","name":"Official Czech & Slovak Everton Supporters' Club","url":"https:\/\/evertonfc.cz\/","logo":{"@type":"ImageObject","inLanguage":"cs","@id":"https:\/\/evertonfc.cz\/#\/schema\/logo\/image\/","url":"https:\/\/evertonfc.cz\/wp-content\/uploads\/2019\/05\/logo.png","contentUrl":"https:\/\/evertonfc.cz\/wp-content\/uploads\/2019\/05\/logo.png","width":112,"height":112,"caption":"Official Czech & Slovak Everton Supporters' Club"},"image":{"@id":"https:\/\/evertonfc.cz\/#\/schema\/logo\/image\/"},"sameAs":["https:\/\/www.facebook.com\/everton.fans.cz.sk"]},{"@type":"Person","@id":"https:\/\/evertonfc.cz\/#\/schema\/person\/f7a5daedb2ffee98480bc70e191aaef1","name":"Ri\u010di","sameAs":["https:\/\/x.com\/rbrejsa"],"url":"https:\/\/evertonfc.cz\/index.php\/author\/rici\/"}]}},"_links":{"self":[{"href":"https:\/\/evertonfc.cz\/index.php\/wp-json\/wp\/v2\/posts\/8216"}],"collection":[{"href":"https:\/\/evertonfc.cz\/index.php\/wp-json\/wp\/v2\/posts"}],"about":[{"href":"https:\/\/evertonfc.cz\/index.php\/wp-json\/wp\/v2\/types\/post"}],"author":[{"embeddable":true,"href":"https:\/\/evertonfc.cz\/index.php\/wp-json\/wp\/v2\/users\/6"}],"replies":[{"embeddable":true,"href":"https:\/\/evertonfc.cz\/index.php\/wp-json\/wp\/v2\/comments?post=8216"}],"version-history":[{"count":8,"href":"https:\/\/evertonfc.cz\/index.php\/wp-json\/wp\/v2\/posts\/8216\/revisions"}],"predecessor-version":[{"id":8226,"href":"https:\/\/evertonfc.cz\/index.php\/wp-json\/wp\/v2\/posts\/8216\/revisions\/8226"}],"wp:featuredmedia":[{"embeddable":true,"href":"https:\/\/evertonfc.cz\/index.php\/wp-json\/wp\/v2\/media\/8172"}],"wp:attachment":[{"href":"https:\/\/evertonfc.cz\/index.php\/wp-json\/wp\/v2\/media?parent=8216"}],"wp:term":[{"taxonomy":"category","embeddable":true,"href":"https:\/\/evertonfc.cz\/index.php\/wp-json\/wp\/v2\/categories?post=8216"},{"taxonomy":"post_tag","embeddable":true,"href":"https:\/\/evertonfc.cz\/index.php\/wp-json\/wp\/v2\/tags?post=8216"}],"curies":[{"name":"wp","href":"https:\/\/api.w.org\/{rel}","templated":true}]}}