{"id":8233,"date":"2019-06-27T14:10:20","date_gmt":"2019-06-27T12:10:20","guid":{"rendered":"https:\/\/evertonfc.cz\/?p=8233"},"modified":"2020-05-14T12:30:35","modified_gmt":"2020-05-14T10:30:35","slug":"bbc-everton-usiluje-o-zoumu","status":"publish","type":"post","link":"https:\/\/evertonfc.cz\/index.php\/2019\/06\/27\/bbc-everton-usiluje-o-zoumu\/","title":{"rendered":"BBC: Everton usiluje o Zoumu"},"content":{"rendered":"<h4>Everton podle informac\u00ed britsk\u00e9 zpravodajsk\u00e9 stanice BBC usiluje o p\u0159estup stopera Kurta Zoumy, za n\u011bho\u017e pr\u00fd Chelsea m\u016f\u017ee \u017e\u00e1dat \u010d\u00e1stku okolo 30 milion\u016f liber.<\/h4>\n<p>24let\u00fd francouzsk\u00fd obr\u00e1nce pro\u017eil na hostov\u00e1n\u00ed v Evertonu \u00fasp\u011b\u0161nou sez\u00f3nu. Za\u0159adil se mezi kl\u00ed\u010dov\u00e9 hr\u00e1\u010de a sv\u00fdmi v\u00fdkony si vydobyl n\u00e1vrat do francouzsk\u00e9ho n\u00e1rodn\u00edho t\u00fdmu. Z\u00e1jem Toffees o prodlou\u017een\u00ed spolupr\u00e1ce se p\u0159edpokl\u00e1dal.<\/p>\n<p>Chelsea nicm\u00e9n\u011b je\u0161t\u011b st\u00e1le nejmenovala n\u00e1hradu za Itala Sarriho, kter\u00fd ode\u0161el do Juventusu. Nov\u00fdm mana\u017eerem Blues se v\u0161ak s nejv\u011bt\u0161\u00ed pravd\u011bpodobnost\u00ed u\u017e v nejbli\u017e\u0161\u00edch dnech stane Frank Lampard, jen\u017e dostal od sv\u00e9ho dosavadn\u00ed zam\u011bstnavatele Derby County svolen\u00ed jednat o anga\u017em\u00e1 na Stamford Bridge.<\/p>\n<p>Fotbalov\u00fd \u0161\u00e9fredaktor BBC Phil McNulty uv\u00e1d\u00ed ve sv\u00e9m \u010dl\u00e1nku, \u017ee nov\u00fd mana\u017eer Chelsea bude muset schv\u00e1lit v\u0161echny odchody. Zouma ale \u00fadajn\u011b vyj\u00e1d\u0159il velkou touhu vr\u00e1tit se do Evertonu a Chelsea by za jeho prodej mohla po\u017eadovat \u010d\u00e1stku okolo 30 milion\u016f liber.<\/p>\n<p>Sportovn\u00ed \u0159editel Toffees Marcel Brands ur\u010dil n\u00e1kup Zoumy jako dal\u0161\u00ed prioritu prob\u00edhaj\u00edc\u00edho p\u0159estupov\u00e9ho obdob\u00ed pot\u00e9, co byl dokon\u010den p\u0159estup st\u0159edopola\u0159e Andr\u00e9ho Gomese z Barcelony za p\u0159\u00edznivou sumu ve v\u00fd\u0161i 22 milion\u016f liber.<\/p>\n<p>Chelsea m\u00e1 u\u017e n\u011bkolik t\u00fddn\u016f zak\u00e1zan\u00e9 na rok registrovat nov\u00e9 hr\u00e1\u010de, trest ji ud\u011blila Mezin\u00e1rodn\u00ed fotbalov\u00e1 federace FIFA za poru\u0161ov\u00e1n\u00ed pravidel o uzav\u00edr\u00e1n\u00ed smluv s mlad\u00fdmi hr\u00e1\u010di. A\u010d se lond\u00fdnsk\u00fd celek odvolal proti rozhodnut\u00ed k Arbitr\u00e1\u017en\u00edmu soudu pro sport, nep\u0159edpokl\u00e1d\u00e1 se, \u017ee rozsudek bude vynesen do konce prob\u00edhaj\u00edc\u00edho transferov\u00e9 obdob\u00ed. Kluby v Premier League mohou uzav\u00edrat p\u0159estupy pouze do 8. srpna.<\/p>\n<p>Everton v\u00a0sou\u010dasnosti disponuje t\u0159emi st\u0159edn\u00edmi obr\u00e1nci se zku\u0161enostmi se seniorsk\u00fdm fotbalem: Michaelem Keanem, Masonem Holgatem a Yerrym Minou. Mlad\u00edci Morgan Feeney a Lewis Gibson by m\u011bli zam\u00ed\u0159it na hostov\u00e1n\u00ed do ni\u017e\u0161\u00edch sout\u011b\u017e\u00ed.<\/p>\n<p>Podle BBC se Toffees rovn\u011b\u017e sna\u017e\u00ed prodat \u00fato\u010dn\u00edka Cenka Tosuna, kter\u00fd se od sv\u00e9ho p\u0159\u00edchodu z Besiktase v lednu 2018 za 27 milion\u016f liber zaost\u00e1v\u00e1 za o\u010dek\u00e1v\u00e1n\u00edm. <a href=\"https:\/\/www.instagram.com\/p\/BzNgePfHsjc\/\" target=\"_blank\" rel=\"noopener noreferrer\">Tureck\u00fd reprezentant ale vyhl\u00ed\u017e\u00ed novou sez\u00f3nu v barv\u00e1ch Evertonu.<\/a><\/p>\n","protected":false},"excerpt":{"rendered":"<p>Everton podle informac\u00ed britsk\u00e9 zpravodajsk\u00e9 stanice BBC usiluje o p\u0159estup stopera Kurta Zoumy, za n\u011bho\u017e pr\u00fd Chelsea m\u016f\u017ee \u017e\u00e1dat \u010d\u00e1stku okolo 30 milion\u016f liber.<\/p>\n","protected":false},"author":6,"featured_media":8232,"comment_status":"open","ping_status":"closed","sticky":false,"template":"","format":"standard","meta":{"_eb_attr":"","_monsterinsights_skip_tracking":false,"_monsterinsights_sitenote_active":false,"_monsterinsights_sitenote_note":"","_monsterinsights_sitenote_category":0,"footnotes":""},"categories":[42],"tags":[],"yoast_head":"<!-- This site is optimized with the Yoast SEO plugin v23.4 - https:\/\/yoast.com\/wordpress\/plugins\/seo\/ -->\n<title>BBC: Everton usiluje o Zoumu - Official Czech &amp; Slovak Everton Supporters&#039; Club<\/title>\n<meta name=\"robots\" content=\"index, follow, max-snippet:-1, max-image-preview:large, max-video-preview:-1\" \/>\n<link rel=\"canonical\" href=\"https:\/\/evertonfc.cz\/index.php\/2019\/06\/27\/bbc-everton-usiluje-o-zoumu\/\" \/>\n<meta property=\"og:locale\" content=\"cs_CZ\" \/>\n<meta property=\"og:type\" content=\"article\" \/>\n<meta property=\"og:title\" content=\"BBC: Everton usiluje o Zoumu - Official Czech &amp; Slovak Everton Supporters&#039; Club\" \/>\n<meta property=\"og:description\" content=\"Everton podle informac\u00ed britsk\u00e9 zpravodajsk\u00e9 stanice BBC usiluje o p\u0159estup stopera Kurta Zoumy, za n\u011bho\u017e pr\u00fd Chelsea m\u016f\u017ee \u017e\u00e1dat \u010d\u00e1stku okolo 30 milion\u016f liber.\" \/>\n<meta property=\"og:url\" content=\"https:\/\/evertonfc.cz\/index.php\/2019\/06\/27\/bbc-everton-usiluje-o-zoumu\/\" \/>\n<meta property=\"og:site_name\" content=\"Official Czech &amp; Slovak Everton Supporters&#039; Club\" \/>\n<meta property=\"article:publisher\" content=\"https:\/\/www.facebook.com\/everton.fans.cz.sk\" \/>\n<meta property=\"article:published_time\" content=\"2019-06-27T12:10:20+00:00\" \/>\n<meta property=\"article:modified_time\" content=\"2020-05-14T10:30:35+00:00\" \/>\n<meta property=\"og:image\" content=\"https:\/\/evertonfc.cz\/wp-content\/uploads\/2019\/06\/zouma_27_5_2019.jpg\" \/>\n\t<meta property=\"og:image:width\" content=\"720\" \/>\n\t<meta property=\"og:image:height\" content=\"405\" \/>\n\t<meta property=\"og:image:type\" content=\"image\/jpeg\" \/>\n<meta name=\"author\" content=\"Ri\u010di\" \/>\n<meta name=\"twitter:card\" content=\"summary_large_image\" \/>\n<meta name=\"twitter:creator\" content=\"@rbrejsa\" \/>\n<meta name=\"twitter:label1\" content=\"Napsal(a)\" \/>\n\t<meta name=\"twitter:data1\" content=\"Ri\u010di\" \/>\n\t<meta name=\"twitter:label2\" content=\"Odhadovan\u00e1 doba \u010dten\u00ed\" \/>\n\t<meta name=\"twitter:data2\" content=\"2 minuty\" \/>\n<script type=\"application\/ld+json\" class=\"yoast-schema-graph\">{\"@context\":\"https:\/\/schema.org\",\"@graph\":[{\"@type\":\"Article\",\"@id\":\"https:\/\/evertonfc.cz\/index.php\/2019\/06\/27\/bbc-everton-usiluje-o-zoumu\/#article\",\"isPartOf\":{\"@id\":\"https:\/\/evertonfc.cz\/index.php\/2019\/06\/27\/bbc-everton-usiluje-o-zoumu\/\"},\"author\":{\"name\":\"Ri\u010di\",\"@id\":\"https:\/\/evertonfc.cz\/#\/schema\/person\/f7a5daedb2ffee98480bc70e191aaef1\"},\"headline\":\"BBC: Everton usiluje o Zoumu\",\"datePublished\":\"2019-06-27T12:10:20+00:00\",\"dateModified\":\"2020-05-14T10:30:35+00:00\",\"mainEntityOfPage\":{\"@id\":\"https:\/\/evertonfc.cz\/index.php\/2019\/06\/27\/bbc-everton-usiluje-o-zoumu\/\"},\"wordCount\":407,\"commentCount\":8,\"publisher\":{\"@id\":\"https:\/\/evertonfc.cz\/#organization\"},\"image\":{\"@id\":\"https:\/\/evertonfc.cz\/index.php\/2019\/06\/27\/bbc-everton-usiluje-o-zoumu\/#primaryimage\"},\"thumbnailUrl\":\"https:\/\/evertonfc.cz\/wp-content\/uploads\/2019\/06\/zouma_27_5_2019.jpg\",\"articleSection\":[\"Aktuality\"],\"inLanguage\":\"cs\",\"potentialAction\":[{\"@type\":\"CommentAction\",\"name\":\"Comment\",\"target\":[\"https:\/\/evertonfc.cz\/index.php\/2019\/06\/27\/bbc-everton-usiluje-o-zoumu\/#respond\"]}]},{\"@type\":\"WebPage\",\"@id\":\"https:\/\/evertonfc.cz\/index.php\/2019\/06\/27\/bbc-everton-usiluje-o-zoumu\/\",\"url\":\"https:\/\/evertonfc.cz\/index.php\/2019\/06\/27\/bbc-everton-usiluje-o-zoumu\/\",\"name\":\"BBC: Everton usiluje o Zoumu - Official Czech &amp; Slovak Everton Supporters&#039; Club\",\"isPartOf\":{\"@id\":\"https:\/\/evertonfc.cz\/#website\"},\"primaryImageOfPage\":{\"@id\":\"https:\/\/evertonfc.cz\/index.php\/2019\/06\/27\/bbc-everton-usiluje-o-zoumu\/#primaryimage\"},\"image\":{\"@id\":\"https:\/\/evertonfc.cz\/index.php\/2019\/06\/27\/bbc-everton-usiluje-o-zoumu\/#primaryimage\"},\"thumbnailUrl\":\"https:\/\/evertonfc.cz\/wp-content\/uploads\/2019\/06\/zouma_27_5_2019.jpg\",\"datePublished\":\"2019-06-27T12:10:20+00:00\",\"dateModified\":\"2020-05-14T10:30:35+00:00\",\"breadcrumb\":{\"@id\":\"https:\/\/evertonfc.cz\/index.php\/2019\/06\/27\/bbc-everton-usiluje-o-zoumu\/#breadcrumb\"},\"inLanguage\":\"cs\",\"potentialAction\":[{\"@type\":\"ReadAction\",\"target\":[\"https:\/\/evertonfc.cz\/index.php\/2019\/06\/27\/bbc-everton-usiluje-o-zoumu\/\"]}]},{\"@type\":\"ImageObject\",\"inLanguage\":\"cs\",\"@id\":\"https:\/\/evertonfc.cz\/index.php\/2019\/06\/27\/bbc-everton-usiluje-o-zoumu\/#primaryimage\",\"url\":\"https:\/\/evertonfc.cz\/wp-content\/uploads\/2019\/06\/zouma_27_5_2019.jpg\",\"contentUrl\":\"https:\/\/evertonfc.cz\/wp-content\/uploads\/2019\/06\/zouma_27_5_2019.jpg\",\"width\":720,\"height\":405},{\"@type\":\"BreadcrumbList\",\"@id\":\"https:\/\/evertonfc.cz\/index.php\/2019\/06\/27\/bbc-everton-usiluje-o-zoumu\/#breadcrumb\",\"itemListElement\":[{\"@type\":\"ListItem\",\"position\":1,\"name\":\"Home\",\"item\":\"https:\/\/evertonfc.cz\/\"},{\"@type\":\"ListItem\",\"position\":2,\"name\":\"BBC: Everton usiluje o Zoumu\"}]},{\"@type\":\"WebSite\",\"@id\":\"https:\/\/evertonfc.cz\/#website\",\"url\":\"https:\/\/evertonfc.cz\/\",\"name\":\"Official Czech &amp; Slovak Everton Supporters&#039; Club\",\"description\":\"\",\"publisher\":{\"@id\":\"https:\/\/evertonfc.cz\/#organization\"},\"potentialAction\":[{\"@type\":\"SearchAction\",\"target\":{\"@type\":\"EntryPoint\",\"urlTemplate\":\"https:\/\/evertonfc.cz\/?s={search_term_string}\"},\"query-input\":{\"@type\":\"PropertyValueSpecification\",\"valueRequired\":true,\"valueName\":\"search_term_string\"}}],\"inLanguage\":\"cs\"},{\"@type\":\"Organization\",\"@id\":\"https:\/\/evertonfc.cz\/#organization\",\"name\":\"Official Czech & Slovak Everton Supporters' Club\",\"url\":\"https:\/\/evertonfc.cz\/\",\"logo\":{\"@type\":\"ImageObject\",\"inLanguage\":\"cs\",\"@id\":\"https:\/\/evertonfc.cz\/#\/schema\/logo\/image\/\",\"url\":\"https:\/\/evertonfc.cz\/wp-content\/uploads\/2019\/05\/logo.png\",\"contentUrl\":\"https:\/\/evertonfc.cz\/wp-content\/uploads\/2019\/05\/logo.png\",\"width\":112,\"height\":112,\"caption\":\"Official Czech & Slovak Everton Supporters' Club\"},\"image\":{\"@id\":\"https:\/\/evertonfc.cz\/#\/schema\/logo\/image\/\"},\"sameAs\":[\"https:\/\/www.facebook.com\/everton.fans.cz.sk\"]},{\"@type\":\"Person\",\"@id\":\"https:\/\/evertonfc.cz\/#\/schema\/person\/f7a5daedb2ffee98480bc70e191aaef1\",\"name\":\"Ri\u010di\",\"sameAs\":[\"https:\/\/x.com\/rbrejsa\"],\"url\":\"https:\/\/evertonfc.cz\/index.php\/author\/rici\/\"}]}<\/script>\n<!-- \/ Yoast SEO plugin. -->","yoast_head_json":{"title":"BBC: Everton usiluje o Zoumu - Official Czech &amp; Slovak Everton Supporters&#039; Club","robots":{"index":"index","follow":"follow","max-snippet":"max-snippet:-1","max-image-preview":"max-image-preview:large","max-video-preview":"max-video-preview:-1"},"canonical":"https:\/\/evertonfc.cz\/index.php\/2019\/06\/27\/bbc-everton-usiluje-o-zoumu\/","og_locale":"cs_CZ","og_type":"article","og_title":"BBC: Everton usiluje o Zoumu - Official Czech &amp; Slovak Everton Supporters&#039; Club","og_description":"Everton podle informac\u00ed britsk\u00e9 zpravodajsk\u00e9 stanice BBC usiluje o p\u0159estup stopera Kurta Zoumy, za n\u011bho\u017e pr\u00fd Chelsea m\u016f\u017ee \u017e\u00e1dat \u010d\u00e1stku okolo 30 milion\u016f liber.","og_url":"https:\/\/evertonfc.cz\/index.php\/2019\/06\/27\/bbc-everton-usiluje-o-zoumu\/","og_site_name":"Official Czech &amp; Slovak Everton Supporters&#039; Club","article_publisher":"https:\/\/www.facebook.com\/everton.fans.cz.sk","article_published_time":"2019-06-27T12:10:20+00:00","article_modified_time":"2020-05-14T10:30:35+00:00","og_image":[{"width":720,"height":405,"url":"https:\/\/evertonfc.cz\/wp-content\/uploads\/2019\/06\/zouma_27_5_2019.jpg","type":"image\/jpeg"}],"author":"Ri\u010di","twitter_card":"summary_large_image","twitter_creator":"@rbrejsa","twitter_misc":{"Napsal(a)":"Ri\u010di","Odhadovan\u00e1 doba \u010dten\u00ed":"2 minuty"},"schema":{"@context":"https:\/\/schema.org","@graph":[{"@type":"Article","@id":"https:\/\/evertonfc.cz\/index.php\/2019\/06\/27\/bbc-everton-usiluje-o-zoumu\/#article","isPartOf":{"@id":"https:\/\/evertonfc.cz\/index.php\/2019\/06\/27\/bbc-everton-usiluje-o-zoumu\/"},"author":{"name":"Ri\u010di","@id":"https:\/\/evertonfc.cz\/#\/schema\/person\/f7a5daedb2ffee98480bc70e191aaef1"},"headline":"BBC: Everton usiluje o Zoumu","datePublished":"2019-06-27T12:10:20+00:00","dateModified":"2020-05-14T10:30:35+00:00","mainEntityOfPage":{"@id":"https:\/\/evertonfc.cz\/index.php\/2019\/06\/27\/bbc-everton-usiluje-o-zoumu\/"},"wordCount":407,"commentCount":8,"publisher":{"@id":"https:\/\/evertonfc.cz\/#organization"},"image":{"@id":"https:\/\/evertonfc.cz\/index.php\/2019\/06\/27\/bbc-everton-usiluje-o-zoumu\/#primaryimage"},"thumbnailUrl":"https:\/\/evertonfc.cz\/wp-content\/uploads\/2019\/06\/zouma_27_5_2019.jpg","articleSection":["Aktuality"],"inLanguage":"cs","potentialAction":[{"@type":"CommentAction","name":"Comment","target":["https:\/\/evertonfc.cz\/index.php\/2019\/06\/27\/bbc-everton-usiluje-o-zoumu\/#respond"]}]},{"@type":"WebPage","@id":"https:\/\/evertonfc.cz\/index.php\/2019\/06\/27\/bbc-everton-usiluje-o-zoumu\/","url":"https:\/\/evertonfc.cz\/index.php\/2019\/06\/27\/bbc-everton-usiluje-o-zoumu\/","name":"BBC: Everton usiluje o Zoumu - Official Czech &amp; Slovak Everton Supporters&#039; Club","isPartOf":{"@id":"https:\/\/evertonfc.cz\/#website"},"primaryImageOfPage":{"@id":"https:\/\/evertonfc.cz\/index.php\/2019\/06\/27\/bbc-everton-usiluje-o-zoumu\/#primaryimage"},"image":{"@id":"https:\/\/evertonfc.cz\/index.php\/2019\/06\/27\/bbc-everton-usiluje-o-zoumu\/#primaryimage"},"thumbnailUrl":"https:\/\/evertonfc.cz\/wp-content\/uploads\/2019\/06\/zouma_27_5_2019.jpg","datePublished":"2019-06-27T12:10:20+00:00","dateModified":"2020-05-14T10:30:35+00:00","breadcrumb":{"@id":"https:\/\/evertonfc.cz\/index.php\/2019\/06\/27\/bbc-everton-usiluje-o-zoumu\/#breadcrumb"},"inLanguage":"cs","potentialAction":[{"@type":"ReadAction","target":["https:\/\/evertonfc.cz\/index.php\/2019\/06\/27\/bbc-everton-usiluje-o-zoumu\/"]}]},{"@type":"ImageObject","inLanguage":"cs","@id":"https:\/\/evertonfc.cz\/index.php\/2019\/06\/27\/bbc-everton-usiluje-o-zoumu\/#primaryimage","url":"https:\/\/evertonfc.cz\/wp-content\/uploads\/2019\/06\/zouma_27_5_2019.jpg","contentUrl":"https:\/\/evertonfc.cz\/wp-content\/uploads\/2019\/06\/zouma_27_5_2019.jpg","width":720,"height":405},{"@type":"BreadcrumbList","@id":"https:\/\/evertonfc.cz\/index.php\/2019\/06\/27\/bbc-everton-usiluje-o-zoumu\/#breadcrumb","itemListElement":[{"@type":"ListItem","position":1,"name":"Home","item":"https:\/\/evertonfc.cz\/"},{"@type":"ListItem","position":2,"name":"BBC: Everton usiluje o Zoumu"}]},{"@type":"WebSite","@id":"https:\/\/evertonfc.cz\/#website","url":"https:\/\/evertonfc.cz\/","name":"Official Czech &amp; Slovak Everton Supporters&#039; Club","description":"","publisher":{"@id":"https:\/\/evertonfc.cz\/#organization"},"potentialAction":[{"@type":"SearchAction","target":{"@type":"EntryPoint","urlTemplate":"https:\/\/evertonfc.cz\/?s={search_term_string}"},"query-input":{"@type":"PropertyValueSpecification","valueRequired":true,"valueName":"search_term_string"}}],"inLanguage":"cs"},{"@type":"Organization","@id":"https:\/\/evertonfc.cz\/#organization","name":"Official Czech & Slovak Everton Supporters' Club","url":"https:\/\/evertonfc.cz\/","logo":{"@type":"ImageObject","inLanguage":"cs","@id":"https:\/\/evertonfc.cz\/#\/schema\/logo\/image\/","url":"https:\/\/evertonfc.cz\/wp-content\/uploads\/2019\/05\/logo.png","contentUrl":"https:\/\/evertonfc.cz\/wp-content\/uploads\/2019\/05\/logo.png","width":112,"height":112,"caption":"Official Czech & Slovak Everton Supporters' Club"},"image":{"@id":"https:\/\/evertonfc.cz\/#\/schema\/logo\/image\/"},"sameAs":["https:\/\/www.facebook.com\/everton.fans.cz.sk"]},{"@type":"Person","@id":"https:\/\/evertonfc.cz\/#\/schema\/person\/f7a5daedb2ffee98480bc70e191aaef1","name":"Ri\u010di","sameAs":["https:\/\/x.com\/rbrejsa"],"url":"https:\/\/evertonfc.cz\/index.php\/author\/rici\/"}]}},"_links":{"self":[{"href":"https:\/\/evertonfc.cz\/index.php\/wp-json\/wp\/v2\/posts\/8233"}],"collection":[{"href":"https:\/\/evertonfc.cz\/index.php\/wp-json\/wp\/v2\/posts"}],"about":[{"href":"https:\/\/evertonfc.cz\/index.php\/wp-json\/wp\/v2\/types\/post"}],"author":[{"embeddable":true,"href":"https:\/\/evertonfc.cz\/index.php\/wp-json\/wp\/v2\/users\/6"}],"replies":[{"embeddable":true,"href":"https:\/\/evertonfc.cz\/index.php\/wp-json\/wp\/v2\/comments?post=8233"}],"version-history":[{"count":17,"href":"https:\/\/evertonfc.cz\/index.php\/wp-json\/wp\/v2\/posts\/8233\/revisions"}],"predecessor-version":[{"id":8250,"href":"https:\/\/evertonfc.cz\/index.php\/wp-json\/wp\/v2\/posts\/8233\/revisions\/8250"}],"wp:featuredmedia":[{"embeddable":true,"href":"https:\/\/evertonfc.cz\/index.php\/wp-json\/wp\/v2\/media\/8232"}],"wp:attachment":[{"href":"https:\/\/evertonfc.cz\/index.php\/wp-json\/wp\/v2\/media?parent=8233"}],"wp:term":[{"taxonomy":"category","embeddable":true,"href":"https:\/\/evertonfc.cz\/index.php\/wp-json\/wp\/v2\/categories?post=8233"},{"taxonomy":"post_tag","embeddable":true,"href":"https:\/\/evertonfc.cz\/index.php\/wp-json\/wp\/v2\/tags?post=8233"}],"curies":[{"name":"wp","href":"https:\/\/api.w.org\/{rel}","templated":true}]}}