{"id":8256,"date":"2019-06-30T20:38:50","date_gmt":"2019-06-30T18:38:50","guid":{"rendered":"https:\/\/evertonfc.cz\/?p=8256"},"modified":"2020-03-25T19:55:50","modified_gmt":"2020-03-25T18:55:50","slug":"silva-o-vlastnej-taktike","status":"publish","type":"post","link":"https:\/\/evertonfc.cz\/index.php\/2019\/06\/30\/silva-o-vlastnej-taktike\/","title":{"rendered":"Silva o vlastnej taktike"},"content":{"rendered":"<h4>N\u00e1\u0161 portugalsk\u00fd mana\u017e\u00e9r ned\u00e1vno poskytol rozhovor pre Sport TV v\u00a0jeho domovine. V\u00a0\u0148om okrem in\u00e9ho prezradil, ak\u00e9 princ\u00edpy mu pomohli z\u00edska\u0165 pr\u00e1cu v\u00a0Evertone.<\/h4>\n<p>Marcova kari\u00e9ra na ostrovoch za\u010dala ve\u013ekou v\u00fdzvou v\u00a0podobe Tigrov na dne tabu\u013eky. Nikto neveril, \u017ee by sa pomerne nezn\u00e1memu zahrani\u010dn\u00e9mu mana\u017e\u00e9rovi podarilo zachr\u00e1ni\u0165 v\u00a0lige jeden z\u00a0najslab\u0161\u00edch celkov. A\u00a0nikto sa ani nem\u00fdlil. Hull City naozaj zost\u00fapilo, no cestou ni\u017e\u0161ie sa poriadne bilo a\u00a0ostalo tak vern\u00e9 svojej prez\u00fdvke.<\/p>\n<p><em>\u201eV Hulle sme mali \u0161tyri mesiace na to, aby sme nejak\u00fdm sp\u00f4sobom zap\u00f4sobili. To sa d\u00e1 dosiahnu\u0165 jedine v\u00fdsledkami. Prirodzene, \u017ee som vedel pri podpise o\u00a0probl\u00e9moch, ktor\u00e9 klub m\u00e1. Ale ke\u010f na druh\u00fd de\u0148 v\u00a0pr\u00e1ci za vami pr\u00eddu dvaja najlep\u0161\u00ed hr\u00e1\u010di v\u00a0klube, a\u00a0hovoria v\u00e1m, \u017ee chc\u00fa od\u00eds\u0165, mus\u00edte sa na trhu okam\u017eite za\u010da\u0165 rozhodova\u0165. A\u00a0to aj po\u010das plynutia z\u00e1pasov, ktor\u00e9 id\u00fa za sebou ka\u017ed\u00e9 dva alebo tri dni.\u201c<\/em><\/p>\n<p>Nest\u00e1va sa \u010dasto, aby sa kluby obracali v\u00a0polovici sez\u00f3ny na mana\u017e\u00e9rov bez sk\u00fasenost\u00ed z\u00a0anglick\u00e9ho prostredia, s\u00a0\u00falohou takmer nemo\u017enej z\u00e1chrany. Na tak\u00e9to pr\u00e1ce s\u00fa zv\u00e4\u010d\u0161a povol\u00e1van\u00ed dom\u00e1ci vysl\u00fa\u017eil\u00ed matadory. O\u00a0jednom, ned\u00e1vno p\u00f4sobiacom na Merseyside, by vedeli rozpr\u00e1va\u0165 aj na\u0161i fan\u00fa\u0161ikovia. Doba temna, vrav\u00ed sa.<\/p>\n<p><em>\u201eMohol som pr\u00eds\u0165 do klubu, hlboko br\u00e1ni\u0165 s\u00a0desiatimi ka\u017ed\u00fd z\u00e1pas. Ale to je nie\u010do, \u010do odmietam robi\u0165. Hoci mo\u017eno by sa mi po\u0161\u0165astilo. Av\u0161ak, ak by to aj viedlo k\u00a0z\u00e1chrane klubu v\u00a0lige, trh by pre m\u0148a ako mana\u017e\u00e9ra nebol v\u00f4bec rovnak\u00fd. A\u00a0to ist\u00e9 plat\u00ed aj o\u00a0hr\u00e1\u010doch. T\u00ed by sa nerozvinuli, tak ako sa im to podarilo a nedostalo by sa im tak\u00fdch prestupov. Samozrejme, \u017ee nem\u00f4\u017eete hra\u0165 proti City a\u00a0neprist\u00fapi\u0165 k\u00a0tomu z\u00e1pasu realisticky z\u00a0taktick\u00e9ho h\u013eadiska. No taktie\u017e nikdy nesmiete zradi\u0165 svoju identitu ako mana\u017e\u00e9r, a\u00a0princ\u00edpy, ktor\u00e9 ste si zidealizovali v\u00a0tr\u00e9ningoch.\u201c<\/em><\/p>\n<p>Marco svoj\u00edm z\u00e1sad\u00e1m naozaj ost\u00e1va vern\u00fd. Na KC Stadium ho nezlomili ani spom\u00ednan\u00e9 odchody Snodgrassa do West Hamu United, ani Jakea Livermorea do West Bromwichu Albion. A\u00a0hr\u00e1\u010di, ktor\u00ed z\u00a0toho profitovali? Zmie\u0148oval sa o\u00a0Harrym Maguireovi a\u00a0Andym Robertsonovi. Dvojica ostrovanov, za ktor\u00fdch by sa moment\u00e1lne v\u00a0k\u013eude vyp\u00fdtalo i 200 mili\u00f3nov libier.<\/p>\n<p>Ot\u00e1zka znie, ko\u013eko hr\u00e1\u010dov bude z\u00a0jeho presved\u010denia profitova\u0165 u\u00a0n\u00e1s? Komu sadne jeho preferovan\u00e1 form\u00e1cia 4-2-3-1 a\u00a0kto sa vyprofiluje na \u010fal\u0161ieho \u0165ah\u00fa\u0148a t\u00edmu? Prisp\u00f4sob\u00ed sa niekto jeho \u0161pecifick\u00fdm po\u017eiadavk\u00e1m, alebo bud\u00fa musie\u0165 pr\u00eds\u0165 nov\u00ed hr\u00e1\u010di pod\u013ea jeho chuti? To v\u0161etko sa naplno uvid\u00ed v\u00a0jeho druhej sez\u00f3ne.<\/p>\n<p><em>\u201eMoje n\u00e1pady a\u00a0pr\u00edstupy ostali preva\u017ene rovnak\u00e9. Ke\u010f sa pozriete na moju form\u00e1ciu 4-3-2-1 a\u00a0v\u00a0nej rolu \u010d\u00edsla desa\u0165, vid\u00edte tam Evandra v\u00a0Estorile, potom Jo\u00e3a Maria v\u00a0Sportingu a\u00a0Fortounisa v\u00a0Olympiakose. Ka\u017ed\u00fd z\u00a0nich mal vtedy svoju najlep\u0161iu sez\u00f3nu a\u00a0za\u010dal sk\u00f3rova\u0165 ako nikdy predt\u00fdm. A\u00a0to ist\u00e9 sa teraz deje so Sigurdssonom, ktor\u00fd pr\u00e1ve pre\u017eil svoju najplodnej\u0161iu sez\u00f3nu\u00a0Premier League.\u201c<\/em><\/p>\n<p>\u010c\u00edsla nepustia. Jednoduch\u00e1 a\u00a0exaktn\u00e1 veda. Gylfi patril v\u00a0t\u00edme k\u00a0najlep\u0161\u00edm. V\u00a0sk\u00f3rovan\u00ed, v\u00a0asistenci\u00e1ch, v\u00a0strie\u013ean\u00ed na br\u00e1nku \u010di vo vytv\u00e1ran\u00ed \u0161anc\u00ed. Dok\u00e1\u017ee ho niekto emulova\u0165? Pr\u00edpadne nahradi\u0165 a\u00a0poskytn\u00fa\u0165 tak Silvovi \u010fal\u0161iu alternat\u00edvu? Profitoval by z\u00a0toho len a\u00a0len Everton.<\/p>\n<p><em>\u201eNa hranie tohto syst\u00e9mu potrebujete niekoho so \u0161pecifick\u00fdmi schopnos\u0165ami na poz\u00edcii ofenz\u00edvneho z\u00e1lo\u017en\u00edka. Pritom syst\u00e9m samotn\u00fd nie je rigidn\u00fd. V\u00a0minulosti som k\u00a0z\u00e1pasom pristupoval aj vo form\u00e1ci\u00e1ch s\u00a0tromi obrancami a\u00a0fungovalo to, ak som mal k\u00a0dispoz\u00edcii krajn\u00fdch ofenz\u00edvnych obrancov so spr\u00e1vnym profilom a\u00a0dostato\u010dne dobr\u00fdch stop\u00e9rov na to. Je to syst\u00e9m, ktor\u00fd si s\u00edce vy\u017eaduje ve\u013ea pr\u00edpravy, ale p\u00e1\u010di sa mi, ko\u013eko \u00fato\u010dnej vo\u013enosti poskytuje a\u00a0ko\u013eko hr\u00e1\u010dov v\u00e1m umo\u017en\u00ed ma\u0165 medzi l\u00edniami.\u201c<\/em><\/p>\n<p>Princ\u00edp v\u00a0hre medzi l\u00edniami spo\u010d\u00edva v\u00a0tom, \u017ee hr\u00e1\u010d, nach\u00e1dzaj\u00faci sa v\u00a0tejto poz\u00edcii, nie je nik\u00fdm br\u00e1nen\u00fd. S\u00faper teda za \u00fa\u010delom zmeni\u0165 tento stav mus\u00ed poru\u0161i\u0165 svoje rozostavenie a\u00a0necha\u0165 tak medzeru vo svojej l\u00ednii, ktor\u00fa sa n\u00e1sledne sna\u017e\u00ed vyu\u017ei\u0165 \u00fato\u010diaci t\u00edm vo svoj prospech.<\/p>\n<p><em>\u201ePreferujem pou\u017e\u00edva\u0165 dva typy kr\u00eddeln\u00edkov. Jedn\u00e9ho viac vertik\u00e1lneho, ktor\u00fd sa r\u00e1d pohybuje bl\u00edzko pokutov\u00e9ho \u00fazemia, a\u00a0druh\u00e9ho na opa\u010dnej strane, ktor\u00fd dok\u00e1\u017ee obsadi\u0165 viac stred po\u013ea, bli\u017e\u0161ie k\u00a0\u010d\u00edslu desa\u0165 a\u00a0vyu\u017e\u00edva\u0165 tak pr\u00e1ve tie priestory medzi l\u00edniami \u010dastej\u0161ie. Ofenz\u00edvni krajn\u00ed obrancovia potom zabezpe\u010duj\u00fa dostato\u010dn\u00e9 roztiahnutie hry. Po\u010das rozohr\u00e1vky r\u00e1d vs\u00e1dzam na vytv\u00e1ranie \u0161tvorca medzi stredn\u00fdmi z\u00e1lo\u017en\u00edkmi a\u00a0stop\u00e9rmi. Potom, pod\u013ea strat\u00e9gie a\u00a0konkr\u00e9tneho z\u00e1pasu m\u00f4\u017eem meni\u0165 ist\u00e9 veci.\u201c<\/em><\/p>\n<p>Tento popis presne sed\u00ed na Richarlisona a\u00a0Bernarda, dve ve\u013emi \u00faspe\u0161n\u00e9 posily minul\u00e9ho leta, ktor\u00e9 sa vynikaj\u00faco adaptovali a\u00a0zapasovali do stroja, ktor\u00fd na jar \u017eal \u00faspechy. Ur\u010dite treba spomen\u00fa\u0165 aj Digneho. Franc\u00fazsky obranca sa rovnako na\u0161iel a\u00a0to ist\u00e9 plat\u00ed o\u00a0mnoh\u00fdch \u010fal\u0161\u00edch hr\u00e1\u010doch. Nu\u017e, dok\u00e1\u017ee Silva dosta\u0165 z\u00a0aktu\u00e1lneho k\u00e1dra viac? Preuk\u00e1\u017ee schopnos\u0165 sa vyn\u00e1js\u0165 a\u00a0inovova\u0165 vlastn\u00e9 techniky, ktor\u00e9 by\u00a0prelomili nevidite\u013en\u00fd strop, za ktor\u00fdm sa uzurpuje najlep\u0161\u00edch \u0161es\u0165 t\u00edmov? Do diskusie priatelia&#8230;<\/p>\n<p style=\"text-align: right;\">(foto zdroj: evetonfc.com)<\/p>\n","protected":false},"excerpt":{"rendered":"<p>N\u00e1\u0161 portugalsk\u00fd mana\u017e\u00e9r ned\u00e1vno poskytol rozhovor pre Sport TV v jeho domovine. V \u0148om okrem in\u00e9ho prezradil, ak\u00e9 princ\u00edpy mu pomohli z\u00edska\u0165 pr\u00e1cu v Evertone.<\/p>\n","protected":false},"author":1,"featured_media":8255,"comment_status":"open","ping_status":"closed","sticky":false,"template":"","format":"standard","meta":{"_eb_attr":"","_monsterinsights_skip_tracking":false,"_monsterinsights_sitenote_active":false,"_monsterinsights_sitenote_note":"","_monsterinsights_sitenote_category":0,"footnotes":""},"categories":[1],"tags":[],"yoast_head":"<!-- This site is optimized with the Yoast SEO plugin v23.4 - https:\/\/yoast.com\/wordpress\/plugins\/seo\/ -->\n<title>Silva o vlastnej taktike - Official Czech &amp; Slovak Everton Supporters&#039; Club<\/title>\n<meta name=\"robots\" content=\"index, follow, max-snippet:-1, max-image-preview:large, max-video-preview:-1\" \/>\n<link rel=\"canonical\" href=\"https:\/\/evertonfc.cz\/index.php\/2019\/06\/30\/silva-o-vlastnej-taktike\/\" \/>\n<meta property=\"og:locale\" content=\"cs_CZ\" \/>\n<meta property=\"og:type\" content=\"article\" \/>\n<meta property=\"og:title\" content=\"Silva o vlastnej taktike - Official Czech &amp; Slovak Everton Supporters&#039; Club\" \/>\n<meta property=\"og:description\" content=\"N\u00e1\u0161 portugalsk\u00fd mana\u017e\u00e9r ned\u00e1vno poskytol rozhovor pre Sport TV v jeho domovine. V \u0148om okrem in\u00e9ho prezradil, ak\u00e9 princ\u00edpy mu pomohli z\u00edska\u0165 pr\u00e1cu v Evertone.\" \/>\n<meta property=\"og:url\" content=\"https:\/\/evertonfc.cz\/index.php\/2019\/06\/30\/silva-o-vlastnej-taktike\/\" \/>\n<meta property=\"og:site_name\" content=\"Official Czech &amp; Slovak Everton Supporters&#039; Club\" \/>\n<meta property=\"article:publisher\" content=\"https:\/\/www.facebook.com\/everton.fans.cz.sk\" \/>\n<meta property=\"article:published_time\" content=\"2019-06-30T18:38:50+00:00\" \/>\n<meta property=\"article:modified_time\" content=\"2020-03-25T18:55:50+00:00\" \/>\n<meta property=\"og:image\" content=\"https:\/\/evertonfc.cz\/wp-content\/uploads\/2019\/06\/Marco-Silva-30-6-2019.jpg\" \/>\n\t<meta property=\"og:image:width\" content=\"720\" \/>\n\t<meta property=\"og:image:height\" content=\"405\" \/>\n\t<meta property=\"og:image:type\" content=\"image\/jpeg\" \/>\n<meta name=\"author\" content=\"BlueBlooded\" \/>\n<meta name=\"twitter:card\" content=\"summary_large_image\" \/>\n<meta name=\"twitter:label1\" content=\"Napsal(a)\" \/>\n\t<meta name=\"twitter:data1\" content=\"BlueBlooded\" \/>\n\t<meta name=\"twitter:label2\" content=\"Odhadovan\u00e1 doba \u010dten\u00ed\" \/>\n\t<meta name=\"twitter:data2\" content=\"5 minut\" \/>\n<script type=\"application\/ld+json\" class=\"yoast-schema-graph\">{\"@context\":\"https:\/\/schema.org\",\"@graph\":[{\"@type\":\"Article\",\"@id\":\"https:\/\/evertonfc.cz\/index.php\/2019\/06\/30\/silva-o-vlastnej-taktike\/#article\",\"isPartOf\":{\"@id\":\"https:\/\/evertonfc.cz\/index.php\/2019\/06\/30\/silva-o-vlastnej-taktike\/\"},\"author\":{\"name\":\"BlueBlooded\",\"@id\":\"https:\/\/evertonfc.cz\/#\/schema\/person\/d4493b8cbea51532597fbc4685698916\"},\"headline\":\"Silva o vlastnej taktike\",\"datePublished\":\"2019-06-30T18:38:50+00:00\",\"dateModified\":\"2020-03-25T18:55:50+00:00\",\"mainEntityOfPage\":{\"@id\":\"https:\/\/evertonfc.cz\/index.php\/2019\/06\/30\/silva-o-vlastnej-taktike\/\"},\"wordCount\":1022,\"commentCount\":1,\"publisher\":{\"@id\":\"https:\/\/evertonfc.cz\/#organization\"},\"image\":{\"@id\":\"https:\/\/evertonfc.cz\/index.php\/2019\/06\/30\/silva-o-vlastnej-taktike\/#primaryimage\"},\"thumbnailUrl\":\"https:\/\/evertonfc.cz\/wp-content\/uploads\/2019\/06\/Marco-Silva-30-6-2019.jpg\",\"articleSection\":[\"Rozhovory\"],\"inLanguage\":\"cs\",\"potentialAction\":[{\"@type\":\"CommentAction\",\"name\":\"Comment\",\"target\":[\"https:\/\/evertonfc.cz\/index.php\/2019\/06\/30\/silva-o-vlastnej-taktike\/#respond\"]}]},{\"@type\":\"WebPage\",\"@id\":\"https:\/\/evertonfc.cz\/index.php\/2019\/06\/30\/silva-o-vlastnej-taktike\/\",\"url\":\"https:\/\/evertonfc.cz\/index.php\/2019\/06\/30\/silva-o-vlastnej-taktike\/\",\"name\":\"Silva o vlastnej taktike - Official Czech &amp; Slovak Everton Supporters&#039; Club\",\"isPartOf\":{\"@id\":\"https:\/\/evertonfc.cz\/#website\"},\"primaryImageOfPage\":{\"@id\":\"https:\/\/evertonfc.cz\/index.php\/2019\/06\/30\/silva-o-vlastnej-taktike\/#primaryimage\"},\"image\":{\"@id\":\"https:\/\/evertonfc.cz\/index.php\/2019\/06\/30\/silva-o-vlastnej-taktike\/#primaryimage\"},\"thumbnailUrl\":\"https:\/\/evertonfc.cz\/wp-content\/uploads\/2019\/06\/Marco-Silva-30-6-2019.jpg\",\"datePublished\":\"2019-06-30T18:38:50+00:00\",\"dateModified\":\"2020-03-25T18:55:50+00:00\",\"breadcrumb\":{\"@id\":\"https:\/\/evertonfc.cz\/index.php\/2019\/06\/30\/silva-o-vlastnej-taktike\/#breadcrumb\"},\"inLanguage\":\"cs\",\"potentialAction\":[{\"@type\":\"ReadAction\",\"target\":[\"https:\/\/evertonfc.cz\/index.php\/2019\/06\/30\/silva-o-vlastnej-taktike\/\"]}]},{\"@type\":\"ImageObject\",\"inLanguage\":\"cs\",\"@id\":\"https:\/\/evertonfc.cz\/index.php\/2019\/06\/30\/silva-o-vlastnej-taktike\/#primaryimage\",\"url\":\"https:\/\/evertonfc.cz\/wp-content\/uploads\/2019\/06\/Marco-Silva-30-6-2019.jpg\",\"contentUrl\":\"https:\/\/evertonfc.cz\/wp-content\/uploads\/2019\/06\/Marco-Silva-30-6-2019.jpg\",\"width\":720,\"height\":405},{\"@type\":\"BreadcrumbList\",\"@id\":\"https:\/\/evertonfc.cz\/index.php\/2019\/06\/30\/silva-o-vlastnej-taktike\/#breadcrumb\",\"itemListElement\":[{\"@type\":\"ListItem\",\"position\":1,\"name\":\"Home\",\"item\":\"https:\/\/evertonfc.cz\/\"},{\"@type\":\"ListItem\",\"position\":2,\"name\":\"Silva o vlastnej taktike\"}]},{\"@type\":\"WebSite\",\"@id\":\"https:\/\/evertonfc.cz\/#website\",\"url\":\"https:\/\/evertonfc.cz\/\",\"name\":\"Official Czech &amp; Slovak Everton Supporters&#039; Club\",\"description\":\"\",\"publisher\":{\"@id\":\"https:\/\/evertonfc.cz\/#organization\"},\"potentialAction\":[{\"@type\":\"SearchAction\",\"target\":{\"@type\":\"EntryPoint\",\"urlTemplate\":\"https:\/\/evertonfc.cz\/?s={search_term_string}\"},\"query-input\":{\"@type\":\"PropertyValueSpecification\",\"valueRequired\":true,\"valueName\":\"search_term_string\"}}],\"inLanguage\":\"cs\"},{\"@type\":\"Organization\",\"@id\":\"https:\/\/evertonfc.cz\/#organization\",\"name\":\"Official Czech & Slovak Everton Supporters' Club\",\"url\":\"https:\/\/evertonfc.cz\/\",\"logo\":{\"@type\":\"ImageObject\",\"inLanguage\":\"cs\",\"@id\":\"https:\/\/evertonfc.cz\/#\/schema\/logo\/image\/\",\"url\":\"https:\/\/evertonfc.cz\/wp-content\/uploads\/2019\/05\/logo.png\",\"contentUrl\":\"https:\/\/evertonfc.cz\/wp-content\/uploads\/2019\/05\/logo.png\",\"width\":112,\"height\":112,\"caption\":\"Official Czech & Slovak Everton Supporters' Club\"},\"image\":{\"@id\":\"https:\/\/evertonfc.cz\/#\/schema\/logo\/image\/\"},\"sameAs\":[\"https:\/\/www.facebook.com\/everton.fans.cz.sk\"]},{\"@type\":\"Person\",\"@id\":\"https:\/\/evertonfc.cz\/#\/schema\/person\/d4493b8cbea51532597fbc4685698916\",\"name\":\"BlueBlooded\",\"url\":\"https:\/\/evertonfc.cz\/index.php\/author\/admin\/\"}]}<\/script>\n<!-- \/ Yoast SEO plugin. -->","yoast_head_json":{"title":"Silva o vlastnej taktike - Official Czech &amp; Slovak Everton Supporters&#039; Club","robots":{"index":"index","follow":"follow","max-snippet":"max-snippet:-1","max-image-preview":"max-image-preview:large","max-video-preview":"max-video-preview:-1"},"canonical":"https:\/\/evertonfc.cz\/index.php\/2019\/06\/30\/silva-o-vlastnej-taktike\/","og_locale":"cs_CZ","og_type":"article","og_title":"Silva o vlastnej taktike - Official Czech &amp; Slovak Everton Supporters&#039; Club","og_description":"N\u00e1\u0161 portugalsk\u00fd mana\u017e\u00e9r ned\u00e1vno poskytol rozhovor pre Sport TV v jeho domovine. V \u0148om okrem in\u00e9ho prezradil, ak\u00e9 princ\u00edpy mu pomohli z\u00edska\u0165 pr\u00e1cu v Evertone.","og_url":"https:\/\/evertonfc.cz\/index.php\/2019\/06\/30\/silva-o-vlastnej-taktike\/","og_site_name":"Official Czech &amp; Slovak Everton Supporters&#039; Club","article_publisher":"https:\/\/www.facebook.com\/everton.fans.cz.sk","article_published_time":"2019-06-30T18:38:50+00:00","article_modified_time":"2020-03-25T18:55:50+00:00","og_image":[{"width":720,"height":405,"url":"https:\/\/evertonfc.cz\/wp-content\/uploads\/2019\/06\/Marco-Silva-30-6-2019.jpg","type":"image\/jpeg"}],"author":"BlueBlooded","twitter_card":"summary_large_image","twitter_misc":{"Napsal(a)":"BlueBlooded","Odhadovan\u00e1 doba \u010dten\u00ed":"5 minut"},"schema":{"@context":"https:\/\/schema.org","@graph":[{"@type":"Article","@id":"https:\/\/evertonfc.cz\/index.php\/2019\/06\/30\/silva-o-vlastnej-taktike\/#article","isPartOf":{"@id":"https:\/\/evertonfc.cz\/index.php\/2019\/06\/30\/silva-o-vlastnej-taktike\/"},"author":{"name":"BlueBlooded","@id":"https:\/\/evertonfc.cz\/#\/schema\/person\/d4493b8cbea51532597fbc4685698916"},"headline":"Silva o vlastnej taktike","datePublished":"2019-06-30T18:38:50+00:00","dateModified":"2020-03-25T18:55:50+00:00","mainEntityOfPage":{"@id":"https:\/\/evertonfc.cz\/index.php\/2019\/06\/30\/silva-o-vlastnej-taktike\/"},"wordCount":1022,"commentCount":1,"publisher":{"@id":"https:\/\/evertonfc.cz\/#organization"},"image":{"@id":"https:\/\/evertonfc.cz\/index.php\/2019\/06\/30\/silva-o-vlastnej-taktike\/#primaryimage"},"thumbnailUrl":"https:\/\/evertonfc.cz\/wp-content\/uploads\/2019\/06\/Marco-Silva-30-6-2019.jpg","articleSection":["Rozhovory"],"inLanguage":"cs","potentialAction":[{"@type":"CommentAction","name":"Comment","target":["https:\/\/evertonfc.cz\/index.php\/2019\/06\/30\/silva-o-vlastnej-taktike\/#respond"]}]},{"@type":"WebPage","@id":"https:\/\/evertonfc.cz\/index.php\/2019\/06\/30\/silva-o-vlastnej-taktike\/","url":"https:\/\/evertonfc.cz\/index.php\/2019\/06\/30\/silva-o-vlastnej-taktike\/","name":"Silva o vlastnej taktike - Official Czech &amp; Slovak Everton Supporters&#039; Club","isPartOf":{"@id":"https:\/\/evertonfc.cz\/#website"},"primaryImageOfPage":{"@id":"https:\/\/evertonfc.cz\/index.php\/2019\/06\/30\/silva-o-vlastnej-taktike\/#primaryimage"},"image":{"@id":"https:\/\/evertonfc.cz\/index.php\/2019\/06\/30\/silva-o-vlastnej-taktike\/#primaryimage"},"thumbnailUrl":"https:\/\/evertonfc.cz\/wp-content\/uploads\/2019\/06\/Marco-Silva-30-6-2019.jpg","datePublished":"2019-06-30T18:38:50+00:00","dateModified":"2020-03-25T18:55:50+00:00","breadcrumb":{"@id":"https:\/\/evertonfc.cz\/index.php\/2019\/06\/30\/silva-o-vlastnej-taktike\/#breadcrumb"},"inLanguage":"cs","potentialAction":[{"@type":"ReadAction","target":["https:\/\/evertonfc.cz\/index.php\/2019\/06\/30\/silva-o-vlastnej-taktike\/"]}]},{"@type":"ImageObject","inLanguage":"cs","@id":"https:\/\/evertonfc.cz\/index.php\/2019\/06\/30\/silva-o-vlastnej-taktike\/#primaryimage","url":"https:\/\/evertonfc.cz\/wp-content\/uploads\/2019\/06\/Marco-Silva-30-6-2019.jpg","contentUrl":"https:\/\/evertonfc.cz\/wp-content\/uploads\/2019\/06\/Marco-Silva-30-6-2019.jpg","width":720,"height":405},{"@type":"BreadcrumbList","@id":"https:\/\/evertonfc.cz\/index.php\/2019\/06\/30\/silva-o-vlastnej-taktike\/#breadcrumb","itemListElement":[{"@type":"ListItem","position":1,"name":"Home","item":"https:\/\/evertonfc.cz\/"},{"@type":"ListItem","position":2,"name":"Silva o vlastnej taktike"}]},{"@type":"WebSite","@id":"https:\/\/evertonfc.cz\/#website","url":"https:\/\/evertonfc.cz\/","name":"Official Czech &amp; Slovak Everton Supporters&#039; Club","description":"","publisher":{"@id":"https:\/\/evertonfc.cz\/#organization"},"potentialAction":[{"@type":"SearchAction","target":{"@type":"EntryPoint","urlTemplate":"https:\/\/evertonfc.cz\/?s={search_term_string}"},"query-input":{"@type":"PropertyValueSpecification","valueRequired":true,"valueName":"search_term_string"}}],"inLanguage":"cs"},{"@type":"Organization","@id":"https:\/\/evertonfc.cz\/#organization","name":"Official Czech & Slovak Everton Supporters' Club","url":"https:\/\/evertonfc.cz\/","logo":{"@type":"ImageObject","inLanguage":"cs","@id":"https:\/\/evertonfc.cz\/#\/schema\/logo\/image\/","url":"https:\/\/evertonfc.cz\/wp-content\/uploads\/2019\/05\/logo.png","contentUrl":"https:\/\/evertonfc.cz\/wp-content\/uploads\/2019\/05\/logo.png","width":112,"height":112,"caption":"Official Czech & Slovak Everton Supporters' Club"},"image":{"@id":"https:\/\/evertonfc.cz\/#\/schema\/logo\/image\/"},"sameAs":["https:\/\/www.facebook.com\/everton.fans.cz.sk"]},{"@type":"Person","@id":"https:\/\/evertonfc.cz\/#\/schema\/person\/d4493b8cbea51532597fbc4685698916","name":"BlueBlooded","url":"https:\/\/evertonfc.cz\/index.php\/author\/admin\/"}]}},"_links":{"self":[{"href":"https:\/\/evertonfc.cz\/index.php\/wp-json\/wp\/v2\/posts\/8256"}],"collection":[{"href":"https:\/\/evertonfc.cz\/index.php\/wp-json\/wp\/v2\/posts"}],"about":[{"href":"https:\/\/evertonfc.cz\/index.php\/wp-json\/wp\/v2\/types\/post"}],"author":[{"embeddable":true,"href":"https:\/\/evertonfc.cz\/index.php\/wp-json\/wp\/v2\/users\/1"}],"replies":[{"embeddable":true,"href":"https:\/\/evertonfc.cz\/index.php\/wp-json\/wp\/v2\/comments?post=8256"}],"version-history":[{"count":3,"href":"https:\/\/evertonfc.cz\/index.php\/wp-json\/wp\/v2\/posts\/8256\/revisions"}],"predecessor-version":[{"id":10595,"href":"https:\/\/evertonfc.cz\/index.php\/wp-json\/wp\/v2\/posts\/8256\/revisions\/10595"}],"wp:featuredmedia":[{"embeddable":true,"href":"https:\/\/evertonfc.cz\/index.php\/wp-json\/wp\/v2\/media\/8255"}],"wp:attachment":[{"href":"https:\/\/evertonfc.cz\/index.php\/wp-json\/wp\/v2\/media?parent=8256"}],"wp:term":[{"taxonomy":"category","embeddable":true,"href":"https:\/\/evertonfc.cz\/index.php\/wp-json\/wp\/v2\/categories?post=8256"},{"taxonomy":"post_tag","embeddable":true,"href":"https:\/\/evertonfc.cz\/index.php\/wp-json\/wp\/v2\/tags?post=8256"}],"curies":[{"name":"wp","href":"https:\/\/api.w.org\/{rel}","templated":true}]}}