{"id":8262,"date":"2019-07-02T22:35:21","date_gmt":"2019-07-02T20:35:21","guid":{"rendered":"https:\/\/evertonfc.cz\/?p=8262"},"modified":"2019-07-03T17:36:01","modified_gmt":"2019-07-03T15:36:01","slug":"sandro-opet-odchazi-hostovat","status":"publish","type":"post","link":"https:\/\/evertonfc.cz\/index.php\/2019\/07\/02\/sandro-opet-odchazi-hostovat\/","title":{"rendered":"Sandro op\u011bt odch\u00e1z\u00ed hostovat"},"content":{"rendered":"<h4>Sandro Ram\u00edrez dlouhodob\u011b nem\u00e1 v Evertonu budoucnost, kv\u016fli vysok\u00e9mu platu a chab\u00fdm v\u00fdkon\u016fm je ale neprodejn\u00fd. B\u011bhem posledn\u00ed roku a p\u016fl tak odch\u00e1z\u00ed ji\u017e na t\u0159et\u00ed hostov\u00e1n\u00ed do \u0160pan\u011blska.<\/h4>\n<p>23let\u00e9ho \u00fato\u010dn\u00edka si nov\u011b na rok vyp\u016fj\u010dil Real Valladolid, \u0161estn\u00e1ct\u00fd celek ned\u00e1vno skon\u010den\u00e9 sez\u00f3ny \u0161pan\u011blsk\u00e9 ligy, jen\u017e rovn\u011b\u017e poinformoval, \u017ee v dohod\u011b o hostov\u00e1n\u00ed nen\u00ed zakotvena opce na p\u0159estup.<\/p>\n<p>Sandro p\u0159estoupil do Evertonu v l\u00e9t\u011b 2017 za 5,25 milionu liber z Malagy. Na Goodison Park p\u0159ich\u00e1zel po velmi poveden\u00e9 sez\u00f3n\u011b, v n\u00ed\u017e se bl\u00fdskl \u0161estn\u00e1cti brankami na klubov\u00e9 \u00farovni a se \u0161pan\u011blsk\u00fdm v\u00fdb\u011brem do 21 let se stal vicemistrem Evropy.<\/p>\n<p>V anglick\u00e9 Premier League se ale produkt akademie Barcelony nedok\u00e1zal adaptovat. Po vyhazovu mana\u017eera Ronalda Koemana v \u0159\u00edjnu 2017 se mu nav\u00edc zav\u0159ely dve\u0159e do prvn\u00edho t\u00fdmu Evertonu, nov\u00fd \u0161\u00e9f Sam Allardyce od za\u010d\u00e1tku s\u00e1zel na jin\u00e9 hr\u00e1\u010de. Sandro proto s vd\u011bkem p\u0159ijal mo\u017enost dohr\u00e1t ro\u010dn\u00edk na hostov\u00e1n\u00ed v Seville.<\/p>\n<p>Po n\u00e1stupu mana\u017eera Marca Silvy v l\u00e9t\u011b 2018 sice zah\u00e1jil s\u00a0Toffees p\u0159edsez\u00f3nn\u00ed p\u0159\u00edpravu, m\u00edsto v k\u00e1dru si v\u0161ak op\u011bt nevybojoval. Na hostov\u00e1n\u00ed ho vz\u00e1p\u011bt\u00ed anga\u017eoval baskick\u00fd Real Sociedad, v jeho\u017e dresu za celou lo\u0148skou sez\u00f3nu nastoupil k 27 z\u00e1pas\u016fm, v nich\u017e nevst\u0159elil ani jeden g\u00f3l.<\/p>\n<p>Sandra v\u00e1\u017ee s Evertonem kontrakt platn\u00fd do roku 2021 s t\u00fddenn\u00edm platem ve v\u00fd\u0161i astronomick\u00fdch 120 tis\u00edc liber.<\/p>\n","protected":false},"excerpt":{"rendered":"<p>Sandro Ram\u00edrez dlouhodob\u011b nem\u00e1 v Evertonu budoucnost, kv\u016fli vysok\u00e9mu platu a chab\u00fdm v\u00fdkon\u016fm je ale neprodejn\u00fd. B\u011bhem posledn\u00ed roku a p\u016fl tak odch\u00e1z\u00ed ji\u017e na t\u0159et\u00ed hostov\u00e1n\u00ed do \u0160pan\u011blska.<\/p>\n","protected":false},"author":6,"featured_media":8261,"comment_status":"open","ping_status":"closed","sticky":false,"template":"","format":"standard","meta":{"_eb_attr":"","_monsterinsights_skip_tracking":false,"_monsterinsights_sitenote_active":false,"_monsterinsights_sitenote_note":"","_monsterinsights_sitenote_category":0,"footnotes":""},"categories":[41],"tags":[],"yoast_head":"<!-- This site is optimized with the Yoast SEO plugin v23.4 - https:\/\/yoast.com\/wordpress\/plugins\/seo\/ -->\n<title>Sandro op\u011bt odch\u00e1z\u00ed hostovat - Official Czech &amp; Slovak Everton Supporters&#039; Club<\/title>\n<meta name=\"robots\" content=\"index, follow, max-snippet:-1, max-image-preview:large, max-video-preview:-1\" \/>\n<link rel=\"canonical\" href=\"https:\/\/evertonfc.cz\/index.php\/2019\/07\/02\/sandro-opet-odchazi-hostovat\/\" \/>\n<meta property=\"og:locale\" content=\"cs_CZ\" \/>\n<meta property=\"og:type\" content=\"article\" \/>\n<meta property=\"og:title\" content=\"Sandro op\u011bt odch\u00e1z\u00ed hostovat - Official Czech &amp; Slovak Everton Supporters&#039; Club\" \/>\n<meta property=\"og:description\" content=\"Sandro Ram\u00edrez dlouhodob\u011b nem\u00e1 v Evertonu budoucnost, kv\u016fli vysok\u00e9mu platu a chab\u00fdm v\u00fdkon\u016fm je ale neprodejn\u00fd. B\u011bhem posledn\u00ed roku a p\u016fl tak odch\u00e1z\u00ed ji\u017e na t\u0159et\u00ed hostov\u00e1n\u00ed do \u0160pan\u011blska.\" \/>\n<meta property=\"og:url\" content=\"https:\/\/evertonfc.cz\/index.php\/2019\/07\/02\/sandro-opet-odchazi-hostovat\/\" \/>\n<meta property=\"og:site_name\" content=\"Official Czech &amp; Slovak Everton Supporters&#039; Club\" \/>\n<meta property=\"article:publisher\" content=\"https:\/\/www.facebook.com\/everton.fans.cz.sk\" \/>\n<meta property=\"article:published_time\" content=\"2019-07-02T20:35:21+00:00\" \/>\n<meta property=\"article:modified_time\" content=\"2019-07-03T15:36:01+00:00\" \/>\n<meta property=\"og:image\" content=\"https:\/\/evertonfc.cz\/wp-content\/uploads\/2019\/07\/sandro_2_7_2019.jpg\" \/>\n\t<meta property=\"og:image:width\" content=\"720\" \/>\n\t<meta property=\"og:image:height\" content=\"405\" \/>\n\t<meta property=\"og:image:type\" content=\"image\/jpeg\" \/>\n<meta name=\"author\" content=\"Ri\u010di\" \/>\n<meta name=\"twitter:card\" content=\"summary_large_image\" \/>\n<meta name=\"twitter:creator\" content=\"@rbrejsa\" \/>\n<meta name=\"twitter:label1\" content=\"Napsal(a)\" \/>\n\t<meta name=\"twitter:data1\" content=\"Ri\u010di\" \/>\n\t<meta name=\"twitter:label2\" content=\"Odhadovan\u00e1 doba \u010dten\u00ed\" \/>\n\t<meta name=\"twitter:data2\" content=\"1 minuta\" \/>\n<script type=\"application\/ld+json\" class=\"yoast-schema-graph\">{\"@context\":\"https:\/\/schema.org\",\"@graph\":[{\"@type\":\"Article\",\"@id\":\"https:\/\/evertonfc.cz\/index.php\/2019\/07\/02\/sandro-opet-odchazi-hostovat\/#article\",\"isPartOf\":{\"@id\":\"https:\/\/evertonfc.cz\/index.php\/2019\/07\/02\/sandro-opet-odchazi-hostovat\/\"},\"author\":{\"name\":\"Ri\u010di\",\"@id\":\"https:\/\/evertonfc.cz\/#\/schema\/person\/f7a5daedb2ffee98480bc70e191aaef1\"},\"headline\":\"Sandro op\u011bt odch\u00e1z\u00ed hostovat\",\"datePublished\":\"2019-07-02T20:35:21+00:00\",\"dateModified\":\"2019-07-03T15:36:01+00:00\",\"mainEntityOfPage\":{\"@id\":\"https:\/\/evertonfc.cz\/index.php\/2019\/07\/02\/sandro-opet-odchazi-hostovat\/\"},\"wordCount\":290,\"commentCount\":0,\"publisher\":{\"@id\":\"https:\/\/evertonfc.cz\/#organization\"},\"image\":{\"@id\":\"https:\/\/evertonfc.cz\/index.php\/2019\/07\/02\/sandro-opet-odchazi-hostovat\/#primaryimage\"},\"thumbnailUrl\":\"https:\/\/evertonfc.cz\/wp-content\/uploads\/2019\/07\/sandro_2_7_2019.jpg\",\"articleSection\":[\"P\u0159estupy\"],\"inLanguage\":\"cs\",\"potentialAction\":[{\"@type\":\"CommentAction\",\"name\":\"Comment\",\"target\":[\"https:\/\/evertonfc.cz\/index.php\/2019\/07\/02\/sandro-opet-odchazi-hostovat\/#respond\"]}]},{\"@type\":\"WebPage\",\"@id\":\"https:\/\/evertonfc.cz\/index.php\/2019\/07\/02\/sandro-opet-odchazi-hostovat\/\",\"url\":\"https:\/\/evertonfc.cz\/index.php\/2019\/07\/02\/sandro-opet-odchazi-hostovat\/\",\"name\":\"Sandro op\u011bt odch\u00e1z\u00ed hostovat - Official Czech &amp; Slovak Everton Supporters&#039; Club\",\"isPartOf\":{\"@id\":\"https:\/\/evertonfc.cz\/#website\"},\"primaryImageOfPage\":{\"@id\":\"https:\/\/evertonfc.cz\/index.php\/2019\/07\/02\/sandro-opet-odchazi-hostovat\/#primaryimage\"},\"image\":{\"@id\":\"https:\/\/evertonfc.cz\/index.php\/2019\/07\/02\/sandro-opet-odchazi-hostovat\/#primaryimage\"},\"thumbnailUrl\":\"https:\/\/evertonfc.cz\/wp-content\/uploads\/2019\/07\/sandro_2_7_2019.jpg\",\"datePublished\":\"2019-07-02T20:35:21+00:00\",\"dateModified\":\"2019-07-03T15:36:01+00:00\",\"breadcrumb\":{\"@id\":\"https:\/\/evertonfc.cz\/index.php\/2019\/07\/02\/sandro-opet-odchazi-hostovat\/#breadcrumb\"},\"inLanguage\":\"cs\",\"potentialAction\":[{\"@type\":\"ReadAction\",\"target\":[\"https:\/\/evertonfc.cz\/index.php\/2019\/07\/02\/sandro-opet-odchazi-hostovat\/\"]}]},{\"@type\":\"ImageObject\",\"inLanguage\":\"cs\",\"@id\":\"https:\/\/evertonfc.cz\/index.php\/2019\/07\/02\/sandro-opet-odchazi-hostovat\/#primaryimage\",\"url\":\"https:\/\/evertonfc.cz\/wp-content\/uploads\/2019\/07\/sandro_2_7_2019.jpg\",\"contentUrl\":\"https:\/\/evertonfc.cz\/wp-content\/uploads\/2019\/07\/sandro_2_7_2019.jpg\",\"width\":720,\"height\":405},{\"@type\":\"BreadcrumbList\",\"@id\":\"https:\/\/evertonfc.cz\/index.php\/2019\/07\/02\/sandro-opet-odchazi-hostovat\/#breadcrumb\",\"itemListElement\":[{\"@type\":\"ListItem\",\"position\":1,\"name\":\"Home\",\"item\":\"https:\/\/evertonfc.cz\/\"},{\"@type\":\"ListItem\",\"position\":2,\"name\":\"Sandro op\u011bt odch\u00e1z\u00ed hostovat\"}]},{\"@type\":\"WebSite\",\"@id\":\"https:\/\/evertonfc.cz\/#website\",\"url\":\"https:\/\/evertonfc.cz\/\",\"name\":\"Official Czech &amp; Slovak Everton Supporters&#039; Club\",\"description\":\"\",\"publisher\":{\"@id\":\"https:\/\/evertonfc.cz\/#organization\"},\"potentialAction\":[{\"@type\":\"SearchAction\",\"target\":{\"@type\":\"EntryPoint\",\"urlTemplate\":\"https:\/\/evertonfc.cz\/?s={search_term_string}\"},\"query-input\":{\"@type\":\"PropertyValueSpecification\",\"valueRequired\":true,\"valueName\":\"search_term_string\"}}],\"inLanguage\":\"cs\"},{\"@type\":\"Organization\",\"@id\":\"https:\/\/evertonfc.cz\/#organization\",\"name\":\"Official Czech & Slovak Everton Supporters' Club\",\"url\":\"https:\/\/evertonfc.cz\/\",\"logo\":{\"@type\":\"ImageObject\",\"inLanguage\":\"cs\",\"@id\":\"https:\/\/evertonfc.cz\/#\/schema\/logo\/image\/\",\"url\":\"https:\/\/evertonfc.cz\/wp-content\/uploads\/2019\/05\/logo.png\",\"contentUrl\":\"https:\/\/evertonfc.cz\/wp-content\/uploads\/2019\/05\/logo.png\",\"width\":112,\"height\":112,\"caption\":\"Official Czech & Slovak Everton Supporters' Club\"},\"image\":{\"@id\":\"https:\/\/evertonfc.cz\/#\/schema\/logo\/image\/\"},\"sameAs\":[\"https:\/\/www.facebook.com\/everton.fans.cz.sk\"]},{\"@type\":\"Person\",\"@id\":\"https:\/\/evertonfc.cz\/#\/schema\/person\/f7a5daedb2ffee98480bc70e191aaef1\",\"name\":\"Ri\u010di\",\"sameAs\":[\"https:\/\/x.com\/rbrejsa\"],\"url\":\"https:\/\/evertonfc.cz\/index.php\/author\/rici\/\"}]}<\/script>\n<!-- \/ Yoast SEO plugin. -->","yoast_head_json":{"title":"Sandro op\u011bt odch\u00e1z\u00ed hostovat - Official Czech &amp; Slovak Everton Supporters&#039; Club","robots":{"index":"index","follow":"follow","max-snippet":"max-snippet:-1","max-image-preview":"max-image-preview:large","max-video-preview":"max-video-preview:-1"},"canonical":"https:\/\/evertonfc.cz\/index.php\/2019\/07\/02\/sandro-opet-odchazi-hostovat\/","og_locale":"cs_CZ","og_type":"article","og_title":"Sandro op\u011bt odch\u00e1z\u00ed hostovat - Official Czech &amp; Slovak Everton Supporters&#039; Club","og_description":"Sandro Ram\u00edrez dlouhodob\u011b nem\u00e1 v Evertonu budoucnost, kv\u016fli vysok\u00e9mu platu a chab\u00fdm v\u00fdkon\u016fm je ale neprodejn\u00fd. B\u011bhem posledn\u00ed roku a p\u016fl tak odch\u00e1z\u00ed ji\u017e na t\u0159et\u00ed hostov\u00e1n\u00ed do \u0160pan\u011blska.","og_url":"https:\/\/evertonfc.cz\/index.php\/2019\/07\/02\/sandro-opet-odchazi-hostovat\/","og_site_name":"Official Czech &amp; Slovak Everton Supporters&#039; Club","article_publisher":"https:\/\/www.facebook.com\/everton.fans.cz.sk","article_published_time":"2019-07-02T20:35:21+00:00","article_modified_time":"2019-07-03T15:36:01+00:00","og_image":[{"width":720,"height":405,"url":"https:\/\/evertonfc.cz\/wp-content\/uploads\/2019\/07\/sandro_2_7_2019.jpg","type":"image\/jpeg"}],"author":"Ri\u010di","twitter_card":"summary_large_image","twitter_creator":"@rbrejsa","twitter_misc":{"Napsal(a)":"Ri\u010di","Odhadovan\u00e1 doba \u010dten\u00ed":"1 minuta"},"schema":{"@context":"https:\/\/schema.org","@graph":[{"@type":"Article","@id":"https:\/\/evertonfc.cz\/index.php\/2019\/07\/02\/sandro-opet-odchazi-hostovat\/#article","isPartOf":{"@id":"https:\/\/evertonfc.cz\/index.php\/2019\/07\/02\/sandro-opet-odchazi-hostovat\/"},"author":{"name":"Ri\u010di","@id":"https:\/\/evertonfc.cz\/#\/schema\/person\/f7a5daedb2ffee98480bc70e191aaef1"},"headline":"Sandro op\u011bt odch\u00e1z\u00ed hostovat","datePublished":"2019-07-02T20:35:21+00:00","dateModified":"2019-07-03T15:36:01+00:00","mainEntityOfPage":{"@id":"https:\/\/evertonfc.cz\/index.php\/2019\/07\/02\/sandro-opet-odchazi-hostovat\/"},"wordCount":290,"commentCount":0,"publisher":{"@id":"https:\/\/evertonfc.cz\/#organization"},"image":{"@id":"https:\/\/evertonfc.cz\/index.php\/2019\/07\/02\/sandro-opet-odchazi-hostovat\/#primaryimage"},"thumbnailUrl":"https:\/\/evertonfc.cz\/wp-content\/uploads\/2019\/07\/sandro_2_7_2019.jpg","articleSection":["P\u0159estupy"],"inLanguage":"cs","potentialAction":[{"@type":"CommentAction","name":"Comment","target":["https:\/\/evertonfc.cz\/index.php\/2019\/07\/02\/sandro-opet-odchazi-hostovat\/#respond"]}]},{"@type":"WebPage","@id":"https:\/\/evertonfc.cz\/index.php\/2019\/07\/02\/sandro-opet-odchazi-hostovat\/","url":"https:\/\/evertonfc.cz\/index.php\/2019\/07\/02\/sandro-opet-odchazi-hostovat\/","name":"Sandro op\u011bt odch\u00e1z\u00ed hostovat - Official Czech &amp; Slovak Everton Supporters&#039; Club","isPartOf":{"@id":"https:\/\/evertonfc.cz\/#website"},"primaryImageOfPage":{"@id":"https:\/\/evertonfc.cz\/index.php\/2019\/07\/02\/sandro-opet-odchazi-hostovat\/#primaryimage"},"image":{"@id":"https:\/\/evertonfc.cz\/index.php\/2019\/07\/02\/sandro-opet-odchazi-hostovat\/#primaryimage"},"thumbnailUrl":"https:\/\/evertonfc.cz\/wp-content\/uploads\/2019\/07\/sandro_2_7_2019.jpg","datePublished":"2019-07-02T20:35:21+00:00","dateModified":"2019-07-03T15:36:01+00:00","breadcrumb":{"@id":"https:\/\/evertonfc.cz\/index.php\/2019\/07\/02\/sandro-opet-odchazi-hostovat\/#breadcrumb"},"inLanguage":"cs","potentialAction":[{"@type":"ReadAction","target":["https:\/\/evertonfc.cz\/index.php\/2019\/07\/02\/sandro-opet-odchazi-hostovat\/"]}]},{"@type":"ImageObject","inLanguage":"cs","@id":"https:\/\/evertonfc.cz\/index.php\/2019\/07\/02\/sandro-opet-odchazi-hostovat\/#primaryimage","url":"https:\/\/evertonfc.cz\/wp-content\/uploads\/2019\/07\/sandro_2_7_2019.jpg","contentUrl":"https:\/\/evertonfc.cz\/wp-content\/uploads\/2019\/07\/sandro_2_7_2019.jpg","width":720,"height":405},{"@type":"BreadcrumbList","@id":"https:\/\/evertonfc.cz\/index.php\/2019\/07\/02\/sandro-opet-odchazi-hostovat\/#breadcrumb","itemListElement":[{"@type":"ListItem","position":1,"name":"Home","item":"https:\/\/evertonfc.cz\/"},{"@type":"ListItem","position":2,"name":"Sandro op\u011bt odch\u00e1z\u00ed hostovat"}]},{"@type":"WebSite","@id":"https:\/\/evertonfc.cz\/#website","url":"https:\/\/evertonfc.cz\/","name":"Official Czech &amp; Slovak Everton Supporters&#039; Club","description":"","publisher":{"@id":"https:\/\/evertonfc.cz\/#organization"},"potentialAction":[{"@type":"SearchAction","target":{"@type":"EntryPoint","urlTemplate":"https:\/\/evertonfc.cz\/?s={search_term_string}"},"query-input":{"@type":"PropertyValueSpecification","valueRequired":true,"valueName":"search_term_string"}}],"inLanguage":"cs"},{"@type":"Organization","@id":"https:\/\/evertonfc.cz\/#organization","name":"Official Czech & Slovak Everton Supporters' Club","url":"https:\/\/evertonfc.cz\/","logo":{"@type":"ImageObject","inLanguage":"cs","@id":"https:\/\/evertonfc.cz\/#\/schema\/logo\/image\/","url":"https:\/\/evertonfc.cz\/wp-content\/uploads\/2019\/05\/logo.png","contentUrl":"https:\/\/evertonfc.cz\/wp-content\/uploads\/2019\/05\/logo.png","width":112,"height":112,"caption":"Official Czech & Slovak Everton Supporters' Club"},"image":{"@id":"https:\/\/evertonfc.cz\/#\/schema\/logo\/image\/"},"sameAs":["https:\/\/www.facebook.com\/everton.fans.cz.sk"]},{"@type":"Person","@id":"https:\/\/evertonfc.cz\/#\/schema\/person\/f7a5daedb2ffee98480bc70e191aaef1","name":"Ri\u010di","sameAs":["https:\/\/x.com\/rbrejsa"],"url":"https:\/\/evertonfc.cz\/index.php\/author\/rici\/"}]}},"_links":{"self":[{"href":"https:\/\/evertonfc.cz\/index.php\/wp-json\/wp\/v2\/posts\/8262"}],"collection":[{"href":"https:\/\/evertonfc.cz\/index.php\/wp-json\/wp\/v2\/posts"}],"about":[{"href":"https:\/\/evertonfc.cz\/index.php\/wp-json\/wp\/v2\/types\/post"}],"author":[{"embeddable":true,"href":"https:\/\/evertonfc.cz\/index.php\/wp-json\/wp\/v2\/users\/6"}],"replies":[{"embeddable":true,"href":"https:\/\/evertonfc.cz\/index.php\/wp-json\/wp\/v2\/comments?post=8262"}],"version-history":[{"count":10,"href":"https:\/\/evertonfc.cz\/index.php\/wp-json\/wp\/v2\/posts\/8262\/revisions"}],"predecessor-version":[{"id":8286,"href":"https:\/\/evertonfc.cz\/index.php\/wp-json\/wp\/v2\/posts\/8262\/revisions\/8286"}],"wp:featuredmedia":[{"embeddable":true,"href":"https:\/\/evertonfc.cz\/index.php\/wp-json\/wp\/v2\/media\/8261"}],"wp:attachment":[{"href":"https:\/\/evertonfc.cz\/index.php\/wp-json\/wp\/v2\/media?parent=8262"}],"wp:term":[{"taxonomy":"category","embeddable":true,"href":"https:\/\/evertonfc.cz\/index.php\/wp-json\/wp\/v2\/categories?post=8262"},{"taxonomy":"post_tag","embeddable":true,"href":"https:\/\/evertonfc.cz\/index.php\/wp-json\/wp\/v2\/tags?post=8262"}],"curies":[{"name":"wp","href":"https:\/\/api.w.org\/{rel}","templated":true}]}}