{"id":8288,"date":"2019-07-04T10:44:34","date_gmt":"2019-07-04T08:44:34","guid":{"rendered":"https:\/\/evertonfc.cz\/?p=8288"},"modified":"2019-07-04T20:24:09","modified_gmt":"2019-07-04T18:24:09","slug":"dresy-konecne-predstaveny","status":"publish","type":"post","link":"https:\/\/evertonfc.cz\/index.php\/2019\/07\/04\/dresy-konecne-predstaveny\/","title":{"rendered":"Dresy kone\u010dn\u011b p\u0159edstaveny"},"content":{"rendered":"<h4>Everton jako jeden z posledn\u00edch celk\u016f Premier League p\u0159edstavil sv\u00e9 dom\u00e1c\u00ed dresy pro sez\u00f3nu 2019\/20. Britsk\u00e1 od\u011bvn\u00ed spole\u010dnost Umbro tentokr\u00e1t vsadila na prou\u017eky.<\/h4>\n<p>Zk\u0159\u00ed\u017een\u00e9 prou\u017eky odkazuj\u00ed na design horn\u00edho patra tribuny Bullens Road na stadionu Goodison Park. Vzadu na dresech v oblasti \u0161\u00edje se nach\u00e1z\u00ed EFC logo, kter\u00e9 je inspirov\u00e1no podobn\u00fdm elementem, jen\u017e byl um\u00edst\u011bn na dom\u00e1c\u00edch dresech v letech 1991-93.<\/p>\n<p>Branka\u0159sk\u00e9 dresy jsou ve dvou barevn\u00fdch proveden\u00ed \u2013 \u017elut\u00e9 a zelen\u00e9.<\/p>\n<p>Dom\u00e1c\u00ed dresy budou poprv\u00e9 pou\u017eity v \u00favodn\u00edm duelu letn\u00ed p\u0159\u00edpravy, kter\u00fd Toffees odehraj\u00ed u\u017e tuto ned\u011bli 7. \u010dervence s ke\u0148sk\u00fdm t\u00fdmem Kariobangi Sharks v r\u00e1mci SportPesa Super Cup v Keni.<\/p>\n<p><img loading=\"lazy\" decoding=\"async\" class=\"size-full wp-image-8314 aligncenter\" src=\"https:\/\/evertonfc.cz\/wp-content\/uploads\/2019\/07\/boys_4_7_2019.jpg\" alt=\"\" width=\"640\" height=\"406\" srcset=\"https:\/\/evertonfc.cz\/wp-content\/uploads\/2019\/07\/boys_4_7_2019.jpg 640w, https:\/\/evertonfc.cz\/wp-content\/uploads\/2019\/07\/boys_4_7_2019-300x190.jpg 300w\" sizes=\"(max-width: 640px) 100vw, 640px\" \/><\/p>\n<p style=\"text-align: center;\"><img loading=\"lazy\" decoding=\"async\" src=\"https:\/\/evertonfc.cz\/wp-content\/uploads\/2019\/07\/dcl_4_7_2019-1.jpg\" alt=\"\" width=\"640\" height=\"413\" \/><\/p>\n<p><img loading=\"lazy\" decoding=\"async\" class=\"size-full wp-image-8308 aligncenter\" src=\"https:\/\/evertonfc.cz\/wp-content\/uploads\/2019\/07\/gylfi-shirt_4_7_2019.jpg\" alt=\"\" width=\"640\" height=\"359\" srcset=\"https:\/\/evertonfc.cz\/wp-content\/uploads\/2019\/07\/gylfi-shirt_4_7_2019.jpg 640w, https:\/\/evertonfc.cz\/wp-content\/uploads\/2019\/07\/gylfi-shirt_4_7_2019-300x168.jpg 300w\" sizes=\"(max-width: 640px) 100vw, 640px\" \/><img loading=\"lazy\" decoding=\"async\" class=\"size-full wp-image-8315 aligncenter\" src=\"https:\/\/evertonfc.cz\/wp-content\/uploads\/2019\/07\/brankari_4_7_2019.jpg\" alt=\"\" width=\"528\" height=\"612\" srcset=\"https:\/\/evertonfc.cz\/wp-content\/uploads\/2019\/07\/brankari_4_7_2019.jpg 528w, https:\/\/evertonfc.cz\/wp-content\/uploads\/2019\/07\/brankari_4_7_2019-259x300.jpg 259w\" sizes=\"(max-width: 528px) 100vw, 528px\" \/><img loading=\"lazy\" decoding=\"async\" class=\"size-full wp-image-8301 aligncenter\" src=\"https:\/\/evertonfc.cz\/wp-content\/uploads\/2019\/07\/dres1_4_7_2019.jpg\" alt=\"\" width=\"535\" height=\"625\" srcset=\"https:\/\/evertonfc.cz\/wp-content\/uploads\/2019\/07\/dres1_4_7_2019.jpg 535w, https:\/\/evertonfc.cz\/wp-content\/uploads\/2019\/07\/dres1_4_7_2019-257x300.jpg 257w\" sizes=\"(max-width: 535px) 100vw, 535px\" \/><img loading=\"lazy\" decoding=\"async\" class=\"size-full wp-image-8302 aligncenter\" src=\"https:\/\/evertonfc.cz\/wp-content\/uploads\/2019\/07\/dres2_4_7_2019.png\" alt=\"\" width=\"535\" height=\"625\" srcset=\"https:\/\/evertonfc.cz\/wp-content\/uploads\/2019\/07\/dres2_4_7_2019.png 535w, https:\/\/evertonfc.cz\/wp-content\/uploads\/2019\/07\/dres2_4_7_2019-257x300.png 257w\" sizes=\"(max-width: 535px) 100vw, 535px\" \/><img loading=\"lazy\" decoding=\"async\" class=\"size-full wp-image-8290 aligncenter\" src=\"https:\/\/evertonfc.cz\/wp-content\/uploads\/2019\/07\/trenky2_4_7_2019.png\" alt=\"\" width=\"541\" height=\"587\" srcset=\"https:\/\/evertonfc.cz\/wp-content\/uploads\/2019\/07\/trenky2_4_7_2019.png 541w, https:\/\/evertonfc.cz\/wp-content\/uploads\/2019\/07\/trenky2_4_7_2019-276x300.png 276w\" sizes=\"(max-width: 541px) 100vw, 541px\" \/><img loading=\"lazy\" decoding=\"async\" class=\"size-full wp-image-8297 aligncenter\" src=\"https:\/\/evertonfc.cz\/wp-content\/uploads\/2019\/07\/ponozky2_4_7_2019.png\" alt=\"\" width=\"487\" height=\"607\" srcset=\"https:\/\/evertonfc.cz\/wp-content\/uploads\/2019\/07\/ponozky2_4_7_2019.png 487w, https:\/\/evertonfc.cz\/wp-content\/uploads\/2019\/07\/ponozky2_4_7_2019-241x300.png 241w\" sizes=\"(max-width: 487px) 100vw, 487px\" \/><img loading=\"lazy\" decoding=\"async\" class=\"size-full wp-image-8289 aligncenter\" src=\"https:\/\/evertonfc.cz\/wp-content\/uploads\/2019\/07\/trenky_4_7_2019.png\" alt=\"\" width=\"530\" height=\"579\" srcset=\"https:\/\/evertonfc.cz\/wp-content\/uploads\/2019\/07\/trenky_4_7_2019.png 530w, https:\/\/evertonfc.cz\/wp-content\/uploads\/2019\/07\/trenky_4_7_2019-275x300.png 275w\" sizes=\"(max-width: 530px) 100vw, 530px\" \/><\/p>\n<p><img loading=\"lazy\" decoding=\"async\" class=\"size-full wp-image-8296 aligncenter\" src=\"https:\/\/evertonfc.cz\/wp-content\/uploads\/2019\/07\/ponozky_4_7_2019.png\" alt=\"\" width=\"487\" height=\"607\" srcset=\"https:\/\/evertonfc.cz\/wp-content\/uploads\/2019\/07\/ponozky_4_7_2019.png 487w, https:\/\/evertonfc.cz\/wp-content\/uploads\/2019\/07\/ponozky_4_7_2019-241x300.png 241w\" sizes=\"(max-width: 487px) 100vw, 487px\" \/><\/p>\n<h4 style=\"text-align: center;\">Branka\u0159sk\u00e9 dresy<\/h4>\n<p><img loading=\"lazy\" decoding=\"async\" class=\"size-full wp-image-8305 aligncenter\" src=\"https:\/\/evertonfc.cz\/wp-content\/uploads\/2019\/07\/dres5_4_7_2019.png\" alt=\"\" width=\"535\" height=\"625\" srcset=\"https:\/\/evertonfc.cz\/wp-content\/uploads\/2019\/07\/dres5_4_7_2019.png 535w, https:\/\/evertonfc.cz\/wp-content\/uploads\/2019\/07\/dres5_4_7_2019-257x300.png 257w\" sizes=\"(max-width: 535px) 100vw, 535px\" \/><img loading=\"lazy\" decoding=\"async\" class=\"size-full wp-image-8306 aligncenter\" src=\"https:\/\/evertonfc.cz\/wp-content\/uploads\/2019\/07\/dres6_4_7_2019.png\" alt=\"\" width=\"535\" height=\"625\" srcset=\"https:\/\/evertonfc.cz\/wp-content\/uploads\/2019\/07\/dres6_4_7_2019.png 535w, https:\/\/evertonfc.cz\/wp-content\/uploads\/2019\/07\/dres6_4_7_2019-257x300.png 257w\" sizes=\"(max-width: 535px) 100vw, 535px\" \/><img loading=\"lazy\" decoding=\"async\" class=\"size-full wp-image-8291 aligncenter\" src=\"https:\/\/evertonfc.cz\/wp-content\/uploads\/2019\/07\/trenky3_4_7_2019.png\" alt=\"\" width=\"530\" height=\"597\" srcset=\"https:\/\/evertonfc.cz\/wp-content\/uploads\/2019\/07\/trenky3_4_7_2019.png 530w, https:\/\/evertonfc.cz\/wp-content\/uploads\/2019\/07\/trenky3_4_7_2019-266x300.png 266w\" sizes=\"(max-width: 530px) 100vw, 530px\" \/><img loading=\"lazy\" decoding=\"async\" class=\"size-full wp-image-8299 aligncenter\" src=\"https:\/\/evertonfc.cz\/wp-content\/uploads\/2019\/07\/ponozky4_4_7_2019.png\" alt=\"\" width=\"487\" height=\"607\" srcset=\"https:\/\/evertonfc.cz\/wp-content\/uploads\/2019\/07\/ponozky4_4_7_2019.png 487w, https:\/\/evertonfc.cz\/wp-content\/uploads\/2019\/07\/ponozky4_4_7_2019-241x300.png 241w\" sizes=\"(max-width: 487px) 100vw, 487px\" \/><img loading=\"lazy\" decoding=\"async\" class=\"size-full wp-image-8303 aligncenter\" src=\"https:\/\/evertonfc.cz\/wp-content\/uploads\/2019\/07\/dres3_4_7_2019.png\" alt=\"\" width=\"535\" height=\"625\" srcset=\"https:\/\/evertonfc.cz\/wp-content\/uploads\/2019\/07\/dres3_4_7_2019.png 535w, https:\/\/evertonfc.cz\/wp-content\/uploads\/2019\/07\/dres3_4_7_2019-257x300.png 257w\" sizes=\"(max-width: 535px) 100vw, 535px\" \/><img loading=\"lazy\" decoding=\"async\" class=\"size-full wp-image-8304 aligncenter\" src=\"https:\/\/evertonfc.cz\/wp-content\/uploads\/2019\/07\/dres4_4_7_2019.png\" alt=\"\" width=\"535\" height=\"625\" srcset=\"https:\/\/evertonfc.cz\/wp-content\/uploads\/2019\/07\/dres4_4_7_2019.png 535w, https:\/\/evertonfc.cz\/wp-content\/uploads\/2019\/07\/dres4_4_7_2019-257x300.png 257w\" sizes=\"(max-width: 535px) 100vw, 535px\" \/><img loading=\"lazy\" decoding=\"async\" class=\"size-full wp-image-8292 aligncenter\" src=\"https:\/\/evertonfc.cz\/wp-content\/uploads\/2019\/07\/trenky4_4_7_2019.png\" alt=\"\" width=\"530\" height=\"597\" srcset=\"https:\/\/evertonfc.cz\/wp-content\/uploads\/2019\/07\/trenky4_4_7_2019.png 530w, https:\/\/evertonfc.cz\/wp-content\/uploads\/2019\/07\/trenky4_4_7_2019-266x300.png 266w\" sizes=\"(max-width: 530px) 100vw, 530px\" \/><img loading=\"lazy\" decoding=\"async\" class=\"size-full wp-image-8298 aligncenter\" src=\"https:\/\/evertonfc.cz\/wp-content\/uploads\/2019\/07\/ponozky3_4_7_2019.png\" alt=\"\" width=\"487\" height=\"607\" srcset=\"https:\/\/evertonfc.cz\/wp-content\/uploads\/2019\/07\/ponozky3_4_7_2019.png 487w, https:\/\/evertonfc.cz\/wp-content\/uploads\/2019\/07\/ponozky3_4_7_2019-241x300.png 241w\" sizes=\"(max-width: 487px) 100vw, 487px\" \/><\/p>\n","protected":false},"excerpt":{"rendered":"<p>Everton jako jeden z posledn\u00edch celk\u016f Premier League p\u0159edstavil sv\u00e9 dom\u00e1c\u00ed dresy pro sez\u00f3nu 2019\/20. Britsk\u00e1 od\u011bvn\u00ed spole\u010dnost Umbro tentokr\u00e1t vsadila na prou\u017eky.<\/p>\n","protected":false},"author":6,"featured_media":8310,"comment_status":"open","ping_status":"closed","sticky":false,"template":"","format":"standard","meta":{"_eb_attr":"","_monsterinsights_skip_tracking":false,"_monsterinsights_sitenote_active":false,"_monsterinsights_sitenote_note":"","_monsterinsights_sitenote_category":0,"footnotes":""},"categories":[42],"tags":[],"yoast_head":"<!-- This site is optimized with the Yoast SEO plugin v23.4 - https:\/\/yoast.com\/wordpress\/plugins\/seo\/ -->\n<title>Dresy kone\u010dn\u011b p\u0159edstaveny - Official Czech &amp; Slovak Everton Supporters&#039; Club<\/title>\n<meta name=\"robots\" content=\"index, follow, max-snippet:-1, max-image-preview:large, max-video-preview:-1\" \/>\n<link rel=\"canonical\" href=\"https:\/\/evertonfc.cz\/index.php\/2019\/07\/04\/dresy-konecne-predstaveny\/\" \/>\n<meta property=\"og:locale\" content=\"cs_CZ\" \/>\n<meta property=\"og:type\" content=\"article\" \/>\n<meta property=\"og:title\" content=\"Dresy kone\u010dn\u011b p\u0159edstaveny - Official Czech &amp; Slovak Everton Supporters&#039; Club\" \/>\n<meta property=\"og:description\" content=\"Everton jako jeden z posledn\u00edch celk\u016f Premier League p\u0159edstavil sv\u00e9 dom\u00e1c\u00ed dresy pro sez\u00f3nu 2019\/20. Britsk\u00e1 od\u011bvn\u00ed spole\u010dnost Umbro tentokr\u00e1t vsadila na prou\u017eky.\" \/>\n<meta property=\"og:url\" content=\"https:\/\/evertonfc.cz\/index.php\/2019\/07\/04\/dresy-konecne-predstaveny\/\" \/>\n<meta property=\"og:site_name\" content=\"Official Czech &amp; Slovak Everton Supporters&#039; Club\" \/>\n<meta property=\"article:publisher\" content=\"https:\/\/www.facebook.com\/everton.fans.cz.sk\" \/>\n<meta property=\"article:published_time\" content=\"2019-07-04T08:44:34+00:00\" \/>\n<meta property=\"article:modified_time\" content=\"2019-07-04T18:24:09+00:00\" \/>\n<meta property=\"og:image\" content=\"https:\/\/evertonfc.cz\/wp-content\/uploads\/2019\/07\/richarlison_4_7_2019.jpg\" \/>\n\t<meta property=\"og:image:width\" content=\"720\" \/>\n\t<meta property=\"og:image:height\" content=\"405\" \/>\n\t<meta property=\"og:image:type\" content=\"image\/jpeg\" \/>\n<meta name=\"author\" content=\"Ri\u010di\" \/>\n<meta name=\"twitter:card\" content=\"summary_large_image\" \/>\n<meta name=\"twitter:creator\" content=\"@rbrejsa\" \/>\n<meta name=\"twitter:label1\" content=\"Napsal(a)\" \/>\n\t<meta name=\"twitter:data1\" content=\"Ri\u010di\" \/>\n\t<meta name=\"twitter:label2\" content=\"Odhadovan\u00e1 doba \u010dten\u00ed\" \/>\n\t<meta name=\"twitter:data2\" content=\"1 minuta\" \/>\n<script type=\"application\/ld+json\" class=\"yoast-schema-graph\">{\"@context\":\"https:\/\/schema.org\",\"@graph\":[{\"@type\":\"Article\",\"@id\":\"https:\/\/evertonfc.cz\/index.php\/2019\/07\/04\/dresy-konecne-predstaveny\/#article\",\"isPartOf\":{\"@id\":\"https:\/\/evertonfc.cz\/index.php\/2019\/07\/04\/dresy-konecne-predstaveny\/\"},\"author\":{\"name\":\"Ri\u010di\",\"@id\":\"https:\/\/evertonfc.cz\/#\/schema\/person\/f7a5daedb2ffee98480bc70e191aaef1\"},\"headline\":\"Dresy kone\u010dn\u011b p\u0159edstaveny\",\"datePublished\":\"2019-07-04T08:44:34+00:00\",\"dateModified\":\"2019-07-04T18:24:09+00:00\",\"mainEntityOfPage\":{\"@id\":\"https:\/\/evertonfc.cz\/index.php\/2019\/07\/04\/dresy-konecne-predstaveny\/\"},\"wordCount\":136,\"commentCount\":1,\"publisher\":{\"@id\":\"https:\/\/evertonfc.cz\/#organization\"},\"image\":{\"@id\":\"https:\/\/evertonfc.cz\/index.php\/2019\/07\/04\/dresy-konecne-predstaveny\/#primaryimage\"},\"thumbnailUrl\":\"https:\/\/evertonfc.cz\/wp-content\/uploads\/2019\/07\/richarlison_4_7_2019.jpg\",\"articleSection\":[\"Aktuality\"],\"inLanguage\":\"cs\",\"potentialAction\":[{\"@type\":\"CommentAction\",\"name\":\"Comment\",\"target\":[\"https:\/\/evertonfc.cz\/index.php\/2019\/07\/04\/dresy-konecne-predstaveny\/#respond\"]}]},{\"@type\":\"WebPage\",\"@id\":\"https:\/\/evertonfc.cz\/index.php\/2019\/07\/04\/dresy-konecne-predstaveny\/\",\"url\":\"https:\/\/evertonfc.cz\/index.php\/2019\/07\/04\/dresy-konecne-predstaveny\/\",\"name\":\"Dresy kone\u010dn\u011b p\u0159edstaveny - Official Czech &amp; Slovak Everton Supporters&#039; Club\",\"isPartOf\":{\"@id\":\"https:\/\/evertonfc.cz\/#website\"},\"primaryImageOfPage\":{\"@id\":\"https:\/\/evertonfc.cz\/index.php\/2019\/07\/04\/dresy-konecne-predstaveny\/#primaryimage\"},\"image\":{\"@id\":\"https:\/\/evertonfc.cz\/index.php\/2019\/07\/04\/dresy-konecne-predstaveny\/#primaryimage\"},\"thumbnailUrl\":\"https:\/\/evertonfc.cz\/wp-content\/uploads\/2019\/07\/richarlison_4_7_2019.jpg\",\"datePublished\":\"2019-07-04T08:44:34+00:00\",\"dateModified\":\"2019-07-04T18:24:09+00:00\",\"breadcrumb\":{\"@id\":\"https:\/\/evertonfc.cz\/index.php\/2019\/07\/04\/dresy-konecne-predstaveny\/#breadcrumb\"},\"inLanguage\":\"cs\",\"potentialAction\":[{\"@type\":\"ReadAction\",\"target\":[\"https:\/\/evertonfc.cz\/index.php\/2019\/07\/04\/dresy-konecne-predstaveny\/\"]}]},{\"@type\":\"ImageObject\",\"inLanguage\":\"cs\",\"@id\":\"https:\/\/evertonfc.cz\/index.php\/2019\/07\/04\/dresy-konecne-predstaveny\/#primaryimage\",\"url\":\"https:\/\/evertonfc.cz\/wp-content\/uploads\/2019\/07\/richarlison_4_7_2019.jpg\",\"contentUrl\":\"https:\/\/evertonfc.cz\/wp-content\/uploads\/2019\/07\/richarlison_4_7_2019.jpg\",\"width\":720,\"height\":405},{\"@type\":\"BreadcrumbList\",\"@id\":\"https:\/\/evertonfc.cz\/index.php\/2019\/07\/04\/dresy-konecne-predstaveny\/#breadcrumb\",\"itemListElement\":[{\"@type\":\"ListItem\",\"position\":1,\"name\":\"Home\",\"item\":\"https:\/\/evertonfc.cz\/\"},{\"@type\":\"ListItem\",\"position\":2,\"name\":\"Dresy kone\u010dn\u011b p\u0159edstaveny\"}]},{\"@type\":\"WebSite\",\"@id\":\"https:\/\/evertonfc.cz\/#website\",\"url\":\"https:\/\/evertonfc.cz\/\",\"name\":\"Official Czech &amp; Slovak Everton Supporters&#039; Club\",\"description\":\"\",\"publisher\":{\"@id\":\"https:\/\/evertonfc.cz\/#organization\"},\"potentialAction\":[{\"@type\":\"SearchAction\",\"target\":{\"@type\":\"EntryPoint\",\"urlTemplate\":\"https:\/\/evertonfc.cz\/?s={search_term_string}\"},\"query-input\":{\"@type\":\"PropertyValueSpecification\",\"valueRequired\":true,\"valueName\":\"search_term_string\"}}],\"inLanguage\":\"cs\"},{\"@type\":\"Organization\",\"@id\":\"https:\/\/evertonfc.cz\/#organization\",\"name\":\"Official Czech & Slovak Everton Supporters' Club\",\"url\":\"https:\/\/evertonfc.cz\/\",\"logo\":{\"@type\":\"ImageObject\",\"inLanguage\":\"cs\",\"@id\":\"https:\/\/evertonfc.cz\/#\/schema\/logo\/image\/\",\"url\":\"https:\/\/evertonfc.cz\/wp-content\/uploads\/2019\/05\/logo.png\",\"contentUrl\":\"https:\/\/evertonfc.cz\/wp-content\/uploads\/2019\/05\/logo.png\",\"width\":112,\"height\":112,\"caption\":\"Official Czech & Slovak Everton Supporters' Club\"},\"image\":{\"@id\":\"https:\/\/evertonfc.cz\/#\/schema\/logo\/image\/\"},\"sameAs\":[\"https:\/\/www.facebook.com\/everton.fans.cz.sk\"]},{\"@type\":\"Person\",\"@id\":\"https:\/\/evertonfc.cz\/#\/schema\/person\/f7a5daedb2ffee98480bc70e191aaef1\",\"name\":\"Ri\u010di\",\"sameAs\":[\"https:\/\/x.com\/rbrejsa\"],\"url\":\"https:\/\/evertonfc.cz\/index.php\/author\/rici\/\"}]}<\/script>\n<!-- \/ Yoast SEO plugin. -->","yoast_head_json":{"title":"Dresy kone\u010dn\u011b p\u0159edstaveny - Official Czech &amp; Slovak Everton Supporters&#039; Club","robots":{"index":"index","follow":"follow","max-snippet":"max-snippet:-1","max-image-preview":"max-image-preview:large","max-video-preview":"max-video-preview:-1"},"canonical":"https:\/\/evertonfc.cz\/index.php\/2019\/07\/04\/dresy-konecne-predstaveny\/","og_locale":"cs_CZ","og_type":"article","og_title":"Dresy kone\u010dn\u011b p\u0159edstaveny - Official Czech &amp; Slovak Everton Supporters&#039; Club","og_description":"Everton jako jeden z posledn\u00edch celk\u016f Premier League p\u0159edstavil sv\u00e9 dom\u00e1c\u00ed dresy pro sez\u00f3nu 2019\/20. Britsk\u00e1 od\u011bvn\u00ed spole\u010dnost Umbro tentokr\u00e1t vsadila na prou\u017eky.","og_url":"https:\/\/evertonfc.cz\/index.php\/2019\/07\/04\/dresy-konecne-predstaveny\/","og_site_name":"Official Czech &amp; Slovak Everton Supporters&#039; Club","article_publisher":"https:\/\/www.facebook.com\/everton.fans.cz.sk","article_published_time":"2019-07-04T08:44:34+00:00","article_modified_time":"2019-07-04T18:24:09+00:00","og_image":[{"width":720,"height":405,"url":"https:\/\/evertonfc.cz\/wp-content\/uploads\/2019\/07\/richarlison_4_7_2019.jpg","type":"image\/jpeg"}],"author":"Ri\u010di","twitter_card":"summary_large_image","twitter_creator":"@rbrejsa","twitter_misc":{"Napsal(a)":"Ri\u010di","Odhadovan\u00e1 doba \u010dten\u00ed":"1 minuta"},"schema":{"@context":"https:\/\/schema.org","@graph":[{"@type":"Article","@id":"https:\/\/evertonfc.cz\/index.php\/2019\/07\/04\/dresy-konecne-predstaveny\/#article","isPartOf":{"@id":"https:\/\/evertonfc.cz\/index.php\/2019\/07\/04\/dresy-konecne-predstaveny\/"},"author":{"name":"Ri\u010di","@id":"https:\/\/evertonfc.cz\/#\/schema\/person\/f7a5daedb2ffee98480bc70e191aaef1"},"headline":"Dresy kone\u010dn\u011b p\u0159edstaveny","datePublished":"2019-07-04T08:44:34+00:00","dateModified":"2019-07-04T18:24:09+00:00","mainEntityOfPage":{"@id":"https:\/\/evertonfc.cz\/index.php\/2019\/07\/04\/dresy-konecne-predstaveny\/"},"wordCount":136,"commentCount":1,"publisher":{"@id":"https:\/\/evertonfc.cz\/#organization"},"image":{"@id":"https:\/\/evertonfc.cz\/index.php\/2019\/07\/04\/dresy-konecne-predstaveny\/#primaryimage"},"thumbnailUrl":"https:\/\/evertonfc.cz\/wp-content\/uploads\/2019\/07\/richarlison_4_7_2019.jpg","articleSection":["Aktuality"],"inLanguage":"cs","potentialAction":[{"@type":"CommentAction","name":"Comment","target":["https:\/\/evertonfc.cz\/index.php\/2019\/07\/04\/dresy-konecne-predstaveny\/#respond"]}]},{"@type":"WebPage","@id":"https:\/\/evertonfc.cz\/index.php\/2019\/07\/04\/dresy-konecne-predstaveny\/","url":"https:\/\/evertonfc.cz\/index.php\/2019\/07\/04\/dresy-konecne-predstaveny\/","name":"Dresy kone\u010dn\u011b p\u0159edstaveny - Official Czech &amp; Slovak Everton Supporters&#039; Club","isPartOf":{"@id":"https:\/\/evertonfc.cz\/#website"},"primaryImageOfPage":{"@id":"https:\/\/evertonfc.cz\/index.php\/2019\/07\/04\/dresy-konecne-predstaveny\/#primaryimage"},"image":{"@id":"https:\/\/evertonfc.cz\/index.php\/2019\/07\/04\/dresy-konecne-predstaveny\/#primaryimage"},"thumbnailUrl":"https:\/\/evertonfc.cz\/wp-content\/uploads\/2019\/07\/richarlison_4_7_2019.jpg","datePublished":"2019-07-04T08:44:34+00:00","dateModified":"2019-07-04T18:24:09+00:00","breadcrumb":{"@id":"https:\/\/evertonfc.cz\/index.php\/2019\/07\/04\/dresy-konecne-predstaveny\/#breadcrumb"},"inLanguage":"cs","potentialAction":[{"@type":"ReadAction","target":["https:\/\/evertonfc.cz\/index.php\/2019\/07\/04\/dresy-konecne-predstaveny\/"]}]},{"@type":"ImageObject","inLanguage":"cs","@id":"https:\/\/evertonfc.cz\/index.php\/2019\/07\/04\/dresy-konecne-predstaveny\/#primaryimage","url":"https:\/\/evertonfc.cz\/wp-content\/uploads\/2019\/07\/richarlison_4_7_2019.jpg","contentUrl":"https:\/\/evertonfc.cz\/wp-content\/uploads\/2019\/07\/richarlison_4_7_2019.jpg","width":720,"height":405},{"@type":"BreadcrumbList","@id":"https:\/\/evertonfc.cz\/index.php\/2019\/07\/04\/dresy-konecne-predstaveny\/#breadcrumb","itemListElement":[{"@type":"ListItem","position":1,"name":"Home","item":"https:\/\/evertonfc.cz\/"},{"@type":"ListItem","position":2,"name":"Dresy kone\u010dn\u011b p\u0159edstaveny"}]},{"@type":"WebSite","@id":"https:\/\/evertonfc.cz\/#website","url":"https:\/\/evertonfc.cz\/","name":"Official Czech &amp; Slovak Everton Supporters&#039; Club","description":"","publisher":{"@id":"https:\/\/evertonfc.cz\/#organization"},"potentialAction":[{"@type":"SearchAction","target":{"@type":"EntryPoint","urlTemplate":"https:\/\/evertonfc.cz\/?s={search_term_string}"},"query-input":{"@type":"PropertyValueSpecification","valueRequired":true,"valueName":"search_term_string"}}],"inLanguage":"cs"},{"@type":"Organization","@id":"https:\/\/evertonfc.cz\/#organization","name":"Official Czech & Slovak Everton Supporters' Club","url":"https:\/\/evertonfc.cz\/","logo":{"@type":"ImageObject","inLanguage":"cs","@id":"https:\/\/evertonfc.cz\/#\/schema\/logo\/image\/","url":"https:\/\/evertonfc.cz\/wp-content\/uploads\/2019\/05\/logo.png","contentUrl":"https:\/\/evertonfc.cz\/wp-content\/uploads\/2019\/05\/logo.png","width":112,"height":112,"caption":"Official Czech & Slovak Everton Supporters' Club"},"image":{"@id":"https:\/\/evertonfc.cz\/#\/schema\/logo\/image\/"},"sameAs":["https:\/\/www.facebook.com\/everton.fans.cz.sk"]},{"@type":"Person","@id":"https:\/\/evertonfc.cz\/#\/schema\/person\/f7a5daedb2ffee98480bc70e191aaef1","name":"Ri\u010di","sameAs":["https:\/\/x.com\/rbrejsa"],"url":"https:\/\/evertonfc.cz\/index.php\/author\/rici\/"}]}},"_links":{"self":[{"href":"https:\/\/evertonfc.cz\/index.php\/wp-json\/wp\/v2\/posts\/8288"}],"collection":[{"href":"https:\/\/evertonfc.cz\/index.php\/wp-json\/wp\/v2\/posts"}],"about":[{"href":"https:\/\/evertonfc.cz\/index.php\/wp-json\/wp\/v2\/types\/post"}],"author":[{"embeddable":true,"href":"https:\/\/evertonfc.cz\/index.php\/wp-json\/wp\/v2\/users\/6"}],"replies":[{"embeddable":true,"href":"https:\/\/evertonfc.cz\/index.php\/wp-json\/wp\/v2\/comments?post=8288"}],"version-history":[{"count":5,"href":"https:\/\/evertonfc.cz\/index.php\/wp-json\/wp\/v2\/posts\/8288\/revisions"}],"predecessor-version":[{"id":8318,"href":"https:\/\/evertonfc.cz\/index.php\/wp-json\/wp\/v2\/posts\/8288\/revisions\/8318"}],"wp:featuredmedia":[{"embeddable":true,"href":"https:\/\/evertonfc.cz\/index.php\/wp-json\/wp\/v2\/media\/8310"}],"wp:attachment":[{"href":"https:\/\/evertonfc.cz\/index.php\/wp-json\/wp\/v2\/media?parent=8288"}],"wp:term":[{"taxonomy":"category","embeddable":true,"href":"https:\/\/evertonfc.cz\/index.php\/wp-json\/wp\/v2\/categories?post=8288"},{"taxonomy":"post_tag","embeddable":true,"href":"https:\/\/evertonfc.cz\/index.php\/wp-json\/wp\/v2\/tags?post=8288"}],"curies":[{"name":"wp","href":"https:\/\/api.w.org\/{rel}","templated":true}]}}