{"id":8330,"date":"2019-07-06T12:23:17","date_gmt":"2019-07-06T10:23:17","guid":{"rendered":"https:\/\/evertonfc.cz\/?p=8330"},"modified":"2019-07-06T14:59:07","modified_gmt":"2019-07-06T12:59:07","slug":"friendly-preview-kariobangi-sharks-everton","status":"publish","type":"post","link":"https:\/\/evertonfc.cz\/index.php\/2019\/07\/06\/friendly-preview-kariobangi-sharks-everton\/","title":{"rendered":"Friendly Preview: Kariobangi Sharks \u2013 Everton"},"content":{"rendered":"<h4><span lang=\"SK\">Leto je v\u00a0plnom pr\u00fade a\u00a0rovnako tak predsez\u00f3nna pr\u00edprava. A po t\u00fd\u017edni prv\u00fdch tr\u00e9ningov sa Everton predstav\u00ed op\u00e4\u0165 v\u00a0Afrike. Na za\u010diatok mu s\u00faperom bud\u00fa \u017draloci.<\/span><\/h4>\n<p>Ak pravidelne sledujete dianie v\u00a0modrej \u010dasti Merseyside, iste ste u\u017e postrehli, \u017ee na Finch Farm to znova o\u017eilo. Parkovisko pln\u00e9 drah\u00fdch \u00e1ut, usmievav\u00fd person\u00e1l so v\u0161adepr\u00edtomn\u00fdmi kamerami, ru\u0161no na \u017eivej aj umelej tr\u00e1ve. Dokonca u\u017e prebehla aj prv\u00e1 tla\u010dov\u00e1 konferencia.<\/p>\n<p>Jej d\u00f4vodom bolo skompletizovanie pr\u00edchodu Andr\u00e9ho Gomesa. Ako jeden z\u00a0men\u0161iny hr\u00e1\u010dov A\u00a0t\u00edmu, ktor\u00ed sa prv\u00e9ho j\u00fala poslu\u0161ne hl\u00e1sili na vr\u00e1tnici, sa zapojil do skor\u00fdch pr\u00edprav na nov\u00fa sez\u00f3nu a\u00a0na spom\u00ednanej tla\u010dovke aj \u010do to prezradil. Vraj pri vo\u013ebe prestupu bol Everton jeho prv\u00e1 vo\u013eba. Doslova l\u00e1ska na prv\u00fd poh\u013ead. A\u00a0ke\u010f osobn\u00e9 \u0161\u0165astie je pre v\u00e1s to podstatn\u00e9, u\u017e bolo treba len zariadi\u0165 detaily.<\/p>\n<p>Okrem Portugal\u010dana sme mohli v\u00a0Halewoodskom tr\u00e9ningovom centre vidie\u0165 v\u00a0akcii aj Leightona Bainesa, Walcotta, Schneiderlina, McCarthyho, Lookmana, nov\u00e9ho brank\u00e1ra L\u00f6ssla, Stekelenburga, usmievav\u00e9ho Holgatea \u010di Toma Daviesa. Medzi nimi nech\u00fdbala ani v\u00e4\u010d\u0161ina hr\u00e1\u010dov z\u00a0kateg\u00f3rie U23 a\u00a0ni\u017e\u0161ie.<\/p>\n<p>A vybran\u00ed z nich poputovali aj s h\u0155stkou hr\u00e1\u010dov prv\u00e9ho t\u00edmu lietadlom na prv\u00fd predsez\u00f3nny z\u00e1pas. Zo sponzorsk\u00fdch d\u00f4vodov destin\u00e1cia Ke\u0148a. Odlet sa konal v\u010dera ve\u010der z mancherstersk\u00e9ho letiska a na africkom kontinente vyst\u00fapilo na Jomo Kenyatta International Airport tak\u00e9to zoskupenie dvadsiatich dvoch hr\u00e1\u010dov :<\/p>\n<ul>\n<li><strong>Brank\u00e1ri:<\/strong> Maarten Stekelenburg, Jonas L\u00f6ssl<\/li>\n<li><strong>Obrana:<\/strong> Leighton Baines, Mason Holgate, Lewis Gibson, Morgan Feeney, Antonee Robinson, Nathangelo Markelo<\/li>\n<li><strong>Z\u00e1loha:<\/strong> Morgan Schneiderlin, Andr\u00e9 Gomes, Tom Davies, Dennis Adeniran, Ryan Astley, Callum Connolly, Beni Baningime, Joe Williams<\/li>\n<li><strong>\u00datok:<\/strong> Theo Walcott, Ademola Lookman, Oumar Niasse, Nathan Broadhead, Fraser Hornby, Josh Bowler<\/li>\n<\/ul>\n<p>Z\u00a0mlad\u0161\u00edch ro\u010dn\u00edkov mal \u00fadajne dosta\u0165 pr\u00edle\u017eitos\u0165 aj plodn\u00fd \u00fato\u010dn\u00edk Ellis Simms. Len\u017ee ten sa na palube nenach\u00e1dzal. Za to pozvan\u00e9 do pr\u00edmorsk\u00e9ho \u0161t\u00e1tu boli tri \u010dlenky \u017eensk\u00e9ho t\u00edmu \u2013 kapit\u00e1nka Danielle Turnerov\u00e1, Gabby Georgeov\u00e1 and Simone McGillov\u00e1. A\u00a0nesmie ch\u00fdba\u0165 ani ich mana\u017e\u00e9r, Willie Kirk.<\/p>\n<p>Priate\u013esk\u00e9ho z\u00e1pasu sa nez\u00fa\u010dastn\u00ed \u00cdr McCarthy. Ten taktie\u017e neletel s v\u00fdpravou a hlasno sa hovor\u00ed o jeho odchode z klubu. Mlad\u00fd brank\u00e1r Virginia zah\u00e1jil pr\u00edpravu, ale s t\u00edmom necestoval. Po\u010das najbli\u017e\u0161\u00edch dn\u00ed sa predpoklad\u00e1 skompletizovanie jeho hos\u0165ovania v Readingu, odkia\u013e si ho vyhliadol krajan Jos\u00e9 Manuel Gomes. A kde tr\u010d\u00ed Mirallas, to nikto nevie.<\/p>\n<p>Bernard sa do pr\u00edpravy dostal len v\u010dera, tak\u017ee jeho ne\u00fa\u010das\u0165 je pochopite\u013en\u00e1. Calvert-Lewin a\u00a0Dowell zatia\u013e nemaj\u00fa stanoven\u00fd d\u00e1tum n\u00e1vratu. Skupinka Sigurdsson, Digne, Keane, Pickford a\u00a0Coleman m\u00e1 hl\u00e1sen\u00fd n\u00e1vrat na pondelok, v\u010faka pred\u013a\u017eenej dovolenke z\u00a0reprezenta\u010dn\u00fdch povinnost\u00ed.<\/p>\n<p>Tie v\u0161ak st\u00e1le maj\u00fa Richarlison a Gueye. Prv\u00fd menovan\u00fd dokonca prekonal infek\u010dn\u00e9 ochorenie mumps, respekt\u00edve z\u00e1pal pr\u00edu\u0161n\u00fdch \u017eliaz. Tak\u017ee by sme sa v\u00f4bec nehnevali, ak by n\u00e1m ho n\u00e1rodn\u00fd v\u00fdber Braz\u00edlie poslal domov sk\u00f4r. Zato Idrissa sa so Senegalom prebojoval a\u017e do \u0161tvr\u0165fin\u00e1le Africk\u00e9ho poh\u00e1ra n\u00e1rodov, tak\u017ee dr\u017e\u00edme palce.<\/p>\n<hr \/>\n<p><strong><em>SportPesa Cup opposition<\/em><\/strong><\/p>\n<p>\u010eal\u0161\u00ed ro\u010dn\u00edk poh\u00e1ra n\u00e1\u0161ho hlavn\u00e9ho sponzora vyhral deviaty t\u00edm kenskej Premier League, \u010d\u00edm z\u00edskal vstupenku na \u0161l\u00e1ger proti Karamelk\u00e1m. \u017draloci vznikli v\u00a0roku 2000, ke\u010f sa partia ambici\u00f3znych mlad\u00edkov rozhodla zalo\u017ei\u0165 amat\u00e9rsky t\u00edm v Kariobangi, jednej z\u00a0chudobnej\u0161\u00edch \u0161tvrt\u00ed Nairobi. Kde v\u00e4\u010d\u0161ina ml\u00e1de\u017ee prepadne drog\u00e1m a\u00a0kriminalite, \u010dasto b\u00fdva jedin\u00fdm svetlom n\u00e1deje pr\u00e1ve \u0161port.<\/p>\n<p>Vo fin\u00e1le sponzorskej s\u00fa\u0165a\u017ee porazili vo svojich zeleno-\u017elt\u00fdch farb\u00e1ch Bandari FC 1:0 a\u00a0ako sami tvrdia, ich cie\u013eom proti n\u00e1m nebude v\u00fdsledok, ale zbieranie \u010do najv\u00e4\u010d\u0161ieho mno\u017estva sk\u00fasenost\u00ed. Ubezpe\u010duj\u00fa v\u0161ak, \u017ee bud\u00fa pre The Toffees hodn\u00fdm s\u00faperom a\u00a0zahanbuj\u00face sk\u00f3re, ako pri minuloro\u010dnom Irdningu, sa kona\u0165 nebude.<\/p>\n<p>Pred t\u00fdmto s\u00faperom m\u00e1 v\u0161ak Everton na programe okrem\u00a0tla\u010dovky Marca Silvu a charitat\u00edvnych akci\u00ed e\u0161te obhliadku miestneho \u0161tadi\u00f3na. Ke\u010f\u017ee Sharks toti\u017eto hr\u00e1vaj\u00fa len na Kenyatta Stadium s\u00a0kapacitou 10 000 div\u00e1kov, duel sa odohr\u00e1 na Kasarami Stadium. Komer\u010dne pomenovan\u00fd Safaricom Stadium, ktor\u00fd je s\u00fa\u010das\u0165ou Moi International Sports Centre, host\u00ed dom\u00e1ce z\u00e1pasy Kene. Tie\u017e je domovom Mathare United a Tusker F.C.<\/p>\n<p>Stretnutie bude na\u017eivo vysielan\u00e9 ofici\u00e1lnym streamom webstr\u00e1nky Evertonu, ku ktor\u00e9mu z\u00edskate pr\u00edstup po zak\u00fapen\u00ed ro\u010dn\u00e9ho \u201eInternational\u201c \u010dlenstva. Cena aj tento rok ost\u00e1va rovnak\u00e1 &#8211; \u00a0\u00a330. Okrem digit\u00e1lneho bal\u00ed\u010dka, ktor\u00fd obsahuje pr\u00edstup k\u00a0sledovaniu v\u0161etk\u00fdch pr\u00edpravn\u00fdch z\u00e1pasov, vybran\u00fdch stretnut\u00ed U23 po\u010das sez\u00f3ny a\u00a0exkluz\u00edvnemu obsahu Everton TV, dostanete aj uv\u00edtac\u00ed bal\u00ed\u010dek s\u00a0\u010dlenskou kartou a\u00a0r\u00f4znymi drobnos\u0165ami. Okrem toho m\u00e1te n\u00e1rok na r\u00f4zne z\u013eavy, pr\u00edstup k\u00a0l\u00edstkom \u010di in\u00e9 v\u00fdhody.<\/p>\n<hr \/>\n<h3 style=\"text-align: center;\"><span style=\"color: #0000ff;\"><strong><em>Up The Toffees !!!<\/em><\/strong><\/span><\/h3>\n<p><strong>\u010co:<\/strong> Kariobangi Sharks FC &#8211; Everton FC, Priate\u013esk\u00fd z\u00e1pas<br \/>\n<strong>Kedy:<\/strong> 7.7. 2019 od 15:00 SE\u010c<br \/>\n<strong>Ako: <\/strong><a href=\"https:\/\/www.evertonfc.com\/makeitofficial\" target=\"_blank\" rel=\"noopener noreferrer\">Official Everton Membership Stream<\/a><br \/>\n<strong>Kde:<\/strong> Kasarani Stadium \u2013 Kasarami, Nairobi, Ke\u0148a (kapacita: 60 000)<\/p>\n","protected":false},"excerpt":{"rendered":"<p>Leto je v plnom pr\u00fade a rovnako tak predsez\u00f3nna pr\u00edprava. A po t\u00fd\u017edni prv\u00fdch tr\u00e9ningov sa Everton predstav\u00ed op\u00e4\u0165 v Afrike. Na za\u010diatok mu s\u00faperom bud\u00fa \u017draloci.<\/p>\n","protected":false},"author":1,"featured_media":8335,"comment_status":"open","ping_status":"closed","sticky":false,"template":"","format":"standard","meta":{"_eb_attr":"","_monsterinsights_skip_tracking":false,"_monsterinsights_sitenote_active":false,"_monsterinsights_sitenote_note":"","_monsterinsights_sitenote_category":0,"footnotes":""},"categories":[4],"tags":[],"yoast_head":"<!-- This site is optimized with the Yoast SEO plugin v23.4 - https:\/\/yoast.com\/wordpress\/plugins\/seo\/ -->\n<title>Friendly Preview: Kariobangi Sharks \u2013 Everton - Official Czech &amp; Slovak Everton Supporters&#039; Club<\/title>\n<meta name=\"robots\" content=\"index, follow, max-snippet:-1, max-image-preview:large, max-video-preview:-1\" \/>\n<link rel=\"canonical\" href=\"https:\/\/evertonfc.cz\/index.php\/2019\/07\/06\/friendly-preview-kariobangi-sharks-everton\/\" \/>\n<meta property=\"og:locale\" content=\"cs_CZ\" \/>\n<meta property=\"og:type\" content=\"article\" \/>\n<meta property=\"og:title\" content=\"Friendly Preview: Kariobangi Sharks \u2013 Everton - Official Czech &amp; Slovak Everton Supporters&#039; Club\" \/>\n<meta property=\"og:description\" content=\"Leto je v plnom pr\u00fade a rovnako tak predsez\u00f3nna pr\u00edprava. A po t\u00fd\u017edni prv\u00fdch tr\u00e9ningov sa Everton predstav\u00ed op\u00e4\u0165 v Afrike. Na za\u010diatok mu s\u00faperom bud\u00fa \u017draloci.\" \/>\n<meta property=\"og:url\" content=\"https:\/\/evertonfc.cz\/index.php\/2019\/07\/06\/friendly-preview-kariobangi-sharks-everton\/\" \/>\n<meta property=\"og:site_name\" content=\"Official Czech &amp; Slovak Everton Supporters&#039; Club\" \/>\n<meta property=\"article:publisher\" content=\"https:\/\/www.facebook.com\/everton.fans.cz.sk\" \/>\n<meta property=\"article:published_time\" content=\"2019-07-06T10:23:17+00:00\" \/>\n<meta property=\"article:modified_time\" content=\"2019-07-06T12:59:07+00:00\" \/>\n<meta property=\"og:image\" content=\"https:\/\/evertonfc.cz\/wp-content\/uploads\/2019\/07\/Kariobangi-Sharks-6-7-2019.jpg\" \/>\n\t<meta property=\"og:image:width\" content=\"720\" \/>\n\t<meta property=\"og:image:height\" content=\"405\" \/>\n\t<meta property=\"og:image:type\" content=\"image\/jpeg\" \/>\n<meta name=\"author\" content=\"BlueBlooded\" \/>\n<meta name=\"twitter:card\" content=\"summary_large_image\" \/>\n<meta name=\"twitter:label1\" content=\"Napsal(a)\" \/>\n\t<meta name=\"twitter:data1\" content=\"BlueBlooded\" \/>\n\t<meta name=\"twitter:label2\" content=\"Odhadovan\u00e1 doba \u010dten\u00ed\" \/>\n\t<meta name=\"twitter:data2\" content=\"5 minut\" \/>\n<script type=\"application\/ld+json\" class=\"yoast-schema-graph\">{\"@context\":\"https:\/\/schema.org\",\"@graph\":[{\"@type\":\"Article\",\"@id\":\"https:\/\/evertonfc.cz\/index.php\/2019\/07\/06\/friendly-preview-kariobangi-sharks-everton\/#article\",\"isPartOf\":{\"@id\":\"https:\/\/evertonfc.cz\/index.php\/2019\/07\/06\/friendly-preview-kariobangi-sharks-everton\/\"},\"author\":{\"name\":\"BlueBlooded\",\"@id\":\"https:\/\/evertonfc.cz\/#\/schema\/person\/d4493b8cbea51532597fbc4685698916\"},\"headline\":\"Friendly Preview: Kariobangi Sharks \u2013 Everton\",\"datePublished\":\"2019-07-06T10:23:17+00:00\",\"dateModified\":\"2019-07-06T12:59:07+00:00\",\"mainEntityOfPage\":{\"@id\":\"https:\/\/evertonfc.cz\/index.php\/2019\/07\/06\/friendly-preview-kariobangi-sharks-everton\/\"},\"wordCount\":939,\"commentCount\":1,\"publisher\":{\"@id\":\"https:\/\/evertonfc.cz\/#organization\"},\"image\":{\"@id\":\"https:\/\/evertonfc.cz\/index.php\/2019\/07\/06\/friendly-preview-kariobangi-sharks-everton\/#primaryimage\"},\"thumbnailUrl\":\"https:\/\/evertonfc.cz\/wp-content\/uploads\/2019\/07\/Kariobangi-Sharks-6-7-2019.jpg\",\"articleSection\":[\"Z\u00e1pasy\"],\"inLanguage\":\"cs\",\"potentialAction\":[{\"@type\":\"CommentAction\",\"name\":\"Comment\",\"target\":[\"https:\/\/evertonfc.cz\/index.php\/2019\/07\/06\/friendly-preview-kariobangi-sharks-everton\/#respond\"]}]},{\"@type\":\"WebPage\",\"@id\":\"https:\/\/evertonfc.cz\/index.php\/2019\/07\/06\/friendly-preview-kariobangi-sharks-everton\/\",\"url\":\"https:\/\/evertonfc.cz\/index.php\/2019\/07\/06\/friendly-preview-kariobangi-sharks-everton\/\",\"name\":\"Friendly Preview: Kariobangi Sharks \u2013 Everton - Official Czech &amp; Slovak Everton Supporters&#039; Club\",\"isPartOf\":{\"@id\":\"https:\/\/evertonfc.cz\/#website\"},\"primaryImageOfPage\":{\"@id\":\"https:\/\/evertonfc.cz\/index.php\/2019\/07\/06\/friendly-preview-kariobangi-sharks-everton\/#primaryimage\"},\"image\":{\"@id\":\"https:\/\/evertonfc.cz\/index.php\/2019\/07\/06\/friendly-preview-kariobangi-sharks-everton\/#primaryimage\"},\"thumbnailUrl\":\"https:\/\/evertonfc.cz\/wp-content\/uploads\/2019\/07\/Kariobangi-Sharks-6-7-2019.jpg\",\"datePublished\":\"2019-07-06T10:23:17+00:00\",\"dateModified\":\"2019-07-06T12:59:07+00:00\",\"breadcrumb\":{\"@id\":\"https:\/\/evertonfc.cz\/index.php\/2019\/07\/06\/friendly-preview-kariobangi-sharks-everton\/#breadcrumb\"},\"inLanguage\":\"cs\",\"potentialAction\":[{\"@type\":\"ReadAction\",\"target\":[\"https:\/\/evertonfc.cz\/index.php\/2019\/07\/06\/friendly-preview-kariobangi-sharks-everton\/\"]}]},{\"@type\":\"ImageObject\",\"inLanguage\":\"cs\",\"@id\":\"https:\/\/evertonfc.cz\/index.php\/2019\/07\/06\/friendly-preview-kariobangi-sharks-everton\/#primaryimage\",\"url\":\"https:\/\/evertonfc.cz\/wp-content\/uploads\/2019\/07\/Kariobangi-Sharks-6-7-2019.jpg\",\"contentUrl\":\"https:\/\/evertonfc.cz\/wp-content\/uploads\/2019\/07\/Kariobangi-Sharks-6-7-2019.jpg\",\"width\":720,\"height\":405},{\"@type\":\"BreadcrumbList\",\"@id\":\"https:\/\/evertonfc.cz\/index.php\/2019\/07\/06\/friendly-preview-kariobangi-sharks-everton\/#breadcrumb\",\"itemListElement\":[{\"@type\":\"ListItem\",\"position\":1,\"name\":\"Home\",\"item\":\"https:\/\/evertonfc.cz\/\"},{\"@type\":\"ListItem\",\"position\":2,\"name\":\"Friendly Preview: Kariobangi Sharks \u2013 Everton\"}]},{\"@type\":\"WebSite\",\"@id\":\"https:\/\/evertonfc.cz\/#website\",\"url\":\"https:\/\/evertonfc.cz\/\",\"name\":\"Official Czech &amp; Slovak Everton Supporters&#039; Club\",\"description\":\"\",\"publisher\":{\"@id\":\"https:\/\/evertonfc.cz\/#organization\"},\"potentialAction\":[{\"@type\":\"SearchAction\",\"target\":{\"@type\":\"EntryPoint\",\"urlTemplate\":\"https:\/\/evertonfc.cz\/?s={search_term_string}\"},\"query-input\":{\"@type\":\"PropertyValueSpecification\",\"valueRequired\":true,\"valueName\":\"search_term_string\"}}],\"inLanguage\":\"cs\"},{\"@type\":\"Organization\",\"@id\":\"https:\/\/evertonfc.cz\/#organization\",\"name\":\"Official Czech & Slovak Everton Supporters' Club\",\"url\":\"https:\/\/evertonfc.cz\/\",\"logo\":{\"@type\":\"ImageObject\",\"inLanguage\":\"cs\",\"@id\":\"https:\/\/evertonfc.cz\/#\/schema\/logo\/image\/\",\"url\":\"https:\/\/evertonfc.cz\/wp-content\/uploads\/2019\/05\/logo.png\",\"contentUrl\":\"https:\/\/evertonfc.cz\/wp-content\/uploads\/2019\/05\/logo.png\",\"width\":112,\"height\":112,\"caption\":\"Official Czech & Slovak Everton Supporters' Club\"},\"image\":{\"@id\":\"https:\/\/evertonfc.cz\/#\/schema\/logo\/image\/\"},\"sameAs\":[\"https:\/\/www.facebook.com\/everton.fans.cz.sk\"]},{\"@type\":\"Person\",\"@id\":\"https:\/\/evertonfc.cz\/#\/schema\/person\/d4493b8cbea51532597fbc4685698916\",\"name\":\"BlueBlooded\",\"url\":\"https:\/\/evertonfc.cz\/index.php\/author\/admin\/\"}]}<\/script>\n<!-- \/ Yoast SEO plugin. -->","yoast_head_json":{"title":"Friendly Preview: Kariobangi Sharks \u2013 Everton - Official Czech &amp; Slovak Everton Supporters&#039; Club","robots":{"index":"index","follow":"follow","max-snippet":"max-snippet:-1","max-image-preview":"max-image-preview:large","max-video-preview":"max-video-preview:-1"},"canonical":"https:\/\/evertonfc.cz\/index.php\/2019\/07\/06\/friendly-preview-kariobangi-sharks-everton\/","og_locale":"cs_CZ","og_type":"article","og_title":"Friendly Preview: Kariobangi Sharks \u2013 Everton - Official Czech &amp; Slovak Everton Supporters&#039; Club","og_description":"Leto je v plnom pr\u00fade a rovnako tak predsez\u00f3nna pr\u00edprava. A po t\u00fd\u017edni prv\u00fdch tr\u00e9ningov sa Everton predstav\u00ed op\u00e4\u0165 v Afrike. Na za\u010diatok mu s\u00faperom bud\u00fa \u017draloci.","og_url":"https:\/\/evertonfc.cz\/index.php\/2019\/07\/06\/friendly-preview-kariobangi-sharks-everton\/","og_site_name":"Official Czech &amp; Slovak Everton Supporters&#039; Club","article_publisher":"https:\/\/www.facebook.com\/everton.fans.cz.sk","article_published_time":"2019-07-06T10:23:17+00:00","article_modified_time":"2019-07-06T12:59:07+00:00","og_image":[{"width":720,"height":405,"url":"https:\/\/evertonfc.cz\/wp-content\/uploads\/2019\/07\/Kariobangi-Sharks-6-7-2019.jpg","type":"image\/jpeg"}],"author":"BlueBlooded","twitter_card":"summary_large_image","twitter_misc":{"Napsal(a)":"BlueBlooded","Odhadovan\u00e1 doba \u010dten\u00ed":"5 minut"},"schema":{"@context":"https:\/\/schema.org","@graph":[{"@type":"Article","@id":"https:\/\/evertonfc.cz\/index.php\/2019\/07\/06\/friendly-preview-kariobangi-sharks-everton\/#article","isPartOf":{"@id":"https:\/\/evertonfc.cz\/index.php\/2019\/07\/06\/friendly-preview-kariobangi-sharks-everton\/"},"author":{"name":"BlueBlooded","@id":"https:\/\/evertonfc.cz\/#\/schema\/person\/d4493b8cbea51532597fbc4685698916"},"headline":"Friendly Preview: Kariobangi Sharks \u2013 Everton","datePublished":"2019-07-06T10:23:17+00:00","dateModified":"2019-07-06T12:59:07+00:00","mainEntityOfPage":{"@id":"https:\/\/evertonfc.cz\/index.php\/2019\/07\/06\/friendly-preview-kariobangi-sharks-everton\/"},"wordCount":939,"commentCount":1,"publisher":{"@id":"https:\/\/evertonfc.cz\/#organization"},"image":{"@id":"https:\/\/evertonfc.cz\/index.php\/2019\/07\/06\/friendly-preview-kariobangi-sharks-everton\/#primaryimage"},"thumbnailUrl":"https:\/\/evertonfc.cz\/wp-content\/uploads\/2019\/07\/Kariobangi-Sharks-6-7-2019.jpg","articleSection":["Z\u00e1pasy"],"inLanguage":"cs","potentialAction":[{"@type":"CommentAction","name":"Comment","target":["https:\/\/evertonfc.cz\/index.php\/2019\/07\/06\/friendly-preview-kariobangi-sharks-everton\/#respond"]}]},{"@type":"WebPage","@id":"https:\/\/evertonfc.cz\/index.php\/2019\/07\/06\/friendly-preview-kariobangi-sharks-everton\/","url":"https:\/\/evertonfc.cz\/index.php\/2019\/07\/06\/friendly-preview-kariobangi-sharks-everton\/","name":"Friendly Preview: Kariobangi Sharks \u2013 Everton - Official Czech &amp; Slovak Everton Supporters&#039; Club","isPartOf":{"@id":"https:\/\/evertonfc.cz\/#website"},"primaryImageOfPage":{"@id":"https:\/\/evertonfc.cz\/index.php\/2019\/07\/06\/friendly-preview-kariobangi-sharks-everton\/#primaryimage"},"image":{"@id":"https:\/\/evertonfc.cz\/index.php\/2019\/07\/06\/friendly-preview-kariobangi-sharks-everton\/#primaryimage"},"thumbnailUrl":"https:\/\/evertonfc.cz\/wp-content\/uploads\/2019\/07\/Kariobangi-Sharks-6-7-2019.jpg","datePublished":"2019-07-06T10:23:17+00:00","dateModified":"2019-07-06T12:59:07+00:00","breadcrumb":{"@id":"https:\/\/evertonfc.cz\/index.php\/2019\/07\/06\/friendly-preview-kariobangi-sharks-everton\/#breadcrumb"},"inLanguage":"cs","potentialAction":[{"@type":"ReadAction","target":["https:\/\/evertonfc.cz\/index.php\/2019\/07\/06\/friendly-preview-kariobangi-sharks-everton\/"]}]},{"@type":"ImageObject","inLanguage":"cs","@id":"https:\/\/evertonfc.cz\/index.php\/2019\/07\/06\/friendly-preview-kariobangi-sharks-everton\/#primaryimage","url":"https:\/\/evertonfc.cz\/wp-content\/uploads\/2019\/07\/Kariobangi-Sharks-6-7-2019.jpg","contentUrl":"https:\/\/evertonfc.cz\/wp-content\/uploads\/2019\/07\/Kariobangi-Sharks-6-7-2019.jpg","width":720,"height":405},{"@type":"BreadcrumbList","@id":"https:\/\/evertonfc.cz\/index.php\/2019\/07\/06\/friendly-preview-kariobangi-sharks-everton\/#breadcrumb","itemListElement":[{"@type":"ListItem","position":1,"name":"Home","item":"https:\/\/evertonfc.cz\/"},{"@type":"ListItem","position":2,"name":"Friendly Preview: Kariobangi Sharks \u2013 Everton"}]},{"@type":"WebSite","@id":"https:\/\/evertonfc.cz\/#website","url":"https:\/\/evertonfc.cz\/","name":"Official Czech &amp; Slovak Everton Supporters&#039; Club","description":"","publisher":{"@id":"https:\/\/evertonfc.cz\/#organization"},"potentialAction":[{"@type":"SearchAction","target":{"@type":"EntryPoint","urlTemplate":"https:\/\/evertonfc.cz\/?s={search_term_string}"},"query-input":{"@type":"PropertyValueSpecification","valueRequired":true,"valueName":"search_term_string"}}],"inLanguage":"cs"},{"@type":"Organization","@id":"https:\/\/evertonfc.cz\/#organization","name":"Official Czech & Slovak Everton Supporters' Club","url":"https:\/\/evertonfc.cz\/","logo":{"@type":"ImageObject","inLanguage":"cs","@id":"https:\/\/evertonfc.cz\/#\/schema\/logo\/image\/","url":"https:\/\/evertonfc.cz\/wp-content\/uploads\/2019\/05\/logo.png","contentUrl":"https:\/\/evertonfc.cz\/wp-content\/uploads\/2019\/05\/logo.png","width":112,"height":112,"caption":"Official Czech & Slovak Everton Supporters' Club"},"image":{"@id":"https:\/\/evertonfc.cz\/#\/schema\/logo\/image\/"},"sameAs":["https:\/\/www.facebook.com\/everton.fans.cz.sk"]},{"@type":"Person","@id":"https:\/\/evertonfc.cz\/#\/schema\/person\/d4493b8cbea51532597fbc4685698916","name":"BlueBlooded","url":"https:\/\/evertonfc.cz\/index.php\/author\/admin\/"}]}},"_links":{"self":[{"href":"https:\/\/evertonfc.cz\/index.php\/wp-json\/wp\/v2\/posts\/8330"}],"collection":[{"href":"https:\/\/evertonfc.cz\/index.php\/wp-json\/wp\/v2\/posts"}],"about":[{"href":"https:\/\/evertonfc.cz\/index.php\/wp-json\/wp\/v2\/types\/post"}],"author":[{"embeddable":true,"href":"https:\/\/evertonfc.cz\/index.php\/wp-json\/wp\/v2\/users\/1"}],"replies":[{"embeddable":true,"href":"https:\/\/evertonfc.cz\/index.php\/wp-json\/wp\/v2\/comments?post=8330"}],"version-history":[{"count":7,"href":"https:\/\/evertonfc.cz\/index.php\/wp-json\/wp\/v2\/posts\/8330\/revisions"}],"predecessor-version":[{"id":8341,"href":"https:\/\/evertonfc.cz\/index.php\/wp-json\/wp\/v2\/posts\/8330\/revisions\/8341"}],"wp:featuredmedia":[{"embeddable":true,"href":"https:\/\/evertonfc.cz\/index.php\/wp-json\/wp\/v2\/media\/8335"}],"wp:attachment":[{"href":"https:\/\/evertonfc.cz\/index.php\/wp-json\/wp\/v2\/media?parent=8330"}],"wp:term":[{"taxonomy":"category","embeddable":true,"href":"https:\/\/evertonfc.cz\/index.php\/wp-json\/wp\/v2\/categories?post=8330"},{"taxonomy":"post_tag","embeddable":true,"href":"https:\/\/evertonfc.cz\/index.php\/wp-json\/wp\/v2\/tags?post=8330"}],"curies":[{"name":"wp","href":"https:\/\/api.w.org\/{rel}","templated":true}]}}