{"id":8385,"date":"2019-07-08T11:04:09","date_gmt":"2019-07-08T09:04:09","guid":{"rendered":"https:\/\/evertonfc.cz\/?p=8385"},"modified":"2019-07-08T13:05:22","modified_gmt":"2019-07-08T11:05:22","slug":"richarlison-vyhral-s-brazilii-copu","status":"publish","type":"post","link":"https:\/\/evertonfc.cz\/index.php\/2019\/07\/08\/richarlison-vyhral-s-brazilii-copu\/","title":{"rendered":"Richarlison vyhr\u00e1l s Braz\u00edli\u00ed Copu"},"content":{"rendered":"<h4>Kan\u00e1rci se po 12 letech stali mistry jihoamerick\u00e9ho kontinentu, kdy\u017e ve fin\u00e1le na dom\u00e1c\u00ed p\u016fd\u011b i z\u00e1sluhou branky Richarlisona porazili Peru 3:1.<\/h4>\n<p>Roste Evertonu sv\u011btov\u00e1 hv\u011bzda? Richarlison triumfem na turnaji Copa America zavr\u0161il svou \u017eivotn\u00ed sez\u00f3nu, v n\u00ed\u017e se katapultoval mezi nejz\u00e1\u0159iv\u011bj\u0161\u00ed talenty sou\u010dasn\u00e9ho fotbalu.<\/p>\n<p>Everton koupil 22let\u00e9ho Brazilce z\u00a0Watfordu v lo\u0148sk\u00e9m l\u00e9t\u011b za z\u00e1kladn\u00ed \u010d\u00e1stku ve v\u00fd\u0161i 35 mili\u00f3n\u016f liber, k n\u00ed\u017e jsou v\u00e1z\u00e1ny je\u0161t\u011b r\u016fzn\u00e9 patn\u00e1ctimilionov\u00e9 bonusy. Transfer schytal mnoho kritick\u00fd ohlas\u016f, <a href=\"https:\/\/www.football365.com\/news\/sky-sports-pundit-accuses-everton-of-spoiling-window\" target=\"_blank\" rel=\"noopener noreferrer\">n\u011bkte\u0159\u00ed experti dokonce obvinili Toffees z toho, \u017ee nadhodnocenou sumou zni\u010dili p\u0159estupov\u00fd trh<\/a>.<\/p>\n<p>Marco Silva byl ale zcela p\u0159esv\u011bd\u010den o spr\u00e1vnosti p\u0159estupu, s\u00e1m si ostatn\u011b vy\u017e\u00e1dal Richarlison\u016fv p\u0159\u00edchod z Fluminense do anglick\u00e9ho fotbalu a coby mana\u017eer Watfordu p\u016flroku dohl\u00ed\u017eel na hr\u00e1\u010d\u016fv v\u00fdvoj.<\/p>\n<p>A milionov\u00e1 v\u00edra v Richarlison\u016fv potenci\u00e1l se Evertonu, zd\u00e1 se, nakonec velmi vyplatila.<\/p>\n<p>Richarlison od za\u010d\u00e1tku anga\u017em\u00e1 v modr\u00e9m dresu t\u00e1hl ofenzivu mu\u017estva. B\u011bhem cel\u00e9ho ro\u010dn\u00edku 2018\/19 p\u0159edv\u00e1d\u011bl nad\u011bjn\u00e9 v\u00fdkony jak na obou k\u0159\u00eddlech, tak sam\u00e9m hrotu \u00fatoku.<\/p>\n<p>Ligovou sez\u00f3nu zakon\u010dil s bilanc\u00ed 13 vst\u0159elen\u00fdch branek (v lo\u0148sk\u00e9 Premier League neb\u011bhal g\u00f3lov\u011b produktivn\u011bj\u0161\u00ed Brazilec) a v \u010dervnu se zaslou\u017een\u011b do\u010dkal nominace do n\u00e1rodn\u00edho t\u00fdmu Braz\u00edlie na turnaj Copa America.<\/p>\n<p>Brazilci jako po\u0159adatel\u00e9 \u0161ampion\u00e1tu nec\u00edlili na nic men\u0161\u00edho ne\u017e na zlat\u00e9 medaile, i kdy\u017e museli o\u017eelet ne\u00fa\u010dast sv\u00e9ho nejv\u011bt\u0161\u00edho tahouna Neymara. Zku\u0161en\u00fd tren\u00e9r Tite p\u0159i absenci \u00fato\u010dn\u00edka PSG vsadil na t\u00fdmovou soudr\u017enost a zodpov\u011bdnou taktiku vych\u00e1zej\u00edc\u00ed ze zabezpe\u010den\u00e9 defenzivy.<\/p>\n<p>Tite rovn\u011b\u017e projevil velkou d\u016fv\u011bru v Richarlisona, kter\u00e9mu dop\u0159\u00e1l debut v n\u00e1rodn\u00edm t\u00fdmu u\u017e na podzim 2018.<\/p>\n<p>Richarlison pat\u0159il do z\u00e1kladn\u00ed sestavy Brazilc\u016f v prvn\u00edch dvou z\u00e1pasech na turnaji, a p\u0159esto\u017ee pozd\u011bji onemocn\u011bl p\u0159\u00edu\u0161nicemi, po vyl\u00e9\u010den\u00ed op\u011bt dostal \u0161anci, a to rovnou ve fin\u00e1le.<\/p>\n<p>Do souboje s Peru zas\u00e1hl na posledn\u00ed \u010dtvrthodinu, kdy Brazilici v deseti mu\u017e\u00edch bez vylou\u010den\u00e9ho Gabriela Jesuse h\u00e1jili jednog\u00f3lov\u00fd n\u00e1skok. Richarlison na hrotu \u00fatoku umn\u011b dr\u017eel m\u00ed\u010de proti n\u011bkolikan\u00e1sobn\u00e9 p\u0159esile a velmi slu\u0161n\u00e9 p\u0159edstaven\u00ed zavr\u0161il v sam\u00e9m z\u00e1v\u011bru fin\u00e1le. Po odp\u00edskan\u00e9 penalt\u011b se okam\u017eit\u011b zmocnil m\u00ed\u010de a p\u0159esn\u00fdm kopem z b\u00edl\u00e9ho punt\u00edku pe\u010detil v\u00fdhru kan\u00e1rk\u016f 3:1.<\/p>\n<p>Richarlison, jen\u017e u\u017e b\u011bhem \u0161ampion\u00e1tu odm\u00edtl jak\u00fdkoliv odchod z Evertonu a navrch vysekl poklonu mana\u017eerovi Silvovi, na sebe neprvopl\u00e1nov\u011b strhl pozornost i b\u011bhem poz\u00e1pasov\u00e9m rozhovoru. Fin\u00e1lov\u00fd g\u00f3l sl\u00edbil v\u011bnovat sv\u00e9 prababi\u010dce, v n\u00e1valu emoc\u00ed ale zapomn\u011bl jej\u00ed jm\u00e9no. Jakmile mu pozd\u011bj p\u0159i\u0161lo na jazyk, nev\u00e1hal p\u0159eru\u0161it rozhovor spoluhr\u00e1\u010de Casemira s report\u00e9rem a dodate\u010dn\u011b ze sebe vyhrkl do televize \u201eDona Judite!\u201c.<\/p>\n<p>Takov\u00fd je Richarlison \u2013 st\u00e1le mlad\u00fd kluk, kter\u00fd \u017eije sv\u016fj sen profesion\u00e1ln\u00edho fotbalisty. Bavit se chce nejet s m\u00ed\u010dem u nohy, z\u00e1rove\u0148 ale tvrd\u011b pracuje, aby se dot\u00e1hl na nejlep\u0161\u00ed hr\u00e1\u010de na sv\u011bt\u011b. Pot\u011b\u0161uj\u00edc\u00ed je zpr\u00e1va, \u017ee doposud opl\u00fdv\u00e1 loaj\u00e1lnost\u00ed k Evertonu. Do m\u00e9di\u00ed nemluv\u00ed o vytou\u017een\u00e9m p\u0159estupu do lep\u0161\u00edho klubu, <a href=\"https:\/\/evertonfc.cz\/index.php\/2019\/06\/15\/richarlison-chci-nerese-v-evertonu\/\" target=\"_blank\" rel=\"noopener noreferrer\">naopak by r\u00e1d p\u0159ivedl na Goodison Park sv\u00e9 talentovan\u00e9 spoluhr\u00e1\u010de z\u00a0reprezentace<\/a>.<\/p>\n","protected":false},"excerpt":{"rendered":"<p>Kan\u00e1rci se po 12 letech stali mistry jihoamerick\u00e9ho kontinentu, kdy\u017e ve fin\u00e1le na dom\u00e1c\u00ed p\u016fd\u011b i z\u00e1sluhou branky Richarlisona porazili&hellip;<\/p>\n","protected":false},"author":6,"featured_media":8355,"comment_status":"open","ping_status":"closed","sticky":false,"template":"","format":"standard","meta":{"_eb_attr":"","_monsterinsights_skip_tracking":false,"_monsterinsights_sitenote_active":false,"_monsterinsights_sitenote_note":"","_monsterinsights_sitenote_category":0,"footnotes":""},"categories":[42],"tags":[],"yoast_head":"<!-- This site is optimized with the Yoast SEO plugin v23.4 - https:\/\/yoast.com\/wordpress\/plugins\/seo\/ -->\n<title>Richarlison vyhr\u00e1l s Braz\u00edli\u00ed Copu - Official Czech &amp; Slovak Everton Supporters&#039; Club<\/title>\n<meta name=\"robots\" content=\"index, follow, max-snippet:-1, max-image-preview:large, max-video-preview:-1\" \/>\n<link rel=\"canonical\" href=\"https:\/\/evertonfc.cz\/index.php\/2019\/07\/08\/richarlison-vyhral-s-brazilii-copu\/\" \/>\n<meta property=\"og:locale\" content=\"cs_CZ\" \/>\n<meta property=\"og:type\" content=\"article\" \/>\n<meta property=\"og:title\" content=\"Richarlison vyhr\u00e1l s Braz\u00edli\u00ed Copu - Official Czech &amp; Slovak Everton Supporters&#039; Club\" \/>\n<meta property=\"og:description\" content=\"Kan\u00e1rci se po 12 letech stali mistry jihoamerick\u00e9ho kontinentu, kdy\u017e ve fin\u00e1le na dom\u00e1c\u00ed p\u016fd\u011b i z\u00e1sluhou branky Richarlisona porazili&hellip;\" \/>\n<meta property=\"og:url\" content=\"https:\/\/evertonfc.cz\/index.php\/2019\/07\/08\/richarlison-vyhral-s-brazilii-copu\/\" \/>\n<meta property=\"og:site_name\" content=\"Official Czech &amp; Slovak Everton Supporters&#039; Club\" \/>\n<meta property=\"article:publisher\" content=\"https:\/\/www.facebook.com\/everton.fans.cz.sk\" \/>\n<meta property=\"article:published_time\" content=\"2019-07-08T09:04:09+00:00\" \/>\n<meta property=\"article:modified_time\" content=\"2019-07-08T11:05:22+00:00\" \/>\n<meta property=\"og:image\" content=\"https:\/\/evertonfc.cz\/wp-content\/uploads\/2019\/07\/richy_8_7_2019.jpg\" \/>\n\t<meta property=\"og:image:width\" content=\"720\" \/>\n\t<meta property=\"og:image:height\" content=\"450\" \/>\n\t<meta property=\"og:image:type\" content=\"image\/jpeg\" \/>\n<meta name=\"author\" content=\"Ri\u010di\" \/>\n<meta name=\"twitter:card\" content=\"summary_large_image\" \/>\n<meta name=\"twitter:creator\" content=\"@rbrejsa\" \/>\n<meta name=\"twitter:label1\" content=\"Napsal(a)\" \/>\n\t<meta name=\"twitter:data1\" content=\"Ri\u010di\" \/>\n\t<meta name=\"twitter:label2\" content=\"Odhadovan\u00e1 doba \u010dten\u00ed\" \/>\n\t<meta name=\"twitter:data2\" content=\"3 minuty\" \/>\n<script type=\"application\/ld+json\" class=\"yoast-schema-graph\">{\"@context\":\"https:\/\/schema.org\",\"@graph\":[{\"@type\":\"Article\",\"@id\":\"https:\/\/evertonfc.cz\/index.php\/2019\/07\/08\/richarlison-vyhral-s-brazilii-copu\/#article\",\"isPartOf\":{\"@id\":\"https:\/\/evertonfc.cz\/index.php\/2019\/07\/08\/richarlison-vyhral-s-brazilii-copu\/\"},\"author\":{\"name\":\"Ri\u010di\",\"@id\":\"https:\/\/evertonfc.cz\/#\/schema\/person\/f7a5daedb2ffee98480bc70e191aaef1\"},\"headline\":\"Richarlison vyhr\u00e1l s Braz\u00edli\u00ed Copu\",\"datePublished\":\"2019-07-08T09:04:09+00:00\",\"dateModified\":\"2019-07-08T11:05:22+00:00\",\"mainEntityOfPage\":{\"@id\":\"https:\/\/evertonfc.cz\/index.php\/2019\/07\/08\/richarlison-vyhral-s-brazilii-copu\/\"},\"wordCount\":642,\"commentCount\":2,\"publisher\":{\"@id\":\"https:\/\/evertonfc.cz\/#organization\"},\"image\":{\"@id\":\"https:\/\/evertonfc.cz\/index.php\/2019\/07\/08\/richarlison-vyhral-s-brazilii-copu\/#primaryimage\"},\"thumbnailUrl\":\"https:\/\/evertonfc.cz\/wp-content\/uploads\/2019\/07\/richy_8_7_2019.jpg\",\"articleSection\":[\"Aktuality\"],\"inLanguage\":\"cs\",\"potentialAction\":[{\"@type\":\"CommentAction\",\"name\":\"Comment\",\"target\":[\"https:\/\/evertonfc.cz\/index.php\/2019\/07\/08\/richarlison-vyhral-s-brazilii-copu\/#respond\"]}]},{\"@type\":\"WebPage\",\"@id\":\"https:\/\/evertonfc.cz\/index.php\/2019\/07\/08\/richarlison-vyhral-s-brazilii-copu\/\",\"url\":\"https:\/\/evertonfc.cz\/index.php\/2019\/07\/08\/richarlison-vyhral-s-brazilii-copu\/\",\"name\":\"Richarlison vyhr\u00e1l s Braz\u00edli\u00ed Copu - Official Czech &amp; Slovak Everton Supporters&#039; Club\",\"isPartOf\":{\"@id\":\"https:\/\/evertonfc.cz\/#website\"},\"primaryImageOfPage\":{\"@id\":\"https:\/\/evertonfc.cz\/index.php\/2019\/07\/08\/richarlison-vyhral-s-brazilii-copu\/#primaryimage\"},\"image\":{\"@id\":\"https:\/\/evertonfc.cz\/index.php\/2019\/07\/08\/richarlison-vyhral-s-brazilii-copu\/#primaryimage\"},\"thumbnailUrl\":\"https:\/\/evertonfc.cz\/wp-content\/uploads\/2019\/07\/richy_8_7_2019.jpg\",\"datePublished\":\"2019-07-08T09:04:09+00:00\",\"dateModified\":\"2019-07-08T11:05:22+00:00\",\"breadcrumb\":{\"@id\":\"https:\/\/evertonfc.cz\/index.php\/2019\/07\/08\/richarlison-vyhral-s-brazilii-copu\/#breadcrumb\"},\"inLanguage\":\"cs\",\"potentialAction\":[{\"@type\":\"ReadAction\",\"target\":[\"https:\/\/evertonfc.cz\/index.php\/2019\/07\/08\/richarlison-vyhral-s-brazilii-copu\/\"]}]},{\"@type\":\"ImageObject\",\"inLanguage\":\"cs\",\"@id\":\"https:\/\/evertonfc.cz\/index.php\/2019\/07\/08\/richarlison-vyhral-s-brazilii-copu\/#primaryimage\",\"url\":\"https:\/\/evertonfc.cz\/wp-content\/uploads\/2019\/07\/richy_8_7_2019.jpg\",\"contentUrl\":\"https:\/\/evertonfc.cz\/wp-content\/uploads\/2019\/07\/richy_8_7_2019.jpg\",\"width\":720,\"height\":450},{\"@type\":\"BreadcrumbList\",\"@id\":\"https:\/\/evertonfc.cz\/index.php\/2019\/07\/08\/richarlison-vyhral-s-brazilii-copu\/#breadcrumb\",\"itemListElement\":[{\"@type\":\"ListItem\",\"position\":1,\"name\":\"Home\",\"item\":\"https:\/\/evertonfc.cz\/\"},{\"@type\":\"ListItem\",\"position\":2,\"name\":\"Richarlison vyhr\u00e1l s Braz\u00edli\u00ed Copu\"}]},{\"@type\":\"WebSite\",\"@id\":\"https:\/\/evertonfc.cz\/#website\",\"url\":\"https:\/\/evertonfc.cz\/\",\"name\":\"Official Czech &amp; Slovak Everton Supporters&#039; Club\",\"description\":\"\",\"publisher\":{\"@id\":\"https:\/\/evertonfc.cz\/#organization\"},\"potentialAction\":[{\"@type\":\"SearchAction\",\"target\":{\"@type\":\"EntryPoint\",\"urlTemplate\":\"https:\/\/evertonfc.cz\/?s={search_term_string}\"},\"query-input\":{\"@type\":\"PropertyValueSpecification\",\"valueRequired\":true,\"valueName\":\"search_term_string\"}}],\"inLanguage\":\"cs\"},{\"@type\":\"Organization\",\"@id\":\"https:\/\/evertonfc.cz\/#organization\",\"name\":\"Official Czech & Slovak Everton Supporters' Club\",\"url\":\"https:\/\/evertonfc.cz\/\",\"logo\":{\"@type\":\"ImageObject\",\"inLanguage\":\"cs\",\"@id\":\"https:\/\/evertonfc.cz\/#\/schema\/logo\/image\/\",\"url\":\"https:\/\/evertonfc.cz\/wp-content\/uploads\/2019\/05\/logo.png\",\"contentUrl\":\"https:\/\/evertonfc.cz\/wp-content\/uploads\/2019\/05\/logo.png\",\"width\":112,\"height\":112,\"caption\":\"Official Czech & Slovak Everton Supporters' Club\"},\"image\":{\"@id\":\"https:\/\/evertonfc.cz\/#\/schema\/logo\/image\/\"},\"sameAs\":[\"https:\/\/www.facebook.com\/everton.fans.cz.sk\"]},{\"@type\":\"Person\",\"@id\":\"https:\/\/evertonfc.cz\/#\/schema\/person\/f7a5daedb2ffee98480bc70e191aaef1\",\"name\":\"Ri\u010di\",\"sameAs\":[\"https:\/\/x.com\/rbrejsa\"],\"url\":\"https:\/\/evertonfc.cz\/index.php\/author\/rici\/\"}]}<\/script>\n<!-- \/ Yoast SEO plugin. -->","yoast_head_json":{"title":"Richarlison vyhr\u00e1l s Braz\u00edli\u00ed Copu - Official Czech &amp; Slovak Everton Supporters&#039; Club","robots":{"index":"index","follow":"follow","max-snippet":"max-snippet:-1","max-image-preview":"max-image-preview:large","max-video-preview":"max-video-preview:-1"},"canonical":"https:\/\/evertonfc.cz\/index.php\/2019\/07\/08\/richarlison-vyhral-s-brazilii-copu\/","og_locale":"cs_CZ","og_type":"article","og_title":"Richarlison vyhr\u00e1l s Braz\u00edli\u00ed Copu - Official Czech &amp; Slovak Everton Supporters&#039; Club","og_description":"Kan\u00e1rci se po 12 letech stali mistry jihoamerick\u00e9ho kontinentu, kdy\u017e ve fin\u00e1le na dom\u00e1c\u00ed p\u016fd\u011b i z\u00e1sluhou branky Richarlisona porazili&hellip;","og_url":"https:\/\/evertonfc.cz\/index.php\/2019\/07\/08\/richarlison-vyhral-s-brazilii-copu\/","og_site_name":"Official Czech &amp; Slovak Everton Supporters&#039; Club","article_publisher":"https:\/\/www.facebook.com\/everton.fans.cz.sk","article_published_time":"2019-07-08T09:04:09+00:00","article_modified_time":"2019-07-08T11:05:22+00:00","og_image":[{"width":720,"height":450,"url":"https:\/\/evertonfc.cz\/wp-content\/uploads\/2019\/07\/richy_8_7_2019.jpg","type":"image\/jpeg"}],"author":"Ri\u010di","twitter_card":"summary_large_image","twitter_creator":"@rbrejsa","twitter_misc":{"Napsal(a)":"Ri\u010di","Odhadovan\u00e1 doba \u010dten\u00ed":"3 minuty"},"schema":{"@context":"https:\/\/schema.org","@graph":[{"@type":"Article","@id":"https:\/\/evertonfc.cz\/index.php\/2019\/07\/08\/richarlison-vyhral-s-brazilii-copu\/#article","isPartOf":{"@id":"https:\/\/evertonfc.cz\/index.php\/2019\/07\/08\/richarlison-vyhral-s-brazilii-copu\/"},"author":{"name":"Ri\u010di","@id":"https:\/\/evertonfc.cz\/#\/schema\/person\/f7a5daedb2ffee98480bc70e191aaef1"},"headline":"Richarlison vyhr\u00e1l s Braz\u00edli\u00ed Copu","datePublished":"2019-07-08T09:04:09+00:00","dateModified":"2019-07-08T11:05:22+00:00","mainEntityOfPage":{"@id":"https:\/\/evertonfc.cz\/index.php\/2019\/07\/08\/richarlison-vyhral-s-brazilii-copu\/"},"wordCount":642,"commentCount":2,"publisher":{"@id":"https:\/\/evertonfc.cz\/#organization"},"image":{"@id":"https:\/\/evertonfc.cz\/index.php\/2019\/07\/08\/richarlison-vyhral-s-brazilii-copu\/#primaryimage"},"thumbnailUrl":"https:\/\/evertonfc.cz\/wp-content\/uploads\/2019\/07\/richy_8_7_2019.jpg","articleSection":["Aktuality"],"inLanguage":"cs","potentialAction":[{"@type":"CommentAction","name":"Comment","target":["https:\/\/evertonfc.cz\/index.php\/2019\/07\/08\/richarlison-vyhral-s-brazilii-copu\/#respond"]}]},{"@type":"WebPage","@id":"https:\/\/evertonfc.cz\/index.php\/2019\/07\/08\/richarlison-vyhral-s-brazilii-copu\/","url":"https:\/\/evertonfc.cz\/index.php\/2019\/07\/08\/richarlison-vyhral-s-brazilii-copu\/","name":"Richarlison vyhr\u00e1l s Braz\u00edli\u00ed Copu - Official Czech &amp; Slovak Everton Supporters&#039; Club","isPartOf":{"@id":"https:\/\/evertonfc.cz\/#website"},"primaryImageOfPage":{"@id":"https:\/\/evertonfc.cz\/index.php\/2019\/07\/08\/richarlison-vyhral-s-brazilii-copu\/#primaryimage"},"image":{"@id":"https:\/\/evertonfc.cz\/index.php\/2019\/07\/08\/richarlison-vyhral-s-brazilii-copu\/#primaryimage"},"thumbnailUrl":"https:\/\/evertonfc.cz\/wp-content\/uploads\/2019\/07\/richy_8_7_2019.jpg","datePublished":"2019-07-08T09:04:09+00:00","dateModified":"2019-07-08T11:05:22+00:00","breadcrumb":{"@id":"https:\/\/evertonfc.cz\/index.php\/2019\/07\/08\/richarlison-vyhral-s-brazilii-copu\/#breadcrumb"},"inLanguage":"cs","potentialAction":[{"@type":"ReadAction","target":["https:\/\/evertonfc.cz\/index.php\/2019\/07\/08\/richarlison-vyhral-s-brazilii-copu\/"]}]},{"@type":"ImageObject","inLanguage":"cs","@id":"https:\/\/evertonfc.cz\/index.php\/2019\/07\/08\/richarlison-vyhral-s-brazilii-copu\/#primaryimage","url":"https:\/\/evertonfc.cz\/wp-content\/uploads\/2019\/07\/richy_8_7_2019.jpg","contentUrl":"https:\/\/evertonfc.cz\/wp-content\/uploads\/2019\/07\/richy_8_7_2019.jpg","width":720,"height":450},{"@type":"BreadcrumbList","@id":"https:\/\/evertonfc.cz\/index.php\/2019\/07\/08\/richarlison-vyhral-s-brazilii-copu\/#breadcrumb","itemListElement":[{"@type":"ListItem","position":1,"name":"Home","item":"https:\/\/evertonfc.cz\/"},{"@type":"ListItem","position":2,"name":"Richarlison vyhr\u00e1l s Braz\u00edli\u00ed Copu"}]},{"@type":"WebSite","@id":"https:\/\/evertonfc.cz\/#website","url":"https:\/\/evertonfc.cz\/","name":"Official Czech &amp; Slovak Everton Supporters&#039; Club","description":"","publisher":{"@id":"https:\/\/evertonfc.cz\/#organization"},"potentialAction":[{"@type":"SearchAction","target":{"@type":"EntryPoint","urlTemplate":"https:\/\/evertonfc.cz\/?s={search_term_string}"},"query-input":{"@type":"PropertyValueSpecification","valueRequired":true,"valueName":"search_term_string"}}],"inLanguage":"cs"},{"@type":"Organization","@id":"https:\/\/evertonfc.cz\/#organization","name":"Official Czech & Slovak Everton Supporters' Club","url":"https:\/\/evertonfc.cz\/","logo":{"@type":"ImageObject","inLanguage":"cs","@id":"https:\/\/evertonfc.cz\/#\/schema\/logo\/image\/","url":"https:\/\/evertonfc.cz\/wp-content\/uploads\/2019\/05\/logo.png","contentUrl":"https:\/\/evertonfc.cz\/wp-content\/uploads\/2019\/05\/logo.png","width":112,"height":112,"caption":"Official Czech & Slovak Everton Supporters' Club"},"image":{"@id":"https:\/\/evertonfc.cz\/#\/schema\/logo\/image\/"},"sameAs":["https:\/\/www.facebook.com\/everton.fans.cz.sk"]},{"@type":"Person","@id":"https:\/\/evertonfc.cz\/#\/schema\/person\/f7a5daedb2ffee98480bc70e191aaef1","name":"Ri\u010di","sameAs":["https:\/\/x.com\/rbrejsa"],"url":"https:\/\/evertonfc.cz\/index.php\/author\/rici\/"}]}},"_links":{"self":[{"href":"https:\/\/evertonfc.cz\/index.php\/wp-json\/wp\/v2\/posts\/8385"}],"collection":[{"href":"https:\/\/evertonfc.cz\/index.php\/wp-json\/wp\/v2\/posts"}],"about":[{"href":"https:\/\/evertonfc.cz\/index.php\/wp-json\/wp\/v2\/types\/post"}],"author":[{"embeddable":true,"href":"https:\/\/evertonfc.cz\/index.php\/wp-json\/wp\/v2\/users\/6"}],"replies":[{"embeddable":true,"href":"https:\/\/evertonfc.cz\/index.php\/wp-json\/wp\/v2\/comments?post=8385"}],"version-history":[{"count":1,"href":"https:\/\/evertonfc.cz\/index.php\/wp-json\/wp\/v2\/posts\/8385\/revisions"}],"predecessor-version":[{"id":8386,"href":"https:\/\/evertonfc.cz\/index.php\/wp-json\/wp\/v2\/posts\/8385\/revisions\/8386"}],"wp:featuredmedia":[{"embeddable":true,"href":"https:\/\/evertonfc.cz\/index.php\/wp-json\/wp\/v2\/media\/8355"}],"wp:attachment":[{"href":"https:\/\/evertonfc.cz\/index.php\/wp-json\/wp\/v2\/media?parent=8385"}],"wp:term":[{"taxonomy":"category","embeddable":true,"href":"https:\/\/evertonfc.cz\/index.php\/wp-json\/wp\/v2\/categories?post=8385"},{"taxonomy":"post_tag","embeddable":true,"href":"https:\/\/evertonfc.cz\/index.php\/wp-json\/wp\/v2\/tags?post=8385"}],"curies":[{"name":"wp","href":"https:\/\/api.w.org\/{rel}","templated":true}]}}