{"id":8387,"date":"2019-07-09T09:20:45","date_gmt":"2019-07-09T07:20:45","guid":{"rendered":"https:\/\/evertonfc.cz\/?p=8387"},"modified":"2020-04-28T15:40:21","modified_gmt":"2020-04-28T13:40:21","slug":"hladame-redaktora","status":"publish","type":"post","link":"https:\/\/evertonfc.cz\/index.php\/2019\/07\/09\/hladame-redaktora\/","title":{"rendered":"H\u013ead\u00e1me redaktora"},"content":{"rendered":"<h4>Prijmeme do n\u00e1\u0161ho t\u00edmu nov\u00fa tv\u00e1r. M\u00e1\u0161 r\u00e1d Everton? R\u00e1d by si sa sebarealizoval? Tak toto je pr\u00edle\u017eitos\u0165 pr\u00e1ve pre teba. Pridaj sa k\u00a0n\u00e1m a\u00a0\u0161\u00edr karamelov\u00fa osvetu!<\/h4>\n<p>Na\u0161a redaktorsk\u00e1 mali\u010dkos\u0165 sa zhodla, \u017ee je ten spr\u00e1vny \u010das h\u013eadanie nov\u00fdch talentov a\u00a0roz\u0161\u00edrenie na\u0161ich radov. Novo spusten\u00fd web u\u017e m\u00e1 za sebou obdobie z\u00e1behu a\u00a0potrebuje preto nov\u00e9 osobnosti, ktor\u00e9 by vyu\u017eili v\u0161etky jeho schopnosti a\u00a0obohatili tak na\u0161u mal\u00fa komunitu.<\/p>\n<p>Ako ofici\u00e1lny fanklub v\u00a0\u010ceskej a\u00a0Slovenskej republike sme neziskov\u00e1 organiz\u00e1cia, tak\u017ee predpoklad\u00e1me, \u017ee ak sa n\u00e1jde z\u00e1ujemca, bude to pr\u00e1ve z\u00a0na\u0161ich radov fan\u00fa\u0161ikov, \u010di\u017ee pochop\u00ed, \u017ee je to hobby. A\u00a0po slovensky kon\u00ed\u010dek, ako tak\u00fd, vy\u017eaduje ve\u013ek\u00fa mieru dobrovo\u013enosti. Ale ke\u010f\u017ee Everton je srdcov\u00e1 z\u00e1le\u017eitos\u0165, ver\u00edme, \u017ee to nebude probl\u00e9m.<\/p>\n<h4><strong>\u010co vy\u017eadujeme?<\/strong><\/h4>\n<p>Samozrejme, \u017ee v\u00a0prvom rade z\u00e1ujem o\u00a0Everton a\u00a0s\u00a0n\u00edm spojen\u00e9 p\u00edsanie. A to \u010dl\u00e1nkov v\u0161etk\u00e9ho druhu. Iniciat\u00edve sa medze neklad\u00fa. T\u00e9my a obsah si m\u00f4\u017ee\u0161 vybera\u0165 s\u00e1m. Si bloger, alebo chcel by si by\u0165? S\u00a0nami dostane\u0161 pr\u00edle\u017eitos\u0165 na t\u00e9my, ktor\u00e9 sa t\u00fdkaj\u00fa The Toffees. Si macher v\u00a0angli\u010dtine a\u00a0nerobia ti probl\u00e9my preklady textov? U\u00a0n\u00e1s sa ako samouk len zdokonal\u00ed\u0161. Takto by som mohol pokra\u010dova\u0165 do aleluja, je toho naozaj ve\u013ea o\u00a0\u010dom a ako m\u00f4\u017ee\u0161 p\u00edsa\u0165.<\/p>\n<p>H\u013ead\u00e1me hlavne posilu na pokr\u00fdvanie z\u00e1pasov, ale ak by si si chcel najprv vysk\u00fa\u0161a\u0165 nie\u010do nen\u00e1ro\u010dnej\u0161ie, povedzme Bleskovky, smelo do toho! Ka\u017ed\u00fd nejako za\u010d\u00ednal. Sna\u017e\u00edme sa o\u00a0mieru pravidelnosti a\u00a0aktu\u00e1lnosti, tak\u017ee by sme ocenili \u010dloveka s\u00a0d\u00e1vkou zodpovednosti a\u00a0\u0161tipkou objektivity. Ale pri Karamelk\u00e1ch to je aj tak v\u017edy o\u00a0em\u00f3ci\u00e1ch, v\u0161ak?<\/p>\n<p>V\u00a0pr\u00edpade hocijak\u00fdch ot\u00e1zok sme ti k\u00a0dispoz\u00edcii v\u00a0koment\u00e1roch. WordPress je u\u017e\u00edvate\u013esky pr\u00edvetiv\u00fd, tak\u017ee sa niet \u010doho b\u00e1\u0165. Ak \u0165a t\u00e1to ponuka oslovila a\u00a0r\u00e1d by si n\u00e1m s\u00a0webom pomohol, ozvi sa n\u00e1m na n\u00e1\u0161 fanklubov\u00fd mail &#8211; <strong>\u00a0<a href=\"mailto:czskevertonians@gmail.com\">czskevertonians@gmail.com<\/a><\/strong><\/p>\n<p>S\u00a0pozdravom<\/p>\n<p style=\"text-align: center;\"><strong><em>Redaktorsk\u00fd t\u00edm \u201eEvertonFC.cz\u201c<\/em><\/strong><\/p>\n","protected":false},"excerpt":{"rendered":"<p>Prijmeme do n\u00e1\u0161ho t\u00edmu nov\u00fa tv\u00e1r. M\u00e1\u0161 r\u00e1d Everton? R\u00e1d by si sa sebarealizoval? Tak toto je pr\u00edle\u017eitos\u0165 pr\u00e1ve pre teba. Pridaj sa k n\u00e1m a \u0161\u00edr karamelov\u00fa osvetu!<\/p>\n","protected":false},"author":1,"featured_media":8388,"comment_status":"open","ping_status":"closed","sticky":false,"template":"","format":"standard","meta":{"_eb_attr":"","_monsterinsights_skip_tracking":false,"_monsterinsights_sitenote_active":false,"_monsterinsights_sitenote_note":"","_monsterinsights_sitenote_category":0,"footnotes":""},"categories":[85],"tags":[],"yoast_head":"<!-- This site is optimized with the Yoast SEO plugin v23.4 - https:\/\/yoast.com\/wordpress\/plugins\/seo\/ -->\n<title>H\u013ead\u00e1me redaktora - Official Czech &amp; Slovak Everton Supporters&#039; Club<\/title>\n<meta name=\"robots\" content=\"index, follow, max-snippet:-1, max-image-preview:large, max-video-preview:-1\" \/>\n<link rel=\"canonical\" href=\"https:\/\/evertonfc.cz\/index.php\/2019\/07\/09\/hladame-redaktora\/\" \/>\n<meta property=\"og:locale\" content=\"cs_CZ\" \/>\n<meta property=\"og:type\" content=\"article\" \/>\n<meta property=\"og:title\" content=\"H\u013ead\u00e1me redaktora - Official Czech &amp; Slovak Everton Supporters&#039; Club\" \/>\n<meta property=\"og:description\" content=\"Prijmeme do n\u00e1\u0161ho t\u00edmu nov\u00fa tv\u00e1r. M\u00e1\u0161 r\u00e1d Everton? R\u00e1d by si sa sebarealizoval? Tak toto je pr\u00edle\u017eitos\u0165 pr\u00e1ve pre teba. Pridaj sa k n\u00e1m a \u0161\u00edr karamelov\u00fa osvetu!\" \/>\n<meta property=\"og:url\" content=\"https:\/\/evertonfc.cz\/index.php\/2019\/07\/09\/hladame-redaktora\/\" \/>\n<meta property=\"og:site_name\" content=\"Official Czech &amp; Slovak Everton Supporters&#039; Club\" \/>\n<meta property=\"article:publisher\" content=\"https:\/\/www.facebook.com\/everton.fans.cz.sk\" \/>\n<meta property=\"article:published_time\" content=\"2019-07-09T07:20:45+00:00\" \/>\n<meta property=\"article:modified_time\" content=\"2020-04-28T13:40:21+00:00\" \/>\n<meta property=\"og:image\" content=\"https:\/\/evertonfc.cz\/wp-content\/uploads\/2019\/07\/inzerat-9-7-2019.png\" \/>\n\t<meta property=\"og:image:width\" content=\"720\" \/>\n\t<meta property=\"og:image:height\" content=\"405\" \/>\n\t<meta property=\"og:image:type\" content=\"image\/png\" \/>\n<meta name=\"author\" content=\"BlueBlooded\" \/>\n<meta name=\"twitter:card\" content=\"summary_large_image\" \/>\n<meta name=\"twitter:label1\" content=\"Napsal(a)\" \/>\n\t<meta name=\"twitter:data1\" content=\"BlueBlooded\" \/>\n\t<meta name=\"twitter:label2\" content=\"Odhadovan\u00e1 doba \u010dten\u00ed\" \/>\n\t<meta name=\"twitter:data2\" content=\"2 minuty\" \/>\n<script type=\"application\/ld+json\" class=\"yoast-schema-graph\">{\"@context\":\"https:\/\/schema.org\",\"@graph\":[{\"@type\":\"Article\",\"@id\":\"https:\/\/evertonfc.cz\/index.php\/2019\/07\/09\/hladame-redaktora\/#article\",\"isPartOf\":{\"@id\":\"https:\/\/evertonfc.cz\/index.php\/2019\/07\/09\/hladame-redaktora\/\"},\"author\":{\"name\":\"BlueBlooded\",\"@id\":\"https:\/\/evertonfc.cz\/#\/schema\/person\/d4493b8cbea51532597fbc4685698916\"},\"headline\":\"H\u013ead\u00e1me redaktora\",\"datePublished\":\"2019-07-09T07:20:45+00:00\",\"dateModified\":\"2020-04-28T13:40:21+00:00\",\"mainEntityOfPage\":{\"@id\":\"https:\/\/evertonfc.cz\/index.php\/2019\/07\/09\/hladame-redaktora\/\"},\"wordCount\":408,\"commentCount\":0,\"publisher\":{\"@id\":\"https:\/\/evertonfc.cz\/#organization\"},\"image\":{\"@id\":\"https:\/\/evertonfc.cz\/index.php\/2019\/07\/09\/hladame-redaktora\/#primaryimage\"},\"thumbnailUrl\":\"https:\/\/evertonfc.cz\/wp-content\/uploads\/2019\/07\/inzerat-9-7-2019.png\",\"articleSection\":[\"Supporters' Club\"],\"inLanguage\":\"cs\",\"potentialAction\":[{\"@type\":\"CommentAction\",\"name\":\"Comment\",\"target\":[\"https:\/\/evertonfc.cz\/index.php\/2019\/07\/09\/hladame-redaktora\/#respond\"]}]},{\"@type\":\"WebPage\",\"@id\":\"https:\/\/evertonfc.cz\/index.php\/2019\/07\/09\/hladame-redaktora\/\",\"url\":\"https:\/\/evertonfc.cz\/index.php\/2019\/07\/09\/hladame-redaktora\/\",\"name\":\"H\u013ead\u00e1me redaktora - Official Czech &amp; Slovak Everton Supporters&#039; Club\",\"isPartOf\":{\"@id\":\"https:\/\/evertonfc.cz\/#website\"},\"primaryImageOfPage\":{\"@id\":\"https:\/\/evertonfc.cz\/index.php\/2019\/07\/09\/hladame-redaktora\/#primaryimage\"},\"image\":{\"@id\":\"https:\/\/evertonfc.cz\/index.php\/2019\/07\/09\/hladame-redaktora\/#primaryimage\"},\"thumbnailUrl\":\"https:\/\/evertonfc.cz\/wp-content\/uploads\/2019\/07\/inzerat-9-7-2019.png\",\"datePublished\":\"2019-07-09T07:20:45+00:00\",\"dateModified\":\"2020-04-28T13:40:21+00:00\",\"breadcrumb\":{\"@id\":\"https:\/\/evertonfc.cz\/index.php\/2019\/07\/09\/hladame-redaktora\/#breadcrumb\"},\"inLanguage\":\"cs\",\"potentialAction\":[{\"@type\":\"ReadAction\",\"target\":[\"https:\/\/evertonfc.cz\/index.php\/2019\/07\/09\/hladame-redaktora\/\"]}]},{\"@type\":\"ImageObject\",\"inLanguage\":\"cs\",\"@id\":\"https:\/\/evertonfc.cz\/index.php\/2019\/07\/09\/hladame-redaktora\/#primaryimage\",\"url\":\"https:\/\/evertonfc.cz\/wp-content\/uploads\/2019\/07\/inzerat-9-7-2019.png\",\"contentUrl\":\"https:\/\/evertonfc.cz\/wp-content\/uploads\/2019\/07\/inzerat-9-7-2019.png\",\"width\":720,\"height\":405},{\"@type\":\"BreadcrumbList\",\"@id\":\"https:\/\/evertonfc.cz\/index.php\/2019\/07\/09\/hladame-redaktora\/#breadcrumb\",\"itemListElement\":[{\"@type\":\"ListItem\",\"position\":1,\"name\":\"Home\",\"item\":\"https:\/\/evertonfc.cz\/\"},{\"@type\":\"ListItem\",\"position\":2,\"name\":\"H\u013ead\u00e1me redaktora\"}]},{\"@type\":\"WebSite\",\"@id\":\"https:\/\/evertonfc.cz\/#website\",\"url\":\"https:\/\/evertonfc.cz\/\",\"name\":\"Official Czech &amp; Slovak Everton Supporters&#039; Club\",\"description\":\"\",\"publisher\":{\"@id\":\"https:\/\/evertonfc.cz\/#organization\"},\"potentialAction\":[{\"@type\":\"SearchAction\",\"target\":{\"@type\":\"EntryPoint\",\"urlTemplate\":\"https:\/\/evertonfc.cz\/?s={search_term_string}\"},\"query-input\":{\"@type\":\"PropertyValueSpecification\",\"valueRequired\":true,\"valueName\":\"search_term_string\"}}],\"inLanguage\":\"cs\"},{\"@type\":\"Organization\",\"@id\":\"https:\/\/evertonfc.cz\/#organization\",\"name\":\"Official Czech & Slovak Everton Supporters' Club\",\"url\":\"https:\/\/evertonfc.cz\/\",\"logo\":{\"@type\":\"ImageObject\",\"inLanguage\":\"cs\",\"@id\":\"https:\/\/evertonfc.cz\/#\/schema\/logo\/image\/\",\"url\":\"https:\/\/evertonfc.cz\/wp-content\/uploads\/2019\/05\/logo.png\",\"contentUrl\":\"https:\/\/evertonfc.cz\/wp-content\/uploads\/2019\/05\/logo.png\",\"width\":112,\"height\":112,\"caption\":\"Official Czech & Slovak Everton Supporters' Club\"},\"image\":{\"@id\":\"https:\/\/evertonfc.cz\/#\/schema\/logo\/image\/\"},\"sameAs\":[\"https:\/\/www.facebook.com\/everton.fans.cz.sk\"]},{\"@type\":\"Person\",\"@id\":\"https:\/\/evertonfc.cz\/#\/schema\/person\/d4493b8cbea51532597fbc4685698916\",\"name\":\"BlueBlooded\",\"url\":\"https:\/\/evertonfc.cz\/index.php\/author\/admin\/\"}]}<\/script>\n<!-- \/ Yoast SEO plugin. -->","yoast_head_json":{"title":"H\u013ead\u00e1me redaktora - Official Czech &amp; Slovak Everton Supporters&#039; Club","robots":{"index":"index","follow":"follow","max-snippet":"max-snippet:-1","max-image-preview":"max-image-preview:large","max-video-preview":"max-video-preview:-1"},"canonical":"https:\/\/evertonfc.cz\/index.php\/2019\/07\/09\/hladame-redaktora\/","og_locale":"cs_CZ","og_type":"article","og_title":"H\u013ead\u00e1me redaktora - Official Czech &amp; Slovak Everton Supporters&#039; Club","og_description":"Prijmeme do n\u00e1\u0161ho t\u00edmu nov\u00fa tv\u00e1r. M\u00e1\u0161 r\u00e1d Everton? R\u00e1d by si sa sebarealizoval? Tak toto je pr\u00edle\u017eitos\u0165 pr\u00e1ve pre teba. Pridaj sa k n\u00e1m a \u0161\u00edr karamelov\u00fa osvetu!","og_url":"https:\/\/evertonfc.cz\/index.php\/2019\/07\/09\/hladame-redaktora\/","og_site_name":"Official Czech &amp; Slovak Everton Supporters&#039; Club","article_publisher":"https:\/\/www.facebook.com\/everton.fans.cz.sk","article_published_time":"2019-07-09T07:20:45+00:00","article_modified_time":"2020-04-28T13:40:21+00:00","og_image":[{"width":720,"height":405,"url":"https:\/\/evertonfc.cz\/wp-content\/uploads\/2019\/07\/inzerat-9-7-2019.png","type":"image\/png"}],"author":"BlueBlooded","twitter_card":"summary_large_image","twitter_misc":{"Napsal(a)":"BlueBlooded","Odhadovan\u00e1 doba \u010dten\u00ed":"2 minuty"},"schema":{"@context":"https:\/\/schema.org","@graph":[{"@type":"Article","@id":"https:\/\/evertonfc.cz\/index.php\/2019\/07\/09\/hladame-redaktora\/#article","isPartOf":{"@id":"https:\/\/evertonfc.cz\/index.php\/2019\/07\/09\/hladame-redaktora\/"},"author":{"name":"BlueBlooded","@id":"https:\/\/evertonfc.cz\/#\/schema\/person\/d4493b8cbea51532597fbc4685698916"},"headline":"H\u013ead\u00e1me redaktora","datePublished":"2019-07-09T07:20:45+00:00","dateModified":"2020-04-28T13:40:21+00:00","mainEntityOfPage":{"@id":"https:\/\/evertonfc.cz\/index.php\/2019\/07\/09\/hladame-redaktora\/"},"wordCount":408,"commentCount":0,"publisher":{"@id":"https:\/\/evertonfc.cz\/#organization"},"image":{"@id":"https:\/\/evertonfc.cz\/index.php\/2019\/07\/09\/hladame-redaktora\/#primaryimage"},"thumbnailUrl":"https:\/\/evertonfc.cz\/wp-content\/uploads\/2019\/07\/inzerat-9-7-2019.png","articleSection":["Supporters' Club"],"inLanguage":"cs","potentialAction":[{"@type":"CommentAction","name":"Comment","target":["https:\/\/evertonfc.cz\/index.php\/2019\/07\/09\/hladame-redaktora\/#respond"]}]},{"@type":"WebPage","@id":"https:\/\/evertonfc.cz\/index.php\/2019\/07\/09\/hladame-redaktora\/","url":"https:\/\/evertonfc.cz\/index.php\/2019\/07\/09\/hladame-redaktora\/","name":"H\u013ead\u00e1me redaktora - Official Czech &amp; Slovak Everton Supporters&#039; Club","isPartOf":{"@id":"https:\/\/evertonfc.cz\/#website"},"primaryImageOfPage":{"@id":"https:\/\/evertonfc.cz\/index.php\/2019\/07\/09\/hladame-redaktora\/#primaryimage"},"image":{"@id":"https:\/\/evertonfc.cz\/index.php\/2019\/07\/09\/hladame-redaktora\/#primaryimage"},"thumbnailUrl":"https:\/\/evertonfc.cz\/wp-content\/uploads\/2019\/07\/inzerat-9-7-2019.png","datePublished":"2019-07-09T07:20:45+00:00","dateModified":"2020-04-28T13:40:21+00:00","breadcrumb":{"@id":"https:\/\/evertonfc.cz\/index.php\/2019\/07\/09\/hladame-redaktora\/#breadcrumb"},"inLanguage":"cs","potentialAction":[{"@type":"ReadAction","target":["https:\/\/evertonfc.cz\/index.php\/2019\/07\/09\/hladame-redaktora\/"]}]},{"@type":"ImageObject","inLanguage":"cs","@id":"https:\/\/evertonfc.cz\/index.php\/2019\/07\/09\/hladame-redaktora\/#primaryimage","url":"https:\/\/evertonfc.cz\/wp-content\/uploads\/2019\/07\/inzerat-9-7-2019.png","contentUrl":"https:\/\/evertonfc.cz\/wp-content\/uploads\/2019\/07\/inzerat-9-7-2019.png","width":720,"height":405},{"@type":"BreadcrumbList","@id":"https:\/\/evertonfc.cz\/index.php\/2019\/07\/09\/hladame-redaktora\/#breadcrumb","itemListElement":[{"@type":"ListItem","position":1,"name":"Home","item":"https:\/\/evertonfc.cz\/"},{"@type":"ListItem","position":2,"name":"H\u013ead\u00e1me redaktora"}]},{"@type":"WebSite","@id":"https:\/\/evertonfc.cz\/#website","url":"https:\/\/evertonfc.cz\/","name":"Official Czech &amp; Slovak Everton Supporters&#039; Club","description":"","publisher":{"@id":"https:\/\/evertonfc.cz\/#organization"},"potentialAction":[{"@type":"SearchAction","target":{"@type":"EntryPoint","urlTemplate":"https:\/\/evertonfc.cz\/?s={search_term_string}"},"query-input":{"@type":"PropertyValueSpecification","valueRequired":true,"valueName":"search_term_string"}}],"inLanguage":"cs"},{"@type":"Organization","@id":"https:\/\/evertonfc.cz\/#organization","name":"Official Czech & Slovak Everton Supporters' Club","url":"https:\/\/evertonfc.cz\/","logo":{"@type":"ImageObject","inLanguage":"cs","@id":"https:\/\/evertonfc.cz\/#\/schema\/logo\/image\/","url":"https:\/\/evertonfc.cz\/wp-content\/uploads\/2019\/05\/logo.png","contentUrl":"https:\/\/evertonfc.cz\/wp-content\/uploads\/2019\/05\/logo.png","width":112,"height":112,"caption":"Official Czech & Slovak Everton Supporters' Club"},"image":{"@id":"https:\/\/evertonfc.cz\/#\/schema\/logo\/image\/"},"sameAs":["https:\/\/www.facebook.com\/everton.fans.cz.sk"]},{"@type":"Person","@id":"https:\/\/evertonfc.cz\/#\/schema\/person\/d4493b8cbea51532597fbc4685698916","name":"BlueBlooded","url":"https:\/\/evertonfc.cz\/index.php\/author\/admin\/"}]}},"_links":{"self":[{"href":"https:\/\/evertonfc.cz\/index.php\/wp-json\/wp\/v2\/posts\/8387"}],"collection":[{"href":"https:\/\/evertonfc.cz\/index.php\/wp-json\/wp\/v2\/posts"}],"about":[{"href":"https:\/\/evertonfc.cz\/index.php\/wp-json\/wp\/v2\/types\/post"}],"author":[{"embeddable":true,"href":"https:\/\/evertonfc.cz\/index.php\/wp-json\/wp\/v2\/users\/1"}],"replies":[{"embeddable":true,"href":"https:\/\/evertonfc.cz\/index.php\/wp-json\/wp\/v2\/comments?post=8387"}],"version-history":[{"count":1,"href":"https:\/\/evertonfc.cz\/index.php\/wp-json\/wp\/v2\/posts\/8387\/revisions"}],"predecessor-version":[{"id":8389,"href":"https:\/\/evertonfc.cz\/index.php\/wp-json\/wp\/v2\/posts\/8387\/revisions\/8389"}],"wp:featuredmedia":[{"embeddable":true,"href":"https:\/\/evertonfc.cz\/index.php\/wp-json\/wp\/v2\/media\/8388"}],"wp:attachment":[{"href":"https:\/\/evertonfc.cz\/index.php\/wp-json\/wp\/v2\/media?parent=8387"}],"wp:term":[{"taxonomy":"category","embeddable":true,"href":"https:\/\/evertonfc.cz\/index.php\/wp-json\/wp\/v2\/categories?post=8387"},{"taxonomy":"post_tag","embeddable":true,"href":"https:\/\/evertonfc.cz\/index.php\/wp-json\/wp\/v2\/tags?post=8387"}],"curies":[{"name":"wp","href":"https:\/\/api.w.org\/{rel}","templated":true}]}}