{"id":8455,"date":"2019-07-14T15:55:47","date_gmt":"2019-07-14T13:55:47","guid":{"rendered":"https:\/\/evertonfc.cz\/?p=8455"},"modified":"2019-07-14T20:27:37","modified_gmt":"2019-07-14T18:27:37","slug":"friendly-preview-sion-everton","status":"publish","type":"post","link":"https:\/\/evertonfc.cz\/index.php\/2019\/07\/14\/friendly-preview-sion-everton\/","title":{"rendered":"Friendly Preview: Sion \u2013 Everton"},"content":{"rendered":"<h4>Po siedmich d\u0148och prich\u00e1dza \u010fal\u0161\u00ed pr\u00edpravn\u00fd z\u00e1pas. Kona\u0165 sa bude vo \u0160vaj\u010diarsku a s\u00faperom v horskom prostred\u00ed \u00c1lp bude dvojn\u00e1sobn\u00fd majster z juhoz\u00e1padu krajiny.<\/h4>\n<p>Toffees o\u017eeleli trofej SportPesa a s\u00fastredia sa len na to podstatn\u00e9. By\u0165 stopercentne pripraven\u00fd na desiateho augusta. Ke\u010f odbije \u0161tvrt\u00e1 hodina, Crystal Palace nebude bra\u0165 oh\u013eady. \u010co sa po t\u00fd\u017edni zmenilo? Pribudli nov\u00e9 tv\u00e1re, p\u00e1r ich aj ubudlo, a pridalo sa na nadmorskej v\u00fd\u0161ke.<\/p>\n<p>Do horskej krajiny nepocestovali niektor\u00ed hr\u00e1\u010di v\u00fdberu U23. Konkr\u00e9tne sa k\u00a0letn\u00e9mu kempu v\u00a0\u0161panielskej La Mange pridal Feeney, Markelo a\u00a0Robinson. K\u00a0nov\u00fdm men\u00e1m patria reprezentanti Keane, Pickford, Coleman a\u00a0Gylfi Sigurdsson. Do kateg\u00f3rie prekvapen\u00ed sa rad\u00ed n\u00e1vrat Mirallasa a\u00a0zapojenie sa McCarthyho. Ten do Afriky nepocestoval kv\u00f4li svalov\u00fdm probl\u00e9mom.<\/p>\n<p>Calvert-Lewin a\u00a0Yerry Mina sa k\u00a0mu\u017estvu pridaj\u00fa a\u017e 22. j\u00fala, tak\u017ee na ihrisku h\u013eadajte len t\u00fdchto hr\u00e1\u010dov:<\/p>\n<ul>\n<li><strong>Brank\u00e1ri:<\/strong> Maarten Stekelenburg, Jonas L\u00f6ssl, Jordan Pickford<\/li>\n<li><strong>Obrana:<\/strong> Leighton Baines, Seamus Coleman, Michael Keane, Mason Holgate, Lewis Gibson, Ryan Astley, Matthew Pennington<\/li>\n<li><strong>Z\u00e1loha:<\/strong> Morgan Schneiderlin, Andr\u00e9 Gomes, Tom Davies, Dennis Adeniran, Callum Connolly, Beni Baningime, Joe Williams, Bernard, James McCarthy, Gylfi Sigurdsson<\/li>\n<li><strong>\u00datok:<\/strong> Theo Walcott, Ademola Lookman, Oumar Niasse, Nathan Broadhead, Fraser Hornby, Kevin Mirallas<\/li>\n<\/ul>\n<p>Na pl\u00e1ne dnes, v\u00a0hrac\u00ed de\u0148, bol tr\u00e9ning o\u00a0jeden\u00e1stej a\u00a0n\u00e1sledn\u00e1 pr\u00edprava na z\u00e1pas. Ten sa odohr\u00e1 na Stade Saint Marc miestneho klubu FC Bagnes. T\u00ed ochotne prepo\u017ei\u010dali svoje tr\u00e9ningov\u00e9 priestory, hoci u\u017e tento v\u00edkend im za\u010d\u00edna ligov\u00e1 s\u00fa\u0165a\u017e. Na v\u00fdber m\u00e1me dve ihrisk\u00e1, jedno s\u00a0pr\u00edrodnou a\u00a0druh\u00e9 s\u00a0umelou tr\u00e1vou.<\/p>\n<p>Zauj\u00edmavos\u0165ou je, \u017ee po\u010das ka\u017ed\u00e9ho presunu sa hr\u00e1\u010di musia stoto\u017eni\u0165 s\u00a0prekonan\u00edm zna\u010dn\u00e9ho v\u00fd\u0161kov\u00e9ho rozdielu. Ten sa naskyt\u00e1 v\u010faka faktu, \u017ee ubytovanie v\u00a0ly\u017eiarskom rezorte Verbier del\u00ed od zvy\u0161ku sveta vcelku zdatn\u00fd kopec. A\u017e tak\u00fd zdatn\u00fd, \u017ee sa na to pou\u017e\u00edva lanovka. Ono, nie je nad to, ke\u010f sa nara\u0148ajkujete a\u00a0n\u00e1sledne sa homp\u00e1\u013eate nad pr\u00e1zdnym priestorom&#8230;<\/p>\n<hr \/>\n<p><strong><em>Olympique des Alpes SA<\/em><\/strong><\/p>\n<p>Ako som u\u017e spomenul, \u0161trn\u00e1s\u0165tis\u00edcov\u00fd Stade Tourbillon n\u00e1s ako domovsk\u00fd st\u00e1nok Sionu nepohost\u00ed. \u0160koda, lebo je \u00fatuln\u00fd a\u00a0vzdialen\u00fd len 50 kilometrov od n\u00e1\u0161ho p\u00f4sobiska. A\u00a0na oslavu 110. v\u00fdro\u010dia klubu priam vhodn\u00fd. Dom\u00e1ce FC, ktor\u00e9 je zn\u00e1me svojou nadvl\u00e1dou v dom\u00e1cich poh\u00e1roch, m\u00e1 v\u00a0k\u00e1dri ve\u013emi zauj\u00edmav\u00e9 men\u00e1. Len\u017ee cveng nie je v\u0161etko.<\/p>\n<p>Museli si to ur\u010dite poveda\u0165 aj po tejto sez\u00f3ne, ke\u010f v\u00a0desa\u0165\u010dlennej Swiss Super League skon\u010dili \u00f4smi a\u00a0takmer vypadli. Valon Behrami, Pajtim Kasami, Alex Song a\u00a0Adryan. To je dohromady 371 z\u00e1pasov, ktor\u00e9 t\u00edto hr\u00e1\u010di odohrali na ostrovoch. Aj ke\u010f niektor\u00ed z\u00a0nich u\u017e s\u00fa v\u00a0pokro\u010dilom veku, sk\u00fasenosti s\u00fa niekedy nenahradite\u013en\u00e9. Kie\u017e by sa to v\u0161ak prejavilo aj na tr\u00e1vniku.<\/p>\n<p>A za to zodpoved\u00e1 ich mana\u017e\u00e9r, Stephane Henchoz. B\u00fdval\u00fd obranca Liverpoolu sa sna\u017e\u00ed nadviaza\u0165 na \u00faspechy trin\u00e1s\u0165n\u00e1sobn\u00e9ho v\u00ed\u0165aza Swiss Cupu, ktor\u00fd naposledy Sion vyhral v sez\u00f3ne 2014\/15. Z druh\u00e9ho a posledn\u00e9ho ligov\u00e9ho titulu sa te\u0161ili e\u0161te v predch\u00e1dzaj\u00facom mil\u00e9niu.<\/p>\n<p>Stretnutie bude op\u00e4\u0165 na\u017eivo vysielan\u00e9 ofici\u00e1lnym streamom webstr\u00e1nky Evertonu, ku ktor\u00e9mu z\u00edskate pr\u00edstup po zak\u00fapen\u00ed ro\u010dn\u00e9ho \u201eInternational\u201c \u010dlenstva. Cena aj tento rok ost\u00e1va rovnak\u00e1 &#8211; \u00a0\u00a330. Po novom, \u010dlenovia Supporters Clubu maj\u00fa dokonca mo\u017enos\u0165 z\u00edska\u0165 \u0161peci\u00e1lne zv\u00fdhodnen\u00e9 \u010dlenstvo za \u00a315. Pre viac inform\u00e1cii n\u00e1s pros\u00edm nev\u00e1hajte kontaktova\u0165 na na\u0161u mailov\u00fa adresu = <strong><a href=\"mailto:czskevertonians@gmail.com\">czskevertonians@gmail.com<\/a><\/strong><\/p>\n<h3 style=\"text-align: center;\"><span style=\"color: #3366ff;\"><strong><em>Up The Toffees !!!<\/em><\/strong><\/span><\/h3>\n<hr \/>\n<p><strong>\u010co:<\/strong> FC Sion &#8211; Everton FC, Priate\u013esk\u00fd z\u00e1pas<br \/>\n<strong>Kedy:<\/strong> 14.7. 2019 od 17:00 SE\u010c<br \/>\n<strong>Ako: <\/strong>Official Everton Membership Stream<br \/>\n<strong>Kde:<\/strong> Stade Saint Marc \u2013 Bagnes, \u0160vaj\u010diarsko<\/p>\n","protected":false},"excerpt":{"rendered":"<p>Po siedmich d\u0148och prich\u00e1dza \u010fal\u0161\u00ed pr\u00edpravn\u00fd z\u00e1pas. Kona\u0165 sa bude vo \u0160vaj\u010diarsku a s\u00faperom v horskom prostred\u00ed \u00c1lp bude dvojn\u00e1sobn\u00fd majster z juhoz\u00e1padu krajiny.<\/p>\n","protected":false},"author":1,"featured_media":8456,"comment_status":"open","ping_status":"closed","sticky":false,"template":"","format":"standard","meta":{"_eb_attr":"","_monsterinsights_skip_tracking":false,"_monsterinsights_sitenote_active":false,"_monsterinsights_sitenote_note":"","_monsterinsights_sitenote_category":0,"footnotes":""},"categories":[4],"tags":[],"yoast_head":"<!-- This site is optimized with the Yoast SEO plugin v23.4 - https:\/\/yoast.com\/wordpress\/plugins\/seo\/ -->\n<title>Friendly Preview: Sion \u2013 Everton - Official Czech &amp; Slovak Everton Supporters&#039; Club<\/title>\n<meta name=\"robots\" content=\"index, follow, max-snippet:-1, max-image-preview:large, max-video-preview:-1\" \/>\n<link rel=\"canonical\" href=\"https:\/\/evertonfc.cz\/index.php\/2019\/07\/14\/friendly-preview-sion-everton\/\" \/>\n<meta property=\"og:locale\" content=\"cs_CZ\" \/>\n<meta property=\"og:type\" content=\"article\" \/>\n<meta property=\"og:title\" content=\"Friendly Preview: Sion \u2013 Everton - Official Czech &amp; Slovak Everton Supporters&#039; Club\" \/>\n<meta property=\"og:description\" content=\"Po siedmich d\u0148och prich\u00e1dza \u010fal\u0161\u00ed pr\u00edpravn\u00fd z\u00e1pas. Kona\u0165 sa bude vo \u0160vaj\u010diarsku a s\u00faperom v horskom prostred\u00ed \u00c1lp bude dvojn\u00e1sobn\u00fd majster z juhoz\u00e1padu krajiny.\" \/>\n<meta property=\"og:url\" content=\"https:\/\/evertonfc.cz\/index.php\/2019\/07\/14\/friendly-preview-sion-everton\/\" \/>\n<meta property=\"og:site_name\" content=\"Official Czech &amp; Slovak Everton Supporters&#039; Club\" \/>\n<meta property=\"article:publisher\" content=\"https:\/\/www.facebook.com\/everton.fans.cz.sk\" \/>\n<meta property=\"article:published_time\" content=\"2019-07-14T13:55:47+00:00\" \/>\n<meta property=\"article:modified_time\" content=\"2019-07-14T18:27:37+00:00\" \/>\n<meta property=\"og:image\" content=\"https:\/\/evertonfc.cz\/wp-content\/uploads\/2019\/07\/Sion-14-7-2019.png\" \/>\n\t<meta property=\"og:image:width\" content=\"720\" \/>\n\t<meta property=\"og:image:height\" content=\"405\" \/>\n\t<meta property=\"og:image:type\" content=\"image\/png\" \/>\n<meta name=\"author\" content=\"BlueBlooded\" \/>\n<meta name=\"twitter:card\" content=\"summary_large_image\" \/>\n<meta name=\"twitter:label1\" content=\"Napsal(a)\" \/>\n\t<meta name=\"twitter:data1\" content=\"BlueBlooded\" \/>\n\t<meta name=\"twitter:label2\" content=\"Odhadovan\u00e1 doba \u010dten\u00ed\" \/>\n\t<meta name=\"twitter:data2\" content=\"3 minuty\" \/>\n<script type=\"application\/ld+json\" class=\"yoast-schema-graph\">{\"@context\":\"https:\/\/schema.org\",\"@graph\":[{\"@type\":\"Article\",\"@id\":\"https:\/\/evertonfc.cz\/index.php\/2019\/07\/14\/friendly-preview-sion-everton\/#article\",\"isPartOf\":{\"@id\":\"https:\/\/evertonfc.cz\/index.php\/2019\/07\/14\/friendly-preview-sion-everton\/\"},\"author\":{\"name\":\"BlueBlooded\",\"@id\":\"https:\/\/evertonfc.cz\/#\/schema\/person\/d4493b8cbea51532597fbc4685698916\"},\"headline\":\"Friendly Preview: Sion \u2013 Everton\",\"datePublished\":\"2019-07-14T13:55:47+00:00\",\"dateModified\":\"2019-07-14T18:27:37+00:00\",\"mainEntityOfPage\":{\"@id\":\"https:\/\/evertonfc.cz\/index.php\/2019\/07\/14\/friendly-preview-sion-everton\/\"},\"wordCount\":677,\"commentCount\":0,\"publisher\":{\"@id\":\"https:\/\/evertonfc.cz\/#organization\"},\"image\":{\"@id\":\"https:\/\/evertonfc.cz\/index.php\/2019\/07\/14\/friendly-preview-sion-everton\/#primaryimage\"},\"thumbnailUrl\":\"https:\/\/evertonfc.cz\/wp-content\/uploads\/2019\/07\/Sion-14-7-2019.png\",\"articleSection\":[\"Z\u00e1pasy\"],\"inLanguage\":\"cs\",\"potentialAction\":[{\"@type\":\"CommentAction\",\"name\":\"Comment\",\"target\":[\"https:\/\/evertonfc.cz\/index.php\/2019\/07\/14\/friendly-preview-sion-everton\/#respond\"]}]},{\"@type\":\"WebPage\",\"@id\":\"https:\/\/evertonfc.cz\/index.php\/2019\/07\/14\/friendly-preview-sion-everton\/\",\"url\":\"https:\/\/evertonfc.cz\/index.php\/2019\/07\/14\/friendly-preview-sion-everton\/\",\"name\":\"Friendly Preview: Sion \u2013 Everton - Official Czech &amp; Slovak Everton Supporters&#039; Club\",\"isPartOf\":{\"@id\":\"https:\/\/evertonfc.cz\/#website\"},\"primaryImageOfPage\":{\"@id\":\"https:\/\/evertonfc.cz\/index.php\/2019\/07\/14\/friendly-preview-sion-everton\/#primaryimage\"},\"image\":{\"@id\":\"https:\/\/evertonfc.cz\/index.php\/2019\/07\/14\/friendly-preview-sion-everton\/#primaryimage\"},\"thumbnailUrl\":\"https:\/\/evertonfc.cz\/wp-content\/uploads\/2019\/07\/Sion-14-7-2019.png\",\"datePublished\":\"2019-07-14T13:55:47+00:00\",\"dateModified\":\"2019-07-14T18:27:37+00:00\",\"breadcrumb\":{\"@id\":\"https:\/\/evertonfc.cz\/index.php\/2019\/07\/14\/friendly-preview-sion-everton\/#breadcrumb\"},\"inLanguage\":\"cs\",\"potentialAction\":[{\"@type\":\"ReadAction\",\"target\":[\"https:\/\/evertonfc.cz\/index.php\/2019\/07\/14\/friendly-preview-sion-everton\/\"]}]},{\"@type\":\"ImageObject\",\"inLanguage\":\"cs\",\"@id\":\"https:\/\/evertonfc.cz\/index.php\/2019\/07\/14\/friendly-preview-sion-everton\/#primaryimage\",\"url\":\"https:\/\/evertonfc.cz\/wp-content\/uploads\/2019\/07\/Sion-14-7-2019.png\",\"contentUrl\":\"https:\/\/evertonfc.cz\/wp-content\/uploads\/2019\/07\/Sion-14-7-2019.png\",\"width\":720,\"height\":405},{\"@type\":\"BreadcrumbList\",\"@id\":\"https:\/\/evertonfc.cz\/index.php\/2019\/07\/14\/friendly-preview-sion-everton\/#breadcrumb\",\"itemListElement\":[{\"@type\":\"ListItem\",\"position\":1,\"name\":\"Home\",\"item\":\"https:\/\/evertonfc.cz\/\"},{\"@type\":\"ListItem\",\"position\":2,\"name\":\"Friendly Preview: Sion \u2013 Everton\"}]},{\"@type\":\"WebSite\",\"@id\":\"https:\/\/evertonfc.cz\/#website\",\"url\":\"https:\/\/evertonfc.cz\/\",\"name\":\"Official Czech &amp; Slovak Everton Supporters&#039; Club\",\"description\":\"\",\"publisher\":{\"@id\":\"https:\/\/evertonfc.cz\/#organization\"},\"potentialAction\":[{\"@type\":\"SearchAction\",\"target\":{\"@type\":\"EntryPoint\",\"urlTemplate\":\"https:\/\/evertonfc.cz\/?s={search_term_string}\"},\"query-input\":{\"@type\":\"PropertyValueSpecification\",\"valueRequired\":true,\"valueName\":\"search_term_string\"}}],\"inLanguage\":\"cs\"},{\"@type\":\"Organization\",\"@id\":\"https:\/\/evertonfc.cz\/#organization\",\"name\":\"Official Czech & Slovak Everton Supporters' Club\",\"url\":\"https:\/\/evertonfc.cz\/\",\"logo\":{\"@type\":\"ImageObject\",\"inLanguage\":\"cs\",\"@id\":\"https:\/\/evertonfc.cz\/#\/schema\/logo\/image\/\",\"url\":\"https:\/\/evertonfc.cz\/wp-content\/uploads\/2019\/05\/logo.png\",\"contentUrl\":\"https:\/\/evertonfc.cz\/wp-content\/uploads\/2019\/05\/logo.png\",\"width\":112,\"height\":112,\"caption\":\"Official Czech & Slovak Everton Supporters' Club\"},\"image\":{\"@id\":\"https:\/\/evertonfc.cz\/#\/schema\/logo\/image\/\"},\"sameAs\":[\"https:\/\/www.facebook.com\/everton.fans.cz.sk\"]},{\"@type\":\"Person\",\"@id\":\"https:\/\/evertonfc.cz\/#\/schema\/person\/d4493b8cbea51532597fbc4685698916\",\"name\":\"BlueBlooded\",\"url\":\"https:\/\/evertonfc.cz\/index.php\/author\/admin\/\"}]}<\/script>\n<!-- \/ Yoast SEO plugin. -->","yoast_head_json":{"title":"Friendly Preview: Sion \u2013 Everton - Official Czech &amp; Slovak Everton Supporters&#039; Club","robots":{"index":"index","follow":"follow","max-snippet":"max-snippet:-1","max-image-preview":"max-image-preview:large","max-video-preview":"max-video-preview:-1"},"canonical":"https:\/\/evertonfc.cz\/index.php\/2019\/07\/14\/friendly-preview-sion-everton\/","og_locale":"cs_CZ","og_type":"article","og_title":"Friendly Preview: Sion \u2013 Everton - Official Czech &amp; Slovak Everton Supporters&#039; Club","og_description":"Po siedmich d\u0148och prich\u00e1dza \u010fal\u0161\u00ed pr\u00edpravn\u00fd z\u00e1pas. Kona\u0165 sa bude vo \u0160vaj\u010diarsku a s\u00faperom v horskom prostred\u00ed \u00c1lp bude dvojn\u00e1sobn\u00fd majster z juhoz\u00e1padu krajiny.","og_url":"https:\/\/evertonfc.cz\/index.php\/2019\/07\/14\/friendly-preview-sion-everton\/","og_site_name":"Official Czech &amp; Slovak Everton Supporters&#039; Club","article_publisher":"https:\/\/www.facebook.com\/everton.fans.cz.sk","article_published_time":"2019-07-14T13:55:47+00:00","article_modified_time":"2019-07-14T18:27:37+00:00","og_image":[{"width":720,"height":405,"url":"https:\/\/evertonfc.cz\/wp-content\/uploads\/2019\/07\/Sion-14-7-2019.png","type":"image\/png"}],"author":"BlueBlooded","twitter_card":"summary_large_image","twitter_misc":{"Napsal(a)":"BlueBlooded","Odhadovan\u00e1 doba \u010dten\u00ed":"3 minuty"},"schema":{"@context":"https:\/\/schema.org","@graph":[{"@type":"Article","@id":"https:\/\/evertonfc.cz\/index.php\/2019\/07\/14\/friendly-preview-sion-everton\/#article","isPartOf":{"@id":"https:\/\/evertonfc.cz\/index.php\/2019\/07\/14\/friendly-preview-sion-everton\/"},"author":{"name":"BlueBlooded","@id":"https:\/\/evertonfc.cz\/#\/schema\/person\/d4493b8cbea51532597fbc4685698916"},"headline":"Friendly Preview: Sion \u2013 Everton","datePublished":"2019-07-14T13:55:47+00:00","dateModified":"2019-07-14T18:27:37+00:00","mainEntityOfPage":{"@id":"https:\/\/evertonfc.cz\/index.php\/2019\/07\/14\/friendly-preview-sion-everton\/"},"wordCount":677,"commentCount":0,"publisher":{"@id":"https:\/\/evertonfc.cz\/#organization"},"image":{"@id":"https:\/\/evertonfc.cz\/index.php\/2019\/07\/14\/friendly-preview-sion-everton\/#primaryimage"},"thumbnailUrl":"https:\/\/evertonfc.cz\/wp-content\/uploads\/2019\/07\/Sion-14-7-2019.png","articleSection":["Z\u00e1pasy"],"inLanguage":"cs","potentialAction":[{"@type":"CommentAction","name":"Comment","target":["https:\/\/evertonfc.cz\/index.php\/2019\/07\/14\/friendly-preview-sion-everton\/#respond"]}]},{"@type":"WebPage","@id":"https:\/\/evertonfc.cz\/index.php\/2019\/07\/14\/friendly-preview-sion-everton\/","url":"https:\/\/evertonfc.cz\/index.php\/2019\/07\/14\/friendly-preview-sion-everton\/","name":"Friendly Preview: Sion \u2013 Everton - Official Czech &amp; Slovak Everton Supporters&#039; Club","isPartOf":{"@id":"https:\/\/evertonfc.cz\/#website"},"primaryImageOfPage":{"@id":"https:\/\/evertonfc.cz\/index.php\/2019\/07\/14\/friendly-preview-sion-everton\/#primaryimage"},"image":{"@id":"https:\/\/evertonfc.cz\/index.php\/2019\/07\/14\/friendly-preview-sion-everton\/#primaryimage"},"thumbnailUrl":"https:\/\/evertonfc.cz\/wp-content\/uploads\/2019\/07\/Sion-14-7-2019.png","datePublished":"2019-07-14T13:55:47+00:00","dateModified":"2019-07-14T18:27:37+00:00","breadcrumb":{"@id":"https:\/\/evertonfc.cz\/index.php\/2019\/07\/14\/friendly-preview-sion-everton\/#breadcrumb"},"inLanguage":"cs","potentialAction":[{"@type":"ReadAction","target":["https:\/\/evertonfc.cz\/index.php\/2019\/07\/14\/friendly-preview-sion-everton\/"]}]},{"@type":"ImageObject","inLanguage":"cs","@id":"https:\/\/evertonfc.cz\/index.php\/2019\/07\/14\/friendly-preview-sion-everton\/#primaryimage","url":"https:\/\/evertonfc.cz\/wp-content\/uploads\/2019\/07\/Sion-14-7-2019.png","contentUrl":"https:\/\/evertonfc.cz\/wp-content\/uploads\/2019\/07\/Sion-14-7-2019.png","width":720,"height":405},{"@type":"BreadcrumbList","@id":"https:\/\/evertonfc.cz\/index.php\/2019\/07\/14\/friendly-preview-sion-everton\/#breadcrumb","itemListElement":[{"@type":"ListItem","position":1,"name":"Home","item":"https:\/\/evertonfc.cz\/"},{"@type":"ListItem","position":2,"name":"Friendly Preview: Sion \u2013 Everton"}]},{"@type":"WebSite","@id":"https:\/\/evertonfc.cz\/#website","url":"https:\/\/evertonfc.cz\/","name":"Official Czech &amp; Slovak Everton Supporters&#039; Club","description":"","publisher":{"@id":"https:\/\/evertonfc.cz\/#organization"},"potentialAction":[{"@type":"SearchAction","target":{"@type":"EntryPoint","urlTemplate":"https:\/\/evertonfc.cz\/?s={search_term_string}"},"query-input":{"@type":"PropertyValueSpecification","valueRequired":true,"valueName":"search_term_string"}}],"inLanguage":"cs"},{"@type":"Organization","@id":"https:\/\/evertonfc.cz\/#organization","name":"Official Czech & Slovak Everton Supporters' Club","url":"https:\/\/evertonfc.cz\/","logo":{"@type":"ImageObject","inLanguage":"cs","@id":"https:\/\/evertonfc.cz\/#\/schema\/logo\/image\/","url":"https:\/\/evertonfc.cz\/wp-content\/uploads\/2019\/05\/logo.png","contentUrl":"https:\/\/evertonfc.cz\/wp-content\/uploads\/2019\/05\/logo.png","width":112,"height":112,"caption":"Official Czech & Slovak Everton Supporters' Club"},"image":{"@id":"https:\/\/evertonfc.cz\/#\/schema\/logo\/image\/"},"sameAs":["https:\/\/www.facebook.com\/everton.fans.cz.sk"]},{"@type":"Person","@id":"https:\/\/evertonfc.cz\/#\/schema\/person\/d4493b8cbea51532597fbc4685698916","name":"BlueBlooded","url":"https:\/\/evertonfc.cz\/index.php\/author\/admin\/"}]}},"_links":{"self":[{"href":"https:\/\/evertonfc.cz\/index.php\/wp-json\/wp\/v2\/posts\/8455"}],"collection":[{"href":"https:\/\/evertonfc.cz\/index.php\/wp-json\/wp\/v2\/posts"}],"about":[{"href":"https:\/\/evertonfc.cz\/index.php\/wp-json\/wp\/v2\/types\/post"}],"author":[{"embeddable":true,"href":"https:\/\/evertonfc.cz\/index.php\/wp-json\/wp\/v2\/users\/1"}],"replies":[{"embeddable":true,"href":"https:\/\/evertonfc.cz\/index.php\/wp-json\/wp\/v2\/comments?post=8455"}],"version-history":[{"count":7,"href":"https:\/\/evertonfc.cz\/index.php\/wp-json\/wp\/v2\/posts\/8455\/revisions"}],"predecessor-version":[{"id":8463,"href":"https:\/\/evertonfc.cz\/index.php\/wp-json\/wp\/v2\/posts\/8455\/revisions\/8463"}],"wp:featuredmedia":[{"embeddable":true,"href":"https:\/\/evertonfc.cz\/index.php\/wp-json\/wp\/v2\/media\/8456"}],"wp:attachment":[{"href":"https:\/\/evertonfc.cz\/index.php\/wp-json\/wp\/v2\/media?parent=8455"}],"wp:term":[{"taxonomy":"category","embeddable":true,"href":"https:\/\/evertonfc.cz\/index.php\/wp-json\/wp\/v2\/categories?post=8455"},{"taxonomy":"post_tag","embeddable":true,"href":"https:\/\/evertonfc.cz\/index.php\/wp-json\/wp\/v2\/tags?post=8455"}],"curies":[{"name":"wp","href":"https:\/\/api.w.org\/{rel}","templated":true}]}}