{"id":8693,"date":"2019-07-27T11:40:20","date_gmt":"2019-07-27T09:40:20","guid":{"rendered":"https:\/\/evertonfc.cz\/?p=8693"},"modified":"2021-11-10T09:43:48","modified_gmt":"2021-11-10T08:43:48","slug":"stadion-v-bramley-moore-predstaveny","status":"publish","type":"post","link":"https:\/\/evertonfc.cz\/index.php\/2019\/07\/27\/stadion-v-bramley-moore-predstaveny\/","title":{"rendered":"\u0160tadi\u00f3n v Bramley-Moore predstaven\u00fd"},"content":{"rendered":"<h4>V\u010dera ve\u010der sa v\u00a0liverpoolskom Titanic Hotel odohralo sl\u00e1vnostn\u00e9 odhalenie dizajnu nov\u00e9ho domovsk\u00e9ho st\u00e1nku The Toffees. \u010co si pre n\u00e1s pripravil Dan Meis?<\/h4>\n<p><span lang=\"SK\">Svetozn\u00e1my architekt predstavil koncepciu pozost\u00e1vaj\u00facu zo skla, ocele a\u00a0teh\u00e1l, ktor\u00e1 si berie in\u0161pir\u00e1ciu ako z\u00a0dedi\u010dstva Goodison Parku, tak z\u00a0hist\u00f3rie dokov, kde t\u00e1to majest\u00e1tna stavba bude st\u00e1\u0165. Na prospech nebude len pre Evertonians, ale cel\u00e9mu Liverpoolu. Predpoklad\u00e1 sa, \u017ee tento projekt prinesie ekonomike mesta rovn\u00fa miliardu libier.<\/span><\/p>\n<h4>Dizajn<\/h4>\n<p><span lang=\"SK\">Po\u010fme ale k\u00a0detailom, ktor\u00e9 m\u00f4\u017eete vidie\u0165 na obr\u00e1zkoch. Z\u00a0troch str\u00e1n obklopen\u00fd vodou, bude \u0161tadi\u00f3n disponova\u0165 tehlovou z\u00e1klad\u0148ou, ktor\u00e1 si berie pr\u00edklad zo zn\u00e1mych\u00a0okolit\u00fdch bodov, ako je napr\u00edklad sklad tabaku ne\u010faleko. Zapad\u00e1 preto do vybranej lokality a\u00a0okrem toho bude na nej symbolicky stv\u00e1rnen\u00fd architektonick\u00fd odkaz Archibalda Leitcha.<\/span><\/p>\n<p><span lang=\"SK\">Samotn\u00fd \u0161tadi\u00f3n fini\u0161uje modernou kombin\u00e1ciou skla a\u00a0ocele. Z\u00a0t\u00fdchto materi\u00e1lov bude vyroben\u00e1 strecha, ktor\u00e1 zakryje a poskytne poveternostn\u00fa ochranu pre v\u0161etky trib\u00fany. Z\u00e1\u017eitok z\u00a0ka\u017ed\u00e9ho po\u010dasia v\u0161ak hr\u00e1\u010dom ostane. Za\u0165ahovacia strecha nikdy nebola v\u00a0pl\u00e1ne a\u00a0v\u0161etci kompetentn\u00ed trvaj\u00fa na tom, \u017ee Bramley-Moore nebude viac\u00fa\u010delov\u00e9.<\/span><\/p>\n<p><span lang=\"SK\">Na brehoch rieky Mersey sa bude teda vyn\u00edma\u0165 naozaj v\u00fdnimo\u010dn\u00e1 stavba. Ale \u010do vo vn\u00fatri? Ak\u00fd poh\u013ead sa naskytne fan\u00fa\u0161ikom? \u0160tyri trib\u00fany s\u00fa navz\u00e1jom v rohoch prepojen\u00e9, aby sa vyu\u017eila maxim\u00e1lna mo\u017en\u00e1 kapacita. Ihrisko bude orientovan\u00e9 smere sever-juh, pri\u010dom pr\u00e1ve ju\u017en\u00e1 strana bude vyhraden\u00e1 pre ve\u013ek\u00fa, nedelen\u00fa trib\u00fanu, ur\u010den\u00fa pre sektor 13 000 dom\u00e1cich fan\u00fa\u0161ikov.<\/span><\/p>\n<p><span lang=\"SK\">Obidve, severn\u00e1 aj ju\u017en\u00e1, bud\u00fa pritom prisp\u00f4soben\u00e9 pre mo\u017en\u00fa \u00fapravu na bezpe\u010dn\u00e9 st\u00e1tie. Ale len v pr\u00edpade, ak sa zmen\u00ed legislat\u00edva vo Ve\u013ekej Brit\u00e1nii. T\u00fdm by sa mohla nav\u00fd\u0161i\u0165 u\u017e vopred avizovan\u00e1 kapacita Bramley-Moore, \u010diniac 52 000 div\u00e1kov. T\u00ed by tam mali zav\u00edta\u0165 najsk\u00f4r v roku 2023. Viac detailov najm\u00e4 z vn\u00fatra \u0161tadi\u00f3na n\u00e1jdete na prilo\u017eenom videu.<\/span><\/p>\n<h4>Bud\u00facnos\u0165 Goodison Parku<\/h4>\n<p><span lang=\"SK\">V neposlednom rade pr\u00edde na rad aj prestavba Goodison Parku. Vytvor\u00ed nieko\u013eko komunitn\u00fdch akt\u00edv, ako s\u00fa byty, zdravotn\u00e9 a vzdel\u00e1vacie zariadenia, samozrejme aj podnikov\u00e9 vybavenie a nesmieme zabudn\u00fa\u0165 ani na kus zelene. Z\u00e1rove\u0148 bude zachovan\u00e9 nie\u010do zo star\u00e9ho \u0161tadi\u00f3na, aby tak vzd\u00e1valo hold domovu Evertonu, ktor\u00fd u\u017e m\u00e1 127 rokov.<\/span><\/p>\n<p><span lang=\"SK\">Na z\u00e1ver trochu \u010d\u00edsel. Ako sme u\u017e na za\u010diatku spom\u00ednali, v\u00fdskum medzin\u00e1rodn\u00e9ho poradcu v\u00a0oblasti nehnute\u013enost\u00ed CBRE uk\u00e1zal, \u017ee mesto okrem miliardovej podpory ekonomiky, bude profitova\u0165 aj z vytvorenia 15 000 nov\u00fdch pracovn\u00fdch miest, ktor\u00e9 vytvoria pr\u00edjem okolo 34 mili\u00f3nov libier pre miestne rodiny. Mestsk\u00e9 pokladnice si zgustn\u00fa na viac ne\u017e 2,2 mili\u00f3na libier z\u00a0dan\u00ed a\u00a0odhaduje sa, \u017ee nov\u00fd st\u00e1nok pril\u00e1ka do mesta takmer jeden a\u00a0pol mili\u00f3na nov\u00fdch n\u00e1v\u0161tevn\u00edkov.<\/span><\/p>\n<p><span lang=\"SK\">Tak, \u010do poviete? Bud\u00facnos\u0165 je modr\u00e1, bud\u00facnos\u0165 je Bramley-Moore&#8230;<\/span><\/p>\n<h4 style=\"text-align: center;\">Dizajn Bramley-Moore<\/h4>\n<h4 style=\"text-align: center;\"><iframe loading=\"lazy\" src=\"https:\/\/www.youtube.com\/embed\/JoexyBq8N-4\" width=\"640\" height=\"480\" frameborder=\"0\" allowfullscreen=\"allowfullscreen\"><span data-mce-type=\"bookmark\" style=\"display: inline-block; width: 0px; overflow: hidden; line-height: 0;\" class=\"mce_SELRES_start\">\ufeff<\/span><span data-mce-type=\"bookmark\" style=\"display: inline-block; width: 0px; overflow: hidden; line-height: 0;\" class=\"mce_SELRES_start\">\ufeff<\/span><\/iframe><\/h4>\n<p style=\"text-align: center;\"><img loading=\"lazy\" decoding=\"async\" class=\"aligncenter\" src=\"https:\/\/evertonfc.cz\/wp-content\/uploads\/2019\/07\/stadion8.png\" alt=\"\" width=\"640\" height=\"408\" \/><img loading=\"lazy\" decoding=\"async\" src=\"https:\/\/evertonfc.cz\/wp-content\/uploads\/2019\/07\/stadion2.jpg\" alt=\"\" width=\"640\" height=\"421\" \/><img loading=\"lazy\" decoding=\"async\" class=\"aligncenter\" src=\"https:\/\/evertonfc.cz\/wp-content\/uploads\/2019\/07\/stadion.jpg\" alt=\"\" width=\"640\" height=\"360\" \/><img loading=\"lazy\" decoding=\"async\" src=\"https:\/\/evertonfc.cz\/wp-content\/uploads\/2019\/07\/stadion3.jpg\" alt=\"\" width=\"640\" height=\"400\" \/><\/p>\n<p>&nbsp;<\/p>\n<h4 style=\"text-align: center;\"><span lang=\"SK\">Prestavba Goodison Parku<\/span><\/h4>\n<p><img loading=\"lazy\" decoding=\"async\" class=\"aligncenter\" src=\"https:\/\/evertonfc.cz\/wp-content\/uploads\/2019\/07\/stadion9.jpg\" alt=\"\" width=\"640\" height=\"360\" \/><img loading=\"lazy\" decoding=\"async\" class=\"aligncenter\" src=\"https:\/\/evertonfc.cz\/wp-content\/uploads\/2019\/07\/stadion4.jpg\" alt=\"\" width=\"640\" height=\"360\" \/><img loading=\"lazy\" decoding=\"async\" class=\"aligncenter\" src=\"https:\/\/evertonfc.cz\/wp-content\/uploads\/2019\/07\/stadion5.jpg\" alt=\"\" width=\"640\" height=\"360\" \/><img loading=\"lazy\" decoding=\"async\" class=\"aligncenter\" src=\"https:\/\/evertonfc.cz\/wp-content\/uploads\/2019\/07\/stadion6.jpg\" alt=\"\" width=\"640\" height=\"361\" \/><img loading=\"lazy\" decoding=\"async\" class=\"size-full wp-image-8703 aligncenter\" src=\"https:\/\/evertonfc.cz\/wp-content\/uploads\/2019\/07\/stadion7.jpg\" alt=\"\" width=\"640\" height=\"360\" srcset=\"https:\/\/evertonfc.cz\/wp-content\/uploads\/2019\/07\/stadion7.jpg 640w, https:\/\/evertonfc.cz\/wp-content\/uploads\/2019\/07\/stadion7-300x169.jpg 300w\" sizes=\"(max-width: 640px) 100vw, 640px\" \/><\/p>\n<p style=\"text-align: right;\"><span style=\"font-size: 8pt;\"><em>(foto zdroj: evertonfc.com)<\/em><\/span><\/p>\n","protected":false},"excerpt":{"rendered":"<p>V\u010dera ve\u010der sa v liverpoolskom Titanic Hotel odohralo sl\u00e1vnostn\u00e9 odhalenie dizajnu nov\u00e9ho domovsk\u00e9ho st\u00e1nku The Toffees. \u010co si pre n\u00e1s pripravil Dan Meis?<\/p>\n","protected":false},"author":1,"featured_media":8694,"comment_status":"open","ping_status":"closed","sticky":false,"template":"","format":"standard","meta":{"_eb_attr":"","_monsterinsights_skip_tracking":false,"_monsterinsights_sitenote_active":false,"_monsterinsights_sitenote_note":"","_monsterinsights_sitenote_category":0,"footnotes":""},"categories":[146],"tags":[],"yoast_head":"<!-- This site is optimized with the Yoast SEO plugin v23.4 - https:\/\/yoast.com\/wordpress\/plugins\/seo\/ -->\n<title>\u0160tadi\u00f3n v Bramley-Moore predstaven\u00fd - Official Czech &amp; Slovak Everton Supporters&#039; Club<\/title>\n<meta name=\"robots\" content=\"index, follow, max-snippet:-1, max-image-preview:large, max-video-preview:-1\" \/>\n<link rel=\"canonical\" href=\"https:\/\/evertonfc.cz\/index.php\/2019\/07\/27\/stadion-v-bramley-moore-predstaveny\/\" \/>\n<meta property=\"og:locale\" content=\"cs_CZ\" \/>\n<meta property=\"og:type\" content=\"article\" \/>\n<meta property=\"og:title\" content=\"\u0160tadi\u00f3n v Bramley-Moore predstaven\u00fd - Official Czech &amp; Slovak Everton Supporters&#039; Club\" \/>\n<meta property=\"og:description\" content=\"V\u010dera ve\u010der sa v liverpoolskom Titanic Hotel odohralo sl\u00e1vnostn\u00e9 odhalenie dizajnu nov\u00e9ho domovsk\u00e9ho st\u00e1nku The Toffees. \u010co si pre n\u00e1s pripravil Dan Meis?\" \/>\n<meta property=\"og:url\" content=\"https:\/\/evertonfc.cz\/index.php\/2019\/07\/27\/stadion-v-bramley-moore-predstaveny\/\" \/>\n<meta property=\"og:site_name\" content=\"Official Czech &amp; Slovak Everton Supporters&#039; Club\" \/>\n<meta property=\"article:publisher\" content=\"https:\/\/www.facebook.com\/everton.fans.cz.sk\" \/>\n<meta property=\"article:published_time\" content=\"2019-07-27T09:40:20+00:00\" \/>\n<meta property=\"article:modified_time\" content=\"2021-11-10T08:43:48+00:00\" \/>\n<meta property=\"og:image\" content=\"https:\/\/evertonfc.cz\/wp-content\/uploads\/2019\/07\/Bramley-Moore-southwest.jpg\" \/>\n\t<meta property=\"og:image:width\" content=\"720\" \/>\n\t<meta property=\"og:image:height\" content=\"405\" \/>\n\t<meta property=\"og:image:type\" content=\"image\/jpeg\" \/>\n<meta name=\"author\" content=\"BlueBlooded\" \/>\n<meta name=\"twitter:card\" content=\"summary_large_image\" \/>\n<meta name=\"twitter:label1\" content=\"Napsal(a)\" \/>\n\t<meta name=\"twitter:data1\" content=\"BlueBlooded\" \/>\n\t<meta name=\"twitter:label2\" content=\"Odhadovan\u00e1 doba \u010dten\u00ed\" \/>\n\t<meta name=\"twitter:data2\" content=\"4 minuty\" \/>\n<script type=\"application\/ld+json\" class=\"yoast-schema-graph\">{\"@context\":\"https:\/\/schema.org\",\"@graph\":[{\"@type\":\"Article\",\"@id\":\"https:\/\/evertonfc.cz\/index.php\/2019\/07\/27\/stadion-v-bramley-moore-predstaveny\/#article\",\"isPartOf\":{\"@id\":\"https:\/\/evertonfc.cz\/index.php\/2019\/07\/27\/stadion-v-bramley-moore-predstaveny\/\"},\"author\":{\"name\":\"BlueBlooded\",\"@id\":\"https:\/\/evertonfc.cz\/#\/schema\/person\/d4493b8cbea51532597fbc4685698916\"},\"headline\":\"\u0160tadi\u00f3n v Bramley-Moore predstaven\u00fd\",\"datePublished\":\"2019-07-27T09:40:20+00:00\",\"dateModified\":\"2021-11-10T08:43:48+00:00\",\"mainEntityOfPage\":{\"@id\":\"https:\/\/evertonfc.cz\/index.php\/2019\/07\/27\/stadion-v-bramley-moore-predstaveny\/\"},\"wordCount\":538,\"commentCount\":11,\"publisher\":{\"@id\":\"https:\/\/evertonfc.cz\/#organization\"},\"image\":{\"@id\":\"https:\/\/evertonfc.cz\/index.php\/2019\/07\/27\/stadion-v-bramley-moore-predstaveny\/#primaryimage\"},\"thumbnailUrl\":\"https:\/\/evertonfc.cz\/wp-content\/uploads\/2019\/07\/Bramley-Moore-southwest.jpg\",\"articleSection\":[\"Making of Bramley-Moore\"],\"inLanguage\":\"cs\",\"potentialAction\":[{\"@type\":\"CommentAction\",\"name\":\"Comment\",\"target\":[\"https:\/\/evertonfc.cz\/index.php\/2019\/07\/27\/stadion-v-bramley-moore-predstaveny\/#respond\"]}]},{\"@type\":\"WebPage\",\"@id\":\"https:\/\/evertonfc.cz\/index.php\/2019\/07\/27\/stadion-v-bramley-moore-predstaveny\/\",\"url\":\"https:\/\/evertonfc.cz\/index.php\/2019\/07\/27\/stadion-v-bramley-moore-predstaveny\/\",\"name\":\"\u0160tadi\u00f3n v Bramley-Moore predstaven\u00fd - Official Czech &amp; Slovak Everton Supporters&#039; Club\",\"isPartOf\":{\"@id\":\"https:\/\/evertonfc.cz\/#website\"},\"primaryImageOfPage\":{\"@id\":\"https:\/\/evertonfc.cz\/index.php\/2019\/07\/27\/stadion-v-bramley-moore-predstaveny\/#primaryimage\"},\"image\":{\"@id\":\"https:\/\/evertonfc.cz\/index.php\/2019\/07\/27\/stadion-v-bramley-moore-predstaveny\/#primaryimage\"},\"thumbnailUrl\":\"https:\/\/evertonfc.cz\/wp-content\/uploads\/2019\/07\/Bramley-Moore-southwest.jpg\",\"datePublished\":\"2019-07-27T09:40:20+00:00\",\"dateModified\":\"2021-11-10T08:43:48+00:00\",\"breadcrumb\":{\"@id\":\"https:\/\/evertonfc.cz\/index.php\/2019\/07\/27\/stadion-v-bramley-moore-predstaveny\/#breadcrumb\"},\"inLanguage\":\"cs\",\"potentialAction\":[{\"@type\":\"ReadAction\",\"target\":[\"https:\/\/evertonfc.cz\/index.php\/2019\/07\/27\/stadion-v-bramley-moore-predstaveny\/\"]}]},{\"@type\":\"ImageObject\",\"inLanguage\":\"cs\",\"@id\":\"https:\/\/evertonfc.cz\/index.php\/2019\/07\/27\/stadion-v-bramley-moore-predstaveny\/#primaryimage\",\"url\":\"https:\/\/evertonfc.cz\/wp-content\/uploads\/2019\/07\/Bramley-Moore-southwest.jpg\",\"contentUrl\":\"https:\/\/evertonfc.cz\/wp-content\/uploads\/2019\/07\/Bramley-Moore-southwest.jpg\",\"width\":720,\"height\":405},{\"@type\":\"BreadcrumbList\",\"@id\":\"https:\/\/evertonfc.cz\/index.php\/2019\/07\/27\/stadion-v-bramley-moore-predstaveny\/#breadcrumb\",\"itemListElement\":[{\"@type\":\"ListItem\",\"position\":1,\"name\":\"Home\",\"item\":\"https:\/\/evertonfc.cz\/\"},{\"@type\":\"ListItem\",\"position\":2,\"name\":\"\u0160tadi\u00f3n v Bramley-Moore predstaven\u00fd\"}]},{\"@type\":\"WebSite\",\"@id\":\"https:\/\/evertonfc.cz\/#website\",\"url\":\"https:\/\/evertonfc.cz\/\",\"name\":\"Official Czech &amp; Slovak Everton Supporters&#039; Club\",\"description\":\"\",\"publisher\":{\"@id\":\"https:\/\/evertonfc.cz\/#organization\"},\"potentialAction\":[{\"@type\":\"SearchAction\",\"target\":{\"@type\":\"EntryPoint\",\"urlTemplate\":\"https:\/\/evertonfc.cz\/?s={search_term_string}\"},\"query-input\":{\"@type\":\"PropertyValueSpecification\",\"valueRequired\":true,\"valueName\":\"search_term_string\"}}],\"inLanguage\":\"cs\"},{\"@type\":\"Organization\",\"@id\":\"https:\/\/evertonfc.cz\/#organization\",\"name\":\"Official Czech & Slovak Everton Supporters' Club\",\"url\":\"https:\/\/evertonfc.cz\/\",\"logo\":{\"@type\":\"ImageObject\",\"inLanguage\":\"cs\",\"@id\":\"https:\/\/evertonfc.cz\/#\/schema\/logo\/image\/\",\"url\":\"https:\/\/evertonfc.cz\/wp-content\/uploads\/2019\/05\/logo.png\",\"contentUrl\":\"https:\/\/evertonfc.cz\/wp-content\/uploads\/2019\/05\/logo.png\",\"width\":112,\"height\":112,\"caption\":\"Official Czech & Slovak Everton Supporters' Club\"},\"image\":{\"@id\":\"https:\/\/evertonfc.cz\/#\/schema\/logo\/image\/\"},\"sameAs\":[\"https:\/\/www.facebook.com\/everton.fans.cz.sk\"]},{\"@type\":\"Person\",\"@id\":\"https:\/\/evertonfc.cz\/#\/schema\/person\/d4493b8cbea51532597fbc4685698916\",\"name\":\"BlueBlooded\",\"url\":\"https:\/\/evertonfc.cz\/index.php\/author\/admin\/\"}]}<\/script>\n<!-- \/ Yoast SEO plugin. -->","yoast_head_json":{"title":"\u0160tadi\u00f3n v Bramley-Moore predstaven\u00fd - Official Czech &amp; Slovak Everton Supporters&#039; Club","robots":{"index":"index","follow":"follow","max-snippet":"max-snippet:-1","max-image-preview":"max-image-preview:large","max-video-preview":"max-video-preview:-1"},"canonical":"https:\/\/evertonfc.cz\/index.php\/2019\/07\/27\/stadion-v-bramley-moore-predstaveny\/","og_locale":"cs_CZ","og_type":"article","og_title":"\u0160tadi\u00f3n v Bramley-Moore predstaven\u00fd - Official Czech &amp; Slovak Everton Supporters&#039; Club","og_description":"V\u010dera ve\u010der sa v liverpoolskom Titanic Hotel odohralo sl\u00e1vnostn\u00e9 odhalenie dizajnu nov\u00e9ho domovsk\u00e9ho st\u00e1nku The Toffees. \u010co si pre n\u00e1s pripravil Dan Meis?","og_url":"https:\/\/evertonfc.cz\/index.php\/2019\/07\/27\/stadion-v-bramley-moore-predstaveny\/","og_site_name":"Official Czech &amp; Slovak Everton Supporters&#039; Club","article_publisher":"https:\/\/www.facebook.com\/everton.fans.cz.sk","article_published_time":"2019-07-27T09:40:20+00:00","article_modified_time":"2021-11-10T08:43:48+00:00","og_image":[{"width":720,"height":405,"url":"https:\/\/evertonfc.cz\/wp-content\/uploads\/2019\/07\/Bramley-Moore-southwest.jpg","type":"image\/jpeg"}],"author":"BlueBlooded","twitter_card":"summary_large_image","twitter_misc":{"Napsal(a)":"BlueBlooded","Odhadovan\u00e1 doba \u010dten\u00ed":"4 minuty"},"schema":{"@context":"https:\/\/schema.org","@graph":[{"@type":"Article","@id":"https:\/\/evertonfc.cz\/index.php\/2019\/07\/27\/stadion-v-bramley-moore-predstaveny\/#article","isPartOf":{"@id":"https:\/\/evertonfc.cz\/index.php\/2019\/07\/27\/stadion-v-bramley-moore-predstaveny\/"},"author":{"name":"BlueBlooded","@id":"https:\/\/evertonfc.cz\/#\/schema\/person\/d4493b8cbea51532597fbc4685698916"},"headline":"\u0160tadi\u00f3n v Bramley-Moore predstaven\u00fd","datePublished":"2019-07-27T09:40:20+00:00","dateModified":"2021-11-10T08:43:48+00:00","mainEntityOfPage":{"@id":"https:\/\/evertonfc.cz\/index.php\/2019\/07\/27\/stadion-v-bramley-moore-predstaveny\/"},"wordCount":538,"commentCount":11,"publisher":{"@id":"https:\/\/evertonfc.cz\/#organization"},"image":{"@id":"https:\/\/evertonfc.cz\/index.php\/2019\/07\/27\/stadion-v-bramley-moore-predstaveny\/#primaryimage"},"thumbnailUrl":"https:\/\/evertonfc.cz\/wp-content\/uploads\/2019\/07\/Bramley-Moore-southwest.jpg","articleSection":["Making of Bramley-Moore"],"inLanguage":"cs","potentialAction":[{"@type":"CommentAction","name":"Comment","target":["https:\/\/evertonfc.cz\/index.php\/2019\/07\/27\/stadion-v-bramley-moore-predstaveny\/#respond"]}]},{"@type":"WebPage","@id":"https:\/\/evertonfc.cz\/index.php\/2019\/07\/27\/stadion-v-bramley-moore-predstaveny\/","url":"https:\/\/evertonfc.cz\/index.php\/2019\/07\/27\/stadion-v-bramley-moore-predstaveny\/","name":"\u0160tadi\u00f3n v Bramley-Moore predstaven\u00fd - Official Czech &amp; Slovak Everton Supporters&#039; Club","isPartOf":{"@id":"https:\/\/evertonfc.cz\/#website"},"primaryImageOfPage":{"@id":"https:\/\/evertonfc.cz\/index.php\/2019\/07\/27\/stadion-v-bramley-moore-predstaveny\/#primaryimage"},"image":{"@id":"https:\/\/evertonfc.cz\/index.php\/2019\/07\/27\/stadion-v-bramley-moore-predstaveny\/#primaryimage"},"thumbnailUrl":"https:\/\/evertonfc.cz\/wp-content\/uploads\/2019\/07\/Bramley-Moore-southwest.jpg","datePublished":"2019-07-27T09:40:20+00:00","dateModified":"2021-11-10T08:43:48+00:00","breadcrumb":{"@id":"https:\/\/evertonfc.cz\/index.php\/2019\/07\/27\/stadion-v-bramley-moore-predstaveny\/#breadcrumb"},"inLanguage":"cs","potentialAction":[{"@type":"ReadAction","target":["https:\/\/evertonfc.cz\/index.php\/2019\/07\/27\/stadion-v-bramley-moore-predstaveny\/"]}]},{"@type":"ImageObject","inLanguage":"cs","@id":"https:\/\/evertonfc.cz\/index.php\/2019\/07\/27\/stadion-v-bramley-moore-predstaveny\/#primaryimage","url":"https:\/\/evertonfc.cz\/wp-content\/uploads\/2019\/07\/Bramley-Moore-southwest.jpg","contentUrl":"https:\/\/evertonfc.cz\/wp-content\/uploads\/2019\/07\/Bramley-Moore-southwest.jpg","width":720,"height":405},{"@type":"BreadcrumbList","@id":"https:\/\/evertonfc.cz\/index.php\/2019\/07\/27\/stadion-v-bramley-moore-predstaveny\/#breadcrumb","itemListElement":[{"@type":"ListItem","position":1,"name":"Home","item":"https:\/\/evertonfc.cz\/"},{"@type":"ListItem","position":2,"name":"\u0160tadi\u00f3n v Bramley-Moore predstaven\u00fd"}]},{"@type":"WebSite","@id":"https:\/\/evertonfc.cz\/#website","url":"https:\/\/evertonfc.cz\/","name":"Official Czech &amp; Slovak Everton Supporters&#039; Club","description":"","publisher":{"@id":"https:\/\/evertonfc.cz\/#organization"},"potentialAction":[{"@type":"SearchAction","target":{"@type":"EntryPoint","urlTemplate":"https:\/\/evertonfc.cz\/?s={search_term_string}"},"query-input":{"@type":"PropertyValueSpecification","valueRequired":true,"valueName":"search_term_string"}}],"inLanguage":"cs"},{"@type":"Organization","@id":"https:\/\/evertonfc.cz\/#organization","name":"Official Czech & Slovak Everton Supporters' Club","url":"https:\/\/evertonfc.cz\/","logo":{"@type":"ImageObject","inLanguage":"cs","@id":"https:\/\/evertonfc.cz\/#\/schema\/logo\/image\/","url":"https:\/\/evertonfc.cz\/wp-content\/uploads\/2019\/05\/logo.png","contentUrl":"https:\/\/evertonfc.cz\/wp-content\/uploads\/2019\/05\/logo.png","width":112,"height":112,"caption":"Official Czech & Slovak Everton Supporters' Club"},"image":{"@id":"https:\/\/evertonfc.cz\/#\/schema\/logo\/image\/"},"sameAs":["https:\/\/www.facebook.com\/everton.fans.cz.sk"]},{"@type":"Person","@id":"https:\/\/evertonfc.cz\/#\/schema\/person\/d4493b8cbea51532597fbc4685698916","name":"BlueBlooded","url":"https:\/\/evertonfc.cz\/index.php\/author\/admin\/"}]}},"_links":{"self":[{"href":"https:\/\/evertonfc.cz\/index.php\/wp-json\/wp\/v2\/posts\/8693"}],"collection":[{"href":"https:\/\/evertonfc.cz\/index.php\/wp-json\/wp\/v2\/posts"}],"about":[{"href":"https:\/\/evertonfc.cz\/index.php\/wp-json\/wp\/v2\/types\/post"}],"author":[{"embeddable":true,"href":"https:\/\/evertonfc.cz\/index.php\/wp-json\/wp\/v2\/users\/1"}],"replies":[{"embeddable":true,"href":"https:\/\/evertonfc.cz\/index.php\/wp-json\/wp\/v2\/comments?post=8693"}],"version-history":[{"count":14,"href":"https:\/\/evertonfc.cz\/index.php\/wp-json\/wp\/v2\/posts\/8693\/revisions"}],"predecessor-version":[{"id":14803,"href":"https:\/\/evertonfc.cz\/index.php\/wp-json\/wp\/v2\/posts\/8693\/revisions\/14803"}],"wp:featuredmedia":[{"embeddable":true,"href":"https:\/\/evertonfc.cz\/index.php\/wp-json\/wp\/v2\/media\/8694"}],"wp:attachment":[{"href":"https:\/\/evertonfc.cz\/index.php\/wp-json\/wp\/v2\/media?parent=8693"}],"wp:term":[{"taxonomy":"category","embeddable":true,"href":"https:\/\/evertonfc.cz\/index.php\/wp-json\/wp\/v2\/categories?post=8693"},{"taxonomy":"post_tag","embeddable":true,"href":"https:\/\/evertonfc.cz\/index.php\/wp-json\/wp\/v2\/tags?post=8693"}],"curies":[{"name":"wp","href":"https:\/\/api.w.org\/{rel}","templated":true}]}}