{"id":8743,"date":"2019-07-28T12:19:34","date_gmt":"2019-07-28T10:19:34","guid":{"rendered":"https:\/\/evertonfc.cz\/?p=8743"},"modified":"2019-07-28T14:40:37","modified_gmt":"2019-07-28T12:40:37","slug":"opel-cup-everton-posledny","status":"publish","type":"post","link":"https:\/\/evertonfc.cz\/index.php\/2019\/07\/28\/opel-cup-everton-posledny\/","title":{"rendered":"Opel Cup: Everton posledn\u00fd"},"content":{"rendered":"<h4>Predposledn\u00e9 kolo pr\u00edpravy na turnaji v\u00a0nemeckom Mainzi skon\u010dilo sklaman\u00edm. The Toffees nesta\u010dili ani jedn\u00e9mu a pod\u013eahli \u0161panielskemu aj nemeck\u00e9mu z\u00e1stupcovi.<\/h4>\n<p>S\u00a0kone\u010dn\u00fdm v\u00ed\u0165azom turnaja nemeck\u00e9ho v\u00fdrobcu \u00e1ut sa Everton stretol ako s\u00a0prv\u00fdm. Otv\u00e1rac\u00ed z\u00e1pas s\u00a0netradi\u010dn\u00fdm form\u00e1tom hracieho \u010dasu pon\u00fakol jasn\u00fa kvalitu na oboch stran\u00e1ch, ale boli to pr\u00e1ve hr\u00e1\u010di z\u00a0Pyrenejsk\u00e9ho polostrova, ktor\u00ed mali jasne navrch pravdepodobne vo v\u0161etk\u00fdch hern\u00fdch \u010dinnostiach.<\/p>\n<p>Everton na\u0161\u0165astie nasadil pravdepodobne najsilnej\u0161iu mo\u017en\u00fa zostavu a\u00a0tak sa to na v\u00fdsledku a\u017e tak nepodp\u00edsalo. Najv\u00e4\u010d\u0161ie \u0161ance mal Calvert-Lewin. Najprv po prihr\u00e1vke od Sigurdssona tesne minul br\u00e1nku a\u00a0n\u00e1sledne ku koncu z\u00e1pasu jeho dobr\u00fa hlavi\u010dku po centri Digneho vychytal \u010desk\u00fd brank\u00e1r Vacl\u00edk.<\/p>\n<p>O\u00a0v\u00ed\u0165azovi rozhodla tak jedin\u00e1 situ\u00e1cia. V\u00a0n\u00e1\u0161 neprospech bola odp\u00edskan\u00e1 penalta potom, \u010do si Holgate nedal pozor na zasek\u00e1va\u010dku Ocamposa vo v\u00e1pne. Rozhodca nemal nad \u010d\u00edm v\u00e1ha\u0165. S\u00e1m faulovan\u00fd penaltu premenil, hoci Pickford ve\u013emi dobre vystr\u010dil nohu na vyrazenie strely. Jej prudkos\u0165, \u010di neskor\u00e1 reakcia v\u0161ak znamenala len odrazenie pod brvno.<\/p>\n<p><strong>G\u00f3l: <\/strong>47\u00b4 Ocampos<\/p>\n<p><strong>Sevilla FC:\u00a0<\/strong>Vacl\u00edk \u2013 Kounde, Escudero, Carrico, Fernando, Navas, Nolito, Ocampos, Torres, Vazquez, de Jong<\/p>\n<p><strong>Everton FC :\u00a0<\/strong>Pickford \u2013 Coleman, Mina, Holgate, Digne \u2013 Gomes, Delph \u2013 Walcott, Sigurdsson, Bernard \u2013 Calvert-Lewin<\/p>\n<hr \/>\n<p>Druh\u00fd duel sa hral o hodinu a pol nesk\u00f4r. Presne potom ako Mainz, n\u00e1\u0161 druh\u00fd s\u00faper, dostal od \u0160panielov v\u00fdprask 5:0. \u010clovek by povedal, \u017ee by potom malo \u00eds\u0165 o jasn\u00fa z\u00e1le\u017eitos\u0165 zo strany Karameliek. Av\u0161ak aj vyn\u00faten\u00e1 rot\u00e1cia, respekt\u00edve nerot\u00e1cia, bola d\u00f4vodom, pre\u010do sa tak neudialo.<\/p>\n<p>V\u00a0minut\u00e1\u017ei vraj musel pokra\u010dova\u0165 Coleman, Holgate aj Digne, ale na s\u00fapera to v\u0161ak nesta\u010dilo. Po dva g\u00f3ly za hostite\u013eov vsietil Quaison a\u00a0jeden pridal Eyibil. Konsolid\u00e1ciu zaistil Lewis Gibson. Roh Mirallasa z\u00a0pravej strany usmernil do br\u00e1ny prava\u010dkou.<\/p>\n<p>Pod\u013ea slov n\u00e1\u0161ho mana\u017e\u00e9ra, okrem dvoch hr\u00e1\u010dov, ktor\u00ed dokon\u010dili z\u00e1pas s\u00a0Mainzom, ani jeden nebude s\u00fa\u010das\u0165ou mu\u017estva na ligov\u00fa sez\u00f3nu. Tvrd\u00e9 skon\u0161tatovanie, ale pravdiv\u00e9. Preto je potrebn\u00e9 sa pozera\u0165 na tieto dva testy \u00faplne odli\u0161ne. 3:1 nie je pekn\u00e9, ale reflektuje dan\u00e9 podmienky.<\/p>\n<p><strong>G\u00f3ly: <\/strong>29\u00b4 Quaison, 36\u00b4 Eyibil, 40\u00b4 Gibson, 59\u00b4 Quaison<\/p>\n<p><strong>1.FSV Mainz 05 :<\/strong> Zentner \u2013 Baku, Barreiro, Bell, Boetius, Brosinski, Burkhardt, Latza, Nebel, Niakhate, Quaison<\/p>\n<p><strong>Everton FC : <\/strong>L\u00f6ssl \u2013 Coleman (31&#8242; Pennington), Holgate (31&#8242; Foulds), Gibson, Digne (31&#8242; Connolly) \u2013 McCarthy (31&#8242; Gordon), Schneiderlin (48&#8242; Hornby) \u2013 Broadhead, Davies, Mirallas, Walcott (31&#8242; Adeniran)<\/p>\n","protected":false},"excerpt":{"rendered":"<p>Predposledn\u00e9 kolo pr\u00edpravy na turnaji v nemeckom Mainzi skon\u010dilo sklaman\u00edm. The Toffees nesta\u010dili ani jedn\u00e9mu a pod\u013eahli \u0161panielskemu aj nemeck\u00e9mu z\u00e1stupcovi.<\/p>\n","protected":false},"author":1,"featured_media":8744,"comment_status":"open","ping_status":"closed","sticky":false,"template":"","format":"standard","meta":{"_eb_attr":"","_monsterinsights_skip_tracking":false,"_monsterinsights_sitenote_active":false,"_monsterinsights_sitenote_note":"","_monsterinsights_sitenote_category":0,"footnotes":""},"categories":[4],"tags":[],"yoast_head":"<!-- This site is optimized with the Yoast SEO plugin v23.4 - https:\/\/yoast.com\/wordpress\/plugins\/seo\/ -->\n<title>Opel Cup: Everton posledn\u00fd - Official Czech &amp; Slovak Everton Supporters&#039; Club<\/title>\n<meta name=\"robots\" content=\"index, follow, max-snippet:-1, max-image-preview:large, max-video-preview:-1\" \/>\n<link rel=\"canonical\" href=\"https:\/\/evertonfc.cz\/index.php\/2019\/07\/28\/opel-cup-everton-posledny\/\" \/>\n<meta property=\"og:locale\" content=\"cs_CZ\" \/>\n<meta property=\"og:type\" content=\"article\" \/>\n<meta property=\"og:title\" content=\"Opel Cup: Everton posledn\u00fd - Official Czech &amp; Slovak Everton Supporters&#039; Club\" \/>\n<meta property=\"og:description\" content=\"Predposledn\u00e9 kolo pr\u00edpravy na turnaji v nemeckom Mainzi skon\u010dilo sklaman\u00edm. The Toffees nesta\u010dili ani jedn\u00e9mu a pod\u013eahli \u0161panielskemu aj nemeck\u00e9mu z\u00e1stupcovi.\" \/>\n<meta property=\"og:url\" content=\"https:\/\/evertonfc.cz\/index.php\/2019\/07\/28\/opel-cup-everton-posledny\/\" \/>\n<meta property=\"og:site_name\" content=\"Official Czech &amp; Slovak Everton Supporters&#039; Club\" \/>\n<meta property=\"article:publisher\" content=\"https:\/\/www.facebook.com\/everton.fans.cz.sk\" \/>\n<meta property=\"article:published_time\" content=\"2019-07-28T10:19:34+00:00\" \/>\n<meta property=\"article:modified_time\" content=\"2019-07-28T12:40:37+00:00\" \/>\n<meta property=\"og:image\" content=\"https:\/\/evertonfc.cz\/wp-content\/uploads\/2019\/07\/opel-cup-28-7-2019.jpg\" \/>\n\t<meta property=\"og:image:width\" content=\"720\" \/>\n\t<meta property=\"og:image:height\" content=\"405\" \/>\n\t<meta property=\"og:image:type\" content=\"image\/jpeg\" \/>\n<meta name=\"author\" content=\"BlueBlooded\" \/>\n<meta name=\"twitter:card\" content=\"summary_large_image\" \/>\n<meta name=\"twitter:label1\" content=\"Napsal(a)\" \/>\n\t<meta name=\"twitter:data1\" content=\"BlueBlooded\" \/>\n\t<meta name=\"twitter:label2\" content=\"Odhadovan\u00e1 doba \u010dten\u00ed\" \/>\n\t<meta name=\"twitter:data2\" content=\"2 minuty\" \/>\n<script type=\"application\/ld+json\" class=\"yoast-schema-graph\">{\"@context\":\"https:\/\/schema.org\",\"@graph\":[{\"@type\":\"Article\",\"@id\":\"https:\/\/evertonfc.cz\/index.php\/2019\/07\/28\/opel-cup-everton-posledny\/#article\",\"isPartOf\":{\"@id\":\"https:\/\/evertonfc.cz\/index.php\/2019\/07\/28\/opel-cup-everton-posledny\/\"},\"author\":{\"name\":\"BlueBlooded\",\"@id\":\"https:\/\/evertonfc.cz\/#\/schema\/person\/d4493b8cbea51532597fbc4685698916\"},\"headline\":\"Opel Cup: Everton posledn\u00fd\",\"datePublished\":\"2019-07-28T10:19:34+00:00\",\"dateModified\":\"2019-07-28T12:40:37+00:00\",\"mainEntityOfPage\":{\"@id\":\"https:\/\/evertonfc.cz\/index.php\/2019\/07\/28\/opel-cup-everton-posledny\/\"},\"wordCount\":451,\"commentCount\":0,\"publisher\":{\"@id\":\"https:\/\/evertonfc.cz\/#organization\"},\"image\":{\"@id\":\"https:\/\/evertonfc.cz\/index.php\/2019\/07\/28\/opel-cup-everton-posledny\/#primaryimage\"},\"thumbnailUrl\":\"https:\/\/evertonfc.cz\/wp-content\/uploads\/2019\/07\/opel-cup-28-7-2019.jpg\",\"articleSection\":[\"Z\u00e1pasy\"],\"inLanguage\":\"cs\",\"potentialAction\":[{\"@type\":\"CommentAction\",\"name\":\"Comment\",\"target\":[\"https:\/\/evertonfc.cz\/index.php\/2019\/07\/28\/opel-cup-everton-posledny\/#respond\"]}]},{\"@type\":\"WebPage\",\"@id\":\"https:\/\/evertonfc.cz\/index.php\/2019\/07\/28\/opel-cup-everton-posledny\/\",\"url\":\"https:\/\/evertonfc.cz\/index.php\/2019\/07\/28\/opel-cup-everton-posledny\/\",\"name\":\"Opel Cup: Everton posledn\u00fd - Official Czech &amp; Slovak Everton Supporters&#039; Club\",\"isPartOf\":{\"@id\":\"https:\/\/evertonfc.cz\/#website\"},\"primaryImageOfPage\":{\"@id\":\"https:\/\/evertonfc.cz\/index.php\/2019\/07\/28\/opel-cup-everton-posledny\/#primaryimage\"},\"image\":{\"@id\":\"https:\/\/evertonfc.cz\/index.php\/2019\/07\/28\/opel-cup-everton-posledny\/#primaryimage\"},\"thumbnailUrl\":\"https:\/\/evertonfc.cz\/wp-content\/uploads\/2019\/07\/opel-cup-28-7-2019.jpg\",\"datePublished\":\"2019-07-28T10:19:34+00:00\",\"dateModified\":\"2019-07-28T12:40:37+00:00\",\"breadcrumb\":{\"@id\":\"https:\/\/evertonfc.cz\/index.php\/2019\/07\/28\/opel-cup-everton-posledny\/#breadcrumb\"},\"inLanguage\":\"cs\",\"potentialAction\":[{\"@type\":\"ReadAction\",\"target\":[\"https:\/\/evertonfc.cz\/index.php\/2019\/07\/28\/opel-cup-everton-posledny\/\"]}]},{\"@type\":\"ImageObject\",\"inLanguage\":\"cs\",\"@id\":\"https:\/\/evertonfc.cz\/index.php\/2019\/07\/28\/opel-cup-everton-posledny\/#primaryimage\",\"url\":\"https:\/\/evertonfc.cz\/wp-content\/uploads\/2019\/07\/opel-cup-28-7-2019.jpg\",\"contentUrl\":\"https:\/\/evertonfc.cz\/wp-content\/uploads\/2019\/07\/opel-cup-28-7-2019.jpg\",\"width\":720,\"height\":405},{\"@type\":\"BreadcrumbList\",\"@id\":\"https:\/\/evertonfc.cz\/index.php\/2019\/07\/28\/opel-cup-everton-posledny\/#breadcrumb\",\"itemListElement\":[{\"@type\":\"ListItem\",\"position\":1,\"name\":\"Home\",\"item\":\"https:\/\/evertonfc.cz\/\"},{\"@type\":\"ListItem\",\"position\":2,\"name\":\"Opel Cup: Everton posledn\u00fd\"}]},{\"@type\":\"WebSite\",\"@id\":\"https:\/\/evertonfc.cz\/#website\",\"url\":\"https:\/\/evertonfc.cz\/\",\"name\":\"Official Czech &amp; Slovak Everton Supporters&#039; Club\",\"description\":\"\",\"publisher\":{\"@id\":\"https:\/\/evertonfc.cz\/#organization\"},\"potentialAction\":[{\"@type\":\"SearchAction\",\"target\":{\"@type\":\"EntryPoint\",\"urlTemplate\":\"https:\/\/evertonfc.cz\/?s={search_term_string}\"},\"query-input\":{\"@type\":\"PropertyValueSpecification\",\"valueRequired\":true,\"valueName\":\"search_term_string\"}}],\"inLanguage\":\"cs\"},{\"@type\":\"Organization\",\"@id\":\"https:\/\/evertonfc.cz\/#organization\",\"name\":\"Official Czech & Slovak Everton Supporters' Club\",\"url\":\"https:\/\/evertonfc.cz\/\",\"logo\":{\"@type\":\"ImageObject\",\"inLanguage\":\"cs\",\"@id\":\"https:\/\/evertonfc.cz\/#\/schema\/logo\/image\/\",\"url\":\"https:\/\/evertonfc.cz\/wp-content\/uploads\/2019\/05\/logo.png\",\"contentUrl\":\"https:\/\/evertonfc.cz\/wp-content\/uploads\/2019\/05\/logo.png\",\"width\":112,\"height\":112,\"caption\":\"Official Czech & Slovak Everton Supporters' Club\"},\"image\":{\"@id\":\"https:\/\/evertonfc.cz\/#\/schema\/logo\/image\/\"},\"sameAs\":[\"https:\/\/www.facebook.com\/everton.fans.cz.sk\"]},{\"@type\":\"Person\",\"@id\":\"https:\/\/evertonfc.cz\/#\/schema\/person\/d4493b8cbea51532597fbc4685698916\",\"name\":\"BlueBlooded\",\"url\":\"https:\/\/evertonfc.cz\/index.php\/author\/admin\/\"}]}<\/script>\n<!-- \/ Yoast SEO plugin. -->","yoast_head_json":{"title":"Opel Cup: Everton posledn\u00fd - Official Czech &amp; Slovak Everton Supporters&#039; Club","robots":{"index":"index","follow":"follow","max-snippet":"max-snippet:-1","max-image-preview":"max-image-preview:large","max-video-preview":"max-video-preview:-1"},"canonical":"https:\/\/evertonfc.cz\/index.php\/2019\/07\/28\/opel-cup-everton-posledny\/","og_locale":"cs_CZ","og_type":"article","og_title":"Opel Cup: Everton posledn\u00fd - Official Czech &amp; Slovak Everton Supporters&#039; Club","og_description":"Predposledn\u00e9 kolo pr\u00edpravy na turnaji v nemeckom Mainzi skon\u010dilo sklaman\u00edm. The Toffees nesta\u010dili ani jedn\u00e9mu a pod\u013eahli \u0161panielskemu aj nemeck\u00e9mu z\u00e1stupcovi.","og_url":"https:\/\/evertonfc.cz\/index.php\/2019\/07\/28\/opel-cup-everton-posledny\/","og_site_name":"Official Czech &amp; Slovak Everton Supporters&#039; Club","article_publisher":"https:\/\/www.facebook.com\/everton.fans.cz.sk","article_published_time":"2019-07-28T10:19:34+00:00","article_modified_time":"2019-07-28T12:40:37+00:00","og_image":[{"width":720,"height":405,"url":"https:\/\/evertonfc.cz\/wp-content\/uploads\/2019\/07\/opel-cup-28-7-2019.jpg","type":"image\/jpeg"}],"author":"BlueBlooded","twitter_card":"summary_large_image","twitter_misc":{"Napsal(a)":"BlueBlooded","Odhadovan\u00e1 doba \u010dten\u00ed":"2 minuty"},"schema":{"@context":"https:\/\/schema.org","@graph":[{"@type":"Article","@id":"https:\/\/evertonfc.cz\/index.php\/2019\/07\/28\/opel-cup-everton-posledny\/#article","isPartOf":{"@id":"https:\/\/evertonfc.cz\/index.php\/2019\/07\/28\/opel-cup-everton-posledny\/"},"author":{"name":"BlueBlooded","@id":"https:\/\/evertonfc.cz\/#\/schema\/person\/d4493b8cbea51532597fbc4685698916"},"headline":"Opel Cup: Everton posledn\u00fd","datePublished":"2019-07-28T10:19:34+00:00","dateModified":"2019-07-28T12:40:37+00:00","mainEntityOfPage":{"@id":"https:\/\/evertonfc.cz\/index.php\/2019\/07\/28\/opel-cup-everton-posledny\/"},"wordCount":451,"commentCount":0,"publisher":{"@id":"https:\/\/evertonfc.cz\/#organization"},"image":{"@id":"https:\/\/evertonfc.cz\/index.php\/2019\/07\/28\/opel-cup-everton-posledny\/#primaryimage"},"thumbnailUrl":"https:\/\/evertonfc.cz\/wp-content\/uploads\/2019\/07\/opel-cup-28-7-2019.jpg","articleSection":["Z\u00e1pasy"],"inLanguage":"cs","potentialAction":[{"@type":"CommentAction","name":"Comment","target":["https:\/\/evertonfc.cz\/index.php\/2019\/07\/28\/opel-cup-everton-posledny\/#respond"]}]},{"@type":"WebPage","@id":"https:\/\/evertonfc.cz\/index.php\/2019\/07\/28\/opel-cup-everton-posledny\/","url":"https:\/\/evertonfc.cz\/index.php\/2019\/07\/28\/opel-cup-everton-posledny\/","name":"Opel Cup: Everton posledn\u00fd - Official Czech &amp; Slovak Everton Supporters&#039; Club","isPartOf":{"@id":"https:\/\/evertonfc.cz\/#website"},"primaryImageOfPage":{"@id":"https:\/\/evertonfc.cz\/index.php\/2019\/07\/28\/opel-cup-everton-posledny\/#primaryimage"},"image":{"@id":"https:\/\/evertonfc.cz\/index.php\/2019\/07\/28\/opel-cup-everton-posledny\/#primaryimage"},"thumbnailUrl":"https:\/\/evertonfc.cz\/wp-content\/uploads\/2019\/07\/opel-cup-28-7-2019.jpg","datePublished":"2019-07-28T10:19:34+00:00","dateModified":"2019-07-28T12:40:37+00:00","breadcrumb":{"@id":"https:\/\/evertonfc.cz\/index.php\/2019\/07\/28\/opel-cup-everton-posledny\/#breadcrumb"},"inLanguage":"cs","potentialAction":[{"@type":"ReadAction","target":["https:\/\/evertonfc.cz\/index.php\/2019\/07\/28\/opel-cup-everton-posledny\/"]}]},{"@type":"ImageObject","inLanguage":"cs","@id":"https:\/\/evertonfc.cz\/index.php\/2019\/07\/28\/opel-cup-everton-posledny\/#primaryimage","url":"https:\/\/evertonfc.cz\/wp-content\/uploads\/2019\/07\/opel-cup-28-7-2019.jpg","contentUrl":"https:\/\/evertonfc.cz\/wp-content\/uploads\/2019\/07\/opel-cup-28-7-2019.jpg","width":720,"height":405},{"@type":"BreadcrumbList","@id":"https:\/\/evertonfc.cz\/index.php\/2019\/07\/28\/opel-cup-everton-posledny\/#breadcrumb","itemListElement":[{"@type":"ListItem","position":1,"name":"Home","item":"https:\/\/evertonfc.cz\/"},{"@type":"ListItem","position":2,"name":"Opel Cup: Everton posledn\u00fd"}]},{"@type":"WebSite","@id":"https:\/\/evertonfc.cz\/#website","url":"https:\/\/evertonfc.cz\/","name":"Official Czech &amp; Slovak Everton Supporters&#039; Club","description":"","publisher":{"@id":"https:\/\/evertonfc.cz\/#organization"},"potentialAction":[{"@type":"SearchAction","target":{"@type":"EntryPoint","urlTemplate":"https:\/\/evertonfc.cz\/?s={search_term_string}"},"query-input":{"@type":"PropertyValueSpecification","valueRequired":true,"valueName":"search_term_string"}}],"inLanguage":"cs"},{"@type":"Organization","@id":"https:\/\/evertonfc.cz\/#organization","name":"Official Czech & Slovak Everton Supporters' Club","url":"https:\/\/evertonfc.cz\/","logo":{"@type":"ImageObject","inLanguage":"cs","@id":"https:\/\/evertonfc.cz\/#\/schema\/logo\/image\/","url":"https:\/\/evertonfc.cz\/wp-content\/uploads\/2019\/05\/logo.png","contentUrl":"https:\/\/evertonfc.cz\/wp-content\/uploads\/2019\/05\/logo.png","width":112,"height":112,"caption":"Official Czech & Slovak Everton Supporters' Club"},"image":{"@id":"https:\/\/evertonfc.cz\/#\/schema\/logo\/image\/"},"sameAs":["https:\/\/www.facebook.com\/everton.fans.cz.sk"]},{"@type":"Person","@id":"https:\/\/evertonfc.cz\/#\/schema\/person\/d4493b8cbea51532597fbc4685698916","name":"BlueBlooded","url":"https:\/\/evertonfc.cz\/index.php\/author\/admin\/"}]}},"_links":{"self":[{"href":"https:\/\/evertonfc.cz\/index.php\/wp-json\/wp\/v2\/posts\/8743"}],"collection":[{"href":"https:\/\/evertonfc.cz\/index.php\/wp-json\/wp\/v2\/posts"}],"about":[{"href":"https:\/\/evertonfc.cz\/index.php\/wp-json\/wp\/v2\/types\/post"}],"author":[{"embeddable":true,"href":"https:\/\/evertonfc.cz\/index.php\/wp-json\/wp\/v2\/users\/1"}],"replies":[{"embeddable":true,"href":"https:\/\/evertonfc.cz\/index.php\/wp-json\/wp\/v2\/comments?post=8743"}],"version-history":[{"count":4,"href":"https:\/\/evertonfc.cz\/index.php\/wp-json\/wp\/v2\/posts\/8743\/revisions"}],"predecessor-version":[{"id":8752,"href":"https:\/\/evertonfc.cz\/index.php\/wp-json\/wp\/v2\/posts\/8743\/revisions\/8752"}],"wp:featuredmedia":[{"embeddable":true,"href":"https:\/\/evertonfc.cz\/index.php\/wp-json\/wp\/v2\/media\/8744"}],"wp:attachment":[{"href":"https:\/\/evertonfc.cz\/index.php\/wp-json\/wp\/v2\/media?parent=8743"}],"wp:term":[{"taxonomy":"category","embeddable":true,"href":"https:\/\/evertonfc.cz\/index.php\/wp-json\/wp\/v2\/categories?post=8743"},{"taxonomy":"post_tag","embeddable":true,"href":"https:\/\/evertonfc.cz\/index.php\/wp-json\/wp\/v2\/tags?post=8743"}],"curies":[{"name":"wp","href":"https:\/\/api.w.org\/{rel}","templated":true}]}}