{"id":8763,"date":"2019-09-15T15:59:50","date_gmt":"2019-09-15T13:59:50","guid":{"rendered":"https:\/\/evertonfc.cz\/?p=8763"},"modified":"2019-10-11T14:18:03","modified_gmt":"2019-10-11T12:18:03","slug":"legenda-pat-van-den-hauwe","status":"publish","type":"post","link":"https:\/\/evertonfc.cz\/index.php\/2019\/09\/15\/legenda-pat-van-den-hauwe\/","title":{"rendered":"Pat van den Hauwe"},"content":{"rendered":"<h4>Je 4. kv\u011btna 1987 a prvn\u00ed Everton p\u0159ij\u00ed\u017ed\u00ed na Carrow Road s jednoduchou rovnic\u00ed &#8211; v\u00fdhra=titul. Defenzivn\u00ed lev\u00fd bek dost\u00e1v\u00e1 po rohu m\u00ed\u010d na prava\u010dku od Trevora Scotta v 54. sekund\u011b z\u00e1pasu a nechytatelnou pumelic\u00ed pod b\u0159evno ze \u0161esti metr\u016f o sekundu pozd\u011bji st\u0159\u00edl\u00ed jedinou branku z\u00e1pasu. O necel\u00e9 dv\u011b hodiny pozd\u011bji p\u0159eb\u00edr\u00e1 kapit\u00e1n Everton Kevin Ratcliffe poh\u00e1r pro mistra ligy.<\/h4>\n<p>Pokud si od fanou\u0161k\u016f vyslou\u017e\u00edte p\u0159ezd\u00edvku Psycho Pat, tak to \u0159\u00edk\u00e1 o v\u00e1s hodn\u011b. Pat van de Hauwe byl p\u0159esn\u011b takov\u00fd. Kvalitn\u00ed lev\u00fd obr\u00e1nce, bou\u0159liv\u00e1k, bonviv\u00e1n.. zkr\u00e1tka v\u0161echno mo\u017en\u00e9, jen ne absolvent ned\u011bln\u00ed \u0161koly. Star\u0161\u00ed ze dvou bratr\u016f se narodil v belgick\u00e9m m\u011bst\u011b Dendermonde, co\u017e je m\u011bsto asi 30 km severoz\u00e1padn\u011b od Bruselu. T\u00e1ta byl Belgi\u010dan, m\u00e1ma z Lond\u00fdna, st\u011bhov\u00e1n\u00ed do Brit\u00e1nie p\u0159i\u0161lo, kdy\u017e bylo Patovi p\u011bt let. Rodina se nejd\u0159\u00edv usadila v Bermondsey, definitivn\u011b pak v Deptfordu, tak\u017ee to m\u011bla jen p\u0159es \u0159eku do \u010dtvrti Millwall, zn\u00e1m\u00e9ho to centra lond\u00fdnsk\u00fdch fotbalov\u00fdch intelektu\u00e1l\u016f. Mal\u00fd Pat se velmi \u010dasto ulejval ze \u0161koly, nesn\u00e1\u0161el ji, a tak v \u010dase \u0161koln\u00edho vyu\u010dov\u00e1n\u00ed d\u011blal t\u0159eba judo nebo vzp\u00edral. Nicm\u00e9n\u011b kop\u00e1n\u00ed do m\u00ed\u010de bylo \u010d\u00edslo jedna a \u0161lo mu docela dob\u0159e. Dokonce jeden rok hr\u00e1l za Arsenal. Ale \u010dasem tam p\u0159estal chodit\/jezdit, na za\u010d\u00e1tku puberty holt \u010dlov\u011bk m\u00e1 tendence na hodn\u011b v\u011bc\u00ed ka\u0161lat. I nad\u00e1le tedy hr\u00e1l za m\u00edstn\u00ed t\u00fdm a ve 14 se sezn\u00e1mil se Susan Crossovou, kter\u00e1 m\u011bla dal\u0161\u00ed \u010dty\u0159i sestry. Ta se o hodn\u011b pozd\u011bji stala jeho prvn\u00ed man\u017eelkou a matkou jedin\u00e9ho Patova d\u00edt\u011bte, dcery Gemmy. \u0160kola? Profl\u00e1kal se do posledn\u00edho ro\u010dn\u00edku a na zkou\u0161ky, kter\u00fdmi by \u00fastav ukon\u010dil, se vyka\u0161lal. Od manu\u00e1ln\u00ed pr\u00e1ce ho zachr\u00e1nila nab\u00eddka Chelsea. Ta si ho vy\u017e\u00e1dala na zkou\u0161ku, ale po n\u011bjak\u00e9 dob\u011b ho propustila. O tom se dov\u011bd\u011bl Birmingham City a spolu s dal\u0161\u00edmi \u010dty\u0159mi spoluhr\u00e1\u010di nabrala jeho kari\u00e9ra sm\u011br v\u00fd\u0161e, konkr\u00e9tn\u011b do Midlands.<\/p>\n<p>To se psal \u010derven 1977 a Patovi bylo 16. Birmingham tehdy nemohl m\u00edt n\u011bjak\u00e9 velk\u00e9 ambice, s um\u00edst\u011bn\u00edm p\u0159esn\u011b ve st\u0159edu tabulky (11. m\u00edsto z 22) tak panovala spokojenost. A v \u0159\u00edjnu 1978 p\u0159i\u0161la prvn\u00ed \u0161ance. Mana\u017eer Jim Smith byl spokojen s jeho v\u00fdkony a postavil ho do z\u00e1kladn\u00ed sestavy doma proti Manchesteru City. M\u011bl na debut mla\u010focha vliv fakt, \u017ee BCFC m\u011blo z osmi z\u00e1pas\u016f t\u0159i body za t\u0159i rem\u00edzy? Mo\u017en\u00e1 ano, debutoval i jeho kamar\u00e1d z Chelsea Mark Dennis. Jen\u017ee Peter Barnes, kter\u00fd ji\u017e tehdy hr\u00e1l za reprezentaci, si z n\u011bj d\u011blal trhac\u00ed kalend\u00e1\u0159. Van der Hauwe byl st\u0159\u00edd\u00e1n a City vyhr\u00e1lo 2:1. V \u0161atn\u011b po z\u00e1pase mana\u017eer Smith v\u0161echny se\u0159val a o van der Hauwovi prohl\u00e1sil, \u017ee si za BCFC ji\u017e nezahraje. To se v podstat\u011b stalo, zahr\u00e1l si znovu a\u017e za p\u016fl roku v dob\u011b, kdy m\u011bl t\u00fdm u\u017e jist\u00fd sestup. Zbytek sez\u00f3ny ji\u017e dohr\u00e1l. V sez\u00f3n\u011b 1979-80 odehr\u00e1l pouze jeden z\u00e1pas proti Fulhamu. Cottagers oto\u010dili z\u00e1pas z 0:3 na 4:3 a van der Hauwe si zranil z\u00e1da, kdy\u017e \u0161patn\u011b a tvrd\u011b dopadl na zem po hlavi\u010dce. Ale zdrav\u00ed hodn\u011b zahaprovalo, \u0161lo o opravdu v\u00e1\u017en\u00e9 zran\u011bn\u00ed zad, m\u011bl s\u00e1dru od pasu nahoru (p\u0159edstavte si mumii) a k dal\u0161\u00edmu z\u00e1pasu nastoupil a\u017e po 20 m\u011bs\u00edc\u00edch. Nicm\u00e9n\u011b zp\u011bt do nejvy\u0161\u0161\u00ed sout\u011b\u017ee se postoupilo. A jak se vr\u00e1tilo zdrav\u00ed, tak se i zlep\u0161ily v\u00fdkony, krom\u011b obvykl\u00e9 pozice lev\u00e9ho obr\u00e1nce nastupoval Pat na zbyl\u00fdch s\u00a8dvou pozic\u00edch v obran\u011b a sem tam i v z\u00e1loze. Po\u010d\u00ednaje sez\u00f3nou 1981-82 se stal st\u00e1l\u00fdm \u010dlenem z\u00e1kladn\u00ed sestavy a dokonce i vs\u00edtil branku proti Arsenalu, \u010d\u00edm\u017e p\u0159isp\u011bl k v\u00fdh\u0159e 2:1. Jen\u017ee v roce 1984 se op\u011bt sestupovalo. To je\u0161t\u011b nev\u011bd\u011bl, \u017ee m\u00e1 p\u0159ed sebou posledn\u00edch \u0161est z\u00e1pas\u016f za BCFC&#8230;<\/p>\n<p>Start do sez\u00f3ny byl skv\u011bl\u00fd, vyhr\u00e1li prvn\u00edch p\u011bt ma\u010d\u016f, \u0161est\u00fd s Portsmouthem prohr\u00e1li. Na tr\u00e9ninku den pot\u00e9 ozn\u00e1mil mana\u017eer Ron Saunders prodej dvou hr\u00e1\u010d\u016f. Kevina Dillona koupil Watford a Pata van der Hauweho Everton. Cena? 90 tis\u00edc. Je jasn\u00e9, \u017ee hlavn\u00ed slovo v tomto n\u00e1kupu m\u011bl Howard Kendall. Everton ud\u011blal dob\u0159e, ale pro Susan to byla \u0161patn\u00e1 zpr\u00e1va, akor\u00e1t se p\u0159ist\u011bhovala z Lond\u00fdna a te\u010f musela balit saky paky op\u011bt. Ale v\u0161ichni v\u00edme, \u017ee nab\u00eddka Toffees se neodm\u00edt\u00e1. <em>\u201eV<\/em><em>\u0161ichni m\u011b p\u0159iv\u00edtali srde\u010dn\u011b. A\u017e na Johna Baileyho, kter\u00fd si v\u0161iml, \u017ee hraji na stejn\u00e9 pozici.\u201c <\/em>Nakonec ale Bailey pat\u0159il ten rok a n\u011bco k nejbli\u017e\u0161\u00edm Patov\u00fdm kamar\u00e1d\u016fm. Kendall v\u017edy hled\u011bl na van der Hauwa jako na lev\u00e9ho obr\u00e1nce. Hned po p\u0159\u00edchodu do klubu tedy musel zapracovat na kvalit\u011b sv\u00e9 lev\u00e9 nohy, co\u017e si vzal na starost Terry Darracott, \u0161\u00e9f skaut\u016f. O n\u011bkolik t\u00fddn\u016f pozd\u011bji u\u017e byla pro n\u011bj p\u0159irozenost ovl\u00e1dat m\u00ed\u010d levou nohou.<\/p>\n<p>Po n\u011bjak\u00e9 dob\u011b hran\u00ed za rezervu se do\u010dkal kone\u010dn\u011b debutu. Na Arsenalu se prohr\u00e1lo, ale modr\u00fd dres s \u010d\u00edslem 3 za\u010dal p\u0159etahovat p\u0159es hlavu \u010d\u00edm d\u00e1l t\u00edm \u010dast\u011bji. A jeho prvn\u00ed derby na Anfieldu bylo nezapomenuteln\u00e9. Jedinou branku z\u00e1pasu vst\u0159elil Sharpe (p\u0159esn\u011b tu, kterou v\u0161ichni zn\u00e1me), jeho skorosoused a na tribun\u011b Kop slavilo 8 tis\u00edc Evertonians. Sez\u00f3na skon\u010dila ziskem titulu, v\u00fdhrou v PVP a United n\u00e1s porazili a\u017e v prodlou\u017een\u00ed ve fin\u00e1le Anglick\u00e9ho poh\u00e1ru. Van der Hauwe odehr\u00e1l v\u011bt\u0161inu z\u00e1pas\u016f v z\u00e1kladn\u00ed sestav\u011b.<\/p>\n<p>Jeho v\u00fdkony nemohly uniknout reprezenta\u010dn\u00edm tren\u00e9r\u016fm. Jako prvn\u00ed se ozval Guy Thiess, tren\u00e9r belgick\u00e9 reprezentace. Prob\u011bhl telefonn\u00ed hovor, Pat se rozlou\u010dil v\u011btou, \u017ee si nab\u00eddku promysl\u00ed. Zjevn\u011b z n\u00ed ale nebyl nijak nad\u0161en\u00fd. O n\u011bco pozd\u011bji se ozval tren\u00e9r Walesu, Mike England. Ten nijak nezast\u00edral, \u017ee mu byl van der Hauwe doporu\u010den Southallem a Ratcliffem. England ud\u011blal zjevn\u011b dojem &#8211; a tak si pl\u00e1cli. Howard Kendall doporu\u010dil Pata i tehdej\u0161\u00edmu mana\u017eerovi Anglie, Bobbymu Robsonovi, ale ten se n\u011bjak neozval. N\u00e1sleduj\u00edc\u00edch n\u011bkolik let tedy str\u00e1vil hran\u00edm za t\u00fdm s vel\u0161sk\u00fdm drakem na prsou. Wales ur\u010dit\u011b nepat\u0159il k evropsk\u00e9 \u0161pi\u010dce, ale za Anglii by si moc nezahr\u00e1l, tak\u017ee dobr\u00e1 volba. Odehr\u00e1l za reprezentaci 13 z\u00e1pas\u016f b\u011bhem \u010dty\u0159 let, p\u0159i\u010dem\u017e b\u011b\u017en\u011b vynech\u00e1val p\u0159\u00e1tel\u00e1ky na druh\u00e9m konci sv\u011bta, nap\u0159. v Sa\u00fadsk\u00e9 Ar\u00e1bii. Branku nevs\u00edtil. V kvalifikaci na ME 1988 si zahr\u00e1l dvakr\u00e1t proti t\u00fdmu \u010ceskoslovenska, v obou p\u0159\u00edpadech nastoupil jako stoper. Prohra v Praze na Letn\u00e9 znamenala definitivn\u00ed nepostup Walesu a naopak postup D\u00e1nska. Jedna ze dvou branek Iva Knofl\u00ed\u010dka proti tomuto soupe\u0159i n\u011bkolik let zdobila zn\u011blku Branek, bod\u016f, vte\u0159in.<\/p>\n<p>Sez\u00f3na 1985\/86 byla sez\u00f3nou zklam\u00e1n\u00ed. Everton skon\u010dil druh\u00fd, kv\u016fli trag\u00e9dii v Bruselu nemohl hr\u00e1t PMEZ a o titul se p\u0159i\u0161lo zbyte\u010dn\u00fdmi ztr\u00e1tami s t\u00fdmy jako Luton a Oxford. P\u0159itom z Anfield Road p\u0159ivezl v\u00fdhru.. Tak\u00e9 to byla jedin\u00e1 sez\u00f3na, kterou za Everton odehr\u00e1l Gary Lineker, kter\u00fd p\u0159i\u0161el jako n\u00e1hrada za Andyho Graye. 40 branek ve v\u0161ech sout\u011b\u017e\u00edch v cel\u00e9 sez\u00f3n\u011b, kr\u00e1l st\u0159elc\u016f na MS. V\u00fdsledek? P\u0159estup do Barcelony za tehdy rekordn\u00edch 2,8 milionu liber. Faktem je, \u017ee se hra hodn\u011b pod\u0159izovala Linekerovi, hr\u00e1ly se mnohem v\u00edce nakop\u00e1van\u00e9 m\u00ed\u010de. T\u00edm ale &#8222;vyschly zdroje&#8220;, ostatn\u00ed hr\u00e1\u010di se do st\u0159\u00edlen\u00ed branek tolik nezapojovali a i to byl jeden z d\u016fvod\u016f, pro\u010d obhajoba nevy\u0161la. Samoz\u0159ejm\u011b nepomohla dlouhodob\u00e1 zran\u011bn\u00ed obrann\u00fdch opor, konkr\u00e9tn\u011b Mountfelda s Reidem. Samotn\u00fd van der Hauwe tak odehr\u00e1l relativn\u011b hodn\u011b z\u00e1pas\u016f na stoperu, kupodivu zvl\u00e1dl nem\u00edt pr\u016f\u0161vih a p\u0159isp\u011bl rozhodn\u011b sv\u00fdm d\u00edlem k postupu do fin\u00e1le Anglick\u00e9ho poh\u00e1ru&#8230;. kter\u00fd Everton op\u011bt prohr\u00e1l. Vst\u0159elil aspo\u0148 sv\u016fj prvn\u00ed g\u00f3l za t\u00fdm, p\u0159isp\u011bl jednou brankou v lize k v\u00fdh\u0159e 3:0 nad WBA.<\/p>\n<p>Z dal\u0161\u00ed sez\u00f3ny se stal op\u011bt triumf. Samotn\u00fd Pat ale vynechal jej\u00ed polovinu, proto\u017ee se dostal do bitky p\u0159i n\u00e1v\u0161t\u011bv\u011b no\u010dn\u00edho klubu. V\u00fdsledkem byla krv\u00e1cej\u00edc\u00ed noha, n\u00e1sledovaly dal\u0161\u00ed zdravotn\u00ed komplikace. Nakonec odehr\u00e1l 90 minut jen sedmkr\u00e1t. Ale doma se da\u0159ilo vyhr\u00e1vat, a\u010d se hr\u00e1lo \u0161patn\u011b, Goodison Park dobyl v lize jen Arsenal nejt\u011bsn\u011bj\u0161\u00edm rozd\u00edlem. Ostatn\u00ed t\u00fdmy tak\u00e9 ztr\u00e1cely, liga se stala p\u0159etahovanou se sousedy. Ti si v\u00fdrazn\u011b zava\u0159ili prohrou v Coventry. Reakce Evertonu v dal\u0161\u00edm kole? Viz perex. Po titulu ode\u0161el mana\u017eer Howard Kendall. Kupodivu do relativn\u011b nev\u00fdznamn\u00e9ho Bilbaa. Jeho n\u00e1stupcem byl jmenov\u00e1n Colin Harvey. A za\u010dal \u00fastup z pozic &#8211; t\u00fdm z p\u011btaosmdes\u00e1t\u00e9ho za\u010dal b\u00fdt rozprod\u00e1v\u00e1n a n\u00e1hrady p\u0159ich\u00e1zely sp\u00ed\u0161e m\u00e9n\u011b kvalitn\u00ed. Everton v n\u00e1sleduj\u00edc\u00edch sez\u00f3n\u00e1ch skon\u010dil v lize \u010dtvrt\u00fd a osm\u00fd, v t\u00e9 druh\u00e9 (1988-89) se dostal aspo\u0148 do fin\u00e1le Anglick\u00e9ho poh\u00e1ru, ale prohr\u00e1l. To byl tak\u00e9 posledn\u00ed z\u00e1pas van der Hauweho v dresu klubu. Hoch tak dr\u017e\u00ed s klubem relativn\u011b paradoxn\u00ed bilanci &#8211; a\u010d hr\u00e1l fin\u00e1le sout\u011b\u017ee t\u0159ikr\u00e1t, tak v\u017edy prohr\u00e1l.<\/p>\n<p>Pat se o z\u00e1jmu Tottenhamu dov\u011bd\u011bl neofici\u00e1ln\u011b. A\u010d mu Toffees nab\u00eddli vylep\u0161en\u00ed smlouvy a p\u0159esun do st\u0159edu obrany, tak odm\u00edtl. Opravdu pot\u0159eboval zm\u011bnit prost\u0159ed\u00ed. Kamar\u00e1di z mokr\u00e9 \u010dtvrti za\u010d\u00ednali m\u00edt navrch, pr\u016f\u0161vihy mimo h\u0159i\u0161t\u011b se vr\u0161ily, zran\u011bn\u00ed se kupila. \u0160lo t\u00e9\u017e o pokus zachr\u00e1nit prvn\u00ed man\u017eelstv\u00ed, nav\u00edc se mu akor\u00e1t narodila dcera Gemma. To je\u0161t\u011b nev\u011bd\u011bl, \u017ee vch\u00e1z\u00ed do no\u010dn\u00ed m\u016fry, a\u010d Tottenham budoval kvalitn\u00ed k\u00e1dr. Nav\u00edc na lavi\u010dce sed\u011bl uzn\u00e1van\u00fd mana\u017eer Venables. \u010c\u00e1stka za p\u0159estup? 575 tis\u00edc liber. A kde\u017ee Spurs za\u010d\u00ednali sez\u00f3nu? V Goodison Parku! To ale je\u0161t\u011b van der Hauwe nehr\u00e1l. Ta se ale povedla, Tottenham v lize skon\u010dil t\u0159et\u00ed. Van der Hauwe odehr\u00e1l v\u011bt\u0161inu z\u00e1pas\u016f v z\u00e1kladn\u00ed sestav\u011b, pat\u0159il k opor\u00e1m, vep\u0159edu se o st\u0159\u00edlen\u00ed branek starali Gascoigne a Lineker.<\/p>\n<p>Sez\u00f3na 1990-1991 znamenala pro Tottenham \u00fastup z p\u0159edn\u00edch ligov\u00fdch pozic. Na des\u00e1t\u00e9m m\u00edst\u011b nebylo co chv\u00e1lit, ale zada\u0159ilo se v Anglick\u00e9m poh\u00e1ru. Spurs se dostali do fin\u00e1le proti Nottinghamu Forest, kter\u00fd skon\u010dil v lize dv\u011b m\u00edsta nad nimi. Vyhr\u00e1li v prodlou\u017een\u00ed 2:1, kdy\u017e v\u00edt\u011bzn\u00fdm g\u00f3lem byl vlast\u0148\u00e1k Dese Walkera. Zaj\u00edmav\u00e9 je, \u017ee jedinou branku Trees vst\u0159elil Stuart &#8222;Psycho&#8220; Pearce, kter\u00fd tedy v kari\u00e9\u0159e neprohnal m\u00ed\u010d goalem mnohokr\u00e1t. Van der Hauwe se tedy kone\u010dn\u011b napo\u010dtvrt\u00e9 (a na posledn\u00ed pokus) do\u010dkal v\u00edt\u011bzstv\u00ed v nejstar\u0161\u00ed klubov\u00e9 sout\u011b\u017ei sv\u011bta. Samotn\u00fd Pat nehr\u00e1l \u00fapln\u011b v\u017edy v z\u00e1kladu, ale hr\u00e1l pravideln\u011b a hodn\u011b, p\u0159i\u010dem\u017e ve fin\u00e1le hr\u00e1l na prav\u00e9m kraji obrany. Jen\u017ee pak se zase n\u011bco zkazilo. Venables neusp\u011bl s koup\u00ed klubu, to se povedlo Lordu Sugarovi, kter\u00fd jmenoval Venablese v\u00fdkonn\u00fdm \u0159editelem. Spurs tak dostali nov\u00e9ho mana\u017eera, kter\u00fdm se stal Pete Shreeve (ne ShreeveS, jak se \u010dasto myln\u011b uv\u00e1d\u00ed), kter\u00fd na stejn\u00e9 pozici p\u016fsobil v klubu mezi lety 1984 a 1986.<\/p>\n<p>A sez\u00f3na 1991-92 opravdu nebyla dobr\u00e1. Jak pro Spurs, tak pro samotn\u00e9ho van der Hauwa. Z pozice lev\u00e9ho obr\u00e1nce v z\u00e1kladn\u00ed sestav\u011b ho vytla\u010dil Justin Edinburgh, belgick\u00fd rod\u00e1k tak odehr\u00e1l nejv\u00edce utk\u00e1n\u00ed na prav\u00e9m beku. Shreeve hodn\u011b to\u010dil sestavou, prakticky celou sez\u00f3nu nezjistil svou nejsiln\u011bj\u0161\u00ed jeden\u00e1ctku. Spurs sice nesestoupili, ale v\u00fdsledkem bylo patn\u00e1ct\u00e9 m\u00edsto v lize a pochopiteln\u00fd vyhazov mana\u017eera. P\u0159i prvn\u00ed p\u0159\u00edle\u017eitosti vypadli t\u00e9\u017e v Anglick\u00e9m poh\u00e1ru. Snad jedin\u00fdm pozitivem byl postup do \u010dtvrtfin\u00e1le PVP, kde je vy\u0159adil Feyenoord Rotterdam, to se rozhodn\u011b d\u00e1 pova\u017eovat za \u00fasp\u011bch.<\/p>\n<p>N\u00e1hradou za Shreeva byla dvojice. Zat\u00edmco Doug Livermore nen\u00ed kdov\u00edjak zn\u00e1m\u00e9 jm\u00e9no, tak Ray Clemence je (t\u00e9m\u011b\u0159) legenda. Jeho p\u0159\u00edsp\u011bvek ke slavn\u00e9 \u00e9\u0159e RS v 70. letech nelze p\u0159ehl\u00e9dnout. A hr\u00e1\u010dskou kari\u00e9ru ukon\u010dil pr\u00e1v\u011b v Tottenhamu. Pat se rozhodl, \u017ee chce m\u00edt zp\u011bt jist\u00e9 m\u00edsto v z\u00e1kladu, opravdu makal, ale rozhodnut\u00ed mana\u017eersk\u00e9 dvojice byla zvl\u00e1\u0161tn\u00ed, nav\u00edc s n\u00edm nejednali na rovinu. N\u011bkdy nevysv\u011btliteln\u011b sed\u011bl n\u011bkolik z\u00e1pas\u016f na lavi\u010dce, pak m\u011bl zase s\u00e9rii z\u00e1pas\u016f, kdy nastoupil od za\u010d\u00e1tku. Tottenham skon\u010dil osm\u00fd a to je\u0161t\u011b mohl b\u00fdt r\u00e1d, \u017ee m\u011bl v k\u00e1dru Teddyho Sheringhama, kter\u00fd se stal s 22 brankami nejlep\u0161\u00edm st\u0159elcem sez\u00f3ny. V Anglick\u00e9m poh\u00e1ru do\u0161li Spurs do semifin\u00e1le, kde je vy\u0159adil Arsenal. I tuhle sez\u00f3nu vyhodnotilo veden\u00ed jako ne\u00fasp\u011b\u0161nou a uk\u00e1zalo Livermorovi s Clemencem dve\u0159e. Van der Hauwe tak za\u010dal op\u011bt p\u00edt a m\u00edt probl\u00e9my mimo h\u0159i\u0161t\u011b, p\u0159i\u010dem\u017e u\u017e n\u011bjakou dobu byl rozveden\u00fd.<\/p>\n<p>Na jejich m\u00edsto byl jmenov\u00e1n Osvaldo Ardiles. Argentinsk\u00fd z\u00e1lo\u017en\u00edk vyhr\u00e1l s n\u00e1rodn\u00edm t\u00fdmem mistrovstv\u00ed sv\u011bta a jako hr\u00e1\u010d str\u00e1vil na White Hart Lane 9 sez\u00f3n. Ten Patovi na\u0159\u00eddil, \u017ee mus\u00ed tr\u00e9novat individu\u00e1ln\u011b, pravd\u011bpodobn\u011b jako n\u00e1sledek toho, \u017ee ho kdysi p\u0159ebrousil, kdy\u017e jako teenager hr\u00e1l za Birmingham. Individu\u00e1ln\u00ed tr\u00e9nink vypadal tak, \u017ee kdy\u017e prvn\u00ed t\u00fdm tr\u00e9noval, tak b\u011bhal hodinu kolem h\u0159i\u0161t\u011b a pak \u0161el dom\u016f. N\u00e1sledn\u011b mezi ob\u011bma prob\u011bhlo n\u011bkolik h\u00e1dek, Ardiles se i nech\u00e1val zap\u00edrat. Nakonec po n\u011bkolika m\u011bs\u00edc\u00edch van der Hauwe p\u0159estoupil do Millwallu, co\u017e bylo pro ob\u011b strany nejlep\u0161\u00ed \u0159e\u0161en\u00ed. Ardiles dovedl t\u00fdm k patn\u00e1ct\u00e9mu m\u00edstu v lize a z dal\u0161\u00edho ro\u010dn\u00edku zvl\u00e1dl b\u00fdt ve sv\u00e9 funkci jen do \u0159\u00edjna.<\/p>\n<p>Millwall hr\u00e1l tehdy druhou ligu a tr\u00e9noval ho Mick McCarthy. A\u010dkoliv \u0161lo o ni\u017e\u0161\u00ed sout\u011b\u017e, tak Pat nem\u011bl jist\u00e9 m\u00edsto v z\u00e1kladn\u00ed sestav\u011b, a\u010d s McCarthym vych\u00e1zel dob\u0159e. T\u00fdmu se ale da\u0159ilo a dostal se do play-off o Premier League, ale v n\u011bm neusp\u011bl. Van der Hauwe se za\u010dal \u010d\u00edm d\u00e1l t\u00edm v\u00edce propadat do sv\u011bta alkoholu a drog, ne\u00fasp\u011b\u0161n\u00e9 dvoulet\u00e9 druh\u00e9 man\u017eelstv\u00ed s Mandy Smithovou tomu taky nep\u0159isp\u011blo. Nakonec b\u011bhem sv\u00e9 druh\u00e9 sez\u00f3ny po\u017e\u00e1dal klub o okam\u017eit\u00e9 propu\u0161t\u011bn\u00ed, v \u010dem\u017e mu bylo vyhov\u011bno. Byl na tom tak \u0161patn\u011b, \u017ee ani Howard Kendall ho nep\u0159esv\u011bd\u010dil, aby se k n\u011bmu p\u0159ipojil v Notts County, to se psal rok 1995. Na rovinu Kendallovi \u0159ekl, \u017ee jako fotbalista skon\u010dil.<\/p>\n<p>Na\u0161t\u011bst\u00ed pro jeho \u017eivot se na\u0161el star\u00fd kamar\u00e1d Nick Trainer, kter\u00e9mu se povedlo dostat Pata mimo Lond\u00fdn. C\u00edlem byla Jihoafrick\u00e1 republika &#8211; a p\u0159esun tam ho zachr\u00e1nil. Ofici\u00e1ln\u011b \u0161lo o p\u0159estup do t\u00fdmu Hellenic, ale to u\u017e kari\u00e9ru opravdu jen dohr\u00e1val a p\u0159edev\u0161\u00edm si u\u017e\u00edval tamn\u00edho p\u0159\u00edjemn\u00e9ho po\u010das\u00ed. Tam sice odehr\u00e1l n\u011bjak\u00e1 utk\u00e1n\u00ed, ale i zde mu bylo vyhov\u011bno, kdy\u017e po\u017e\u00e1dal o okam\u017eit\u00e9 ukon\u010den\u00ed smlouvy. A i zde si u\u017e\u00edval \u017een, alkoholu a drog. V\u0161eho v hodn\u011b velk\u00e9m mno\u017estv\u00ed. Ale zapletl se s podsv\u011bt\u00edm. Dostal se do situace, kdy mu n\u011bkdo v\u00fdznamn\u00fd dlu\u017eil 1000 rand\u016f. Van der Hauwe mu p\u0159ilo\u017eil pistoli k hlav\u011b. Na\u0161t\u011bst\u00ed ale na\u0161el s\u00edlu kohoutek nezm\u00e1\u010dknout. Nechal ho j\u00edt, \u010d\u00edm\u017e mu u\u0161et\u0159il \u017eivot a sob\u011b pobyt ve v\u011bzen\u00ed. A nikde nen\u00ed ps\u00e1no, \u017ee by n\u00e1pravn\u00e9 za\u0159\u00edzen\u00ed p\u0159e\u017eil&#8230; Nakonec se v JAR, kde \u017eije dodnes, pot\u0159et\u00ed o\u017eenil. Jeho sou\u010dasn\u00e1 man\u017eelka Carolyn je dcerou opozi\u010dn\u00edho v\u016fdce z 80. let a v\u00fdznamn\u011b p\u0159isp\u011bla k jeho n\u00e1vratu do norm\u00e1ln\u00edho \u017eivota. Nakonec zv\u00edt\u011bzil i nad Ardilesem. Klub, kter\u00fd zva\u017eoval, \u017ee by Osvaldovi nab\u00eddl m\u00edsto tren\u00e9ra, se Pata zeptal na n\u00e1zor na Ardilese. Ten ho dost zkritizoval. Ardiles m\u00edsto nedostal&#8230;<\/p>\n<p>Pat van der Hauwe je v sou\u010dasnosti pot\u0159et\u00ed \u017eenat\u00fd, \u017eije v JAR, v\u011bnuje se obchodu s nemovitostmi a l\u00e9t\u00e1 do Liverpoolu na srazy legend. I \u010dern\u00e1 ovce rodiny tak pochopila, \u017ee pat\u0159\u00ed k Evertonu&#8230;<\/p>\n","protected":false},"excerpt":{"rendered":"<p>Je 4. kv\u011btna 1987 a prvn\u00ed Everton p\u0159ij\u00ed\u017ed\u00ed na Carrow Road s jednoduchou rovnic\u00ed &#8211; v\u00fdhra=titul. Defenzivn\u00ed lev\u00fd bek dost\u00e1v\u00e1 po rohu m\u00ed\u010d na prava\u010dku v 54. sekund\u011b z\u00e1pasu a&#8230;<\/p>\n","protected":false},"author":12,"featured_media":8785,"comment_status":"open","ping_status":"closed","sticky":false,"template":"","format":"standard","meta":{"_eb_attr":"","_monsterinsights_skip_tracking":false,"_monsterinsights_sitenote_active":false,"_monsterinsights_sitenote_note":"","_monsterinsights_sitenote_category":0,"footnotes":""},"categories":[11],"tags":[],"yoast_head":"<!-- This site is optimized with the Yoast SEO plugin v23.4 - https:\/\/yoast.com\/wordpress\/plugins\/seo\/ -->\n<title>Pat van den Hauwe - Official Czech &amp; Slovak Everton Supporters&#039; Club<\/title>\n<meta name=\"robots\" content=\"index, follow, max-snippet:-1, max-image-preview:large, max-video-preview:-1\" \/>\n<link rel=\"canonical\" href=\"https:\/\/evertonfc.cz\/index.php\/2019\/09\/15\/legenda-pat-van-den-hauwe\/\" \/>\n<meta property=\"og:locale\" content=\"cs_CZ\" \/>\n<meta property=\"og:type\" content=\"article\" \/>\n<meta property=\"og:title\" content=\"Pat van den Hauwe - Official Czech &amp; Slovak Everton Supporters&#039; Club\" \/>\n<meta property=\"og:description\" content=\"Je 4. kv\u011btna 1987 a prvn\u00ed Everton p\u0159ij\u00ed\u017ed\u00ed na Carrow Road s jednoduchou rovnic\u00ed - v\u00fdhra=titul. Defenzivn\u00ed lev\u00fd bek dost\u00e1v\u00e1 po rohu m\u00ed\u010d na prava\u010dku v 54. sekund\u011b z\u00e1pasu a...\" \/>\n<meta property=\"og:url\" content=\"https:\/\/evertonfc.cz\/index.php\/2019\/09\/15\/legenda-pat-van-den-hauwe\/\" \/>\n<meta property=\"og:site_name\" content=\"Official Czech &amp; Slovak Everton Supporters&#039; Club\" \/>\n<meta property=\"article:publisher\" content=\"https:\/\/www.facebook.com\/everton.fans.cz.sk\" \/>\n<meta property=\"article:published_time\" content=\"2019-09-15T13:59:50+00:00\" \/>\n<meta property=\"article:modified_time\" content=\"2019-10-11T12:18:03+00:00\" \/>\n<meta property=\"og:image\" content=\"https:\/\/evertonfc.cz\/wp-content\/uploads\/2019\/07\/hauwe_30_7_2019.jpg\" \/>\n\t<meta property=\"og:image:width\" content=\"720\" \/>\n\t<meta property=\"og:image:height\" content=\"405\" \/>\n\t<meta property=\"og:image:type\" content=\"image\/jpeg\" \/>\n<meta name=\"author\" content=\"Javor\" \/>\n<meta name=\"twitter:card\" content=\"summary_large_image\" \/>\n<meta name=\"twitter:creator\" content=\"@LoudinJan\" \/>\n<meta name=\"twitter:label1\" content=\"Napsal(a)\" \/>\n\t<meta name=\"twitter:data1\" content=\"Javor\" \/>\n\t<meta name=\"twitter:label2\" content=\"Odhadovan\u00e1 doba \u010dten\u00ed\" \/>\n\t<meta name=\"twitter:data2\" content=\"15 minut\" \/>\n<script type=\"application\/ld+json\" class=\"yoast-schema-graph\">{\"@context\":\"https:\/\/schema.org\",\"@graph\":[{\"@type\":\"Article\",\"@id\":\"https:\/\/evertonfc.cz\/index.php\/2019\/09\/15\/legenda-pat-van-den-hauwe\/#article\",\"isPartOf\":{\"@id\":\"https:\/\/evertonfc.cz\/index.php\/2019\/09\/15\/legenda-pat-van-den-hauwe\/\"},\"author\":{\"name\":\"Javor\",\"@id\":\"https:\/\/evertonfc.cz\/#\/schema\/person\/b30daf6a5852f4811f8207a17ec1bf78\"},\"headline\":\"Pat van den Hauwe\",\"datePublished\":\"2019-09-15T13:59:50+00:00\",\"dateModified\":\"2019-10-11T12:18:03+00:00\",\"mainEntityOfPage\":{\"@id\":\"https:\/\/evertonfc.cz\/index.php\/2019\/09\/15\/legenda-pat-van-den-hauwe\/\"},\"wordCount\":3070,\"commentCount\":3,\"publisher\":{\"@id\":\"https:\/\/evertonfc.cz\/#organization\"},\"image\":{\"@id\":\"https:\/\/evertonfc.cz\/index.php\/2019\/09\/15\/legenda-pat-van-den-hauwe\/#primaryimage\"},\"thumbnailUrl\":\"https:\/\/evertonfc.cz\/wp-content\/uploads\/2019\/07\/hauwe_30_7_2019.jpg\",\"articleSection\":[\"Legendy\"],\"inLanguage\":\"cs\",\"potentialAction\":[{\"@type\":\"CommentAction\",\"name\":\"Comment\",\"target\":[\"https:\/\/evertonfc.cz\/index.php\/2019\/09\/15\/legenda-pat-van-den-hauwe\/#respond\"]}]},{\"@type\":\"WebPage\",\"@id\":\"https:\/\/evertonfc.cz\/index.php\/2019\/09\/15\/legenda-pat-van-den-hauwe\/\",\"url\":\"https:\/\/evertonfc.cz\/index.php\/2019\/09\/15\/legenda-pat-van-den-hauwe\/\",\"name\":\"Pat van den Hauwe - Official Czech &amp; Slovak Everton Supporters&#039; Club\",\"isPartOf\":{\"@id\":\"https:\/\/evertonfc.cz\/#website\"},\"primaryImageOfPage\":{\"@id\":\"https:\/\/evertonfc.cz\/index.php\/2019\/09\/15\/legenda-pat-van-den-hauwe\/#primaryimage\"},\"image\":{\"@id\":\"https:\/\/evertonfc.cz\/index.php\/2019\/09\/15\/legenda-pat-van-den-hauwe\/#primaryimage\"},\"thumbnailUrl\":\"https:\/\/evertonfc.cz\/wp-content\/uploads\/2019\/07\/hauwe_30_7_2019.jpg\",\"datePublished\":\"2019-09-15T13:59:50+00:00\",\"dateModified\":\"2019-10-11T12:18:03+00:00\",\"breadcrumb\":{\"@id\":\"https:\/\/evertonfc.cz\/index.php\/2019\/09\/15\/legenda-pat-van-den-hauwe\/#breadcrumb\"},\"inLanguage\":\"cs\",\"potentialAction\":[{\"@type\":\"ReadAction\",\"target\":[\"https:\/\/evertonfc.cz\/index.php\/2019\/09\/15\/legenda-pat-van-den-hauwe\/\"]}]},{\"@type\":\"ImageObject\",\"inLanguage\":\"cs\",\"@id\":\"https:\/\/evertonfc.cz\/index.php\/2019\/09\/15\/legenda-pat-van-den-hauwe\/#primaryimage\",\"url\":\"https:\/\/evertonfc.cz\/wp-content\/uploads\/2019\/07\/hauwe_30_7_2019.jpg\",\"contentUrl\":\"https:\/\/evertonfc.cz\/wp-content\/uploads\/2019\/07\/hauwe_30_7_2019.jpg\",\"width\":720,\"height\":405,\"caption\":\"Pat Van Den Hauwe, Everton (Photo by Dave Munden - EMPICS\/PA Images via Getty Images)\"},{\"@type\":\"BreadcrumbList\",\"@id\":\"https:\/\/evertonfc.cz\/index.php\/2019\/09\/15\/legenda-pat-van-den-hauwe\/#breadcrumb\",\"itemListElement\":[{\"@type\":\"ListItem\",\"position\":1,\"name\":\"Home\",\"item\":\"https:\/\/evertonfc.cz\/\"},{\"@type\":\"ListItem\",\"position\":2,\"name\":\"Pat van den Hauwe\"}]},{\"@type\":\"WebSite\",\"@id\":\"https:\/\/evertonfc.cz\/#website\",\"url\":\"https:\/\/evertonfc.cz\/\",\"name\":\"Official Czech &amp; Slovak Everton Supporters&#039; Club\",\"description\":\"\",\"publisher\":{\"@id\":\"https:\/\/evertonfc.cz\/#organization\"},\"potentialAction\":[{\"@type\":\"SearchAction\",\"target\":{\"@type\":\"EntryPoint\",\"urlTemplate\":\"https:\/\/evertonfc.cz\/?s={search_term_string}\"},\"query-input\":{\"@type\":\"PropertyValueSpecification\",\"valueRequired\":true,\"valueName\":\"search_term_string\"}}],\"inLanguage\":\"cs\"},{\"@type\":\"Organization\",\"@id\":\"https:\/\/evertonfc.cz\/#organization\",\"name\":\"Official Czech & Slovak Everton Supporters' Club\",\"url\":\"https:\/\/evertonfc.cz\/\",\"logo\":{\"@type\":\"ImageObject\",\"inLanguage\":\"cs\",\"@id\":\"https:\/\/evertonfc.cz\/#\/schema\/logo\/image\/\",\"url\":\"https:\/\/evertonfc.cz\/wp-content\/uploads\/2019\/05\/logo.png\",\"contentUrl\":\"https:\/\/evertonfc.cz\/wp-content\/uploads\/2019\/05\/logo.png\",\"width\":112,\"height\":112,\"caption\":\"Official Czech & Slovak Everton Supporters' Club\"},\"image\":{\"@id\":\"https:\/\/evertonfc.cz\/#\/schema\/logo\/image\/\"},\"sameAs\":[\"https:\/\/www.facebook.com\/everton.fans.cz.sk\"]},{\"@type\":\"Person\",\"@id\":\"https:\/\/evertonfc.cz\/#\/schema\/person\/b30daf6a5852f4811f8207a17ec1bf78\",\"name\":\"Javor\",\"sameAs\":[\"https:\/\/x.com\/LoudinJan\"],\"url\":\"https:\/\/evertonfc.cz\/index.php\/author\/javor\/\"}]}<\/script>\n<!-- \/ Yoast SEO plugin. -->","yoast_head_json":{"title":"Pat van den Hauwe - Official Czech &amp; Slovak Everton Supporters&#039; Club","robots":{"index":"index","follow":"follow","max-snippet":"max-snippet:-1","max-image-preview":"max-image-preview:large","max-video-preview":"max-video-preview:-1"},"canonical":"https:\/\/evertonfc.cz\/index.php\/2019\/09\/15\/legenda-pat-van-den-hauwe\/","og_locale":"cs_CZ","og_type":"article","og_title":"Pat van den Hauwe - Official Czech &amp; Slovak Everton Supporters&#039; Club","og_description":"Je 4. kv\u011btna 1987 a prvn\u00ed Everton p\u0159ij\u00ed\u017ed\u00ed na Carrow Road s jednoduchou rovnic\u00ed - v\u00fdhra=titul. Defenzivn\u00ed lev\u00fd bek dost\u00e1v\u00e1 po rohu m\u00ed\u010d na prava\u010dku v 54. sekund\u011b z\u00e1pasu a...","og_url":"https:\/\/evertonfc.cz\/index.php\/2019\/09\/15\/legenda-pat-van-den-hauwe\/","og_site_name":"Official Czech &amp; Slovak Everton Supporters&#039; Club","article_publisher":"https:\/\/www.facebook.com\/everton.fans.cz.sk","article_published_time":"2019-09-15T13:59:50+00:00","article_modified_time":"2019-10-11T12:18:03+00:00","og_image":[{"width":720,"height":405,"url":"https:\/\/evertonfc.cz\/wp-content\/uploads\/2019\/07\/hauwe_30_7_2019.jpg","type":"image\/jpeg"}],"author":"Javor","twitter_card":"summary_large_image","twitter_creator":"@LoudinJan","twitter_misc":{"Napsal(a)":"Javor","Odhadovan\u00e1 doba \u010dten\u00ed":"15 minut"},"schema":{"@context":"https:\/\/schema.org","@graph":[{"@type":"Article","@id":"https:\/\/evertonfc.cz\/index.php\/2019\/09\/15\/legenda-pat-van-den-hauwe\/#article","isPartOf":{"@id":"https:\/\/evertonfc.cz\/index.php\/2019\/09\/15\/legenda-pat-van-den-hauwe\/"},"author":{"name":"Javor","@id":"https:\/\/evertonfc.cz\/#\/schema\/person\/b30daf6a5852f4811f8207a17ec1bf78"},"headline":"Pat van den Hauwe","datePublished":"2019-09-15T13:59:50+00:00","dateModified":"2019-10-11T12:18:03+00:00","mainEntityOfPage":{"@id":"https:\/\/evertonfc.cz\/index.php\/2019\/09\/15\/legenda-pat-van-den-hauwe\/"},"wordCount":3070,"commentCount":3,"publisher":{"@id":"https:\/\/evertonfc.cz\/#organization"},"image":{"@id":"https:\/\/evertonfc.cz\/index.php\/2019\/09\/15\/legenda-pat-van-den-hauwe\/#primaryimage"},"thumbnailUrl":"https:\/\/evertonfc.cz\/wp-content\/uploads\/2019\/07\/hauwe_30_7_2019.jpg","articleSection":["Legendy"],"inLanguage":"cs","potentialAction":[{"@type":"CommentAction","name":"Comment","target":["https:\/\/evertonfc.cz\/index.php\/2019\/09\/15\/legenda-pat-van-den-hauwe\/#respond"]}]},{"@type":"WebPage","@id":"https:\/\/evertonfc.cz\/index.php\/2019\/09\/15\/legenda-pat-van-den-hauwe\/","url":"https:\/\/evertonfc.cz\/index.php\/2019\/09\/15\/legenda-pat-van-den-hauwe\/","name":"Pat van den Hauwe - Official Czech &amp; Slovak Everton Supporters&#039; Club","isPartOf":{"@id":"https:\/\/evertonfc.cz\/#website"},"primaryImageOfPage":{"@id":"https:\/\/evertonfc.cz\/index.php\/2019\/09\/15\/legenda-pat-van-den-hauwe\/#primaryimage"},"image":{"@id":"https:\/\/evertonfc.cz\/index.php\/2019\/09\/15\/legenda-pat-van-den-hauwe\/#primaryimage"},"thumbnailUrl":"https:\/\/evertonfc.cz\/wp-content\/uploads\/2019\/07\/hauwe_30_7_2019.jpg","datePublished":"2019-09-15T13:59:50+00:00","dateModified":"2019-10-11T12:18:03+00:00","breadcrumb":{"@id":"https:\/\/evertonfc.cz\/index.php\/2019\/09\/15\/legenda-pat-van-den-hauwe\/#breadcrumb"},"inLanguage":"cs","potentialAction":[{"@type":"ReadAction","target":["https:\/\/evertonfc.cz\/index.php\/2019\/09\/15\/legenda-pat-van-den-hauwe\/"]}]},{"@type":"ImageObject","inLanguage":"cs","@id":"https:\/\/evertonfc.cz\/index.php\/2019\/09\/15\/legenda-pat-van-den-hauwe\/#primaryimage","url":"https:\/\/evertonfc.cz\/wp-content\/uploads\/2019\/07\/hauwe_30_7_2019.jpg","contentUrl":"https:\/\/evertonfc.cz\/wp-content\/uploads\/2019\/07\/hauwe_30_7_2019.jpg","width":720,"height":405,"caption":"Pat Van Den Hauwe, Everton (Photo by Dave Munden - EMPICS\/PA Images via Getty Images)"},{"@type":"BreadcrumbList","@id":"https:\/\/evertonfc.cz\/index.php\/2019\/09\/15\/legenda-pat-van-den-hauwe\/#breadcrumb","itemListElement":[{"@type":"ListItem","position":1,"name":"Home","item":"https:\/\/evertonfc.cz\/"},{"@type":"ListItem","position":2,"name":"Pat van den Hauwe"}]},{"@type":"WebSite","@id":"https:\/\/evertonfc.cz\/#website","url":"https:\/\/evertonfc.cz\/","name":"Official Czech &amp; Slovak Everton Supporters&#039; Club","description":"","publisher":{"@id":"https:\/\/evertonfc.cz\/#organization"},"potentialAction":[{"@type":"SearchAction","target":{"@type":"EntryPoint","urlTemplate":"https:\/\/evertonfc.cz\/?s={search_term_string}"},"query-input":{"@type":"PropertyValueSpecification","valueRequired":true,"valueName":"search_term_string"}}],"inLanguage":"cs"},{"@type":"Organization","@id":"https:\/\/evertonfc.cz\/#organization","name":"Official Czech & Slovak Everton Supporters' Club","url":"https:\/\/evertonfc.cz\/","logo":{"@type":"ImageObject","inLanguage":"cs","@id":"https:\/\/evertonfc.cz\/#\/schema\/logo\/image\/","url":"https:\/\/evertonfc.cz\/wp-content\/uploads\/2019\/05\/logo.png","contentUrl":"https:\/\/evertonfc.cz\/wp-content\/uploads\/2019\/05\/logo.png","width":112,"height":112,"caption":"Official Czech & Slovak Everton Supporters' Club"},"image":{"@id":"https:\/\/evertonfc.cz\/#\/schema\/logo\/image\/"},"sameAs":["https:\/\/www.facebook.com\/everton.fans.cz.sk"]},{"@type":"Person","@id":"https:\/\/evertonfc.cz\/#\/schema\/person\/b30daf6a5852f4811f8207a17ec1bf78","name":"Javor","sameAs":["https:\/\/x.com\/LoudinJan"],"url":"https:\/\/evertonfc.cz\/index.php\/author\/javor\/"}]}},"_links":{"self":[{"href":"https:\/\/evertonfc.cz\/index.php\/wp-json\/wp\/v2\/posts\/8763"}],"collection":[{"href":"https:\/\/evertonfc.cz\/index.php\/wp-json\/wp\/v2\/posts"}],"about":[{"href":"https:\/\/evertonfc.cz\/index.php\/wp-json\/wp\/v2\/types\/post"}],"author":[{"embeddable":true,"href":"https:\/\/evertonfc.cz\/index.php\/wp-json\/wp\/v2\/users\/12"}],"replies":[{"embeddable":true,"href":"https:\/\/evertonfc.cz\/index.php\/wp-json\/wp\/v2\/comments?post=8763"}],"version-history":[{"count":8,"href":"https:\/\/evertonfc.cz\/index.php\/wp-json\/wp\/v2\/posts\/8763\/revisions"}],"predecessor-version":[{"id":9490,"href":"https:\/\/evertonfc.cz\/index.php\/wp-json\/wp\/v2\/posts\/8763\/revisions\/9490"}],"wp:featuredmedia":[{"embeddable":true,"href":"https:\/\/evertonfc.cz\/index.php\/wp-json\/wp\/v2\/media\/8785"}],"wp:attachment":[{"href":"https:\/\/evertonfc.cz\/index.php\/wp-json\/wp\/v2\/media?parent=8763"}],"wp:term":[{"taxonomy":"category","embeddable":true,"href":"https:\/\/evertonfc.cz\/index.php\/wp-json\/wp\/v2\/categories?post=8763"},{"taxonomy":"post_tag","embeddable":true,"href":"https:\/\/evertonfc.cz\/index.php\/wp-json\/wp\/v2\/tags?post=8763"}],"curies":[{"name":"wp","href":"https:\/\/api.w.org\/{rel}","templated":true}]}}