{"id":8794,"date":"2019-07-30T14:53:22","date_gmt":"2019-07-30T12:53:22","guid":{"rendered":"https:\/\/evertonfc.cz\/?p=8794"},"modified":"2020-03-25T19:53:21","modified_gmt":"2020-03-25T18:53:21","slug":"gueye-zavrsil-prestup-do-psg","status":"publish","type":"post","link":"https:\/\/evertonfc.cz\/index.php\/2019\/07\/30\/gueye-zavrsil-prestup-do-psg\/","title":{"rendered":"Gueye zav\u0155\u0161il prestup do PSG"},"content":{"rendered":"<h4>Dlho o\u010dak\u00e1van\u00e9 sa dnes stalo skuto\u010dnos\u0165ou. Senegalsk\u00fd reprezentant si pln\u00ed sen a\u00a0odch\u00e1dza za istotou trofej\u00ed. A Everton? Ten si pr\u00edde na \u0161tvorn\u00e1sobok obstar\u00e1vacej ceny.<\/h4>\n<p>K\u013e\u00fa\u010dov\u00fd hr\u00e1\u010d sa u\u017e od zimy, kedy prejavil z\u00e1ujem o\u00a0jeho slu\u017eby Par\u00ed\u017e, netajil t\u00fdm, \u017ee pokia\u013e by mu prist\u00e1la na stole ponuka od naozaj elitn\u00e9ho klubu, r\u00e1d by si vysk\u00fa\u0161al nov\u00fa v\u00fdzvu a\u00a0z\u00edskal nejak\u00e9 tie okrasy do svojej v\u00fdkladnej skrine. Z\u00a0franc\u00fazskej ligy u\u017e v\u0161ak m\u00e1 dve najv\u00e4\u010d\u0161ie, tak pre\u010do sa vraca\u0165?<\/p>\n<p>Oba kluby sa dohodli na sume 28, resp. 29 mili\u00f3nov libier. T\u00fa s\u00edce nezverejnili, ale aspo\u0148 tak to uv\u00e1dzaj\u00fa mainstreamov\u00e9 m\u00e9di\u00e1. Len pre inform\u00e1ciu, v\u00a0zime Saint Germain neuspeli s\u00a0ponukou vo v\u00fd\u0161ke 26 mili\u00f3nov. Defenz\u00edvny z\u00e1lo\u017en\u00edk podp\u00edsal \u0161tvorro\u010dn\u00fa zmluvu potom, \u010do v\u010dera letel do hlavn\u00e9ho mesta Franc\u00fazska a\u00a0\u00faspe\u0161ne absolvoval zdravotn\u00fa prehliadku.<\/p>\n<p>Ako v\u00a0zime, tak toto leto klub deklaroval na \u010dele s\u00a0mana\u017e\u00e9rom Marcom Silvom, \u017ee pokia\u013e sa nen\u00e1jde adekv\u00e1tna n\u00e1hrada na jeho post, predaj sa neuskuto\u010dn\u00ed. Preto v\u0161etci fan\u00fa\u0161ikovia d\u00fafaj\u00fa, \u017ee u\u017e \u010doskoro sa na ofici\u00e1lnej str\u00e1nke klubu objav\u00ed okrem oznamu Gueyeho odchodu aj oznam pr\u00edchodu jeho n\u00e1stupcu. Verme, \u017ee v\u00a0pravom slova zmysle.<\/p>\n<p>Idrissa pri\u0161iel do Evertonu na za\u010diatku augusta 2016 z\u00a0Aston Villy, ke\u010f Toffees aktivovali v\u00fdkupn\u00fa klauzulu v\u00a0jeho zmluve vo v\u00fd\u0161ke sedem mili\u00f3nov libier. N\u00e1sledne sa okam\u017eite zaradil medzi najlep\u0161\u00edch hr\u00e1\u010dov a\u00a0\u0165ah\u00fa\u0148ov t\u00edmu. Na svojej poz\u00edcii je dokonca uzn\u00e1van\u00fd ako jeden z\u00a0najlep\u0161\u00edch defenz\u00edvnych z\u00e1lo\u017en\u00edkov v\u00f4bec.<\/p>\n<p>Za Karamelky odohral vo v\u0161etk\u00fdch s\u00fa\u0165a\u017eiach celkovo 108 z\u00e1pasov, vstrelil 4 g\u00f3ly a na \u010fal\u0161\u00edch 5 prihral. Svoje v\u00fdkony vybi\u010doval k dokonalosti najm\u00e4 po\u010das tejto jari. Pr\u00e1ve potom, \u010do sa mu zimn\u00fd prestup k PSG nepodaril. Zauj\u00edmav\u00e1 \u0161tatistika &#8211; po\u010das jeho troch sez\u00f3n v Goodison Parku \u017eiadny in\u00fd hr\u00e1\u010d si v Premier League neprip\u00edsal tak\u00e9 mno\u017estvo defenz\u00edvnych z\u00e1krokov ako pr\u00e1ve on.<\/p>\n<p>Na z\u00e1ver dod\u00e1m, \u017ee srdciarom je za\u0165a\u017eko pochopi\u0165 pohn\u00fatky, ktor\u00e9 ved\u00fa k tak\u00fdmto krokom. Ale rovnako ako chc\u00fa fan\u00fa\u0161ikovia Evertonu, alebo hocak\u00e9ho in\u00e9ho klubu, hra\u0165 Ligu majstrov \u010di z\u00edskava\u0165 v\u0161emo\u017en\u00e9 trofeje, rovnako chc\u00fa hr\u00e1\u010di hra\u0165 ten najvy\u0161\u0161\u00ed mo\u017en\u00fd level a plni\u0165 vlastn\u00fa zbierku \u00faspechov.<\/p>\n<p>Rozdiel ale pretrv\u00e1va v\u00a0tom, \u017ee pok\u00fdm fan\u00fa\u0161ik ct\u00ed klubov\u00fa identitu sebe vlastn\u00fa, v\u00e4\u010d\u0161ine hr\u00e1\u010dov je ukradnut\u00e9, ako a\u00a0s\u00a0k\u00fdm dan\u00fd cie\u013e dosiahnu. Koniec koncov, pre nich je to pr\u00e1ca. Pre n\u00e1s dobrovo\u013en\u00e9 zb\u00edjanie vlastn\u00fdch z\u00e1sob. Emo\u010dn\u00fdch a\u00a0finan\u010dn\u00fdch. Ale nemo\u017eno mu ni\u010d zazlieva\u0165. Za modr\u00fd dres odovzdal v\u017edy v\u0161etko. Za to mu patr\u00ed n\u00e1\u0161 re\u0161pekt a\u00a0v\u010faka.<\/p>\n<h3 style=\"text-align: center;\"><a href=\"https:\/\/www.instagram.com\/p\/B0iNQWYljS1\/\" target=\"_blank\" rel=\"noopener noreferrer\"><span style=\"color: #3366ff;\"><strong><em>\u201eAu revoir Gana\u201c<\/em><\/strong><\/span><\/a><\/h3>\n<p style=\"text-align: right;\">(foto zdroj: Youtube)<\/p>\n","protected":false},"excerpt":{"rendered":"<p>Dlho o\u010dak\u00e1van\u00e9 sa dnes stalo skuto\u010dnos\u0165ou. Senegalsk\u00fd reprezentant si pln\u00ed sen a odch\u00e1dza za istotou trofej\u00ed. A Everton? Ten si pr\u00edde na \u0161tvorn\u00e1sobok obstar\u00e1vacej ceny.<\/p>\n","protected":false},"author":1,"featured_media":8798,"comment_status":"open","ping_status":"closed","sticky":false,"template":"","format":"standard","meta":{"_eb_attr":"","_monsterinsights_skip_tracking":false,"_monsterinsights_sitenote_active":false,"_monsterinsights_sitenote_note":"","_monsterinsights_sitenote_category":0,"footnotes":""},"categories":[41],"tags":[],"yoast_head":"<!-- This site is optimized with the Yoast SEO plugin v23.4 - https:\/\/yoast.com\/wordpress\/plugins\/seo\/ -->\n<title>Gueye zav\u0155\u0161il prestup do PSG - Official Czech &amp; Slovak Everton Supporters&#039; Club<\/title>\n<meta name=\"robots\" content=\"index, follow, max-snippet:-1, max-image-preview:large, max-video-preview:-1\" \/>\n<link rel=\"canonical\" href=\"https:\/\/evertonfc.cz\/index.php\/2019\/07\/30\/gueye-zavrsil-prestup-do-psg\/\" \/>\n<meta property=\"og:locale\" content=\"cs_CZ\" \/>\n<meta property=\"og:type\" content=\"article\" \/>\n<meta property=\"og:title\" content=\"Gueye zav\u0155\u0161il prestup do PSG - Official Czech &amp; Slovak Everton Supporters&#039; Club\" \/>\n<meta property=\"og:description\" content=\"Dlho o\u010dak\u00e1van\u00e9 sa dnes stalo skuto\u010dnos\u0165ou. Senegalsk\u00fd reprezentant si pln\u00ed sen a odch\u00e1dza za istotou trofej\u00ed. A Everton? Ten si pr\u00edde na \u0161tvorn\u00e1sobok obstar\u00e1vacej ceny.\" \/>\n<meta property=\"og:url\" content=\"https:\/\/evertonfc.cz\/index.php\/2019\/07\/30\/gueye-zavrsil-prestup-do-psg\/\" \/>\n<meta property=\"og:site_name\" content=\"Official Czech &amp; Slovak Everton Supporters&#039; Club\" \/>\n<meta property=\"article:publisher\" content=\"https:\/\/www.facebook.com\/everton.fans.cz.sk\" \/>\n<meta property=\"article:published_time\" content=\"2019-07-30T12:53:22+00:00\" \/>\n<meta property=\"article:modified_time\" content=\"2020-03-25T18:53:21+00:00\" \/>\n<meta property=\"og:image\" content=\"https:\/\/evertonfc.cz\/wp-content\/uploads\/2019\/07\/gueye-30-7-2019.jpg\" \/>\n\t<meta property=\"og:image:width\" content=\"720\" \/>\n\t<meta property=\"og:image:height\" content=\"405\" \/>\n\t<meta property=\"og:image:type\" content=\"image\/jpeg\" \/>\n<meta name=\"author\" content=\"BlueBlooded\" \/>\n<meta name=\"twitter:card\" content=\"summary_large_image\" \/>\n<meta name=\"twitter:label1\" content=\"Napsal(a)\" \/>\n\t<meta name=\"twitter:data1\" content=\"BlueBlooded\" \/>\n\t<meta name=\"twitter:label2\" content=\"Odhadovan\u00e1 doba \u010dten\u00ed\" \/>\n\t<meta name=\"twitter:data2\" content=\"3 minuty\" \/>\n<script type=\"application\/ld+json\" class=\"yoast-schema-graph\">{\"@context\":\"https:\/\/schema.org\",\"@graph\":[{\"@type\":\"Article\",\"@id\":\"https:\/\/evertonfc.cz\/index.php\/2019\/07\/30\/gueye-zavrsil-prestup-do-psg\/#article\",\"isPartOf\":{\"@id\":\"https:\/\/evertonfc.cz\/index.php\/2019\/07\/30\/gueye-zavrsil-prestup-do-psg\/\"},\"author\":{\"name\":\"BlueBlooded\",\"@id\":\"https:\/\/evertonfc.cz\/#\/schema\/person\/d4493b8cbea51532597fbc4685698916\"},\"headline\":\"Gueye zav\u0155\u0161il prestup do PSG\",\"datePublished\":\"2019-07-30T12:53:22+00:00\",\"dateModified\":\"2020-03-25T18:53:21+00:00\",\"mainEntityOfPage\":{\"@id\":\"https:\/\/evertonfc.cz\/index.php\/2019\/07\/30\/gueye-zavrsil-prestup-do-psg\/\"},\"wordCount\":527,\"commentCount\":2,\"publisher\":{\"@id\":\"https:\/\/evertonfc.cz\/#organization\"},\"image\":{\"@id\":\"https:\/\/evertonfc.cz\/index.php\/2019\/07\/30\/gueye-zavrsil-prestup-do-psg\/#primaryimage\"},\"thumbnailUrl\":\"https:\/\/evertonfc.cz\/wp-content\/uploads\/2019\/07\/gueye-30-7-2019.jpg\",\"articleSection\":[\"P\u0159estupy\"],\"inLanguage\":\"cs\",\"potentialAction\":[{\"@type\":\"CommentAction\",\"name\":\"Comment\",\"target\":[\"https:\/\/evertonfc.cz\/index.php\/2019\/07\/30\/gueye-zavrsil-prestup-do-psg\/#respond\"]}]},{\"@type\":\"WebPage\",\"@id\":\"https:\/\/evertonfc.cz\/index.php\/2019\/07\/30\/gueye-zavrsil-prestup-do-psg\/\",\"url\":\"https:\/\/evertonfc.cz\/index.php\/2019\/07\/30\/gueye-zavrsil-prestup-do-psg\/\",\"name\":\"Gueye zav\u0155\u0161il prestup do PSG - Official Czech &amp; Slovak Everton Supporters&#039; Club\",\"isPartOf\":{\"@id\":\"https:\/\/evertonfc.cz\/#website\"},\"primaryImageOfPage\":{\"@id\":\"https:\/\/evertonfc.cz\/index.php\/2019\/07\/30\/gueye-zavrsil-prestup-do-psg\/#primaryimage\"},\"image\":{\"@id\":\"https:\/\/evertonfc.cz\/index.php\/2019\/07\/30\/gueye-zavrsil-prestup-do-psg\/#primaryimage\"},\"thumbnailUrl\":\"https:\/\/evertonfc.cz\/wp-content\/uploads\/2019\/07\/gueye-30-7-2019.jpg\",\"datePublished\":\"2019-07-30T12:53:22+00:00\",\"dateModified\":\"2020-03-25T18:53:21+00:00\",\"breadcrumb\":{\"@id\":\"https:\/\/evertonfc.cz\/index.php\/2019\/07\/30\/gueye-zavrsil-prestup-do-psg\/#breadcrumb\"},\"inLanguage\":\"cs\",\"potentialAction\":[{\"@type\":\"ReadAction\",\"target\":[\"https:\/\/evertonfc.cz\/index.php\/2019\/07\/30\/gueye-zavrsil-prestup-do-psg\/\"]}]},{\"@type\":\"ImageObject\",\"inLanguage\":\"cs\",\"@id\":\"https:\/\/evertonfc.cz\/index.php\/2019\/07\/30\/gueye-zavrsil-prestup-do-psg\/#primaryimage\",\"url\":\"https:\/\/evertonfc.cz\/wp-content\/uploads\/2019\/07\/gueye-30-7-2019.jpg\",\"contentUrl\":\"https:\/\/evertonfc.cz\/wp-content\/uploads\/2019\/07\/gueye-30-7-2019.jpg\",\"width\":720,\"height\":405},{\"@type\":\"BreadcrumbList\",\"@id\":\"https:\/\/evertonfc.cz\/index.php\/2019\/07\/30\/gueye-zavrsil-prestup-do-psg\/#breadcrumb\",\"itemListElement\":[{\"@type\":\"ListItem\",\"position\":1,\"name\":\"Home\",\"item\":\"https:\/\/evertonfc.cz\/\"},{\"@type\":\"ListItem\",\"position\":2,\"name\":\"Gueye zav\u0155\u0161il prestup do PSG\"}]},{\"@type\":\"WebSite\",\"@id\":\"https:\/\/evertonfc.cz\/#website\",\"url\":\"https:\/\/evertonfc.cz\/\",\"name\":\"Official Czech &amp; Slovak Everton Supporters&#039; Club\",\"description\":\"\",\"publisher\":{\"@id\":\"https:\/\/evertonfc.cz\/#organization\"},\"potentialAction\":[{\"@type\":\"SearchAction\",\"target\":{\"@type\":\"EntryPoint\",\"urlTemplate\":\"https:\/\/evertonfc.cz\/?s={search_term_string}\"},\"query-input\":{\"@type\":\"PropertyValueSpecification\",\"valueRequired\":true,\"valueName\":\"search_term_string\"}}],\"inLanguage\":\"cs\"},{\"@type\":\"Organization\",\"@id\":\"https:\/\/evertonfc.cz\/#organization\",\"name\":\"Official Czech & Slovak Everton Supporters' Club\",\"url\":\"https:\/\/evertonfc.cz\/\",\"logo\":{\"@type\":\"ImageObject\",\"inLanguage\":\"cs\",\"@id\":\"https:\/\/evertonfc.cz\/#\/schema\/logo\/image\/\",\"url\":\"https:\/\/evertonfc.cz\/wp-content\/uploads\/2019\/05\/logo.png\",\"contentUrl\":\"https:\/\/evertonfc.cz\/wp-content\/uploads\/2019\/05\/logo.png\",\"width\":112,\"height\":112,\"caption\":\"Official Czech & Slovak Everton Supporters' Club\"},\"image\":{\"@id\":\"https:\/\/evertonfc.cz\/#\/schema\/logo\/image\/\"},\"sameAs\":[\"https:\/\/www.facebook.com\/everton.fans.cz.sk\"]},{\"@type\":\"Person\",\"@id\":\"https:\/\/evertonfc.cz\/#\/schema\/person\/d4493b8cbea51532597fbc4685698916\",\"name\":\"BlueBlooded\",\"url\":\"https:\/\/evertonfc.cz\/index.php\/author\/admin\/\"}]}<\/script>\n<!-- \/ Yoast SEO plugin. -->","yoast_head_json":{"title":"Gueye zav\u0155\u0161il prestup do PSG - Official Czech &amp; Slovak Everton Supporters&#039; Club","robots":{"index":"index","follow":"follow","max-snippet":"max-snippet:-1","max-image-preview":"max-image-preview:large","max-video-preview":"max-video-preview:-1"},"canonical":"https:\/\/evertonfc.cz\/index.php\/2019\/07\/30\/gueye-zavrsil-prestup-do-psg\/","og_locale":"cs_CZ","og_type":"article","og_title":"Gueye zav\u0155\u0161il prestup do PSG - Official Czech &amp; Slovak Everton Supporters&#039; Club","og_description":"Dlho o\u010dak\u00e1van\u00e9 sa dnes stalo skuto\u010dnos\u0165ou. Senegalsk\u00fd reprezentant si pln\u00ed sen a odch\u00e1dza za istotou trofej\u00ed. A Everton? Ten si pr\u00edde na \u0161tvorn\u00e1sobok obstar\u00e1vacej ceny.","og_url":"https:\/\/evertonfc.cz\/index.php\/2019\/07\/30\/gueye-zavrsil-prestup-do-psg\/","og_site_name":"Official Czech &amp; Slovak Everton Supporters&#039; Club","article_publisher":"https:\/\/www.facebook.com\/everton.fans.cz.sk","article_published_time":"2019-07-30T12:53:22+00:00","article_modified_time":"2020-03-25T18:53:21+00:00","og_image":[{"width":720,"height":405,"url":"https:\/\/evertonfc.cz\/wp-content\/uploads\/2019\/07\/gueye-30-7-2019.jpg","type":"image\/jpeg"}],"author":"BlueBlooded","twitter_card":"summary_large_image","twitter_misc":{"Napsal(a)":"BlueBlooded","Odhadovan\u00e1 doba \u010dten\u00ed":"3 minuty"},"schema":{"@context":"https:\/\/schema.org","@graph":[{"@type":"Article","@id":"https:\/\/evertonfc.cz\/index.php\/2019\/07\/30\/gueye-zavrsil-prestup-do-psg\/#article","isPartOf":{"@id":"https:\/\/evertonfc.cz\/index.php\/2019\/07\/30\/gueye-zavrsil-prestup-do-psg\/"},"author":{"name":"BlueBlooded","@id":"https:\/\/evertonfc.cz\/#\/schema\/person\/d4493b8cbea51532597fbc4685698916"},"headline":"Gueye zav\u0155\u0161il prestup do PSG","datePublished":"2019-07-30T12:53:22+00:00","dateModified":"2020-03-25T18:53:21+00:00","mainEntityOfPage":{"@id":"https:\/\/evertonfc.cz\/index.php\/2019\/07\/30\/gueye-zavrsil-prestup-do-psg\/"},"wordCount":527,"commentCount":2,"publisher":{"@id":"https:\/\/evertonfc.cz\/#organization"},"image":{"@id":"https:\/\/evertonfc.cz\/index.php\/2019\/07\/30\/gueye-zavrsil-prestup-do-psg\/#primaryimage"},"thumbnailUrl":"https:\/\/evertonfc.cz\/wp-content\/uploads\/2019\/07\/gueye-30-7-2019.jpg","articleSection":["P\u0159estupy"],"inLanguage":"cs","potentialAction":[{"@type":"CommentAction","name":"Comment","target":["https:\/\/evertonfc.cz\/index.php\/2019\/07\/30\/gueye-zavrsil-prestup-do-psg\/#respond"]}]},{"@type":"WebPage","@id":"https:\/\/evertonfc.cz\/index.php\/2019\/07\/30\/gueye-zavrsil-prestup-do-psg\/","url":"https:\/\/evertonfc.cz\/index.php\/2019\/07\/30\/gueye-zavrsil-prestup-do-psg\/","name":"Gueye zav\u0155\u0161il prestup do PSG - Official Czech &amp; Slovak Everton Supporters&#039; Club","isPartOf":{"@id":"https:\/\/evertonfc.cz\/#website"},"primaryImageOfPage":{"@id":"https:\/\/evertonfc.cz\/index.php\/2019\/07\/30\/gueye-zavrsil-prestup-do-psg\/#primaryimage"},"image":{"@id":"https:\/\/evertonfc.cz\/index.php\/2019\/07\/30\/gueye-zavrsil-prestup-do-psg\/#primaryimage"},"thumbnailUrl":"https:\/\/evertonfc.cz\/wp-content\/uploads\/2019\/07\/gueye-30-7-2019.jpg","datePublished":"2019-07-30T12:53:22+00:00","dateModified":"2020-03-25T18:53:21+00:00","breadcrumb":{"@id":"https:\/\/evertonfc.cz\/index.php\/2019\/07\/30\/gueye-zavrsil-prestup-do-psg\/#breadcrumb"},"inLanguage":"cs","potentialAction":[{"@type":"ReadAction","target":["https:\/\/evertonfc.cz\/index.php\/2019\/07\/30\/gueye-zavrsil-prestup-do-psg\/"]}]},{"@type":"ImageObject","inLanguage":"cs","@id":"https:\/\/evertonfc.cz\/index.php\/2019\/07\/30\/gueye-zavrsil-prestup-do-psg\/#primaryimage","url":"https:\/\/evertonfc.cz\/wp-content\/uploads\/2019\/07\/gueye-30-7-2019.jpg","contentUrl":"https:\/\/evertonfc.cz\/wp-content\/uploads\/2019\/07\/gueye-30-7-2019.jpg","width":720,"height":405},{"@type":"BreadcrumbList","@id":"https:\/\/evertonfc.cz\/index.php\/2019\/07\/30\/gueye-zavrsil-prestup-do-psg\/#breadcrumb","itemListElement":[{"@type":"ListItem","position":1,"name":"Home","item":"https:\/\/evertonfc.cz\/"},{"@type":"ListItem","position":2,"name":"Gueye zav\u0155\u0161il prestup do PSG"}]},{"@type":"WebSite","@id":"https:\/\/evertonfc.cz\/#website","url":"https:\/\/evertonfc.cz\/","name":"Official Czech &amp; Slovak Everton Supporters&#039; Club","description":"","publisher":{"@id":"https:\/\/evertonfc.cz\/#organization"},"potentialAction":[{"@type":"SearchAction","target":{"@type":"EntryPoint","urlTemplate":"https:\/\/evertonfc.cz\/?s={search_term_string}"},"query-input":{"@type":"PropertyValueSpecification","valueRequired":true,"valueName":"search_term_string"}}],"inLanguage":"cs"},{"@type":"Organization","@id":"https:\/\/evertonfc.cz\/#organization","name":"Official Czech & Slovak Everton Supporters' Club","url":"https:\/\/evertonfc.cz\/","logo":{"@type":"ImageObject","inLanguage":"cs","@id":"https:\/\/evertonfc.cz\/#\/schema\/logo\/image\/","url":"https:\/\/evertonfc.cz\/wp-content\/uploads\/2019\/05\/logo.png","contentUrl":"https:\/\/evertonfc.cz\/wp-content\/uploads\/2019\/05\/logo.png","width":112,"height":112,"caption":"Official Czech & Slovak Everton Supporters' Club"},"image":{"@id":"https:\/\/evertonfc.cz\/#\/schema\/logo\/image\/"},"sameAs":["https:\/\/www.facebook.com\/everton.fans.cz.sk"]},{"@type":"Person","@id":"https:\/\/evertonfc.cz\/#\/schema\/person\/d4493b8cbea51532597fbc4685698916","name":"BlueBlooded","url":"https:\/\/evertonfc.cz\/index.php\/author\/admin\/"}]}},"_links":{"self":[{"href":"https:\/\/evertonfc.cz\/index.php\/wp-json\/wp\/v2\/posts\/8794"}],"collection":[{"href":"https:\/\/evertonfc.cz\/index.php\/wp-json\/wp\/v2\/posts"}],"about":[{"href":"https:\/\/evertonfc.cz\/index.php\/wp-json\/wp\/v2\/types\/post"}],"author":[{"embeddable":true,"href":"https:\/\/evertonfc.cz\/index.php\/wp-json\/wp\/v2\/users\/1"}],"replies":[{"embeddable":true,"href":"https:\/\/evertonfc.cz\/index.php\/wp-json\/wp\/v2\/comments?post=8794"}],"version-history":[{"count":15,"href":"https:\/\/evertonfc.cz\/index.php\/wp-json\/wp\/v2\/posts\/8794\/revisions"}],"predecessor-version":[{"id":10591,"href":"https:\/\/evertonfc.cz\/index.php\/wp-json\/wp\/v2\/posts\/8794\/revisions\/10591"}],"wp:featuredmedia":[{"embeddable":true,"href":"https:\/\/evertonfc.cz\/index.php\/wp-json\/wp\/v2\/media\/8798"}],"wp:attachment":[{"href":"https:\/\/evertonfc.cz\/index.php\/wp-json\/wp\/v2\/media?parent=8794"}],"wp:term":[{"taxonomy":"category","embeddable":true,"href":"https:\/\/evertonfc.cz\/index.php\/wp-json\/wp\/v2\/categories?post=8794"},{"taxonomy":"post_tag","embeddable":true,"href":"https:\/\/evertonfc.cz\/index.php\/wp-json\/wp\/v2\/tags?post=8794"}],"curies":[{"name":"wp","href":"https:\/\/api.w.org\/{rel}","templated":true}]}}