{"id":8838,"date":"2019-08-02T22:32:06","date_gmt":"2019-08-02T20:32:06","guid":{"rendered":"https:\/\/evertonfc.cz\/?p=8838"},"modified":"2019-08-12T21:32:12","modified_gmt":"2019-08-12T19:32:12","slug":"ctvrta-posila-jean-philippe-gbamin","status":"publish","type":"post","link":"https:\/\/evertonfc.cz\/index.php\/2019\/08\/02\/ctvrta-posila-jean-philippe-gbamin\/","title":{"rendered":"\u010ctvrt\u00e1 posila: Jean-Philippe Gbamin"},"content":{"rendered":"<h4>Netrvalo dlouho a Everton dost\u00e1l slov opakovan\u011b zazn\u00edvaj\u00edc\u00edch z \u00fast mana\u017eera Silvy. Gueyeho, kter\u00fd p\u0159ed t\u0159emi dny ode\u0161el do PSG, nahrazuje nov\u00e1 posila &#8211; 23let\u00fd Gbamin z Mainzu.<\/h4>\n<p>Marco Silva se jen t\u011b\u017eko vzd\u00e1val Idrissy Gueyeho, za n\u011bho\u017e pa\u0159\u00ed\u017esk\u00fd velkoklub zaplatil 29 milion\u016f liber. Portugalsk\u00fd strat\u00e9g podm\u00ednil odchod kl\u00ed\u010dov\u00e9ho defenzivn\u00edho st\u0159edopola\u0159e n\u00e1kupem nov\u00e9 \u0161estky, je\u017e bude schopna v dohledn\u00e9 dob\u011b nasko\u010dit do z\u00e1kladn\u00ed sestavy a zamezit vzniklou d\u00edru. Pro spln\u011bn\u00ed nelehk\u00e9ho \u00fakolu byl vybr\u00e1n Jean-Philippe Gbamin.<\/p>\n<p>Reprezentant Pob\u0159e\u017e\u00ed Slonoviny podepsal na Goodison Parku p\u011btilet\u00fd kontrakt a vybral si dres s \u010d\u00edslem 25. \u010c\u00e1stka p\u0159estupu nebylo ofici\u00e1ln\u011b p\u0159edstavena, m\u00e9dia ale nej\u010dast\u011bji sklo\u0148uj\u00ed sumu ve v\u00fd\u0161i 25 milion\u016f liber. \u00dactyhodnou sumu si Gbamin vyslou\u017eil zejm\u00e9na sv\u00fdmi v\u00fdkony b\u011bhem posledn\u00edch t\u0159\u00ed let, kdy po p\u0159estupu z francouzsk\u00e9ho Lensu, kde debutoval v seniorsk\u00e9m fotbale, neust\u00e1le zvy\u0161oval svou v\u00fdkonnostn\u00ed la\u0165ku v n\u011bmeck\u00e9m Mainzu. Bundesligou prov\u011b\u0159en\u00fd defenzivn\u00ed st\u0159edopola\u0159 se d\u00edky sv\u00e9mu potenci\u00e1lu m\u016f\u017ee za\u0159adit mezi nejlep\u0161\u00ed hr\u00e1\u010de na sv\u00e9m postu i v anglick\u00e9 Premier League.<\/p>\n<p><em>\u201eJe to velk\u00fd okam\u017eik, m\u00eds\u00ed se ve mn\u011b hodn\u011b emoc\u00ed,\u201c<\/em> prozradil Gbamin pro klubovou televizi Toffees, <em>\u201ejsem odhodlan\u00fd dok\u00e1zat na h\u0159i\u0161ti, pro\u010d m\u011b Everton koupil. Stal jsou se sou\u010d\u00e1st\u00ed skv\u011bl\u00e9ho klubu s bohatou histori\u00ed a velk\u00fdmi ambicemi. Mana\u017eer mi prozradil, \u017ee mohu pomoci t\u00fdmu s progresem. D\u016fle\u017eit\u00fd byl pro m\u011b tak\u00e9 rozhovor s Marcelem Brandsem, zvolil opravdu vhodn\u00e1 slova, aby m\u011b ujistil o spr\u00e1vnosti rozhodnut\u00ed p\u0159estoupit do Evertonu.<\/em><\/p>\n<p><em>Co se t\u00fd\u010de m\u00e9ho stylu hru, vy\u017e\u00edv\u00e1m se v osobn\u00edch souboj\u00edch. B\u011bhem z\u00e1pasu tak\u00e9 hodn\u011b b\u011bh\u00e1m a rozehr\u00e1v\u00e1m akce. Ucelen\u00fd n\u00e1zor si ale ud\u011blaj\u00ed fanou\u0161ci sami. Mohu jen v\u0161echny ubezpe\u010dit, \u017ee budu tvrd\u011b pracovat.\u201c<\/em><\/p>\n<p>Gbamin je sice n\u00e1hradou za Gueyeho, nejedn\u00e1 se ale o typologicky zcela podobn\u00e9ho hr\u00e1\u010de. Oproti Senegalcovi je urostlej\u0161\u00ed (186 cm, 83 kg), a i proto si solidn\u011b rad\u00ed v hlavi\u010dkov\u00fdch duelech, naopak ale zaost\u00e1v\u00e1 v mr\u0161tnosti.<\/p>\n<p>Co je v\u0161ak d\u016fle\u017eit\u00e9 pro Silv\u016fv fotbal, kter\u00fd se vyzna\u010duje dominanc\u00ed na m\u00ed\u010di, Gbamin je technick\u00fd zdatn\u00fdm fotbalistou. Dob\u0159e kryje m\u00ed\u010d i pod presinkem soupe\u0159e a neboj\u00ed se del\u0161\u00edmi a riskantn\u011bj\u0161\u00edmi p\u0159ihr\u00e1vkami zrychlit p\u0159echod do \u00fatoku.<\/p>\n<p><em>\u00a0\u201eBundesliga pomohla jeho v\u00fdvoji, prok\u00e1zal sv\u00e9 schopnosti v t\u011b\u017ek\u00e9 sout\u011b\u017ei. Mysl\u00edm, \u017ee pasuje do na\u0161eho modelu hry. Jeho p\u0159\u00edtomnost v t\u00fdmu n\u00e1m d\u00e1v\u00e1 nov\u00e9 mo\u017enosti v z\u00e1lo\u017en\u00ed \u0159ad\u011b,\u201c<\/em> p\u0159iv\u00edtal posilu Marco Silva.<\/p>\n<p>Gbamin b\u011bhem t\u0159\u00ed let v Mainzu odehr\u00e1l celkem 95 utk\u00e1n\u00ed, v nich\u017e vst\u0159elil t\u0159i branky a zaznamenal \u010dty\u0159i asistence. P\u0159\u00edle\u017eitostn\u011b alternoval tak\u00e9 na stoperu, jeho prim\u00e1rn\u00edm postem je ale defenzivn\u00ed z\u00e1loha. S nov\u00fdmi spoluhr\u00e1\u010di se uvid\u00ed a\u017e v pond\u011bl\u00ed na tr\u00e9ninku, z\u00edt\u0159ej\u0161\u00ed z\u00e1pas v n\u011bmeck\u00fdch Br\u00e9m\u00e1ch je\u0161t\u011b zme\u0161k\u00e1.<\/p>\n<p>Posledn\u00ed v\u00edkend p\u0159ed startem nov\u00e9ho ro\u010dn\u00edku by Toffees m\u011bli zkompletovat je\u0161t\u011b jeden p\u0159estup. 19let\u00fd \u00fato\u010dn\u00edk Moise Kean z Juventusu se pr\u00fd v sobotu objev\u00ed v Liverpoolu, aby podstoupil zdravotn\u00ed prohl\u00eddkou p\u0159ed podpisem smlouvy.<\/p>\n","protected":false},"excerpt":{"rendered":"<p>Netrvalo dlouho a Everton dost\u00e1l slov opakovan\u011b zazn\u00edvaj\u00edc\u00edch z \u00fast mana\u017eera Silvy. Gueyeho, kter\u00fd p\u0159ed t\u0159emi dny ode\u0161el do PSG, nahrazuje nov\u00e1 posila &#8211; 23let\u00fd Gbamin z Mainzu.<\/p>\n","protected":false},"author":6,"featured_media":8837,"comment_status":"open","ping_status":"closed","sticky":false,"template":"","format":"standard","meta":{"_eb_attr":"","_monsterinsights_skip_tracking":false,"_monsterinsights_sitenote_active":false,"_monsterinsights_sitenote_note":"","_monsterinsights_sitenote_category":0,"footnotes":""},"categories":[41],"tags":[],"yoast_head":"<!-- This site is optimized with the Yoast SEO plugin v23.4 - https:\/\/yoast.com\/wordpress\/plugins\/seo\/ -->\n<title>\u010ctvrt\u00e1 posila: Jean-Philippe Gbamin - Official Czech &amp; Slovak Everton Supporters&#039; Club<\/title>\n<meta name=\"robots\" content=\"index, follow, max-snippet:-1, max-image-preview:large, max-video-preview:-1\" \/>\n<link rel=\"canonical\" href=\"https:\/\/evertonfc.cz\/index.php\/2019\/08\/02\/ctvrta-posila-jean-philippe-gbamin\/\" \/>\n<meta property=\"og:locale\" content=\"cs_CZ\" \/>\n<meta property=\"og:type\" content=\"article\" \/>\n<meta property=\"og:title\" content=\"\u010ctvrt\u00e1 posila: Jean-Philippe Gbamin - Official Czech &amp; Slovak Everton Supporters&#039; Club\" \/>\n<meta property=\"og:description\" content=\"Netrvalo dlouho a Everton dost\u00e1l slov opakovan\u011b zazn\u00edvaj\u00edc\u00edch z \u00fast mana\u017eera Silvy. Gueyeho, kter\u00fd p\u0159ed t\u0159emi dny ode\u0161el do PSG, nahrazuje nov\u00e1 posila - 23let\u00fd Gbamin z Mainzu.\" \/>\n<meta property=\"og:url\" content=\"https:\/\/evertonfc.cz\/index.php\/2019\/08\/02\/ctvrta-posila-jean-philippe-gbamin\/\" \/>\n<meta property=\"og:site_name\" content=\"Official Czech &amp; Slovak Everton Supporters&#039; Club\" \/>\n<meta property=\"article:publisher\" content=\"https:\/\/www.facebook.com\/everton.fans.cz.sk\" \/>\n<meta property=\"article:published_time\" content=\"2019-08-02T20:32:06+00:00\" \/>\n<meta property=\"article:modified_time\" content=\"2019-08-12T19:32:12+00:00\" \/>\n<meta property=\"og:image\" content=\"https:\/\/evertonfc.cz\/wp-content\/uploads\/2019\/08\/gbamin_2_8_2019.jpg\" \/>\n\t<meta property=\"og:image:width\" content=\"720\" \/>\n\t<meta property=\"og:image:height\" content=\"405\" \/>\n\t<meta property=\"og:image:type\" content=\"image\/jpeg\" \/>\n<meta name=\"author\" content=\"Ri\u010di\" \/>\n<meta name=\"twitter:card\" content=\"summary_large_image\" \/>\n<meta name=\"twitter:creator\" content=\"@rbrejsa\" \/>\n<meta name=\"twitter:label1\" content=\"Napsal(a)\" \/>\n\t<meta name=\"twitter:data1\" content=\"Ri\u010di\" \/>\n\t<meta name=\"twitter:label2\" content=\"Odhadovan\u00e1 doba \u010dten\u00ed\" \/>\n\t<meta name=\"twitter:data2\" content=\"3 minuty\" \/>\n<script type=\"application\/ld+json\" class=\"yoast-schema-graph\">{\"@context\":\"https:\/\/schema.org\",\"@graph\":[{\"@type\":\"Article\",\"@id\":\"https:\/\/evertonfc.cz\/index.php\/2019\/08\/02\/ctvrta-posila-jean-philippe-gbamin\/#article\",\"isPartOf\":{\"@id\":\"https:\/\/evertonfc.cz\/index.php\/2019\/08\/02\/ctvrta-posila-jean-philippe-gbamin\/\"},\"author\":{\"name\":\"Ri\u010di\",\"@id\":\"https:\/\/evertonfc.cz\/#\/schema\/person\/f7a5daedb2ffee98480bc70e191aaef1\"},\"headline\":\"\u010ctvrt\u00e1 posila: Jean-Philippe Gbamin\",\"datePublished\":\"2019-08-02T20:32:06+00:00\",\"dateModified\":\"2019-08-12T19:32:12+00:00\",\"mainEntityOfPage\":{\"@id\":\"https:\/\/evertonfc.cz\/index.php\/2019\/08\/02\/ctvrta-posila-jean-philippe-gbamin\/\"},\"wordCount\":609,\"commentCount\":6,\"publisher\":{\"@id\":\"https:\/\/evertonfc.cz\/#organization\"},\"image\":{\"@id\":\"https:\/\/evertonfc.cz\/index.php\/2019\/08\/02\/ctvrta-posila-jean-philippe-gbamin\/#primaryimage\"},\"thumbnailUrl\":\"https:\/\/evertonfc.cz\/wp-content\/uploads\/2019\/08\/gbamin_2_8_2019.jpg\",\"articleSection\":[\"P\u0159estupy\"],\"inLanguage\":\"cs\",\"potentialAction\":[{\"@type\":\"CommentAction\",\"name\":\"Comment\",\"target\":[\"https:\/\/evertonfc.cz\/index.php\/2019\/08\/02\/ctvrta-posila-jean-philippe-gbamin\/#respond\"]}]},{\"@type\":\"WebPage\",\"@id\":\"https:\/\/evertonfc.cz\/index.php\/2019\/08\/02\/ctvrta-posila-jean-philippe-gbamin\/\",\"url\":\"https:\/\/evertonfc.cz\/index.php\/2019\/08\/02\/ctvrta-posila-jean-philippe-gbamin\/\",\"name\":\"\u010ctvrt\u00e1 posila: Jean-Philippe Gbamin - Official Czech &amp; Slovak Everton Supporters&#039; Club\",\"isPartOf\":{\"@id\":\"https:\/\/evertonfc.cz\/#website\"},\"primaryImageOfPage\":{\"@id\":\"https:\/\/evertonfc.cz\/index.php\/2019\/08\/02\/ctvrta-posila-jean-philippe-gbamin\/#primaryimage\"},\"image\":{\"@id\":\"https:\/\/evertonfc.cz\/index.php\/2019\/08\/02\/ctvrta-posila-jean-philippe-gbamin\/#primaryimage\"},\"thumbnailUrl\":\"https:\/\/evertonfc.cz\/wp-content\/uploads\/2019\/08\/gbamin_2_8_2019.jpg\",\"datePublished\":\"2019-08-02T20:32:06+00:00\",\"dateModified\":\"2019-08-12T19:32:12+00:00\",\"breadcrumb\":{\"@id\":\"https:\/\/evertonfc.cz\/index.php\/2019\/08\/02\/ctvrta-posila-jean-philippe-gbamin\/#breadcrumb\"},\"inLanguage\":\"cs\",\"potentialAction\":[{\"@type\":\"ReadAction\",\"target\":[\"https:\/\/evertonfc.cz\/index.php\/2019\/08\/02\/ctvrta-posila-jean-philippe-gbamin\/\"]}]},{\"@type\":\"ImageObject\",\"inLanguage\":\"cs\",\"@id\":\"https:\/\/evertonfc.cz\/index.php\/2019\/08\/02\/ctvrta-posila-jean-philippe-gbamin\/#primaryimage\",\"url\":\"https:\/\/evertonfc.cz\/wp-content\/uploads\/2019\/08\/gbamin_2_8_2019.jpg\",\"contentUrl\":\"https:\/\/evertonfc.cz\/wp-content\/uploads\/2019\/08\/gbamin_2_8_2019.jpg\",\"width\":720,\"height\":405},{\"@type\":\"BreadcrumbList\",\"@id\":\"https:\/\/evertonfc.cz\/index.php\/2019\/08\/02\/ctvrta-posila-jean-philippe-gbamin\/#breadcrumb\",\"itemListElement\":[{\"@type\":\"ListItem\",\"position\":1,\"name\":\"Home\",\"item\":\"https:\/\/evertonfc.cz\/\"},{\"@type\":\"ListItem\",\"position\":2,\"name\":\"\u010ctvrt\u00e1 posila: Jean-Philippe Gbamin\"}]},{\"@type\":\"WebSite\",\"@id\":\"https:\/\/evertonfc.cz\/#website\",\"url\":\"https:\/\/evertonfc.cz\/\",\"name\":\"Official Czech &amp; Slovak Everton Supporters&#039; Club\",\"description\":\"\",\"publisher\":{\"@id\":\"https:\/\/evertonfc.cz\/#organization\"},\"potentialAction\":[{\"@type\":\"SearchAction\",\"target\":{\"@type\":\"EntryPoint\",\"urlTemplate\":\"https:\/\/evertonfc.cz\/?s={search_term_string}\"},\"query-input\":{\"@type\":\"PropertyValueSpecification\",\"valueRequired\":true,\"valueName\":\"search_term_string\"}}],\"inLanguage\":\"cs\"},{\"@type\":\"Organization\",\"@id\":\"https:\/\/evertonfc.cz\/#organization\",\"name\":\"Official Czech & Slovak Everton Supporters' Club\",\"url\":\"https:\/\/evertonfc.cz\/\",\"logo\":{\"@type\":\"ImageObject\",\"inLanguage\":\"cs\",\"@id\":\"https:\/\/evertonfc.cz\/#\/schema\/logo\/image\/\",\"url\":\"https:\/\/evertonfc.cz\/wp-content\/uploads\/2019\/05\/logo.png\",\"contentUrl\":\"https:\/\/evertonfc.cz\/wp-content\/uploads\/2019\/05\/logo.png\",\"width\":112,\"height\":112,\"caption\":\"Official Czech & Slovak Everton Supporters' Club\"},\"image\":{\"@id\":\"https:\/\/evertonfc.cz\/#\/schema\/logo\/image\/\"},\"sameAs\":[\"https:\/\/www.facebook.com\/everton.fans.cz.sk\"]},{\"@type\":\"Person\",\"@id\":\"https:\/\/evertonfc.cz\/#\/schema\/person\/f7a5daedb2ffee98480bc70e191aaef1\",\"name\":\"Ri\u010di\",\"sameAs\":[\"https:\/\/x.com\/rbrejsa\"],\"url\":\"https:\/\/evertonfc.cz\/index.php\/author\/rici\/\"}]}<\/script>\n<!-- \/ Yoast SEO plugin. -->","yoast_head_json":{"title":"\u010ctvrt\u00e1 posila: Jean-Philippe Gbamin - Official Czech &amp; Slovak Everton Supporters&#039; Club","robots":{"index":"index","follow":"follow","max-snippet":"max-snippet:-1","max-image-preview":"max-image-preview:large","max-video-preview":"max-video-preview:-1"},"canonical":"https:\/\/evertonfc.cz\/index.php\/2019\/08\/02\/ctvrta-posila-jean-philippe-gbamin\/","og_locale":"cs_CZ","og_type":"article","og_title":"\u010ctvrt\u00e1 posila: Jean-Philippe Gbamin - Official Czech &amp; Slovak Everton Supporters&#039; Club","og_description":"Netrvalo dlouho a Everton dost\u00e1l slov opakovan\u011b zazn\u00edvaj\u00edc\u00edch z \u00fast mana\u017eera Silvy. Gueyeho, kter\u00fd p\u0159ed t\u0159emi dny ode\u0161el do PSG, nahrazuje nov\u00e1 posila - 23let\u00fd Gbamin z Mainzu.","og_url":"https:\/\/evertonfc.cz\/index.php\/2019\/08\/02\/ctvrta-posila-jean-philippe-gbamin\/","og_site_name":"Official Czech &amp; Slovak Everton Supporters&#039; Club","article_publisher":"https:\/\/www.facebook.com\/everton.fans.cz.sk","article_published_time":"2019-08-02T20:32:06+00:00","article_modified_time":"2019-08-12T19:32:12+00:00","og_image":[{"width":720,"height":405,"url":"https:\/\/evertonfc.cz\/wp-content\/uploads\/2019\/08\/gbamin_2_8_2019.jpg","type":"image\/jpeg"}],"author":"Ri\u010di","twitter_card":"summary_large_image","twitter_creator":"@rbrejsa","twitter_misc":{"Napsal(a)":"Ri\u010di","Odhadovan\u00e1 doba \u010dten\u00ed":"3 minuty"},"schema":{"@context":"https:\/\/schema.org","@graph":[{"@type":"Article","@id":"https:\/\/evertonfc.cz\/index.php\/2019\/08\/02\/ctvrta-posila-jean-philippe-gbamin\/#article","isPartOf":{"@id":"https:\/\/evertonfc.cz\/index.php\/2019\/08\/02\/ctvrta-posila-jean-philippe-gbamin\/"},"author":{"name":"Ri\u010di","@id":"https:\/\/evertonfc.cz\/#\/schema\/person\/f7a5daedb2ffee98480bc70e191aaef1"},"headline":"\u010ctvrt\u00e1 posila: Jean-Philippe Gbamin","datePublished":"2019-08-02T20:32:06+00:00","dateModified":"2019-08-12T19:32:12+00:00","mainEntityOfPage":{"@id":"https:\/\/evertonfc.cz\/index.php\/2019\/08\/02\/ctvrta-posila-jean-philippe-gbamin\/"},"wordCount":609,"commentCount":6,"publisher":{"@id":"https:\/\/evertonfc.cz\/#organization"},"image":{"@id":"https:\/\/evertonfc.cz\/index.php\/2019\/08\/02\/ctvrta-posila-jean-philippe-gbamin\/#primaryimage"},"thumbnailUrl":"https:\/\/evertonfc.cz\/wp-content\/uploads\/2019\/08\/gbamin_2_8_2019.jpg","articleSection":["P\u0159estupy"],"inLanguage":"cs","potentialAction":[{"@type":"CommentAction","name":"Comment","target":["https:\/\/evertonfc.cz\/index.php\/2019\/08\/02\/ctvrta-posila-jean-philippe-gbamin\/#respond"]}]},{"@type":"WebPage","@id":"https:\/\/evertonfc.cz\/index.php\/2019\/08\/02\/ctvrta-posila-jean-philippe-gbamin\/","url":"https:\/\/evertonfc.cz\/index.php\/2019\/08\/02\/ctvrta-posila-jean-philippe-gbamin\/","name":"\u010ctvrt\u00e1 posila: Jean-Philippe Gbamin - Official Czech &amp; Slovak Everton Supporters&#039; Club","isPartOf":{"@id":"https:\/\/evertonfc.cz\/#website"},"primaryImageOfPage":{"@id":"https:\/\/evertonfc.cz\/index.php\/2019\/08\/02\/ctvrta-posila-jean-philippe-gbamin\/#primaryimage"},"image":{"@id":"https:\/\/evertonfc.cz\/index.php\/2019\/08\/02\/ctvrta-posila-jean-philippe-gbamin\/#primaryimage"},"thumbnailUrl":"https:\/\/evertonfc.cz\/wp-content\/uploads\/2019\/08\/gbamin_2_8_2019.jpg","datePublished":"2019-08-02T20:32:06+00:00","dateModified":"2019-08-12T19:32:12+00:00","breadcrumb":{"@id":"https:\/\/evertonfc.cz\/index.php\/2019\/08\/02\/ctvrta-posila-jean-philippe-gbamin\/#breadcrumb"},"inLanguage":"cs","potentialAction":[{"@type":"ReadAction","target":["https:\/\/evertonfc.cz\/index.php\/2019\/08\/02\/ctvrta-posila-jean-philippe-gbamin\/"]}]},{"@type":"ImageObject","inLanguage":"cs","@id":"https:\/\/evertonfc.cz\/index.php\/2019\/08\/02\/ctvrta-posila-jean-philippe-gbamin\/#primaryimage","url":"https:\/\/evertonfc.cz\/wp-content\/uploads\/2019\/08\/gbamin_2_8_2019.jpg","contentUrl":"https:\/\/evertonfc.cz\/wp-content\/uploads\/2019\/08\/gbamin_2_8_2019.jpg","width":720,"height":405},{"@type":"BreadcrumbList","@id":"https:\/\/evertonfc.cz\/index.php\/2019\/08\/02\/ctvrta-posila-jean-philippe-gbamin\/#breadcrumb","itemListElement":[{"@type":"ListItem","position":1,"name":"Home","item":"https:\/\/evertonfc.cz\/"},{"@type":"ListItem","position":2,"name":"\u010ctvrt\u00e1 posila: Jean-Philippe Gbamin"}]},{"@type":"WebSite","@id":"https:\/\/evertonfc.cz\/#website","url":"https:\/\/evertonfc.cz\/","name":"Official Czech &amp; Slovak Everton Supporters&#039; Club","description":"","publisher":{"@id":"https:\/\/evertonfc.cz\/#organization"},"potentialAction":[{"@type":"SearchAction","target":{"@type":"EntryPoint","urlTemplate":"https:\/\/evertonfc.cz\/?s={search_term_string}"},"query-input":{"@type":"PropertyValueSpecification","valueRequired":true,"valueName":"search_term_string"}}],"inLanguage":"cs"},{"@type":"Organization","@id":"https:\/\/evertonfc.cz\/#organization","name":"Official Czech & Slovak Everton Supporters' Club","url":"https:\/\/evertonfc.cz\/","logo":{"@type":"ImageObject","inLanguage":"cs","@id":"https:\/\/evertonfc.cz\/#\/schema\/logo\/image\/","url":"https:\/\/evertonfc.cz\/wp-content\/uploads\/2019\/05\/logo.png","contentUrl":"https:\/\/evertonfc.cz\/wp-content\/uploads\/2019\/05\/logo.png","width":112,"height":112,"caption":"Official Czech & Slovak Everton Supporters' Club"},"image":{"@id":"https:\/\/evertonfc.cz\/#\/schema\/logo\/image\/"},"sameAs":["https:\/\/www.facebook.com\/everton.fans.cz.sk"]},{"@type":"Person","@id":"https:\/\/evertonfc.cz\/#\/schema\/person\/f7a5daedb2ffee98480bc70e191aaef1","name":"Ri\u010di","sameAs":["https:\/\/x.com\/rbrejsa"],"url":"https:\/\/evertonfc.cz\/index.php\/author\/rici\/"}]}},"_links":{"self":[{"href":"https:\/\/evertonfc.cz\/index.php\/wp-json\/wp\/v2\/posts\/8838"}],"collection":[{"href":"https:\/\/evertonfc.cz\/index.php\/wp-json\/wp\/v2\/posts"}],"about":[{"href":"https:\/\/evertonfc.cz\/index.php\/wp-json\/wp\/v2\/types\/post"}],"author":[{"embeddable":true,"href":"https:\/\/evertonfc.cz\/index.php\/wp-json\/wp\/v2\/users\/6"}],"replies":[{"embeddable":true,"href":"https:\/\/evertonfc.cz\/index.php\/wp-json\/wp\/v2\/comments?post=8838"}],"version-history":[{"count":19,"href":"https:\/\/evertonfc.cz\/index.php\/wp-json\/wp\/v2\/posts\/8838\/revisions"}],"predecessor-version":[{"id":8860,"href":"https:\/\/evertonfc.cz\/index.php\/wp-json\/wp\/v2\/posts\/8838\/revisions\/8860"}],"wp:featuredmedia":[{"embeddable":true,"href":"https:\/\/evertonfc.cz\/index.php\/wp-json\/wp\/v2\/media\/8837"}],"wp:attachment":[{"href":"https:\/\/evertonfc.cz\/index.php\/wp-json\/wp\/v2\/media?parent=8838"}],"wp:term":[{"taxonomy":"category","embeddable":true,"href":"https:\/\/evertonfc.cz\/index.php\/wp-json\/wp\/v2\/categories?post=8838"},{"taxonomy":"post_tag","embeddable":true,"href":"https:\/\/evertonfc.cz\/index.php\/wp-json\/wp\/v2\/tags?post=8838"}],"curies":[{"name":"wp","href":"https:\/\/api.w.org\/{rel}","templated":true}]}}