{"id":8871,"date":"2019-08-04T13:45:51","date_gmt":"2019-08-04T11:45:51","guid":{"rendered":"https:\/\/evertonfc.cz\/?p=8871"},"modified":"2019-08-12T21:32:06","modified_gmt":"2019-08-12T19:32:06","slug":"skvela-posila-do-utoku-talent-kean","status":"publish","type":"post","link":"https:\/\/evertonfc.cz\/index.php\/2019\/08\/04\/skvela-posila-do-utoku-talent-kean\/","title":{"rendered":"Skv\u011bl\u00e1 posila do \u00fatoku: Talent Kean"},"content":{"rendered":"<h4>Evertonu se poda\u0159il husarsk\u00fd kousek, kter\u00fd dokazuje velk\u00e9 ambice klubu. Z Juventusu vykoupil rok p\u0159ed koncem smlouvy 19let\u00e9ho Moise Keana, jednoho z nejtalentovan\u011bj\u0161\u00edch \u00fato\u010dn\u00edk\u016f v Evrop\u011b.<\/h4>\n<p>Italsk\u00fd reprezentant podepsal v nov\u00e9m p\u016fsobi\u0161ti dlouholet\u00fd p\u011btilet\u00fd kontrakt a \u010d\u00edslo dresu si vybral 27. Juventus (na rozd\u00edl od Toffees) <a href=\"https:\/\/www.juventus.com\/en\/news\/news\/2019\/thank-you-moise-kean-and-good-luck.php\" target=\"_blank\" rel=\"noopener noreferrer\">na sv\u00e9m ofici\u00e1ln\u00edm webu<\/a> informuje o z\u00e1kladn\u00ed \u010d\u00e1stce p\u0159estupu v hodnot\u011b 25,2 milionu liber, je\u017e bude splacena v n\u00e1sleduj\u00edc\u00edch t\u0159ech letech, a k n\u00ed\u017e se je\u0161t\u011b v\u00e1\u017e\u00ed bonusy ve v\u00fd\u0161i 2,2 milionu liber. Hr\u00e1\u010d\u016fv plat se <a href=\"https:\/\/www.skysports.com\/football\/news\/11671\/11777207\/moise-kean-joins-everton-from-juventus\" target=\"_blank\" rel=\"noopener noreferrer\">podle Sky Sports<\/a> pohybuje okolo sumy 52 tis\u00edc liber t\u00fddn\u011b.<\/p>\n<p>Juventus by nav\u00edc nem\u011bl m\u00edt pr\u00e1vo zp\u011btn\u00e9ho odkupu, o \u010dem\u017e se v souvislosti s transferem hodn\u011b spekulovalo. Kluby se pr\u00fd pouze dohodly na gentlemansk\u00e9 \u00famluv\u011b, podle n\u00ed\u017e Everton bude informovat Italy o ka\u017ed\u00e9 nab\u00eddce, kterou v budoucnu za Keana akceptuje.<\/p>\n<p><em>\u201eKdy\u017e skon\u010dila lo\u0148sk\u00e1 sez\u00f3na, po anal\u00fdze jsme dosp\u011bli k rozhodnut\u00ed, \u017ee pot\u0159ebujeme pos\u00edlit \u00fato\u010dnou \u0159adu,\u201c <\/em>dal se do vysv\u011btlov\u00e1n\u00ed mana\u017eer Marco Silva<em>, \u201epochopiteln\u011b m\u00e1me v k\u00e1dru Cenka Tosuna a Dominica Calverta-Lewina, cht\u011bli jsme v\u0161ak zv\u00fd\u0161it konkurenci a p\u0159iv\u00e9st hr\u00e1\u010de, kter\u00fd n\u00e1m nab\u00edz\u00ed v\u00edce mo\u017enost\u00ed. Anga\u017eov\u00e1n\u00ed Moise se uk\u00e1zalo jako skv\u011bl\u00e1 p\u0159\u00edle\u017eitost. Je siln\u00fd, rychl\u00fd a disponuje dal\u0161\u00edmi n\u011bkolika d\u016fle\u017eit\u00fdmi p\u0159ednostmi, je\u017e z n\u011bj \u010din\u00ed komplexn\u00edho \u00fato\u010dn\u00edka, p\u0159esto\u017ee m\u00e1 st\u00e1le pouze 19 let. Budeme s Moisem pracovat, zd\u016fraz\u0148uji ale, \u017ee mu d\u00e1me pot\u0159ebn\u00fd \u010das na adaptaci, aby dok\u00e1zal svou kvalitu.\u201c<\/em><\/p>\n<p style=\"text-align: center;\"><iframe loading=\"lazy\" src=\"https:\/\/www.youtube.com\/embed\/JKk0mHFoRAc\" width=\"640\" height=\"480\" frameborder=\"0\" allowfullscreen=\"allowfullscreen\"><span data-mce-type=\"bookmark\" style=\"display: inline-block; width: 0px; overflow: hidden; line-height: 0;\" class=\"mce_SELRES_start\">\ufeff<\/span><\/iframe><\/p>\n<p>Rod\u00e1k ze severn\u00ed It\u00e1lie, jeho\u017e rodi\u010de poch\u00e1z\u00ed z Pob\u0159e\u017e\u00ed Slonoviny, pat\u0159\u00ed k nejz\u00e1\u0159iv\u011bj\u0161\u00edm talent\u016fm na evropsk\u00e9 sc\u00e9n\u011b. V prvn\u00edm t\u00fdmu Juventusu debutoval u\u017e jako \u0161estn\u00e1ctilet\u00fd v listopadu 2016 v ligov\u00e9m utk\u00e1n\u00ed s Pescarou a je\u0161t\u011b v t\u00e9m\u017ee m\u011bs\u00edci se stal prvn\u00edm hr\u00e1\u010dem narozen\u00fdm po roce 2000, kter\u00fd nastoupil v Lize mistr\u016f.<\/p>\n<p>V n\u00e1sleduj\u00edc\u00ed sez\u00f3n\u011b 2017\/18 poslalo veden\u00ed Bianconeri sv\u016fj klenot na hostov\u00e1n\u00ed do prvoligov\u00e9 Verony, za n\u00ed\u017e v 19 z\u00e1pasech vst\u0159elil \u010dty\u0159i branky. P\u0159ed lo\u0148skou sez\u00f3nou se u\u017e Kean vr\u00e1til do Juventusu, kde do jara vyhl\u00ed\u017eel v\u011bt\u0161\u00ed \u0161anci v A-t\u00fdmu. Ta se naskytla v b\u0159eznu \u2013 v 27. kole Serie A poprv\u00e9 v kari\u00e9\u0159e nasko\u010dil v z\u00e1kladn\u00ed sestav\u011b Star\u00e9 d\u00e1my a rovnou se uvedl dv\u011bma g\u00f3ly. Do konce ro\u010dn\u00edku potom zas\u00e1hl je\u0161t\u011b do dal\u0161\u00edch osmi utk\u00e1n\u00ed, v nich\u017e vst\u0159elil \u010dty\u0159i branky, a pomohl Juventusu k obhajob\u011b titulu. Svou pr\u016flomovou sez\u00f3nu 2018\/19 zakon\u010dil jako nejefektivn\u011bj\u0161\u00ed st\u0159elec italsk\u00e9 ligy, sk\u00f3roval ka\u017ed\u00fdch 89 minut.<\/p>\n<p>Nov\u00fd tren\u00e9r Juventusu Maurizio Sarri, jen\u017e na za\u010d\u00e1tku leto\u0161n\u00edho l\u00e9ta nahradil na lavi\u010dce Allegriho, se ale rozhodl s\u00e1zet na zku\u0161en\u011bj\u0161\u00ed \u00fato\u010dn\u00edky (Ronaldo, Higua\u00edn, Mand\u017euki\u0107 \u010di Dybala).<\/p>\n<p><em>\u201eJakmile jsem se dozv\u011bd\u011bl o z\u00e1jmu Evertonu, ozn\u00e1mil jsem sv\u00e9mu agentovi (Mino Raiola) o touze p\u0159estoupit do klubu. Jsem polichocen, \u017ee mohu obl\u00e9kat dres Evertonu. Budu tvrd\u011b pracovat ka\u017ed\u00fd den, abychom dos\u00e1hli c\u00edl\u016f, kter\u00e9 klub stanovil, a abychom pot\u011b\u0161ili fanou\u0161ky,\u201c <\/em>uvedl Kean ve sv\u00e9m prvn\u00edm rozhovoru po podpisu smlouvy.<\/p>\n<p><em>\u201eBez c\u00edl\u016f se nikam neposunete. Jsem zvykl\u00fd vyhr\u00e1vat a douf\u00e1m, \u017ee svou v\u00edt\u011bznou mentalitu p\u0159enesu i na m\u016fj nov\u00fd t\u00fdm. Marco Silva je velmi dobr\u00fd tren\u00e9r, zn\u00e1m jeho metody a t\u011b\u0161\u00edm se na spolupr\u00e1ci s n\u00edm. Jsem p\u0159ipraven\u00fd na novou v\u00fdzvu,\u201c<\/em> doplnil Kean, kter\u00fd debutoval v n\u00e1rodn\u00edm mu\u017estvu It\u00e1lie u\u017e na podzim lo\u0148sk\u00e9ho roku a b\u011bhem jara n\u00e1sledn\u011b vst\u0159elil dv\u011b branky ve dvou kvalifika\u010dn\u00edch z\u00e1pasech o ME 2020.<\/p>\n<p>Kean rovn\u011b\u017e douf\u00e1, \u017ee na anglick\u00fdch stadionech najde p\u0159\u00edzniv\u011bj\u0161\u00ed prost\u0159ed\u00ed ne\u017e v It\u00e1lii, kde\u00a0<a href=\"https:\/\/sport.ceskatelevize.cz\/clanek\/fotbal\/na-opici-skreky-odpovedel-kean-provokaci-za-rasismus-si-ted-muze-z-casti-sam-rekl-bonucci\/5ca4714e8b0b334bdb304a5c\" target=\"_blank\" rel=\"noopener noreferrer\">opakovan\u011b \u010delil rasistick\u00fdm pok\u0159ik\u016fm<\/a> z \u0159ad primitivn\u00edch individu\u00ed a v t\u011b\u017ek\u00fdch chv\u00edl\u00edch se nav\u00edc nedo\u010dkal \u00fapln\u00e9ho zast\u00e1n\u00ed ani z vlastn\u00ed kabiny.<\/p>\n","protected":false},"excerpt":{"rendered":"<p>Evertonu se poda\u0159il husarsk\u00fd kousek, kter\u00fd dokazuje velk\u00e9 ambice klubu. Z Juventusu vykoupil rok p\u0159ed koncem smlouvy 19let\u00e9ho Moise Keana, jednoho z nejtalentovan\u011bj\u0161\u00edch \u00fato\u010dn\u00edk\u016f v Evrop\u011b.<\/p>\n","protected":false},"author":6,"featured_media":8870,"comment_status":"open","ping_status":"closed","sticky":false,"template":"","format":"standard","meta":{"_eb_attr":"","_monsterinsights_skip_tracking":false,"_monsterinsights_sitenote_active":false,"_monsterinsights_sitenote_note":"","_monsterinsights_sitenote_category":0,"footnotes":""},"categories":[41],"tags":[],"yoast_head":"<!-- This site is optimized with the Yoast SEO plugin v23.4 - https:\/\/yoast.com\/wordpress\/plugins\/seo\/ -->\n<title>Skv\u011bl\u00e1 posila do \u00fatoku: Talent Kean - Official Czech &amp; Slovak Everton Supporters&#039; Club<\/title>\n<meta name=\"robots\" content=\"index, follow, max-snippet:-1, max-image-preview:large, max-video-preview:-1\" \/>\n<link rel=\"canonical\" href=\"https:\/\/evertonfc.cz\/index.php\/2019\/08\/04\/skvela-posila-do-utoku-talent-kean\/\" \/>\n<meta property=\"og:locale\" content=\"cs_CZ\" \/>\n<meta property=\"og:type\" content=\"article\" \/>\n<meta property=\"og:title\" content=\"Skv\u011bl\u00e1 posila do \u00fatoku: Talent Kean - Official Czech &amp; Slovak Everton Supporters&#039; Club\" \/>\n<meta property=\"og:description\" content=\"Evertonu se poda\u0159il husarsk\u00fd kousek, kter\u00fd dokazuje velk\u00e9 ambice klubu. Z Juventusu vykoupil rok p\u0159ed koncem smlouvy 19let\u00e9ho Moise Keana, jednoho z nejtalentovan\u011bj\u0161\u00edch \u00fato\u010dn\u00edk\u016f v Evrop\u011b.\" \/>\n<meta property=\"og:url\" content=\"https:\/\/evertonfc.cz\/index.php\/2019\/08\/04\/skvela-posila-do-utoku-talent-kean\/\" \/>\n<meta property=\"og:site_name\" content=\"Official Czech &amp; Slovak Everton Supporters&#039; Club\" \/>\n<meta property=\"article:publisher\" content=\"https:\/\/www.facebook.com\/everton.fans.cz.sk\" \/>\n<meta property=\"article:published_time\" content=\"2019-08-04T11:45:51+00:00\" \/>\n<meta property=\"article:modified_time\" content=\"2019-08-12T19:32:06+00:00\" \/>\n<meta property=\"og:image\" content=\"https:\/\/evertonfc.cz\/wp-content\/uploads\/2019\/08\/kean_4_8_2019.jpg\" \/>\n\t<meta property=\"og:image:width\" content=\"720\" \/>\n\t<meta property=\"og:image:height\" content=\"405\" \/>\n\t<meta property=\"og:image:type\" content=\"image\/jpeg\" \/>\n<meta name=\"author\" content=\"Ri\u010di\" \/>\n<meta name=\"twitter:card\" content=\"summary_large_image\" \/>\n<meta name=\"twitter:creator\" content=\"@rbrejsa\" \/>\n<meta name=\"twitter:label1\" content=\"Napsal(a)\" \/>\n\t<meta name=\"twitter:data1\" content=\"Ri\u010di\" \/>\n\t<meta name=\"twitter:label2\" content=\"Odhadovan\u00e1 doba \u010dten\u00ed\" \/>\n\t<meta name=\"twitter:data2\" content=\"4 minuty\" \/>\n<script type=\"application\/ld+json\" class=\"yoast-schema-graph\">{\"@context\":\"https:\/\/schema.org\",\"@graph\":[{\"@type\":\"Article\",\"@id\":\"https:\/\/evertonfc.cz\/index.php\/2019\/08\/04\/skvela-posila-do-utoku-talent-kean\/#article\",\"isPartOf\":{\"@id\":\"https:\/\/evertonfc.cz\/index.php\/2019\/08\/04\/skvela-posila-do-utoku-talent-kean\/\"},\"author\":{\"name\":\"Ri\u010di\",\"@id\":\"https:\/\/evertonfc.cz\/#\/schema\/person\/f7a5daedb2ffee98480bc70e191aaef1\"},\"headline\":\"Skv\u011bl\u00e1 posila do \u00fatoku: Talent Kean\",\"datePublished\":\"2019-08-04T11:45:51+00:00\",\"dateModified\":\"2019-08-12T19:32:06+00:00\",\"mainEntityOfPage\":{\"@id\":\"https:\/\/evertonfc.cz\/index.php\/2019\/08\/04\/skvela-posila-do-utoku-talent-kean\/\"},\"wordCount\":756,\"commentCount\":10,\"publisher\":{\"@id\":\"https:\/\/evertonfc.cz\/#organization\"},\"image\":{\"@id\":\"https:\/\/evertonfc.cz\/index.php\/2019\/08\/04\/skvela-posila-do-utoku-talent-kean\/#primaryimage\"},\"thumbnailUrl\":\"https:\/\/evertonfc.cz\/wp-content\/uploads\/2019\/08\/kean_4_8_2019.jpg\",\"articleSection\":[\"P\u0159estupy\"],\"inLanguage\":\"cs\",\"potentialAction\":[{\"@type\":\"CommentAction\",\"name\":\"Comment\",\"target\":[\"https:\/\/evertonfc.cz\/index.php\/2019\/08\/04\/skvela-posila-do-utoku-talent-kean\/#respond\"]}]},{\"@type\":\"WebPage\",\"@id\":\"https:\/\/evertonfc.cz\/index.php\/2019\/08\/04\/skvela-posila-do-utoku-talent-kean\/\",\"url\":\"https:\/\/evertonfc.cz\/index.php\/2019\/08\/04\/skvela-posila-do-utoku-talent-kean\/\",\"name\":\"Skv\u011bl\u00e1 posila do \u00fatoku: Talent Kean - Official Czech &amp; Slovak Everton Supporters&#039; Club\",\"isPartOf\":{\"@id\":\"https:\/\/evertonfc.cz\/#website\"},\"primaryImageOfPage\":{\"@id\":\"https:\/\/evertonfc.cz\/index.php\/2019\/08\/04\/skvela-posila-do-utoku-talent-kean\/#primaryimage\"},\"image\":{\"@id\":\"https:\/\/evertonfc.cz\/index.php\/2019\/08\/04\/skvela-posila-do-utoku-talent-kean\/#primaryimage\"},\"thumbnailUrl\":\"https:\/\/evertonfc.cz\/wp-content\/uploads\/2019\/08\/kean_4_8_2019.jpg\",\"datePublished\":\"2019-08-04T11:45:51+00:00\",\"dateModified\":\"2019-08-12T19:32:06+00:00\",\"breadcrumb\":{\"@id\":\"https:\/\/evertonfc.cz\/index.php\/2019\/08\/04\/skvela-posila-do-utoku-talent-kean\/#breadcrumb\"},\"inLanguage\":\"cs\",\"potentialAction\":[{\"@type\":\"ReadAction\",\"target\":[\"https:\/\/evertonfc.cz\/index.php\/2019\/08\/04\/skvela-posila-do-utoku-talent-kean\/\"]}]},{\"@type\":\"ImageObject\",\"inLanguage\":\"cs\",\"@id\":\"https:\/\/evertonfc.cz\/index.php\/2019\/08\/04\/skvela-posila-do-utoku-talent-kean\/#primaryimage\",\"url\":\"https:\/\/evertonfc.cz\/wp-content\/uploads\/2019\/08\/kean_4_8_2019.jpg\",\"contentUrl\":\"https:\/\/evertonfc.cz\/wp-content\/uploads\/2019\/08\/kean_4_8_2019.jpg\",\"width\":720,\"height\":405},{\"@type\":\"BreadcrumbList\",\"@id\":\"https:\/\/evertonfc.cz\/index.php\/2019\/08\/04\/skvela-posila-do-utoku-talent-kean\/#breadcrumb\",\"itemListElement\":[{\"@type\":\"ListItem\",\"position\":1,\"name\":\"Home\",\"item\":\"https:\/\/evertonfc.cz\/\"},{\"@type\":\"ListItem\",\"position\":2,\"name\":\"Skv\u011bl\u00e1 posila do \u00fatoku: Talent Kean\"}]},{\"@type\":\"WebSite\",\"@id\":\"https:\/\/evertonfc.cz\/#website\",\"url\":\"https:\/\/evertonfc.cz\/\",\"name\":\"Official Czech &amp; Slovak Everton Supporters&#039; Club\",\"description\":\"\",\"publisher\":{\"@id\":\"https:\/\/evertonfc.cz\/#organization\"},\"potentialAction\":[{\"@type\":\"SearchAction\",\"target\":{\"@type\":\"EntryPoint\",\"urlTemplate\":\"https:\/\/evertonfc.cz\/?s={search_term_string}\"},\"query-input\":{\"@type\":\"PropertyValueSpecification\",\"valueRequired\":true,\"valueName\":\"search_term_string\"}}],\"inLanguage\":\"cs\"},{\"@type\":\"Organization\",\"@id\":\"https:\/\/evertonfc.cz\/#organization\",\"name\":\"Official Czech & Slovak Everton Supporters' Club\",\"url\":\"https:\/\/evertonfc.cz\/\",\"logo\":{\"@type\":\"ImageObject\",\"inLanguage\":\"cs\",\"@id\":\"https:\/\/evertonfc.cz\/#\/schema\/logo\/image\/\",\"url\":\"https:\/\/evertonfc.cz\/wp-content\/uploads\/2019\/05\/logo.png\",\"contentUrl\":\"https:\/\/evertonfc.cz\/wp-content\/uploads\/2019\/05\/logo.png\",\"width\":112,\"height\":112,\"caption\":\"Official Czech & Slovak Everton Supporters' Club\"},\"image\":{\"@id\":\"https:\/\/evertonfc.cz\/#\/schema\/logo\/image\/\"},\"sameAs\":[\"https:\/\/www.facebook.com\/everton.fans.cz.sk\"]},{\"@type\":\"Person\",\"@id\":\"https:\/\/evertonfc.cz\/#\/schema\/person\/f7a5daedb2ffee98480bc70e191aaef1\",\"name\":\"Ri\u010di\",\"sameAs\":[\"https:\/\/x.com\/rbrejsa\"],\"url\":\"https:\/\/evertonfc.cz\/index.php\/author\/rici\/\"}]}<\/script>\n<!-- \/ Yoast SEO plugin. -->","yoast_head_json":{"title":"Skv\u011bl\u00e1 posila do \u00fatoku: Talent Kean - Official Czech &amp; Slovak Everton Supporters&#039; Club","robots":{"index":"index","follow":"follow","max-snippet":"max-snippet:-1","max-image-preview":"max-image-preview:large","max-video-preview":"max-video-preview:-1"},"canonical":"https:\/\/evertonfc.cz\/index.php\/2019\/08\/04\/skvela-posila-do-utoku-talent-kean\/","og_locale":"cs_CZ","og_type":"article","og_title":"Skv\u011bl\u00e1 posila do \u00fatoku: Talent Kean - Official Czech &amp; Slovak Everton Supporters&#039; Club","og_description":"Evertonu se poda\u0159il husarsk\u00fd kousek, kter\u00fd dokazuje velk\u00e9 ambice klubu. Z Juventusu vykoupil rok p\u0159ed koncem smlouvy 19let\u00e9ho Moise Keana, jednoho z nejtalentovan\u011bj\u0161\u00edch \u00fato\u010dn\u00edk\u016f v Evrop\u011b.","og_url":"https:\/\/evertonfc.cz\/index.php\/2019\/08\/04\/skvela-posila-do-utoku-talent-kean\/","og_site_name":"Official Czech &amp; Slovak Everton Supporters&#039; Club","article_publisher":"https:\/\/www.facebook.com\/everton.fans.cz.sk","article_published_time":"2019-08-04T11:45:51+00:00","article_modified_time":"2019-08-12T19:32:06+00:00","og_image":[{"width":720,"height":405,"url":"https:\/\/evertonfc.cz\/wp-content\/uploads\/2019\/08\/kean_4_8_2019.jpg","type":"image\/jpeg"}],"author":"Ri\u010di","twitter_card":"summary_large_image","twitter_creator":"@rbrejsa","twitter_misc":{"Napsal(a)":"Ri\u010di","Odhadovan\u00e1 doba \u010dten\u00ed":"4 minuty"},"schema":{"@context":"https:\/\/schema.org","@graph":[{"@type":"Article","@id":"https:\/\/evertonfc.cz\/index.php\/2019\/08\/04\/skvela-posila-do-utoku-talent-kean\/#article","isPartOf":{"@id":"https:\/\/evertonfc.cz\/index.php\/2019\/08\/04\/skvela-posila-do-utoku-talent-kean\/"},"author":{"name":"Ri\u010di","@id":"https:\/\/evertonfc.cz\/#\/schema\/person\/f7a5daedb2ffee98480bc70e191aaef1"},"headline":"Skv\u011bl\u00e1 posila do \u00fatoku: Talent Kean","datePublished":"2019-08-04T11:45:51+00:00","dateModified":"2019-08-12T19:32:06+00:00","mainEntityOfPage":{"@id":"https:\/\/evertonfc.cz\/index.php\/2019\/08\/04\/skvela-posila-do-utoku-talent-kean\/"},"wordCount":756,"commentCount":10,"publisher":{"@id":"https:\/\/evertonfc.cz\/#organization"},"image":{"@id":"https:\/\/evertonfc.cz\/index.php\/2019\/08\/04\/skvela-posila-do-utoku-talent-kean\/#primaryimage"},"thumbnailUrl":"https:\/\/evertonfc.cz\/wp-content\/uploads\/2019\/08\/kean_4_8_2019.jpg","articleSection":["P\u0159estupy"],"inLanguage":"cs","potentialAction":[{"@type":"CommentAction","name":"Comment","target":["https:\/\/evertonfc.cz\/index.php\/2019\/08\/04\/skvela-posila-do-utoku-talent-kean\/#respond"]}]},{"@type":"WebPage","@id":"https:\/\/evertonfc.cz\/index.php\/2019\/08\/04\/skvela-posila-do-utoku-talent-kean\/","url":"https:\/\/evertonfc.cz\/index.php\/2019\/08\/04\/skvela-posila-do-utoku-talent-kean\/","name":"Skv\u011bl\u00e1 posila do \u00fatoku: Talent Kean - Official Czech &amp; Slovak Everton Supporters&#039; Club","isPartOf":{"@id":"https:\/\/evertonfc.cz\/#website"},"primaryImageOfPage":{"@id":"https:\/\/evertonfc.cz\/index.php\/2019\/08\/04\/skvela-posila-do-utoku-talent-kean\/#primaryimage"},"image":{"@id":"https:\/\/evertonfc.cz\/index.php\/2019\/08\/04\/skvela-posila-do-utoku-talent-kean\/#primaryimage"},"thumbnailUrl":"https:\/\/evertonfc.cz\/wp-content\/uploads\/2019\/08\/kean_4_8_2019.jpg","datePublished":"2019-08-04T11:45:51+00:00","dateModified":"2019-08-12T19:32:06+00:00","breadcrumb":{"@id":"https:\/\/evertonfc.cz\/index.php\/2019\/08\/04\/skvela-posila-do-utoku-talent-kean\/#breadcrumb"},"inLanguage":"cs","potentialAction":[{"@type":"ReadAction","target":["https:\/\/evertonfc.cz\/index.php\/2019\/08\/04\/skvela-posila-do-utoku-talent-kean\/"]}]},{"@type":"ImageObject","inLanguage":"cs","@id":"https:\/\/evertonfc.cz\/index.php\/2019\/08\/04\/skvela-posila-do-utoku-talent-kean\/#primaryimage","url":"https:\/\/evertonfc.cz\/wp-content\/uploads\/2019\/08\/kean_4_8_2019.jpg","contentUrl":"https:\/\/evertonfc.cz\/wp-content\/uploads\/2019\/08\/kean_4_8_2019.jpg","width":720,"height":405},{"@type":"BreadcrumbList","@id":"https:\/\/evertonfc.cz\/index.php\/2019\/08\/04\/skvela-posila-do-utoku-talent-kean\/#breadcrumb","itemListElement":[{"@type":"ListItem","position":1,"name":"Home","item":"https:\/\/evertonfc.cz\/"},{"@type":"ListItem","position":2,"name":"Skv\u011bl\u00e1 posila do \u00fatoku: Talent Kean"}]},{"@type":"WebSite","@id":"https:\/\/evertonfc.cz\/#website","url":"https:\/\/evertonfc.cz\/","name":"Official Czech &amp; Slovak Everton Supporters&#039; Club","description":"","publisher":{"@id":"https:\/\/evertonfc.cz\/#organization"},"potentialAction":[{"@type":"SearchAction","target":{"@type":"EntryPoint","urlTemplate":"https:\/\/evertonfc.cz\/?s={search_term_string}"},"query-input":{"@type":"PropertyValueSpecification","valueRequired":true,"valueName":"search_term_string"}}],"inLanguage":"cs"},{"@type":"Organization","@id":"https:\/\/evertonfc.cz\/#organization","name":"Official Czech & Slovak Everton Supporters' Club","url":"https:\/\/evertonfc.cz\/","logo":{"@type":"ImageObject","inLanguage":"cs","@id":"https:\/\/evertonfc.cz\/#\/schema\/logo\/image\/","url":"https:\/\/evertonfc.cz\/wp-content\/uploads\/2019\/05\/logo.png","contentUrl":"https:\/\/evertonfc.cz\/wp-content\/uploads\/2019\/05\/logo.png","width":112,"height":112,"caption":"Official Czech & Slovak Everton Supporters' Club"},"image":{"@id":"https:\/\/evertonfc.cz\/#\/schema\/logo\/image\/"},"sameAs":["https:\/\/www.facebook.com\/everton.fans.cz.sk"]},{"@type":"Person","@id":"https:\/\/evertonfc.cz\/#\/schema\/person\/f7a5daedb2ffee98480bc70e191aaef1","name":"Ri\u010di","sameAs":["https:\/\/x.com\/rbrejsa"],"url":"https:\/\/evertonfc.cz\/index.php\/author\/rici\/"}]}},"_links":{"self":[{"href":"https:\/\/evertonfc.cz\/index.php\/wp-json\/wp\/v2\/posts\/8871"}],"collection":[{"href":"https:\/\/evertonfc.cz\/index.php\/wp-json\/wp\/v2\/posts"}],"about":[{"href":"https:\/\/evertonfc.cz\/index.php\/wp-json\/wp\/v2\/types\/post"}],"author":[{"embeddable":true,"href":"https:\/\/evertonfc.cz\/index.php\/wp-json\/wp\/v2\/users\/6"}],"replies":[{"embeddable":true,"href":"https:\/\/evertonfc.cz\/index.php\/wp-json\/wp\/v2\/comments?post=8871"}],"version-history":[{"count":22,"href":"https:\/\/evertonfc.cz\/index.php\/wp-json\/wp\/v2\/posts\/8871\/revisions"}],"predecessor-version":[{"id":8908,"href":"https:\/\/evertonfc.cz\/index.php\/wp-json\/wp\/v2\/posts\/8871\/revisions\/8908"}],"wp:featuredmedia":[{"embeddable":true,"href":"https:\/\/evertonfc.cz\/index.php\/wp-json\/wp\/v2\/media\/8870"}],"wp:attachment":[{"href":"https:\/\/evertonfc.cz\/index.php\/wp-json\/wp\/v2\/media?parent=8871"}],"wp:term":[{"taxonomy":"category","embeddable":true,"href":"https:\/\/evertonfc.cz\/index.php\/wp-json\/wp\/v2\/categories?post=8871"},{"taxonomy":"post_tag","embeddable":true,"href":"https:\/\/evertonfc.cz\/index.php\/wp-json\/wp\/v2\/tags?post=8871"}],"curies":[{"name":"wp","href":"https:\/\/api.w.org\/{rel}","templated":true}]}}