{"id":8895,"date":"2019-08-04T17:39:34","date_gmt":"2019-08-04T15:39:34","guid":{"rendered":"https:\/\/evertonfc.cz\/?p=8895"},"modified":"2019-08-04T18:44:25","modified_gmt":"2019-08-04T16:44:25","slug":"werder-bremy-everton-0-0","status":"publish","type":"post","link":"https:\/\/evertonfc.cz\/index.php\/2019\/08\/04\/werder-bremy-everton-0-0\/","title":{"rendered":"Werder Br\u00e9my \u2013 Everton 0:0"},"content":{"rendered":"<h4>Porcia siedmych nes\u00fa\u0165a\u017en\u00fdch z\u00e1pasov je na konci a\u00a0mu\u017estvo z\u00a0Goodison Parku by malo by\u0165 po fyzickej str\u00e1nke pripraven\u00e9 na otv\u00e1rac\u00ed duel sez\u00f3ny 2019\/2020.<\/h4>\n<p>A\u00a0je teda? Je. Zo v\u0161etk\u00fdch mo\u017en\u00fdch kon\u0161tatovan\u00ed spojen\u00fdch s\u00a0letnou pr\u00edpravou, je jednozna\u010dne pravdiv\u00e9 tvrdenie len toto. Sily by n\u00e1m teda ch\u00fdba\u0165 proti Orlom z\u00a0Lond\u00fdna nemali. Ale \u010di to bude posta\u010duj\u00face, to sa neodv\u00e1\u017ei tvrdi\u0165 nikto. Aj napriek \u010dasom overen\u00e9mu porekadlu, \u017ee v\u00fdsledky v\u00a0pr\u00edprave e\u0161te z\u00a0nikoho majstra nespravili.<\/p>\n<p>Najp\u00e1l\u010divej\u0161iu t\u00e9mu sa klub sna\u017e\u00ed adresova\u0165. Tou je \u00fatok. A\u00a0ak ten Kean aspo\u0148 za nie\u010do stoj\u00ed, a\u00a0potvrd\u00ed poves\u0165 najv\u00e4\u010d\u0161ieho eur\u00f3pskeho talentu pred br\u00e1nou, Toffees by mali odteraz sp\u00e1va\u0165 o\u00a0nie\u010do lep\u0161ie. Lebo aj stretnutie s\u00a0nemeck\u00fdm priemerom potvrdilo, \u017ee s\u00fa\u010dasn\u00fd arzen\u00e1l jednoducho nesta\u010d\u00ed na posunutie sa vpred.<\/p>\n<p>Klaassenov man\u0161aft n\u00e1m pon\u00fakol futbal zrel\u00fd ligovej sez\u00f3ny a oba t\u00edmy vyzerali by\u0165 na tr\u00e1vniku rovnocenn\u00fdm s\u00faperom. V prvom dejstve sa tak hrala najprv vyrovnan\u00e1 partia. T\u00fa si moc neu\u017eil Delph. Jeho triesla si po piatich min\u00fatach vyp\u00fdtali striedanie. A\u017e nesk\u00f4r s prib\u00fadaj\u00facimi min\u00fatami prevzal opraty Everton a bol lep\u0161\u00ed v \u0161tatistickej konfront\u00e1cii.<\/p>\n<p>Dve \u0161ance v \u00favode nevyu\u017eil Calvert-Lewin a\u00a0hlavy v\u00a0dlaniach mali Karamelky najm\u00e4 po voleji Bernarda, ktor\u00fd z\u00a0bl\u00edzkej vzdialenosti trestuhodne minul. Nepodarilo sa n\u00e1m presadi\u0165 ani pri v\u00fd\u0161kovej prevahe po \u0161tandardn\u00fdch situ\u00e1ci\u00e1ch. Nebolo ich m\u00e1lo, ch\u00fdbalo v\u0161ak v\u00e4\u010d\u0161ie presved\u010denie.<\/p>\n<p>Za\u010diatkom dejstva druh\u00e9ho si Werder uvedomil, \u017ee predsa len by sa na dom\u00e1ci t\u00edm patrilo nie\u010d\u00edm oh\u00fari\u0165 skaln\u00fdch a\u00a0tak dupol na ped\u00e1l. Pickford ale nezav\u00e1hal a\u00a0pri pokuse Sahina z\u00a0priameho kopu bol v perfektnom strehu. Rovnako \u00faspe\u0161ne si po\u010d\u00ednal so strelou Japonca Osaku, \u010di so snahou Sargenta.<\/p>\n<p>Netrvalo dlho a hostia sa znovu dostali na ko\u0148a a\u00a0boli bl\u00edzko aj ku zmene sk\u00f3re. Po dva razy zlyhal Walcott, raz Digne z\u00a0mal\u00e9ho v\u00e1pna a\u00a0dokonca ani odrazen\u00e1 strela Gomesa \u013eava\u010dkou si nena\u0161la cestu za chrb\u00e1t brank\u00e1ra Kapinu. Ako on, tak Ji\u0159\u00ed Pavlenka bol jedn\u00fdm z\u00a0hlavn\u00fdch d\u00f4vodov, pre\u010do si Everton aj po \u0161tvrt\u00fdkr\u00e1t v pr\u00edprave prip\u00edsal v\u00a0kol\u00f3nke g\u00f3ly nulu.<\/p>\n<hr \/>\n<p><strong>SV Werder Br\u00e9my:\u00a0<\/strong>Pavlenka (46\u00b4Kapino) \u2013 Selassie, Gross, Moisander, Friedel \u2013 Eggestein (61\u00b4Eggestein), Sahin, Klaassen \u2013 Osako (76\u00b4Harnik), Fullkrug (46\u00b4Sargent), Rashica (61\u00b4Pizarro)<\/p>\n<p><strong>Everton FC : <\/strong>Pickford \u2013 Coleman, Keane, Mina, Digne \u2013 Delph (5\u00b4Schneiderlin), Gomes \u2013 Richarlison (46\u00b4Walcott), Sigurdsson (82\u00b4Davies), Bernard (82\u00b4Mirallas) \u2013 Calvert-Lewin (70\u00b4Tosun)<\/p>\n<p><strong>Rozhodca:<\/strong> Sven Jablonski<\/p>\n<p><a href=\"https:\/\/www.youtube.com\/watch?v=U_lK8QG3ce4\" target=\"_blank\" rel=\"noopener noreferrer\"><strong>Zostrih z\u00e1pasu<\/strong><\/a><\/p>\n","protected":false},"excerpt":{"rendered":"<p>Porcia siedmych nes\u00fa\u0165a\u017en\u00fdch z\u00e1pasov je na konci a mu\u017estvo z Goodison Parku by malo by\u0165 po fyzickej str\u00e1nke pripraven\u00e9 na otv\u00e1rac\u00ed duel sez\u00f3ny 2019\/2020.<\/p>\n","protected":false},"author":1,"featured_media":8897,"comment_status":"open","ping_status":"closed","sticky":false,"template":"","format":"standard","meta":{"_eb_attr":"","_monsterinsights_skip_tracking":false,"_monsterinsights_sitenote_active":false,"_monsterinsights_sitenote_note":"","_monsterinsights_sitenote_category":0,"footnotes":""},"categories":[4],"tags":[],"yoast_head":"<!-- This site is optimized with the Yoast SEO plugin v23.4 - https:\/\/yoast.com\/wordpress\/plugins\/seo\/ -->\n<title>Werder Br\u00e9my \u2013 Everton 0:0 - Official Czech &amp; Slovak Everton Supporters&#039; Club<\/title>\n<meta name=\"robots\" content=\"index, follow, max-snippet:-1, max-image-preview:large, max-video-preview:-1\" \/>\n<link rel=\"canonical\" href=\"https:\/\/evertonfc.cz\/index.php\/2019\/08\/04\/werder-bremy-everton-0-0\/\" \/>\n<meta property=\"og:locale\" content=\"cs_CZ\" \/>\n<meta property=\"og:type\" content=\"article\" \/>\n<meta property=\"og:title\" content=\"Werder Br\u00e9my \u2013 Everton 0:0 - Official Czech &amp; Slovak Everton Supporters&#039; Club\" \/>\n<meta property=\"og:description\" content=\"Porcia siedmych nes\u00fa\u0165a\u017en\u00fdch z\u00e1pasov je na konci a mu\u017estvo z Goodison Parku by malo by\u0165 po fyzickej str\u00e1nke pripraven\u00e9 na otv\u00e1rac\u00ed duel sez\u00f3ny 2019\/2020.\" \/>\n<meta property=\"og:url\" content=\"https:\/\/evertonfc.cz\/index.php\/2019\/08\/04\/werder-bremy-everton-0-0\/\" \/>\n<meta property=\"og:site_name\" content=\"Official Czech &amp; Slovak Everton Supporters&#039; Club\" \/>\n<meta property=\"article:publisher\" content=\"https:\/\/www.facebook.com\/everton.fans.cz.sk\" \/>\n<meta property=\"article:published_time\" content=\"2019-08-04T15:39:34+00:00\" \/>\n<meta property=\"article:modified_time\" content=\"2019-08-04T16:44:25+00:00\" \/>\n<meta property=\"og:image\" content=\"https:\/\/evertonfc.cz\/wp-content\/uploads\/2019\/08\/Werder-Bremen-4-8-2019.jpg\" \/>\n\t<meta property=\"og:image:width\" content=\"720\" \/>\n\t<meta property=\"og:image:height\" content=\"405\" \/>\n\t<meta property=\"og:image:type\" content=\"image\/jpeg\" \/>\n<meta name=\"author\" content=\"BlueBlooded\" \/>\n<meta name=\"twitter:card\" content=\"summary_large_image\" \/>\n<meta name=\"twitter:label1\" content=\"Napsal(a)\" \/>\n\t<meta name=\"twitter:data1\" content=\"BlueBlooded\" \/>\n\t<meta name=\"twitter:label2\" content=\"Odhadovan\u00e1 doba \u010dten\u00ed\" \/>\n\t<meta name=\"twitter:data2\" content=\"2 minuty\" \/>\n<script type=\"application\/ld+json\" class=\"yoast-schema-graph\">{\"@context\":\"https:\/\/schema.org\",\"@graph\":[{\"@type\":\"Article\",\"@id\":\"https:\/\/evertonfc.cz\/index.php\/2019\/08\/04\/werder-bremy-everton-0-0\/#article\",\"isPartOf\":{\"@id\":\"https:\/\/evertonfc.cz\/index.php\/2019\/08\/04\/werder-bremy-everton-0-0\/\"},\"author\":{\"name\":\"BlueBlooded\",\"@id\":\"https:\/\/evertonfc.cz\/#\/schema\/person\/d4493b8cbea51532597fbc4685698916\"},\"headline\":\"Werder Br\u00e9my \u2013 Everton 0:0\",\"datePublished\":\"2019-08-04T15:39:34+00:00\",\"dateModified\":\"2019-08-04T16:44:25+00:00\",\"mainEntityOfPage\":{\"@id\":\"https:\/\/evertonfc.cz\/index.php\/2019\/08\/04\/werder-bremy-everton-0-0\/\"},\"wordCount\":475,\"commentCount\":8,\"publisher\":{\"@id\":\"https:\/\/evertonfc.cz\/#organization\"},\"image\":{\"@id\":\"https:\/\/evertonfc.cz\/index.php\/2019\/08\/04\/werder-bremy-everton-0-0\/#primaryimage\"},\"thumbnailUrl\":\"https:\/\/evertonfc.cz\/wp-content\/uploads\/2019\/08\/Werder-Bremen-4-8-2019.jpg\",\"articleSection\":[\"Z\u00e1pasy\"],\"inLanguage\":\"cs\",\"potentialAction\":[{\"@type\":\"CommentAction\",\"name\":\"Comment\",\"target\":[\"https:\/\/evertonfc.cz\/index.php\/2019\/08\/04\/werder-bremy-everton-0-0\/#respond\"]}]},{\"@type\":\"WebPage\",\"@id\":\"https:\/\/evertonfc.cz\/index.php\/2019\/08\/04\/werder-bremy-everton-0-0\/\",\"url\":\"https:\/\/evertonfc.cz\/index.php\/2019\/08\/04\/werder-bremy-everton-0-0\/\",\"name\":\"Werder Br\u00e9my \u2013 Everton 0:0 - Official Czech &amp; Slovak Everton Supporters&#039; Club\",\"isPartOf\":{\"@id\":\"https:\/\/evertonfc.cz\/#website\"},\"primaryImageOfPage\":{\"@id\":\"https:\/\/evertonfc.cz\/index.php\/2019\/08\/04\/werder-bremy-everton-0-0\/#primaryimage\"},\"image\":{\"@id\":\"https:\/\/evertonfc.cz\/index.php\/2019\/08\/04\/werder-bremy-everton-0-0\/#primaryimage\"},\"thumbnailUrl\":\"https:\/\/evertonfc.cz\/wp-content\/uploads\/2019\/08\/Werder-Bremen-4-8-2019.jpg\",\"datePublished\":\"2019-08-04T15:39:34+00:00\",\"dateModified\":\"2019-08-04T16:44:25+00:00\",\"breadcrumb\":{\"@id\":\"https:\/\/evertonfc.cz\/index.php\/2019\/08\/04\/werder-bremy-everton-0-0\/#breadcrumb\"},\"inLanguage\":\"cs\",\"potentialAction\":[{\"@type\":\"ReadAction\",\"target\":[\"https:\/\/evertonfc.cz\/index.php\/2019\/08\/04\/werder-bremy-everton-0-0\/\"]}]},{\"@type\":\"ImageObject\",\"inLanguage\":\"cs\",\"@id\":\"https:\/\/evertonfc.cz\/index.php\/2019\/08\/04\/werder-bremy-everton-0-0\/#primaryimage\",\"url\":\"https:\/\/evertonfc.cz\/wp-content\/uploads\/2019\/08\/Werder-Bremen-4-8-2019.jpg\",\"contentUrl\":\"https:\/\/evertonfc.cz\/wp-content\/uploads\/2019\/08\/Werder-Bremen-4-8-2019.jpg\",\"width\":720,\"height\":405,\"caption\":\"03.08.2019, Wohninvest Weserstadion, Bremen, GER, FSP, SV Werder Bremen vs FC Everton , DFL REGULATIONS PROHIBIT ANY USE OF PHOTOGRAPHS AS IMAGE SEQUENCES AND\/OR QUASI-VIDEO im Bild | picture shows: Davy Klaassen (#30 SV Werder Bremen) am Ball, Foto \u00a9 nordphoto \/ Rauch\"},{\"@type\":\"BreadcrumbList\",\"@id\":\"https:\/\/evertonfc.cz\/index.php\/2019\/08\/04\/werder-bremy-everton-0-0\/#breadcrumb\",\"itemListElement\":[{\"@type\":\"ListItem\",\"position\":1,\"name\":\"Home\",\"item\":\"https:\/\/evertonfc.cz\/\"},{\"@type\":\"ListItem\",\"position\":2,\"name\":\"Werder Br\u00e9my \u2013 Everton 0:0\"}]},{\"@type\":\"WebSite\",\"@id\":\"https:\/\/evertonfc.cz\/#website\",\"url\":\"https:\/\/evertonfc.cz\/\",\"name\":\"Official Czech &amp; Slovak Everton Supporters&#039; Club\",\"description\":\"\",\"publisher\":{\"@id\":\"https:\/\/evertonfc.cz\/#organization\"},\"potentialAction\":[{\"@type\":\"SearchAction\",\"target\":{\"@type\":\"EntryPoint\",\"urlTemplate\":\"https:\/\/evertonfc.cz\/?s={search_term_string}\"},\"query-input\":{\"@type\":\"PropertyValueSpecification\",\"valueRequired\":true,\"valueName\":\"search_term_string\"}}],\"inLanguage\":\"cs\"},{\"@type\":\"Organization\",\"@id\":\"https:\/\/evertonfc.cz\/#organization\",\"name\":\"Official Czech & Slovak Everton Supporters' Club\",\"url\":\"https:\/\/evertonfc.cz\/\",\"logo\":{\"@type\":\"ImageObject\",\"inLanguage\":\"cs\",\"@id\":\"https:\/\/evertonfc.cz\/#\/schema\/logo\/image\/\",\"url\":\"https:\/\/evertonfc.cz\/wp-content\/uploads\/2019\/05\/logo.png\",\"contentUrl\":\"https:\/\/evertonfc.cz\/wp-content\/uploads\/2019\/05\/logo.png\",\"width\":112,\"height\":112,\"caption\":\"Official Czech & Slovak Everton Supporters' Club\"},\"image\":{\"@id\":\"https:\/\/evertonfc.cz\/#\/schema\/logo\/image\/\"},\"sameAs\":[\"https:\/\/www.facebook.com\/everton.fans.cz.sk\"]},{\"@type\":\"Person\",\"@id\":\"https:\/\/evertonfc.cz\/#\/schema\/person\/d4493b8cbea51532597fbc4685698916\",\"name\":\"BlueBlooded\",\"url\":\"https:\/\/evertonfc.cz\/index.php\/author\/admin\/\"}]}<\/script>\n<!-- \/ Yoast SEO plugin. -->","yoast_head_json":{"title":"Werder Br\u00e9my \u2013 Everton 0:0 - Official Czech &amp; Slovak Everton Supporters&#039; Club","robots":{"index":"index","follow":"follow","max-snippet":"max-snippet:-1","max-image-preview":"max-image-preview:large","max-video-preview":"max-video-preview:-1"},"canonical":"https:\/\/evertonfc.cz\/index.php\/2019\/08\/04\/werder-bremy-everton-0-0\/","og_locale":"cs_CZ","og_type":"article","og_title":"Werder Br\u00e9my \u2013 Everton 0:0 - Official Czech &amp; Slovak Everton Supporters&#039; Club","og_description":"Porcia siedmych nes\u00fa\u0165a\u017en\u00fdch z\u00e1pasov je na konci a mu\u017estvo z Goodison Parku by malo by\u0165 po fyzickej str\u00e1nke pripraven\u00e9 na otv\u00e1rac\u00ed duel sez\u00f3ny 2019\/2020.","og_url":"https:\/\/evertonfc.cz\/index.php\/2019\/08\/04\/werder-bremy-everton-0-0\/","og_site_name":"Official Czech &amp; Slovak Everton Supporters&#039; Club","article_publisher":"https:\/\/www.facebook.com\/everton.fans.cz.sk","article_published_time":"2019-08-04T15:39:34+00:00","article_modified_time":"2019-08-04T16:44:25+00:00","og_image":[{"width":720,"height":405,"url":"https:\/\/evertonfc.cz\/wp-content\/uploads\/2019\/08\/Werder-Bremen-4-8-2019.jpg","type":"image\/jpeg"}],"author":"BlueBlooded","twitter_card":"summary_large_image","twitter_misc":{"Napsal(a)":"BlueBlooded","Odhadovan\u00e1 doba \u010dten\u00ed":"2 minuty"},"schema":{"@context":"https:\/\/schema.org","@graph":[{"@type":"Article","@id":"https:\/\/evertonfc.cz\/index.php\/2019\/08\/04\/werder-bremy-everton-0-0\/#article","isPartOf":{"@id":"https:\/\/evertonfc.cz\/index.php\/2019\/08\/04\/werder-bremy-everton-0-0\/"},"author":{"name":"BlueBlooded","@id":"https:\/\/evertonfc.cz\/#\/schema\/person\/d4493b8cbea51532597fbc4685698916"},"headline":"Werder Br\u00e9my \u2013 Everton 0:0","datePublished":"2019-08-04T15:39:34+00:00","dateModified":"2019-08-04T16:44:25+00:00","mainEntityOfPage":{"@id":"https:\/\/evertonfc.cz\/index.php\/2019\/08\/04\/werder-bremy-everton-0-0\/"},"wordCount":475,"commentCount":8,"publisher":{"@id":"https:\/\/evertonfc.cz\/#organization"},"image":{"@id":"https:\/\/evertonfc.cz\/index.php\/2019\/08\/04\/werder-bremy-everton-0-0\/#primaryimage"},"thumbnailUrl":"https:\/\/evertonfc.cz\/wp-content\/uploads\/2019\/08\/Werder-Bremen-4-8-2019.jpg","articleSection":["Z\u00e1pasy"],"inLanguage":"cs","potentialAction":[{"@type":"CommentAction","name":"Comment","target":["https:\/\/evertonfc.cz\/index.php\/2019\/08\/04\/werder-bremy-everton-0-0\/#respond"]}]},{"@type":"WebPage","@id":"https:\/\/evertonfc.cz\/index.php\/2019\/08\/04\/werder-bremy-everton-0-0\/","url":"https:\/\/evertonfc.cz\/index.php\/2019\/08\/04\/werder-bremy-everton-0-0\/","name":"Werder Br\u00e9my \u2013 Everton 0:0 - Official Czech &amp; Slovak Everton Supporters&#039; Club","isPartOf":{"@id":"https:\/\/evertonfc.cz\/#website"},"primaryImageOfPage":{"@id":"https:\/\/evertonfc.cz\/index.php\/2019\/08\/04\/werder-bremy-everton-0-0\/#primaryimage"},"image":{"@id":"https:\/\/evertonfc.cz\/index.php\/2019\/08\/04\/werder-bremy-everton-0-0\/#primaryimage"},"thumbnailUrl":"https:\/\/evertonfc.cz\/wp-content\/uploads\/2019\/08\/Werder-Bremen-4-8-2019.jpg","datePublished":"2019-08-04T15:39:34+00:00","dateModified":"2019-08-04T16:44:25+00:00","breadcrumb":{"@id":"https:\/\/evertonfc.cz\/index.php\/2019\/08\/04\/werder-bremy-everton-0-0\/#breadcrumb"},"inLanguage":"cs","potentialAction":[{"@type":"ReadAction","target":["https:\/\/evertonfc.cz\/index.php\/2019\/08\/04\/werder-bremy-everton-0-0\/"]}]},{"@type":"ImageObject","inLanguage":"cs","@id":"https:\/\/evertonfc.cz\/index.php\/2019\/08\/04\/werder-bremy-everton-0-0\/#primaryimage","url":"https:\/\/evertonfc.cz\/wp-content\/uploads\/2019\/08\/Werder-Bremen-4-8-2019.jpg","contentUrl":"https:\/\/evertonfc.cz\/wp-content\/uploads\/2019\/08\/Werder-Bremen-4-8-2019.jpg","width":720,"height":405,"caption":"03.08.2019, Wohninvest Weserstadion, Bremen, GER, FSP, SV Werder Bremen vs FC Everton , DFL REGULATIONS PROHIBIT ANY USE OF PHOTOGRAPHS AS IMAGE SEQUENCES AND\/OR QUASI-VIDEO im Bild | picture shows: Davy Klaassen (#30 SV Werder Bremen) am Ball, Foto \u00a9 nordphoto \/ Rauch"},{"@type":"BreadcrumbList","@id":"https:\/\/evertonfc.cz\/index.php\/2019\/08\/04\/werder-bremy-everton-0-0\/#breadcrumb","itemListElement":[{"@type":"ListItem","position":1,"name":"Home","item":"https:\/\/evertonfc.cz\/"},{"@type":"ListItem","position":2,"name":"Werder Br\u00e9my \u2013 Everton 0:0"}]},{"@type":"WebSite","@id":"https:\/\/evertonfc.cz\/#website","url":"https:\/\/evertonfc.cz\/","name":"Official Czech &amp; Slovak Everton Supporters&#039; Club","description":"","publisher":{"@id":"https:\/\/evertonfc.cz\/#organization"},"potentialAction":[{"@type":"SearchAction","target":{"@type":"EntryPoint","urlTemplate":"https:\/\/evertonfc.cz\/?s={search_term_string}"},"query-input":{"@type":"PropertyValueSpecification","valueRequired":true,"valueName":"search_term_string"}}],"inLanguage":"cs"},{"@type":"Organization","@id":"https:\/\/evertonfc.cz\/#organization","name":"Official Czech & Slovak Everton Supporters' Club","url":"https:\/\/evertonfc.cz\/","logo":{"@type":"ImageObject","inLanguage":"cs","@id":"https:\/\/evertonfc.cz\/#\/schema\/logo\/image\/","url":"https:\/\/evertonfc.cz\/wp-content\/uploads\/2019\/05\/logo.png","contentUrl":"https:\/\/evertonfc.cz\/wp-content\/uploads\/2019\/05\/logo.png","width":112,"height":112,"caption":"Official Czech & Slovak Everton Supporters' Club"},"image":{"@id":"https:\/\/evertonfc.cz\/#\/schema\/logo\/image\/"},"sameAs":["https:\/\/www.facebook.com\/everton.fans.cz.sk"]},{"@type":"Person","@id":"https:\/\/evertonfc.cz\/#\/schema\/person\/d4493b8cbea51532597fbc4685698916","name":"BlueBlooded","url":"https:\/\/evertonfc.cz\/index.php\/author\/admin\/"}]}},"_links":{"self":[{"href":"https:\/\/evertonfc.cz\/index.php\/wp-json\/wp\/v2\/posts\/8895"}],"collection":[{"href":"https:\/\/evertonfc.cz\/index.php\/wp-json\/wp\/v2\/posts"}],"about":[{"href":"https:\/\/evertonfc.cz\/index.php\/wp-json\/wp\/v2\/types\/post"}],"author":[{"embeddable":true,"href":"https:\/\/evertonfc.cz\/index.php\/wp-json\/wp\/v2\/users\/1"}],"replies":[{"embeddable":true,"href":"https:\/\/evertonfc.cz\/index.php\/wp-json\/wp\/v2\/comments?post=8895"}],"version-history":[{"count":3,"href":"https:\/\/evertonfc.cz\/index.php\/wp-json\/wp\/v2\/posts\/8895\/revisions"}],"predecessor-version":[{"id":8903,"href":"https:\/\/evertonfc.cz\/index.php\/wp-json\/wp\/v2\/posts\/8895\/revisions\/8903"}],"wp:featuredmedia":[{"embeddable":true,"href":"https:\/\/evertonfc.cz\/index.php\/wp-json\/wp\/v2\/media\/8897"}],"wp:attachment":[{"href":"https:\/\/evertonfc.cz\/index.php\/wp-json\/wp\/v2\/media?parent=8895"}],"wp:term":[{"taxonomy":"category","embeddable":true,"href":"https:\/\/evertonfc.cz\/index.php\/wp-json\/wp\/v2\/categories?post=8895"},{"taxonomy":"post_tag","embeddable":true,"href":"https:\/\/evertonfc.cz\/index.php\/wp-json\/wp\/v2\/tags?post=8895"}],"curies":[{"name":"wp","href":"https:\/\/api.w.org\/{rel}","templated":true}]}}