{"id":9006,"date":"2019-08-11T22:54:41","date_gmt":"2019-08-11T20:54:41","guid":{"rendered":"https:\/\/evertonfc.cz\/?p=9006"},"modified":"2019-08-19T17:49:58","modified_gmt":"2019-08-19T15:49:58","slug":"crystal-palace-everton-0-0-10-8-2019","status":"publish","type":"post","link":"https:\/\/evertonfc.cz\/index.php\/2019\/08\/11\/crystal-palace-everton-0-0-10-8-2019\/","title":{"rendered":"Crystal Palace &#8211; Everton 0:0"},"content":{"rendered":"<h4>Sez\u00f3na za\u010dala tam, kde t\u00fa minul\u00fa skon\u010dila. Predv\u00eddavo. Netreba preto hne\u010f zatracova\u0165, lebo ak m\u00e1 pr\u00eds\u0165 zlep\u0161enie, tak ur\u010dite pr\u00edde. Ale nie v\u00a0star\u00fdch dresoch, \u010di\u00a0zvykoch.<\/h4>\n<p>Na z\u00e1pas postavili hostia zostavu identick\u00fa ako minul\u00fd ro\u010dn\u00edk. \u017diadna z\u00a0nov\u00fdch pos\u00edl si neodbila debut v\u00a0z\u00e1klade, no hne\u010f dve sa jej do\u010dkali z\u00a0lavi\u010dky. Dom\u00e1ci naopak neuk\u00e1zali ani jeden letn\u00fd \u017eol\u00edk, \u010do len pod\u010diarklo ich markantn\u00fa necie\u013eavedomos\u0165.<\/p>\n<p>Mu\u017estv\u00e1 za\u010dali poctivo a okam\u017eite sa dalo pozna\u0165, \u017ee kone\u010dne div\u00e1k sleduje s\u00fa\u0165a\u017en\u00fd z\u00e1pas. Prv\u00fdch p\u00e4tn\u00e1s\u0165 min\u00fat bolo vla\u017en\u00fdch, Karamelky sa sna\u017eili prebi\u0165 nepr\u00edjemn\u00e9 nap\u00e1danie bloku \u0161tyroch hr\u00e1\u010dov s\u00fapera v\u00a0prednej l\u00ednii. No po prelomen\u00ed \u0161estn\u00e1stkov\u00fdch \u013eadov to za\u010dalo ma\u0165 gr\u00e1dy.<\/p>\n<p>Tie trvali do tridsiatej min\u00faty a nasledovalo mierne po\u013eavenie pred pol\u010dasovou prest\u00e1vkou. Dovtedy mali mo\u017enos\u0165 meni\u0165 sk\u00f3re Sigurdsson, Coleman aj Calvert-Lewin. S\u00faper mal mo\u017enosti tie\u017e, ale platonick\u00e9 pokusy Meyera s Dannom nechali Pickforda bez pr\u00e1ce.<\/p>\n<p>Aktivita bielych dresov h\u00fdrila najm\u00e4 po stran\u00e1ch, kde si v\u00fdborne po\u010d\u00ednali na\u0161i krajn\u00ed obrancovia. Za to stred po\u013ea bol a\u017e neobvykle tich\u00fd. A\u00a0nepomohlo tomu ani striedanie zranen\u00e9ho \u010dlenku Gomesa, skosen\u00e9ho Milivojevi\u0107om. Na tr\u00e1vnik putoval na ve\u013ek\u00e9 po\u010dudovanie Gbamin, zjavne nepripraven\u00fd na tak\u00fa d\u00e1vku min\u00fat v Premier League.<\/p>\n<p>Po prest\u00e1vke Orly zaostrili na ranen\u00fd Everton a\u00a0sna\u017eili sa ho vyko\u013eaji\u0165 z\u00a0pevn\u00fdch nervov. Tie iste nem\u00e1 Schneiderlin, ke\u010f dok\u00e1\u017ee ako p\u00e4\u0165ro\u010dn\u00fd pred hra\u010dk\u00e1rstvom b\u00facha\u0165 p\u00e4s\u0165ou do zeme. Celej situ\u00e1cii nepom\u00e1hali ani \u013eahk\u00e9 straty l\u00f4pt Jeana-Philippa, ktor\u00e9 musel hasi\u0165 Pickford brav\u00farnymi z\u00e1krokmi pred Ayewom a\u00a0Meyerom.<\/p>\n<p>Do hry sa dostala aj nov\u00e1 hviezdi\u010dka Goodison Parku, predt\u00fdm v\u0161ak neuspel so svoj\u00edm pokusom Sigurdsson a\u00a0tesne ved\u013ea p\u00e1lil aj Richarlison. Nasledovalo teda striedanie n\u00e1\u0161ho nov\u00e9ho \u010d\u00edsla dev\u00e4\u0165. Potlesk Evertonians pre Keana v\u0161ak nebol ani z\u010faleka tak\u00fd, ako ke\u010f sa pomp\u00e9zne dostal do hry Zaha. Toho dom\u00e1ci priv\u00edtali na ihrisku rovno postoja\u010dky.<\/p>\n<p>Moise nane\u0161\u0165astie nestihol spravi\u0165 ni\u010d, efekt\u00edvne mu v tom zabr\u00e1nil svoj\u00edm IQ Schneiderlin, ke\u010f zbyto\u010dne poslal na zem Milivojevi\u0107a zozadu. Ako poistka pri\u0161iel na tr\u00e1vnik Davies a zbytok z\u00e1pasu dohral Everton vo form\u00e1cii 4-4-1 bez \u010fal\u0161ieho vzru\u0161enia.<\/p>\n<p>Tak\u017ee bod dobr\u00fd, ale len ak citlivo berieme do \u00favahy okolnosti. Silva sa s\u00edce boj\u00ed o\u00a0obranu, ktor\u00fa pod\u013ea vlastn\u00fdch slov dok\u00e1\u017ee obhospod\u00e1ri\u0165 i\u00a0v\u00a0men\u0161om po\u010dte, ale zd\u00e1 sa, \u017ee to by nemusel by\u0165 jedin\u00fd probl\u00e9m, ktor\u00fd d\u00e1 zabra\u0165 \u013eahkej matematike \u00fazkeho k\u00e1dra.<\/p>\n<p><em><a href=\"https:\/\/www.evertonfc.com\/news\/1307693\/watch-palace-v-everton-20-minute-highlights\" target=\"_blank\" rel=\"noopener noreferrer\">Zostrih toho najlep\u0161ieho zo z\u00e1pasu n\u00e1jdete na ofici\u00e1lnej str\u00e1nke.<\/a><\/em><\/p>\n<hr \/>\n<p><strong>Mu\u017e z\u00e1pasu:\u00a0<\/strong>Jordan Pickford (BBC) Scott Dann (Sky)<\/p>\n<p><strong>\u017dlt\u00e9 karty:\u00a0<\/strong>38\u00b4 Meyer, 52\u00b4 Bernard, 54\u00b4 Schneiderlin, 55\u00b4 Milivojevi\u0107, 76\u00b4 Schneiderlin<\/p>\n<p><strong>\u010cerven\u00e9 karty: <\/strong>76\u00b4 Schneiderlin<\/p>\n<p><strong>Crystal Palace FC:\u00a0<\/strong>Guaita \u2013 Ward, Kelly, Dann, van Aanholt \u2013 Townsend, McArthur, Milivojevi\u0107, Meyer \u2013 Benteke (83\u00b4 Wickham), Ayew (65\u00b4 Zaha)<\/p>\n<p><strong>Everton FC:\u00a0<\/strong>Pickford \u2013 Coleman, Keane, Mina, Digne &#8211; Schneiderlin, Gomes (45+1\u00b4 Gbamin)<\/p>\n<p>\u2013 Richarlison, Sigurdsson (79\u00b4 Davies), Bernard \u2013 Calvert-Lewin (69\u00b4 Kean)<\/p>\n<p><strong>Rozhodca:\u00a0<\/strong>Jonathan Moss<\/p>\n<p><strong>Po\u010det div\u00e1kov:\u00a0<\/strong>25 151, Selhurst Park (Lond\u00fdn)<\/p>\n","protected":false},"excerpt":{"rendered":"<p>Sez\u00f3na za\u010dala tam, kde t\u00fa minul\u00fa skon\u010dila. Predv\u00eddavo. Netreba preto hne\u010f zatracova\u0165, lebo ak m\u00e1 pr\u00eds\u0165 zlep\u0161enie, tak ur\u010dite pr\u00edde. Ale nie v star\u00fdch dresoch, \u010di zvykoch.<\/p>\n","protected":false},"author":1,"featured_media":9007,"comment_status":"open","ping_status":"closed","sticky":false,"template":"","format":"standard","meta":{"_eb_attr":"","_monsterinsights_skip_tracking":false,"_monsterinsights_sitenote_active":false,"_monsterinsights_sitenote_note":"","_monsterinsights_sitenote_category":0,"footnotes":""},"categories":[4],"tags":[],"yoast_head":"<!-- This site is optimized with the Yoast SEO plugin v23.4 - https:\/\/yoast.com\/wordpress\/plugins\/seo\/ -->\n<title>Crystal Palace - Everton 0:0 - Official Czech &amp; Slovak Everton Supporters&#039; Club<\/title>\n<meta name=\"robots\" content=\"index, follow, max-snippet:-1, max-image-preview:large, max-video-preview:-1\" \/>\n<link rel=\"canonical\" href=\"https:\/\/evertonfc.cz\/index.php\/2019\/08\/11\/crystal-palace-everton-0-0-10-8-2019\/\" \/>\n<meta property=\"og:locale\" content=\"cs_CZ\" \/>\n<meta property=\"og:type\" content=\"article\" \/>\n<meta property=\"og:title\" content=\"Crystal Palace - Everton 0:0 - Official Czech &amp; Slovak Everton Supporters&#039; Club\" \/>\n<meta property=\"og:description\" content=\"Sez\u00f3na za\u010dala tam, kde t\u00fa minul\u00fa skon\u010dila. Predv\u00eddavo. Netreba preto hne\u010f zatracova\u0165, lebo ak m\u00e1 pr\u00eds\u0165 zlep\u0161enie, tak ur\u010dite pr\u00edde. Ale nie v star\u00fdch dresoch, \u010di zvykoch.\" \/>\n<meta property=\"og:url\" content=\"https:\/\/evertonfc.cz\/index.php\/2019\/08\/11\/crystal-palace-everton-0-0-10-8-2019\/\" \/>\n<meta property=\"og:site_name\" content=\"Official Czech &amp; Slovak Everton Supporters&#039; Club\" \/>\n<meta property=\"article:publisher\" content=\"https:\/\/www.facebook.com\/everton.fans.cz.sk\" \/>\n<meta property=\"article:published_time\" content=\"2019-08-11T20:54:41+00:00\" \/>\n<meta property=\"article:modified_time\" content=\"2019-08-19T15:49:58+00:00\" \/>\n<meta property=\"og:image\" content=\"https:\/\/evertonfc.cz\/wp-content\/uploads\/2019\/08\/Crystal-Palace-11-8-2019.jpg\" \/>\n\t<meta property=\"og:image:width\" content=\"720\" \/>\n\t<meta property=\"og:image:height\" content=\"405\" \/>\n\t<meta property=\"og:image:type\" content=\"image\/jpeg\" \/>\n<meta name=\"author\" content=\"BlueBlooded\" \/>\n<meta name=\"twitter:card\" content=\"summary_large_image\" \/>\n<meta name=\"twitter:label1\" content=\"Napsal(a)\" \/>\n\t<meta name=\"twitter:data1\" content=\"BlueBlooded\" \/>\n\t<meta name=\"twitter:label2\" content=\"Odhadovan\u00e1 doba \u010dten\u00ed\" \/>\n\t<meta name=\"twitter:data2\" content=\"3 minuty\" \/>\n<script type=\"application\/ld+json\" class=\"yoast-schema-graph\">{\"@context\":\"https:\/\/schema.org\",\"@graph\":[{\"@type\":\"Article\",\"@id\":\"https:\/\/evertonfc.cz\/index.php\/2019\/08\/11\/crystal-palace-everton-0-0-10-8-2019\/#article\",\"isPartOf\":{\"@id\":\"https:\/\/evertonfc.cz\/index.php\/2019\/08\/11\/crystal-palace-everton-0-0-10-8-2019\/\"},\"author\":{\"name\":\"BlueBlooded\",\"@id\":\"https:\/\/evertonfc.cz\/#\/schema\/person\/d4493b8cbea51532597fbc4685698916\"},\"headline\":\"Crystal Palace &#8211; Everton 0:0\",\"datePublished\":\"2019-08-11T20:54:41+00:00\",\"dateModified\":\"2019-08-19T15:49:58+00:00\",\"mainEntityOfPage\":{\"@id\":\"https:\/\/evertonfc.cz\/index.php\/2019\/08\/11\/crystal-palace-everton-0-0-10-8-2019\/\"},\"wordCount\":576,\"commentCount\":2,\"publisher\":{\"@id\":\"https:\/\/evertonfc.cz\/#organization\"},\"image\":{\"@id\":\"https:\/\/evertonfc.cz\/index.php\/2019\/08\/11\/crystal-palace-everton-0-0-10-8-2019\/#primaryimage\"},\"thumbnailUrl\":\"https:\/\/evertonfc.cz\/wp-content\/uploads\/2019\/08\/Crystal-Palace-11-8-2019.jpg\",\"articleSection\":[\"Z\u00e1pasy\"],\"inLanguage\":\"cs\",\"potentialAction\":[{\"@type\":\"CommentAction\",\"name\":\"Comment\",\"target\":[\"https:\/\/evertonfc.cz\/index.php\/2019\/08\/11\/crystal-palace-everton-0-0-10-8-2019\/#respond\"]}]},{\"@type\":\"WebPage\",\"@id\":\"https:\/\/evertonfc.cz\/index.php\/2019\/08\/11\/crystal-palace-everton-0-0-10-8-2019\/\",\"url\":\"https:\/\/evertonfc.cz\/index.php\/2019\/08\/11\/crystal-palace-everton-0-0-10-8-2019\/\",\"name\":\"Crystal Palace - Everton 0:0 - Official Czech &amp; Slovak Everton Supporters&#039; Club\",\"isPartOf\":{\"@id\":\"https:\/\/evertonfc.cz\/#website\"},\"primaryImageOfPage\":{\"@id\":\"https:\/\/evertonfc.cz\/index.php\/2019\/08\/11\/crystal-palace-everton-0-0-10-8-2019\/#primaryimage\"},\"image\":{\"@id\":\"https:\/\/evertonfc.cz\/index.php\/2019\/08\/11\/crystal-palace-everton-0-0-10-8-2019\/#primaryimage\"},\"thumbnailUrl\":\"https:\/\/evertonfc.cz\/wp-content\/uploads\/2019\/08\/Crystal-Palace-11-8-2019.jpg\",\"datePublished\":\"2019-08-11T20:54:41+00:00\",\"dateModified\":\"2019-08-19T15:49:58+00:00\",\"breadcrumb\":{\"@id\":\"https:\/\/evertonfc.cz\/index.php\/2019\/08\/11\/crystal-palace-everton-0-0-10-8-2019\/#breadcrumb\"},\"inLanguage\":\"cs\",\"potentialAction\":[{\"@type\":\"ReadAction\",\"target\":[\"https:\/\/evertonfc.cz\/index.php\/2019\/08\/11\/crystal-palace-everton-0-0-10-8-2019\/\"]}]},{\"@type\":\"ImageObject\",\"inLanguage\":\"cs\",\"@id\":\"https:\/\/evertonfc.cz\/index.php\/2019\/08\/11\/crystal-palace-everton-0-0-10-8-2019\/#primaryimage\",\"url\":\"https:\/\/evertonfc.cz\/wp-content\/uploads\/2019\/08\/Crystal-Palace-11-8-2019.jpg\",\"contentUrl\":\"https:\/\/evertonfc.cz\/wp-content\/uploads\/2019\/08\/Crystal-Palace-11-8-2019.jpg\",\"width\":720,\"height\":405},{\"@type\":\"BreadcrumbList\",\"@id\":\"https:\/\/evertonfc.cz\/index.php\/2019\/08\/11\/crystal-palace-everton-0-0-10-8-2019\/#breadcrumb\",\"itemListElement\":[{\"@type\":\"ListItem\",\"position\":1,\"name\":\"Home\",\"item\":\"https:\/\/evertonfc.cz\/\"},{\"@type\":\"ListItem\",\"position\":2,\"name\":\"Crystal Palace &#8211; Everton 0:0\"}]},{\"@type\":\"WebSite\",\"@id\":\"https:\/\/evertonfc.cz\/#website\",\"url\":\"https:\/\/evertonfc.cz\/\",\"name\":\"Official Czech &amp; Slovak Everton Supporters&#039; Club\",\"description\":\"\",\"publisher\":{\"@id\":\"https:\/\/evertonfc.cz\/#organization\"},\"potentialAction\":[{\"@type\":\"SearchAction\",\"target\":{\"@type\":\"EntryPoint\",\"urlTemplate\":\"https:\/\/evertonfc.cz\/?s={search_term_string}\"},\"query-input\":{\"@type\":\"PropertyValueSpecification\",\"valueRequired\":true,\"valueName\":\"search_term_string\"}}],\"inLanguage\":\"cs\"},{\"@type\":\"Organization\",\"@id\":\"https:\/\/evertonfc.cz\/#organization\",\"name\":\"Official Czech & Slovak Everton Supporters' Club\",\"url\":\"https:\/\/evertonfc.cz\/\",\"logo\":{\"@type\":\"ImageObject\",\"inLanguage\":\"cs\",\"@id\":\"https:\/\/evertonfc.cz\/#\/schema\/logo\/image\/\",\"url\":\"https:\/\/evertonfc.cz\/wp-content\/uploads\/2019\/05\/logo.png\",\"contentUrl\":\"https:\/\/evertonfc.cz\/wp-content\/uploads\/2019\/05\/logo.png\",\"width\":112,\"height\":112,\"caption\":\"Official Czech & Slovak Everton Supporters' Club\"},\"image\":{\"@id\":\"https:\/\/evertonfc.cz\/#\/schema\/logo\/image\/\"},\"sameAs\":[\"https:\/\/www.facebook.com\/everton.fans.cz.sk\"]},{\"@type\":\"Person\",\"@id\":\"https:\/\/evertonfc.cz\/#\/schema\/person\/d4493b8cbea51532597fbc4685698916\",\"name\":\"BlueBlooded\",\"url\":\"https:\/\/evertonfc.cz\/index.php\/author\/admin\/\"}]}<\/script>\n<!-- \/ Yoast SEO plugin. -->","yoast_head_json":{"title":"Crystal Palace - Everton 0:0 - Official Czech &amp; Slovak Everton Supporters&#039; Club","robots":{"index":"index","follow":"follow","max-snippet":"max-snippet:-1","max-image-preview":"max-image-preview:large","max-video-preview":"max-video-preview:-1"},"canonical":"https:\/\/evertonfc.cz\/index.php\/2019\/08\/11\/crystal-palace-everton-0-0-10-8-2019\/","og_locale":"cs_CZ","og_type":"article","og_title":"Crystal Palace - Everton 0:0 - Official Czech &amp; Slovak Everton Supporters&#039; Club","og_description":"Sez\u00f3na za\u010dala tam, kde t\u00fa minul\u00fa skon\u010dila. Predv\u00eddavo. Netreba preto hne\u010f zatracova\u0165, lebo ak m\u00e1 pr\u00eds\u0165 zlep\u0161enie, tak ur\u010dite pr\u00edde. Ale nie v star\u00fdch dresoch, \u010di zvykoch.","og_url":"https:\/\/evertonfc.cz\/index.php\/2019\/08\/11\/crystal-palace-everton-0-0-10-8-2019\/","og_site_name":"Official Czech &amp; Slovak Everton Supporters&#039; Club","article_publisher":"https:\/\/www.facebook.com\/everton.fans.cz.sk","article_published_time":"2019-08-11T20:54:41+00:00","article_modified_time":"2019-08-19T15:49:58+00:00","og_image":[{"width":720,"height":405,"url":"https:\/\/evertonfc.cz\/wp-content\/uploads\/2019\/08\/Crystal-Palace-11-8-2019.jpg","type":"image\/jpeg"}],"author":"BlueBlooded","twitter_card":"summary_large_image","twitter_misc":{"Napsal(a)":"BlueBlooded","Odhadovan\u00e1 doba \u010dten\u00ed":"3 minuty"},"schema":{"@context":"https:\/\/schema.org","@graph":[{"@type":"Article","@id":"https:\/\/evertonfc.cz\/index.php\/2019\/08\/11\/crystal-palace-everton-0-0-10-8-2019\/#article","isPartOf":{"@id":"https:\/\/evertonfc.cz\/index.php\/2019\/08\/11\/crystal-palace-everton-0-0-10-8-2019\/"},"author":{"name":"BlueBlooded","@id":"https:\/\/evertonfc.cz\/#\/schema\/person\/d4493b8cbea51532597fbc4685698916"},"headline":"Crystal Palace &#8211; Everton 0:0","datePublished":"2019-08-11T20:54:41+00:00","dateModified":"2019-08-19T15:49:58+00:00","mainEntityOfPage":{"@id":"https:\/\/evertonfc.cz\/index.php\/2019\/08\/11\/crystal-palace-everton-0-0-10-8-2019\/"},"wordCount":576,"commentCount":2,"publisher":{"@id":"https:\/\/evertonfc.cz\/#organization"},"image":{"@id":"https:\/\/evertonfc.cz\/index.php\/2019\/08\/11\/crystal-palace-everton-0-0-10-8-2019\/#primaryimage"},"thumbnailUrl":"https:\/\/evertonfc.cz\/wp-content\/uploads\/2019\/08\/Crystal-Palace-11-8-2019.jpg","articleSection":["Z\u00e1pasy"],"inLanguage":"cs","potentialAction":[{"@type":"CommentAction","name":"Comment","target":["https:\/\/evertonfc.cz\/index.php\/2019\/08\/11\/crystal-palace-everton-0-0-10-8-2019\/#respond"]}]},{"@type":"WebPage","@id":"https:\/\/evertonfc.cz\/index.php\/2019\/08\/11\/crystal-palace-everton-0-0-10-8-2019\/","url":"https:\/\/evertonfc.cz\/index.php\/2019\/08\/11\/crystal-palace-everton-0-0-10-8-2019\/","name":"Crystal Palace - Everton 0:0 - Official Czech &amp; Slovak Everton Supporters&#039; Club","isPartOf":{"@id":"https:\/\/evertonfc.cz\/#website"},"primaryImageOfPage":{"@id":"https:\/\/evertonfc.cz\/index.php\/2019\/08\/11\/crystal-palace-everton-0-0-10-8-2019\/#primaryimage"},"image":{"@id":"https:\/\/evertonfc.cz\/index.php\/2019\/08\/11\/crystal-palace-everton-0-0-10-8-2019\/#primaryimage"},"thumbnailUrl":"https:\/\/evertonfc.cz\/wp-content\/uploads\/2019\/08\/Crystal-Palace-11-8-2019.jpg","datePublished":"2019-08-11T20:54:41+00:00","dateModified":"2019-08-19T15:49:58+00:00","breadcrumb":{"@id":"https:\/\/evertonfc.cz\/index.php\/2019\/08\/11\/crystal-palace-everton-0-0-10-8-2019\/#breadcrumb"},"inLanguage":"cs","potentialAction":[{"@type":"ReadAction","target":["https:\/\/evertonfc.cz\/index.php\/2019\/08\/11\/crystal-palace-everton-0-0-10-8-2019\/"]}]},{"@type":"ImageObject","inLanguage":"cs","@id":"https:\/\/evertonfc.cz\/index.php\/2019\/08\/11\/crystal-palace-everton-0-0-10-8-2019\/#primaryimage","url":"https:\/\/evertonfc.cz\/wp-content\/uploads\/2019\/08\/Crystal-Palace-11-8-2019.jpg","contentUrl":"https:\/\/evertonfc.cz\/wp-content\/uploads\/2019\/08\/Crystal-Palace-11-8-2019.jpg","width":720,"height":405},{"@type":"BreadcrumbList","@id":"https:\/\/evertonfc.cz\/index.php\/2019\/08\/11\/crystal-palace-everton-0-0-10-8-2019\/#breadcrumb","itemListElement":[{"@type":"ListItem","position":1,"name":"Home","item":"https:\/\/evertonfc.cz\/"},{"@type":"ListItem","position":2,"name":"Crystal Palace &#8211; Everton 0:0"}]},{"@type":"WebSite","@id":"https:\/\/evertonfc.cz\/#website","url":"https:\/\/evertonfc.cz\/","name":"Official Czech &amp; Slovak Everton Supporters&#039; Club","description":"","publisher":{"@id":"https:\/\/evertonfc.cz\/#organization"},"potentialAction":[{"@type":"SearchAction","target":{"@type":"EntryPoint","urlTemplate":"https:\/\/evertonfc.cz\/?s={search_term_string}"},"query-input":{"@type":"PropertyValueSpecification","valueRequired":true,"valueName":"search_term_string"}}],"inLanguage":"cs"},{"@type":"Organization","@id":"https:\/\/evertonfc.cz\/#organization","name":"Official Czech & Slovak Everton Supporters' Club","url":"https:\/\/evertonfc.cz\/","logo":{"@type":"ImageObject","inLanguage":"cs","@id":"https:\/\/evertonfc.cz\/#\/schema\/logo\/image\/","url":"https:\/\/evertonfc.cz\/wp-content\/uploads\/2019\/05\/logo.png","contentUrl":"https:\/\/evertonfc.cz\/wp-content\/uploads\/2019\/05\/logo.png","width":112,"height":112,"caption":"Official Czech & Slovak Everton Supporters' Club"},"image":{"@id":"https:\/\/evertonfc.cz\/#\/schema\/logo\/image\/"},"sameAs":["https:\/\/www.facebook.com\/everton.fans.cz.sk"]},{"@type":"Person","@id":"https:\/\/evertonfc.cz\/#\/schema\/person\/d4493b8cbea51532597fbc4685698916","name":"BlueBlooded","url":"https:\/\/evertonfc.cz\/index.php\/author\/admin\/"}]}},"_links":{"self":[{"href":"https:\/\/evertonfc.cz\/index.php\/wp-json\/wp\/v2\/posts\/9006"}],"collection":[{"href":"https:\/\/evertonfc.cz\/index.php\/wp-json\/wp\/v2\/posts"}],"about":[{"href":"https:\/\/evertonfc.cz\/index.php\/wp-json\/wp\/v2\/types\/post"}],"author":[{"embeddable":true,"href":"https:\/\/evertonfc.cz\/index.php\/wp-json\/wp\/v2\/users\/1"}],"replies":[{"embeddable":true,"href":"https:\/\/evertonfc.cz\/index.php\/wp-json\/wp\/v2\/comments?post=9006"}],"version-history":[{"count":3,"href":"https:\/\/evertonfc.cz\/index.php\/wp-json\/wp\/v2\/posts\/9006\/revisions"}],"predecessor-version":[{"id":9042,"href":"https:\/\/evertonfc.cz\/index.php\/wp-json\/wp\/v2\/posts\/9006\/revisions\/9042"}],"wp:featuredmedia":[{"embeddable":true,"href":"https:\/\/evertonfc.cz\/index.php\/wp-json\/wp\/v2\/media\/9007"}],"wp:attachment":[{"href":"https:\/\/evertonfc.cz\/index.php\/wp-json\/wp\/v2\/media?parent=9006"}],"wp:term":[{"taxonomy":"category","embeddable":true,"href":"https:\/\/evertonfc.cz\/index.php\/wp-json\/wp\/v2\/categories?post=9006"},{"taxonomy":"post_tag","embeddable":true,"href":"https:\/\/evertonfc.cz\/index.php\/wp-json\/wp\/v2\/tags?post=9006"}],"curies":[{"name":"wp","href":"https:\/\/api.w.org\/{rel}","templated":true}]}}