{"id":9012,"date":"2019-08-12T22:56:29","date_gmt":"2019-08-12T20:56:29","guid":{"rendered":"https:\/\/evertonfc.cz\/?p=9012"},"modified":"2020-03-25T19:51:44","modified_gmt":"2020-03-25T18:51:44","slug":"monako-dotiahlo-prestup-onyekuruho","status":"publish","type":"post","link":"https:\/\/evertonfc.cz\/index.php\/2019\/08\/12\/monako-dotiahlo-prestup-onyekuruho\/","title":{"rendered":"Monako dotiahlo prestup Onyekuruho"},"content":{"rendered":"<h4>Hr\u00e1\u010d, ktor\u00fd za Everton neodohral ani sekundu, men\u00ed svojho trval\u00e9ho zamestn\u00e1vate\u013ea. Jeho nov\u00fdm matersk\u00fdm klubom bude od dne\u0161n\u00e9ho d\u0148a AS Monako.<\/h4>\n<blockquote><p><em>\u201eSom \u0161\u0165astn\u00fd, \u017ee som sa stal s\u00fa\u010das\u0165ou tak sl\u00e1vneho klubu. Sprav\u00edm v\u0161etko pre to, aby som mu pomohol zlep\u0161i\u0165 sa a za\u017ei\u0165 \u00fa\u017easn\u00fa sez\u00f3nu.\u201d<\/em><\/p><\/blockquote>\n<p>Henry, druh\u00fdm menom Chukwuemeka, pri\u0161iel na Merseyside na konci j\u00fana 2017 z\u00a0Eupenu a\u00a0podp\u00edsal p\u00e4\u0165ro\u010dn\u00fa zmluvu. Toffees vtedy odbili z\u00e1ujem aj v\u00e4\u010d\u0161\u00edch konkurentov a\u00a0najlep\u0161ieho strelca belgickej ligy e\u0161te na jednu sez\u00f3nu nechali v\u00a0Anderlechte, nako\u013eko nesp\u013a\u0148al krit\u00e9ri\u00e1 udelenia pracovn\u00e9ho povolenia vo Ve\u013ekej Brit\u00e1nii.<\/p>\n<p>V\u00a0tom \u010dase mal Onyekuru len dvadsa\u0165 rokov a\u00a0bol pova\u017eovan\u00fd za jeden z\u00a0najv\u00e4\u010d\u0161\u00edch talentov Eur\u00f3py, ktor\u00e9 br\u00e1zdili tr\u00e1vniky na \u013eavom kr\u00eddle. Prestupov\u00e1 suma \u010dinila sedem mili\u00f3nov libier, \u010di\u017ee malo \u00eds\u0165 o\u00a0vynikaj\u00faci obchod. A\u00a0prv\u00e1 polovica jeho sez\u00f3ny v\u00a0Bruseli tomu aj nasved\u010dovala.<\/p>\n<p>Av\u0161ak v\u00a0zime si privodil v\u00e1\u017ene zranenie kolena a\u00a0jeho \u0161ance na \u00faspe\u0161n\u00fa sez\u00f3nu ostali na nulovej hodnote. Ak sa k\u00a0tomu prir\u00e1taj\u00fa obvinenia hr\u00e1\u010da smerom k\u00a0ned\u00f4vere tr\u00e9nera v\u00a0jeho schopnosti po zotaven\u00ed, n\u00e1deje Evertonians o\u00a0novej posile sa pomaly za\u010dali rozpl\u00fdva\u0165. \u00darady potom u\u017e len potvrdili, \u017ee Nig\u00e9rijec mus\u00ed od\u00eds\u0165 na \u010fal\u0161ie hos\u0165ovanie.<\/p>\n<p>To u\u017e vy\u0161lo v\u00a0tureckom Galatasarayi na v\u00fdborn\u00fa a\u00a0Henry si prip\u00edsal particip\u00e1ciu na \u0161tyridsiatich \u0161tyroch z\u00e1pasoch, v\u00a0ktor\u00fdch strelil \u0161estn\u00e1s\u0165 g\u00f3lov a\u00a0na \u010fal\u0161\u00edch \u0161es\u0165 prihral. S\u00a0n\u00e1rodn\u00fdm v\u00fdberom sa dokonca z\u00fa\u010dastnil aj na tohtoro\u010dnom Africkom poh\u00e1ri n\u00e1rodov. Av\u0161ak op\u00e4\u0165 sa vynorili nezhody z\u00a0autoritami a\u00a0Henry sa tak dostal na tr\u00e1vnik len na dvan\u00e1s\u0165 min\u00fat pri prehre s\u00a0Al\u017e\u00edrskom.<\/p>\n<p>Povolenie op\u00e4\u0165 neudelen\u00e9 a\u00a0Brands ostal s\u00a0jasnou \u00falohou. Zbavi\u0165 sa nekone\u010dn\u00e9ho pr\u00edbehu. Z\u00e1ujem prejavili v\u00a0Turecku, len\u017ee ich probl\u00e9my s\u00a0financiami znamenali obrat situ\u00e1cie a\u00a0prestup do Monaka, ktor\u00e9 si mohlo dovoli\u0165 cenovku Evertonu. T\u00e1 by mala \u010dini\u0165 13 mili\u00f3nov libier za st\u00e1le mlad\u00fd a\u00a0st\u00e1le talent. Sn\u00e1\u010f teda Everton neobanuje o\u00a0p\u00e1r rokov na nedostatok trpezlivosti.<\/p>\n<p style=\"text-align: right;\"><em>(foto zdroj: asmonaco.com)<\/em><\/p>\n","protected":false},"excerpt":{"rendered":"<p>Hr\u00e1\u010d, ktor\u00fd za Everton neodohral ani sekundu, men\u00ed svojho trval\u00e9ho zamestn\u00e1vate\u013ea. Jeho nov\u00fdm matersk\u00fdm klubom bude od dne\u0161n\u00e9ho d\u0148a AS Monako.<\/p>\n","protected":false},"author":1,"featured_media":9013,"comment_status":"open","ping_status":"closed","sticky":false,"template":"","format":"standard","meta":{"_eb_attr":"","_monsterinsights_skip_tracking":false,"_monsterinsights_sitenote_active":false,"_monsterinsights_sitenote_note":"","_monsterinsights_sitenote_category":0,"footnotes":""},"categories":[41],"tags":[],"yoast_head":"<!-- This site is optimized with the Yoast SEO plugin v23.4 - https:\/\/yoast.com\/wordpress\/plugins\/seo\/ -->\n<title>Monako dotiahlo prestup Onyekuruho - Official Czech &amp; Slovak Everton Supporters&#039; Club<\/title>\n<meta name=\"robots\" content=\"index, follow, max-snippet:-1, max-image-preview:large, max-video-preview:-1\" \/>\n<link rel=\"canonical\" href=\"https:\/\/evertonfc.cz\/index.php\/2019\/08\/12\/monako-dotiahlo-prestup-onyekuruho\/\" \/>\n<meta property=\"og:locale\" content=\"cs_CZ\" \/>\n<meta property=\"og:type\" content=\"article\" \/>\n<meta property=\"og:title\" content=\"Monako dotiahlo prestup Onyekuruho - Official Czech &amp; Slovak Everton Supporters&#039; Club\" \/>\n<meta property=\"og:description\" content=\"Hr\u00e1\u010d, ktor\u00fd za Everton neodohral ani sekundu, men\u00ed svojho trval\u00e9ho zamestn\u00e1vate\u013ea. Jeho nov\u00fdm matersk\u00fdm klubom bude od dne\u0161n\u00e9ho d\u0148a AS Monako.\" \/>\n<meta property=\"og:url\" content=\"https:\/\/evertonfc.cz\/index.php\/2019\/08\/12\/monako-dotiahlo-prestup-onyekuruho\/\" \/>\n<meta property=\"og:site_name\" content=\"Official Czech &amp; Slovak Everton Supporters&#039; Club\" \/>\n<meta property=\"article:publisher\" content=\"https:\/\/www.facebook.com\/everton.fans.cz.sk\" \/>\n<meta property=\"article:published_time\" content=\"2019-08-12T20:56:29+00:00\" \/>\n<meta property=\"article:modified_time\" content=\"2020-03-25T18:51:44+00:00\" \/>\n<meta property=\"og:image\" content=\"https:\/\/evertonfc.cz\/wp-content\/uploads\/2019\/08\/onyekuru-12-8-2019.jpg\" \/>\n\t<meta property=\"og:image:width\" content=\"720\" \/>\n\t<meta property=\"og:image:height\" content=\"405\" \/>\n\t<meta property=\"og:image:type\" content=\"image\/jpeg\" \/>\n<meta name=\"author\" content=\"BlueBlooded\" \/>\n<meta name=\"twitter:card\" content=\"summary_large_image\" \/>\n<meta name=\"twitter:label1\" content=\"Napsal(a)\" \/>\n\t<meta name=\"twitter:data1\" content=\"BlueBlooded\" \/>\n\t<meta name=\"twitter:label2\" content=\"Odhadovan\u00e1 doba \u010dten\u00ed\" \/>\n\t<meta name=\"twitter:data2\" content=\"2 minuty\" \/>\n<script type=\"application\/ld+json\" class=\"yoast-schema-graph\">{\"@context\":\"https:\/\/schema.org\",\"@graph\":[{\"@type\":\"Article\",\"@id\":\"https:\/\/evertonfc.cz\/index.php\/2019\/08\/12\/monako-dotiahlo-prestup-onyekuruho\/#article\",\"isPartOf\":{\"@id\":\"https:\/\/evertonfc.cz\/index.php\/2019\/08\/12\/monako-dotiahlo-prestup-onyekuruho\/\"},\"author\":{\"name\":\"BlueBlooded\",\"@id\":\"https:\/\/evertonfc.cz\/#\/schema\/person\/d4493b8cbea51532597fbc4685698916\"},\"headline\":\"Monako dotiahlo prestup Onyekuruho\",\"datePublished\":\"2019-08-12T20:56:29+00:00\",\"dateModified\":\"2020-03-25T18:51:44+00:00\",\"mainEntityOfPage\":{\"@id\":\"https:\/\/evertonfc.cz\/index.php\/2019\/08\/12\/monako-dotiahlo-prestup-onyekuruho\/\"},\"wordCount\":406,\"commentCount\":0,\"publisher\":{\"@id\":\"https:\/\/evertonfc.cz\/#organization\"},\"image\":{\"@id\":\"https:\/\/evertonfc.cz\/index.php\/2019\/08\/12\/monako-dotiahlo-prestup-onyekuruho\/#primaryimage\"},\"thumbnailUrl\":\"https:\/\/evertonfc.cz\/wp-content\/uploads\/2019\/08\/onyekuru-12-8-2019.jpg\",\"articleSection\":[\"P\u0159estupy\"],\"inLanguage\":\"cs\",\"potentialAction\":[{\"@type\":\"CommentAction\",\"name\":\"Comment\",\"target\":[\"https:\/\/evertonfc.cz\/index.php\/2019\/08\/12\/monako-dotiahlo-prestup-onyekuruho\/#respond\"]}]},{\"@type\":\"WebPage\",\"@id\":\"https:\/\/evertonfc.cz\/index.php\/2019\/08\/12\/monako-dotiahlo-prestup-onyekuruho\/\",\"url\":\"https:\/\/evertonfc.cz\/index.php\/2019\/08\/12\/monako-dotiahlo-prestup-onyekuruho\/\",\"name\":\"Monako dotiahlo prestup Onyekuruho - Official Czech &amp; Slovak Everton Supporters&#039; Club\",\"isPartOf\":{\"@id\":\"https:\/\/evertonfc.cz\/#website\"},\"primaryImageOfPage\":{\"@id\":\"https:\/\/evertonfc.cz\/index.php\/2019\/08\/12\/monako-dotiahlo-prestup-onyekuruho\/#primaryimage\"},\"image\":{\"@id\":\"https:\/\/evertonfc.cz\/index.php\/2019\/08\/12\/monako-dotiahlo-prestup-onyekuruho\/#primaryimage\"},\"thumbnailUrl\":\"https:\/\/evertonfc.cz\/wp-content\/uploads\/2019\/08\/onyekuru-12-8-2019.jpg\",\"datePublished\":\"2019-08-12T20:56:29+00:00\",\"dateModified\":\"2020-03-25T18:51:44+00:00\",\"breadcrumb\":{\"@id\":\"https:\/\/evertonfc.cz\/index.php\/2019\/08\/12\/monako-dotiahlo-prestup-onyekuruho\/#breadcrumb\"},\"inLanguage\":\"cs\",\"potentialAction\":[{\"@type\":\"ReadAction\",\"target\":[\"https:\/\/evertonfc.cz\/index.php\/2019\/08\/12\/monako-dotiahlo-prestup-onyekuruho\/\"]}]},{\"@type\":\"ImageObject\",\"inLanguage\":\"cs\",\"@id\":\"https:\/\/evertonfc.cz\/index.php\/2019\/08\/12\/monako-dotiahlo-prestup-onyekuruho\/#primaryimage\",\"url\":\"https:\/\/evertonfc.cz\/wp-content\/uploads\/2019\/08\/onyekuru-12-8-2019.jpg\",\"contentUrl\":\"https:\/\/evertonfc.cz\/wp-content\/uploads\/2019\/08\/onyekuru-12-8-2019.jpg\",\"width\":720,\"height\":405},{\"@type\":\"BreadcrumbList\",\"@id\":\"https:\/\/evertonfc.cz\/index.php\/2019\/08\/12\/monako-dotiahlo-prestup-onyekuruho\/#breadcrumb\",\"itemListElement\":[{\"@type\":\"ListItem\",\"position\":1,\"name\":\"Home\",\"item\":\"https:\/\/evertonfc.cz\/\"},{\"@type\":\"ListItem\",\"position\":2,\"name\":\"Monako dotiahlo prestup Onyekuruho\"}]},{\"@type\":\"WebSite\",\"@id\":\"https:\/\/evertonfc.cz\/#website\",\"url\":\"https:\/\/evertonfc.cz\/\",\"name\":\"Official Czech &amp; Slovak Everton Supporters&#039; Club\",\"description\":\"\",\"publisher\":{\"@id\":\"https:\/\/evertonfc.cz\/#organization\"},\"potentialAction\":[{\"@type\":\"SearchAction\",\"target\":{\"@type\":\"EntryPoint\",\"urlTemplate\":\"https:\/\/evertonfc.cz\/?s={search_term_string}\"},\"query-input\":{\"@type\":\"PropertyValueSpecification\",\"valueRequired\":true,\"valueName\":\"search_term_string\"}}],\"inLanguage\":\"cs\"},{\"@type\":\"Organization\",\"@id\":\"https:\/\/evertonfc.cz\/#organization\",\"name\":\"Official Czech & Slovak Everton Supporters' Club\",\"url\":\"https:\/\/evertonfc.cz\/\",\"logo\":{\"@type\":\"ImageObject\",\"inLanguage\":\"cs\",\"@id\":\"https:\/\/evertonfc.cz\/#\/schema\/logo\/image\/\",\"url\":\"https:\/\/evertonfc.cz\/wp-content\/uploads\/2019\/05\/logo.png\",\"contentUrl\":\"https:\/\/evertonfc.cz\/wp-content\/uploads\/2019\/05\/logo.png\",\"width\":112,\"height\":112,\"caption\":\"Official Czech & Slovak Everton Supporters' Club\"},\"image\":{\"@id\":\"https:\/\/evertonfc.cz\/#\/schema\/logo\/image\/\"},\"sameAs\":[\"https:\/\/www.facebook.com\/everton.fans.cz.sk\"]},{\"@type\":\"Person\",\"@id\":\"https:\/\/evertonfc.cz\/#\/schema\/person\/d4493b8cbea51532597fbc4685698916\",\"name\":\"BlueBlooded\",\"url\":\"https:\/\/evertonfc.cz\/index.php\/author\/admin\/\"}]}<\/script>\n<!-- \/ Yoast SEO plugin. -->","yoast_head_json":{"title":"Monako dotiahlo prestup Onyekuruho - Official Czech &amp; Slovak Everton Supporters&#039; Club","robots":{"index":"index","follow":"follow","max-snippet":"max-snippet:-1","max-image-preview":"max-image-preview:large","max-video-preview":"max-video-preview:-1"},"canonical":"https:\/\/evertonfc.cz\/index.php\/2019\/08\/12\/monako-dotiahlo-prestup-onyekuruho\/","og_locale":"cs_CZ","og_type":"article","og_title":"Monako dotiahlo prestup Onyekuruho - Official Czech &amp; Slovak Everton Supporters&#039; Club","og_description":"Hr\u00e1\u010d, ktor\u00fd za Everton neodohral ani sekundu, men\u00ed svojho trval\u00e9ho zamestn\u00e1vate\u013ea. Jeho nov\u00fdm matersk\u00fdm klubom bude od dne\u0161n\u00e9ho d\u0148a AS Monako.","og_url":"https:\/\/evertonfc.cz\/index.php\/2019\/08\/12\/monako-dotiahlo-prestup-onyekuruho\/","og_site_name":"Official Czech &amp; Slovak Everton Supporters&#039; Club","article_publisher":"https:\/\/www.facebook.com\/everton.fans.cz.sk","article_published_time":"2019-08-12T20:56:29+00:00","article_modified_time":"2020-03-25T18:51:44+00:00","og_image":[{"width":720,"height":405,"url":"https:\/\/evertonfc.cz\/wp-content\/uploads\/2019\/08\/onyekuru-12-8-2019.jpg","type":"image\/jpeg"}],"author":"BlueBlooded","twitter_card":"summary_large_image","twitter_misc":{"Napsal(a)":"BlueBlooded","Odhadovan\u00e1 doba \u010dten\u00ed":"2 minuty"},"schema":{"@context":"https:\/\/schema.org","@graph":[{"@type":"Article","@id":"https:\/\/evertonfc.cz\/index.php\/2019\/08\/12\/monako-dotiahlo-prestup-onyekuruho\/#article","isPartOf":{"@id":"https:\/\/evertonfc.cz\/index.php\/2019\/08\/12\/monako-dotiahlo-prestup-onyekuruho\/"},"author":{"name":"BlueBlooded","@id":"https:\/\/evertonfc.cz\/#\/schema\/person\/d4493b8cbea51532597fbc4685698916"},"headline":"Monako dotiahlo prestup Onyekuruho","datePublished":"2019-08-12T20:56:29+00:00","dateModified":"2020-03-25T18:51:44+00:00","mainEntityOfPage":{"@id":"https:\/\/evertonfc.cz\/index.php\/2019\/08\/12\/monako-dotiahlo-prestup-onyekuruho\/"},"wordCount":406,"commentCount":0,"publisher":{"@id":"https:\/\/evertonfc.cz\/#organization"},"image":{"@id":"https:\/\/evertonfc.cz\/index.php\/2019\/08\/12\/monako-dotiahlo-prestup-onyekuruho\/#primaryimage"},"thumbnailUrl":"https:\/\/evertonfc.cz\/wp-content\/uploads\/2019\/08\/onyekuru-12-8-2019.jpg","articleSection":["P\u0159estupy"],"inLanguage":"cs","potentialAction":[{"@type":"CommentAction","name":"Comment","target":["https:\/\/evertonfc.cz\/index.php\/2019\/08\/12\/monako-dotiahlo-prestup-onyekuruho\/#respond"]}]},{"@type":"WebPage","@id":"https:\/\/evertonfc.cz\/index.php\/2019\/08\/12\/monako-dotiahlo-prestup-onyekuruho\/","url":"https:\/\/evertonfc.cz\/index.php\/2019\/08\/12\/monako-dotiahlo-prestup-onyekuruho\/","name":"Monako dotiahlo prestup Onyekuruho - Official Czech &amp; Slovak Everton Supporters&#039; Club","isPartOf":{"@id":"https:\/\/evertonfc.cz\/#website"},"primaryImageOfPage":{"@id":"https:\/\/evertonfc.cz\/index.php\/2019\/08\/12\/monako-dotiahlo-prestup-onyekuruho\/#primaryimage"},"image":{"@id":"https:\/\/evertonfc.cz\/index.php\/2019\/08\/12\/monako-dotiahlo-prestup-onyekuruho\/#primaryimage"},"thumbnailUrl":"https:\/\/evertonfc.cz\/wp-content\/uploads\/2019\/08\/onyekuru-12-8-2019.jpg","datePublished":"2019-08-12T20:56:29+00:00","dateModified":"2020-03-25T18:51:44+00:00","breadcrumb":{"@id":"https:\/\/evertonfc.cz\/index.php\/2019\/08\/12\/monako-dotiahlo-prestup-onyekuruho\/#breadcrumb"},"inLanguage":"cs","potentialAction":[{"@type":"ReadAction","target":["https:\/\/evertonfc.cz\/index.php\/2019\/08\/12\/monako-dotiahlo-prestup-onyekuruho\/"]}]},{"@type":"ImageObject","inLanguage":"cs","@id":"https:\/\/evertonfc.cz\/index.php\/2019\/08\/12\/monako-dotiahlo-prestup-onyekuruho\/#primaryimage","url":"https:\/\/evertonfc.cz\/wp-content\/uploads\/2019\/08\/onyekuru-12-8-2019.jpg","contentUrl":"https:\/\/evertonfc.cz\/wp-content\/uploads\/2019\/08\/onyekuru-12-8-2019.jpg","width":720,"height":405},{"@type":"BreadcrumbList","@id":"https:\/\/evertonfc.cz\/index.php\/2019\/08\/12\/monako-dotiahlo-prestup-onyekuruho\/#breadcrumb","itemListElement":[{"@type":"ListItem","position":1,"name":"Home","item":"https:\/\/evertonfc.cz\/"},{"@type":"ListItem","position":2,"name":"Monako dotiahlo prestup Onyekuruho"}]},{"@type":"WebSite","@id":"https:\/\/evertonfc.cz\/#website","url":"https:\/\/evertonfc.cz\/","name":"Official Czech &amp; Slovak Everton Supporters&#039; Club","description":"","publisher":{"@id":"https:\/\/evertonfc.cz\/#organization"},"potentialAction":[{"@type":"SearchAction","target":{"@type":"EntryPoint","urlTemplate":"https:\/\/evertonfc.cz\/?s={search_term_string}"},"query-input":{"@type":"PropertyValueSpecification","valueRequired":true,"valueName":"search_term_string"}}],"inLanguage":"cs"},{"@type":"Organization","@id":"https:\/\/evertonfc.cz\/#organization","name":"Official Czech & Slovak Everton Supporters' Club","url":"https:\/\/evertonfc.cz\/","logo":{"@type":"ImageObject","inLanguage":"cs","@id":"https:\/\/evertonfc.cz\/#\/schema\/logo\/image\/","url":"https:\/\/evertonfc.cz\/wp-content\/uploads\/2019\/05\/logo.png","contentUrl":"https:\/\/evertonfc.cz\/wp-content\/uploads\/2019\/05\/logo.png","width":112,"height":112,"caption":"Official Czech & Slovak Everton Supporters' Club"},"image":{"@id":"https:\/\/evertonfc.cz\/#\/schema\/logo\/image\/"},"sameAs":["https:\/\/www.facebook.com\/everton.fans.cz.sk"]},{"@type":"Person","@id":"https:\/\/evertonfc.cz\/#\/schema\/person\/d4493b8cbea51532597fbc4685698916","name":"BlueBlooded","url":"https:\/\/evertonfc.cz\/index.php\/author\/admin\/"}]}},"_links":{"self":[{"href":"https:\/\/evertonfc.cz\/index.php\/wp-json\/wp\/v2\/posts\/9012"}],"collection":[{"href":"https:\/\/evertonfc.cz\/index.php\/wp-json\/wp\/v2\/posts"}],"about":[{"href":"https:\/\/evertonfc.cz\/index.php\/wp-json\/wp\/v2\/types\/post"}],"author":[{"embeddable":true,"href":"https:\/\/evertonfc.cz\/index.php\/wp-json\/wp\/v2\/users\/1"}],"replies":[{"embeddable":true,"href":"https:\/\/evertonfc.cz\/index.php\/wp-json\/wp\/v2\/comments?post=9012"}],"version-history":[{"count":3,"href":"https:\/\/evertonfc.cz\/index.php\/wp-json\/wp\/v2\/posts\/9012\/revisions"}],"predecessor-version":[{"id":10590,"href":"https:\/\/evertonfc.cz\/index.php\/wp-json\/wp\/v2\/posts\/9012\/revisions\/10590"}],"wp:featuredmedia":[{"embeddable":true,"href":"https:\/\/evertonfc.cz\/index.php\/wp-json\/wp\/v2\/media\/9013"}],"wp:attachment":[{"href":"https:\/\/evertonfc.cz\/index.php\/wp-json\/wp\/v2\/media?parent=9012"}],"wp:term":[{"taxonomy":"category","embeddable":true,"href":"https:\/\/evertonfc.cz\/index.php\/wp-json\/wp\/v2\/categories?post=9012"},{"taxonomy":"post_tag","embeddable":true,"href":"https:\/\/evertonfc.cz\/index.php\/wp-json\/wp\/v2\/tags?post=9012"}],"curies":[{"name":"wp","href":"https:\/\/api.w.org\/{rel}","templated":true}]}}