{"id":9021,"date":"2019-08-17T12:07:36","date_gmt":"2019-08-17T10:07:36","guid":{"rendered":"https:\/\/evertonfc.cz\/?p=9021"},"modified":"2019-08-17T15:08:54","modified_gmt":"2019-08-17T13:08:54","slug":"preview-everton-watford-17-8-2019","status":"publish","type":"post","link":"https:\/\/evertonfc.cz\/index.php\/2019\/08\/17\/preview-everton-watford-17-8-2019\/","title":{"rendered":"Preview: Everton &#8211; Watford"},"content":{"rendered":"<h4>Prvn\u00ed dom\u00e1c\u00ed z\u00e1pas by se slu\u0161elo vyhr\u00e1t. Zvl\u00e1\u0161\u0165 po sp\u00ed\u0161e nic moc v\u00fdkonu na h\u0159i\u0161ti Eagles.<\/h4>\n<p>Nov\u00fd ro\u010dn\u00edk PL u\u017e dorazil na Goodison Park. Prvn\u00edmi hosty budou p\u00e1nov\u00e9 z Watfordu, t\u00fdm, se kter\u00fdm kv\u016fli Richarlisonovi m\u00e1me pravd\u011bpodobn\u011b nejhor\u0161\u00ed vztahy v cel\u00e9 lize (region\u00e1ln\u00ed rivalitu nepo\u010d\u00edt\u00e1m). Oba t\u00fdmy maj\u00ed za sebou jeden z\u00e1pas, tak\u017ee nem\u00e1 smysl d\u011blat n\u011bjak\u00e9 z\u00e1v\u011bry. Nicm\u00e9n\u011b Hornets za\u010dali opravdu \u0161patn\u011b, prohr\u00e1li 0:3 doma s Brightonem, t\u00fdmem, kter\u00fd ur\u010dit\u011b nen\u00ed v\u00fdrazn\u011b siln\u011bj\u0161\u00ed ne\u017e oni. Everton je na tom o trochu l\u00e9pe, branku v Selhurst Parku nedostal, tak si aspo\u0148 odvezl bod za bezbrankovou rem\u00edzu.<\/p>\n<p>I letos cht\u011bli Toffees jednoho plejera z Watfordu. Nab\u00eddli za francouzsk\u00e9ho z\u00e1lo\u017en\u00edka Doucour\u00e9ho 32 milion\u016f liber. Hornets jim \u0159ekli, \u017ee je to m\u00e1lo a mus\u00ed svou nab\u00eddku zv\u00fd\u0161it. T\u00edm komunikace skon\u010dila, tak\u017ee \u017eluto\u010derven\u00e1 \u0161estn\u00e1ctka se nikam nest\u011bhovala. T\u00fdm pos\u00edlil o zaj\u00edmav\u00e1 jm\u00e9na. Z Rennes p\u0159i\u0161el za klubov\u00fd rekord 27 milion\u016f liber k\u0159\u00eddeln\u00edk Sarr, z WBA byl podeps\u00e1n zku\u0161en\u00fd stoper Dawson a na z\u00e1v\u011br p\u0159estupn\u00edho obdob\u00ed se poda\u0159ilo z\u00edskat zadarmo z Arsenalu\u00a0 hro\u0165\u00e1ka Welbecka. Odchody? Lukebakio do Herthy Berl\u00edn a Sinclair byl posl\u00e1n na hostov\u00e1n\u00ed do VVV Venlo.<\/p>\n<p>A \u017ee je v leto\u0161n\u00ed sez\u00f3n\u011b na co navazovat. Ligov\u00e9 um\u00edst\u011bn\u00ed nebylo kdov\u00edjak\u00e9, pouze 11. m\u00edsto. Jen\u017ee se velmi zada\u0159ilo v Anglick\u00e9m poh\u00e1ru, Watford pro\u0161el a\u017e do fin\u00e1le (pravda, prohra 0:6 s Manchesterem City dojem z jinak poveden\u00e9ho vystoupen\u00ed v sout\u011b\u017ei pokazila). Veden\u00ed odm\u011bnilo mana\u017eera Garciu prodlou\u017een\u00edm smlouvy do roku 2023. Kapit\u00e1nem t\u00fdmu je klubov\u00e1 legenda Deeney a v klubu jsou i dva b\u00fdval\u00ed hr\u00e1\u010di Evertonu &#8211; Cleverley a Deulofeu.<\/p>\n<p>Pr\u00e1v\u011b ten kv\u016fli \u017ealude\u010dn\u00edm probl\u00e9m\u016fm odehr\u00e1l minule jen prvn\u00ed polo\u010das. Nyn\u00ed je ji\u017e v po\u0159\u00e1dku a jeho nastoupen\u00ed v z\u00e1kladn\u00ed sestav\u011b by nep\u0159ekvapilo. Dal\u0161\u00edmi absent\u00e9ry budou Pe\u0148aranda, kter\u00fd kv\u016fli zran\u011bn\u00e9mu stehnu ani netr\u00e9nuje s t\u00fdmem a pr\u00e1v\u011b rekordn\u00ed posila klubu Sarr. Ten je s t\u00fdmem po vy\u0159\u00edzen\u00ed pracovn\u00edho povolen\u00ed teprve od st\u0159edy a na jeho nasazen\u00ed je brzy. Naopak Welbeck by mohl b\u00fdt nominov\u00e1n k z\u00e1pasu, aspo\u0148 na lavi\u010dku.<\/p>\n<p>Everton m\u00e1 taky sv\u00e9 padl\u00e9. Zran\u011bn\u00e9 stehno nepust\u00ed do utk\u00e1n\u00ed Delpha a jednoz\u00e1pasov\u00fd trest za spr\u00e1vn\u011b ud\u011blenou \u010dervenou kartu si mus\u00ed odpykat Schneiderlin. A proto\u017ee si zranil kotn\u00edk Gomes (ofici\u00e1ln\u011b se o jeho startu rozhodne p\u0159ed z\u00e1pasem), tak je docela mo\u017en\u00e9 (a nejsp\u00ed\u0161 i pravd\u011bpodobn\u00e9), \u017ee na obrann\u00e9m z\u00e1lo\u017en\u00edkovi nastoup\u00ed nesehran\u00e9 duo Davies-Gbamin, tedy dvojice, kter\u00e1 dohr\u00e1vala utk\u00e1n\u00ed v Selhurst Parku.<\/p>\n<p>Variantou je t\u00e9\u017e nechat Gbamina na lavi\u010dce, posunout Sigurdssona dozadu vedle Daviese a na jeho obvyklou pozici vysunout Iwobiho. A zat\u00edmco brank\u00e1\u0159 a obrana se m\u011bnit nebudou (nen\u00ed pro\u010d), tak v \u00fatoku m\u016f\u017ee nastoupit ke sv\u00e9mu debutu od prvn\u00ed minuty Kean. Je to varianta, kter\u00e1 se nab\u00edz\u00ed, DCL um\u00ed dob\u0159e zam\u011bstnat obranu\/stopery, ale nen\u00ed kdov\u00edjak g\u00f3lov\u00fd.<\/p>\n<p>P. S. Oce\u0148uji, \u017ee ve Watfordu ji\u017e nehraj\u00ed p\u0159i n\u00e1stupu na h\u0159\u00ed\u0161t\u011b Z Cars, ale I\u00b4m still standing od b\u00fdval\u00e9ho majitele.<\/p>\n<p><strong>Co:\u00a0<\/strong>Everton FC &#8211; Watford FC<\/p>\n<p><strong>Kdy:\u00a0<\/strong>17. 8. 2019 od 16:00, 2. kolo Premier League<\/p>\n<p><strong>TV:\u00a0<\/strong>Tentokr\u00e1t ne, ani z\u00e1znam.<\/p>\n<p><strong>Kde:\u00a0<\/strong>Goodison Park, Liverpool<\/p>\n<p><strong>Rozhod\u010d\u00ed: <\/strong>Lee Mason &#8211; <strong>\u00a0<\/strong>Matthew Wilkes, Mark Scholes <strong>\u010ctvrt\u00fd rozhod\u010d\u00ed: <\/strong>Scott Oldham<br \/>\n<strong>Videorozhod\u010d\u00ed: <\/strong>Kevin Friend <strong>Asistent videorozhod\u010d\u00edho: <\/strong>Marc Perry<\/p>\n","protected":false},"excerpt":{"rendered":"<p>Prvn\u00ed dom\u00e1c\u00ed z\u00e1pas by se slu\u0161elo vyhr\u00e1t. Zvl\u00e1\u0161\u0165 po sp\u00ed\u0161e nic moc v\u00fdkonu na h\u0159i\u0161ti Eagles.<\/p>\n","protected":false},"author":12,"featured_media":9027,"comment_status":"open","ping_status":"closed","sticky":false,"template":"","format":"standard","meta":{"_eb_attr":"","_monsterinsights_skip_tracking":false,"_monsterinsights_sitenote_active":false,"_monsterinsights_sitenote_note":"","_monsterinsights_sitenote_category":0,"footnotes":""},"categories":[4],"tags":[],"yoast_head":"<!-- This site is optimized with the Yoast SEO plugin v23.4 - https:\/\/yoast.com\/wordpress\/plugins\/seo\/ -->\n<title>Preview: Everton - Watford - Official Czech &amp; Slovak Everton Supporters&#039; Club<\/title>\n<meta name=\"robots\" content=\"index, follow, max-snippet:-1, max-image-preview:large, max-video-preview:-1\" \/>\n<link rel=\"canonical\" href=\"https:\/\/evertonfc.cz\/index.php\/2019\/08\/17\/preview-everton-watford-17-8-2019\/\" \/>\n<meta property=\"og:locale\" content=\"cs_CZ\" \/>\n<meta property=\"og:type\" content=\"article\" \/>\n<meta property=\"og:title\" content=\"Preview: Everton - Watford - Official Czech &amp; Slovak Everton Supporters&#039; Club\" \/>\n<meta property=\"og:description\" content=\"Prvn\u00ed dom\u00e1c\u00ed z\u00e1pas by se slu\u0161elo vyhr\u00e1t. Zvl\u00e1\u0161\u0165 po sp\u00ed\u0161e nic moc v\u00fdkonu na h\u0159i\u0161ti Eagles.\" \/>\n<meta property=\"og:url\" content=\"https:\/\/evertonfc.cz\/index.php\/2019\/08\/17\/preview-everton-watford-17-8-2019\/\" \/>\n<meta property=\"og:site_name\" content=\"Official Czech &amp; Slovak Everton Supporters&#039; Club\" \/>\n<meta property=\"article:publisher\" content=\"https:\/\/www.facebook.com\/everton.fans.cz.sk\" \/>\n<meta property=\"article:published_time\" content=\"2019-08-17T10:07:36+00:00\" \/>\n<meta property=\"article:modified_time\" content=\"2019-08-17T13:08:54+00:00\" \/>\n<meta property=\"og:image\" content=\"https:\/\/evertonfc.cz\/wp-content\/uploads\/2019\/08\/Everton-vs-Watford-17-8-2019.jpg\" \/>\n\t<meta property=\"og:image:width\" content=\"720\" \/>\n\t<meta property=\"og:image:height\" content=\"405\" \/>\n\t<meta property=\"og:image:type\" content=\"image\/jpeg\" \/>\n<meta name=\"author\" content=\"Javor\" \/>\n<meta name=\"twitter:card\" content=\"summary_large_image\" \/>\n<meta name=\"twitter:creator\" content=\"@LoudinJan\" \/>\n<meta name=\"twitter:label1\" content=\"Napsal(a)\" \/>\n\t<meta name=\"twitter:data1\" content=\"Javor\" \/>\n\t<meta name=\"twitter:label2\" content=\"Odhadovan\u00e1 doba \u010dten\u00ed\" \/>\n\t<meta name=\"twitter:data2\" content=\"3 minuty\" \/>\n<script type=\"application\/ld+json\" class=\"yoast-schema-graph\">{\"@context\":\"https:\/\/schema.org\",\"@graph\":[{\"@type\":\"Article\",\"@id\":\"https:\/\/evertonfc.cz\/index.php\/2019\/08\/17\/preview-everton-watford-17-8-2019\/#article\",\"isPartOf\":{\"@id\":\"https:\/\/evertonfc.cz\/index.php\/2019\/08\/17\/preview-everton-watford-17-8-2019\/\"},\"author\":{\"name\":\"Javor\",\"@id\":\"https:\/\/evertonfc.cz\/#\/schema\/person\/b30daf6a5852f4811f8207a17ec1bf78\"},\"headline\":\"Preview: Everton &#8211; Watford\",\"datePublished\":\"2019-08-17T10:07:36+00:00\",\"dateModified\":\"2019-08-17T13:08:54+00:00\",\"mainEntityOfPage\":{\"@id\":\"https:\/\/evertonfc.cz\/index.php\/2019\/08\/17\/preview-everton-watford-17-8-2019\/\"},\"wordCount\":658,\"commentCount\":4,\"publisher\":{\"@id\":\"https:\/\/evertonfc.cz\/#organization\"},\"image\":{\"@id\":\"https:\/\/evertonfc.cz\/index.php\/2019\/08\/17\/preview-everton-watford-17-8-2019\/#primaryimage\"},\"thumbnailUrl\":\"https:\/\/evertonfc.cz\/wp-content\/uploads\/2019\/08\/Everton-vs-Watford-17-8-2019.jpg\",\"articleSection\":[\"Z\u00e1pasy\"],\"inLanguage\":\"cs\",\"potentialAction\":[{\"@type\":\"CommentAction\",\"name\":\"Comment\",\"target\":[\"https:\/\/evertonfc.cz\/index.php\/2019\/08\/17\/preview-everton-watford-17-8-2019\/#respond\"]}]},{\"@type\":\"WebPage\",\"@id\":\"https:\/\/evertonfc.cz\/index.php\/2019\/08\/17\/preview-everton-watford-17-8-2019\/\",\"url\":\"https:\/\/evertonfc.cz\/index.php\/2019\/08\/17\/preview-everton-watford-17-8-2019\/\",\"name\":\"Preview: Everton - Watford - Official Czech &amp; Slovak Everton Supporters&#039; Club\",\"isPartOf\":{\"@id\":\"https:\/\/evertonfc.cz\/#website\"},\"primaryImageOfPage\":{\"@id\":\"https:\/\/evertonfc.cz\/index.php\/2019\/08\/17\/preview-everton-watford-17-8-2019\/#primaryimage\"},\"image\":{\"@id\":\"https:\/\/evertonfc.cz\/index.php\/2019\/08\/17\/preview-everton-watford-17-8-2019\/#primaryimage\"},\"thumbnailUrl\":\"https:\/\/evertonfc.cz\/wp-content\/uploads\/2019\/08\/Everton-vs-Watford-17-8-2019.jpg\",\"datePublished\":\"2019-08-17T10:07:36+00:00\",\"dateModified\":\"2019-08-17T13:08:54+00:00\",\"breadcrumb\":{\"@id\":\"https:\/\/evertonfc.cz\/index.php\/2019\/08\/17\/preview-everton-watford-17-8-2019\/#breadcrumb\"},\"inLanguage\":\"cs\",\"potentialAction\":[{\"@type\":\"ReadAction\",\"target\":[\"https:\/\/evertonfc.cz\/index.php\/2019\/08\/17\/preview-everton-watford-17-8-2019\/\"]}]},{\"@type\":\"ImageObject\",\"inLanguage\":\"cs\",\"@id\":\"https:\/\/evertonfc.cz\/index.php\/2019\/08\/17\/preview-everton-watford-17-8-2019\/#primaryimage\",\"url\":\"https:\/\/evertonfc.cz\/wp-content\/uploads\/2019\/08\/Everton-vs-Watford-17-8-2019.jpg\",\"contentUrl\":\"https:\/\/evertonfc.cz\/wp-content\/uploads\/2019\/08\/Everton-vs-Watford-17-8-2019.jpg\",\"width\":720,\"height\":405},{\"@type\":\"BreadcrumbList\",\"@id\":\"https:\/\/evertonfc.cz\/index.php\/2019\/08\/17\/preview-everton-watford-17-8-2019\/#breadcrumb\",\"itemListElement\":[{\"@type\":\"ListItem\",\"position\":1,\"name\":\"Home\",\"item\":\"https:\/\/evertonfc.cz\/\"},{\"@type\":\"ListItem\",\"position\":2,\"name\":\"Preview: Everton &#8211; Watford\"}]},{\"@type\":\"WebSite\",\"@id\":\"https:\/\/evertonfc.cz\/#website\",\"url\":\"https:\/\/evertonfc.cz\/\",\"name\":\"Official Czech &amp; Slovak Everton Supporters&#039; Club\",\"description\":\"\",\"publisher\":{\"@id\":\"https:\/\/evertonfc.cz\/#organization\"},\"potentialAction\":[{\"@type\":\"SearchAction\",\"target\":{\"@type\":\"EntryPoint\",\"urlTemplate\":\"https:\/\/evertonfc.cz\/?s={search_term_string}\"},\"query-input\":{\"@type\":\"PropertyValueSpecification\",\"valueRequired\":true,\"valueName\":\"search_term_string\"}}],\"inLanguage\":\"cs\"},{\"@type\":\"Organization\",\"@id\":\"https:\/\/evertonfc.cz\/#organization\",\"name\":\"Official Czech & Slovak Everton Supporters' Club\",\"url\":\"https:\/\/evertonfc.cz\/\",\"logo\":{\"@type\":\"ImageObject\",\"inLanguage\":\"cs\",\"@id\":\"https:\/\/evertonfc.cz\/#\/schema\/logo\/image\/\",\"url\":\"https:\/\/evertonfc.cz\/wp-content\/uploads\/2019\/05\/logo.png\",\"contentUrl\":\"https:\/\/evertonfc.cz\/wp-content\/uploads\/2019\/05\/logo.png\",\"width\":112,\"height\":112,\"caption\":\"Official Czech & Slovak Everton Supporters' Club\"},\"image\":{\"@id\":\"https:\/\/evertonfc.cz\/#\/schema\/logo\/image\/\"},\"sameAs\":[\"https:\/\/www.facebook.com\/everton.fans.cz.sk\"]},{\"@type\":\"Person\",\"@id\":\"https:\/\/evertonfc.cz\/#\/schema\/person\/b30daf6a5852f4811f8207a17ec1bf78\",\"name\":\"Javor\",\"sameAs\":[\"https:\/\/x.com\/LoudinJan\"],\"url\":\"https:\/\/evertonfc.cz\/index.php\/author\/javor\/\"}]}<\/script>\n<!-- \/ Yoast SEO plugin. -->","yoast_head_json":{"title":"Preview: Everton - Watford - Official Czech &amp; Slovak Everton Supporters&#039; Club","robots":{"index":"index","follow":"follow","max-snippet":"max-snippet:-1","max-image-preview":"max-image-preview:large","max-video-preview":"max-video-preview:-1"},"canonical":"https:\/\/evertonfc.cz\/index.php\/2019\/08\/17\/preview-everton-watford-17-8-2019\/","og_locale":"cs_CZ","og_type":"article","og_title":"Preview: Everton - Watford - Official Czech &amp; Slovak Everton Supporters&#039; Club","og_description":"Prvn\u00ed dom\u00e1c\u00ed z\u00e1pas by se slu\u0161elo vyhr\u00e1t. Zvl\u00e1\u0161\u0165 po sp\u00ed\u0161e nic moc v\u00fdkonu na h\u0159i\u0161ti Eagles.","og_url":"https:\/\/evertonfc.cz\/index.php\/2019\/08\/17\/preview-everton-watford-17-8-2019\/","og_site_name":"Official Czech &amp; Slovak Everton Supporters&#039; Club","article_publisher":"https:\/\/www.facebook.com\/everton.fans.cz.sk","article_published_time":"2019-08-17T10:07:36+00:00","article_modified_time":"2019-08-17T13:08:54+00:00","og_image":[{"width":720,"height":405,"url":"https:\/\/evertonfc.cz\/wp-content\/uploads\/2019\/08\/Everton-vs-Watford-17-8-2019.jpg","type":"image\/jpeg"}],"author":"Javor","twitter_card":"summary_large_image","twitter_creator":"@LoudinJan","twitter_misc":{"Napsal(a)":"Javor","Odhadovan\u00e1 doba \u010dten\u00ed":"3 minuty"},"schema":{"@context":"https:\/\/schema.org","@graph":[{"@type":"Article","@id":"https:\/\/evertonfc.cz\/index.php\/2019\/08\/17\/preview-everton-watford-17-8-2019\/#article","isPartOf":{"@id":"https:\/\/evertonfc.cz\/index.php\/2019\/08\/17\/preview-everton-watford-17-8-2019\/"},"author":{"name":"Javor","@id":"https:\/\/evertonfc.cz\/#\/schema\/person\/b30daf6a5852f4811f8207a17ec1bf78"},"headline":"Preview: Everton &#8211; Watford","datePublished":"2019-08-17T10:07:36+00:00","dateModified":"2019-08-17T13:08:54+00:00","mainEntityOfPage":{"@id":"https:\/\/evertonfc.cz\/index.php\/2019\/08\/17\/preview-everton-watford-17-8-2019\/"},"wordCount":658,"commentCount":4,"publisher":{"@id":"https:\/\/evertonfc.cz\/#organization"},"image":{"@id":"https:\/\/evertonfc.cz\/index.php\/2019\/08\/17\/preview-everton-watford-17-8-2019\/#primaryimage"},"thumbnailUrl":"https:\/\/evertonfc.cz\/wp-content\/uploads\/2019\/08\/Everton-vs-Watford-17-8-2019.jpg","articleSection":["Z\u00e1pasy"],"inLanguage":"cs","potentialAction":[{"@type":"CommentAction","name":"Comment","target":["https:\/\/evertonfc.cz\/index.php\/2019\/08\/17\/preview-everton-watford-17-8-2019\/#respond"]}]},{"@type":"WebPage","@id":"https:\/\/evertonfc.cz\/index.php\/2019\/08\/17\/preview-everton-watford-17-8-2019\/","url":"https:\/\/evertonfc.cz\/index.php\/2019\/08\/17\/preview-everton-watford-17-8-2019\/","name":"Preview: Everton - Watford - Official Czech &amp; Slovak Everton Supporters&#039; Club","isPartOf":{"@id":"https:\/\/evertonfc.cz\/#website"},"primaryImageOfPage":{"@id":"https:\/\/evertonfc.cz\/index.php\/2019\/08\/17\/preview-everton-watford-17-8-2019\/#primaryimage"},"image":{"@id":"https:\/\/evertonfc.cz\/index.php\/2019\/08\/17\/preview-everton-watford-17-8-2019\/#primaryimage"},"thumbnailUrl":"https:\/\/evertonfc.cz\/wp-content\/uploads\/2019\/08\/Everton-vs-Watford-17-8-2019.jpg","datePublished":"2019-08-17T10:07:36+00:00","dateModified":"2019-08-17T13:08:54+00:00","breadcrumb":{"@id":"https:\/\/evertonfc.cz\/index.php\/2019\/08\/17\/preview-everton-watford-17-8-2019\/#breadcrumb"},"inLanguage":"cs","potentialAction":[{"@type":"ReadAction","target":["https:\/\/evertonfc.cz\/index.php\/2019\/08\/17\/preview-everton-watford-17-8-2019\/"]}]},{"@type":"ImageObject","inLanguage":"cs","@id":"https:\/\/evertonfc.cz\/index.php\/2019\/08\/17\/preview-everton-watford-17-8-2019\/#primaryimage","url":"https:\/\/evertonfc.cz\/wp-content\/uploads\/2019\/08\/Everton-vs-Watford-17-8-2019.jpg","contentUrl":"https:\/\/evertonfc.cz\/wp-content\/uploads\/2019\/08\/Everton-vs-Watford-17-8-2019.jpg","width":720,"height":405},{"@type":"BreadcrumbList","@id":"https:\/\/evertonfc.cz\/index.php\/2019\/08\/17\/preview-everton-watford-17-8-2019\/#breadcrumb","itemListElement":[{"@type":"ListItem","position":1,"name":"Home","item":"https:\/\/evertonfc.cz\/"},{"@type":"ListItem","position":2,"name":"Preview: Everton &#8211; Watford"}]},{"@type":"WebSite","@id":"https:\/\/evertonfc.cz\/#website","url":"https:\/\/evertonfc.cz\/","name":"Official Czech &amp; Slovak Everton Supporters&#039; Club","description":"","publisher":{"@id":"https:\/\/evertonfc.cz\/#organization"},"potentialAction":[{"@type":"SearchAction","target":{"@type":"EntryPoint","urlTemplate":"https:\/\/evertonfc.cz\/?s={search_term_string}"},"query-input":{"@type":"PropertyValueSpecification","valueRequired":true,"valueName":"search_term_string"}}],"inLanguage":"cs"},{"@type":"Organization","@id":"https:\/\/evertonfc.cz\/#organization","name":"Official Czech & Slovak Everton Supporters' Club","url":"https:\/\/evertonfc.cz\/","logo":{"@type":"ImageObject","inLanguage":"cs","@id":"https:\/\/evertonfc.cz\/#\/schema\/logo\/image\/","url":"https:\/\/evertonfc.cz\/wp-content\/uploads\/2019\/05\/logo.png","contentUrl":"https:\/\/evertonfc.cz\/wp-content\/uploads\/2019\/05\/logo.png","width":112,"height":112,"caption":"Official Czech & Slovak Everton Supporters' Club"},"image":{"@id":"https:\/\/evertonfc.cz\/#\/schema\/logo\/image\/"},"sameAs":["https:\/\/www.facebook.com\/everton.fans.cz.sk"]},{"@type":"Person","@id":"https:\/\/evertonfc.cz\/#\/schema\/person\/b30daf6a5852f4811f8207a17ec1bf78","name":"Javor","sameAs":["https:\/\/x.com\/LoudinJan"],"url":"https:\/\/evertonfc.cz\/index.php\/author\/javor\/"}]}},"_links":{"self":[{"href":"https:\/\/evertonfc.cz\/index.php\/wp-json\/wp\/v2\/posts\/9021"}],"collection":[{"href":"https:\/\/evertonfc.cz\/index.php\/wp-json\/wp\/v2\/posts"}],"about":[{"href":"https:\/\/evertonfc.cz\/index.php\/wp-json\/wp\/v2\/types\/post"}],"author":[{"embeddable":true,"href":"https:\/\/evertonfc.cz\/index.php\/wp-json\/wp\/v2\/users\/12"}],"replies":[{"embeddable":true,"href":"https:\/\/evertonfc.cz\/index.php\/wp-json\/wp\/v2\/comments?post=9021"}],"version-history":[{"count":7,"href":"https:\/\/evertonfc.cz\/index.php\/wp-json\/wp\/v2\/posts\/9021\/revisions"}],"predecessor-version":[{"id":9031,"href":"https:\/\/evertonfc.cz\/index.php\/wp-json\/wp\/v2\/posts\/9021\/revisions\/9031"}],"wp:featuredmedia":[{"embeddable":true,"href":"https:\/\/evertonfc.cz\/index.php\/wp-json\/wp\/v2\/media\/9027"}],"wp:attachment":[{"href":"https:\/\/evertonfc.cz\/index.php\/wp-json\/wp\/v2\/media?parent=9021"}],"wp:term":[{"taxonomy":"category","embeddable":true,"href":"https:\/\/evertonfc.cz\/index.php\/wp-json\/wp\/v2\/categories?post=9021"},{"taxonomy":"post_tag","embeddable":true,"href":"https:\/\/evertonfc.cz\/index.php\/wp-json\/wp\/v2\/tags?post=9021"}],"curies":[{"name":"wp","href":"https:\/\/api.w.org\/{rel}","templated":true}]}}