{"id":9032,"date":"2019-08-19T19:16:22","date_gmt":"2019-08-19T17:16:22","guid":{"rendered":"https:\/\/evertonfc.cz\/?p=9032"},"modified":"2020-04-28T15:40:02","modified_gmt":"2020-04-28T13:40:02","slug":"zraz-v-prahe-a-zlavova-vyzva","status":"publish","type":"post","link":"https:\/\/evertonfc.cz\/index.php\/2019\/08\/19\/zraz-v-prahe-a-zlavova-vyzva\/","title":{"rendered":"Zraz v Prahe a z\u013eavov\u00e1 v\u00fdzva"},"content":{"rendered":"<h4>Pri pr\u00edle\u017eitosti odovzdania v\u00fd\u0165a\u017eku z\u00a0dra\u017eby a\u00a0dobro\u010dinnej zbierky nad\u00e1cii Terezy Maxovej, sa v\u00a0\u010deskej metropole uskuto\u010dn\u00ed men\u0161ie stretnutie \u010deskoslovensk\u00fdch Evertonians.<\/h4>\n<p>U\u017e druh\u00fd rok po sebe sme v\u00a0r\u00e1mci n\u00e1\u0161ho ofici\u00e1lneho klubu podporovate\u013eov Evertonu usporiadali aukciu a\u00a0dobrovo\u013en\u00fa zbierku pre vybran\u00fa charitat\u00edvnu organiz\u00e1ciu. Ak niekto nevie o\u00a0\u010do ide, alebo to na na\u0161ej str\u00e1nke v\u00f4bec nepostrehol, v\u0161etko podstatn\u00e9 sa dozvie v na\u0161ej rubrike <em>Udalosti<\/em>, ktor\u00fa n\u00e1jde v menu pod sekciou <em>Supporter\u00b4s Club<\/em>.<\/p>\n<p>Po kontaktovan\u00ed tejto charity v\u00a0\u010ceskej republike, s\u00eddliacej v\u00a0Prahe, sme dohodli term\u00edn osobn\u00e9ho odovzdania v\u00a0priestoroch ich kancel\u00e1ri\u00ed, a\u00a0to na 23. augusta. Tento d\u00e1tum sa vybral ako najvhodnej\u0161\u00ed, po konzult\u00e1ci\u00e1ch na\u0161ich \u010dlenov, ktor\u00ed prejavili z\u00e1ujem z\u00fa\u010dastni\u0165 sa.<\/p>\n<p>Ke\u010f\u017ee sa prihl\u00e1sila po\u010detn\u00e1 skupina, rozhodli sme sa t\u00fato pr\u00edle\u017eitos\u0165 vyu\u017ei\u0165 a\u00a0rovno usporiada\u0165 men\u0161ie stretnutie fan\u00fa\u0161ikov. Tak\u00fdchto zrazov nie je v\u00a0s\u00fa\u010dasnosti ve\u013ea, preto sa ve\u013emi cenia a\u00a0napovedaj\u00fa \u010do to o\u00a0s\u00fadr\u017enosti na\u0161ej komunity fanklubu ako takej.<\/p>\n<p>Program okrem spom\u00ednan\u00e9ho predania finan\u010dn\u00e9ho daru obsahuje aj spolo\u010dn\u00e9 pozeranie predohr\u00e1vky tretieho kola Premier League v piatok ve\u010der, v\u00a0jednom z\u00a0podnikov v\u00a0pra\u017esk\u00fdch uli\u010dk\u00e1ch. S\u00a0n\u00e1lepkou \u201enajtradi\u010dnej\u0161\u00ed duel\u201c odohr\u00e1 Everton z\u00e1pas na p\u00f4de Aston Villy, moment\u00e1lne nov\u00e1\u010dika najvy\u0161\u0161ej s\u00fa\u0165a\u017ee.<\/p>\n<p>Na druh\u00fd de\u0148 sa program urob\u00ed pod\u013ea dohody, kto chce ost\u00e1va na v\u00edkend v\u00a0kr\u00e1snom meste, kto nie, odcestuje domov. Ak by mal niekto z\u00e1ujem z\u00fa\u010dastni\u0165 sa, debatova\u0165 pri pive a\u00a0za\u017ei\u0165 pekn\u00e9 chv\u00edle pri spolo\u010dnom fanden\u00ed milovan\u00e9mu klubu, nap\u00ed\u0161e n\u00e1m na na\u0161u mailov\u00fa adresu \u2013 <a href=\"mailto:czskevertonians@gmail.com\">czskevertonians@gmail.com<\/a> &#8211; kde mu poskytneme bli\u017e\u0161ie inform\u00e1cie.<\/p>\n<hr \/>\n<h3>Z\u00e1ujem o\u00a0platen\u00e9 ro\u010dn\u00e9 \u010dlenstvo <em>Supporter\u00b4s Club Membership<\/em><\/h3>\n<p>(Pozor! Nem\u00fdli\u0165 si s\u00a0\u010dlenstvom v\u00a0<strong><em>Czech &amp; Slovak Everton Supporter\u00b4s Club<\/em><\/strong>, ofici\u00e1lnom fanklube, ktor\u00e9ho \u010dlenom sa m\u00f4\u017eete sta\u0165 bezplatne.)<\/p>\n<p>Asi ste u\u017e postrehli, \u017ee Everton poskytuje ro\u010dn\u00e9 platen\u00e9 slu\u017eby s\u00a0v\u00fdhodami, ktor\u00e9 z\u00edskate po zak\u00fapen\u00ed \u010dlenstva, pre n\u00e1s zahrani\u010dn\u00fdch fan\u00fa\u0161ikov zn\u00e1me ako <strong><em>International Membership<\/em><\/strong>. Tento rok n\u00e1m v\u0161ak pri\u0161la ponuka, bohu\u017eia\u013e o\u00a0nie\u010do nesk\u00f4r ne\u017e by sa patrilo, na z\u013eavnen\u00e9 \u010dlenstvo pre fan\u00fa\u0161ikov zaregistrovan\u00fdch v\u00a0jednotliv\u00fdch kluboch podporovate\u013eov &#8211; <strong><em>Supporter\u00b4s Club Membership<\/em><\/strong>. Objasnime si teraz tieto dve varianty.<\/p>\n<p><u>Supporters Club Membership<\/u> &#8211; cena 15 libier.<\/p>\n<p>Toto \u010dlenstvo vybavujeme my ako fanklub, preto je podmienka by\u0165 \u010dlenom fanlubu. Z\u013eava 15 libier oproti pln\u00e9mu International \u010dlenstvu je tam preto, \u017ee fan\u00fa\u0161ik nedostane takzvan\u00fd \u201ewelcome pack\u201c a pravdepodobne ani \u010dlensk\u00fa kartu. Welcome pack (uv\u00edtac\u00ed bal\u00ed\u010dek) s\u00fa tak\u00e9 drobnosti, suven\u00edry, ktor\u00e9 \u010dlen dostane od Evertonu ako odmenu za objednanie.<\/p>\n<p>V\u00fdhody:<\/p>\n<ul>\n<li>zv\u00fdhodnen\u00fd (prednostn\u00fd) pr\u00edstup k l\u00edstkom,<\/li>\n<li>ofici\u00e1lne streamy na pr\u00edpravn\u00e9 z\u00e1pasy a vybran\u00e9 z\u00e1pasy U23 &amp; U18<\/li>\n<li>exkluz\u00edvny obsah EvertonTV<\/li>\n<li>vo\u013en\u00fd vstup na dom\u00e1ce z\u00e1pasy Everton Ladies a U23<\/li>\n<li>10% z\u013eava na juniorsk\u00e9 futbalov\u00e9 \u0161koly.<\/li>\n<\/ul>\n<p><u>International Membership<\/u> &#8211; cena 30 libier<\/p>\n<p>Obsahuje v\u0161etky v\u00fdhody, ktor\u00e9 m\u00e1 Supporter\u00b4s Club Membership a okrem toho navy\u0161e pon\u00faka viacer\u00e9 \u010fal\u0161ie:<\/p>\n<ul>\n<li>mo\u017enos\u0165 z\u00fa\u010dastni\u0165 sa klubov\u00fdch prieskumov<\/li>\n<li>10% z\u013eava na n\u00e1kup v\u00a0ofici\u00e1lnom obchode Evertonu<\/li>\n<li>mo\u017enos\u0165 z\u00fa\u010dastni\u0165 sa r\u00f4znych s\u00fa\u0165a\u017e\u00ed o vybran\u00e9 ceny<\/li>\n<li>20% z\u013eava na prehliadku Goodison Parku<\/li>\n<li>miesto na \u010dakacej listine pre permanentky<\/li>\n<li>z\u013eavy na l\u00edstky vybran\u00fdch dom\u00e1cich z\u00e1pasov<\/li>\n<\/ul>\n<p>Kupuje sa priamo cez ofici\u00e1lnu str\u00e1nku Evertonu. Pln\u00e1 cena reflektuje zaslanie \u010dlenskej karty a uv\u00edtacieho bal\u00ed\u010dku. Ten m\u00f4\u017ee obsahova\u0165 men\u0161iu vlajku, poh\u013eadnicu, pr\u00edpadne k\u013e\u00fa\u010denku at\u010f. \u010clensk\u00e1 karta sl\u00fa\u017ei na \u013eah\u0161iu identifik\u00e1ciu, v podstate nie je nepotrebn\u00e1, ale je u\u017eito\u010dn\u00e1, napr. pri osobnom n\u00e1kupe\/prevzat\u00ed l\u00edstkov.<\/p>\n<p>Ak m\u00e1te z\u00e1ujem o\u00a0zak\u00fapenie Supporter\u00b4s Club Membership, nap\u00ed\u0161te n\u00e1m na na\u0161u mailov\u00fa adresu \u2013 <a href=\"mailto:czskevertonians@gmail.com\">czskevertonians@gmail.com<\/a> \u2013 objedn\u00e1vku budeme hromadne odosiela\u0165 spolu so zoznamom \u010dlenov fanklubu na sez\u00f3nu 2019\/20.<\/p>\n","protected":false},"excerpt":{"rendered":"<p>Pri pr\u00edle\u017eitosti odovzdania v\u00fd\u0165a\u017eku z dra\u017eby a dobro\u010dinnej zbierky nad\u00e1cii Terezy Maxovej, sa v \u010deskej metropole uskuto\u010dn\u00ed men\u0161ie stretnutie \u010deskoslovensk\u00fdch Evertonians.<\/p>\n","protected":false},"author":1,"featured_media":9035,"comment_status":"open","ping_status":"closed","sticky":false,"template":"","format":"standard","meta":{"_eb_attr":"","_monsterinsights_skip_tracking":false,"_monsterinsights_sitenote_active":false,"_monsterinsights_sitenote_note":"","_monsterinsights_sitenote_category":0,"footnotes":""},"categories":[85],"tags":[],"yoast_head":"<!-- This site is optimized with the Yoast SEO plugin v23.4 - https:\/\/yoast.com\/wordpress\/plugins\/seo\/ -->\n<title>Zraz v Prahe a z\u013eavov\u00e1 v\u00fdzva - Official Czech &amp; Slovak Everton Supporters&#039; Club<\/title>\n<meta name=\"robots\" content=\"index, follow, max-snippet:-1, max-image-preview:large, max-video-preview:-1\" \/>\n<link rel=\"canonical\" href=\"https:\/\/evertonfc.cz\/index.php\/2019\/08\/19\/zraz-v-prahe-a-zlavova-vyzva\/\" \/>\n<meta property=\"og:locale\" content=\"cs_CZ\" \/>\n<meta property=\"og:type\" content=\"article\" \/>\n<meta property=\"og:title\" content=\"Zraz v Prahe a z\u013eavov\u00e1 v\u00fdzva - Official Czech &amp; Slovak Everton Supporters&#039; Club\" \/>\n<meta property=\"og:description\" content=\"Pri pr\u00edle\u017eitosti odovzdania v\u00fd\u0165a\u017eku z dra\u017eby a dobro\u010dinnej zbierky nad\u00e1cii Terezy Maxovej, sa v \u010deskej metropole uskuto\u010dn\u00ed men\u0161ie stretnutie \u010deskoslovensk\u00fdch Evertonians.\" \/>\n<meta property=\"og:url\" content=\"https:\/\/evertonfc.cz\/index.php\/2019\/08\/19\/zraz-v-prahe-a-zlavova-vyzva\/\" \/>\n<meta property=\"og:site_name\" content=\"Official Czech &amp; Slovak Everton Supporters&#039; Club\" \/>\n<meta property=\"article:publisher\" content=\"https:\/\/www.facebook.com\/everton.fans.cz.sk\" \/>\n<meta property=\"article:published_time\" content=\"2019-08-19T17:16:22+00:00\" \/>\n<meta property=\"article:modified_time\" content=\"2020-04-28T13:40:02+00:00\" \/>\n<meta property=\"og:image\" content=\"https:\/\/evertonfc.cz\/wp-content\/uploads\/2019\/08\/Praha-1.jpg\" \/>\n\t<meta property=\"og:image:width\" content=\"720\" \/>\n\t<meta property=\"og:image:height\" content=\"405\" \/>\n\t<meta property=\"og:image:type\" content=\"image\/jpeg\" \/>\n<meta name=\"author\" content=\"BlueBlooded\" \/>\n<meta name=\"twitter:card\" content=\"summary_large_image\" \/>\n<meta name=\"twitter:label1\" content=\"Napsal(a)\" \/>\n\t<meta name=\"twitter:data1\" content=\"BlueBlooded\" \/>\n\t<meta name=\"twitter:label2\" content=\"Odhadovan\u00e1 doba \u010dten\u00ed\" \/>\n\t<meta name=\"twitter:data2\" content=\"4 minuty\" \/>\n<script type=\"application\/ld+json\" class=\"yoast-schema-graph\">{\"@context\":\"https:\/\/schema.org\",\"@graph\":[{\"@type\":\"Article\",\"@id\":\"https:\/\/evertonfc.cz\/index.php\/2019\/08\/19\/zraz-v-prahe-a-zlavova-vyzva\/#article\",\"isPartOf\":{\"@id\":\"https:\/\/evertonfc.cz\/index.php\/2019\/08\/19\/zraz-v-prahe-a-zlavova-vyzva\/\"},\"author\":{\"name\":\"BlueBlooded\",\"@id\":\"https:\/\/evertonfc.cz\/#\/schema\/person\/d4493b8cbea51532597fbc4685698916\"},\"headline\":\"Zraz v Prahe a z\u013eavov\u00e1 v\u00fdzva\",\"datePublished\":\"2019-08-19T17:16:22+00:00\",\"dateModified\":\"2020-04-28T13:40:02+00:00\",\"mainEntityOfPage\":{\"@id\":\"https:\/\/evertonfc.cz\/index.php\/2019\/08\/19\/zraz-v-prahe-a-zlavova-vyzva\/\"},\"wordCount\":738,\"commentCount\":6,\"publisher\":{\"@id\":\"https:\/\/evertonfc.cz\/#organization\"},\"image\":{\"@id\":\"https:\/\/evertonfc.cz\/index.php\/2019\/08\/19\/zraz-v-prahe-a-zlavova-vyzva\/#primaryimage\"},\"thumbnailUrl\":\"https:\/\/evertonfc.cz\/wp-content\/uploads\/2019\/08\/Praha-1.jpg\",\"articleSection\":[\"Supporters' Club\"],\"inLanguage\":\"cs\",\"potentialAction\":[{\"@type\":\"CommentAction\",\"name\":\"Comment\",\"target\":[\"https:\/\/evertonfc.cz\/index.php\/2019\/08\/19\/zraz-v-prahe-a-zlavova-vyzva\/#respond\"]}]},{\"@type\":\"WebPage\",\"@id\":\"https:\/\/evertonfc.cz\/index.php\/2019\/08\/19\/zraz-v-prahe-a-zlavova-vyzva\/\",\"url\":\"https:\/\/evertonfc.cz\/index.php\/2019\/08\/19\/zraz-v-prahe-a-zlavova-vyzva\/\",\"name\":\"Zraz v Prahe a z\u013eavov\u00e1 v\u00fdzva - Official Czech &amp; Slovak Everton Supporters&#039; Club\",\"isPartOf\":{\"@id\":\"https:\/\/evertonfc.cz\/#website\"},\"primaryImageOfPage\":{\"@id\":\"https:\/\/evertonfc.cz\/index.php\/2019\/08\/19\/zraz-v-prahe-a-zlavova-vyzva\/#primaryimage\"},\"image\":{\"@id\":\"https:\/\/evertonfc.cz\/index.php\/2019\/08\/19\/zraz-v-prahe-a-zlavova-vyzva\/#primaryimage\"},\"thumbnailUrl\":\"https:\/\/evertonfc.cz\/wp-content\/uploads\/2019\/08\/Praha-1.jpg\",\"datePublished\":\"2019-08-19T17:16:22+00:00\",\"dateModified\":\"2020-04-28T13:40:02+00:00\",\"breadcrumb\":{\"@id\":\"https:\/\/evertonfc.cz\/index.php\/2019\/08\/19\/zraz-v-prahe-a-zlavova-vyzva\/#breadcrumb\"},\"inLanguage\":\"cs\",\"potentialAction\":[{\"@type\":\"ReadAction\",\"target\":[\"https:\/\/evertonfc.cz\/index.php\/2019\/08\/19\/zraz-v-prahe-a-zlavova-vyzva\/\"]}]},{\"@type\":\"ImageObject\",\"inLanguage\":\"cs\",\"@id\":\"https:\/\/evertonfc.cz\/index.php\/2019\/08\/19\/zraz-v-prahe-a-zlavova-vyzva\/#primaryimage\",\"url\":\"https:\/\/evertonfc.cz\/wp-content\/uploads\/2019\/08\/Praha-1.jpg\",\"contentUrl\":\"https:\/\/evertonfc.cz\/wp-content\/uploads\/2019\/08\/Praha-1.jpg\",\"width\":720,\"height\":405},{\"@type\":\"BreadcrumbList\",\"@id\":\"https:\/\/evertonfc.cz\/index.php\/2019\/08\/19\/zraz-v-prahe-a-zlavova-vyzva\/#breadcrumb\",\"itemListElement\":[{\"@type\":\"ListItem\",\"position\":1,\"name\":\"Home\",\"item\":\"https:\/\/evertonfc.cz\/\"},{\"@type\":\"ListItem\",\"position\":2,\"name\":\"Zraz v Prahe a z\u013eavov\u00e1 v\u00fdzva\"}]},{\"@type\":\"WebSite\",\"@id\":\"https:\/\/evertonfc.cz\/#website\",\"url\":\"https:\/\/evertonfc.cz\/\",\"name\":\"Official Czech &amp; Slovak Everton Supporters&#039; Club\",\"description\":\"\",\"publisher\":{\"@id\":\"https:\/\/evertonfc.cz\/#organization\"},\"potentialAction\":[{\"@type\":\"SearchAction\",\"target\":{\"@type\":\"EntryPoint\",\"urlTemplate\":\"https:\/\/evertonfc.cz\/?s={search_term_string}\"},\"query-input\":{\"@type\":\"PropertyValueSpecification\",\"valueRequired\":true,\"valueName\":\"search_term_string\"}}],\"inLanguage\":\"cs\"},{\"@type\":\"Organization\",\"@id\":\"https:\/\/evertonfc.cz\/#organization\",\"name\":\"Official Czech & Slovak Everton Supporters' Club\",\"url\":\"https:\/\/evertonfc.cz\/\",\"logo\":{\"@type\":\"ImageObject\",\"inLanguage\":\"cs\",\"@id\":\"https:\/\/evertonfc.cz\/#\/schema\/logo\/image\/\",\"url\":\"https:\/\/evertonfc.cz\/wp-content\/uploads\/2019\/05\/logo.png\",\"contentUrl\":\"https:\/\/evertonfc.cz\/wp-content\/uploads\/2019\/05\/logo.png\",\"width\":112,\"height\":112,\"caption\":\"Official Czech & Slovak Everton Supporters' Club\"},\"image\":{\"@id\":\"https:\/\/evertonfc.cz\/#\/schema\/logo\/image\/\"},\"sameAs\":[\"https:\/\/www.facebook.com\/everton.fans.cz.sk\"]},{\"@type\":\"Person\",\"@id\":\"https:\/\/evertonfc.cz\/#\/schema\/person\/d4493b8cbea51532597fbc4685698916\",\"name\":\"BlueBlooded\",\"url\":\"https:\/\/evertonfc.cz\/index.php\/author\/admin\/\"}]}<\/script>\n<!-- \/ Yoast SEO plugin. -->","yoast_head_json":{"title":"Zraz v Prahe a z\u013eavov\u00e1 v\u00fdzva - Official Czech &amp; Slovak Everton Supporters&#039; Club","robots":{"index":"index","follow":"follow","max-snippet":"max-snippet:-1","max-image-preview":"max-image-preview:large","max-video-preview":"max-video-preview:-1"},"canonical":"https:\/\/evertonfc.cz\/index.php\/2019\/08\/19\/zraz-v-prahe-a-zlavova-vyzva\/","og_locale":"cs_CZ","og_type":"article","og_title":"Zraz v Prahe a z\u013eavov\u00e1 v\u00fdzva - Official Czech &amp; Slovak Everton Supporters&#039; Club","og_description":"Pri pr\u00edle\u017eitosti odovzdania v\u00fd\u0165a\u017eku z dra\u017eby a dobro\u010dinnej zbierky nad\u00e1cii Terezy Maxovej, sa v \u010deskej metropole uskuto\u010dn\u00ed men\u0161ie stretnutie \u010deskoslovensk\u00fdch Evertonians.","og_url":"https:\/\/evertonfc.cz\/index.php\/2019\/08\/19\/zraz-v-prahe-a-zlavova-vyzva\/","og_site_name":"Official Czech &amp; Slovak Everton Supporters&#039; Club","article_publisher":"https:\/\/www.facebook.com\/everton.fans.cz.sk","article_published_time":"2019-08-19T17:16:22+00:00","article_modified_time":"2020-04-28T13:40:02+00:00","og_image":[{"width":720,"height":405,"url":"https:\/\/evertonfc.cz\/wp-content\/uploads\/2019\/08\/Praha-1.jpg","type":"image\/jpeg"}],"author":"BlueBlooded","twitter_card":"summary_large_image","twitter_misc":{"Napsal(a)":"BlueBlooded","Odhadovan\u00e1 doba \u010dten\u00ed":"4 minuty"},"schema":{"@context":"https:\/\/schema.org","@graph":[{"@type":"Article","@id":"https:\/\/evertonfc.cz\/index.php\/2019\/08\/19\/zraz-v-prahe-a-zlavova-vyzva\/#article","isPartOf":{"@id":"https:\/\/evertonfc.cz\/index.php\/2019\/08\/19\/zraz-v-prahe-a-zlavova-vyzva\/"},"author":{"name":"BlueBlooded","@id":"https:\/\/evertonfc.cz\/#\/schema\/person\/d4493b8cbea51532597fbc4685698916"},"headline":"Zraz v Prahe a z\u013eavov\u00e1 v\u00fdzva","datePublished":"2019-08-19T17:16:22+00:00","dateModified":"2020-04-28T13:40:02+00:00","mainEntityOfPage":{"@id":"https:\/\/evertonfc.cz\/index.php\/2019\/08\/19\/zraz-v-prahe-a-zlavova-vyzva\/"},"wordCount":738,"commentCount":6,"publisher":{"@id":"https:\/\/evertonfc.cz\/#organization"},"image":{"@id":"https:\/\/evertonfc.cz\/index.php\/2019\/08\/19\/zraz-v-prahe-a-zlavova-vyzva\/#primaryimage"},"thumbnailUrl":"https:\/\/evertonfc.cz\/wp-content\/uploads\/2019\/08\/Praha-1.jpg","articleSection":["Supporters' Club"],"inLanguage":"cs","potentialAction":[{"@type":"CommentAction","name":"Comment","target":["https:\/\/evertonfc.cz\/index.php\/2019\/08\/19\/zraz-v-prahe-a-zlavova-vyzva\/#respond"]}]},{"@type":"WebPage","@id":"https:\/\/evertonfc.cz\/index.php\/2019\/08\/19\/zraz-v-prahe-a-zlavova-vyzva\/","url":"https:\/\/evertonfc.cz\/index.php\/2019\/08\/19\/zraz-v-prahe-a-zlavova-vyzva\/","name":"Zraz v Prahe a z\u013eavov\u00e1 v\u00fdzva - Official Czech &amp; Slovak Everton Supporters&#039; Club","isPartOf":{"@id":"https:\/\/evertonfc.cz\/#website"},"primaryImageOfPage":{"@id":"https:\/\/evertonfc.cz\/index.php\/2019\/08\/19\/zraz-v-prahe-a-zlavova-vyzva\/#primaryimage"},"image":{"@id":"https:\/\/evertonfc.cz\/index.php\/2019\/08\/19\/zraz-v-prahe-a-zlavova-vyzva\/#primaryimage"},"thumbnailUrl":"https:\/\/evertonfc.cz\/wp-content\/uploads\/2019\/08\/Praha-1.jpg","datePublished":"2019-08-19T17:16:22+00:00","dateModified":"2020-04-28T13:40:02+00:00","breadcrumb":{"@id":"https:\/\/evertonfc.cz\/index.php\/2019\/08\/19\/zraz-v-prahe-a-zlavova-vyzva\/#breadcrumb"},"inLanguage":"cs","potentialAction":[{"@type":"ReadAction","target":["https:\/\/evertonfc.cz\/index.php\/2019\/08\/19\/zraz-v-prahe-a-zlavova-vyzva\/"]}]},{"@type":"ImageObject","inLanguage":"cs","@id":"https:\/\/evertonfc.cz\/index.php\/2019\/08\/19\/zraz-v-prahe-a-zlavova-vyzva\/#primaryimage","url":"https:\/\/evertonfc.cz\/wp-content\/uploads\/2019\/08\/Praha-1.jpg","contentUrl":"https:\/\/evertonfc.cz\/wp-content\/uploads\/2019\/08\/Praha-1.jpg","width":720,"height":405},{"@type":"BreadcrumbList","@id":"https:\/\/evertonfc.cz\/index.php\/2019\/08\/19\/zraz-v-prahe-a-zlavova-vyzva\/#breadcrumb","itemListElement":[{"@type":"ListItem","position":1,"name":"Home","item":"https:\/\/evertonfc.cz\/"},{"@type":"ListItem","position":2,"name":"Zraz v Prahe a z\u013eavov\u00e1 v\u00fdzva"}]},{"@type":"WebSite","@id":"https:\/\/evertonfc.cz\/#website","url":"https:\/\/evertonfc.cz\/","name":"Official Czech &amp; Slovak Everton Supporters&#039; Club","description":"","publisher":{"@id":"https:\/\/evertonfc.cz\/#organization"},"potentialAction":[{"@type":"SearchAction","target":{"@type":"EntryPoint","urlTemplate":"https:\/\/evertonfc.cz\/?s={search_term_string}"},"query-input":{"@type":"PropertyValueSpecification","valueRequired":true,"valueName":"search_term_string"}}],"inLanguage":"cs"},{"@type":"Organization","@id":"https:\/\/evertonfc.cz\/#organization","name":"Official Czech & Slovak Everton Supporters' Club","url":"https:\/\/evertonfc.cz\/","logo":{"@type":"ImageObject","inLanguage":"cs","@id":"https:\/\/evertonfc.cz\/#\/schema\/logo\/image\/","url":"https:\/\/evertonfc.cz\/wp-content\/uploads\/2019\/05\/logo.png","contentUrl":"https:\/\/evertonfc.cz\/wp-content\/uploads\/2019\/05\/logo.png","width":112,"height":112,"caption":"Official Czech & Slovak Everton Supporters' Club"},"image":{"@id":"https:\/\/evertonfc.cz\/#\/schema\/logo\/image\/"},"sameAs":["https:\/\/www.facebook.com\/everton.fans.cz.sk"]},{"@type":"Person","@id":"https:\/\/evertonfc.cz\/#\/schema\/person\/d4493b8cbea51532597fbc4685698916","name":"BlueBlooded","url":"https:\/\/evertonfc.cz\/index.php\/author\/admin\/"}]}},"_links":{"self":[{"href":"https:\/\/evertonfc.cz\/index.php\/wp-json\/wp\/v2\/posts\/9032"}],"collection":[{"href":"https:\/\/evertonfc.cz\/index.php\/wp-json\/wp\/v2\/posts"}],"about":[{"href":"https:\/\/evertonfc.cz\/index.php\/wp-json\/wp\/v2\/types\/post"}],"author":[{"embeddable":true,"href":"https:\/\/evertonfc.cz\/index.php\/wp-json\/wp\/v2\/users\/1"}],"replies":[{"embeddable":true,"href":"https:\/\/evertonfc.cz\/index.php\/wp-json\/wp\/v2\/comments?post=9032"}],"version-history":[{"count":1,"href":"https:\/\/evertonfc.cz\/index.php\/wp-json\/wp\/v2\/posts\/9032\/revisions"}],"predecessor-version":[{"id":9034,"href":"https:\/\/evertonfc.cz\/index.php\/wp-json\/wp\/v2\/posts\/9032\/revisions\/9034"}],"wp:featuredmedia":[{"embeddable":true,"href":"https:\/\/evertonfc.cz\/index.php\/wp-json\/wp\/v2\/media\/9035"}],"wp:attachment":[{"href":"https:\/\/evertonfc.cz\/index.php\/wp-json\/wp\/v2\/media?parent=9032"}],"wp:term":[{"taxonomy":"category","embeddable":true,"href":"https:\/\/evertonfc.cz\/index.php\/wp-json\/wp\/v2\/categories?post=9032"},{"taxonomy":"post_tag","embeddable":true,"href":"https:\/\/evertonfc.cz\/index.php\/wp-json\/wp\/v2\/tags?post=9032"}],"curies":[{"name":"wp","href":"https:\/\/api.w.org\/{rel}","templated":true}]}}