{"id":9036,"date":"2019-08-18T21:38:30","date_gmt":"2019-08-18T19:38:30","guid":{"rendered":"https:\/\/evertonfc.cz\/?p=9036"},"modified":"2019-08-19T10:44:00","modified_gmt":"2019-08-19T08:44:00","slug":"everton-watford-1-0","status":"publish","type":"post","link":"https:\/\/evertonfc.cz\/index.php\/2019\/08\/18\/everton-watford-1-0\/","title":{"rendered":"Everton &#8211; Watford 1:0"},"content":{"rendered":"<h4>Dom\u00e1c\u00ed start se povedl &#8211; a to je dob\u0159e.<\/h4>\n<p>Z\u00e1kladn\u00ed sestava nijak nep\u0159ekvapila, Gomes se uzdravil, a tak jedinou zm\u011bnou (nav\u00edc vynucenou) bylo, \u017ee nastoupil Gbamin m\u00edsto Schneiderlina, kter\u00fd nemohl hr\u00e1t kv\u016fli \u010derven\u00e9 kart\u011b. Dvojice b\u00fdval\u00fdch hr\u00e1\u010d\u016f Evertonu se v dresu soupe\u0159e vyst\u0159\u00eddala &#8211; v 79. minut\u011b Cleverley vym\u011bnil Deulofeua.<\/p>\n<p>Everton za\u010dal m\u00edrn\u00fdm tlakem, Richarlison se neprosadil, ale p\u0159esto vid\u011bl Goodison Park g\u00f3l brzy. Dlouhou p\u0159ihr\u00e1vku Digneho zpracoval Bernard, ud\u011blal kli\u010dku Femen\u00edovi a nachytal brank\u00e1\u0159e Fostera na \u0161vestk\u00e1ch. Ten m\u011bl reagovat rychleji, to se ale nestalo a pomal\u00e1 reakce umo\u017enila proj\u00edt m\u00ed\u010di do s\u00edt\u011b &#8211;\u00a0<strong>1:0!\u00a0<\/strong>I nad\u00e1le byli dom\u00e1c\u00ed aktivn\u011bj\u0161\u00ed, ale z\u016fstalo jen u p\u0159\u00edle\u017eitost\u00ed, Watford si pohl\u00eddal, aby z toho nebyly \u0161ance. Jejich aktivita sm\u011brem dop\u0159edu? Snad se hod\u00ed zm\u00ednit hlavi\u010dku Dawsona po rohu, ale to bylo v prvn\u00ed p\u016fli v\u0161e. Na 2:0 mohl (a skoro bych \u0159ekl, \u017ee i m\u011bl) zv\u00fd\u0161it Sigurdsson, ale jeho zakon\u010den\u00ed hlavou netrefilo za\u0159\u00edzen\u00ed. Nicm\u00e9n\u011b veden\u00ed o branku odpov\u00eddalo pr\u016fb\u011bhu hry.<\/p>\n<p>Pokud host\u00e9 vep\u0159edu n\u011bco vymysleli, tak u toho byl v\u011bt\u0161inou Deulofeu, ale zakon\u010den\u00ed Watfordu ne\u0161lo. I Richarlison mohl zv\u00fd\u0161it hlavi\u010dkou, le\u010d stejn\u011b jako Islan\u010fan netrefil za\u0159\u00edzen\u00ed. N\u011bkolik minut pot\u00e9 m\u011bl dostat \u010dervenou kartu Pereyra, ale rozhod\u010d\u00ed Mason p\u0159imhou\u0159il o\u010di. Po prost\u0159\u00edd\u00e1n\u00ed mezi 60. a 70. minutou se host\u00e9 dostali do tlaku, na hri\u0161t\u011b p\u0159i\u0161la nov\u00e1 posila Welbeck, ale obrana dom\u00e1c\u00edch odolala. A pak m\u011bl dv\u011b velmi slu\u0161n\u00e9 \u0161ance Kean. Nejprve z \u00fahlu netrefil ke vzd\u00e1len\u011bj\u0161\u00ed ty\u010di a ji\u017e v nastaven\u00e9m \u010dase p\u0159ibli\u017en\u011b z d\u00e9\u010dka minul ty\u010d pravou, v obou p\u0159\u00edpadech t\u011bsn\u011b. Minuty DCL v z\u00e1kladn\u00ed sestav\u011b se rychle ch\u00fdl\u00ed ke konci&#8230;<\/p>\n<p>V\u00fdsledek? Vyhr\u00e1l aktivn\u011bj\u0161\u00ed, lep\u0161\u00ed t\u00fdm, ale m\u011blo to b\u00fdt o v\u00edc.<\/p>\n<p><strong>Branka:\u00a0<\/strong>11. Bernard<\/p>\n<p><strong>Karty:\u00a0<\/strong>14. Coleman, 47. Gomes &#8211; 31. Capoue, 59. Holebas, 62. Pereyra<\/p>\n<p><strong>Everton FC:<\/strong>\u00a0<span data-source=\"lightstreamer\" data-grid=\"main\" data-item=\"item_528977\" data-field=\"report1\">Pickford \u2013 Digne (73. Holgate), Mina, Keane, Coleman \u2013 Gomes, Gbamin \u2013 Bernard, Sigurdsson, Richarlison (63. Walcott) \u2013 Calvert-Lewin (72. Kean).<\/span><\/p>\n<p><strong>Watford FC:<\/strong>\u00a0<span data-source=\"lightstreamer\" data-grid=\"main\" data-item=\"item_528977\" data-field=\"report2\">Foster \u2013 Holebas, Cathcart, Dawson, Femen\u00eda \u2013 Capoue (84. A. Gray), Doucour\u00e9 \u2013 Pereyra, Hughes (67. Welbeck) \u2013 Deeney, Deulofeu (79. Cleverley)<\/span><\/p>\n<p><strong>Rozhod\u010d\u00ed:<\/strong>\u00a0<span data-source=\"lightstreamer\" data-grid=\"main\" data-item=\"item_528977\" data-field=\"referees\">Lee Mason<\/span><\/p>\n<p><strong>Div\u00e1ci: <\/strong>39 066<\/p>\n","protected":false},"excerpt":{"rendered":"<p>Dom\u00e1c\u00ed start se povedl &#8211; a to je dob\u0159e.<\/p>\n","protected":false},"author":12,"featured_media":9040,"comment_status":"open","ping_status":"closed","sticky":false,"template":"","format":"standard","meta":{"_eb_attr":"","_monsterinsights_skip_tracking":false,"_monsterinsights_sitenote_active":false,"_monsterinsights_sitenote_note":"","_monsterinsights_sitenote_category":0,"footnotes":""},"categories":[4],"tags":[],"yoast_head":"<!-- This site is optimized with the Yoast SEO plugin v23.4 - https:\/\/yoast.com\/wordpress\/plugins\/seo\/ -->\n<title>Everton - Watford 1:0 - Official Czech &amp; Slovak Everton Supporters&#039; Club<\/title>\n<meta name=\"robots\" content=\"index, follow, max-snippet:-1, max-image-preview:large, max-video-preview:-1\" \/>\n<link rel=\"canonical\" href=\"https:\/\/evertonfc.cz\/index.php\/2019\/08\/18\/everton-watford-1-0\/\" \/>\n<meta property=\"og:locale\" content=\"cs_CZ\" \/>\n<meta property=\"og:type\" content=\"article\" \/>\n<meta property=\"og:title\" content=\"Everton - Watford 1:0 - Official Czech &amp; Slovak Everton Supporters&#039; Club\" \/>\n<meta property=\"og:description\" content=\"Dom\u00e1c\u00ed start se povedl - a to je dob\u0159e.\" \/>\n<meta property=\"og:url\" content=\"https:\/\/evertonfc.cz\/index.php\/2019\/08\/18\/everton-watford-1-0\/\" \/>\n<meta property=\"og:site_name\" content=\"Official Czech &amp; Slovak Everton Supporters&#039; Club\" \/>\n<meta property=\"article:publisher\" content=\"https:\/\/www.facebook.com\/everton.fans.cz.sk\" \/>\n<meta property=\"article:published_time\" content=\"2019-08-18T19:38:30+00:00\" \/>\n<meta property=\"article:modified_time\" content=\"2019-08-19T08:44:00+00:00\" \/>\n<meta property=\"og:image\" content=\"https:\/\/evertonfc.cz\/wp-content\/uploads\/2019\/08\/Bernard-19-8-2019.jpg\" \/>\n\t<meta property=\"og:image:width\" content=\"720\" \/>\n\t<meta property=\"og:image:height\" content=\"405\" \/>\n\t<meta property=\"og:image:type\" content=\"image\/jpeg\" \/>\n<meta name=\"author\" content=\"Javor\" \/>\n<meta name=\"twitter:card\" content=\"summary_large_image\" \/>\n<meta name=\"twitter:creator\" content=\"@LoudinJan\" \/>\n<meta name=\"twitter:label1\" content=\"Napsal(a)\" \/>\n\t<meta name=\"twitter:data1\" content=\"Javor\" \/>\n\t<meta name=\"twitter:label2\" content=\"Odhadovan\u00e1 doba \u010dten\u00ed\" \/>\n\t<meta name=\"twitter:data2\" content=\"2 minuty\" \/>\n<script type=\"application\/ld+json\" class=\"yoast-schema-graph\">{\"@context\":\"https:\/\/schema.org\",\"@graph\":[{\"@type\":\"Article\",\"@id\":\"https:\/\/evertonfc.cz\/index.php\/2019\/08\/18\/everton-watford-1-0\/#article\",\"isPartOf\":{\"@id\":\"https:\/\/evertonfc.cz\/index.php\/2019\/08\/18\/everton-watford-1-0\/\"},\"author\":{\"name\":\"Javor\",\"@id\":\"https:\/\/evertonfc.cz\/#\/schema\/person\/b30daf6a5852f4811f8207a17ec1bf78\"},\"headline\":\"Everton &#8211; Watford 1:0\",\"datePublished\":\"2019-08-18T19:38:30+00:00\",\"dateModified\":\"2019-08-19T08:44:00+00:00\",\"mainEntityOfPage\":{\"@id\":\"https:\/\/evertonfc.cz\/index.php\/2019\/08\/18\/everton-watford-1-0\/\"},\"wordCount\":411,\"commentCount\":6,\"publisher\":{\"@id\":\"https:\/\/evertonfc.cz\/#organization\"},\"image\":{\"@id\":\"https:\/\/evertonfc.cz\/index.php\/2019\/08\/18\/everton-watford-1-0\/#primaryimage\"},\"thumbnailUrl\":\"https:\/\/evertonfc.cz\/wp-content\/uploads\/2019\/08\/Bernard-19-8-2019.jpg\",\"articleSection\":[\"Z\u00e1pasy\"],\"inLanguage\":\"cs\",\"potentialAction\":[{\"@type\":\"CommentAction\",\"name\":\"Comment\",\"target\":[\"https:\/\/evertonfc.cz\/index.php\/2019\/08\/18\/everton-watford-1-0\/#respond\"]}]},{\"@type\":\"WebPage\",\"@id\":\"https:\/\/evertonfc.cz\/index.php\/2019\/08\/18\/everton-watford-1-0\/\",\"url\":\"https:\/\/evertonfc.cz\/index.php\/2019\/08\/18\/everton-watford-1-0\/\",\"name\":\"Everton - Watford 1:0 - Official Czech &amp; Slovak Everton Supporters&#039; Club\",\"isPartOf\":{\"@id\":\"https:\/\/evertonfc.cz\/#website\"},\"primaryImageOfPage\":{\"@id\":\"https:\/\/evertonfc.cz\/index.php\/2019\/08\/18\/everton-watford-1-0\/#primaryimage\"},\"image\":{\"@id\":\"https:\/\/evertonfc.cz\/index.php\/2019\/08\/18\/everton-watford-1-0\/#primaryimage\"},\"thumbnailUrl\":\"https:\/\/evertonfc.cz\/wp-content\/uploads\/2019\/08\/Bernard-19-8-2019.jpg\",\"datePublished\":\"2019-08-18T19:38:30+00:00\",\"dateModified\":\"2019-08-19T08:44:00+00:00\",\"breadcrumb\":{\"@id\":\"https:\/\/evertonfc.cz\/index.php\/2019\/08\/18\/everton-watford-1-0\/#breadcrumb\"},\"inLanguage\":\"cs\",\"potentialAction\":[{\"@type\":\"ReadAction\",\"target\":[\"https:\/\/evertonfc.cz\/index.php\/2019\/08\/18\/everton-watford-1-0\/\"]}]},{\"@type\":\"ImageObject\",\"inLanguage\":\"cs\",\"@id\":\"https:\/\/evertonfc.cz\/index.php\/2019\/08\/18\/everton-watford-1-0\/#primaryimage\",\"url\":\"https:\/\/evertonfc.cz\/wp-content\/uploads\/2019\/08\/Bernard-19-8-2019.jpg\",\"contentUrl\":\"https:\/\/evertonfc.cz\/wp-content\/uploads\/2019\/08\/Bernard-19-8-2019.jpg\",\"width\":720,\"height\":405},{\"@type\":\"BreadcrumbList\",\"@id\":\"https:\/\/evertonfc.cz\/index.php\/2019\/08\/18\/everton-watford-1-0\/#breadcrumb\",\"itemListElement\":[{\"@type\":\"ListItem\",\"position\":1,\"name\":\"Home\",\"item\":\"https:\/\/evertonfc.cz\/\"},{\"@type\":\"ListItem\",\"position\":2,\"name\":\"Everton &#8211; Watford 1:0\"}]},{\"@type\":\"WebSite\",\"@id\":\"https:\/\/evertonfc.cz\/#website\",\"url\":\"https:\/\/evertonfc.cz\/\",\"name\":\"Official Czech &amp; Slovak Everton Supporters&#039; Club\",\"description\":\"\",\"publisher\":{\"@id\":\"https:\/\/evertonfc.cz\/#organization\"},\"potentialAction\":[{\"@type\":\"SearchAction\",\"target\":{\"@type\":\"EntryPoint\",\"urlTemplate\":\"https:\/\/evertonfc.cz\/?s={search_term_string}\"},\"query-input\":{\"@type\":\"PropertyValueSpecification\",\"valueRequired\":true,\"valueName\":\"search_term_string\"}}],\"inLanguage\":\"cs\"},{\"@type\":\"Organization\",\"@id\":\"https:\/\/evertonfc.cz\/#organization\",\"name\":\"Official Czech & Slovak Everton Supporters' Club\",\"url\":\"https:\/\/evertonfc.cz\/\",\"logo\":{\"@type\":\"ImageObject\",\"inLanguage\":\"cs\",\"@id\":\"https:\/\/evertonfc.cz\/#\/schema\/logo\/image\/\",\"url\":\"https:\/\/evertonfc.cz\/wp-content\/uploads\/2019\/05\/logo.png\",\"contentUrl\":\"https:\/\/evertonfc.cz\/wp-content\/uploads\/2019\/05\/logo.png\",\"width\":112,\"height\":112,\"caption\":\"Official Czech & Slovak Everton Supporters' Club\"},\"image\":{\"@id\":\"https:\/\/evertonfc.cz\/#\/schema\/logo\/image\/\"},\"sameAs\":[\"https:\/\/www.facebook.com\/everton.fans.cz.sk\"]},{\"@type\":\"Person\",\"@id\":\"https:\/\/evertonfc.cz\/#\/schema\/person\/b30daf6a5852f4811f8207a17ec1bf78\",\"name\":\"Javor\",\"sameAs\":[\"https:\/\/x.com\/LoudinJan\"],\"url\":\"https:\/\/evertonfc.cz\/index.php\/author\/javor\/\"}]}<\/script>\n<!-- \/ Yoast SEO plugin. -->","yoast_head_json":{"title":"Everton - Watford 1:0 - Official Czech &amp; Slovak Everton Supporters&#039; Club","robots":{"index":"index","follow":"follow","max-snippet":"max-snippet:-1","max-image-preview":"max-image-preview:large","max-video-preview":"max-video-preview:-1"},"canonical":"https:\/\/evertonfc.cz\/index.php\/2019\/08\/18\/everton-watford-1-0\/","og_locale":"cs_CZ","og_type":"article","og_title":"Everton - Watford 1:0 - Official Czech &amp; Slovak Everton Supporters&#039; Club","og_description":"Dom\u00e1c\u00ed start se povedl - a to je dob\u0159e.","og_url":"https:\/\/evertonfc.cz\/index.php\/2019\/08\/18\/everton-watford-1-0\/","og_site_name":"Official Czech &amp; Slovak Everton Supporters&#039; Club","article_publisher":"https:\/\/www.facebook.com\/everton.fans.cz.sk","article_published_time":"2019-08-18T19:38:30+00:00","article_modified_time":"2019-08-19T08:44:00+00:00","og_image":[{"width":720,"height":405,"url":"https:\/\/evertonfc.cz\/wp-content\/uploads\/2019\/08\/Bernard-19-8-2019.jpg","type":"image\/jpeg"}],"author":"Javor","twitter_card":"summary_large_image","twitter_creator":"@LoudinJan","twitter_misc":{"Napsal(a)":"Javor","Odhadovan\u00e1 doba \u010dten\u00ed":"2 minuty"},"schema":{"@context":"https:\/\/schema.org","@graph":[{"@type":"Article","@id":"https:\/\/evertonfc.cz\/index.php\/2019\/08\/18\/everton-watford-1-0\/#article","isPartOf":{"@id":"https:\/\/evertonfc.cz\/index.php\/2019\/08\/18\/everton-watford-1-0\/"},"author":{"name":"Javor","@id":"https:\/\/evertonfc.cz\/#\/schema\/person\/b30daf6a5852f4811f8207a17ec1bf78"},"headline":"Everton &#8211; Watford 1:0","datePublished":"2019-08-18T19:38:30+00:00","dateModified":"2019-08-19T08:44:00+00:00","mainEntityOfPage":{"@id":"https:\/\/evertonfc.cz\/index.php\/2019\/08\/18\/everton-watford-1-0\/"},"wordCount":411,"commentCount":6,"publisher":{"@id":"https:\/\/evertonfc.cz\/#organization"},"image":{"@id":"https:\/\/evertonfc.cz\/index.php\/2019\/08\/18\/everton-watford-1-0\/#primaryimage"},"thumbnailUrl":"https:\/\/evertonfc.cz\/wp-content\/uploads\/2019\/08\/Bernard-19-8-2019.jpg","articleSection":["Z\u00e1pasy"],"inLanguage":"cs","potentialAction":[{"@type":"CommentAction","name":"Comment","target":["https:\/\/evertonfc.cz\/index.php\/2019\/08\/18\/everton-watford-1-0\/#respond"]}]},{"@type":"WebPage","@id":"https:\/\/evertonfc.cz\/index.php\/2019\/08\/18\/everton-watford-1-0\/","url":"https:\/\/evertonfc.cz\/index.php\/2019\/08\/18\/everton-watford-1-0\/","name":"Everton - Watford 1:0 - Official Czech &amp; Slovak Everton Supporters&#039; Club","isPartOf":{"@id":"https:\/\/evertonfc.cz\/#website"},"primaryImageOfPage":{"@id":"https:\/\/evertonfc.cz\/index.php\/2019\/08\/18\/everton-watford-1-0\/#primaryimage"},"image":{"@id":"https:\/\/evertonfc.cz\/index.php\/2019\/08\/18\/everton-watford-1-0\/#primaryimage"},"thumbnailUrl":"https:\/\/evertonfc.cz\/wp-content\/uploads\/2019\/08\/Bernard-19-8-2019.jpg","datePublished":"2019-08-18T19:38:30+00:00","dateModified":"2019-08-19T08:44:00+00:00","breadcrumb":{"@id":"https:\/\/evertonfc.cz\/index.php\/2019\/08\/18\/everton-watford-1-0\/#breadcrumb"},"inLanguage":"cs","potentialAction":[{"@type":"ReadAction","target":["https:\/\/evertonfc.cz\/index.php\/2019\/08\/18\/everton-watford-1-0\/"]}]},{"@type":"ImageObject","inLanguage":"cs","@id":"https:\/\/evertonfc.cz\/index.php\/2019\/08\/18\/everton-watford-1-0\/#primaryimage","url":"https:\/\/evertonfc.cz\/wp-content\/uploads\/2019\/08\/Bernard-19-8-2019.jpg","contentUrl":"https:\/\/evertonfc.cz\/wp-content\/uploads\/2019\/08\/Bernard-19-8-2019.jpg","width":720,"height":405},{"@type":"BreadcrumbList","@id":"https:\/\/evertonfc.cz\/index.php\/2019\/08\/18\/everton-watford-1-0\/#breadcrumb","itemListElement":[{"@type":"ListItem","position":1,"name":"Home","item":"https:\/\/evertonfc.cz\/"},{"@type":"ListItem","position":2,"name":"Everton &#8211; Watford 1:0"}]},{"@type":"WebSite","@id":"https:\/\/evertonfc.cz\/#website","url":"https:\/\/evertonfc.cz\/","name":"Official Czech &amp; Slovak Everton Supporters&#039; Club","description":"","publisher":{"@id":"https:\/\/evertonfc.cz\/#organization"},"potentialAction":[{"@type":"SearchAction","target":{"@type":"EntryPoint","urlTemplate":"https:\/\/evertonfc.cz\/?s={search_term_string}"},"query-input":{"@type":"PropertyValueSpecification","valueRequired":true,"valueName":"search_term_string"}}],"inLanguage":"cs"},{"@type":"Organization","@id":"https:\/\/evertonfc.cz\/#organization","name":"Official Czech & Slovak Everton Supporters' Club","url":"https:\/\/evertonfc.cz\/","logo":{"@type":"ImageObject","inLanguage":"cs","@id":"https:\/\/evertonfc.cz\/#\/schema\/logo\/image\/","url":"https:\/\/evertonfc.cz\/wp-content\/uploads\/2019\/05\/logo.png","contentUrl":"https:\/\/evertonfc.cz\/wp-content\/uploads\/2019\/05\/logo.png","width":112,"height":112,"caption":"Official Czech & Slovak Everton Supporters' Club"},"image":{"@id":"https:\/\/evertonfc.cz\/#\/schema\/logo\/image\/"},"sameAs":["https:\/\/www.facebook.com\/everton.fans.cz.sk"]},{"@type":"Person","@id":"https:\/\/evertonfc.cz\/#\/schema\/person\/b30daf6a5852f4811f8207a17ec1bf78","name":"Javor","sameAs":["https:\/\/x.com\/LoudinJan"],"url":"https:\/\/evertonfc.cz\/index.php\/author\/javor\/"}]}},"_links":{"self":[{"href":"https:\/\/evertonfc.cz\/index.php\/wp-json\/wp\/v2\/posts\/9036"}],"collection":[{"href":"https:\/\/evertonfc.cz\/index.php\/wp-json\/wp\/v2\/posts"}],"about":[{"href":"https:\/\/evertonfc.cz\/index.php\/wp-json\/wp\/v2\/types\/post"}],"author":[{"embeddable":true,"href":"https:\/\/evertonfc.cz\/index.php\/wp-json\/wp\/v2\/users\/12"}],"replies":[{"embeddable":true,"href":"https:\/\/evertonfc.cz\/index.php\/wp-json\/wp\/v2\/comments?post=9036"}],"version-history":[{"count":3,"href":"https:\/\/evertonfc.cz\/index.php\/wp-json\/wp\/v2\/posts\/9036\/revisions"}],"predecessor-version":[{"id":9039,"href":"https:\/\/evertonfc.cz\/index.php\/wp-json\/wp\/v2\/posts\/9036\/revisions\/9039"}],"wp:featuredmedia":[{"embeddable":true,"href":"https:\/\/evertonfc.cz\/index.php\/wp-json\/wp\/v2\/media\/9040"}],"wp:attachment":[{"href":"https:\/\/evertonfc.cz\/index.php\/wp-json\/wp\/v2\/media?parent=9036"}],"wp:term":[{"taxonomy":"category","embeddable":true,"href":"https:\/\/evertonfc.cz\/index.php\/wp-json\/wp\/v2\/categories?post=9036"},{"taxonomy":"post_tag","embeddable":true,"href":"https:\/\/evertonfc.cz\/index.php\/wp-json\/wp\/v2\/tags?post=9036"}],"curies":[{"name":"wp","href":"https:\/\/api.w.org\/{rel}","templated":true}]}}