{"id":9137,"date":"2019-08-22T18:33:48","date_gmt":"2019-08-22T16:33:48","guid":{"rendered":"https:\/\/evertonfc.cz\/?p=9137"},"modified":"2021-05-10T09:56:13","modified_gmt":"2021-05-10T07:56:13","slug":"preview-aston-villa-everton-23-8-3019","status":"publish","type":"post","link":"https:\/\/evertonfc.cz\/index.php\/2019\/08\/22\/preview-aston-villa-everton-23-8-3019\/","title":{"rendered":"Preview: Aston Villa &#8211; Everton"},"content":{"rendered":"<h4>Everton p\u0159edehraje t\u0159et\u00ed ligov\u00e9 kolo p\u00e1te\u010dn\u00edm duelem na p\u016fd\u011b nov\u00e1\u010dka veden\u00e9ho kapit\u00e1nem Jackem Grealishem, jen\u017e v Premier League prohr\u00e1l posledn\u00edch 20 z\u00e1pas\u016f.<\/h4>\n<p>Po p\u0159e\u010dten\u00ed \u00favodn\u00ed statistiky \u010dl\u00e1nku nejednoho Evertoniana jist\u011b zamraz\u00ed, v\u017edy\u0165 Toffees a\u017e p\u0159\u00edli\u0161 \u010dasto dovol\u00ed ukon\u010dit nelichotiv\u00e9 s\u00e9rie soupe\u0159\u016f. Dost ale na t\u00e9ma \u010dern\u00fdch sc\u00e9n\u00e1\u0159\u016f, je za\u010d\u00e1tek nov\u00e9 sez\u00f3ny, \u010das na optimismus.<\/p>\n<p>Sv\u011b\u0159enci Marca Silvy vstoupili do nov\u00e9ho ro\u010dn\u00edku vcelku obstojn\u011b. Jejich v\u00fdkony sice zdaleka nedosahuj\u00ed \u00farovn\u011b, na n\u00ed\u017e c\u00edl\u00ed, nicm\u00e9n\u011b \u010dty\u0159i body ze dvou z\u00e1pas\u016f a dv\u011b \u010dist\u00e9 konta (jako jedin\u00fd t\u00fdm v lize) jsou p\u0159\u00edslibem do budoucna. Silva po sobotn\u00ed dom\u00e1c\u00ed v\u00fdh\u0159e 1:0 nad Watfordem trefn\u011b poznamenal, \u017ee podobn\u00fd z\u00e1pas, v n\u011bm\u017e Blues nevych\u00e1zelo v\u0161echno na sto procent, by v lo\u0148sk\u00e9 sez\u00f3n\u011b neskon\u010dil t\u0159emi body do tabulky.<\/p>\n<p>V\u00fdjezd do Villa Parku je\u0161t\u011b zme\u0161k\u00e1 zran\u011bn\u00e1 letn\u00ed posila Fabian Delph, kter\u00e1 si odbude sout\u011b\u017en\u00ed debut v Evertonu a\u017e v p\u0159\u00ed\u0161t\u00edm t\u00fddnu v utk\u00e1n\u00ed Ligov\u00e9ho poh\u00e1ru ve st\u0159edu nebo Premier League o v\u00edkendu. K utk\u00e1n\u00ed jsou naopak p\u0159ipraveni lev\u00ed beci Digne, Baines a po jednoz\u00e1pasov\u00e9m trestu za vylou\u010den\u00ed m\u016f\u017ee nastoupit i Morgan Schneiderlin, kter\u00fd ale pravd\u011bpodobn\u011b za\u010dne st\u0159etnut\u00ed na lavi\u010dce n\u00e1hradn\u00edk\u016f.<\/p>\n<p>Co letn\u00ed \u00fato\u010dn\u00e1 posila Moise Kean, do\u010dk\u00e1 se premi\u00e9ry v z\u00e1kladn\u00ed sestav\u011b? Pravd\u011bpodobn\u011b je\u0161t\u011b ne, re\u00e1ln\u011bj\u0161\u00ed je jeho op\u011btovn\u00fd p\u0159\u00edchod ze st\u0159\u00edda\u010dky a\u017e po 60. minut\u011b duelu. Participace v z\u00e1v\u011bre\u010dn\u00fdch minut\u00e1ch se d\u00e1 p\u0159edpokl\u00e1dat i pro jinou letn\u00ed posilu a potencion\u00e1ln\u00edho debutanta Alexe Iwobiho.<\/p>\n<p>Aston Villa stejn\u011b jako Everton pat\u0159\u00ed k z\u00e1kl\u00e1daj\u00edc\u00edm t\u00fdm\u016fm anglick\u00e9 ligy, vz\u00e1jemn\u00fd souboj t\u011bchto dvou t\u00fdm\u016f je v\u016fbec t\u00edm nehran\u011bj\u0161\u00edm v nejvy\u0161\u0161\u00ed sout\u011b\u017ei. T\u00fdmy v p\u00e1tek zm\u011b\u0159\u00ed s\u00edly u\u017e po 203. (73 v\u00fdher pro Villans, 76 v\u00fdher pro Everton).<\/p>\n<p>Obdivovatele star\u00fdch \u010das\u016f tak n\u00e1vrat Villans do Premier League po t\u0159ech sez\u00f3n\u00e1ch v Championshipu pot\u011b\u0161il, klasickou ot\u00e1zkou jsou v\u0161ak \u0161ance na udr\u017een\u00ed. T\u00fdm mana\u017eerovan\u00fd Angli\u010danem Deanem Smithem p\u0159es l\u00e9to notn\u011b utr\u00e1cel. <a href=\"https:\/\/www.transfermarkt.com\/aston-villa\/transfers\/verein\/405\" target=\"_blank\" rel=\"noopener noreferrer\">Nakoupil a\u017e 12 nov\u00fdch hr\u00e1\u010d\u016f za v\u00edce ne\u017e 130 mili\u00f3n\u016f liber,<\/a> a i proto ani samotn\u00fd Dean st\u00e1le netu\u0161\u00ed, jak\u00e1 je jeho nejlep\u0161\u00ed jeden\u00e1ctka.<\/p>\n<p>Po prohr\u00e1ch 1:3 na p\u016fd\u011b Spurs a 1:2 doma s\u00a0Bournemouthem se tedy o\u010dek\u00e1vaj\u00ed zm\u011bny v\u00a0z\u00e1kladn\u00ed sestav\u011b. Jist\u00e1 je pouze ne\u00fa\u010dast zran\u011bn\u00fdch Chestera, Kodjii a Hause.<\/p>\n<p>Pokud byste necht\u011bli sledovat z\u00e1pas sami, <a href=\"https:\/\/evertonfc.cz\/index.php\/2019\/07\/17\/zraz-v-prahe-a-zlavova-vyzva\/\" target=\"_blank\" rel=\"noopener noreferrer\">v Praze najdete n\u011bkolik sp\u0159\u00edzn\u011bn\u00fdch du\u0161\u00ed v modr\u00e9<\/a>, je\u017e v\u00e1s ur\u010dit\u011b s ochotou p\u0159ijmou mezi sebe.<\/p>\n<p><strong>Co:<\/strong> Aston Villa FC &#8211; Everton FC<br \/>\n<strong>Kdy:<\/strong> 23. 8. 2019 od 21:00, 3. kolo Premier League<br \/>\n<strong>TV:<\/strong> \u017div\u011b na Premier Sport<br \/>\n<strong>Kde:<\/strong> Villa Park, Trinity Road, Birmingham (kapacita: 42 682)<br \/>\n<strong>Rozhod\u010d\u00ed:<\/strong> Michael Oliver<\/p>\n","protected":false},"excerpt":{"rendered":"<p>Everton p\u0159edehraje t\u0159et\u00ed ligov\u00e9 kolo p\u00e1te\u010dn\u00edm duelem na p\u016fd\u011b nov\u00e1\u010dka veden\u00e9ho kapit\u00e1nem Jackem Grealishem, jen\u017e v Premier League prohr\u00e1l posledn\u00edch 20 z\u00e1pas\u016f.<\/p>\n","protected":false},"author":6,"featured_media":15296,"comment_status":"open","ping_status":"closed","sticky":false,"template":"","format":"standard","meta":{"_eb_attr":"","_monsterinsights_skip_tracking":false,"_monsterinsights_sitenote_active":false,"_monsterinsights_sitenote_note":"","_monsterinsights_sitenote_category":0,"footnotes":""},"categories":[4],"tags":[],"yoast_head":"<!-- This site is optimized with the Yoast SEO plugin v23.4 - https:\/\/yoast.com\/wordpress\/plugins\/seo\/ -->\n<title>Preview: Aston Villa - Everton - Official Czech &amp; Slovak Everton Supporters&#039; Club<\/title>\n<meta name=\"robots\" content=\"index, follow, max-snippet:-1, max-image-preview:large, max-video-preview:-1\" \/>\n<link rel=\"canonical\" href=\"https:\/\/evertonfc.cz\/index.php\/2019\/08\/22\/preview-aston-villa-everton-23-8-3019\/\" \/>\n<meta property=\"og:locale\" content=\"cs_CZ\" \/>\n<meta property=\"og:type\" content=\"article\" \/>\n<meta property=\"og:title\" content=\"Preview: Aston Villa - Everton - Official Czech &amp; Slovak Everton Supporters&#039; Club\" \/>\n<meta property=\"og:description\" content=\"Everton p\u0159edehraje t\u0159et\u00ed ligov\u00e9 kolo p\u00e1te\u010dn\u00edm duelem na p\u016fd\u011b nov\u00e1\u010dka veden\u00e9ho kapit\u00e1nem Jackem Grealishem, jen\u017e v Premier League prohr\u00e1l posledn\u00edch 20 z\u00e1pas\u016f.\" \/>\n<meta property=\"og:url\" content=\"https:\/\/evertonfc.cz\/index.php\/2019\/08\/22\/preview-aston-villa-everton-23-8-3019\/\" \/>\n<meta property=\"og:site_name\" content=\"Official Czech &amp; Slovak Everton Supporters&#039; Club\" \/>\n<meta property=\"article:publisher\" content=\"https:\/\/www.facebook.com\/everton.fans.cz.sk\" \/>\n<meta property=\"article:published_time\" content=\"2019-08-22T16:33:48+00:00\" \/>\n<meta property=\"article:modified_time\" content=\"2021-05-10T07:56:13+00:00\" \/>\n<meta property=\"og:image\" content=\"https:\/\/evertonfc.cz\/wp-content\/uploads\/2021\/05\/Aston-Villa-VS-Everton.jpg\" \/>\n\t<meta property=\"og:image:width\" content=\"720\" \/>\n\t<meta property=\"og:image:height\" content=\"405\" \/>\n\t<meta property=\"og:image:type\" content=\"image\/jpeg\" \/>\n<meta name=\"author\" content=\"Ri\u010di\" \/>\n<meta name=\"twitter:card\" content=\"summary_large_image\" \/>\n<meta name=\"twitter:creator\" content=\"@rbrejsa\" \/>\n<meta name=\"twitter:label1\" content=\"Napsal(a)\" \/>\n\t<meta name=\"twitter:data1\" content=\"Ri\u010di\" \/>\n\t<meta name=\"twitter:label2\" content=\"Odhadovan\u00e1 doba \u010dten\u00ed\" \/>\n\t<meta name=\"twitter:data2\" content=\"3 minuty\" \/>\n<script type=\"application\/ld+json\" class=\"yoast-schema-graph\">{\"@context\":\"https:\/\/schema.org\",\"@graph\":[{\"@type\":\"Article\",\"@id\":\"https:\/\/evertonfc.cz\/index.php\/2019\/08\/22\/preview-aston-villa-everton-23-8-3019\/#article\",\"isPartOf\":{\"@id\":\"https:\/\/evertonfc.cz\/index.php\/2019\/08\/22\/preview-aston-villa-everton-23-8-3019\/\"},\"author\":{\"name\":\"Ri\u010di\",\"@id\":\"https:\/\/evertonfc.cz\/#\/schema\/person\/f7a5daedb2ffee98480bc70e191aaef1\"},\"headline\":\"Preview: Aston Villa &#8211; Everton\",\"datePublished\":\"2019-08-22T16:33:48+00:00\",\"dateModified\":\"2021-05-10T07:56:13+00:00\",\"mainEntityOfPage\":{\"@id\":\"https:\/\/evertonfc.cz\/index.php\/2019\/08\/22\/preview-aston-villa-everton-23-8-3019\/\"},\"wordCount\":540,\"commentCount\":0,\"publisher\":{\"@id\":\"https:\/\/evertonfc.cz\/#organization\"},\"image\":{\"@id\":\"https:\/\/evertonfc.cz\/index.php\/2019\/08\/22\/preview-aston-villa-everton-23-8-3019\/#primaryimage\"},\"thumbnailUrl\":\"https:\/\/evertonfc.cz\/wp-content\/uploads\/2021\/05\/Aston-Villa-VS-Everton.jpg\",\"articleSection\":[\"Z\u00e1pasy\"],\"inLanguage\":\"cs\",\"potentialAction\":[{\"@type\":\"CommentAction\",\"name\":\"Comment\",\"target\":[\"https:\/\/evertonfc.cz\/index.php\/2019\/08\/22\/preview-aston-villa-everton-23-8-3019\/#respond\"]}]},{\"@type\":\"WebPage\",\"@id\":\"https:\/\/evertonfc.cz\/index.php\/2019\/08\/22\/preview-aston-villa-everton-23-8-3019\/\",\"url\":\"https:\/\/evertonfc.cz\/index.php\/2019\/08\/22\/preview-aston-villa-everton-23-8-3019\/\",\"name\":\"Preview: Aston Villa - Everton - Official Czech &amp; Slovak Everton Supporters&#039; Club\",\"isPartOf\":{\"@id\":\"https:\/\/evertonfc.cz\/#website\"},\"primaryImageOfPage\":{\"@id\":\"https:\/\/evertonfc.cz\/index.php\/2019\/08\/22\/preview-aston-villa-everton-23-8-3019\/#primaryimage\"},\"image\":{\"@id\":\"https:\/\/evertonfc.cz\/index.php\/2019\/08\/22\/preview-aston-villa-everton-23-8-3019\/#primaryimage\"},\"thumbnailUrl\":\"https:\/\/evertonfc.cz\/wp-content\/uploads\/2021\/05\/Aston-Villa-VS-Everton.jpg\",\"datePublished\":\"2019-08-22T16:33:48+00:00\",\"dateModified\":\"2021-05-10T07:56:13+00:00\",\"breadcrumb\":{\"@id\":\"https:\/\/evertonfc.cz\/index.php\/2019\/08\/22\/preview-aston-villa-everton-23-8-3019\/#breadcrumb\"},\"inLanguage\":\"cs\",\"potentialAction\":[{\"@type\":\"ReadAction\",\"target\":[\"https:\/\/evertonfc.cz\/index.php\/2019\/08\/22\/preview-aston-villa-everton-23-8-3019\/\"]}]},{\"@type\":\"ImageObject\",\"inLanguage\":\"cs\",\"@id\":\"https:\/\/evertonfc.cz\/index.php\/2019\/08\/22\/preview-aston-villa-everton-23-8-3019\/#primaryimage\",\"url\":\"https:\/\/evertonfc.cz\/wp-content\/uploads\/2021\/05\/Aston-Villa-VS-Everton.jpg\",\"contentUrl\":\"https:\/\/evertonfc.cz\/wp-content\/uploads\/2021\/05\/Aston-Villa-VS-Everton.jpg\",\"width\":720,\"height\":405},{\"@type\":\"BreadcrumbList\",\"@id\":\"https:\/\/evertonfc.cz\/index.php\/2019\/08\/22\/preview-aston-villa-everton-23-8-3019\/#breadcrumb\",\"itemListElement\":[{\"@type\":\"ListItem\",\"position\":1,\"name\":\"Home\",\"item\":\"https:\/\/evertonfc.cz\/\"},{\"@type\":\"ListItem\",\"position\":2,\"name\":\"Preview: Aston Villa &#8211; Everton\"}]},{\"@type\":\"WebSite\",\"@id\":\"https:\/\/evertonfc.cz\/#website\",\"url\":\"https:\/\/evertonfc.cz\/\",\"name\":\"Official Czech &amp; Slovak Everton Supporters&#039; Club\",\"description\":\"\",\"publisher\":{\"@id\":\"https:\/\/evertonfc.cz\/#organization\"},\"potentialAction\":[{\"@type\":\"SearchAction\",\"target\":{\"@type\":\"EntryPoint\",\"urlTemplate\":\"https:\/\/evertonfc.cz\/?s={search_term_string}\"},\"query-input\":{\"@type\":\"PropertyValueSpecification\",\"valueRequired\":true,\"valueName\":\"search_term_string\"}}],\"inLanguage\":\"cs\"},{\"@type\":\"Organization\",\"@id\":\"https:\/\/evertonfc.cz\/#organization\",\"name\":\"Official Czech & Slovak Everton Supporters' Club\",\"url\":\"https:\/\/evertonfc.cz\/\",\"logo\":{\"@type\":\"ImageObject\",\"inLanguage\":\"cs\",\"@id\":\"https:\/\/evertonfc.cz\/#\/schema\/logo\/image\/\",\"url\":\"https:\/\/evertonfc.cz\/wp-content\/uploads\/2019\/05\/logo.png\",\"contentUrl\":\"https:\/\/evertonfc.cz\/wp-content\/uploads\/2019\/05\/logo.png\",\"width\":112,\"height\":112,\"caption\":\"Official Czech & Slovak Everton Supporters' Club\"},\"image\":{\"@id\":\"https:\/\/evertonfc.cz\/#\/schema\/logo\/image\/\"},\"sameAs\":[\"https:\/\/www.facebook.com\/everton.fans.cz.sk\"]},{\"@type\":\"Person\",\"@id\":\"https:\/\/evertonfc.cz\/#\/schema\/person\/f7a5daedb2ffee98480bc70e191aaef1\",\"name\":\"Ri\u010di\",\"sameAs\":[\"https:\/\/x.com\/rbrejsa\"],\"url\":\"https:\/\/evertonfc.cz\/index.php\/author\/rici\/\"}]}<\/script>\n<!-- \/ Yoast SEO plugin. -->","yoast_head_json":{"title":"Preview: Aston Villa - Everton - Official Czech &amp; Slovak Everton Supporters&#039; Club","robots":{"index":"index","follow":"follow","max-snippet":"max-snippet:-1","max-image-preview":"max-image-preview:large","max-video-preview":"max-video-preview:-1"},"canonical":"https:\/\/evertonfc.cz\/index.php\/2019\/08\/22\/preview-aston-villa-everton-23-8-3019\/","og_locale":"cs_CZ","og_type":"article","og_title":"Preview: Aston Villa - Everton - Official Czech &amp; Slovak Everton Supporters&#039; Club","og_description":"Everton p\u0159edehraje t\u0159et\u00ed ligov\u00e9 kolo p\u00e1te\u010dn\u00edm duelem na p\u016fd\u011b nov\u00e1\u010dka veden\u00e9ho kapit\u00e1nem Jackem Grealishem, jen\u017e v Premier League prohr\u00e1l posledn\u00edch 20 z\u00e1pas\u016f.","og_url":"https:\/\/evertonfc.cz\/index.php\/2019\/08\/22\/preview-aston-villa-everton-23-8-3019\/","og_site_name":"Official Czech &amp; Slovak Everton Supporters&#039; Club","article_publisher":"https:\/\/www.facebook.com\/everton.fans.cz.sk","article_published_time":"2019-08-22T16:33:48+00:00","article_modified_time":"2021-05-10T07:56:13+00:00","og_image":[{"width":720,"height":405,"url":"https:\/\/evertonfc.cz\/wp-content\/uploads\/2021\/05\/Aston-Villa-VS-Everton.jpg","type":"image\/jpeg"}],"author":"Ri\u010di","twitter_card":"summary_large_image","twitter_creator":"@rbrejsa","twitter_misc":{"Napsal(a)":"Ri\u010di","Odhadovan\u00e1 doba \u010dten\u00ed":"3 minuty"},"schema":{"@context":"https:\/\/schema.org","@graph":[{"@type":"Article","@id":"https:\/\/evertonfc.cz\/index.php\/2019\/08\/22\/preview-aston-villa-everton-23-8-3019\/#article","isPartOf":{"@id":"https:\/\/evertonfc.cz\/index.php\/2019\/08\/22\/preview-aston-villa-everton-23-8-3019\/"},"author":{"name":"Ri\u010di","@id":"https:\/\/evertonfc.cz\/#\/schema\/person\/f7a5daedb2ffee98480bc70e191aaef1"},"headline":"Preview: Aston Villa &#8211; Everton","datePublished":"2019-08-22T16:33:48+00:00","dateModified":"2021-05-10T07:56:13+00:00","mainEntityOfPage":{"@id":"https:\/\/evertonfc.cz\/index.php\/2019\/08\/22\/preview-aston-villa-everton-23-8-3019\/"},"wordCount":540,"commentCount":0,"publisher":{"@id":"https:\/\/evertonfc.cz\/#organization"},"image":{"@id":"https:\/\/evertonfc.cz\/index.php\/2019\/08\/22\/preview-aston-villa-everton-23-8-3019\/#primaryimage"},"thumbnailUrl":"https:\/\/evertonfc.cz\/wp-content\/uploads\/2021\/05\/Aston-Villa-VS-Everton.jpg","articleSection":["Z\u00e1pasy"],"inLanguage":"cs","potentialAction":[{"@type":"CommentAction","name":"Comment","target":["https:\/\/evertonfc.cz\/index.php\/2019\/08\/22\/preview-aston-villa-everton-23-8-3019\/#respond"]}]},{"@type":"WebPage","@id":"https:\/\/evertonfc.cz\/index.php\/2019\/08\/22\/preview-aston-villa-everton-23-8-3019\/","url":"https:\/\/evertonfc.cz\/index.php\/2019\/08\/22\/preview-aston-villa-everton-23-8-3019\/","name":"Preview: Aston Villa - Everton - Official Czech &amp; Slovak Everton Supporters&#039; Club","isPartOf":{"@id":"https:\/\/evertonfc.cz\/#website"},"primaryImageOfPage":{"@id":"https:\/\/evertonfc.cz\/index.php\/2019\/08\/22\/preview-aston-villa-everton-23-8-3019\/#primaryimage"},"image":{"@id":"https:\/\/evertonfc.cz\/index.php\/2019\/08\/22\/preview-aston-villa-everton-23-8-3019\/#primaryimage"},"thumbnailUrl":"https:\/\/evertonfc.cz\/wp-content\/uploads\/2021\/05\/Aston-Villa-VS-Everton.jpg","datePublished":"2019-08-22T16:33:48+00:00","dateModified":"2021-05-10T07:56:13+00:00","breadcrumb":{"@id":"https:\/\/evertonfc.cz\/index.php\/2019\/08\/22\/preview-aston-villa-everton-23-8-3019\/#breadcrumb"},"inLanguage":"cs","potentialAction":[{"@type":"ReadAction","target":["https:\/\/evertonfc.cz\/index.php\/2019\/08\/22\/preview-aston-villa-everton-23-8-3019\/"]}]},{"@type":"ImageObject","inLanguage":"cs","@id":"https:\/\/evertonfc.cz\/index.php\/2019\/08\/22\/preview-aston-villa-everton-23-8-3019\/#primaryimage","url":"https:\/\/evertonfc.cz\/wp-content\/uploads\/2021\/05\/Aston-Villa-VS-Everton.jpg","contentUrl":"https:\/\/evertonfc.cz\/wp-content\/uploads\/2021\/05\/Aston-Villa-VS-Everton.jpg","width":720,"height":405},{"@type":"BreadcrumbList","@id":"https:\/\/evertonfc.cz\/index.php\/2019\/08\/22\/preview-aston-villa-everton-23-8-3019\/#breadcrumb","itemListElement":[{"@type":"ListItem","position":1,"name":"Home","item":"https:\/\/evertonfc.cz\/"},{"@type":"ListItem","position":2,"name":"Preview: Aston Villa &#8211; Everton"}]},{"@type":"WebSite","@id":"https:\/\/evertonfc.cz\/#website","url":"https:\/\/evertonfc.cz\/","name":"Official Czech &amp; Slovak Everton Supporters&#039; Club","description":"","publisher":{"@id":"https:\/\/evertonfc.cz\/#organization"},"potentialAction":[{"@type":"SearchAction","target":{"@type":"EntryPoint","urlTemplate":"https:\/\/evertonfc.cz\/?s={search_term_string}"},"query-input":{"@type":"PropertyValueSpecification","valueRequired":true,"valueName":"search_term_string"}}],"inLanguage":"cs"},{"@type":"Organization","@id":"https:\/\/evertonfc.cz\/#organization","name":"Official Czech & Slovak Everton Supporters' Club","url":"https:\/\/evertonfc.cz\/","logo":{"@type":"ImageObject","inLanguage":"cs","@id":"https:\/\/evertonfc.cz\/#\/schema\/logo\/image\/","url":"https:\/\/evertonfc.cz\/wp-content\/uploads\/2019\/05\/logo.png","contentUrl":"https:\/\/evertonfc.cz\/wp-content\/uploads\/2019\/05\/logo.png","width":112,"height":112,"caption":"Official Czech & Slovak Everton Supporters' Club"},"image":{"@id":"https:\/\/evertonfc.cz\/#\/schema\/logo\/image\/"},"sameAs":["https:\/\/www.facebook.com\/everton.fans.cz.sk"]},{"@type":"Person","@id":"https:\/\/evertonfc.cz\/#\/schema\/person\/f7a5daedb2ffee98480bc70e191aaef1","name":"Ri\u010di","sameAs":["https:\/\/x.com\/rbrejsa"],"url":"https:\/\/evertonfc.cz\/index.php\/author\/rici\/"}]}},"_links":{"self":[{"href":"https:\/\/evertonfc.cz\/index.php\/wp-json\/wp\/v2\/posts\/9137"}],"collection":[{"href":"https:\/\/evertonfc.cz\/index.php\/wp-json\/wp\/v2\/posts"}],"about":[{"href":"https:\/\/evertonfc.cz\/index.php\/wp-json\/wp\/v2\/types\/post"}],"author":[{"embeddable":true,"href":"https:\/\/evertonfc.cz\/index.php\/wp-json\/wp\/v2\/users\/6"}],"replies":[{"embeddable":true,"href":"https:\/\/evertonfc.cz\/index.php\/wp-json\/wp\/v2\/comments?post=9137"}],"version-history":[{"count":9,"href":"https:\/\/evertonfc.cz\/index.php\/wp-json\/wp\/v2\/posts\/9137\/revisions"}],"predecessor-version":[{"id":9146,"href":"https:\/\/evertonfc.cz\/index.php\/wp-json\/wp\/v2\/posts\/9137\/revisions\/9146"}],"wp:featuredmedia":[{"embeddable":true,"href":"https:\/\/evertonfc.cz\/index.php\/wp-json\/wp\/v2\/media\/15296"}],"wp:attachment":[{"href":"https:\/\/evertonfc.cz\/index.php\/wp-json\/wp\/v2\/media?parent=9137"}],"wp:term":[{"taxonomy":"category","embeddable":true,"href":"https:\/\/evertonfc.cz\/index.php\/wp-json\/wp\/v2\/categories?post=9137"},{"taxonomy":"post_tag","embeddable":true,"href":"https:\/\/evertonfc.cz\/index.php\/wp-json\/wp\/v2\/tags?post=9137"}],"curies":[{"name":"wp","href":"https:\/\/api.w.org\/{rel}","templated":true}]}}