{"id":9288,"date":"2019-09-04T11:39:23","date_gmt":"2019-09-04T09:39:23","guid":{"rendered":"https:\/\/evertonfc.cz\/?p=9288"},"modified":"2020-03-26T13:36:26","modified_gmt":"2020-03-26T12:36:26","slug":"calvert-lewin-chce-splatit-doveru","status":"publish","type":"post","link":"https:\/\/evertonfc.cz\/index.php\/2019\/09\/04\/calvert-lewin-chce-splatit-doveru\/","title":{"rendered":"Calvert-Lewin chce splati\u0165 d\u00f4veru"},"content":{"rendered":"<h4>Mlad\u00fd \u00fato\u010dn\u00edk ned\u00e1vno priznal, \u017ee nov\u00e9 \u010d\u00edslo dev\u00e4\u0165 na jeho drese je pre\u0148ho doslova splnen\u00fdm snom, ale \u010do v\u0161etko sa skr\u00fdva za prijat\u00edm takej d\u00e1vky zodpovednosti?<\/h4>\n<p>V\u00a0marci tohto roka Marcel Brands prehl\u00e1sil, \u017ee m\u00e1me dobr\u00e9 mu\u017estvo, av\u0161ak je si vedom\u00fd, \u017ee fan\u00fa\u0161ikovia prahn\u00fa po \u00fato\u010dn\u00edkovi, ktor\u00fd by nastrie\u013eal dvadsa\u0165 g\u00f3lov za sez\u00f3nu. Ale pod\u013ea neho m\u00f4\u017eeme \u010fakova\u0165 \u0161\u0165astene, \u017ee Everton m\u00e1 hr\u00e1\u010dov s obrovsk\u00fdm potenci\u00e1lom, ktor\u00ed maj\u00fa len dvadsa\u0165jeden rokov. Myslel t\u00fdm menovite Dominica, Richarlisona a\u00a0aj Ademolu Lookmana.<\/p>\n<p>A\u00a0ak by ste boli jedn\u00fdm z\u00a0t\u00fdch hr\u00e1\u010dov, ur\u010dite by v\u00e1m odpadol kame\u0148 zo srdca a\u00a0c\u00edtili by ste nie\u010do ako svedomie. Rob\u00edm v\u0161etko preto, aby som si zasl\u00fa\u017eil tak\u00e9to odv\u00e1\u017ene slov\u00e1? Brands pokra\u010doval a\u00a0neochvejne sa postavil do role ochrancu mlad\u00fdch talentov. Nielen slovami, i\u00a0\u010dinmi cez toto prestupov\u00e9 obdobie, ke\u010f miesto hviezdy priviedol \u010fal\u0161\u00ed mlad\u00fd talent.<\/p>\n<p><em>\u201eJe to obrovsk\u00e1 d\u00f4vera, ktor\u00fa do m\u0148a klub vlo\u017eil a\u00a0neskuto\u010dn\u00e9 povzbudenie sebavedomia. Preto to beriem tak, \u017ee im chcem dok\u00e1za\u0165 spr\u00e1vnos\u0165 tohto rozhodnutia a\u00a0oplati\u0165 im ho dobr\u00fdmi v\u00fdkonmi a\u00a0g\u00f3lmi. Aj preto tvrdo tr\u00e9nujem ka\u017ed\u00fd de\u0148. V\u00a0Premier League m\u00e1te v\u017edy konkurenciu, plne som o\u010dak\u00e1val teda, \u017ee klub privedie nov\u00fdch hr\u00e1\u010dov. Na moju poz\u00edciu alebo inde. Nem\u00f4\u017eete si naivne myslie\u0165, \u017ee sa tak nestane.\u201c<\/em><\/p>\n<p>Veru\u017ee tak, nikto si nem\u00f4\u017ee dovoli\u0165 zaspa\u0165 na vavr\u00ednoch. Ke\u010f mal Everton za sebou len dve \u00favodn\u00e9 kol\u00e1, u\u017e sa medzi fan\u00fa\u0161ikmi spom\u00ednala v\u00fdmena person\u00e1lu na hrote. Pr\u00e1ve v \u00fatoku moment\u00e1lne panuje najv\u00e4\u010d\u0161\u00ed skepticizmus. A hoci v poslednom poh\u00e1rovom aj ligovom z\u00e1pase sme boli svedkami ve\u013ekej n\u00e1dielky v podan\u00ed Karameliek, neboli to hrotov\u00ed \u00fato\u010dn\u00edci, kto sa o g\u00f3ly postaral.<\/p>\n<p><em>\u201eMana\u017e\u00e9r odo m\u0148a st\u00e1le po\u017eaduje to ist\u00e9. Konzistenciu. Stabilne dobr\u00e9 v\u00fdkony a\u00a0pokra\u010dovanie v\u00a0tom, \u010do som \u00faspe\u0161ne robil minul\u00fa sez\u00f3nu \u2013 podr\u017eanie hry, roz\u0165ahovanie obrany a\u00a0zachovanie si svojho prirodzen\u00e9ho hern\u00e9ho prejavu, ktor\u00fd sa stoto\u017e\u0148uje so sp\u00f4sobom, ak\u00fdm hr\u00e1me. Som si ist\u00fd, \u017ee chce aby som pridal viac g\u00f3lov, rovnako tak ja, tak\u017ee mi vypichol nieko\u013eko detailov, ktor\u00e9 mi v\u00a0tom maj\u00fa pom\u00f4c\u0165. Ver\u00edm, \u017ee ke\u010f si za\u010dneme v\u00a0\u00fatoku toho vytv\u00e1ra\u0165 viac, za\u010dneme mi to tam pada\u0165.\u201c<\/em><\/p>\n<p>Mlad\u00fd Angli\u010dan m\u00e1 pravdu. Everton zatia\u013e t\u00fato sez\u00f3nu neopl\u00fdval ve\u013ekou d\u00e1vkou tvorivosti a\u00a0prejavilo sa to aj na potencii \u00fatoku. A\u00a0ke\u010f viazne dod\u00e1vka s\u013eubn\u00fdch pr\u00edle\u017eitost\u00ed k\u00a0c\u00edpu va\u0161ej \u00fato\u010dnej hry, je \u00faplne jedno, kto m\u00e1 t\u00fato ne\u013eahk\u00fa \u00falohu na starosti. Preto treba odmeni\u0165 aj fakt obetovania sa pre t\u00edm.<\/p>\n<p><em>\u201eJe to \u010dasto frustruj\u00face, ke\u010f d\u00e1te do toho v\u0161etko a\u00a0nie v\u017edy zliznete odmenu. Ale podstatn\u00e9 je od\u00eds\u0165 z\u00a0ihriska s\u00a0tromi bodmi, tak ako proti Watfordu. Ned\u00e1 sa v\u017edy streli\u0165 g\u00f3l, alebo \u00e1no? Ver\u00edm v\u0161ak, \u017ee sa e\u0161te zlep\u0161\u00edm, preto\u017ee som u\u017e sa c\u00edtim viac fit a\u00a0silnej\u0161\u00ed. Mysl\u00edm, \u017ee mus\u00edm len robi\u0165 to, \u010do doteraz, hra\u0165 vlastn\u00fa hru a ma\u0165 na zreteli len seba. Sna\u017ei\u0165 sa v\u017edy na tr\u00e9ningu a\u00a0pok\u00fa\u0161a\u0165 sa zapadn\u00fa\u0165 do syst\u00e9mu.\u201c<\/em><\/p>\n<p>Zapadn\u00fa\u0165 do Silvovho syst\u00e9mu nie je \u013eahk\u00e1 \u00faloha. Mohol by o\u00a0tom rozpr\u00e1va\u0165 aj tureck\u00fd reprezenta\u010dn\u00fd \u00fato\u010dn\u00edk Tosun. Ten nie a\u00a0nie si n\u00e1js\u0165 cestu do z\u00e1kladnej zostavy aj napriek tomu, \u017ee disponuje v\u00e4\u010d\u0161\u00edmi sk\u00fasenos\u0165ami a\u00a0aj schopnos\u0165ami pred br\u00e1nou, ne\u017e Calvert-Lewin. Ten na svoj seniorsk\u00fd debut za Anglicko e\u0161te len \u010dak\u00e1 a\u00a0Silva v\u00a0\u0148om u\u017e teraz vid\u00ed nie\u010do viac. Inak by mu nevenoval to\u013eko \u010dasu a\u00a0pozornosti.<\/p>\n<p><em>\u201eVe\u013ea som nevedel o\u00a0\u00fato\u010dn\u00edkoch, ktor\u00fdch mal predt\u00fdm, okrem Deeneyho z\u00a0Watfordu samozrejme. Ale \u0161t\u00fdl, ak\u00fdm hr\u00e1me mne osobne vyhovuje. Mus\u00edte by\u0165 naozaj pohybliv\u00fd, aby ste si vysta\u010dili ob\u010das na hrote aj sami. Vie to by\u0165 \u0165a\u017ek\u00e1 \u00faloha, ale ja si to u\u017e\u00edvam. C\u00edtim, akoby som sa ka\u017ed\u00fd t\u00fd\u017ede\u0148 nau\u010dil viac a\u00a0viac. Ak si kou\u010d mysl\u00ed, \u017ee ma m\u00f4\u017ee v\u00a0nie\u010dom zlep\u0161i\u0165, za\u010dne to so mnou drilova\u0165. M\u00e1m pocit, \u017ee pozi\u010dne mi dos\u0165 pomohol. Kde a\u00a0kedy by\u0165, obzvl\u00e1\u0161\u0165 pri pohybe bez lopty a\u00a0teraz u\u017e aj s\u00a0\u0148ou. Av\u0161ak s\u00fa tu aj r\u00f4zne men\u0161ie detaily, na ktor\u00e9 ma upozor\u0148uje a\u00a0pom\u00e1ha mi t\u00fdm na dennodennej b\u00e1ze. To mi m\u00f4\u017ee len a len pom\u00f4c\u0165.\u201c<\/em><\/p>\n<p>Ako s\u00e1m vrav\u00ed, vo zv\u00fd\u0161enej konkurencii nevid\u00ed probl\u00e9m. A vedenie klubu sa domnieva, \u017ee mu to m\u00f4\u017ee len pom\u00f4c\u0165. E\u0161te mlad\u0161\u00ed Moise Kean sa toti\u017e tie\u017e m\u00e1 \u010do e\u0161te u\u010di\u0165. Kde Dominic vy\u010dnieva pracovitos\u0165ou a\u00a0sk\u00fasenos\u0165ami ostrovn\u00e9ho futbalu, tam si to taliansky supertalent vynahr\u00e1dza svojou dravos\u0165ou a\u00a0technick\u00fdmi zru\u010dnos\u0165ami. Sn\u00e1\u010f pochytia obidvaja \u010do to zo svojich siln\u00fdch str\u00e1nok.<\/p>\n<p><em>\u201eV\u017edy sa n\u00e1jdu \u0161pekul\u00e1cie o\u00a0hr\u00e1\u010doch prestupuj\u00facich sem a\u00a0tam, v\u0161ade mo\u017ene. Je to nie\u010do, \u010domu nem\u00f4\u017eete venova\u0165 pr\u00edli\u0161 pozornosti. Bol som na Eure a\u00a0potom na dovolenke, a\u00a0ke\u010f som sa vr\u00e1til na predsez\u00f3nnu pr\u00edpravu, s\u00fastredil som sa len na seba. By\u0165 \u010do v\u00a0najlep\u0161ej forme, pripraven\u00fd predvies\u0165 to najlep\u0161ie. U\u017e som si to za\u017eil. Cenk, Sandro&#8230; nikdy neviete. Moise je dobr\u00fd chalan. Ve\u013emi dobre s\u00a0n\u00edm vych\u00e1dzam, tak\u017ee to bude fajn s\u00fa\u0165a\u017eenie t\u00fato sez\u00f3nu.\u201c<\/em><\/p>\n<p>E\u0161te pre za\u010dat\u00edm novej sez\u00f3ny sa Calvert-Lewin nechal po\u010du\u0165, \u017ee pr\u00edle\u017eitos\u0165 nosi\u0165 \u010d\u00edslo 9 na drese by pre neho znamenalo ve\u013emi ve\u013ea. Nov\u00fa v\u00fdzvu, nov\u00fd z\u00e1v\u00e4zok. Nie ka\u017ed\u00fd toti\u017e dok\u00e1\u017ee splni\u0165 o\u010dak\u00e1vania Evertonians, ktor\u00e9 vznikli ako d\u00f4sledok nev\u00eddanej geniality jedn\u00e9ho z\u00a0najnedocenenej\u0161\u00edch hr\u00e1\u010dov hist\u00f3rie futbalu ako tak\u00e9ho. D\u00fafajme preto, \u017ee sa mu bude dari\u0165 reprezentova\u0165 Deanovo \u010d\u00edslo so vzt\u00fd\u010denou hlavou.<\/p>\n<p><em>\u201eNelipol som na tom, ale vedel som, \u017ee bude dostupn\u00e9. Tak\u017ee mi to pri\u0161lo prirodzen\u00e9. Odohral som ku koncu sez\u00f3ny desa\u0165 z\u00e1pasov za sebou. Preto som sa na to op\u00fdtal, mali sme men\u0161\u00ed rozhovor a\u00a0mana\u017e\u00e9r povedal \u2013 ,Ak ho chce\u0161, m\u00f4\u017ee\u0161 ho ma\u0165.\u00b4 \u2013 tak som si ho zobral. Mysl\u00edm, \u017ee to bola ist\u00e1 forma prehl\u00e1senia. Pri\u0161iel som do t\u00edmu ako mlad\u00fd hr\u00e1\u010d, \u010di\u017ee som si\u00a0musel prejs\u0165 v\u00fdvojom a sta\u0165 sa platn\u00fdm \u010dlenom t\u00edmu. U\u017e som odohral ve\u013ea z\u00e1pasov za Everton. A\u00a0preto som us\u00fadil, \u017ee nebude ni\u010d zl\u00e9 na tom, ak si deviatku zoberiem ja.\u201c<\/em><\/p>\n<p style=\"text-align: right;\">(p\u00f4vodn\u00fd rozhovor: evertonfc.com \/ foto zdroj: evertonfc.com)<\/p>\n","protected":false},"excerpt":{"rendered":"<p>Mlad\u00fd \u00fato\u010dn\u00edk ned\u00e1vno priznal, \u017ee nov\u00e9 \u010d\u00edslo dev\u00e4\u0165 na jeho drese je pre\u0148ho doslova splnen\u00fdm snom, ale \u010do v\u0161etko sa skr\u00fdva za prijat\u00edm takej d\u00e1vky zodpovednosti?<\/p>\n","protected":false},"author":1,"featured_media":9289,"comment_status":"open","ping_status":"closed","sticky":false,"template":"","format":"standard","meta":{"_eb_attr":"","_monsterinsights_skip_tracking":false,"_monsterinsights_sitenote_active":false,"_monsterinsights_sitenote_note":"","_monsterinsights_sitenote_category":0,"footnotes":""},"categories":[1],"tags":[],"yoast_head":"<!-- This site is optimized with the Yoast SEO plugin v23.4 - https:\/\/yoast.com\/wordpress\/plugins\/seo\/ -->\n<title>Calvert-Lewin chce splati\u0165 d\u00f4veru - Official Czech &amp; Slovak Everton Supporters&#039; Club<\/title>\n<meta name=\"robots\" content=\"index, follow, max-snippet:-1, max-image-preview:large, max-video-preview:-1\" \/>\n<link rel=\"canonical\" href=\"https:\/\/evertonfc.cz\/index.php\/2019\/09\/04\/calvert-lewin-chce-splatit-doveru\/\" \/>\n<meta property=\"og:locale\" content=\"cs_CZ\" \/>\n<meta property=\"og:type\" content=\"article\" \/>\n<meta property=\"og:title\" content=\"Calvert-Lewin chce splati\u0165 d\u00f4veru - Official Czech &amp; Slovak Everton Supporters&#039; Club\" \/>\n<meta property=\"og:description\" content=\"Mlad\u00fd \u00fato\u010dn\u00edk ned\u00e1vno priznal, \u017ee nov\u00e9 \u010d\u00edslo dev\u00e4\u0165 na jeho drese je pre\u0148ho doslova splnen\u00fdm snom, ale \u010do v\u0161etko sa skr\u00fdva za prijat\u00edm takej d\u00e1vky zodpovednosti?\" \/>\n<meta property=\"og:url\" content=\"https:\/\/evertonfc.cz\/index.php\/2019\/09\/04\/calvert-lewin-chce-splatit-doveru\/\" \/>\n<meta property=\"og:site_name\" content=\"Official Czech &amp; Slovak Everton Supporters&#039; Club\" \/>\n<meta property=\"article:publisher\" content=\"https:\/\/www.facebook.com\/everton.fans.cz.sk\" \/>\n<meta property=\"article:published_time\" content=\"2019-09-04T09:39:23+00:00\" \/>\n<meta property=\"article:modified_time\" content=\"2020-03-26T12:36:26+00:00\" \/>\n<meta property=\"og:image\" content=\"https:\/\/evertonfc.cz\/wp-content\/uploads\/2019\/09\/DCL-4-9-2019.jpg\" \/>\n\t<meta property=\"og:image:width\" content=\"720\" \/>\n\t<meta property=\"og:image:height\" content=\"405\" \/>\n\t<meta property=\"og:image:type\" content=\"image\/jpeg\" \/>\n<meta name=\"author\" content=\"BlueBlooded\" \/>\n<meta name=\"twitter:card\" content=\"summary_large_image\" \/>\n<meta name=\"twitter:label1\" content=\"Napsal(a)\" \/>\n\t<meta name=\"twitter:data1\" content=\"BlueBlooded\" \/>\n\t<meta name=\"twitter:label2\" content=\"Odhadovan\u00e1 doba \u010dten\u00ed\" \/>\n\t<meta name=\"twitter:data2\" content=\"6 minut\" \/>\n<script type=\"application\/ld+json\" class=\"yoast-schema-graph\">{\"@context\":\"https:\/\/schema.org\",\"@graph\":[{\"@type\":\"Article\",\"@id\":\"https:\/\/evertonfc.cz\/index.php\/2019\/09\/04\/calvert-lewin-chce-splatit-doveru\/#article\",\"isPartOf\":{\"@id\":\"https:\/\/evertonfc.cz\/index.php\/2019\/09\/04\/calvert-lewin-chce-splatit-doveru\/\"},\"author\":{\"name\":\"BlueBlooded\",\"@id\":\"https:\/\/evertonfc.cz\/#\/schema\/person\/d4493b8cbea51532597fbc4685698916\"},\"headline\":\"Calvert-Lewin chce splati\u0165 d\u00f4veru\",\"datePublished\":\"2019-09-04T09:39:23+00:00\",\"dateModified\":\"2020-03-26T12:36:26+00:00\",\"mainEntityOfPage\":{\"@id\":\"https:\/\/evertonfc.cz\/index.php\/2019\/09\/04\/calvert-lewin-chce-splatit-doveru\/\"},\"wordCount\":1227,\"commentCount\":1,\"publisher\":{\"@id\":\"https:\/\/evertonfc.cz\/#organization\"},\"image\":{\"@id\":\"https:\/\/evertonfc.cz\/index.php\/2019\/09\/04\/calvert-lewin-chce-splatit-doveru\/#primaryimage\"},\"thumbnailUrl\":\"https:\/\/evertonfc.cz\/wp-content\/uploads\/2019\/09\/DCL-4-9-2019.jpg\",\"articleSection\":[\"Rozhovory\"],\"inLanguage\":\"cs\",\"potentialAction\":[{\"@type\":\"CommentAction\",\"name\":\"Comment\",\"target\":[\"https:\/\/evertonfc.cz\/index.php\/2019\/09\/04\/calvert-lewin-chce-splatit-doveru\/#respond\"]}]},{\"@type\":\"WebPage\",\"@id\":\"https:\/\/evertonfc.cz\/index.php\/2019\/09\/04\/calvert-lewin-chce-splatit-doveru\/\",\"url\":\"https:\/\/evertonfc.cz\/index.php\/2019\/09\/04\/calvert-lewin-chce-splatit-doveru\/\",\"name\":\"Calvert-Lewin chce splati\u0165 d\u00f4veru - Official Czech &amp; Slovak Everton Supporters&#039; Club\",\"isPartOf\":{\"@id\":\"https:\/\/evertonfc.cz\/#website\"},\"primaryImageOfPage\":{\"@id\":\"https:\/\/evertonfc.cz\/index.php\/2019\/09\/04\/calvert-lewin-chce-splatit-doveru\/#primaryimage\"},\"image\":{\"@id\":\"https:\/\/evertonfc.cz\/index.php\/2019\/09\/04\/calvert-lewin-chce-splatit-doveru\/#primaryimage\"},\"thumbnailUrl\":\"https:\/\/evertonfc.cz\/wp-content\/uploads\/2019\/09\/DCL-4-9-2019.jpg\",\"datePublished\":\"2019-09-04T09:39:23+00:00\",\"dateModified\":\"2020-03-26T12:36:26+00:00\",\"breadcrumb\":{\"@id\":\"https:\/\/evertonfc.cz\/index.php\/2019\/09\/04\/calvert-lewin-chce-splatit-doveru\/#breadcrumb\"},\"inLanguage\":\"cs\",\"potentialAction\":[{\"@type\":\"ReadAction\",\"target\":[\"https:\/\/evertonfc.cz\/index.php\/2019\/09\/04\/calvert-lewin-chce-splatit-doveru\/\"]}]},{\"@type\":\"ImageObject\",\"inLanguage\":\"cs\",\"@id\":\"https:\/\/evertonfc.cz\/index.php\/2019\/09\/04\/calvert-lewin-chce-splatit-doveru\/#primaryimage\",\"url\":\"https:\/\/evertonfc.cz\/wp-content\/uploads\/2019\/09\/DCL-4-9-2019.jpg\",\"contentUrl\":\"https:\/\/evertonfc.cz\/wp-content\/uploads\/2019\/09\/DCL-4-9-2019.jpg\",\"width\":720,\"height\":405},{\"@type\":\"BreadcrumbList\",\"@id\":\"https:\/\/evertonfc.cz\/index.php\/2019\/09\/04\/calvert-lewin-chce-splatit-doveru\/#breadcrumb\",\"itemListElement\":[{\"@type\":\"ListItem\",\"position\":1,\"name\":\"Home\",\"item\":\"https:\/\/evertonfc.cz\/\"},{\"@type\":\"ListItem\",\"position\":2,\"name\":\"Calvert-Lewin chce splati\u0165 d\u00f4veru\"}]},{\"@type\":\"WebSite\",\"@id\":\"https:\/\/evertonfc.cz\/#website\",\"url\":\"https:\/\/evertonfc.cz\/\",\"name\":\"Official Czech &amp; Slovak Everton Supporters&#039; Club\",\"description\":\"\",\"publisher\":{\"@id\":\"https:\/\/evertonfc.cz\/#organization\"},\"potentialAction\":[{\"@type\":\"SearchAction\",\"target\":{\"@type\":\"EntryPoint\",\"urlTemplate\":\"https:\/\/evertonfc.cz\/?s={search_term_string}\"},\"query-input\":{\"@type\":\"PropertyValueSpecification\",\"valueRequired\":true,\"valueName\":\"search_term_string\"}}],\"inLanguage\":\"cs\"},{\"@type\":\"Organization\",\"@id\":\"https:\/\/evertonfc.cz\/#organization\",\"name\":\"Official Czech & Slovak Everton Supporters' Club\",\"url\":\"https:\/\/evertonfc.cz\/\",\"logo\":{\"@type\":\"ImageObject\",\"inLanguage\":\"cs\",\"@id\":\"https:\/\/evertonfc.cz\/#\/schema\/logo\/image\/\",\"url\":\"https:\/\/evertonfc.cz\/wp-content\/uploads\/2019\/05\/logo.png\",\"contentUrl\":\"https:\/\/evertonfc.cz\/wp-content\/uploads\/2019\/05\/logo.png\",\"width\":112,\"height\":112,\"caption\":\"Official Czech & Slovak Everton Supporters' Club\"},\"image\":{\"@id\":\"https:\/\/evertonfc.cz\/#\/schema\/logo\/image\/\"},\"sameAs\":[\"https:\/\/www.facebook.com\/everton.fans.cz.sk\"]},{\"@type\":\"Person\",\"@id\":\"https:\/\/evertonfc.cz\/#\/schema\/person\/d4493b8cbea51532597fbc4685698916\",\"name\":\"BlueBlooded\",\"url\":\"https:\/\/evertonfc.cz\/index.php\/author\/admin\/\"}]}<\/script>\n<!-- \/ Yoast SEO plugin. -->","yoast_head_json":{"title":"Calvert-Lewin chce splati\u0165 d\u00f4veru - Official Czech &amp; Slovak Everton Supporters&#039; Club","robots":{"index":"index","follow":"follow","max-snippet":"max-snippet:-1","max-image-preview":"max-image-preview:large","max-video-preview":"max-video-preview:-1"},"canonical":"https:\/\/evertonfc.cz\/index.php\/2019\/09\/04\/calvert-lewin-chce-splatit-doveru\/","og_locale":"cs_CZ","og_type":"article","og_title":"Calvert-Lewin chce splati\u0165 d\u00f4veru - Official Czech &amp; Slovak Everton Supporters&#039; Club","og_description":"Mlad\u00fd \u00fato\u010dn\u00edk ned\u00e1vno priznal, \u017ee nov\u00e9 \u010d\u00edslo dev\u00e4\u0165 na jeho drese je pre\u0148ho doslova splnen\u00fdm snom, ale \u010do v\u0161etko sa skr\u00fdva za prijat\u00edm takej d\u00e1vky zodpovednosti?","og_url":"https:\/\/evertonfc.cz\/index.php\/2019\/09\/04\/calvert-lewin-chce-splatit-doveru\/","og_site_name":"Official Czech &amp; Slovak Everton Supporters&#039; Club","article_publisher":"https:\/\/www.facebook.com\/everton.fans.cz.sk","article_published_time":"2019-09-04T09:39:23+00:00","article_modified_time":"2020-03-26T12:36:26+00:00","og_image":[{"width":720,"height":405,"url":"https:\/\/evertonfc.cz\/wp-content\/uploads\/2019\/09\/DCL-4-9-2019.jpg","type":"image\/jpeg"}],"author":"BlueBlooded","twitter_card":"summary_large_image","twitter_misc":{"Napsal(a)":"BlueBlooded","Odhadovan\u00e1 doba \u010dten\u00ed":"6 minut"},"schema":{"@context":"https:\/\/schema.org","@graph":[{"@type":"Article","@id":"https:\/\/evertonfc.cz\/index.php\/2019\/09\/04\/calvert-lewin-chce-splatit-doveru\/#article","isPartOf":{"@id":"https:\/\/evertonfc.cz\/index.php\/2019\/09\/04\/calvert-lewin-chce-splatit-doveru\/"},"author":{"name":"BlueBlooded","@id":"https:\/\/evertonfc.cz\/#\/schema\/person\/d4493b8cbea51532597fbc4685698916"},"headline":"Calvert-Lewin chce splati\u0165 d\u00f4veru","datePublished":"2019-09-04T09:39:23+00:00","dateModified":"2020-03-26T12:36:26+00:00","mainEntityOfPage":{"@id":"https:\/\/evertonfc.cz\/index.php\/2019\/09\/04\/calvert-lewin-chce-splatit-doveru\/"},"wordCount":1227,"commentCount":1,"publisher":{"@id":"https:\/\/evertonfc.cz\/#organization"},"image":{"@id":"https:\/\/evertonfc.cz\/index.php\/2019\/09\/04\/calvert-lewin-chce-splatit-doveru\/#primaryimage"},"thumbnailUrl":"https:\/\/evertonfc.cz\/wp-content\/uploads\/2019\/09\/DCL-4-9-2019.jpg","articleSection":["Rozhovory"],"inLanguage":"cs","potentialAction":[{"@type":"CommentAction","name":"Comment","target":["https:\/\/evertonfc.cz\/index.php\/2019\/09\/04\/calvert-lewin-chce-splatit-doveru\/#respond"]}]},{"@type":"WebPage","@id":"https:\/\/evertonfc.cz\/index.php\/2019\/09\/04\/calvert-lewin-chce-splatit-doveru\/","url":"https:\/\/evertonfc.cz\/index.php\/2019\/09\/04\/calvert-lewin-chce-splatit-doveru\/","name":"Calvert-Lewin chce splati\u0165 d\u00f4veru - Official Czech &amp; Slovak Everton Supporters&#039; Club","isPartOf":{"@id":"https:\/\/evertonfc.cz\/#website"},"primaryImageOfPage":{"@id":"https:\/\/evertonfc.cz\/index.php\/2019\/09\/04\/calvert-lewin-chce-splatit-doveru\/#primaryimage"},"image":{"@id":"https:\/\/evertonfc.cz\/index.php\/2019\/09\/04\/calvert-lewin-chce-splatit-doveru\/#primaryimage"},"thumbnailUrl":"https:\/\/evertonfc.cz\/wp-content\/uploads\/2019\/09\/DCL-4-9-2019.jpg","datePublished":"2019-09-04T09:39:23+00:00","dateModified":"2020-03-26T12:36:26+00:00","breadcrumb":{"@id":"https:\/\/evertonfc.cz\/index.php\/2019\/09\/04\/calvert-lewin-chce-splatit-doveru\/#breadcrumb"},"inLanguage":"cs","potentialAction":[{"@type":"ReadAction","target":["https:\/\/evertonfc.cz\/index.php\/2019\/09\/04\/calvert-lewin-chce-splatit-doveru\/"]}]},{"@type":"ImageObject","inLanguage":"cs","@id":"https:\/\/evertonfc.cz\/index.php\/2019\/09\/04\/calvert-lewin-chce-splatit-doveru\/#primaryimage","url":"https:\/\/evertonfc.cz\/wp-content\/uploads\/2019\/09\/DCL-4-9-2019.jpg","contentUrl":"https:\/\/evertonfc.cz\/wp-content\/uploads\/2019\/09\/DCL-4-9-2019.jpg","width":720,"height":405},{"@type":"BreadcrumbList","@id":"https:\/\/evertonfc.cz\/index.php\/2019\/09\/04\/calvert-lewin-chce-splatit-doveru\/#breadcrumb","itemListElement":[{"@type":"ListItem","position":1,"name":"Home","item":"https:\/\/evertonfc.cz\/"},{"@type":"ListItem","position":2,"name":"Calvert-Lewin chce splati\u0165 d\u00f4veru"}]},{"@type":"WebSite","@id":"https:\/\/evertonfc.cz\/#website","url":"https:\/\/evertonfc.cz\/","name":"Official Czech &amp; Slovak Everton Supporters&#039; Club","description":"","publisher":{"@id":"https:\/\/evertonfc.cz\/#organization"},"potentialAction":[{"@type":"SearchAction","target":{"@type":"EntryPoint","urlTemplate":"https:\/\/evertonfc.cz\/?s={search_term_string}"},"query-input":{"@type":"PropertyValueSpecification","valueRequired":true,"valueName":"search_term_string"}}],"inLanguage":"cs"},{"@type":"Organization","@id":"https:\/\/evertonfc.cz\/#organization","name":"Official Czech & Slovak Everton Supporters' Club","url":"https:\/\/evertonfc.cz\/","logo":{"@type":"ImageObject","inLanguage":"cs","@id":"https:\/\/evertonfc.cz\/#\/schema\/logo\/image\/","url":"https:\/\/evertonfc.cz\/wp-content\/uploads\/2019\/05\/logo.png","contentUrl":"https:\/\/evertonfc.cz\/wp-content\/uploads\/2019\/05\/logo.png","width":112,"height":112,"caption":"Official Czech & Slovak Everton Supporters' Club"},"image":{"@id":"https:\/\/evertonfc.cz\/#\/schema\/logo\/image\/"},"sameAs":["https:\/\/www.facebook.com\/everton.fans.cz.sk"]},{"@type":"Person","@id":"https:\/\/evertonfc.cz\/#\/schema\/person\/d4493b8cbea51532597fbc4685698916","name":"BlueBlooded","url":"https:\/\/evertonfc.cz\/index.php\/author\/admin\/"}]}},"_links":{"self":[{"href":"https:\/\/evertonfc.cz\/index.php\/wp-json\/wp\/v2\/posts\/9288"}],"collection":[{"href":"https:\/\/evertonfc.cz\/index.php\/wp-json\/wp\/v2\/posts"}],"about":[{"href":"https:\/\/evertonfc.cz\/index.php\/wp-json\/wp\/v2\/types\/post"}],"author":[{"embeddable":true,"href":"https:\/\/evertonfc.cz\/index.php\/wp-json\/wp\/v2\/users\/1"}],"replies":[{"embeddable":true,"href":"https:\/\/evertonfc.cz\/index.php\/wp-json\/wp\/v2\/comments?post=9288"}],"version-history":[{"count":5,"href":"https:\/\/evertonfc.cz\/index.php\/wp-json\/wp\/v2\/posts\/9288\/revisions"}],"predecessor-version":[{"id":10615,"href":"https:\/\/evertonfc.cz\/index.php\/wp-json\/wp\/v2\/posts\/9288\/revisions\/10615"}],"wp:featuredmedia":[{"embeddable":true,"href":"https:\/\/evertonfc.cz\/index.php\/wp-json\/wp\/v2\/media\/9289"}],"wp:attachment":[{"href":"https:\/\/evertonfc.cz\/index.php\/wp-json\/wp\/v2\/media?parent=9288"}],"wp:term":[{"taxonomy":"category","embeddable":true,"href":"https:\/\/evertonfc.cz\/index.php\/wp-json\/wp\/v2\/categories?post=9288"},{"taxonomy":"post_tag","embeddable":true,"href":"https:\/\/evertonfc.cz\/index.php\/wp-json\/wp\/v2\/tags?post=9288"}],"curies":[{"name":"wp","href":"https:\/\/api.w.org\/{rel}","templated":true}]}}