{"id":9293,"date":"2019-09-08T20:18:58","date_gmt":"2019-09-08T18:18:58","guid":{"rendered":"https:\/\/evertonfc.cz\/?p=9293"},"modified":"2020-04-27T13:55:44","modified_gmt":"2020-04-27T11:55:44","slug":"vytrvalost-sa-vyplaca","status":"publish","type":"post","link":"https:\/\/evertonfc.cz\/index.php\/2019\/09\/08\/vytrvalost-sa-vyplaca\/","title":{"rendered":"Vytrvalos\u0165 sa vypl\u00e1ca"},"content":{"rendered":"<h4>Toto je pr\u00edbeh Alexa Iwobiho, pokorn\u00e9ho chlapca z futbalovej rodiny, ktor\u00fd zapadal do priemeru a\u017e tak, \u017ee sa rozhodol vyst\u00fapi\u0165 z\u00a0tie\u0148a vlastn\u00e9ho, aj ostatn\u00fdch.<\/h4>\n<p>Ke\u010f v\u00e1m \u017eivot por\u00fa\u010da kam sa ubra\u0165, cesta sa m\u00f4\u017ee javi\u0165 jednoduch\u00e1. Ale aj v\u00a0jednoduchosti sa skr\u00fdvaj\u00fa \u00faskalia. Ve\u013ea by o\u00a0tom vedel rozpr\u00e1va\u0165 Alexander. \u010cerstvo po prestupe do Evertonu m\u00e1 namieren\u00e9 na jedin\u00fa m\u00e9tu. Spravi\u0165 si meno s\u00e1m pre seba, vlastn\u00fdmi silami. Nastal \u010das dospie\u0165.<\/p>\n<p>Netradi\u010dn\u00e9 pozadie africk\u00e9ho hr\u00e1\u010da za\u010d\u00edna poznatkom o\u00a0jeho rodine. Otec Chuba si chv\u00e1lyhodne zaumienil postara\u0165 sa o\u00a0rodinu, a tak zahodil vlastn\u00fa amat\u00e9rsku kari\u00e9ru futbalistu kv\u00f4li n\u00edzkemu pr\u00edjmu, aby presedlal na pr\u00e1vo. Matka sa rovnako nemala zle, ako sestra Jay Jaya Okochu mohla rovnako mlad\u00e9mu Alexovi poskytn\u00fa\u0165 z\u00e1zemie, ktor\u00e9 sa v\u00e4\u010d\u0161ine africk\u00fdch futbalistov nedost\u00e1va.<\/p>\n<p>Obaja rodi\u010dia poch\u00e1dzaj\u00faci z Nig\u00e9rie mu ve\u013ea rodnej zeme nedopriali, aspo\u0148 nie v detstve. Dva roky od jeho narodenia, \u010di\u017ee tretieho m\u00e1ja 1996, sa z Lagosu s\u0165ahovali do Turecka. Zvl\u00e1\u0161tna vo\u013eba? V\u00f4bec nie, Fenerbah\u00e7e bol toti\u017e vtedaj\u0161\u00edm zamestn\u00e1vate\u013eom sl\u00e1vneho str\u00fdka mal\u00e9ho Chuku, ako znie Iwobiho druh\u00e9 meno.<\/p>\n<p>A ke\u010f\u017ee futbalisti nie s\u00fa zn\u00e1mi pre svoju usadenos\u0165, pri\u0161lo aj \u010fal\u0161ie s\u0165ahovanie. Tentoraz do Brit\u00e1nie. Str\u00fdko do Boltonu, synovec do Lond\u00fdna. Newham, ako \u0161tvr\u0165 v\u00fdchodu hlavn\u00e9ho mesta spad\u00e1 plne pod raj\u00f3n Kladiv\u00e1rov. Jeho talent v \u00f4smich rokoch si v\u0161imol ale mestsk\u00fd rival v \u010derven\u00fdch farb\u00e1ch.<\/p>\n<h4>\u0164a\u017ek\u00fd \u017eivot v akad\u00e9mii<\/h4>\n<p>Tento krok pre Alexa predstavoval prv\u00fa v\u00e1\u017enej\u0161iu v\u00fdzvu, a to v podobe sk\u013abenia \u0161kolsk\u00fdch povinnost\u00ed a futbalu. Arsenal bol v t\u00fdch rokoch na vrchole pyram\u00eddy a uplatni\u0165 sa muselo znamena\u0165 ve\u013emi ve\u013ea. Klub si mohol dovoli\u0165 by\u0165 prieber\u010div\u00fd a \u0161kol\u00e1k Iwobi na to takmer doplatil. Vtedy ho najviac podr\u017eala jeho rodina.<\/p>\n<p>V\u00a0\u0161trn\u00e1stich rokoch mu domov pri\u0161iel nemil\u00fd list z\u00a0akad\u00e9mie, ktor\u00fd \u0161okoval cel\u00fa rodinu. Vy\u010d\u00edtan\u00e1 mu bola nedostato\u010dn\u00e1 ve\u013ekos\u0165, r\u00fdchlos\u0165 aj sila, v\u00a0neposlednom rade tie\u017e \u0161kolsk\u00e9 v\u00fdsledky. Alex ale vytrval a\u00a0st\u00e1le h\u013eadal sp\u00f4soby, ako by sa mohol zlep\u0161i\u0165. A\u00a0nielen on. M\u00e1te doma mamu, ktor\u00e1 v\u00e1s n\u00fati si kopa\u0165 loptu v\u00a0ob\u00fdva\u010dke?<\/p>\n<p>Nezvy\u010dajn\u00e9 neboli ani extra tr\u00e9ningy s\u00a0otcom, kamar\u00e1tmi a\u00a0zap\u00e1ja\u0165 sa sna\u017eila aj sestra Marie, s\u00a0ktorou m\u00e1 Iwobi doteraz ve\u013emi v\u00fdnimo\u010dn\u00fd vz\u0165ah. Av\u0161ak najviac pravdepodobne pomohla intervencia u\u017e to\u013ekokr\u00e1t spom\u00ednan\u00e9ho str\u00fdka Okochu, ve\u013ek\u00e9ho vzoru. Jeho rady mu pomohli nevyh\u00fdba\u0165 sa anglickej hre do tela a\u00a0odvtedy sa jeho pokrok nezastavil.<\/p>\n<p>V\u00a0ml\u00e1de\u017en\u00edckych t\u00edmoch vyhr\u00e1val trofeje a\u00a0v\u00a0akad\u00e9mii boli z\u00a0neho nad\u0161en\u00ed. Ke\u010f mal \u0161estn\u00e1s\u0165 rokov, mal mo\u017enos\u0165 od\u00eds\u0165, ale pod\u013ea vlastn\u00fdch slov sa c\u00edtil v\u00a0Arsenale ako doma a\u00a0pravideln\u00e9 pr\u00edle\u017eitosti ho usved\u010dili v\u00a0spr\u00e1vnosti rozhodnutia osta\u0165. Aj napriek ve\u013ekej konkurencii, ktor\u00e1 sa len \u0165a\u017eko prekon\u00e1vala.<\/p>\n<h4>Spr\u00e1vne vzory<\/h4>\n<p>Ako vo v\u00e4\u010d\u0161ine \u017eivotn\u00fdch situ\u00e1ci\u00ed, aj vo futbale sa vypl\u00e1ca trpezlivos\u0165. Hoci aj v\u00a0dorasteneck\u00fdch kateg\u00f3ri\u00e1ch, v\u017edy mus\u00edte \u010daka\u0165 na svoju pr\u00edle\u017eitos\u0165 a\u00a0bra\u0165 si slov\u00e1 va\u0161ich mentorov k\u00a0srdcu. Zop\u00e1r tak\u00fdch si zapam\u00e4tal aj Iwobi a\u00a0patrili Thierry Henrymu. Aby si v\u00e1s \u013eudia na ihrisku v\u0161imli, mus\u00edte ovplyvni\u0165 hru.<\/p>\n<p>A\u00a0o to presne sa \u010d\u00edslo 17 na tr\u00e1vniku v\u017edy sna\u017e\u00ed, u\u017e od svojho debutu v\u00a0okt\u00f3bri 2015 v ligovom poh\u00e1ri, o\u00a0\u0161tyri dni nesk\u00f4r v\u00a0Premier League a\u00a0o\u00a0\u010fal\u0161ie \u0161tyri v\u00a0Lige majstrov. Dev\u00e4tn\u00e1s\u0165ro\u010dn\u00e9mu kr\u00eddeln\u00edkovi sa za\u010dal plni\u0165 sen. Viacro\u010dn\u00fd kontrakt, z\u00e1pasy s\u00a0Bayernom Mn\u00edchov \u010di Barcelonou, a\u00a0vedenie Ars\u00e8nom Wengerom.<\/p>\n<p>Reprezentovanie muselo z\u00e1konite pr\u00eds\u0165 ruka v ruke. S britsk\u00fdm ob\u010dianstvom participoval vo v\u00fdberoch do 16, 17 a 18 rokov, ale na seniorsk\u00fa \u00farove\u0148 si vybral rodn\u00fa Nig\u00e9riu. V\u010fa\u010d\u00ed za to najm\u00e4 vedeniu jeho otca, ktor\u00fd v \u0148om v\u017edy upev\u0148oval korene kol\u00edsky \u013eudstva, a\u017e na rodn\u00fa re\u010d. Jazykov\u00e9 bari\u00e9ry preto rodi\u010dia pova\u017euj\u00fa za svoje zlyhanie.<\/p>\n<p>Mo\u017eno o\u00a0to v\u00e4\u010d\u0161ie ov\u00e1cie priv\u00edtali Iwobiho rozhodnutie hra\u0165 za Super Eagles, ktor\u00e9 prekvapili aj samotn\u00e9ho hr\u00e1\u010da. Ten sp\u00f4soben\u00fd o\u0161ia\u013e pop\u00edsal ako \u0161ialen\u00fd. \u010cas v\u0161ak uk\u00e1zal, \u017ee opodstatnen\u00fd. Alex sa stal pevnou s\u00fa\u010das\u0165ou k\u00e1dra a\u00a0st\u00fapaj\u00faca forma v\u00a0Arsenale mu v\u00a0tom len pom\u00e1hala.<\/p>\n<p>Zap\u00e1jan\u00fd do diania na Emirates \u010doraz viac, nev\u00e1hal mu d\u00e1va\u0165 pr\u00edle\u017eitosti ani Unai Emery po odchode Wengera. Hr\u00e1\u010d v\u0161ak st\u00e1le poci\u0165oval ak\u00fdsi deficit v\u00a0podobe \u00falohy druh\u00fdch husl\u00ed a\u00a0ve\u010dnej n\u00e1lepky mlad\u00edka z\u00a0akad\u00e9mie. Preto sa s\u00a0pr\u00edchodom zvu\u010dn\u00fdch a\u00a0drah\u00fdch mien cez toto leto rozhodol vysk\u00fa\u0161a\u0165 nov\u00fa v\u00fdzvu s Evertonom.<\/p>\n<p>Zdvihne teda Alex hoden\u00fa rukavicu? Na Merseyside za\u010d\u00edna p\u00edsa\u0165 svoju nov\u00fa kapitolu na \u010distej strane. Bez legend\u00e1rneho str\u00fdka, bez predsudkov a\u00a0bez tie\u0148ov minulosti, zahmlievaj\u00facich vlastn\u00e9 schopnosti, za\u010d\u00edna por\u00fa\u010da\u0165 \u017eivotu s\u00e1m.<\/p>\n<p style=\"text-align: right;\"><em>(foto zdroj: Ojuolape Agbaje)<\/em><\/p>\n","protected":false},"excerpt":{"rendered":"<p>Toto je pr\u00edbeh Alexa Iwobiho, pokorn\u00e9ho chlapca z futbalovej rodiny, ktor\u00fd zapadal do priemeru a\u017e tak, \u017ee sa rozhodol vyst\u00fapi\u0165 z tie\u0148a vlastn\u00e9ho, aj ostatn\u00fdch.<\/p>\n","protected":false},"author":1,"featured_media":9294,"comment_status":"open","ping_status":"closed","sticky":false,"template":"","format":"standard","meta":{"_eb_attr":"","_monsterinsights_skip_tracking":false,"_monsterinsights_sitenote_active":false,"_monsterinsights_sitenote_note":"","_monsterinsights_sitenote_category":0,"footnotes":""},"categories":[39],"tags":[],"yoast_head":"<!-- This site is optimized with the Yoast SEO plugin v23.4 - https:\/\/yoast.com\/wordpress\/plugins\/seo\/ -->\n<title>Vytrvalos\u0165 sa vypl\u00e1ca - Official Czech &amp; Slovak Everton Supporters&#039; Club<\/title>\n<meta name=\"robots\" content=\"index, follow, max-snippet:-1, max-image-preview:large, max-video-preview:-1\" \/>\n<link rel=\"canonical\" href=\"https:\/\/evertonfc.cz\/index.php\/2019\/09\/08\/vytrvalost-sa-vyplaca\/\" \/>\n<meta property=\"og:locale\" content=\"cs_CZ\" \/>\n<meta property=\"og:type\" content=\"article\" \/>\n<meta property=\"og:title\" content=\"Vytrvalos\u0165 sa vypl\u00e1ca - Official Czech &amp; Slovak Everton Supporters&#039; Club\" \/>\n<meta property=\"og:description\" content=\"Toto je pr\u00edbeh Alexa Iwobiho, pokorn\u00e9ho chlapca z futbalovej rodiny, ktor\u00fd zapadal do priemeru a\u017e tak, \u017ee sa rozhodol vyst\u00fapi\u0165 z tie\u0148a vlastn\u00e9ho, aj ostatn\u00fdch.\" \/>\n<meta property=\"og:url\" content=\"https:\/\/evertonfc.cz\/index.php\/2019\/09\/08\/vytrvalost-sa-vyplaca\/\" \/>\n<meta property=\"og:site_name\" content=\"Official Czech &amp; Slovak Everton Supporters&#039; Club\" \/>\n<meta property=\"article:publisher\" content=\"https:\/\/www.facebook.com\/everton.fans.cz.sk\" \/>\n<meta property=\"article:published_time\" content=\"2019-09-08T18:18:58+00:00\" \/>\n<meta property=\"article:modified_time\" content=\"2020-04-27T11:55:44+00:00\" \/>\n<meta property=\"og:image\" content=\"https:\/\/evertonfc.cz\/wp-content\/uploads\/2019\/09\/Iwobi-8-9-2019.jpg\" \/>\n\t<meta property=\"og:image:width\" content=\"720\" \/>\n\t<meta property=\"og:image:height\" content=\"405\" \/>\n\t<meta property=\"og:image:type\" content=\"image\/jpeg\" \/>\n<meta name=\"author\" content=\"BlueBlooded\" \/>\n<meta name=\"twitter:card\" content=\"summary_large_image\" \/>\n<meta name=\"twitter:label1\" content=\"Napsal(a)\" \/>\n\t<meta name=\"twitter:data1\" content=\"BlueBlooded\" \/>\n\t<meta name=\"twitter:label2\" content=\"Odhadovan\u00e1 doba \u010dten\u00ed\" \/>\n\t<meta name=\"twitter:data2\" content=\"5 minut\" \/>\n<script type=\"application\/ld+json\" class=\"yoast-schema-graph\">{\"@context\":\"https:\/\/schema.org\",\"@graph\":[{\"@type\":\"Article\",\"@id\":\"https:\/\/evertonfc.cz\/index.php\/2019\/09\/08\/vytrvalost-sa-vyplaca\/#article\",\"isPartOf\":{\"@id\":\"https:\/\/evertonfc.cz\/index.php\/2019\/09\/08\/vytrvalost-sa-vyplaca\/\"},\"author\":{\"name\":\"BlueBlooded\",\"@id\":\"https:\/\/evertonfc.cz\/#\/schema\/person\/d4493b8cbea51532597fbc4685698916\"},\"headline\":\"Vytrvalos\u0165 sa vypl\u00e1ca\",\"datePublished\":\"2019-09-08T18:18:58+00:00\",\"dateModified\":\"2020-04-27T11:55:44+00:00\",\"mainEntityOfPage\":{\"@id\":\"https:\/\/evertonfc.cz\/index.php\/2019\/09\/08\/vytrvalost-sa-vyplaca\/\"},\"wordCount\":942,\"commentCount\":3,\"publisher\":{\"@id\":\"https:\/\/evertonfc.cz\/#organization\"},\"image\":{\"@id\":\"https:\/\/evertonfc.cz\/index.php\/2019\/09\/08\/vytrvalost-sa-vyplaca\/#primaryimage\"},\"thumbnailUrl\":\"https:\/\/evertonfc.cz\/wp-content\/uploads\/2019\/09\/Iwobi-8-9-2019.jpg\",\"articleSection\":[\"Blog\"],\"inLanguage\":\"cs\",\"potentialAction\":[{\"@type\":\"CommentAction\",\"name\":\"Comment\",\"target\":[\"https:\/\/evertonfc.cz\/index.php\/2019\/09\/08\/vytrvalost-sa-vyplaca\/#respond\"]}]},{\"@type\":\"WebPage\",\"@id\":\"https:\/\/evertonfc.cz\/index.php\/2019\/09\/08\/vytrvalost-sa-vyplaca\/\",\"url\":\"https:\/\/evertonfc.cz\/index.php\/2019\/09\/08\/vytrvalost-sa-vyplaca\/\",\"name\":\"Vytrvalos\u0165 sa vypl\u00e1ca - Official Czech &amp; Slovak Everton Supporters&#039; Club\",\"isPartOf\":{\"@id\":\"https:\/\/evertonfc.cz\/#website\"},\"primaryImageOfPage\":{\"@id\":\"https:\/\/evertonfc.cz\/index.php\/2019\/09\/08\/vytrvalost-sa-vyplaca\/#primaryimage\"},\"image\":{\"@id\":\"https:\/\/evertonfc.cz\/index.php\/2019\/09\/08\/vytrvalost-sa-vyplaca\/#primaryimage\"},\"thumbnailUrl\":\"https:\/\/evertonfc.cz\/wp-content\/uploads\/2019\/09\/Iwobi-8-9-2019.jpg\",\"datePublished\":\"2019-09-08T18:18:58+00:00\",\"dateModified\":\"2020-04-27T11:55:44+00:00\",\"breadcrumb\":{\"@id\":\"https:\/\/evertonfc.cz\/index.php\/2019\/09\/08\/vytrvalost-sa-vyplaca\/#breadcrumb\"},\"inLanguage\":\"cs\",\"potentialAction\":[{\"@type\":\"ReadAction\",\"target\":[\"https:\/\/evertonfc.cz\/index.php\/2019\/09\/08\/vytrvalost-sa-vyplaca\/\"]}]},{\"@type\":\"ImageObject\",\"inLanguage\":\"cs\",\"@id\":\"https:\/\/evertonfc.cz\/index.php\/2019\/09\/08\/vytrvalost-sa-vyplaca\/#primaryimage\",\"url\":\"https:\/\/evertonfc.cz\/wp-content\/uploads\/2019\/09\/Iwobi-8-9-2019.jpg\",\"contentUrl\":\"https:\/\/evertonfc.cz\/wp-content\/uploads\/2019\/09\/Iwobi-8-9-2019.jpg\",\"width\":720,\"height\":405},{\"@type\":\"BreadcrumbList\",\"@id\":\"https:\/\/evertonfc.cz\/index.php\/2019\/09\/08\/vytrvalost-sa-vyplaca\/#breadcrumb\",\"itemListElement\":[{\"@type\":\"ListItem\",\"position\":1,\"name\":\"Home\",\"item\":\"https:\/\/evertonfc.cz\/\"},{\"@type\":\"ListItem\",\"position\":2,\"name\":\"Vytrvalos\u0165 sa vypl\u00e1ca\"}]},{\"@type\":\"WebSite\",\"@id\":\"https:\/\/evertonfc.cz\/#website\",\"url\":\"https:\/\/evertonfc.cz\/\",\"name\":\"Official Czech &amp; Slovak Everton Supporters&#039; Club\",\"description\":\"\",\"publisher\":{\"@id\":\"https:\/\/evertonfc.cz\/#organization\"},\"potentialAction\":[{\"@type\":\"SearchAction\",\"target\":{\"@type\":\"EntryPoint\",\"urlTemplate\":\"https:\/\/evertonfc.cz\/?s={search_term_string}\"},\"query-input\":{\"@type\":\"PropertyValueSpecification\",\"valueRequired\":true,\"valueName\":\"search_term_string\"}}],\"inLanguage\":\"cs\"},{\"@type\":\"Organization\",\"@id\":\"https:\/\/evertonfc.cz\/#organization\",\"name\":\"Official Czech & Slovak Everton Supporters' Club\",\"url\":\"https:\/\/evertonfc.cz\/\",\"logo\":{\"@type\":\"ImageObject\",\"inLanguage\":\"cs\",\"@id\":\"https:\/\/evertonfc.cz\/#\/schema\/logo\/image\/\",\"url\":\"https:\/\/evertonfc.cz\/wp-content\/uploads\/2019\/05\/logo.png\",\"contentUrl\":\"https:\/\/evertonfc.cz\/wp-content\/uploads\/2019\/05\/logo.png\",\"width\":112,\"height\":112,\"caption\":\"Official Czech & Slovak Everton Supporters' Club\"},\"image\":{\"@id\":\"https:\/\/evertonfc.cz\/#\/schema\/logo\/image\/\"},\"sameAs\":[\"https:\/\/www.facebook.com\/everton.fans.cz.sk\"]},{\"@type\":\"Person\",\"@id\":\"https:\/\/evertonfc.cz\/#\/schema\/person\/d4493b8cbea51532597fbc4685698916\",\"name\":\"BlueBlooded\",\"url\":\"https:\/\/evertonfc.cz\/index.php\/author\/admin\/\"}]}<\/script>\n<!-- \/ Yoast SEO plugin. -->","yoast_head_json":{"title":"Vytrvalos\u0165 sa vypl\u00e1ca - Official Czech &amp; Slovak Everton Supporters&#039; Club","robots":{"index":"index","follow":"follow","max-snippet":"max-snippet:-1","max-image-preview":"max-image-preview:large","max-video-preview":"max-video-preview:-1"},"canonical":"https:\/\/evertonfc.cz\/index.php\/2019\/09\/08\/vytrvalost-sa-vyplaca\/","og_locale":"cs_CZ","og_type":"article","og_title":"Vytrvalos\u0165 sa vypl\u00e1ca - Official Czech &amp; Slovak Everton Supporters&#039; Club","og_description":"Toto je pr\u00edbeh Alexa Iwobiho, pokorn\u00e9ho chlapca z futbalovej rodiny, ktor\u00fd zapadal do priemeru a\u017e tak, \u017ee sa rozhodol vyst\u00fapi\u0165 z tie\u0148a vlastn\u00e9ho, aj ostatn\u00fdch.","og_url":"https:\/\/evertonfc.cz\/index.php\/2019\/09\/08\/vytrvalost-sa-vyplaca\/","og_site_name":"Official Czech &amp; Slovak Everton Supporters&#039; Club","article_publisher":"https:\/\/www.facebook.com\/everton.fans.cz.sk","article_published_time":"2019-09-08T18:18:58+00:00","article_modified_time":"2020-04-27T11:55:44+00:00","og_image":[{"width":720,"height":405,"url":"https:\/\/evertonfc.cz\/wp-content\/uploads\/2019\/09\/Iwobi-8-9-2019.jpg","type":"image\/jpeg"}],"author":"BlueBlooded","twitter_card":"summary_large_image","twitter_misc":{"Napsal(a)":"BlueBlooded","Odhadovan\u00e1 doba \u010dten\u00ed":"5 minut"},"schema":{"@context":"https:\/\/schema.org","@graph":[{"@type":"Article","@id":"https:\/\/evertonfc.cz\/index.php\/2019\/09\/08\/vytrvalost-sa-vyplaca\/#article","isPartOf":{"@id":"https:\/\/evertonfc.cz\/index.php\/2019\/09\/08\/vytrvalost-sa-vyplaca\/"},"author":{"name":"BlueBlooded","@id":"https:\/\/evertonfc.cz\/#\/schema\/person\/d4493b8cbea51532597fbc4685698916"},"headline":"Vytrvalos\u0165 sa vypl\u00e1ca","datePublished":"2019-09-08T18:18:58+00:00","dateModified":"2020-04-27T11:55:44+00:00","mainEntityOfPage":{"@id":"https:\/\/evertonfc.cz\/index.php\/2019\/09\/08\/vytrvalost-sa-vyplaca\/"},"wordCount":942,"commentCount":3,"publisher":{"@id":"https:\/\/evertonfc.cz\/#organization"},"image":{"@id":"https:\/\/evertonfc.cz\/index.php\/2019\/09\/08\/vytrvalost-sa-vyplaca\/#primaryimage"},"thumbnailUrl":"https:\/\/evertonfc.cz\/wp-content\/uploads\/2019\/09\/Iwobi-8-9-2019.jpg","articleSection":["Blog"],"inLanguage":"cs","potentialAction":[{"@type":"CommentAction","name":"Comment","target":["https:\/\/evertonfc.cz\/index.php\/2019\/09\/08\/vytrvalost-sa-vyplaca\/#respond"]}]},{"@type":"WebPage","@id":"https:\/\/evertonfc.cz\/index.php\/2019\/09\/08\/vytrvalost-sa-vyplaca\/","url":"https:\/\/evertonfc.cz\/index.php\/2019\/09\/08\/vytrvalost-sa-vyplaca\/","name":"Vytrvalos\u0165 sa vypl\u00e1ca - Official Czech &amp; Slovak Everton Supporters&#039; Club","isPartOf":{"@id":"https:\/\/evertonfc.cz\/#website"},"primaryImageOfPage":{"@id":"https:\/\/evertonfc.cz\/index.php\/2019\/09\/08\/vytrvalost-sa-vyplaca\/#primaryimage"},"image":{"@id":"https:\/\/evertonfc.cz\/index.php\/2019\/09\/08\/vytrvalost-sa-vyplaca\/#primaryimage"},"thumbnailUrl":"https:\/\/evertonfc.cz\/wp-content\/uploads\/2019\/09\/Iwobi-8-9-2019.jpg","datePublished":"2019-09-08T18:18:58+00:00","dateModified":"2020-04-27T11:55:44+00:00","breadcrumb":{"@id":"https:\/\/evertonfc.cz\/index.php\/2019\/09\/08\/vytrvalost-sa-vyplaca\/#breadcrumb"},"inLanguage":"cs","potentialAction":[{"@type":"ReadAction","target":["https:\/\/evertonfc.cz\/index.php\/2019\/09\/08\/vytrvalost-sa-vyplaca\/"]}]},{"@type":"ImageObject","inLanguage":"cs","@id":"https:\/\/evertonfc.cz\/index.php\/2019\/09\/08\/vytrvalost-sa-vyplaca\/#primaryimage","url":"https:\/\/evertonfc.cz\/wp-content\/uploads\/2019\/09\/Iwobi-8-9-2019.jpg","contentUrl":"https:\/\/evertonfc.cz\/wp-content\/uploads\/2019\/09\/Iwobi-8-9-2019.jpg","width":720,"height":405},{"@type":"BreadcrumbList","@id":"https:\/\/evertonfc.cz\/index.php\/2019\/09\/08\/vytrvalost-sa-vyplaca\/#breadcrumb","itemListElement":[{"@type":"ListItem","position":1,"name":"Home","item":"https:\/\/evertonfc.cz\/"},{"@type":"ListItem","position":2,"name":"Vytrvalos\u0165 sa vypl\u00e1ca"}]},{"@type":"WebSite","@id":"https:\/\/evertonfc.cz\/#website","url":"https:\/\/evertonfc.cz\/","name":"Official Czech &amp; Slovak Everton Supporters&#039; Club","description":"","publisher":{"@id":"https:\/\/evertonfc.cz\/#organization"},"potentialAction":[{"@type":"SearchAction","target":{"@type":"EntryPoint","urlTemplate":"https:\/\/evertonfc.cz\/?s={search_term_string}"},"query-input":{"@type":"PropertyValueSpecification","valueRequired":true,"valueName":"search_term_string"}}],"inLanguage":"cs"},{"@type":"Organization","@id":"https:\/\/evertonfc.cz\/#organization","name":"Official Czech & Slovak Everton Supporters' Club","url":"https:\/\/evertonfc.cz\/","logo":{"@type":"ImageObject","inLanguage":"cs","@id":"https:\/\/evertonfc.cz\/#\/schema\/logo\/image\/","url":"https:\/\/evertonfc.cz\/wp-content\/uploads\/2019\/05\/logo.png","contentUrl":"https:\/\/evertonfc.cz\/wp-content\/uploads\/2019\/05\/logo.png","width":112,"height":112,"caption":"Official Czech & Slovak Everton Supporters' Club"},"image":{"@id":"https:\/\/evertonfc.cz\/#\/schema\/logo\/image\/"},"sameAs":["https:\/\/www.facebook.com\/everton.fans.cz.sk"]},{"@type":"Person","@id":"https:\/\/evertonfc.cz\/#\/schema\/person\/d4493b8cbea51532597fbc4685698916","name":"BlueBlooded","url":"https:\/\/evertonfc.cz\/index.php\/author\/admin\/"}]}},"_links":{"self":[{"href":"https:\/\/evertonfc.cz\/index.php\/wp-json\/wp\/v2\/posts\/9293"}],"collection":[{"href":"https:\/\/evertonfc.cz\/index.php\/wp-json\/wp\/v2\/posts"}],"about":[{"href":"https:\/\/evertonfc.cz\/index.php\/wp-json\/wp\/v2\/types\/post"}],"author":[{"embeddable":true,"href":"https:\/\/evertonfc.cz\/index.php\/wp-json\/wp\/v2\/users\/1"}],"replies":[{"embeddable":true,"href":"https:\/\/evertonfc.cz\/index.php\/wp-json\/wp\/v2\/comments?post=9293"}],"version-history":[{"count":7,"href":"https:\/\/evertonfc.cz\/index.php\/wp-json\/wp\/v2\/posts\/9293\/revisions"}],"predecessor-version":[{"id":10903,"href":"https:\/\/evertonfc.cz\/index.php\/wp-json\/wp\/v2\/posts\/9293\/revisions\/10903"}],"wp:featuredmedia":[{"embeddable":true,"href":"https:\/\/evertonfc.cz\/index.php\/wp-json\/wp\/v2\/media\/9294"}],"wp:attachment":[{"href":"https:\/\/evertonfc.cz\/index.php\/wp-json\/wp\/v2\/media?parent=9293"}],"wp:term":[{"taxonomy":"category","embeddable":true,"href":"https:\/\/evertonfc.cz\/index.php\/wp-json\/wp\/v2\/categories?post=9293"},{"taxonomy":"post_tag","embeddable":true,"href":"https:\/\/evertonfc.cz\/index.php\/wp-json\/wp\/v2\/tags?post=9293"}],"curies":[{"name":"wp","href":"https:\/\/api.w.org\/{rel}","templated":true}]}}