{"id":9343,"date":"2019-09-16T13:45:35","date_gmt":"2019-09-16T11:45:35","guid":{"rendered":"https:\/\/evertonfc.cz\/?p=9343"},"modified":"2019-09-16T13:48:05","modified_gmt":"2019-09-16T11:48:05","slug":"bournemouth-everton-31","status":"publish","type":"post","link":"https:\/\/evertonfc.cz\/index.php\/2019\/09\/16\/bournemouth-everton-31\/","title":{"rendered":"Bournemouth \u2013 Everton 3:1"},"content":{"rendered":"<h4>Po dlh\u0161ej odmlke zakopnutie sa st\u00e1va. Preto neradno chodi\u0165 po \u010dere\u0161ne do ju\u017en\u00e9ho kraja. Sez\u00f3na sa im u\u017e predsa v lete skon\u010dila, tak neulakomme sa na p\u00e1r k\u00faskov ovocia.<\/h4>\n<p>Karamelky s\u00fa pri chuti. A\u00a0tou svojou st\u00e1le dok\u00e1\u017eu prekvapi\u0165, a\u017e by jeden uva\u017eoval, \u010di ich nepremenova\u0165. V\u00a0Brit\u00e1nii, a\u00a0ur\u010dite aj na Slovensku poznaj\u00fa fazu\u013eky ka\u017edej chuti. A\u00a0my ani nemus\u00edme \u010d\u00edta\u0165 liter\u00e1rne diela na to, aby sme vedeli, \u010do za potmeh\u00fadsky produkt to vlastne je.<\/p>\n<p>Fabian Delph to pr\u00e1ve zis\u0165uje na vlastnej ko\u017ei. Jeho prv\u00fd v\u00fdlet s\u00a0Evertonom na ihrisk\u00e1 s\u00faperov sta\u010dil na to, aby mu praskli nervy. Od tej nemoh\u00facnosti, ktor\u00e1 s n\u00e1kazlivou pravidelnos\u0165ou opant\u00e1va v\u00fdkonnostn\u00e9 krivky mu\u017estva, bez hanby pom\u00fd\u0161\u013eaj\u00faceho na zelen\u0161ie pastviny popredn\u00fdch prie\u010dok.<\/p>\n<p>Vyburcovan\u00fd skvostn\u00fdmi z\u00e1\u017eitkami zo susedsk\u00fdch \u010dias, \u010dasto chce vlastn\u00fdmi silami strhn\u00fa\u0165 ducha t\u00edmu na \u00faspe\u0161n\u00fa stranu. Vraj kde je v\u00f4\u013ea, vedie cesta. A\u00a0je v\u00f4\u013ea? Preto\u017ee cestu by aj ka\u017ed\u00fd videl. Znal\u00fd \u010di neznal\u00fd, dirigent aj dirigovan\u00fd. Nevdojak v\u0161ak vyjde verva navnivo\u010d, a dore\u017ee sa ten, kto tla\u010d\u00ed moc.<\/p>\n<p>Tak, to by sme mali pr\u00edbeh jedn\u00e9ho, po\u010fme teraz na skupinov\u00fa terapiu. Pozvan\u00fd nebol Tosun, svoje tradi\u010dn\u00e9 si odsedel Davies. Slovo teda nedostal, hoci porozpr\u00e1va\u0165 by mal toho najviac. Zato priestor dostal Schneiderlin, ke\u010f\u017ee Gomes sa za dva t\u00fd\u017edne neotriasol z\u00a0narazenia rebier, a\u00a0takticky sa spovedal zo such\u00f4t Calvert-Lewin, pred Keanom.<\/p>\n<p>Z\u00e1pas vynikaj\u00faco opisuje slovo hektick\u00fd, ne\u013eahk\u00fd na oko div\u00e1ka. V\u00a0celom tom bordeli sa sna\u017eili n\u00e1js\u0165 hostia chv\u00ed\u013eu pre seba, ale ne\u00fanavn\u00fd s\u00faper bol v\u017edy v\u0161ade a\u00a0znepr\u00edjem\u0148oval v\u0161etko, \u010do sa mu dostalo pod kopa\u010dky. \u0160koda preto, \u017ee sme nevyu\u017eili na oko najv\u00e4\u010d\u0161iu slabinu s\u00fapera, a\u00a0to jeho postupn\u00fa rozohr\u00e1vku od zadn\u00fdch radov.<\/p>\n<p>Na\u0161a dev\u00edzov\u00e1 n\u00e1tlakov\u00e1 hra bola v\u00a0prv\u00fdch min\u00fatach ve\u013emi prec\u00edzna, no \u00faspech nezo\u017e\u00ednala ani v\u00a0neskor\u0161\u00edch f\u00e1zach. S\u00faper sa tak dostal k\u00a0pr\u00edle\u017eitosti otestova\u0165 pre zmenu na\u0161u slabinu, o\u00a0ktorej sme si mysleli, \u017ee u\u017e neexistuje. Vol\u00e1 sa \u0161tandardn\u00e9 situ\u00e1cie. V\u00a0dvadsiatej tretej min\u00fate Toffees inkasovali z\u00a0rohu v\u00a0hre zn\u00e1mej ako Pinball.<\/p>\n<p>Lopta si na\u0161la cestu do Pickfordovej siete po re\u0165azi mien Solanke \u2013 King \u2013 Wilson, a\u00a0to dokonca v\u00a0malom v\u00e1pne! To v\u0161etko ako d\u00f4sledok minutia prvej lopty v\u00a0z\u00f3novom br\u00e1nen\u00ed a\u00a0n\u00e1slednej neschopnosti zabr\u00e1ni\u0165 n\u00e1behom nestr\u00e1\u017een\u00fdch hr\u00e1\u010dov. Nasledovala preto k\u013e\u00fa\u010dov\u00e1 f\u00e1za, \u010di sa dok\u00e1\u017ee Portugal\u010danova dru\u017eina vr\u00e1ti\u0165 do z\u00e1pasu.<\/p>\n<p>A\u00a0oni to dok\u00e1zali, ale a\u017e zhruba o\u00a0dvadsa\u0165 min\u00fat. Coleman vysunul Richarlisona do kr\u00eddeln\u00fdch priestorov a\u00a0Braz\u00edl\u010dan po\u013eahky na\u010dechril padaj\u00faci center rovno na hlavu Calverta-Lewina, ktor\u00fd si vo v\u00fdskoku poradil s\u00a0obkolesen\u00edm dvoch obrancov a\u00a0nechytate\u013ene umiestnil pod brvno odchovanca akad\u00e9mie The Cherries.<\/p>\n<p>Everton toto predprest\u00e1vkov\u00e9 momentum nepreniesol do druh\u00e9ho pol\u010dasu a\u00a0pykal za svoju nezlep\u0161en\u00fa hru. Zbyto\u010dn\u00e9ho faulu sa dopustil Richarlison. Nest\u00edhal Kingovi a\u00a0tak z\u00e1krok na \u017elt\u00fa znamenal pre dom\u00e1cich aj g\u00f3lov\u00fa v\u00fdhodu. K\u00a0lopte sa postavil \u010derstvo striedaj\u00faci najmen\u0161\u00ed hr\u00e1\u010d Premier League a\u00a0pr\u00edzemnou strelou n\u00e1s don\u00fatil inkasova\u0165 jeden z\u00a0kateg\u00f3rie tr\u00e1pnych.<\/p>\n<p>Strela prakticky obi\u0161la m\u00far aj obrann\u00fd val, a\u00a0nezmenila smer, \u010do zasko\u010dilo aj Pickforda, ktor\u00fd o\u010dak\u00e1val aspo\u0148 nejak\u00fd te\u010d. Ve\u013ek\u00fa porciu viny nesie Delph, ktor\u00fd chcel na bli\u017e\u0161ej \u017erdi nezmyselne zakro\u010di\u0165 v\u00a0tom uhle krat\u0161ou \u013eavou nohou, \u010do sa mu nepodarilo. Vzniklo aj podozrenie na vlastn\u00fd g\u00f3l, Fabian sa ale lopty nedotkol.<\/p>\n<p>Klinec do rakvy na\u0161ej obrany zabil Wilson, asi dvadsa\u0165 min\u00fat pred koncom. Obl\u00fak, ktor\u00fd ho uvo\u013enil do samostatn\u00e9ho n\u00e1jazdu na brank\u00e1ra, vyradil z\u00a0prev\u00e1dzky pomaly reaguj\u00faceho Keanea aj\u00a0prispat\u00e9ho Minu, obdivuj\u00faceho loptu mimo svojej poz\u00edcie. Koniec hry znamenalo jeho excelentn\u00e9 zakon\u010denie ponad rukavice vybiehaj\u00faceho reprezentanta Anglicka.<\/p>\n<p><a href=\"https:\/\/www.evertonfc.com\/news\/1346275\/extended-highlights-bournemouth-3-1-everton\" target=\"_blank\" rel=\"noopener noreferrer\">Zostrih toho najhor\u0161ieho zo z\u00e1pasu n\u00e1jdete na ofici\u00e1lnej str\u00e1nke.<\/a><\/p>\n<hr \/>\n<p><strong>Mu\u017e z\u00e1pasu: <\/strong>Callum Wilson (Sky) Aaron Ramsdale (BBC)<\/p>\n<p><strong>\u017dlt\u00e9 karty:\u00a0<\/strong>40\u00b4 Delph, 58\u00b4 Digne, 66\u00b4 Richarlison, 90+5\u00b4 Schneiderlin<\/p>\n<p><strong>AFC Bournemouth:\u00a0<\/strong>Ramsdale \u2013 Stacey, Cook, Ak\u00e9, Rico (90+4\u00b4Mepham) \u2013 Wilson (57\u00b4Fraser), Billing, Cook (77\u00b4Lerma), King \u2013 Solanke, Wilson<\/p>\n<p><strong>Everton FC:\u00a0<\/strong>Pickford \u2013 Coleman, Keane, Mina, Digne \u2013 Schneiderlin, Delph \u2013 Richarlison (81\u00b4Walcott), Sigurdsson (71\u00b4 Kean), Iwobi \u2013 Calvert-Lewin (71\u00b4Bernard)<\/p>\n<p><strong>Rozhodca:\u00a0<\/strong>Paul Tierney<\/p>\n<p><strong>Po\u010det div\u00e1kov:\u00a0<\/strong>10 416, Vitality Stadium (Bournemouth)<\/p>\n","protected":false},"excerpt":{"rendered":"<p>Po dlh\u0161ej odmlke zakopnutie sa st\u00e1va. Preto neradno chodi\u0165 po \u010dere\u0161ne do ju\u017en\u00e9ho kraja. Sez\u00f3na sa im u\u017e predsa v lete skon\u010dila, tak neulakomme sa na p\u00e1r k\u00faskov ovocia.<\/p>\n","protected":false},"author":1,"featured_media":9344,"comment_status":"open","ping_status":"closed","sticky":false,"template":"","format":"standard","meta":{"_eb_attr":"","_monsterinsights_skip_tracking":false,"_monsterinsights_sitenote_active":false,"_monsterinsights_sitenote_note":"","_monsterinsights_sitenote_category":0,"footnotes":""},"categories":[4],"tags":[],"yoast_head":"<!-- This site is optimized with the Yoast SEO plugin v23.4 - https:\/\/yoast.com\/wordpress\/plugins\/seo\/ -->\n<title>Bournemouth \u2013 Everton 3:1 - Official Czech &amp; Slovak Everton Supporters&#039; Club<\/title>\n<meta name=\"robots\" content=\"index, follow, max-snippet:-1, max-image-preview:large, max-video-preview:-1\" \/>\n<link rel=\"canonical\" href=\"https:\/\/evertonfc.cz\/index.php\/2019\/09\/16\/bournemouth-everton-31\/\" \/>\n<meta property=\"og:locale\" content=\"cs_CZ\" \/>\n<meta property=\"og:type\" content=\"article\" \/>\n<meta property=\"og:title\" content=\"Bournemouth \u2013 Everton 3:1 - Official Czech &amp; Slovak Everton Supporters&#039; Club\" \/>\n<meta property=\"og:description\" content=\"Po dlh\u0161ej odmlke zakopnutie sa st\u00e1va. Preto neradno chodi\u0165 po \u010dere\u0161ne do ju\u017en\u00e9ho kraja. Sez\u00f3na sa im u\u017e predsa v lete skon\u010dila, tak neulakomme sa na p\u00e1r k\u00faskov ovocia.\" \/>\n<meta property=\"og:url\" content=\"https:\/\/evertonfc.cz\/index.php\/2019\/09\/16\/bournemouth-everton-31\/\" \/>\n<meta property=\"og:site_name\" content=\"Official Czech &amp; Slovak Everton Supporters&#039; Club\" \/>\n<meta property=\"article:publisher\" content=\"https:\/\/www.facebook.com\/everton.fans.cz.sk\" \/>\n<meta property=\"article:published_time\" content=\"2019-09-16T11:45:35+00:00\" \/>\n<meta property=\"article:modified_time\" content=\"2019-09-16T11:48:05+00:00\" \/>\n<meta property=\"og:image\" content=\"https:\/\/evertonfc.cz\/wp-content\/uploads\/2019\/09\/Bournemouth-16-9-2019.jpg\" \/>\n\t<meta property=\"og:image:width\" content=\"720\" \/>\n\t<meta property=\"og:image:height\" content=\"405\" \/>\n\t<meta property=\"og:image:type\" content=\"image\/jpeg\" \/>\n<meta name=\"author\" content=\"BlueBlooded\" \/>\n<meta name=\"twitter:card\" content=\"summary_large_image\" \/>\n<meta name=\"twitter:label1\" content=\"Napsal(a)\" \/>\n\t<meta name=\"twitter:data1\" content=\"BlueBlooded\" \/>\n\t<meta name=\"twitter:label2\" content=\"Odhadovan\u00e1 doba \u010dten\u00ed\" \/>\n\t<meta name=\"twitter:data2\" content=\"4 minuty\" \/>\n<script type=\"application\/ld+json\" class=\"yoast-schema-graph\">{\"@context\":\"https:\/\/schema.org\",\"@graph\":[{\"@type\":\"Article\",\"@id\":\"https:\/\/evertonfc.cz\/index.php\/2019\/09\/16\/bournemouth-everton-31\/#article\",\"isPartOf\":{\"@id\":\"https:\/\/evertonfc.cz\/index.php\/2019\/09\/16\/bournemouth-everton-31\/\"},\"author\":{\"name\":\"BlueBlooded\",\"@id\":\"https:\/\/evertonfc.cz\/#\/schema\/person\/d4493b8cbea51532597fbc4685698916\"},\"headline\":\"Bournemouth \u2013 Everton 3:1\",\"datePublished\":\"2019-09-16T11:45:35+00:00\",\"dateModified\":\"2019-09-16T11:48:05+00:00\",\"mainEntityOfPage\":{\"@id\":\"https:\/\/evertonfc.cz\/index.php\/2019\/09\/16\/bournemouth-everton-31\/\"},\"wordCount\":807,\"commentCount\":8,\"publisher\":{\"@id\":\"https:\/\/evertonfc.cz\/#organization\"},\"image\":{\"@id\":\"https:\/\/evertonfc.cz\/index.php\/2019\/09\/16\/bournemouth-everton-31\/#primaryimage\"},\"thumbnailUrl\":\"https:\/\/evertonfc.cz\/wp-content\/uploads\/2019\/09\/Bournemouth-16-9-2019.jpg\",\"articleSection\":[\"Z\u00e1pasy\"],\"inLanguage\":\"cs\",\"potentialAction\":[{\"@type\":\"CommentAction\",\"name\":\"Comment\",\"target\":[\"https:\/\/evertonfc.cz\/index.php\/2019\/09\/16\/bournemouth-everton-31\/#respond\"]}]},{\"@type\":\"WebPage\",\"@id\":\"https:\/\/evertonfc.cz\/index.php\/2019\/09\/16\/bournemouth-everton-31\/\",\"url\":\"https:\/\/evertonfc.cz\/index.php\/2019\/09\/16\/bournemouth-everton-31\/\",\"name\":\"Bournemouth \u2013 Everton 3:1 - Official Czech &amp; Slovak Everton Supporters&#039; Club\",\"isPartOf\":{\"@id\":\"https:\/\/evertonfc.cz\/#website\"},\"primaryImageOfPage\":{\"@id\":\"https:\/\/evertonfc.cz\/index.php\/2019\/09\/16\/bournemouth-everton-31\/#primaryimage\"},\"image\":{\"@id\":\"https:\/\/evertonfc.cz\/index.php\/2019\/09\/16\/bournemouth-everton-31\/#primaryimage\"},\"thumbnailUrl\":\"https:\/\/evertonfc.cz\/wp-content\/uploads\/2019\/09\/Bournemouth-16-9-2019.jpg\",\"datePublished\":\"2019-09-16T11:45:35+00:00\",\"dateModified\":\"2019-09-16T11:48:05+00:00\",\"breadcrumb\":{\"@id\":\"https:\/\/evertonfc.cz\/index.php\/2019\/09\/16\/bournemouth-everton-31\/#breadcrumb\"},\"inLanguage\":\"cs\",\"potentialAction\":[{\"@type\":\"ReadAction\",\"target\":[\"https:\/\/evertonfc.cz\/index.php\/2019\/09\/16\/bournemouth-everton-31\/\"]}]},{\"@type\":\"ImageObject\",\"inLanguage\":\"cs\",\"@id\":\"https:\/\/evertonfc.cz\/index.php\/2019\/09\/16\/bournemouth-everton-31\/#primaryimage\",\"url\":\"https:\/\/evertonfc.cz\/wp-content\/uploads\/2019\/09\/Bournemouth-16-9-2019.jpg\",\"contentUrl\":\"https:\/\/evertonfc.cz\/wp-content\/uploads\/2019\/09\/Bournemouth-16-9-2019.jpg\",\"width\":720,\"height\":405},{\"@type\":\"BreadcrumbList\",\"@id\":\"https:\/\/evertonfc.cz\/index.php\/2019\/09\/16\/bournemouth-everton-31\/#breadcrumb\",\"itemListElement\":[{\"@type\":\"ListItem\",\"position\":1,\"name\":\"Home\",\"item\":\"https:\/\/evertonfc.cz\/\"},{\"@type\":\"ListItem\",\"position\":2,\"name\":\"Bournemouth \u2013 Everton 3:1\"}]},{\"@type\":\"WebSite\",\"@id\":\"https:\/\/evertonfc.cz\/#website\",\"url\":\"https:\/\/evertonfc.cz\/\",\"name\":\"Official Czech &amp; Slovak Everton Supporters&#039; Club\",\"description\":\"\",\"publisher\":{\"@id\":\"https:\/\/evertonfc.cz\/#organization\"},\"potentialAction\":[{\"@type\":\"SearchAction\",\"target\":{\"@type\":\"EntryPoint\",\"urlTemplate\":\"https:\/\/evertonfc.cz\/?s={search_term_string}\"},\"query-input\":{\"@type\":\"PropertyValueSpecification\",\"valueRequired\":true,\"valueName\":\"search_term_string\"}}],\"inLanguage\":\"cs\"},{\"@type\":\"Organization\",\"@id\":\"https:\/\/evertonfc.cz\/#organization\",\"name\":\"Official Czech & Slovak Everton Supporters' Club\",\"url\":\"https:\/\/evertonfc.cz\/\",\"logo\":{\"@type\":\"ImageObject\",\"inLanguage\":\"cs\",\"@id\":\"https:\/\/evertonfc.cz\/#\/schema\/logo\/image\/\",\"url\":\"https:\/\/evertonfc.cz\/wp-content\/uploads\/2019\/05\/logo.png\",\"contentUrl\":\"https:\/\/evertonfc.cz\/wp-content\/uploads\/2019\/05\/logo.png\",\"width\":112,\"height\":112,\"caption\":\"Official Czech & Slovak Everton Supporters' Club\"},\"image\":{\"@id\":\"https:\/\/evertonfc.cz\/#\/schema\/logo\/image\/\"},\"sameAs\":[\"https:\/\/www.facebook.com\/everton.fans.cz.sk\"]},{\"@type\":\"Person\",\"@id\":\"https:\/\/evertonfc.cz\/#\/schema\/person\/d4493b8cbea51532597fbc4685698916\",\"name\":\"BlueBlooded\",\"url\":\"https:\/\/evertonfc.cz\/index.php\/author\/admin\/\"}]}<\/script>\n<!-- \/ Yoast SEO plugin. -->","yoast_head_json":{"title":"Bournemouth \u2013 Everton 3:1 - Official Czech &amp; Slovak Everton Supporters&#039; Club","robots":{"index":"index","follow":"follow","max-snippet":"max-snippet:-1","max-image-preview":"max-image-preview:large","max-video-preview":"max-video-preview:-1"},"canonical":"https:\/\/evertonfc.cz\/index.php\/2019\/09\/16\/bournemouth-everton-31\/","og_locale":"cs_CZ","og_type":"article","og_title":"Bournemouth \u2013 Everton 3:1 - Official Czech &amp; Slovak Everton Supporters&#039; Club","og_description":"Po dlh\u0161ej odmlke zakopnutie sa st\u00e1va. Preto neradno chodi\u0165 po \u010dere\u0161ne do ju\u017en\u00e9ho kraja. Sez\u00f3na sa im u\u017e predsa v lete skon\u010dila, tak neulakomme sa na p\u00e1r k\u00faskov ovocia.","og_url":"https:\/\/evertonfc.cz\/index.php\/2019\/09\/16\/bournemouth-everton-31\/","og_site_name":"Official Czech &amp; Slovak Everton Supporters&#039; Club","article_publisher":"https:\/\/www.facebook.com\/everton.fans.cz.sk","article_published_time":"2019-09-16T11:45:35+00:00","article_modified_time":"2019-09-16T11:48:05+00:00","og_image":[{"width":720,"height":405,"url":"https:\/\/evertonfc.cz\/wp-content\/uploads\/2019\/09\/Bournemouth-16-9-2019.jpg","type":"image\/jpeg"}],"author":"BlueBlooded","twitter_card":"summary_large_image","twitter_misc":{"Napsal(a)":"BlueBlooded","Odhadovan\u00e1 doba \u010dten\u00ed":"4 minuty"},"schema":{"@context":"https:\/\/schema.org","@graph":[{"@type":"Article","@id":"https:\/\/evertonfc.cz\/index.php\/2019\/09\/16\/bournemouth-everton-31\/#article","isPartOf":{"@id":"https:\/\/evertonfc.cz\/index.php\/2019\/09\/16\/bournemouth-everton-31\/"},"author":{"name":"BlueBlooded","@id":"https:\/\/evertonfc.cz\/#\/schema\/person\/d4493b8cbea51532597fbc4685698916"},"headline":"Bournemouth \u2013 Everton 3:1","datePublished":"2019-09-16T11:45:35+00:00","dateModified":"2019-09-16T11:48:05+00:00","mainEntityOfPage":{"@id":"https:\/\/evertonfc.cz\/index.php\/2019\/09\/16\/bournemouth-everton-31\/"},"wordCount":807,"commentCount":8,"publisher":{"@id":"https:\/\/evertonfc.cz\/#organization"},"image":{"@id":"https:\/\/evertonfc.cz\/index.php\/2019\/09\/16\/bournemouth-everton-31\/#primaryimage"},"thumbnailUrl":"https:\/\/evertonfc.cz\/wp-content\/uploads\/2019\/09\/Bournemouth-16-9-2019.jpg","articleSection":["Z\u00e1pasy"],"inLanguage":"cs","potentialAction":[{"@type":"CommentAction","name":"Comment","target":["https:\/\/evertonfc.cz\/index.php\/2019\/09\/16\/bournemouth-everton-31\/#respond"]}]},{"@type":"WebPage","@id":"https:\/\/evertonfc.cz\/index.php\/2019\/09\/16\/bournemouth-everton-31\/","url":"https:\/\/evertonfc.cz\/index.php\/2019\/09\/16\/bournemouth-everton-31\/","name":"Bournemouth \u2013 Everton 3:1 - Official Czech &amp; Slovak Everton Supporters&#039; Club","isPartOf":{"@id":"https:\/\/evertonfc.cz\/#website"},"primaryImageOfPage":{"@id":"https:\/\/evertonfc.cz\/index.php\/2019\/09\/16\/bournemouth-everton-31\/#primaryimage"},"image":{"@id":"https:\/\/evertonfc.cz\/index.php\/2019\/09\/16\/bournemouth-everton-31\/#primaryimage"},"thumbnailUrl":"https:\/\/evertonfc.cz\/wp-content\/uploads\/2019\/09\/Bournemouth-16-9-2019.jpg","datePublished":"2019-09-16T11:45:35+00:00","dateModified":"2019-09-16T11:48:05+00:00","breadcrumb":{"@id":"https:\/\/evertonfc.cz\/index.php\/2019\/09\/16\/bournemouth-everton-31\/#breadcrumb"},"inLanguage":"cs","potentialAction":[{"@type":"ReadAction","target":["https:\/\/evertonfc.cz\/index.php\/2019\/09\/16\/bournemouth-everton-31\/"]}]},{"@type":"ImageObject","inLanguage":"cs","@id":"https:\/\/evertonfc.cz\/index.php\/2019\/09\/16\/bournemouth-everton-31\/#primaryimage","url":"https:\/\/evertonfc.cz\/wp-content\/uploads\/2019\/09\/Bournemouth-16-9-2019.jpg","contentUrl":"https:\/\/evertonfc.cz\/wp-content\/uploads\/2019\/09\/Bournemouth-16-9-2019.jpg","width":720,"height":405},{"@type":"BreadcrumbList","@id":"https:\/\/evertonfc.cz\/index.php\/2019\/09\/16\/bournemouth-everton-31\/#breadcrumb","itemListElement":[{"@type":"ListItem","position":1,"name":"Home","item":"https:\/\/evertonfc.cz\/"},{"@type":"ListItem","position":2,"name":"Bournemouth \u2013 Everton 3:1"}]},{"@type":"WebSite","@id":"https:\/\/evertonfc.cz\/#website","url":"https:\/\/evertonfc.cz\/","name":"Official Czech &amp; Slovak Everton Supporters&#039; Club","description":"","publisher":{"@id":"https:\/\/evertonfc.cz\/#organization"},"potentialAction":[{"@type":"SearchAction","target":{"@type":"EntryPoint","urlTemplate":"https:\/\/evertonfc.cz\/?s={search_term_string}"},"query-input":{"@type":"PropertyValueSpecification","valueRequired":true,"valueName":"search_term_string"}}],"inLanguage":"cs"},{"@type":"Organization","@id":"https:\/\/evertonfc.cz\/#organization","name":"Official Czech & Slovak Everton Supporters' Club","url":"https:\/\/evertonfc.cz\/","logo":{"@type":"ImageObject","inLanguage":"cs","@id":"https:\/\/evertonfc.cz\/#\/schema\/logo\/image\/","url":"https:\/\/evertonfc.cz\/wp-content\/uploads\/2019\/05\/logo.png","contentUrl":"https:\/\/evertonfc.cz\/wp-content\/uploads\/2019\/05\/logo.png","width":112,"height":112,"caption":"Official Czech & Slovak Everton Supporters' Club"},"image":{"@id":"https:\/\/evertonfc.cz\/#\/schema\/logo\/image\/"},"sameAs":["https:\/\/www.facebook.com\/everton.fans.cz.sk"]},{"@type":"Person","@id":"https:\/\/evertonfc.cz\/#\/schema\/person\/d4493b8cbea51532597fbc4685698916","name":"BlueBlooded","url":"https:\/\/evertonfc.cz\/index.php\/author\/admin\/"}]}},"_links":{"self":[{"href":"https:\/\/evertonfc.cz\/index.php\/wp-json\/wp\/v2\/posts\/9343"}],"collection":[{"href":"https:\/\/evertonfc.cz\/index.php\/wp-json\/wp\/v2\/posts"}],"about":[{"href":"https:\/\/evertonfc.cz\/index.php\/wp-json\/wp\/v2\/types\/post"}],"author":[{"embeddable":true,"href":"https:\/\/evertonfc.cz\/index.php\/wp-json\/wp\/v2\/users\/1"}],"replies":[{"embeddable":true,"href":"https:\/\/evertonfc.cz\/index.php\/wp-json\/wp\/v2\/comments?post=9343"}],"version-history":[{"count":3,"href":"https:\/\/evertonfc.cz\/index.php\/wp-json\/wp\/v2\/posts\/9343\/revisions"}],"predecessor-version":[{"id":9348,"href":"https:\/\/evertonfc.cz\/index.php\/wp-json\/wp\/v2\/posts\/9343\/revisions\/9348"}],"wp:featuredmedia":[{"embeddable":true,"href":"https:\/\/evertonfc.cz\/index.php\/wp-json\/wp\/v2\/media\/9344"}],"wp:attachment":[{"href":"https:\/\/evertonfc.cz\/index.php\/wp-json\/wp\/v2\/media?parent=9343"}],"wp:term":[{"taxonomy":"category","embeddable":true,"href":"https:\/\/evertonfc.cz\/index.php\/wp-json\/wp\/v2\/categories?post=9343"},{"taxonomy":"post_tag","embeddable":true,"href":"https:\/\/evertonfc.cz\/index.php\/wp-json\/wp\/v2\/tags?post=9343"}],"curies":[{"name":"wp","href":"https:\/\/api.w.org\/{rel}","templated":true}]}}