{"id":9353,"date":"2019-09-17T23:39:09","date_gmt":"2019-09-17T21:39:09","guid":{"rendered":"https:\/\/evertonfc.cz\/?p=9353"},"modified":"2019-09-17T23:51:43","modified_gmt":"2019-09-17T21:51:43","slug":"ball-opet-jsme-se-ztrapnili","status":"publish","type":"post","link":"https:\/\/evertonfc.cz\/index.php\/2019\/09\/17\/ball-opet-jsme-se-ztrapnili\/","title":{"rendered":"Ball: Op\u011bt jsme se ztrapnili"},"content":{"rendered":"<h4>B\u00fdval\u00fd lev\u00fd obr\u00e1nce Evertonu Michael Ball, kter\u00fd v letech 1996 a\u017e 2001 odehr\u00e1l za klub p\u0159es 120 z\u00e1pas\u016f, se ve sv\u00e9m pravideln\u00e9m sloupku pro den\u00edk Liverpool Echo ohl\u00e9dl za nevyda\u0159en\u00fdm z\u00e1pasem s Bournemouthem.<\/h4>\n<p>Minul\u00fd t\u00fdden jsem v m\u00e9m blogu hovo\u0159il o nadch\u00e1zej\u00edc\u00edm t\u011b\u017ek\u00e9m z\u00e1pase s Bournemouthem a z toho vypl\u00fdvaj\u00edc\u00ed pot\u0159eb\u011b profesion\u00e1ln\u00edho a organizovan\u00e9ho v\u00fdkonu, jestli\u017ee chceme dos\u00e1hnout dobr\u00e9ho v\u00fdsledku.<\/p>\n<p>P\u0159ed v\u00fdkopem jsem potom \u2013 stejn\u011b jako mnoho dal\u0161\u00edch fanou\u0161k\u016f Evertonu \u2013 p\u0159em\u00edtal o mo\u017enosti usadit se v elitn\u00ed ligov\u00e9 \u0161estce, \u010di dokonce ve \u010dty\u0159ce za p\u0159edpokladu s\u00e9rie vyda\u0159en\u00fdch utk\u00e1n\u00ed. Sebev\u011bdom\u00ed bylo vysok\u00e9, ostatn\u00ed t\u00fdmy ztr\u00e1cely body.<\/p>\n<p>Jen\u017ee abyste posko\u010dili do vy\u0161\u0161\u00edch pater tabulky, mus\u00edte mu\u017estva jako Bournemouth por\u00e1\u017eet. A to jsme nedok\u00e1zali.<\/p>\n<p>Mentalita, je\u017e n\u00e1s v minulosti stra\u0161ila, n\u00e1s op\u011bt dopadla. Nen\u00ed mo\u017en\u00e9 navl\u00e9knout modr\u00fd dres a uspokojen\u011b o\u010dek\u00e1vat, \u017ee se soupe\u0159 s\u00e1m poraz\u00ed.<\/p>\n<p>Byli jsme p\u0159\u00edli\u0161 hodn\u00ed, ledabyl\u00ed, nebyli jsme schopni kombinovat na dohled br\u00e1ny Cherries a ani jsme neuk\u00e1zali srd\u00ed\u010dko nebo odhodl\u00e1n\u00ed. Domn\u00edval jsem se, \u017ee v\u00fdpadek na h\u0159i\u0161ti Aston Villy bude v\u00fdjimkou, av\u0161ak m\u00fdlil jsem se.<\/p>\n<p>Zoufal\u00e9 ned\u011bln\u00ed vystoupen\u00ed reflektuje v\u0161echno negativn\u00ed, co jsme vid\u011bli v Evertonu za posledn\u00ed roky.<\/p>\n<p>Vys\u00edlala n\u00e1s televize a my jsme ztrapnili. V minulosti jsme nad\u00e1vali na m\u00e9dia za to, \u017ee n\u00e1m neprojevuj\u00ed dostate\u010dn\u00e9 uzn\u00e1n\u00ed, ov\u0161em ned\u011bln\u00ed v\u00fdkon je p\u0159esn\u00fdm d\u016fvodem na\u0161eho medi\u00e1ln\u00edho obrazu.<\/p>\n<p>Poka\u017ed\u00e9, kdy\u017e se na\u0161emu klubu naskytne p\u0159\u00edle\u017eitost, promarn\u00edme ji. V p\u0159\u00edpad\u011b v\u00fdhry nad Aston Villou jsme mohli stanout v \u010dele ligy, p\u0159ed ned\u011bl\u00ed jsme zase mohli posko\u010dit na druh\u00e9 nebo t\u0159et\u00ed m\u00edsto. Realita? Kr\u010d\u00edme se na 11. p\u0159\u00ed\u010dce.<\/p>\n<p>Je\u0161t\u011b jsme nehr\u00e1li proti \u017e\u00e1dn\u00e9mu solidn\u011bj\u0161\u00edmu soupe\u0159i a u\u017e jsme venku prohr\u00e1li s Aston Villou a Bournemouthem. Jak n\u00e1s tedy n\u011bkdo m\u016f\u017ee br\u00e1t v\u00e1\u017en\u011b a tipovat n\u00e1s na proniknut\u00ed do elitn\u00ed \u0161estky?<\/p>\n<p>Jakmile prohr\u00e1v\u00e1me o g\u00f3l, okam\u017eit\u011b h\u00e1z\u00edme flintu do \u017eita. Na nep\u0159\u00edzniv\u00fd stav neum\u00edme zareagovat a znep\u0159\u00edjemnit soupe\u0159i \u017eivot. St\u00e1le p\u0159edv\u00e1d\u00edme tu samou hrou s nad\u011bj\u00ed, \u017ee se n\u00e1m poda\u0159\u00ed usp\u011bt.<\/p>\n<p>B\u011bhem druh\u00e9ho polo\u010dasu jsme si sami p\u016fsobili zbyte\u010dn\u00e9 pot\u00ed\u017ee. Dom\u00e1c\u00edm jsme darovali nespo\u010det standardn\u00edch situac\u00ed v nebezpe\u010dn\u00fdch pozic\u00edch. Bylo jen ot\u00e1zkou \u010dasu, kdy budeme potrest\u00e1ni.<\/p>\n<p>Mysleli jsme, \u017ee u\u017e jsme vy\u0159e\u0161ili n\u00e1\u0161 probl\u00e9m s br\u00e1n\u011bn\u00edm standardek, ale probl\u00e9m se vr\u00e1til. Hr\u00e1\u010di na sebe jen slep\u011b z\u00edrali a hledali, kdo se chop\u00ed velen\u00ed. Nevid\u011bl jsem nikoho takov\u00e9ho.<\/p>\n<p>Je snadn\u00e9 d\u011blat gener\u00e1la po bitv\u011b, pro\u010d se ale nedok\u00e1\u017eeme nadobro zbavit p\u0159etrv\u00e1vaj\u00edc\u00edch probl\u00e9m\u016f?<\/p>\n<p>Chyb\u011bj\u00edc\u00ed kvalita ve fin\u00e1ln\u00ed t\u0159etin\u011b h\u0159i\u0161t\u011b byla hroziv\u00e1. Hr\u00e1\u010di vypadali nerv\u00f3zn\u011b, n\u011bkolikr\u00e1t jim m\u00ed\u010d odskakoval p\u0159i prvn\u00edm dotyku.<\/p>\n<p>P\u0159ijde mi, \u017ee ostatn\u00ed ligov\u00e9 t\u00fdmy um\u00ed v\u00edce vyt\u011b\u017eit z chyb soupe\u0159\u016f. My darovan\u00e9 \u0161ance netrest\u00e1me, jsme p\u0159\u00edli\u0161 hodn\u00ed. V\u0161e je to velmi frustruj\u00edc\u00ed. Sez\u00f3na se teprve rozb\u00edh\u00e1, u\u017e jsme ale protrp\u011bli dva zoufal\u00e9 venkovn\u00ed z\u00e1pasy.<\/p>\n<p>Realiza\u010dn\u00ed t\u00fdm mus\u00ed naj\u00edt \u0159e\u0161en\u00ed. \u0160patn\u00fd den se m\u016f\u017ee p\u0159ihodit, nicm\u00e9n\u011b nelze se prezentovat naprosto odevzdan\u011b.<\/p>\n<h4><strong>Sklesl\u00fd Silva<\/strong><\/h4>\n<p>V ned\u011bli to bylo poprv\u00e9, kdy m\u011b Marco Silva zklamal na pln\u00e9 \u010d\u00e1\u0159e. V minulosti jsem ho kritizoval a on se tak\u00e9 n\u011bkolikr\u00e1t nedo\u010dkal podpory od sv\u00fdch hr\u00e1\u010d\u016f, kte\u0159\u00ed se mu neodvd\u011b\u010dili po\u017eadovan\u00fdmi v\u00fdkony. Nyn\u00ed ale za\u010d\u00edn\u00e1m p\u0159em\u00fd\u0161let, pro\u010d kdy\u017e Everton postihne \u0161patn\u00fd den, v\u0161ichni hraj\u00ed mizern\u011b? Deka spadne na cel\u00e9 mu\u017estvo, ne pouze na jednoho nebo dva hr\u00e1\u010de.<\/p>\n<p>Ani jeden hr\u00e1\u010d si za sv\u016fj ned\u011bln\u00ed v\u00fdkon nezaslou\u017e\u00ed uzn\u00e1n\u00ed. A potom ten Silva (dob\u0159e, \u0161lo o televizn\u00ed z\u00e1pas, tak\u017ee cel\u00e1 v\u011bc se trochu zveli\u010duje), na n\u011bho\u017e byl z\u00e1b\u011br kamer po inkasovan\u00e9 brance na 1:3, jak sed\u011bl na lavi\u010dce s pora\u017eeneck\u00fdm v\u00fdrazem.<\/p>\n<p>Pokud bych byl hr\u00e1\u010dem, pomyslel bych si: <em>\u201eSakra, te\u010f t\u011b pot\u0159ebujeme.\u201c<\/em> Nem\u016f\u017ee prost\u011b jednom sed\u011bt a tv\u00e1\u0159it se sklesle.<\/p>\n<p>Hr\u00e1\u010di pot\u0159ebovali nasm\u011brovat, podobn\u00fd obr\u00e1zek ni\u010demu nepom\u00e1h\u00e1. M\u011bl by se zvednout a \u0159v\u00e1t na hr\u00e1\u010de, aby je p\u0159inutil se sebrat a dostat se zp\u011bt do z\u00e1pasu.<\/p>\n<p>Fanou\u0161ci Evertonu op\u011bt naplnili hostuj\u00edc\u00ed sektor a hr\u00e1\u010di s mana\u017eerem se jim odvd\u011b\u010dili takov\u00fdm p\u0159edstaven\u00edm.<\/p>\n<h4><strong>Hr\u016fzn\u00e9 v\u00fdjezdy<\/strong><\/h4>\n<p>Pro\u010d venku hrajeme tak odli\u0161n\u011b od dom\u00e1c\u00edch z\u00e1pas\u016f? V dne\u0161n\u00edm fotbale je ka\u017ed\u00fd mal\u00fd detail podroben anal\u00fdze, od statistiky v utk\u00e1n\u00ed po tep p\u0159i tr\u00e9ninku.<\/p>\n<p>Co se tak d\u011bje s t\u00fdmem p\u0159i venkovn\u00edm duelech? M\u00e1 odli\u0161nou mentalitu? Fanou\u0161ci v\u017edy cestuj\u00ed ve vysok\u00e9m po\u010dtu, pro\u010d se tak hr\u00e1\u010di p\u0159edv\u00e1d\u011bj\u00ed ve zl\u00e9m sv\u011btle?<\/p>\n<p>Nev\u00edm, probl\u00e9m ale nesm\u00ed d\u00e1le p\u0159etrv\u00e1vat. Jakmile t\u011b tren\u00e9r vybere do z\u00e1kladn\u00ed sestavy, na h\u0159i\u0161t\u011b mus\u00ed\u0161 vl\u00e9tnout hladov\u00fd. Odevzdan\u00e9 venkovn\u00ed v\u00fdkony se p\u0159esto st\u00e1le opakuj\u00ed.<\/p>\n<p>Marco nepochybn\u011b mus\u00ed rozlu\u0161tit tuto z\u00e1hadu, vina ale pad\u00e1 i na hr\u00e1\u010de. \u017d\u00e1dn\u00fd si z nich si za odpoledne v Bournemouthu nezaslou\u017eil uzn\u00e1n\u00ed, nechali Marca Silvu na holi\u010dk\u00e1ch. Kone\u010dn\u00e1 odpov\u011bdnost p\u0159esto v\u017edy pad\u00e1 na mana\u017eera, on m\u00e1 v\u00a0popisu pr\u00e1ce vy\u017ed\u00edmat z hr\u00e1\u010d\u016f to nejlep\u0161\u00ed.<\/p>\n","protected":false},"excerpt":{"rendered":"<p>B\u00fdval\u00fd lev\u00fd obr\u00e1nce Evertonu Michael Ball, kter\u00fd v letech 1996 a\u017e 2001 odehr\u00e1l za klub p\u0159es 120 z\u00e1pas\u016f, se ve sv\u00e9m pravideln\u00e9m sloupku pro den\u00edk Liverpool Echo ohl\u00e9dl za nevyda\u0159en\u00fdm z\u00e1pasem s Bournemouthem.<\/p>\n","protected":false},"author":6,"featured_media":9352,"comment_status":"open","ping_status":"closed","sticky":false,"template":"","format":"standard","meta":{"_eb_attr":"","_monsterinsights_skip_tracking":false,"_monsterinsights_sitenote_active":false,"_monsterinsights_sitenote_note":"","_monsterinsights_sitenote_category":0,"footnotes":""},"categories":[39],"tags":[],"yoast_head":"<!-- This site is optimized with the Yoast SEO plugin v23.4 - https:\/\/yoast.com\/wordpress\/plugins\/seo\/ -->\n<title>Ball: Op\u011bt jsme se ztrapnili - Official Czech &amp; Slovak Everton Supporters&#039; Club<\/title>\n<meta name=\"robots\" content=\"index, follow, max-snippet:-1, max-image-preview:large, max-video-preview:-1\" \/>\n<link rel=\"canonical\" href=\"https:\/\/evertonfc.cz\/index.php\/2019\/09\/17\/ball-opet-jsme-se-ztrapnili\/\" \/>\n<meta property=\"og:locale\" content=\"cs_CZ\" \/>\n<meta property=\"og:type\" content=\"article\" \/>\n<meta property=\"og:title\" content=\"Ball: Op\u011bt jsme se ztrapnili - Official Czech &amp; Slovak Everton Supporters&#039; Club\" \/>\n<meta property=\"og:description\" content=\"B\u00fdval\u00fd lev\u00fd obr\u00e1nce Evertonu Michael Ball, kter\u00fd v letech 1996 a\u017e 2001 odehr\u00e1l za klub p\u0159es 120 z\u00e1pas\u016f, se ve sv\u00e9m pravideln\u00e9m sloupku pro den\u00edk Liverpool Echo ohl\u00e9dl za nevyda\u0159en\u00fdm z\u00e1pasem s Bournemouthem.\" \/>\n<meta property=\"og:url\" content=\"https:\/\/evertonfc.cz\/index.php\/2019\/09\/17\/ball-opet-jsme-se-ztrapnili\/\" \/>\n<meta property=\"og:site_name\" content=\"Official Czech &amp; Slovak Everton Supporters&#039; Club\" \/>\n<meta property=\"article:publisher\" content=\"https:\/\/www.facebook.com\/everton.fans.cz.sk\" \/>\n<meta property=\"article:published_time\" content=\"2019-09-17T21:39:09+00:00\" \/>\n<meta property=\"article:modified_time\" content=\"2019-09-17T21:51:43+00:00\" \/>\n<meta property=\"og:image\" content=\"https:\/\/evertonfc.cz\/wp-content\/uploads\/2019\/09\/digne_17_9_2019.jpg\" \/>\n\t<meta property=\"og:image:width\" content=\"720\" \/>\n\t<meta property=\"og:image:height\" content=\"405\" \/>\n\t<meta property=\"og:image:type\" content=\"image\/jpeg\" \/>\n<meta name=\"author\" content=\"Ri\u010di\" \/>\n<meta name=\"twitter:card\" content=\"summary_large_image\" \/>\n<meta name=\"twitter:creator\" content=\"@rbrejsa\" \/>\n<meta name=\"twitter:label1\" content=\"Napsal(a)\" \/>\n\t<meta name=\"twitter:data1\" content=\"Ri\u010di\" \/>\n\t<meta name=\"twitter:label2\" content=\"Odhadovan\u00e1 doba \u010dten\u00ed\" \/>\n\t<meta name=\"twitter:data2\" content=\"5 minut\" \/>\n<script type=\"application\/ld+json\" class=\"yoast-schema-graph\">{\"@context\":\"https:\/\/schema.org\",\"@graph\":[{\"@type\":\"Article\",\"@id\":\"https:\/\/evertonfc.cz\/index.php\/2019\/09\/17\/ball-opet-jsme-se-ztrapnili\/#article\",\"isPartOf\":{\"@id\":\"https:\/\/evertonfc.cz\/index.php\/2019\/09\/17\/ball-opet-jsme-se-ztrapnili\/\"},\"author\":{\"name\":\"Ri\u010di\",\"@id\":\"https:\/\/evertonfc.cz\/#\/schema\/person\/f7a5daedb2ffee98480bc70e191aaef1\"},\"headline\":\"Ball: Op\u011bt jsme se ztrapnili\",\"datePublished\":\"2019-09-17T21:39:09+00:00\",\"dateModified\":\"2019-09-17T21:51:43+00:00\",\"mainEntityOfPage\":{\"@id\":\"https:\/\/evertonfc.cz\/index.php\/2019\/09\/17\/ball-opet-jsme-se-ztrapnili\/\"},\"wordCount\":1058,\"commentCount\":5,\"publisher\":{\"@id\":\"https:\/\/evertonfc.cz\/#organization\"},\"image\":{\"@id\":\"https:\/\/evertonfc.cz\/index.php\/2019\/09\/17\/ball-opet-jsme-se-ztrapnili\/#primaryimage\"},\"thumbnailUrl\":\"https:\/\/evertonfc.cz\/wp-content\/uploads\/2019\/09\/digne_17_9_2019.jpg\",\"articleSection\":[\"Blog\"],\"inLanguage\":\"cs\",\"potentialAction\":[{\"@type\":\"CommentAction\",\"name\":\"Comment\",\"target\":[\"https:\/\/evertonfc.cz\/index.php\/2019\/09\/17\/ball-opet-jsme-se-ztrapnili\/#respond\"]}]},{\"@type\":\"WebPage\",\"@id\":\"https:\/\/evertonfc.cz\/index.php\/2019\/09\/17\/ball-opet-jsme-se-ztrapnili\/\",\"url\":\"https:\/\/evertonfc.cz\/index.php\/2019\/09\/17\/ball-opet-jsme-se-ztrapnili\/\",\"name\":\"Ball: Op\u011bt jsme se ztrapnili - Official Czech &amp; Slovak Everton Supporters&#039; Club\",\"isPartOf\":{\"@id\":\"https:\/\/evertonfc.cz\/#website\"},\"primaryImageOfPage\":{\"@id\":\"https:\/\/evertonfc.cz\/index.php\/2019\/09\/17\/ball-opet-jsme-se-ztrapnili\/#primaryimage\"},\"image\":{\"@id\":\"https:\/\/evertonfc.cz\/index.php\/2019\/09\/17\/ball-opet-jsme-se-ztrapnili\/#primaryimage\"},\"thumbnailUrl\":\"https:\/\/evertonfc.cz\/wp-content\/uploads\/2019\/09\/digne_17_9_2019.jpg\",\"datePublished\":\"2019-09-17T21:39:09+00:00\",\"dateModified\":\"2019-09-17T21:51:43+00:00\",\"breadcrumb\":{\"@id\":\"https:\/\/evertonfc.cz\/index.php\/2019\/09\/17\/ball-opet-jsme-se-ztrapnili\/#breadcrumb\"},\"inLanguage\":\"cs\",\"potentialAction\":[{\"@type\":\"ReadAction\",\"target\":[\"https:\/\/evertonfc.cz\/index.php\/2019\/09\/17\/ball-opet-jsme-se-ztrapnili\/\"]}]},{\"@type\":\"ImageObject\",\"inLanguage\":\"cs\",\"@id\":\"https:\/\/evertonfc.cz\/index.php\/2019\/09\/17\/ball-opet-jsme-se-ztrapnili\/#primaryimage\",\"url\":\"https:\/\/evertonfc.cz\/wp-content\/uploads\/2019\/09\/digne_17_9_2019.jpg\",\"contentUrl\":\"https:\/\/evertonfc.cz\/wp-content\/uploads\/2019\/09\/digne_17_9_2019.jpg\",\"width\":720,\"height\":405},{\"@type\":\"BreadcrumbList\",\"@id\":\"https:\/\/evertonfc.cz\/index.php\/2019\/09\/17\/ball-opet-jsme-se-ztrapnili\/#breadcrumb\",\"itemListElement\":[{\"@type\":\"ListItem\",\"position\":1,\"name\":\"Home\",\"item\":\"https:\/\/evertonfc.cz\/\"},{\"@type\":\"ListItem\",\"position\":2,\"name\":\"Ball: Op\u011bt jsme se ztrapnili\"}]},{\"@type\":\"WebSite\",\"@id\":\"https:\/\/evertonfc.cz\/#website\",\"url\":\"https:\/\/evertonfc.cz\/\",\"name\":\"Official Czech &amp; Slovak Everton Supporters&#039; Club\",\"description\":\"\",\"publisher\":{\"@id\":\"https:\/\/evertonfc.cz\/#organization\"},\"potentialAction\":[{\"@type\":\"SearchAction\",\"target\":{\"@type\":\"EntryPoint\",\"urlTemplate\":\"https:\/\/evertonfc.cz\/?s={search_term_string}\"},\"query-input\":{\"@type\":\"PropertyValueSpecification\",\"valueRequired\":true,\"valueName\":\"search_term_string\"}}],\"inLanguage\":\"cs\"},{\"@type\":\"Organization\",\"@id\":\"https:\/\/evertonfc.cz\/#organization\",\"name\":\"Official Czech & Slovak Everton Supporters' Club\",\"url\":\"https:\/\/evertonfc.cz\/\",\"logo\":{\"@type\":\"ImageObject\",\"inLanguage\":\"cs\",\"@id\":\"https:\/\/evertonfc.cz\/#\/schema\/logo\/image\/\",\"url\":\"https:\/\/evertonfc.cz\/wp-content\/uploads\/2019\/05\/logo.png\",\"contentUrl\":\"https:\/\/evertonfc.cz\/wp-content\/uploads\/2019\/05\/logo.png\",\"width\":112,\"height\":112,\"caption\":\"Official Czech & Slovak Everton Supporters' Club\"},\"image\":{\"@id\":\"https:\/\/evertonfc.cz\/#\/schema\/logo\/image\/\"},\"sameAs\":[\"https:\/\/www.facebook.com\/everton.fans.cz.sk\"]},{\"@type\":\"Person\",\"@id\":\"https:\/\/evertonfc.cz\/#\/schema\/person\/f7a5daedb2ffee98480bc70e191aaef1\",\"name\":\"Ri\u010di\",\"sameAs\":[\"https:\/\/x.com\/rbrejsa\"],\"url\":\"https:\/\/evertonfc.cz\/index.php\/author\/rici\/\"}]}<\/script>\n<!-- \/ Yoast SEO plugin. -->","yoast_head_json":{"title":"Ball: Op\u011bt jsme se ztrapnili - Official Czech &amp; Slovak Everton Supporters&#039; Club","robots":{"index":"index","follow":"follow","max-snippet":"max-snippet:-1","max-image-preview":"max-image-preview:large","max-video-preview":"max-video-preview:-1"},"canonical":"https:\/\/evertonfc.cz\/index.php\/2019\/09\/17\/ball-opet-jsme-se-ztrapnili\/","og_locale":"cs_CZ","og_type":"article","og_title":"Ball: Op\u011bt jsme se ztrapnili - Official Czech &amp; Slovak Everton Supporters&#039; Club","og_description":"B\u00fdval\u00fd lev\u00fd obr\u00e1nce Evertonu Michael Ball, kter\u00fd v letech 1996 a\u017e 2001 odehr\u00e1l za klub p\u0159es 120 z\u00e1pas\u016f, se ve sv\u00e9m pravideln\u00e9m sloupku pro den\u00edk Liverpool Echo ohl\u00e9dl za nevyda\u0159en\u00fdm z\u00e1pasem s Bournemouthem.","og_url":"https:\/\/evertonfc.cz\/index.php\/2019\/09\/17\/ball-opet-jsme-se-ztrapnili\/","og_site_name":"Official Czech &amp; Slovak Everton Supporters&#039; Club","article_publisher":"https:\/\/www.facebook.com\/everton.fans.cz.sk","article_published_time":"2019-09-17T21:39:09+00:00","article_modified_time":"2019-09-17T21:51:43+00:00","og_image":[{"width":720,"height":405,"url":"https:\/\/evertonfc.cz\/wp-content\/uploads\/2019\/09\/digne_17_9_2019.jpg","type":"image\/jpeg"}],"author":"Ri\u010di","twitter_card":"summary_large_image","twitter_creator":"@rbrejsa","twitter_misc":{"Napsal(a)":"Ri\u010di","Odhadovan\u00e1 doba \u010dten\u00ed":"5 minut"},"schema":{"@context":"https:\/\/schema.org","@graph":[{"@type":"Article","@id":"https:\/\/evertonfc.cz\/index.php\/2019\/09\/17\/ball-opet-jsme-se-ztrapnili\/#article","isPartOf":{"@id":"https:\/\/evertonfc.cz\/index.php\/2019\/09\/17\/ball-opet-jsme-se-ztrapnili\/"},"author":{"name":"Ri\u010di","@id":"https:\/\/evertonfc.cz\/#\/schema\/person\/f7a5daedb2ffee98480bc70e191aaef1"},"headline":"Ball: Op\u011bt jsme se ztrapnili","datePublished":"2019-09-17T21:39:09+00:00","dateModified":"2019-09-17T21:51:43+00:00","mainEntityOfPage":{"@id":"https:\/\/evertonfc.cz\/index.php\/2019\/09\/17\/ball-opet-jsme-se-ztrapnili\/"},"wordCount":1058,"commentCount":5,"publisher":{"@id":"https:\/\/evertonfc.cz\/#organization"},"image":{"@id":"https:\/\/evertonfc.cz\/index.php\/2019\/09\/17\/ball-opet-jsme-se-ztrapnili\/#primaryimage"},"thumbnailUrl":"https:\/\/evertonfc.cz\/wp-content\/uploads\/2019\/09\/digne_17_9_2019.jpg","articleSection":["Blog"],"inLanguage":"cs","potentialAction":[{"@type":"CommentAction","name":"Comment","target":["https:\/\/evertonfc.cz\/index.php\/2019\/09\/17\/ball-opet-jsme-se-ztrapnili\/#respond"]}]},{"@type":"WebPage","@id":"https:\/\/evertonfc.cz\/index.php\/2019\/09\/17\/ball-opet-jsme-se-ztrapnili\/","url":"https:\/\/evertonfc.cz\/index.php\/2019\/09\/17\/ball-opet-jsme-se-ztrapnili\/","name":"Ball: Op\u011bt jsme se ztrapnili - Official Czech &amp; Slovak Everton Supporters&#039; Club","isPartOf":{"@id":"https:\/\/evertonfc.cz\/#website"},"primaryImageOfPage":{"@id":"https:\/\/evertonfc.cz\/index.php\/2019\/09\/17\/ball-opet-jsme-se-ztrapnili\/#primaryimage"},"image":{"@id":"https:\/\/evertonfc.cz\/index.php\/2019\/09\/17\/ball-opet-jsme-se-ztrapnili\/#primaryimage"},"thumbnailUrl":"https:\/\/evertonfc.cz\/wp-content\/uploads\/2019\/09\/digne_17_9_2019.jpg","datePublished":"2019-09-17T21:39:09+00:00","dateModified":"2019-09-17T21:51:43+00:00","breadcrumb":{"@id":"https:\/\/evertonfc.cz\/index.php\/2019\/09\/17\/ball-opet-jsme-se-ztrapnili\/#breadcrumb"},"inLanguage":"cs","potentialAction":[{"@type":"ReadAction","target":["https:\/\/evertonfc.cz\/index.php\/2019\/09\/17\/ball-opet-jsme-se-ztrapnili\/"]}]},{"@type":"ImageObject","inLanguage":"cs","@id":"https:\/\/evertonfc.cz\/index.php\/2019\/09\/17\/ball-opet-jsme-se-ztrapnili\/#primaryimage","url":"https:\/\/evertonfc.cz\/wp-content\/uploads\/2019\/09\/digne_17_9_2019.jpg","contentUrl":"https:\/\/evertonfc.cz\/wp-content\/uploads\/2019\/09\/digne_17_9_2019.jpg","width":720,"height":405},{"@type":"BreadcrumbList","@id":"https:\/\/evertonfc.cz\/index.php\/2019\/09\/17\/ball-opet-jsme-se-ztrapnili\/#breadcrumb","itemListElement":[{"@type":"ListItem","position":1,"name":"Home","item":"https:\/\/evertonfc.cz\/"},{"@type":"ListItem","position":2,"name":"Ball: Op\u011bt jsme se ztrapnili"}]},{"@type":"WebSite","@id":"https:\/\/evertonfc.cz\/#website","url":"https:\/\/evertonfc.cz\/","name":"Official Czech &amp; Slovak Everton Supporters&#039; Club","description":"","publisher":{"@id":"https:\/\/evertonfc.cz\/#organization"},"potentialAction":[{"@type":"SearchAction","target":{"@type":"EntryPoint","urlTemplate":"https:\/\/evertonfc.cz\/?s={search_term_string}"},"query-input":{"@type":"PropertyValueSpecification","valueRequired":true,"valueName":"search_term_string"}}],"inLanguage":"cs"},{"@type":"Organization","@id":"https:\/\/evertonfc.cz\/#organization","name":"Official Czech & Slovak Everton Supporters' Club","url":"https:\/\/evertonfc.cz\/","logo":{"@type":"ImageObject","inLanguage":"cs","@id":"https:\/\/evertonfc.cz\/#\/schema\/logo\/image\/","url":"https:\/\/evertonfc.cz\/wp-content\/uploads\/2019\/05\/logo.png","contentUrl":"https:\/\/evertonfc.cz\/wp-content\/uploads\/2019\/05\/logo.png","width":112,"height":112,"caption":"Official Czech & Slovak Everton Supporters' Club"},"image":{"@id":"https:\/\/evertonfc.cz\/#\/schema\/logo\/image\/"},"sameAs":["https:\/\/www.facebook.com\/everton.fans.cz.sk"]},{"@type":"Person","@id":"https:\/\/evertonfc.cz\/#\/schema\/person\/f7a5daedb2ffee98480bc70e191aaef1","name":"Ri\u010di","sameAs":["https:\/\/x.com\/rbrejsa"],"url":"https:\/\/evertonfc.cz\/index.php\/author\/rici\/"}]}},"_links":{"self":[{"href":"https:\/\/evertonfc.cz\/index.php\/wp-json\/wp\/v2\/posts\/9353"}],"collection":[{"href":"https:\/\/evertonfc.cz\/index.php\/wp-json\/wp\/v2\/posts"}],"about":[{"href":"https:\/\/evertonfc.cz\/index.php\/wp-json\/wp\/v2\/types\/post"}],"author":[{"embeddable":true,"href":"https:\/\/evertonfc.cz\/index.php\/wp-json\/wp\/v2\/users\/6"}],"replies":[{"embeddable":true,"href":"https:\/\/evertonfc.cz\/index.php\/wp-json\/wp\/v2\/comments?post=9353"}],"version-history":[{"count":10,"href":"https:\/\/evertonfc.cz\/index.php\/wp-json\/wp\/v2\/posts\/9353\/revisions"}],"predecessor-version":[{"id":9363,"href":"https:\/\/evertonfc.cz\/index.php\/wp-json\/wp\/v2\/posts\/9353\/revisions\/9363"}],"wp:featuredmedia":[{"embeddable":true,"href":"https:\/\/evertonfc.cz\/index.php\/wp-json\/wp\/v2\/media\/9352"}],"wp:attachment":[{"href":"https:\/\/evertonfc.cz\/index.php\/wp-json\/wp\/v2\/media?parent=9353"}],"wp:term":[{"taxonomy":"category","embeddable":true,"href":"https:\/\/evertonfc.cz\/index.php\/wp-json\/wp\/v2\/categories?post=9353"},{"taxonomy":"post_tag","embeddable":true,"href":"https:\/\/evertonfc.cz\/index.php\/wp-json\/wp\/v2\/tags?post=9353"}],"curies":[{"name":"wp","href":"https:\/\/api.w.org\/{rel}","templated":true}]}}