{"id":9364,"date":"2019-09-20T14:52:34","date_gmt":"2019-09-20T12:52:34","guid":{"rendered":"https:\/\/evertonfc.cz\/?p=9364"},"modified":"2019-09-20T21:09:23","modified_gmt":"2019-09-20T19:09:23","slug":"jags-bude-to-cudne","status":"publish","type":"post","link":"https:\/\/evertonfc.cz\/index.php\/2019\/09\/20\/jags-bude-to-cudne\/","title":{"rendered":"Jags: Bude to \u010dudn\u00e9"},"content":{"rendered":"<h4>U\u017e zajtra je na programe v\u00fdkop \u0161iesteho ligov\u00e9ho kola, v\u00a0ktorom Everton priv\u00edta v\u00a0Goodison Parku nov\u00e1\u010dika, Sheffield United. Uvid\u00edme v\u00a0drese s\u00fapera ex-kapit\u00e1na?<\/h4>\n<p>Len traja hr\u00e1\u010di v\u00a0novodobej hist\u00f3rii Premier League si prip\u00edsali viac z\u00e1rezov za Everton ako <a href=\"https:\/\/evertonfc.cz\/index.php\/soupiska\/phil-jagielka\/\" target=\"_blank\" rel=\"noopener noreferrer\">Phil Jagielka<\/a>. <a href=\"https:\/\/evertonfc.cz\/index.php\/soupiska\/leighton-baines\/\" target=\"_blank\" rel=\"noopener noreferrer\">Leighton Baines<\/a>, <a href=\"https:\/\/evertonfc.cz\/index.php\/soupiska\/tim-howard\/\" target=\"_blank\" rel=\"noopener noreferrer\">Tim Howard<\/a> a<a href=\"https:\/\/evertonfc.cz\/index.php\/soupiska\/leon-osman\/\" target=\"_blank\" rel=\"noopener noreferrer\">\u00a0Leon Osman<\/a>. V\u0161etci pred\u010dili \u010d\u00edslo 322, ktor\u00e9 bolo kone\u010dn\u00e9 pre dlhoro\u010dn\u00fa oporu zadn\u00fdch radov Karameliek. T\u00e1 ho za ist\u00fdch okolnost\u00ed dokonca mohla nav\u00fd\u0161i\u0165, ako sama prezr\u00e1dza.<\/p>\n<p><em>\u201eTak\u00e1to mo\u017enos\u0165 sa nakoniec neuskuto\u010dnila. Po\u010das posledn\u00fdch mesiacov sme mali pretrv\u00e1vaj\u00faci dial\u00f3g, po\u010das ktor\u00fdch mi vysvetlili, ak\u00fdm smerom sa pl\u00e1nuje klub ubera\u0165 a \u017ee maj\u00fa v pl\u00e1ne privies\u0165 viacero stredn\u00fdch obrancov. Povedali mi, \u017ee ak nez\u00edskaj\u00fa ani jedn\u00e9ho z nich, mo\u017eno ostane pre m\u0148a miesto a \u00faloha, ktor\u00fa som zast\u00e1val <\/em><em>posledn\u00fa sez\u00f3nu.\u201c<\/em><\/p>\n<p>Aktu\u00e1lne sa m\u00e1 situ\u00e1cia v\u00a0klube tak, \u017ee ani jeden stop\u00e9r nebol do k\u00e1dra priveden\u00fd a\u00a0mu\u017estvu tak ost\u00e1va spolieha\u0165 sa na dvojicu <a href=\"https:\/\/evertonfc.cz\/index.php\/soupiska\/michael-keane\/\" target=\"_blank\" rel=\"noopener noreferrer\">Michael Keane<\/a> a\u00a0<a href=\"https:\/\/evertonfc.cz\/index.php\/soupiska\/yerry-mina\/\" target=\"_blank\" rel=\"noopener noreferrer\">Yerry Mina<\/a>, ktor\u00fdm kryje chrb\u00e1t <a href=\"https:\/\/evertonfc.cz\/index.php\/soupiska\/mason-holgate\/\" target=\"_blank\" rel=\"noopener noreferrer\">Mason Holgate<\/a>, ako posledn\u00fd senior stredn\u00fd obranca. V\u00a0tejto \u00falohe Everton jednozna\u010dne zlyhal a\u00a0zna\u010dne si skomplikuje zimn\u00fa \u010das\u0165 sez\u00f3ny.<\/p>\n<p><em>\u201eTak sme \u010dakali a\u00a0\u010dakali, a\u00a0ako sa veci vyv\u00edjali, Marcel a\u00a0mana\u017e\u00e9r us\u00fadili, \u017ee bude pravdepodobne pre m\u0148a lep\u0161ie od\u00eds\u0165 a\u00a0n\u00e1js\u0165 si nie\u010do in\u00e9, ak chcem pokra\u010dova\u0165 v\u00a0hran\u00ed futbalu. Nec\u00edtim \u017eiadnu krivdu, boli sme k\u00a0sebe otvoren\u00ed po\u010das vyjedn\u00e1vania. Nebolo s\u00edce mil\u00e9 dosta\u0165 telefon\u00e1t, \u017ee u\u017e nepokra\u010dujem s\u00a0Evertonom, ale aj to je s\u00fa\u010das\u0165 futbalu. Dostal som \u0161ancu ako mlad\u00fd, preto\u017ee niekto star\u0161\u00ed odch\u00e1dzal, tak d\u00fafam, \u017ee je tomu tak aj v tomto pr\u00edpade.\u201c<\/em><\/p>\n<p>Kapit\u00e1n Toffees od roku 2013, kedy ho na t\u00fato \u00falohu nominoval David Moyes po skon\u010den\u00ed kari\u00e9ry <a href=\"https:\/\/evertonfc.cz\/index.php\/soupiska\/phil-neville\/\" target=\"_blank\" rel=\"noopener noreferrer\">Philla Nevilla<\/a>, odohral vo v\u0161etk\u00fdch s\u00fa\u0165a\u017eiach 385 z\u00e1pasov a\u00a0pridal aj 19 g\u00f3lov, \u010do je \u00factyhodn\u00e9 na stredn\u00e9ho obrancu. Ktor\u00e9 si cen\u00ed najviac? Penaltu proti Manchesteru United v\u00a0semifin\u00e1le FA Cupu 2009, ktor\u00e1 sa ner\u00e1ta ako ofici\u00e1lny g\u00f3l, a\u00a0derby bombu z\u00a0roku 2014.<\/p>\n<p><em>\u201eTo boli dve \u00faplne odli\u0161n\u00e9 em\u00f3cie. \u0160\u0165astnej\u0161\u00ed som bol asi z\u00a0penalty, pri ktorej som vedel \u010do rob\u00edm. G\u00f3l proti Liverpoolu bol naopak pre m\u0148a \u0161ok, rovnako ako pre v\u0161etk\u00fdch ostatn\u00fdch. Tak\u017ee pam\u00e4ta\u0165 si ma bud\u00fa pravdepodobne pr\u00e1ve pre to. Moje g\u00f3lov\u00e9 \u0161tatistiky nie s\u00fa \u00faplne \u00fa\u017easn\u00e9, ale sk\u00f3roval som proti slu\u0161n\u00fdm t\u00edmom\u00a0 &#8211; Arsenal, Manchester United, Tottenham, Liverpool&#8230;\u201c<\/em><\/p>\n<p>Ke\u010f pri\u0161iel po dvan\u00e1stich rokoch koniec slu\u017eby kr\u00e1\u013eovskej modrej,\u00a0b\u00fdval\u00fd reprezentant Albionu, za ktor\u00fd odohral 40 duelov, podp\u00edsal ro\u010dn\u00fa zmluvu na Bramall Lane. \u0160tadi\u00f3n, z\u00a0ktor\u00e9ho na Merseyside prich\u00e1dzal a\u00a0domov The Blades, klubu ktor\u00fd ho vychoval. Modr\u00fa stopu v\u0161ak zo svojho srdca nikdy nevyma\u017ee. Ani z\u00a0n\u00e1\u0161ho.<\/p>\n<p><em>\u201eBude to naozaj \u010dudn\u00fd pocit vr\u00e1ti\u0165 sa do Goodisonu. Nemal som pr\u00edle\u017eitos\u0165 vr\u00e1ti\u0165 sa v drese Evertonu na Bramall Lane, no bol by to podobn\u00fd z\u00e1\u017eitok. By\u0165 v jednom klube tak dlho, od\u00eds\u0165 a vr\u00e1ti\u0165 sa, viem si predstavi\u0165, \u017ee to vo mne vyvol\u00e1 ve\u013emi zmie\u0161an\u00e9 em\u00f3cie. By\u0165 navy\u0161e kapit\u00e1nom, to bola op\u00e4\u0165 vy\u0161\u0161ia \u00farove\u0148. Nikdy som si nemyslel, \u017ee sa k tomu dostanem, ale ako roky plynuli, bral som viac a viac zodpovednosti. To ist\u00e9 sa deje so <a href=\"https:\/\/evertonfc.cz\/index.php\/soupiska\/seamus-coleman\/\" target=\"_blank\" rel=\"noopener noreferrer\">Seamusom<\/a> teraz. Prirodzene sa stal l\u00eddrom.\u201c<\/em><\/p>\n<p>Cez leto bol mo\u017eno ten spr\u00e1vny \u010das, ale Jagielkovi sa zatia\u013e \u201etestimonial\u201c neu\u0161iel. To v\u0161ak neznamen\u00e1, \u017ee sa nem\u00f4\u017ee uskuto\u010dni\u0165 bud\u00faci rok. On, a\u00a0aj fan\u00fa\u0161ikovia, si ho za roky vz\u00e1jomnej n\u00e1klonnosti, re\u0161pektu a l\u00e1sky jednoducho zasl\u00fa\u017eia.<\/p>\n<p><em>\u201eFan\u00fa\u0161ikovia boli ku mne fantastick\u00ed a\u00a0bol by som r\u00e1d, ak by vedeli, \u017ee som dal za klub v\u0161etko, u\u017e od prv\u00e9ho d\u0148a. Som ve\u013emi py\u0161n\u00fd, \u017ee som si v\u00a0\u0148om udr\u017eal miesto na tak dlh\u00fa dobu, navy\u0161e v\u00a0klube s\u00a0tak bohatou hist\u00f3riou. Nikdy v \u017eivote som to nebral ako samozrejmos\u0165 a\u00a0na to som nesmierne hrd\u00fd.\u201c<\/em><\/p>\n","protected":false},"excerpt":{"rendered":"<p>U\u017e zajtra je na programe v\u00fdkop \u0161iesteho ligov\u00e9ho kola, v ktorom Everton priv\u00edta v Goodison Parku nov\u00e1\u010dika, Sheffield United. Uvid\u00edme v drese s\u00fapera ex-kapit\u00e1na?<\/p>\n","protected":false},"author":1,"featured_media":9365,"comment_status":"open","ping_status":"closed","sticky":false,"template":"","format":"standard","meta":{"_eb_attr":"","_monsterinsights_skip_tracking":false,"_monsterinsights_sitenote_active":false,"_monsterinsights_sitenote_note":"","_monsterinsights_sitenote_category":0,"footnotes":""},"categories":[1],"tags":[],"yoast_head":"<!-- This site is optimized with the Yoast SEO plugin v23.4 - https:\/\/yoast.com\/wordpress\/plugins\/seo\/ -->\n<title>Jags: Bude to \u010dudn\u00e9 - Official Czech &amp; Slovak Everton Supporters&#039; Club<\/title>\n<meta name=\"robots\" content=\"index, follow, max-snippet:-1, max-image-preview:large, max-video-preview:-1\" \/>\n<link rel=\"canonical\" href=\"https:\/\/evertonfc.cz\/index.php\/2019\/09\/20\/jags-bude-to-cudne\/\" \/>\n<meta property=\"og:locale\" content=\"cs_CZ\" \/>\n<meta property=\"og:type\" content=\"article\" \/>\n<meta property=\"og:title\" content=\"Jags: Bude to \u010dudn\u00e9 - Official Czech &amp; Slovak Everton Supporters&#039; Club\" \/>\n<meta property=\"og:description\" content=\"U\u017e zajtra je na programe v\u00fdkop \u0161iesteho ligov\u00e9ho kola, v ktorom Everton priv\u00edta v Goodison Parku nov\u00e1\u010dika, Sheffield United. Uvid\u00edme v drese s\u00fapera ex-kapit\u00e1na?\" \/>\n<meta property=\"og:url\" content=\"https:\/\/evertonfc.cz\/index.php\/2019\/09\/20\/jags-bude-to-cudne\/\" \/>\n<meta property=\"og:site_name\" content=\"Official Czech &amp; Slovak Everton Supporters&#039; Club\" \/>\n<meta property=\"article:publisher\" content=\"https:\/\/www.facebook.com\/everton.fans.cz.sk\" \/>\n<meta property=\"article:published_time\" content=\"2019-09-20T12:52:34+00:00\" \/>\n<meta property=\"article:modified_time\" content=\"2019-09-20T19:09:23+00:00\" \/>\n<meta property=\"og:image\" content=\"https:\/\/evertonfc.cz\/wp-content\/uploads\/2019\/09\/Jagielka-20-9-19.jpg\" \/>\n\t<meta property=\"og:image:width\" content=\"720\" \/>\n\t<meta property=\"og:image:height\" content=\"405\" \/>\n\t<meta property=\"og:image:type\" content=\"image\/jpeg\" \/>\n<meta name=\"author\" content=\"BlueBlooded\" \/>\n<meta name=\"twitter:card\" content=\"summary_large_image\" \/>\n<meta name=\"twitter:label1\" content=\"Napsal(a)\" \/>\n\t<meta name=\"twitter:data1\" content=\"BlueBlooded\" \/>\n\t<meta name=\"twitter:label2\" content=\"Odhadovan\u00e1 doba \u010dten\u00ed\" \/>\n\t<meta name=\"twitter:data2\" content=\"4 minuty\" \/>\n<script type=\"application\/ld+json\" class=\"yoast-schema-graph\">{\"@context\":\"https:\/\/schema.org\",\"@graph\":[{\"@type\":\"Article\",\"@id\":\"https:\/\/evertonfc.cz\/index.php\/2019\/09\/20\/jags-bude-to-cudne\/#article\",\"isPartOf\":{\"@id\":\"https:\/\/evertonfc.cz\/index.php\/2019\/09\/20\/jags-bude-to-cudne\/\"},\"author\":{\"name\":\"BlueBlooded\",\"@id\":\"https:\/\/evertonfc.cz\/#\/schema\/person\/d4493b8cbea51532597fbc4685698916\"},\"headline\":\"Jags: Bude to \u010dudn\u00e9\",\"datePublished\":\"2019-09-20T12:52:34+00:00\",\"dateModified\":\"2019-09-20T19:09:23+00:00\",\"mainEntityOfPage\":{\"@id\":\"https:\/\/evertonfc.cz\/index.php\/2019\/09\/20\/jags-bude-to-cudne\/\"},\"wordCount\":747,\"commentCount\":1,\"publisher\":{\"@id\":\"https:\/\/evertonfc.cz\/#organization\"},\"image\":{\"@id\":\"https:\/\/evertonfc.cz\/index.php\/2019\/09\/20\/jags-bude-to-cudne\/#primaryimage\"},\"thumbnailUrl\":\"https:\/\/evertonfc.cz\/wp-content\/uploads\/2019\/09\/Jagielka-20-9-19.jpg\",\"articleSection\":[\"Rozhovory\"],\"inLanguage\":\"cs\",\"potentialAction\":[{\"@type\":\"CommentAction\",\"name\":\"Comment\",\"target\":[\"https:\/\/evertonfc.cz\/index.php\/2019\/09\/20\/jags-bude-to-cudne\/#respond\"]}]},{\"@type\":\"WebPage\",\"@id\":\"https:\/\/evertonfc.cz\/index.php\/2019\/09\/20\/jags-bude-to-cudne\/\",\"url\":\"https:\/\/evertonfc.cz\/index.php\/2019\/09\/20\/jags-bude-to-cudne\/\",\"name\":\"Jags: Bude to \u010dudn\u00e9 - Official Czech &amp; Slovak Everton Supporters&#039; Club\",\"isPartOf\":{\"@id\":\"https:\/\/evertonfc.cz\/#website\"},\"primaryImageOfPage\":{\"@id\":\"https:\/\/evertonfc.cz\/index.php\/2019\/09\/20\/jags-bude-to-cudne\/#primaryimage\"},\"image\":{\"@id\":\"https:\/\/evertonfc.cz\/index.php\/2019\/09\/20\/jags-bude-to-cudne\/#primaryimage\"},\"thumbnailUrl\":\"https:\/\/evertonfc.cz\/wp-content\/uploads\/2019\/09\/Jagielka-20-9-19.jpg\",\"datePublished\":\"2019-09-20T12:52:34+00:00\",\"dateModified\":\"2019-09-20T19:09:23+00:00\",\"breadcrumb\":{\"@id\":\"https:\/\/evertonfc.cz\/index.php\/2019\/09\/20\/jags-bude-to-cudne\/#breadcrumb\"},\"inLanguage\":\"cs\",\"potentialAction\":[{\"@type\":\"ReadAction\",\"target\":[\"https:\/\/evertonfc.cz\/index.php\/2019\/09\/20\/jags-bude-to-cudne\/\"]}]},{\"@type\":\"ImageObject\",\"inLanguage\":\"cs\",\"@id\":\"https:\/\/evertonfc.cz\/index.php\/2019\/09\/20\/jags-bude-to-cudne\/#primaryimage\",\"url\":\"https:\/\/evertonfc.cz\/wp-content\/uploads\/2019\/09\/Jagielka-20-9-19.jpg\",\"contentUrl\":\"https:\/\/evertonfc.cz\/wp-content\/uploads\/2019\/09\/Jagielka-20-9-19.jpg\",\"width\":720,\"height\":405},{\"@type\":\"BreadcrumbList\",\"@id\":\"https:\/\/evertonfc.cz\/index.php\/2019\/09\/20\/jags-bude-to-cudne\/#breadcrumb\",\"itemListElement\":[{\"@type\":\"ListItem\",\"position\":1,\"name\":\"Home\",\"item\":\"https:\/\/evertonfc.cz\/\"},{\"@type\":\"ListItem\",\"position\":2,\"name\":\"Jags: Bude to \u010dudn\u00e9\"}]},{\"@type\":\"WebSite\",\"@id\":\"https:\/\/evertonfc.cz\/#website\",\"url\":\"https:\/\/evertonfc.cz\/\",\"name\":\"Official Czech &amp; Slovak Everton Supporters&#039; Club\",\"description\":\"\",\"publisher\":{\"@id\":\"https:\/\/evertonfc.cz\/#organization\"},\"potentialAction\":[{\"@type\":\"SearchAction\",\"target\":{\"@type\":\"EntryPoint\",\"urlTemplate\":\"https:\/\/evertonfc.cz\/?s={search_term_string}\"},\"query-input\":{\"@type\":\"PropertyValueSpecification\",\"valueRequired\":true,\"valueName\":\"search_term_string\"}}],\"inLanguage\":\"cs\"},{\"@type\":\"Organization\",\"@id\":\"https:\/\/evertonfc.cz\/#organization\",\"name\":\"Official Czech & Slovak Everton Supporters' Club\",\"url\":\"https:\/\/evertonfc.cz\/\",\"logo\":{\"@type\":\"ImageObject\",\"inLanguage\":\"cs\",\"@id\":\"https:\/\/evertonfc.cz\/#\/schema\/logo\/image\/\",\"url\":\"https:\/\/evertonfc.cz\/wp-content\/uploads\/2019\/05\/logo.png\",\"contentUrl\":\"https:\/\/evertonfc.cz\/wp-content\/uploads\/2019\/05\/logo.png\",\"width\":112,\"height\":112,\"caption\":\"Official Czech & Slovak Everton Supporters' Club\"},\"image\":{\"@id\":\"https:\/\/evertonfc.cz\/#\/schema\/logo\/image\/\"},\"sameAs\":[\"https:\/\/www.facebook.com\/everton.fans.cz.sk\"]},{\"@type\":\"Person\",\"@id\":\"https:\/\/evertonfc.cz\/#\/schema\/person\/d4493b8cbea51532597fbc4685698916\",\"name\":\"BlueBlooded\",\"url\":\"https:\/\/evertonfc.cz\/index.php\/author\/admin\/\"}]}<\/script>\n<!-- \/ Yoast SEO plugin. -->","yoast_head_json":{"title":"Jags: Bude to \u010dudn\u00e9 - Official Czech &amp; Slovak Everton Supporters&#039; Club","robots":{"index":"index","follow":"follow","max-snippet":"max-snippet:-1","max-image-preview":"max-image-preview:large","max-video-preview":"max-video-preview:-1"},"canonical":"https:\/\/evertonfc.cz\/index.php\/2019\/09\/20\/jags-bude-to-cudne\/","og_locale":"cs_CZ","og_type":"article","og_title":"Jags: Bude to \u010dudn\u00e9 - Official Czech &amp; Slovak Everton Supporters&#039; Club","og_description":"U\u017e zajtra je na programe v\u00fdkop \u0161iesteho ligov\u00e9ho kola, v ktorom Everton priv\u00edta v Goodison Parku nov\u00e1\u010dika, Sheffield United. Uvid\u00edme v drese s\u00fapera ex-kapit\u00e1na?","og_url":"https:\/\/evertonfc.cz\/index.php\/2019\/09\/20\/jags-bude-to-cudne\/","og_site_name":"Official Czech &amp; Slovak Everton Supporters&#039; Club","article_publisher":"https:\/\/www.facebook.com\/everton.fans.cz.sk","article_published_time":"2019-09-20T12:52:34+00:00","article_modified_time":"2019-09-20T19:09:23+00:00","og_image":[{"width":720,"height":405,"url":"https:\/\/evertonfc.cz\/wp-content\/uploads\/2019\/09\/Jagielka-20-9-19.jpg","type":"image\/jpeg"}],"author":"BlueBlooded","twitter_card":"summary_large_image","twitter_misc":{"Napsal(a)":"BlueBlooded","Odhadovan\u00e1 doba \u010dten\u00ed":"4 minuty"},"schema":{"@context":"https:\/\/schema.org","@graph":[{"@type":"Article","@id":"https:\/\/evertonfc.cz\/index.php\/2019\/09\/20\/jags-bude-to-cudne\/#article","isPartOf":{"@id":"https:\/\/evertonfc.cz\/index.php\/2019\/09\/20\/jags-bude-to-cudne\/"},"author":{"name":"BlueBlooded","@id":"https:\/\/evertonfc.cz\/#\/schema\/person\/d4493b8cbea51532597fbc4685698916"},"headline":"Jags: Bude to \u010dudn\u00e9","datePublished":"2019-09-20T12:52:34+00:00","dateModified":"2019-09-20T19:09:23+00:00","mainEntityOfPage":{"@id":"https:\/\/evertonfc.cz\/index.php\/2019\/09\/20\/jags-bude-to-cudne\/"},"wordCount":747,"commentCount":1,"publisher":{"@id":"https:\/\/evertonfc.cz\/#organization"},"image":{"@id":"https:\/\/evertonfc.cz\/index.php\/2019\/09\/20\/jags-bude-to-cudne\/#primaryimage"},"thumbnailUrl":"https:\/\/evertonfc.cz\/wp-content\/uploads\/2019\/09\/Jagielka-20-9-19.jpg","articleSection":["Rozhovory"],"inLanguage":"cs","potentialAction":[{"@type":"CommentAction","name":"Comment","target":["https:\/\/evertonfc.cz\/index.php\/2019\/09\/20\/jags-bude-to-cudne\/#respond"]}]},{"@type":"WebPage","@id":"https:\/\/evertonfc.cz\/index.php\/2019\/09\/20\/jags-bude-to-cudne\/","url":"https:\/\/evertonfc.cz\/index.php\/2019\/09\/20\/jags-bude-to-cudne\/","name":"Jags: Bude to \u010dudn\u00e9 - Official Czech &amp; Slovak Everton Supporters&#039; Club","isPartOf":{"@id":"https:\/\/evertonfc.cz\/#website"},"primaryImageOfPage":{"@id":"https:\/\/evertonfc.cz\/index.php\/2019\/09\/20\/jags-bude-to-cudne\/#primaryimage"},"image":{"@id":"https:\/\/evertonfc.cz\/index.php\/2019\/09\/20\/jags-bude-to-cudne\/#primaryimage"},"thumbnailUrl":"https:\/\/evertonfc.cz\/wp-content\/uploads\/2019\/09\/Jagielka-20-9-19.jpg","datePublished":"2019-09-20T12:52:34+00:00","dateModified":"2019-09-20T19:09:23+00:00","breadcrumb":{"@id":"https:\/\/evertonfc.cz\/index.php\/2019\/09\/20\/jags-bude-to-cudne\/#breadcrumb"},"inLanguage":"cs","potentialAction":[{"@type":"ReadAction","target":["https:\/\/evertonfc.cz\/index.php\/2019\/09\/20\/jags-bude-to-cudne\/"]}]},{"@type":"ImageObject","inLanguage":"cs","@id":"https:\/\/evertonfc.cz\/index.php\/2019\/09\/20\/jags-bude-to-cudne\/#primaryimage","url":"https:\/\/evertonfc.cz\/wp-content\/uploads\/2019\/09\/Jagielka-20-9-19.jpg","contentUrl":"https:\/\/evertonfc.cz\/wp-content\/uploads\/2019\/09\/Jagielka-20-9-19.jpg","width":720,"height":405},{"@type":"BreadcrumbList","@id":"https:\/\/evertonfc.cz\/index.php\/2019\/09\/20\/jags-bude-to-cudne\/#breadcrumb","itemListElement":[{"@type":"ListItem","position":1,"name":"Home","item":"https:\/\/evertonfc.cz\/"},{"@type":"ListItem","position":2,"name":"Jags: Bude to \u010dudn\u00e9"}]},{"@type":"WebSite","@id":"https:\/\/evertonfc.cz\/#website","url":"https:\/\/evertonfc.cz\/","name":"Official Czech &amp; Slovak Everton Supporters&#039; Club","description":"","publisher":{"@id":"https:\/\/evertonfc.cz\/#organization"},"potentialAction":[{"@type":"SearchAction","target":{"@type":"EntryPoint","urlTemplate":"https:\/\/evertonfc.cz\/?s={search_term_string}"},"query-input":{"@type":"PropertyValueSpecification","valueRequired":true,"valueName":"search_term_string"}}],"inLanguage":"cs"},{"@type":"Organization","@id":"https:\/\/evertonfc.cz\/#organization","name":"Official Czech & Slovak Everton Supporters' Club","url":"https:\/\/evertonfc.cz\/","logo":{"@type":"ImageObject","inLanguage":"cs","@id":"https:\/\/evertonfc.cz\/#\/schema\/logo\/image\/","url":"https:\/\/evertonfc.cz\/wp-content\/uploads\/2019\/05\/logo.png","contentUrl":"https:\/\/evertonfc.cz\/wp-content\/uploads\/2019\/05\/logo.png","width":112,"height":112,"caption":"Official Czech & Slovak Everton Supporters' Club"},"image":{"@id":"https:\/\/evertonfc.cz\/#\/schema\/logo\/image\/"},"sameAs":["https:\/\/www.facebook.com\/everton.fans.cz.sk"]},{"@type":"Person","@id":"https:\/\/evertonfc.cz\/#\/schema\/person\/d4493b8cbea51532597fbc4685698916","name":"BlueBlooded","url":"https:\/\/evertonfc.cz\/index.php\/author\/admin\/"}]}},"_links":{"self":[{"href":"https:\/\/evertonfc.cz\/index.php\/wp-json\/wp\/v2\/posts\/9364"}],"collection":[{"href":"https:\/\/evertonfc.cz\/index.php\/wp-json\/wp\/v2\/posts"}],"about":[{"href":"https:\/\/evertonfc.cz\/index.php\/wp-json\/wp\/v2\/types\/post"}],"author":[{"embeddable":true,"href":"https:\/\/evertonfc.cz\/index.php\/wp-json\/wp\/v2\/users\/1"}],"replies":[{"embeddable":true,"href":"https:\/\/evertonfc.cz\/index.php\/wp-json\/wp\/v2\/comments?post=9364"}],"version-history":[{"count":4,"href":"https:\/\/evertonfc.cz\/index.php\/wp-json\/wp\/v2\/posts\/9364\/revisions"}],"predecessor-version":[{"id":9369,"href":"https:\/\/evertonfc.cz\/index.php\/wp-json\/wp\/v2\/posts\/9364\/revisions\/9369"}],"wp:featuredmedia":[{"embeddable":true,"href":"https:\/\/evertonfc.cz\/index.php\/wp-json\/wp\/v2\/media\/9365"}],"wp:attachment":[{"href":"https:\/\/evertonfc.cz\/index.php\/wp-json\/wp\/v2\/media?parent=9364"}],"wp:term":[{"taxonomy":"category","embeddable":true,"href":"https:\/\/evertonfc.cz\/index.php\/wp-json\/wp\/v2\/categories?post=9364"},{"taxonomy":"post_tag","embeddable":true,"href":"https:\/\/evertonfc.cz\/index.php\/wp-json\/wp\/v2\/tags?post=9364"}],"curies":[{"name":"wp","href":"https:\/\/api.w.org\/{rel}","templated":true}]}}