{"id":9370,"date":"2019-09-21T12:16:14","date_gmt":"2019-09-21T10:16:14","guid":{"rendered":"https:\/\/evertonfc.cz\/?p=9370"},"modified":"2019-09-21T12:48:11","modified_gmt":"2019-09-21T10:48:11","slug":"preview-everton-sheffield-united-2","status":"publish","type":"post","link":"https:\/\/evertonfc.cz\/index.php\/2019\/09\/21\/preview-everton-sheffield-united-2\/","title":{"rendered":"Preview: Everton &#8211; Sheffield United"},"content":{"rendered":"<h4>Bylo jednou jedno m\u011bsto. A to m\u011bsto m\u011blo t\u0159i fotbalov\u00e9 kluby.<\/h4>\n<p>Nejstar\u0161\u00edm je FC, kter\u00e9 m\u00e1 potvrzen\u00ed od FIFA na to, \u017ee je nejstar\u0161\u00edm klubem na sv\u011bt\u011b, kter\u00fd moment\u00e1ln\u011b hraje fotbal. To se psal rok 1857, klub tedy byl zalo\u017een je\u0161t\u011b p\u0159ed vznikem anglick\u00e9 fotbalov\u00e9 asociace. Moment\u00e1ln\u011b hraje mimo prvn\u00ed \u010dty\u0159i nejvy\u0161\u0161\u00ed sout\u011b\u017ee. Druh\u00fdm klubem je Sheffield Wednesday. Ten vznikl v roce 1867 jako fotbalov\u00e1 odno\u017e kriketov\u00e9ho klubu. To je ten t\u00fdm, se kter\u00fdm bude Everton hr\u00e1t za t\u0159i dny Ligov\u00fd poh\u00e1r na jeho h\u0159i\u0161ti, kter\u00e9 je smoln\u011b proslaveno trag\u00e9di\u00ed v roce 1989. A v sou\u010dasnosti je ve druh\u00e9 lize. Dne\u0161n\u00edm soupe\u0159em je ale z t\u00e9to trojice klub nejmlad\u0161\u00ed, tedy Sheffield United. Ten byl zalo\u017een tak\u00e9 hr\u00e1\u010di kriketu, konkr\u00e9tn\u011b v roce 1889. A od sv\u00e9ho vzniku hraje sv\u00e9 z\u00e1pasy na stadionu v ulici Bramall Lane, co\u017e je prad\u011bde\u010dek sou\u010dasn\u00fdch stadion\u016f. Otev\u0159en byl v roce 1855!<\/p>\n<p>Klub za dobu sv\u00e9 existence pendloval mezi prvn\u00ed a druhou ligou, nikdy nebyl schopen nast\u00e1lo se uchytit v nejvy\u0161\u0161\u00ed sout\u011b\u017ei. Kdy\u017e pomineme opravdu temn\u00e9 roky ve t\u0159et\u00ed a \u010dtvrt\u00e9 lize, tak od roku 1934 je nejdel\u0161\u00ed souvisl\u00e1 \u00fa\u010dast v nejvy\u0161\u0161\u00ed sout\u011b\u017ei 7 sez\u00f3n. Od sez\u00f3ny 1993-1994, kdy sestoupili do druh\u00e9 ligy, jsou Blades v Premier League teprve druh\u00fdm rokem. Fandov\u00e9 Evertonu si tu sezonu pamatuj\u00ed, proto\u017ee po sestupu p\u0159i\u0161el do klubu Phil Jagielka, kter\u00fd v Evertonu p\u016fsobil a\u017e do leto\u0161ka, i jako kapit\u00e1n. A kam se vr\u00e1til? Spr\u00e1vn\u011b, zp\u011bt do Sheffieldu United. (<a href=\"https:\/\/evertonfc.cz\/index.php\/2019\/09\/20\/jags-bude-to-cudne\/\" target=\"_blank\" rel=\"noopener noreferrer\">V\u00edce o tomto t\u00e9matu napsal BlueBlooded v \u010dl\u00e1nku p\u0159\u00edmo pod t\u00edmhle m\u00fdm.<\/a>) Letos tedy druh\u00e1 sez\u00f3na s jedin\u00fdm c\u00edlem ohledn\u011b ligy &#8211; zachr\u00e1nit se.<\/p>\n<p>Po p\u011bti odehran\u00fdch kolech m\u00e1 t\u00fdm stejn\u00fd po\u010det bod\u016f, stejn\u00fd po\u010det vst\u0159elen\u00fdch branek a je patn\u00e1ct\u00fd. Obzvl\u00e1\u0161t\u011b bod p\u0159ivezen\u00fd ze h\u0159i\u0161t\u011b Chelsea se ne\u010dekal, nav\u00edc se po polo\u010dase prohr\u00e1valo 0:2. Ale dom\u00e1c\u00ed ztr\u00e1ty typu prohra se Southamptonem mohou Blades v kone\u010dn\u00e9m \u00fa\u010dtov\u00e1n\u00ed hodn\u011b mrzet. Nyn\u00ed tedy p\u0159ij\u00ed\u017ed\u00ed na Goodison Park. Mus\u00edm zm\u00ednit Johna Lundstrama. Ten sice neodehr\u00e1l za \u00e1\u010dko Evertonu ani jeden z\u00e1pas, ale pat\u0159\u00ed k dochovanc\u016fm a pro ofici\u00e1ln\u00ed web sout\u011b\u017ee sd\u011blil, \u017ee to byl prvn\u00ed z\u00e1pas,\u00a0 na kter\u00fd se v rozpisu z\u00e1pas\u016f pod\u00edval. Samotn\u00fd Lundstram byl Evertonem propu\u0161t\u011bn v roce 2015 a v sou\u010dasn\u00e9m p\u016fsobi\u0161ti zakotvil o dva roky pozd\u011bji. Na rozd\u00edl od Jagielky a Be\u0161i\u0107e hr\u00e1v\u00e1 pravideln\u011b v z\u00e1kladu. Nepochybn\u011b to pro n\u011bj bude velmi osobn\u00ed z\u00e1pas. Bramall Lane zn\u00e1 velmi dob\u0159e i jeden sou\u010dasn\u00fd hr\u00e1\u010d Evertonu &#8211; Calvert-Lewin se v Sheffieldu narodil, vyrostl a a\u017e do roku 2016, kdy ho koupili Toffees, za n\u011b hr\u00e1l.<\/p>\n<p>Blades se mus\u00ed obej\u00edt bez dvou hr\u00e1\u010d\u016f. \u00dato\u010dn\u00edk Sharp byl v minul\u00e9m utk\u00e1n\u00ed vylou\u010den, tak\u017ee si odpyk\u00e1v\u00e1 trest. Dal\u0161\u00edm absent\u00e9rem je Be\u0161i\u0107, kter\u00e9mu nedovol\u00ed nastoupit dohoda obou dne\u0161n\u00edch klub\u016f &#8211; v Sheffieldu hostuje. Dom\u00e1c\u00ed se mus\u00ed obej\u00edt bez Gomese, kter\u00fd st\u00e1le nem\u00e1 v po\u0159\u00e1dku \u017eebra a Gbamina, jeho\u017e kvadriceps hned tak v po\u0159\u00e1dku nebude.<\/p>\n<p>Jak by mohla vypadat sestava? S ohledem na \u00fatern\u00ed z\u00e1pas bych ji asi trochu proto\u010dil, nab\u00edz\u00ed se nap\u0159\u00edklad postaven\u00ed Sidibeho a Daviese, t\u00e9\u017e bych r\u00e1d vid\u011bl Iwobiho na pozici des\u00edtky. Vypadal by tedy takto: Pickford &#8211; Digne, Mina, Keane, Sidibe &#8211; Davies, Delph &#8211; Bernard, Iwobi, Richarlison &#8211; Calvert-Lewin.<\/p>\n<hr \/>\n<p><strong>Co:\u00a0<\/strong>Everton FC &#8211; Sheffield United FC, 6. kolo Premier League<\/p>\n<p><strong>Kdy:\u00a0<\/strong>21. 9. 2019 od 16:00<\/p>\n<p><strong>TV:\u00a0<\/strong>Z\u00e1znam 21. 9. na stanici Premier Sport od 22:25<\/p>\n<p><strong>Kde:\u00a0<\/strong>Goodison Park, Liverpool (kapacita: 39\u00a0572)<\/p>\n<p><strong>Rozhod\u010d\u00ed: <\/strong>Simon Hooper &#8211; Darren Cann, Derek Eaton<strong> \u010ctvrt\u00fd rozhod\u010d\u00ed:\u00a0<\/strong>Ben Toner<\/p>\n<p><strong>Videorozhod\u010d\u00ed: <\/strong>Lee Mason.\u00a0<strong>Asistent videorozhod\u010d\u00edho: <\/strong>Harry Lennard<\/p>\n","protected":false},"excerpt":{"rendered":"<p>Bylo jednou jedno m\u011bsto. A to m\u011bsto m\u011blo t\u0159i fotbalov\u00e9 kluby.<\/p>\n","protected":false},"author":12,"featured_media":9371,"comment_status":"open","ping_status":"closed","sticky":false,"template":"","format":"standard","meta":{"_eb_attr":"","_monsterinsights_skip_tracking":false,"_monsterinsights_sitenote_active":false,"_monsterinsights_sitenote_note":"","_monsterinsights_sitenote_category":0,"footnotes":""},"categories":[4],"tags":[],"yoast_head":"<!-- This site is optimized with the Yoast SEO plugin v23.4 - https:\/\/yoast.com\/wordpress\/plugins\/seo\/ -->\n<title>Preview: Everton - Sheffield United - Official Czech &amp; Slovak Everton Supporters&#039; Club<\/title>\n<meta name=\"robots\" content=\"index, follow, max-snippet:-1, max-image-preview:large, max-video-preview:-1\" \/>\n<link rel=\"canonical\" href=\"https:\/\/evertonfc.cz\/index.php\/2019\/09\/21\/preview-everton-sheffield-united-2\/\" \/>\n<meta property=\"og:locale\" content=\"cs_CZ\" \/>\n<meta property=\"og:type\" content=\"article\" \/>\n<meta property=\"og:title\" content=\"Preview: Everton - Sheffield United - Official Czech &amp; Slovak Everton Supporters&#039; Club\" \/>\n<meta property=\"og:description\" content=\"Bylo jednou jedno m\u011bsto. A to m\u011bsto m\u011blo t\u0159i fotbalov\u00e9 kluby.\" \/>\n<meta property=\"og:url\" content=\"https:\/\/evertonfc.cz\/index.php\/2019\/09\/21\/preview-everton-sheffield-united-2\/\" \/>\n<meta property=\"og:site_name\" content=\"Official Czech &amp; Slovak Everton Supporters&#039; Club\" \/>\n<meta property=\"article:publisher\" content=\"https:\/\/www.facebook.com\/everton.fans.cz.sk\" \/>\n<meta property=\"article:published_time\" content=\"2019-09-21T10:16:14+00:00\" \/>\n<meta property=\"article:modified_time\" content=\"2019-09-21T10:48:11+00:00\" \/>\n<meta property=\"og:image\" content=\"https:\/\/evertonfc.cz\/wp-content\/uploads\/2019\/09\/Everton-Sheffield-United-21-9-2019.jpg\" \/>\n\t<meta property=\"og:image:width\" content=\"720\" \/>\n\t<meta property=\"og:image:height\" content=\"405\" \/>\n\t<meta property=\"og:image:type\" content=\"image\/jpeg\" \/>\n<meta name=\"author\" content=\"Javor\" \/>\n<meta name=\"twitter:card\" content=\"summary_large_image\" \/>\n<meta name=\"twitter:creator\" content=\"@LoudinJan\" \/>\n<meta name=\"twitter:label1\" content=\"Napsal(a)\" \/>\n\t<meta name=\"twitter:data1\" content=\"Javor\" \/>\n\t<meta name=\"twitter:label2\" content=\"Odhadovan\u00e1 doba \u010dten\u00ed\" \/>\n\t<meta name=\"twitter:data2\" content=\"3 minuty\" \/>\n<script type=\"application\/ld+json\" class=\"yoast-schema-graph\">{\"@context\":\"https:\/\/schema.org\",\"@graph\":[{\"@type\":\"Article\",\"@id\":\"https:\/\/evertonfc.cz\/index.php\/2019\/09\/21\/preview-everton-sheffield-united-2\/#article\",\"isPartOf\":{\"@id\":\"https:\/\/evertonfc.cz\/index.php\/2019\/09\/21\/preview-everton-sheffield-united-2\/\"},\"author\":{\"name\":\"Javor\",\"@id\":\"https:\/\/evertonfc.cz\/#\/schema\/person\/b30daf6a5852f4811f8207a17ec1bf78\"},\"headline\":\"Preview: Everton &#8211; Sheffield United\",\"datePublished\":\"2019-09-21T10:16:14+00:00\",\"dateModified\":\"2019-09-21T10:48:11+00:00\",\"mainEntityOfPage\":{\"@id\":\"https:\/\/evertonfc.cz\/index.php\/2019\/09\/21\/preview-everton-sheffield-united-2\/\"},\"wordCount\":695,\"commentCount\":9,\"publisher\":{\"@id\":\"https:\/\/evertonfc.cz\/#organization\"},\"image\":{\"@id\":\"https:\/\/evertonfc.cz\/index.php\/2019\/09\/21\/preview-everton-sheffield-united-2\/#primaryimage\"},\"thumbnailUrl\":\"https:\/\/evertonfc.cz\/wp-content\/uploads\/2019\/09\/Everton-Sheffield-United-21-9-2019.jpg\",\"articleSection\":[\"Z\u00e1pasy\"],\"inLanguage\":\"cs\",\"potentialAction\":[{\"@type\":\"CommentAction\",\"name\":\"Comment\",\"target\":[\"https:\/\/evertonfc.cz\/index.php\/2019\/09\/21\/preview-everton-sheffield-united-2\/#respond\"]}]},{\"@type\":\"WebPage\",\"@id\":\"https:\/\/evertonfc.cz\/index.php\/2019\/09\/21\/preview-everton-sheffield-united-2\/\",\"url\":\"https:\/\/evertonfc.cz\/index.php\/2019\/09\/21\/preview-everton-sheffield-united-2\/\",\"name\":\"Preview: Everton - Sheffield United - Official Czech &amp; Slovak Everton Supporters&#039; Club\",\"isPartOf\":{\"@id\":\"https:\/\/evertonfc.cz\/#website\"},\"primaryImageOfPage\":{\"@id\":\"https:\/\/evertonfc.cz\/index.php\/2019\/09\/21\/preview-everton-sheffield-united-2\/#primaryimage\"},\"image\":{\"@id\":\"https:\/\/evertonfc.cz\/index.php\/2019\/09\/21\/preview-everton-sheffield-united-2\/#primaryimage\"},\"thumbnailUrl\":\"https:\/\/evertonfc.cz\/wp-content\/uploads\/2019\/09\/Everton-Sheffield-United-21-9-2019.jpg\",\"datePublished\":\"2019-09-21T10:16:14+00:00\",\"dateModified\":\"2019-09-21T10:48:11+00:00\",\"breadcrumb\":{\"@id\":\"https:\/\/evertonfc.cz\/index.php\/2019\/09\/21\/preview-everton-sheffield-united-2\/#breadcrumb\"},\"inLanguage\":\"cs\",\"potentialAction\":[{\"@type\":\"ReadAction\",\"target\":[\"https:\/\/evertonfc.cz\/index.php\/2019\/09\/21\/preview-everton-sheffield-united-2\/\"]}]},{\"@type\":\"ImageObject\",\"inLanguage\":\"cs\",\"@id\":\"https:\/\/evertonfc.cz\/index.php\/2019\/09\/21\/preview-everton-sheffield-united-2\/#primaryimage\",\"url\":\"https:\/\/evertonfc.cz\/wp-content\/uploads\/2019\/09\/Everton-Sheffield-United-21-9-2019.jpg\",\"contentUrl\":\"https:\/\/evertonfc.cz\/wp-content\/uploads\/2019\/09\/Everton-Sheffield-United-21-9-2019.jpg\",\"width\":720,\"height\":405},{\"@type\":\"BreadcrumbList\",\"@id\":\"https:\/\/evertonfc.cz\/index.php\/2019\/09\/21\/preview-everton-sheffield-united-2\/#breadcrumb\",\"itemListElement\":[{\"@type\":\"ListItem\",\"position\":1,\"name\":\"Home\",\"item\":\"https:\/\/evertonfc.cz\/\"},{\"@type\":\"ListItem\",\"position\":2,\"name\":\"Preview: Everton &#8211; Sheffield United\"}]},{\"@type\":\"WebSite\",\"@id\":\"https:\/\/evertonfc.cz\/#website\",\"url\":\"https:\/\/evertonfc.cz\/\",\"name\":\"Official Czech &amp; Slovak Everton Supporters&#039; Club\",\"description\":\"\",\"publisher\":{\"@id\":\"https:\/\/evertonfc.cz\/#organization\"},\"potentialAction\":[{\"@type\":\"SearchAction\",\"target\":{\"@type\":\"EntryPoint\",\"urlTemplate\":\"https:\/\/evertonfc.cz\/?s={search_term_string}\"},\"query-input\":{\"@type\":\"PropertyValueSpecification\",\"valueRequired\":true,\"valueName\":\"search_term_string\"}}],\"inLanguage\":\"cs\"},{\"@type\":\"Organization\",\"@id\":\"https:\/\/evertonfc.cz\/#organization\",\"name\":\"Official Czech & Slovak Everton Supporters' Club\",\"url\":\"https:\/\/evertonfc.cz\/\",\"logo\":{\"@type\":\"ImageObject\",\"inLanguage\":\"cs\",\"@id\":\"https:\/\/evertonfc.cz\/#\/schema\/logo\/image\/\",\"url\":\"https:\/\/evertonfc.cz\/wp-content\/uploads\/2019\/05\/logo.png\",\"contentUrl\":\"https:\/\/evertonfc.cz\/wp-content\/uploads\/2019\/05\/logo.png\",\"width\":112,\"height\":112,\"caption\":\"Official Czech & Slovak Everton Supporters' Club\"},\"image\":{\"@id\":\"https:\/\/evertonfc.cz\/#\/schema\/logo\/image\/\"},\"sameAs\":[\"https:\/\/www.facebook.com\/everton.fans.cz.sk\"]},{\"@type\":\"Person\",\"@id\":\"https:\/\/evertonfc.cz\/#\/schema\/person\/b30daf6a5852f4811f8207a17ec1bf78\",\"name\":\"Javor\",\"sameAs\":[\"https:\/\/x.com\/LoudinJan\"],\"url\":\"https:\/\/evertonfc.cz\/index.php\/author\/javor\/\"}]}<\/script>\n<!-- \/ Yoast SEO plugin. -->","yoast_head_json":{"title":"Preview: Everton - Sheffield United - Official Czech &amp; Slovak Everton Supporters&#039; Club","robots":{"index":"index","follow":"follow","max-snippet":"max-snippet:-1","max-image-preview":"max-image-preview:large","max-video-preview":"max-video-preview:-1"},"canonical":"https:\/\/evertonfc.cz\/index.php\/2019\/09\/21\/preview-everton-sheffield-united-2\/","og_locale":"cs_CZ","og_type":"article","og_title":"Preview: Everton - Sheffield United - Official Czech &amp; Slovak Everton Supporters&#039; Club","og_description":"Bylo jednou jedno m\u011bsto. A to m\u011bsto m\u011blo t\u0159i fotbalov\u00e9 kluby.","og_url":"https:\/\/evertonfc.cz\/index.php\/2019\/09\/21\/preview-everton-sheffield-united-2\/","og_site_name":"Official Czech &amp; Slovak Everton Supporters&#039; Club","article_publisher":"https:\/\/www.facebook.com\/everton.fans.cz.sk","article_published_time":"2019-09-21T10:16:14+00:00","article_modified_time":"2019-09-21T10:48:11+00:00","og_image":[{"width":720,"height":405,"url":"https:\/\/evertonfc.cz\/wp-content\/uploads\/2019\/09\/Everton-Sheffield-United-21-9-2019.jpg","type":"image\/jpeg"}],"author":"Javor","twitter_card":"summary_large_image","twitter_creator":"@LoudinJan","twitter_misc":{"Napsal(a)":"Javor","Odhadovan\u00e1 doba \u010dten\u00ed":"3 minuty"},"schema":{"@context":"https:\/\/schema.org","@graph":[{"@type":"Article","@id":"https:\/\/evertonfc.cz\/index.php\/2019\/09\/21\/preview-everton-sheffield-united-2\/#article","isPartOf":{"@id":"https:\/\/evertonfc.cz\/index.php\/2019\/09\/21\/preview-everton-sheffield-united-2\/"},"author":{"name":"Javor","@id":"https:\/\/evertonfc.cz\/#\/schema\/person\/b30daf6a5852f4811f8207a17ec1bf78"},"headline":"Preview: Everton &#8211; Sheffield United","datePublished":"2019-09-21T10:16:14+00:00","dateModified":"2019-09-21T10:48:11+00:00","mainEntityOfPage":{"@id":"https:\/\/evertonfc.cz\/index.php\/2019\/09\/21\/preview-everton-sheffield-united-2\/"},"wordCount":695,"commentCount":9,"publisher":{"@id":"https:\/\/evertonfc.cz\/#organization"},"image":{"@id":"https:\/\/evertonfc.cz\/index.php\/2019\/09\/21\/preview-everton-sheffield-united-2\/#primaryimage"},"thumbnailUrl":"https:\/\/evertonfc.cz\/wp-content\/uploads\/2019\/09\/Everton-Sheffield-United-21-9-2019.jpg","articleSection":["Z\u00e1pasy"],"inLanguage":"cs","potentialAction":[{"@type":"CommentAction","name":"Comment","target":["https:\/\/evertonfc.cz\/index.php\/2019\/09\/21\/preview-everton-sheffield-united-2\/#respond"]}]},{"@type":"WebPage","@id":"https:\/\/evertonfc.cz\/index.php\/2019\/09\/21\/preview-everton-sheffield-united-2\/","url":"https:\/\/evertonfc.cz\/index.php\/2019\/09\/21\/preview-everton-sheffield-united-2\/","name":"Preview: Everton - Sheffield United - Official Czech &amp; Slovak Everton Supporters&#039; Club","isPartOf":{"@id":"https:\/\/evertonfc.cz\/#website"},"primaryImageOfPage":{"@id":"https:\/\/evertonfc.cz\/index.php\/2019\/09\/21\/preview-everton-sheffield-united-2\/#primaryimage"},"image":{"@id":"https:\/\/evertonfc.cz\/index.php\/2019\/09\/21\/preview-everton-sheffield-united-2\/#primaryimage"},"thumbnailUrl":"https:\/\/evertonfc.cz\/wp-content\/uploads\/2019\/09\/Everton-Sheffield-United-21-9-2019.jpg","datePublished":"2019-09-21T10:16:14+00:00","dateModified":"2019-09-21T10:48:11+00:00","breadcrumb":{"@id":"https:\/\/evertonfc.cz\/index.php\/2019\/09\/21\/preview-everton-sheffield-united-2\/#breadcrumb"},"inLanguage":"cs","potentialAction":[{"@type":"ReadAction","target":["https:\/\/evertonfc.cz\/index.php\/2019\/09\/21\/preview-everton-sheffield-united-2\/"]}]},{"@type":"ImageObject","inLanguage":"cs","@id":"https:\/\/evertonfc.cz\/index.php\/2019\/09\/21\/preview-everton-sheffield-united-2\/#primaryimage","url":"https:\/\/evertonfc.cz\/wp-content\/uploads\/2019\/09\/Everton-Sheffield-United-21-9-2019.jpg","contentUrl":"https:\/\/evertonfc.cz\/wp-content\/uploads\/2019\/09\/Everton-Sheffield-United-21-9-2019.jpg","width":720,"height":405},{"@type":"BreadcrumbList","@id":"https:\/\/evertonfc.cz\/index.php\/2019\/09\/21\/preview-everton-sheffield-united-2\/#breadcrumb","itemListElement":[{"@type":"ListItem","position":1,"name":"Home","item":"https:\/\/evertonfc.cz\/"},{"@type":"ListItem","position":2,"name":"Preview: Everton &#8211; Sheffield United"}]},{"@type":"WebSite","@id":"https:\/\/evertonfc.cz\/#website","url":"https:\/\/evertonfc.cz\/","name":"Official Czech &amp; Slovak Everton Supporters&#039; Club","description":"","publisher":{"@id":"https:\/\/evertonfc.cz\/#organization"},"potentialAction":[{"@type":"SearchAction","target":{"@type":"EntryPoint","urlTemplate":"https:\/\/evertonfc.cz\/?s={search_term_string}"},"query-input":{"@type":"PropertyValueSpecification","valueRequired":true,"valueName":"search_term_string"}}],"inLanguage":"cs"},{"@type":"Organization","@id":"https:\/\/evertonfc.cz\/#organization","name":"Official Czech & Slovak Everton Supporters' Club","url":"https:\/\/evertonfc.cz\/","logo":{"@type":"ImageObject","inLanguage":"cs","@id":"https:\/\/evertonfc.cz\/#\/schema\/logo\/image\/","url":"https:\/\/evertonfc.cz\/wp-content\/uploads\/2019\/05\/logo.png","contentUrl":"https:\/\/evertonfc.cz\/wp-content\/uploads\/2019\/05\/logo.png","width":112,"height":112,"caption":"Official Czech & Slovak Everton Supporters' Club"},"image":{"@id":"https:\/\/evertonfc.cz\/#\/schema\/logo\/image\/"},"sameAs":["https:\/\/www.facebook.com\/everton.fans.cz.sk"]},{"@type":"Person","@id":"https:\/\/evertonfc.cz\/#\/schema\/person\/b30daf6a5852f4811f8207a17ec1bf78","name":"Javor","sameAs":["https:\/\/x.com\/LoudinJan"],"url":"https:\/\/evertonfc.cz\/index.php\/author\/javor\/"}]}},"_links":{"self":[{"href":"https:\/\/evertonfc.cz\/index.php\/wp-json\/wp\/v2\/posts\/9370"}],"collection":[{"href":"https:\/\/evertonfc.cz\/index.php\/wp-json\/wp\/v2\/posts"}],"about":[{"href":"https:\/\/evertonfc.cz\/index.php\/wp-json\/wp\/v2\/types\/post"}],"author":[{"embeddable":true,"href":"https:\/\/evertonfc.cz\/index.php\/wp-json\/wp\/v2\/users\/12"}],"replies":[{"embeddable":true,"href":"https:\/\/evertonfc.cz\/index.php\/wp-json\/wp\/v2\/comments?post=9370"}],"version-history":[{"count":5,"href":"https:\/\/evertonfc.cz\/index.php\/wp-json\/wp\/v2\/posts\/9370\/revisions"}],"predecessor-version":[{"id":9377,"href":"https:\/\/evertonfc.cz\/index.php\/wp-json\/wp\/v2\/posts\/9370\/revisions\/9377"}],"wp:featuredmedia":[{"embeddable":true,"href":"https:\/\/evertonfc.cz\/index.php\/wp-json\/wp\/v2\/media\/9371"}],"wp:attachment":[{"href":"https:\/\/evertonfc.cz\/index.php\/wp-json\/wp\/v2\/media?parent=9370"}],"wp:term":[{"taxonomy":"category","embeddable":true,"href":"https:\/\/evertonfc.cz\/index.php\/wp-json\/wp\/v2\/categories?post=9370"},{"taxonomy":"post_tag","embeddable":true,"href":"https:\/\/evertonfc.cz\/index.php\/wp-json\/wp\/v2\/tags?post=9370"}],"curies":[{"name":"wp","href":"https:\/\/api.w.org\/{rel}","templated":true}]}}