{"id":9381,"date":"2019-09-22T16:34:07","date_gmt":"2019-09-22T14:34:07","guid":{"rendered":"https:\/\/evertonfc.cz\/?p=9381"},"modified":"2019-09-22T17:10:08","modified_gmt":"2019-09-22T15:10:08","slug":"everton-sheffield-united-02","status":"publish","type":"post","link":"https:\/\/evertonfc.cz\/index.php\/2019\/09\/22\/everton-sheffield-united-02\/","title":{"rendered":"Everton &#8211; Sheffield United 0:2"},"content":{"rendered":"<h4>T\u011b\u017eko hr\u00e1ti v lize n\u011bjak vysoko, kdy\u017e prohrajeme doma s nov\u00e1\u010dkem&#8230;<\/h4>\n<p>V r\u00e1mci rotace na hrotu dostal tentokr\u00e1t od za\u010d\u00e1tku d\u016fv\u011bru &#8222;Mo\u0161e&#8220; Kean. Soupe\u0159 nastoupil dle o\u010dek\u00e1v\u00e1n\u00ed, tedy s Lundstramem v z\u00e1kladn\u00ed sestav\u011b a s Jagielkou na lavi\u010dce. Utk\u00e1n\u00ed za\u010dalo o\u010dek\u00e1van\u00fdm sc\u00e9n\u00e1\u0159em, tlakem dom\u00e1c\u00edch. Za zm\u00ednku snad stoj\u00ed Richarlisonova st\u0159ela vedle \u010di pokus Digneho zasko\u010dit brank\u00e1\u0159e Hendersona p\u0159ekvapiv\u00fdm zakon\u010den\u00edm k ty\u010di, ale nic z toho. Host\u00e9 tak sb\u00edrali aspo\u0148 \u017elut\u00e9 karty, nejd\u0159\u00edv Norwood za faul na Delpha, pot\u00e9 za vz\u00e1jemnou poty\u010dku\/neshodu dvojice Baldock a Bernard. A proto\u017ee u n\u00ed asistoval i Henderson, tak ten si tak\u00e9 zbl\u00edzka prohl\u00e9dl kart\u00f3nek t\u00e9hle barvy. Hra samotn\u00e1? Everton tla\u010d\u00ed, host\u00e9 se nema\u017eou s odkopy, fotbalovost pl\u00e1\u010de. Jedin\u00fdm efektem tlaku dom\u00e1c\u00edch tak byl nar\u016fstaj\u00edci po\u010det roh\u016f, kter\u00e9 ale byly po cel\u00fd z\u00e1pas zahr\u00e1v\u00e1ny \u0161patn\u011b. A tak jim host\u00e9 uk\u00e1zali, jak se to m\u00e1 d\u011blat. Centr Norwooda od rohov\u00e9ho praporku proplachtil nete\u010dovan\u00fd mezi Pickfordem a naskakuj\u00edc\u00edm nehl\u00eddan\u00fdm O\u00b4Connellem a od hlavy za nimi stoj\u00edc\u00edho stopera Miny se odrazil ze t\u0159\u00ed metr\u016f do pr\u00e1zdn\u00e9 kysny &#8211; <strong>0:1.\u00a0<\/strong>Tak n\u011bjak kolektivn\u00ed chyba, Pickford m\u011bl m\u00ed\u010d aspo\u0148 vyrazit, ale pro\u010d nebyl obr\u00e1nce u O\u00b4Connella&#8230; Odpov\u011b\u010f Evertonu? Richarlison hlavi\u010dkuje rovnou do brank\u00e1\u0159e a v posledn\u00ed situaci cel\u00e9 prvn\u00ed p\u016fle trefil Digne symptomaticky ze\u010f z trestn\u00e9ho kopu. Nen\u00ed se co divit, \u017ee div\u00e1ci p\u0159i odchodu do kabin bu\u010deli.<\/p>\n<p>Hru dop\u0159edu ve druh\u00e9m polo\u010dase m\u011blo o\u017eivit dvoj\u00ed st\u0159\u00edd\u00e1n\u00ed, kter\u00e9 p\u0159i\u0161lo v 55. minut\u011b. T\u00e9m\u011b\u0159 neviditeln\u00fd Bernard uvolnil m\u00edsto Tosunovi a do \u00fato\u010dn\u00e9 f\u00e1ze byl za\u0159azen t\u00e9\u017e Iwobi, kdy\u017e vyst\u0159\u00eddal Schneiderlina. Obraz hry byl st\u00e1le stejn\u00fd &#8211; Everton m\u00e1 dr\u017een\u00ed m\u00ed\u010de 70 %, zahr\u00e1v\u00e1 jeden roh za druh\u00fdm, ale do \u0161ance se nedost\u00e1v\u00e1, nato\u017e aby vs\u00edtil branku. Nejv\u011bt\u0161\u00ed potlesk cel\u00e9ho z\u00e1pasu (a od v\u0161ech) tak sklidil jednozna\u010dn\u011b Phil Jagielka, kdy\u017e vyst\u0159\u00eddal v 64. minut\u011b Norwooda. Nejaktivn\u011bj\u0161\u00ed dvojic\u00ed dom\u00e1c\u00edch byli nep\u0159ekvapiv\u011b Richarlison a Digne, ale nic z toho. A tak host\u00e9 zv\u00fd\u0161ili. Velk\u00fd pod\u00edl na tom m\u011bl John Lundstram, kter\u00fd geni\u00e1ln\u00ed p\u0159ihr\u00e1vkou vyslal naproti brank\u00e1\u0159i Mousseta &#8211; a ten si v\u011bd\u011bl rady. Vyb\u011bhnuv\u0161\u00edho Pickforda ztrapnil jesli\u010dkami a zv\u00fd\u0161il &#8211;\u00a0<strong>0:2.\u00a0<\/strong>Do konce z\u00e1pasu ji\u017e jen Jagielka dvakr\u00e1t v klidu odhlavi\u010dkoval m\u00ed\u010d a Walcott\u016fv st\u0159\u00edlen\u00fd centr (vyst\u0159\u00eddal Colemana) nena\u0161el adres\u00e1ta. Blades tak z minima vyt\u011b\u017eili maximum.<\/p>\n<p>Everton? Tlak na vyhazov Marca Silvy roste, nem\u016f\u017ee b\u00fdt spokojenost s v\u00fdkony a ani s v\u00fdsledky. Situaci samoz\u0159ejm\u011b nepom\u00e1h\u00e1 ani fakt, \u017ee jsou Toffees \u010dtrn\u00e1ct\u00ed.<\/p>\n<p><strong>Branky:<\/strong>\u00a0<span data-source=\"lightstreamer\" data-grid=\"main\" data-item=\"item_529179\" data-field=\"scorers\"><span class=\"ownGoal\">40. Mina vlastn\u00ed<\/span>, 79. Mousset\u00a0<\/span><\/p>\n<p><strong>Karty:<\/strong>\u00a0<span data-source=\"lightstreamer\" data-grid=\"main\" data-item=\"item_529179\" data-field=\"cards\">21. Bernard\u00a0 \u2013 16. Norwood, 21. Baldock, 22. Henderson\u00a0<\/span><\/p>\n<p><strong>Everton FC:<\/strong>\u00a0<span data-source=\"lightstreamer\" data-grid=\"main\" data-item=\"item_529179\" data-field=\"report1\">Pickford \u2013 Coleman (71. Walcott), M. Keane, Mina, Digne \u2013 Schneiderlin (55. Iwobi), Delph \u2013 Richarlison, Sigurdsson, Bernard (55. Tosun) \u2013 Kean<\/span><\/p>\n<p><strong>Sheffield United FC:<\/strong>\u00a0<span data-source=\"lightstreamer\" data-grid=\"main\" data-item=\"item_529179\" data-field=\"report2\">Henderson \u2013 Basham, Egan, O&#8217;Connell \u2013 Baldock, Lundstram, Norwood (64. Jagielka), Fleck, Stevens \u2013 Robinson (62. Mousset), McBurnie (84. Osborn)<\/span><\/p>\n<p><strong>Rozhod\u010d\u00ed:<\/strong> Simon <span data-source=\"lightstreamer\" data-grid=\"main\" data-item=\"item_529179\" data-field=\"referees\">Hooper<\/span><\/p>\n<div id=\"tabBox-270424\" class=\"tabBox1 football\">\n<div class=\"tabBox0\">\n<div class=\"obsah goals\">\n<div id=\"viewers_item_529179\"><strong>Div\u00e1ci:<\/strong>\u00a0<span data-source=\"lightstreamer\" data-grid=\"main\" data-item=\"item_529179\" data-field=\"viewers\">39 354<\/span><\/div>\n<\/div>\n<\/div>\n<\/div>\n<div class=\"bannerHolderZapasRight\">\n<div class=\"banner-13-0 hidden\"><\/div>\n<\/div>\n<p>&nbsp;<\/p>\n","protected":false},"excerpt":{"rendered":"<p>T\u011b\u017eko hr\u00e1ti v lize n\u011bjak vysoko, kdy\u017e prohrajeme doma s nov\u00e1\u010dkem\u2026<\/p>\n","protected":false},"author":12,"featured_media":9387,"comment_status":"open","ping_status":"closed","sticky":false,"template":"","format":"standard","meta":{"_eb_attr":"","_monsterinsights_skip_tracking":false,"_monsterinsights_sitenote_active":false,"_monsterinsights_sitenote_note":"","_monsterinsights_sitenote_category":0,"footnotes":""},"categories":[4],"tags":[],"yoast_head":"<!-- This site is optimized with the Yoast SEO plugin v23.4 - https:\/\/yoast.com\/wordpress\/plugins\/seo\/ -->\n<title>Everton - Sheffield United 0:2 - Official Czech &amp; Slovak Everton Supporters&#039; Club<\/title>\n<meta name=\"robots\" content=\"index, follow, max-snippet:-1, max-image-preview:large, max-video-preview:-1\" \/>\n<link rel=\"canonical\" href=\"https:\/\/evertonfc.cz\/index.php\/2019\/09\/22\/everton-sheffield-united-02\/\" \/>\n<meta property=\"og:locale\" content=\"cs_CZ\" \/>\n<meta property=\"og:type\" content=\"article\" \/>\n<meta property=\"og:title\" content=\"Everton - Sheffield United 0:2 - Official Czech &amp; Slovak Everton Supporters&#039; Club\" \/>\n<meta property=\"og:description\" content=\"T\u011b\u017eko hr\u00e1ti v lize n\u011bjak vysoko, kdy\u017e prohrajeme doma s nov\u00e1\u010dkem\u2026\" \/>\n<meta property=\"og:url\" content=\"https:\/\/evertonfc.cz\/index.php\/2019\/09\/22\/everton-sheffield-united-02\/\" \/>\n<meta property=\"og:site_name\" content=\"Official Czech &amp; Slovak Everton Supporters&#039; Club\" \/>\n<meta property=\"article:publisher\" content=\"https:\/\/www.facebook.com\/everton.fans.cz.sk\" \/>\n<meta property=\"article:published_time\" content=\"2019-09-22T14:34:07+00:00\" \/>\n<meta property=\"article:modified_time\" content=\"2019-09-22T15:10:08+00:00\" \/>\n<meta property=\"og:image\" content=\"https:\/\/evertonfc.cz\/wp-content\/uploads\/2019\/09\/sheffutd_22_9_2019.jpg\" \/>\n\t<meta property=\"og:image:width\" content=\"720\" \/>\n\t<meta property=\"og:image:height\" content=\"405\" \/>\n\t<meta property=\"og:image:type\" content=\"image\/jpeg\" \/>\n<meta name=\"author\" content=\"Javor\" \/>\n<meta name=\"twitter:card\" content=\"summary_large_image\" \/>\n<meta name=\"twitter:creator\" content=\"@LoudinJan\" \/>\n<meta name=\"twitter:label1\" content=\"Napsal(a)\" \/>\n\t<meta name=\"twitter:data1\" content=\"Javor\" \/>\n\t<meta name=\"twitter:label2\" content=\"Odhadovan\u00e1 doba \u010dten\u00ed\" \/>\n\t<meta name=\"twitter:data2\" content=\"3 minuty\" \/>\n<script type=\"application\/ld+json\" class=\"yoast-schema-graph\">{\"@context\":\"https:\/\/schema.org\",\"@graph\":[{\"@type\":\"Article\",\"@id\":\"https:\/\/evertonfc.cz\/index.php\/2019\/09\/22\/everton-sheffield-united-02\/#article\",\"isPartOf\":{\"@id\":\"https:\/\/evertonfc.cz\/index.php\/2019\/09\/22\/everton-sheffield-united-02\/\"},\"author\":{\"name\":\"Javor\",\"@id\":\"https:\/\/evertonfc.cz\/#\/schema\/person\/b30daf6a5852f4811f8207a17ec1bf78\"},\"headline\":\"Everton &#8211; Sheffield United 0:2\",\"datePublished\":\"2019-09-22T14:34:07+00:00\",\"dateModified\":\"2019-09-22T15:10:08+00:00\",\"mainEntityOfPage\":{\"@id\":\"https:\/\/evertonfc.cz\/index.php\/2019\/09\/22\/everton-sheffield-united-02\/\"},\"wordCount\":571,\"commentCount\":7,\"publisher\":{\"@id\":\"https:\/\/evertonfc.cz\/#organization\"},\"image\":{\"@id\":\"https:\/\/evertonfc.cz\/index.php\/2019\/09\/22\/everton-sheffield-united-02\/#primaryimage\"},\"thumbnailUrl\":\"https:\/\/evertonfc.cz\/wp-content\/uploads\/2019\/09\/sheffutd_22_9_2019.jpg\",\"articleSection\":[\"Z\u00e1pasy\"],\"inLanguage\":\"cs\",\"potentialAction\":[{\"@type\":\"CommentAction\",\"name\":\"Comment\",\"target\":[\"https:\/\/evertonfc.cz\/index.php\/2019\/09\/22\/everton-sheffield-united-02\/#respond\"]}]},{\"@type\":\"WebPage\",\"@id\":\"https:\/\/evertonfc.cz\/index.php\/2019\/09\/22\/everton-sheffield-united-02\/\",\"url\":\"https:\/\/evertonfc.cz\/index.php\/2019\/09\/22\/everton-sheffield-united-02\/\",\"name\":\"Everton - Sheffield United 0:2 - Official Czech &amp; Slovak Everton Supporters&#039; Club\",\"isPartOf\":{\"@id\":\"https:\/\/evertonfc.cz\/#website\"},\"primaryImageOfPage\":{\"@id\":\"https:\/\/evertonfc.cz\/index.php\/2019\/09\/22\/everton-sheffield-united-02\/#primaryimage\"},\"image\":{\"@id\":\"https:\/\/evertonfc.cz\/index.php\/2019\/09\/22\/everton-sheffield-united-02\/#primaryimage\"},\"thumbnailUrl\":\"https:\/\/evertonfc.cz\/wp-content\/uploads\/2019\/09\/sheffutd_22_9_2019.jpg\",\"datePublished\":\"2019-09-22T14:34:07+00:00\",\"dateModified\":\"2019-09-22T15:10:08+00:00\",\"breadcrumb\":{\"@id\":\"https:\/\/evertonfc.cz\/index.php\/2019\/09\/22\/everton-sheffield-united-02\/#breadcrumb\"},\"inLanguage\":\"cs\",\"potentialAction\":[{\"@type\":\"ReadAction\",\"target\":[\"https:\/\/evertonfc.cz\/index.php\/2019\/09\/22\/everton-sheffield-united-02\/\"]}]},{\"@type\":\"ImageObject\",\"inLanguage\":\"cs\",\"@id\":\"https:\/\/evertonfc.cz\/index.php\/2019\/09\/22\/everton-sheffield-united-02\/#primaryimage\",\"url\":\"https:\/\/evertonfc.cz\/wp-content\/uploads\/2019\/09\/sheffutd_22_9_2019.jpg\",\"contentUrl\":\"https:\/\/evertonfc.cz\/wp-content\/uploads\/2019\/09\/sheffutd_22_9_2019.jpg\",\"width\":720,\"height\":405},{\"@type\":\"BreadcrumbList\",\"@id\":\"https:\/\/evertonfc.cz\/index.php\/2019\/09\/22\/everton-sheffield-united-02\/#breadcrumb\",\"itemListElement\":[{\"@type\":\"ListItem\",\"position\":1,\"name\":\"Home\",\"item\":\"https:\/\/evertonfc.cz\/\"},{\"@type\":\"ListItem\",\"position\":2,\"name\":\"Everton &#8211; Sheffield United 0:2\"}]},{\"@type\":\"WebSite\",\"@id\":\"https:\/\/evertonfc.cz\/#website\",\"url\":\"https:\/\/evertonfc.cz\/\",\"name\":\"Official Czech &amp; Slovak Everton Supporters&#039; Club\",\"description\":\"\",\"publisher\":{\"@id\":\"https:\/\/evertonfc.cz\/#organization\"},\"potentialAction\":[{\"@type\":\"SearchAction\",\"target\":{\"@type\":\"EntryPoint\",\"urlTemplate\":\"https:\/\/evertonfc.cz\/?s={search_term_string}\"},\"query-input\":{\"@type\":\"PropertyValueSpecification\",\"valueRequired\":true,\"valueName\":\"search_term_string\"}}],\"inLanguage\":\"cs\"},{\"@type\":\"Organization\",\"@id\":\"https:\/\/evertonfc.cz\/#organization\",\"name\":\"Official Czech & Slovak Everton Supporters' Club\",\"url\":\"https:\/\/evertonfc.cz\/\",\"logo\":{\"@type\":\"ImageObject\",\"inLanguage\":\"cs\",\"@id\":\"https:\/\/evertonfc.cz\/#\/schema\/logo\/image\/\",\"url\":\"https:\/\/evertonfc.cz\/wp-content\/uploads\/2019\/05\/logo.png\",\"contentUrl\":\"https:\/\/evertonfc.cz\/wp-content\/uploads\/2019\/05\/logo.png\",\"width\":112,\"height\":112,\"caption\":\"Official Czech & Slovak Everton Supporters' Club\"},\"image\":{\"@id\":\"https:\/\/evertonfc.cz\/#\/schema\/logo\/image\/\"},\"sameAs\":[\"https:\/\/www.facebook.com\/everton.fans.cz.sk\"]},{\"@type\":\"Person\",\"@id\":\"https:\/\/evertonfc.cz\/#\/schema\/person\/b30daf6a5852f4811f8207a17ec1bf78\",\"name\":\"Javor\",\"sameAs\":[\"https:\/\/x.com\/LoudinJan\"],\"url\":\"https:\/\/evertonfc.cz\/index.php\/author\/javor\/\"}]}<\/script>\n<!-- \/ Yoast SEO plugin. -->","yoast_head_json":{"title":"Everton - Sheffield United 0:2 - Official Czech &amp; Slovak Everton Supporters&#039; Club","robots":{"index":"index","follow":"follow","max-snippet":"max-snippet:-1","max-image-preview":"max-image-preview:large","max-video-preview":"max-video-preview:-1"},"canonical":"https:\/\/evertonfc.cz\/index.php\/2019\/09\/22\/everton-sheffield-united-02\/","og_locale":"cs_CZ","og_type":"article","og_title":"Everton - Sheffield United 0:2 - Official Czech &amp; Slovak Everton Supporters&#039; Club","og_description":"T\u011b\u017eko hr\u00e1ti v lize n\u011bjak vysoko, kdy\u017e prohrajeme doma s nov\u00e1\u010dkem\u2026","og_url":"https:\/\/evertonfc.cz\/index.php\/2019\/09\/22\/everton-sheffield-united-02\/","og_site_name":"Official Czech &amp; Slovak Everton Supporters&#039; Club","article_publisher":"https:\/\/www.facebook.com\/everton.fans.cz.sk","article_published_time":"2019-09-22T14:34:07+00:00","article_modified_time":"2019-09-22T15:10:08+00:00","og_image":[{"width":720,"height":405,"url":"https:\/\/evertonfc.cz\/wp-content\/uploads\/2019\/09\/sheffutd_22_9_2019.jpg","type":"image\/jpeg"}],"author":"Javor","twitter_card":"summary_large_image","twitter_creator":"@LoudinJan","twitter_misc":{"Napsal(a)":"Javor","Odhadovan\u00e1 doba \u010dten\u00ed":"3 minuty"},"schema":{"@context":"https:\/\/schema.org","@graph":[{"@type":"Article","@id":"https:\/\/evertonfc.cz\/index.php\/2019\/09\/22\/everton-sheffield-united-02\/#article","isPartOf":{"@id":"https:\/\/evertonfc.cz\/index.php\/2019\/09\/22\/everton-sheffield-united-02\/"},"author":{"name":"Javor","@id":"https:\/\/evertonfc.cz\/#\/schema\/person\/b30daf6a5852f4811f8207a17ec1bf78"},"headline":"Everton &#8211; Sheffield United 0:2","datePublished":"2019-09-22T14:34:07+00:00","dateModified":"2019-09-22T15:10:08+00:00","mainEntityOfPage":{"@id":"https:\/\/evertonfc.cz\/index.php\/2019\/09\/22\/everton-sheffield-united-02\/"},"wordCount":571,"commentCount":7,"publisher":{"@id":"https:\/\/evertonfc.cz\/#organization"},"image":{"@id":"https:\/\/evertonfc.cz\/index.php\/2019\/09\/22\/everton-sheffield-united-02\/#primaryimage"},"thumbnailUrl":"https:\/\/evertonfc.cz\/wp-content\/uploads\/2019\/09\/sheffutd_22_9_2019.jpg","articleSection":["Z\u00e1pasy"],"inLanguage":"cs","potentialAction":[{"@type":"CommentAction","name":"Comment","target":["https:\/\/evertonfc.cz\/index.php\/2019\/09\/22\/everton-sheffield-united-02\/#respond"]}]},{"@type":"WebPage","@id":"https:\/\/evertonfc.cz\/index.php\/2019\/09\/22\/everton-sheffield-united-02\/","url":"https:\/\/evertonfc.cz\/index.php\/2019\/09\/22\/everton-sheffield-united-02\/","name":"Everton - Sheffield United 0:2 - Official Czech &amp; Slovak Everton Supporters&#039; Club","isPartOf":{"@id":"https:\/\/evertonfc.cz\/#website"},"primaryImageOfPage":{"@id":"https:\/\/evertonfc.cz\/index.php\/2019\/09\/22\/everton-sheffield-united-02\/#primaryimage"},"image":{"@id":"https:\/\/evertonfc.cz\/index.php\/2019\/09\/22\/everton-sheffield-united-02\/#primaryimage"},"thumbnailUrl":"https:\/\/evertonfc.cz\/wp-content\/uploads\/2019\/09\/sheffutd_22_9_2019.jpg","datePublished":"2019-09-22T14:34:07+00:00","dateModified":"2019-09-22T15:10:08+00:00","breadcrumb":{"@id":"https:\/\/evertonfc.cz\/index.php\/2019\/09\/22\/everton-sheffield-united-02\/#breadcrumb"},"inLanguage":"cs","potentialAction":[{"@type":"ReadAction","target":["https:\/\/evertonfc.cz\/index.php\/2019\/09\/22\/everton-sheffield-united-02\/"]}]},{"@type":"ImageObject","inLanguage":"cs","@id":"https:\/\/evertonfc.cz\/index.php\/2019\/09\/22\/everton-sheffield-united-02\/#primaryimage","url":"https:\/\/evertonfc.cz\/wp-content\/uploads\/2019\/09\/sheffutd_22_9_2019.jpg","contentUrl":"https:\/\/evertonfc.cz\/wp-content\/uploads\/2019\/09\/sheffutd_22_9_2019.jpg","width":720,"height":405},{"@type":"BreadcrumbList","@id":"https:\/\/evertonfc.cz\/index.php\/2019\/09\/22\/everton-sheffield-united-02\/#breadcrumb","itemListElement":[{"@type":"ListItem","position":1,"name":"Home","item":"https:\/\/evertonfc.cz\/"},{"@type":"ListItem","position":2,"name":"Everton &#8211; Sheffield United 0:2"}]},{"@type":"WebSite","@id":"https:\/\/evertonfc.cz\/#website","url":"https:\/\/evertonfc.cz\/","name":"Official Czech &amp; Slovak Everton Supporters&#039; Club","description":"","publisher":{"@id":"https:\/\/evertonfc.cz\/#organization"},"potentialAction":[{"@type":"SearchAction","target":{"@type":"EntryPoint","urlTemplate":"https:\/\/evertonfc.cz\/?s={search_term_string}"},"query-input":{"@type":"PropertyValueSpecification","valueRequired":true,"valueName":"search_term_string"}}],"inLanguage":"cs"},{"@type":"Organization","@id":"https:\/\/evertonfc.cz\/#organization","name":"Official Czech & Slovak Everton Supporters' Club","url":"https:\/\/evertonfc.cz\/","logo":{"@type":"ImageObject","inLanguage":"cs","@id":"https:\/\/evertonfc.cz\/#\/schema\/logo\/image\/","url":"https:\/\/evertonfc.cz\/wp-content\/uploads\/2019\/05\/logo.png","contentUrl":"https:\/\/evertonfc.cz\/wp-content\/uploads\/2019\/05\/logo.png","width":112,"height":112,"caption":"Official Czech & Slovak Everton Supporters' Club"},"image":{"@id":"https:\/\/evertonfc.cz\/#\/schema\/logo\/image\/"},"sameAs":["https:\/\/www.facebook.com\/everton.fans.cz.sk"]},{"@type":"Person","@id":"https:\/\/evertonfc.cz\/#\/schema\/person\/b30daf6a5852f4811f8207a17ec1bf78","name":"Javor","sameAs":["https:\/\/x.com\/LoudinJan"],"url":"https:\/\/evertonfc.cz\/index.php\/author\/javor\/"}]}},"_links":{"self":[{"href":"https:\/\/evertonfc.cz\/index.php\/wp-json\/wp\/v2\/posts\/9381"}],"collection":[{"href":"https:\/\/evertonfc.cz\/index.php\/wp-json\/wp\/v2\/posts"}],"about":[{"href":"https:\/\/evertonfc.cz\/index.php\/wp-json\/wp\/v2\/types\/post"}],"author":[{"embeddable":true,"href":"https:\/\/evertonfc.cz\/index.php\/wp-json\/wp\/v2\/users\/12"}],"replies":[{"embeddable":true,"href":"https:\/\/evertonfc.cz\/index.php\/wp-json\/wp\/v2\/comments?post=9381"}],"version-history":[{"count":2,"href":"https:\/\/evertonfc.cz\/index.php\/wp-json\/wp\/v2\/posts\/9381\/revisions"}],"predecessor-version":[{"id":9385,"href":"https:\/\/evertonfc.cz\/index.php\/wp-json\/wp\/v2\/posts\/9381\/revisions\/9385"}],"wp:featuredmedia":[{"embeddable":true,"href":"https:\/\/evertonfc.cz\/index.php\/wp-json\/wp\/v2\/media\/9387"}],"wp:attachment":[{"href":"https:\/\/evertonfc.cz\/index.php\/wp-json\/wp\/v2\/media?parent=9381"}],"wp:term":[{"taxonomy":"category","embeddable":true,"href":"https:\/\/evertonfc.cz\/index.php\/wp-json\/wp\/v2\/categories?post=9381"},{"taxonomy":"post_tag","embeddable":true,"href":"https:\/\/evertonfc.cz\/index.php\/wp-json\/wp\/v2\/tags?post=9381"}],"curies":[{"name":"wp","href":"https:\/\/api.w.org\/{rel}","templated":true}]}}