{"id":9390,"date":"2019-09-23T23:26:40","date_gmt":"2019-09-23T21:26:40","guid":{"rendered":"https:\/\/evertonfc.cz\/?p=9390"},"modified":"2021-01-12T13:36:22","modified_gmt":"2021-01-12T12:36:22","slug":"lc-preview-sheffield-wednesday-everton","status":"publish","type":"post","link":"https:\/\/evertonfc.cz\/index.php\/2019\/09\/23\/lc-preview-sheffield-wednesday-everton\/","title":{"rendered":"LC Preview: Sheffield Wednesday \u2013 Everton"},"content":{"rendered":"<h4><span lang=\"SK\">\u017dreb mal o\u010dividne zmysel pre humor, ke\u010f n\u00e1s po nev\u00edtanej n\u00e1v\u0161teve z\u00a0oce\u013eov\u00e9ho mesta posiela oplati\u0165 futbalov\u00fa spolo\u010dnos\u0165 opa\u010dn\u00fdm smerom. Ale proti strede a v\u00a0utorok?<\/span><\/h4>\n<p>Ak v\u00e1m to ned\u00e1va zmysel, nez\u00fafajte. Viacer\u00fdm kompetentn\u00fdm na Merseyside nevych\u00e1dzaj\u00fa my\u0161lienkov\u00e9 pochody pod\u013ea predst\u00e1v \u00fa\u013eu. Ten pri v\u00e4\u010d\u0161inovej zhode na nezhod\u00e1ch d\u00e1 svoje pocity patri\u010dne najavo a\u00a0nezriedka sa situ\u00e1cia kompetentn\u00fdch zvrtne na nekompatibiln\u00fa. Potom u\u017e niet cesty sp\u00e4\u0165.<\/p>\n<p>Tam ale konsenzus e\u0161te nedo\u0161iel, tak\u017ee nast\u00e1vaj\u00faci duel osudov o\u00a0pokra\u010dovan\u00ed jedn\u00e9ho v\u00a0\u00fastrety takmer trojkilovej kovovej odmeny predstavuje jedine\u010dn\u00fa \u0161ancu, ako sa znova zavtiera\u0165 pomyselnej kr\u00e1\u013eovnej a\u00a0vydr\u017ea\u0165 tak v\u00a0slu\u017eb\u00e1ch o\u00a0\u010dosi dlh\u0161ie. Kto sladk\u00e9 neprin\u00e1\u0161a, pr\u00edde o\u00a0priaze\u0148 mecen\u00e1\u0161a.<\/p>\n<h4><strong><em>Do you mind Tuesday?<\/em><\/strong><\/h4>\n<p>Ak tr\u00e1vite vo\u013en\u00e9 dni \u0161portom, ste nasledovaniahodn\u00fd pr\u00edklad. Rovnako ako p\u00e1ni, ktor\u00ed svoje bla\u017een\u00e9 stredy tr\u00e1vili zdokona\u013eovan\u00edm sa v\u00a0krikete. Len\u017ee vyn\u00e1lez futbalu, ako kondi\u010dn\u00e9ho n\u00e1stroja, v\u00e1m svojou zvy\u0161uj\u00facou sa popularitou sko\u010d\u00ed do \u00fasmevu a\u00a0vy sa znenazdajky usmievate \u010falej. Aj tak sa d\u00e1 op\u00edsa\u0165 pr\u00edbeh u\u017e potom len futbalovej stredy v\u00a0priemyselne revolu\u010dnom centre.<\/p>\n<p>O\u00a0\u0161tyri ligov\u00e9 tituly, tri poh\u00e1re FA a\u00a0jeden ligov\u00fd nesk\u00f4r, ocit\u00e1me sa na takmer \u0161tyridsa\u0165tis\u00edcovom Hillsborough. Miestom takmer v\u0161etk\u00fdch spomenut\u00fdch \u00faspechov a\u00a0bohu\u017eia\u013e, aj miestom jednej z\u00a0najv\u00e4\u010d\u0161\u00edch \u0161portov\u00fdch trag\u00e9dii, ktor\u00e9 zasiahli aj Evertonians. Sv\u00e4tost\u00e1nok v\u0161ak \u017eije \u010falej a\u00a0ct\u00ed si pamiatku ka\u017ed\u00e9ho, kto naposledy vyd\u00fdchol na Leppings Lane.<\/p>\n<p>Patr\u00ed k\u00a0najnav\u0161tevovanej\u0161\u00edm a\u00a0po\u010das svojej hist\u00f3rie sa na \u0148om majoritne hr\u00e1vala prv\u00e1 liga, a\u017e do zostupu The Owls na jar nov\u00e9ho mil\u00e9nia. Klub z\u00a0severoz\u00e1padn\u00e9ho predmestia Owlerton, odkia\u013e prez\u00fdvka pramen\u00ed, si odvtedy pre\u0161iel jo-jo sez\u00f3nami a finan\u010dn\u00fdmi \u0165a\u017ekos\u0165ami. A\u017e v\u00a0roku 2014 sa thajsk\u00fd obchodn\u00edk s\u00a0tuniakov\u00fdmi konzervami, Dejphon Chansiri, rozhodol s\u00a0t\u00fdm nie\u010do spravi\u0165.<\/p>\n<p>Za necel\u00fdch \u0161tyridsa\u0165 mili\u00f3nov klub odk\u00fapil a\u00a0zmyslel si, \u017ee do 150. v\u00fdro\u010dia klubu ho dostane na vrchol pyram\u00eddy. Takmer sa mu to podarilo. Takmer. Ve\u013ek\u00e9 ro\u0161\u00e1dy v\u00a0z\u00e1kulis\u00ed podporil pr\u00edchod Carlosa Carvalhala, ktor\u00fd sa s\u00a0Wednesday ocitol dva roky po sebe v\u00a0Play-off, no Hull a\u00a0Huddersfield smel\u00e9 pl\u00e1ny zhatili.<\/p>\n<p>Tretiu sez\u00f3nu u\u017e v\u00fdsledky nesta\u010dili amb\u00edci\u00e1m a\u00a0tak sa ku kormidlu postavil holandsk\u00fd Luhukay, ktor\u00fd tr\u00e1penie e\u0161te viac preh\u013abil. Preto n\u00e1sledn\u00e9 dosadenie Stevea Brucea sa d\u00e1 pova\u017eova\u0165 za racion\u00e1lne. Tak\u00e9 v\u0161ak nebolo spr\u00e1vanie nov\u00e9ho kou\u010da, ktor\u00fd po povzbudivej jarnej snahe sadol na lep Mikeovi Ashleymu zo SportsDirect United.<\/p>\n<p>N\u00e1hrada? Garry Monk, \u010derstvo vyhoden\u00fd z Birminghamu. Vcelku pozit\u00edvne prijat\u00fd fan\u00fa\u0161ikmi, uznanie si zasl\u00fa\u017eil za obetovanie sa v b\u00fdvalom pracovisku pod prestupov\u00fdm embargom, ktor\u00e9 u\u017e nemienil trpie\u0165 aj kv\u00f4li nezhod\u00e1m zo zahrani\u010dn\u00fdm veden\u00edm na St. Andrew\u00b4s. Moment\u00e1lne m\u00e1 na konte v\u00fdhru vonku nad t\u00e1paj\u00facimi Terriers a dom\u00e1cu rem\u00edzu s Fulhamom.<\/p>\n<h4><strong><em>Yes, we do mind !<\/em><\/strong><\/h4>\n<p>Naposledy sa Karamelky so Sovami stretli pred dvan\u00e1stimi rokmi, v\u00a0rovnakej s\u00fa\u0165a\u017ei a\u00a0v\u00a0rovnakom kole. Bola z\u00a0toho v\u00fdhra host\u00ed 3:0. Aby sme podobn\u00fd v\u00fdsledok mohli zopakova\u0165, mus\u00edme eliminova\u0165 motor t\u00edmu \u2013 Barryho Bannana. \u010coskoro tridsa\u0165ro\u010dn\u00fd \u0160k\u00f3t diktuje hru a\u00a0otv\u00e1ra tak okienka \u0161ikovn\u00fdm hr\u00e1\u010dom ako Reach, Harris alebo Fletcher.<\/p>\n<p>Marco Silva minul\u00fa sez\u00f3nu ust\u00e1l Millwall, ale budeme radi, ak vrtkav\u00e9 poh\u00e1rov\u00e9 \u0161\u0165astie tento raz pok\u00fa\u0161a\u0165 nebude. Nie je \u010das na experimenty, s\u00e1m vel\u00ed do \u00fatoku srdcom a\u00a0odvol\u00e1va sa pritom na klubov\u00e9 hodnoty. Vypo\u010duje ho aj man\u0161aft? Prebudia sa kone\u010dne l\u00eddri? M\u00e1me e\u0161te tak\u00fdch? Andr\u00e9 Gomes n\u00e1m st\u00e1le nepom\u00f4\u017ee, ani JP Gbamin. Spolieha\u0165 sa preto budeme na rovnak\u00fa bandu, ak\u00e1 n\u00e1s pripravila o\u00a0nervy tento, aj minul\u00fd v\u00edkend.<\/p>\n<h3 style=\"text-align: center;\"><span style=\"color: #3366ff;\"><strong><em>Up The Toffees !!!<\/em><\/strong><\/span><\/h3>\n<hr \/>\n<p><strong>\u010co:<\/strong> Sheffield Wednesday FC \u2013 Everton FC, 3. kolo Ligov\u00fd Poh\u00e1r<br \/>\n<strong>Kedy:<\/strong> 23.9. 2019 od 20:45 SE\u010c<br \/>\n<strong>Kde:<\/strong> Hillsborough Stadium \u2013 76 Penistone Rd N, Sheffield S6 1SW (kapacita: 39 732)<br \/>\n<strong>Rozhodca:<\/strong> J. Simpson <strong>Asistenti:<\/strong> R. Wild, R. Merchant <strong>\u0160tvrt\u00fd rozhodca:<\/strong> M. Dwyer<\/p>\n","protected":false},"excerpt":{"rendered":"<p>\u017dreb mal o\u010dividne zmysel pre humor, ke\u010f n\u00e1s po nev\u00edtanej n\u00e1v\u0161teve z oce\u013eov\u00e9ho mesta posiela oplati\u0165 futbalov\u00fa spolo\u010dnos\u0165 opa\u010dn\u00fdm smerom. Ale proti strede a v utorok?<\/p>\n","protected":false},"author":1,"featured_media":9391,"comment_status":"open","ping_status":"closed","sticky":false,"template":"","format":"standard","meta":{"_eb_attr":"","_monsterinsights_skip_tracking":false,"_monsterinsights_sitenote_active":false,"_monsterinsights_sitenote_note":"","_monsterinsights_sitenote_category":0,"footnotes":""},"categories":[4],"tags":[],"yoast_head":"<!-- This site is optimized with the Yoast SEO plugin v23.4 - https:\/\/yoast.com\/wordpress\/plugins\/seo\/ -->\n<title>LC Preview: Sheffield Wednesday \u2013 Everton - Official Czech &amp; Slovak Everton Supporters&#039; Club<\/title>\n<meta name=\"robots\" content=\"index, follow, max-snippet:-1, max-image-preview:large, max-video-preview:-1\" \/>\n<link rel=\"canonical\" href=\"https:\/\/evertonfc.cz\/index.php\/2019\/09\/23\/lc-preview-sheffield-wednesday-everton\/\" \/>\n<meta property=\"og:locale\" content=\"cs_CZ\" \/>\n<meta property=\"og:type\" content=\"article\" \/>\n<meta property=\"og:title\" content=\"LC Preview: Sheffield Wednesday \u2013 Everton - Official Czech &amp; Slovak Everton Supporters&#039; Club\" \/>\n<meta property=\"og:description\" content=\"\u017dreb mal o\u010dividne zmysel pre humor, ke\u010f n\u00e1s po nev\u00edtanej n\u00e1v\u0161teve z oce\u013eov\u00e9ho mesta posiela oplati\u0165 futbalov\u00fa spolo\u010dnos\u0165 opa\u010dn\u00fdm smerom. Ale proti strede a v utorok?\" \/>\n<meta property=\"og:url\" content=\"https:\/\/evertonfc.cz\/index.php\/2019\/09\/23\/lc-preview-sheffield-wednesday-everton\/\" \/>\n<meta property=\"og:site_name\" content=\"Official Czech &amp; Slovak Everton Supporters&#039; Club\" \/>\n<meta property=\"article:publisher\" content=\"https:\/\/www.facebook.com\/everton.fans.cz.sk\" \/>\n<meta property=\"article:published_time\" content=\"2019-09-23T21:26:40+00:00\" \/>\n<meta property=\"article:modified_time\" content=\"2021-01-12T12:36:22+00:00\" \/>\n<meta property=\"og:image\" content=\"https:\/\/evertonfc.cz\/wp-content\/uploads\/2019\/09\/Sheffield-Wednesday-23-9-2019.jpg\" \/>\n\t<meta property=\"og:image:width\" content=\"720\" \/>\n\t<meta property=\"og:image:height\" content=\"405\" \/>\n\t<meta property=\"og:image:type\" content=\"image\/jpeg\" \/>\n<meta name=\"author\" content=\"BlueBlooded\" \/>\n<meta name=\"twitter:card\" content=\"summary_large_image\" \/>\n<meta name=\"twitter:label1\" content=\"Napsal(a)\" \/>\n\t<meta name=\"twitter:data1\" content=\"BlueBlooded\" \/>\n\t<meta name=\"twitter:label2\" content=\"Odhadovan\u00e1 doba \u010dten\u00ed\" \/>\n\t<meta name=\"twitter:data2\" content=\"3 minuty\" \/>\n<script type=\"application\/ld+json\" class=\"yoast-schema-graph\">{\"@context\":\"https:\/\/schema.org\",\"@graph\":[{\"@type\":\"Article\",\"@id\":\"https:\/\/evertonfc.cz\/index.php\/2019\/09\/23\/lc-preview-sheffield-wednesday-everton\/#article\",\"isPartOf\":{\"@id\":\"https:\/\/evertonfc.cz\/index.php\/2019\/09\/23\/lc-preview-sheffield-wednesday-everton\/\"},\"author\":{\"name\":\"BlueBlooded\",\"@id\":\"https:\/\/evertonfc.cz\/#\/schema\/person\/d4493b8cbea51532597fbc4685698916\"},\"headline\":\"LC Preview: Sheffield Wednesday \u2013 Everton\",\"datePublished\":\"2019-09-23T21:26:40+00:00\",\"dateModified\":\"2021-01-12T12:36:22+00:00\",\"mainEntityOfPage\":{\"@id\":\"https:\/\/evertonfc.cz\/index.php\/2019\/09\/23\/lc-preview-sheffield-wednesday-everton\/\"},\"wordCount\":757,\"commentCount\":3,\"publisher\":{\"@id\":\"https:\/\/evertonfc.cz\/#organization\"},\"image\":{\"@id\":\"https:\/\/evertonfc.cz\/index.php\/2019\/09\/23\/lc-preview-sheffield-wednesday-everton\/#primaryimage\"},\"thumbnailUrl\":\"https:\/\/evertonfc.cz\/wp-content\/uploads\/2019\/09\/Sheffield-Wednesday-23-9-2019.jpg\",\"articleSection\":[\"Z\u00e1pasy\"],\"inLanguage\":\"cs\",\"potentialAction\":[{\"@type\":\"CommentAction\",\"name\":\"Comment\",\"target\":[\"https:\/\/evertonfc.cz\/index.php\/2019\/09\/23\/lc-preview-sheffield-wednesday-everton\/#respond\"]}]},{\"@type\":\"WebPage\",\"@id\":\"https:\/\/evertonfc.cz\/index.php\/2019\/09\/23\/lc-preview-sheffield-wednesday-everton\/\",\"url\":\"https:\/\/evertonfc.cz\/index.php\/2019\/09\/23\/lc-preview-sheffield-wednesday-everton\/\",\"name\":\"LC Preview: Sheffield Wednesday \u2013 Everton - Official Czech &amp; Slovak Everton Supporters&#039; Club\",\"isPartOf\":{\"@id\":\"https:\/\/evertonfc.cz\/#website\"},\"primaryImageOfPage\":{\"@id\":\"https:\/\/evertonfc.cz\/index.php\/2019\/09\/23\/lc-preview-sheffield-wednesday-everton\/#primaryimage\"},\"image\":{\"@id\":\"https:\/\/evertonfc.cz\/index.php\/2019\/09\/23\/lc-preview-sheffield-wednesday-everton\/#primaryimage\"},\"thumbnailUrl\":\"https:\/\/evertonfc.cz\/wp-content\/uploads\/2019\/09\/Sheffield-Wednesday-23-9-2019.jpg\",\"datePublished\":\"2019-09-23T21:26:40+00:00\",\"dateModified\":\"2021-01-12T12:36:22+00:00\",\"breadcrumb\":{\"@id\":\"https:\/\/evertonfc.cz\/index.php\/2019\/09\/23\/lc-preview-sheffield-wednesday-everton\/#breadcrumb\"},\"inLanguage\":\"cs\",\"potentialAction\":[{\"@type\":\"ReadAction\",\"target\":[\"https:\/\/evertonfc.cz\/index.php\/2019\/09\/23\/lc-preview-sheffield-wednesday-everton\/\"]}]},{\"@type\":\"ImageObject\",\"inLanguage\":\"cs\",\"@id\":\"https:\/\/evertonfc.cz\/index.php\/2019\/09\/23\/lc-preview-sheffield-wednesday-everton\/#primaryimage\",\"url\":\"https:\/\/evertonfc.cz\/wp-content\/uploads\/2019\/09\/Sheffield-Wednesday-23-9-2019.jpg\",\"contentUrl\":\"https:\/\/evertonfc.cz\/wp-content\/uploads\/2019\/09\/Sheffield-Wednesday-23-9-2019.jpg\",\"width\":720,\"height\":405},{\"@type\":\"BreadcrumbList\",\"@id\":\"https:\/\/evertonfc.cz\/index.php\/2019\/09\/23\/lc-preview-sheffield-wednesday-everton\/#breadcrumb\",\"itemListElement\":[{\"@type\":\"ListItem\",\"position\":1,\"name\":\"Home\",\"item\":\"https:\/\/evertonfc.cz\/\"},{\"@type\":\"ListItem\",\"position\":2,\"name\":\"LC Preview: Sheffield Wednesday \u2013 Everton\"}]},{\"@type\":\"WebSite\",\"@id\":\"https:\/\/evertonfc.cz\/#website\",\"url\":\"https:\/\/evertonfc.cz\/\",\"name\":\"Official Czech &amp; Slovak Everton Supporters&#039; Club\",\"description\":\"\",\"publisher\":{\"@id\":\"https:\/\/evertonfc.cz\/#organization\"},\"potentialAction\":[{\"@type\":\"SearchAction\",\"target\":{\"@type\":\"EntryPoint\",\"urlTemplate\":\"https:\/\/evertonfc.cz\/?s={search_term_string}\"},\"query-input\":{\"@type\":\"PropertyValueSpecification\",\"valueRequired\":true,\"valueName\":\"search_term_string\"}}],\"inLanguage\":\"cs\"},{\"@type\":\"Organization\",\"@id\":\"https:\/\/evertonfc.cz\/#organization\",\"name\":\"Official Czech & Slovak Everton Supporters' Club\",\"url\":\"https:\/\/evertonfc.cz\/\",\"logo\":{\"@type\":\"ImageObject\",\"inLanguage\":\"cs\",\"@id\":\"https:\/\/evertonfc.cz\/#\/schema\/logo\/image\/\",\"url\":\"https:\/\/evertonfc.cz\/wp-content\/uploads\/2019\/05\/logo.png\",\"contentUrl\":\"https:\/\/evertonfc.cz\/wp-content\/uploads\/2019\/05\/logo.png\",\"width\":112,\"height\":112,\"caption\":\"Official Czech & Slovak Everton Supporters' Club\"},\"image\":{\"@id\":\"https:\/\/evertonfc.cz\/#\/schema\/logo\/image\/\"},\"sameAs\":[\"https:\/\/www.facebook.com\/everton.fans.cz.sk\"]},{\"@type\":\"Person\",\"@id\":\"https:\/\/evertonfc.cz\/#\/schema\/person\/d4493b8cbea51532597fbc4685698916\",\"name\":\"BlueBlooded\",\"url\":\"https:\/\/evertonfc.cz\/index.php\/author\/admin\/\"}]}<\/script>\n<!-- \/ Yoast SEO plugin. -->","yoast_head_json":{"title":"LC Preview: Sheffield Wednesday \u2013 Everton - Official Czech &amp; Slovak Everton Supporters&#039; Club","robots":{"index":"index","follow":"follow","max-snippet":"max-snippet:-1","max-image-preview":"max-image-preview:large","max-video-preview":"max-video-preview:-1"},"canonical":"https:\/\/evertonfc.cz\/index.php\/2019\/09\/23\/lc-preview-sheffield-wednesday-everton\/","og_locale":"cs_CZ","og_type":"article","og_title":"LC Preview: Sheffield Wednesday \u2013 Everton - Official Czech &amp; Slovak Everton Supporters&#039; Club","og_description":"\u017dreb mal o\u010dividne zmysel pre humor, ke\u010f n\u00e1s po nev\u00edtanej n\u00e1v\u0161teve z oce\u013eov\u00e9ho mesta posiela oplati\u0165 futbalov\u00fa spolo\u010dnos\u0165 opa\u010dn\u00fdm smerom. Ale proti strede a v utorok?","og_url":"https:\/\/evertonfc.cz\/index.php\/2019\/09\/23\/lc-preview-sheffield-wednesday-everton\/","og_site_name":"Official Czech &amp; Slovak Everton Supporters&#039; Club","article_publisher":"https:\/\/www.facebook.com\/everton.fans.cz.sk","article_published_time":"2019-09-23T21:26:40+00:00","article_modified_time":"2021-01-12T12:36:22+00:00","og_image":[{"width":720,"height":405,"url":"https:\/\/evertonfc.cz\/wp-content\/uploads\/2019\/09\/Sheffield-Wednesday-23-9-2019.jpg","type":"image\/jpeg"}],"author":"BlueBlooded","twitter_card":"summary_large_image","twitter_misc":{"Napsal(a)":"BlueBlooded","Odhadovan\u00e1 doba \u010dten\u00ed":"3 minuty"},"schema":{"@context":"https:\/\/schema.org","@graph":[{"@type":"Article","@id":"https:\/\/evertonfc.cz\/index.php\/2019\/09\/23\/lc-preview-sheffield-wednesday-everton\/#article","isPartOf":{"@id":"https:\/\/evertonfc.cz\/index.php\/2019\/09\/23\/lc-preview-sheffield-wednesday-everton\/"},"author":{"name":"BlueBlooded","@id":"https:\/\/evertonfc.cz\/#\/schema\/person\/d4493b8cbea51532597fbc4685698916"},"headline":"LC Preview: Sheffield Wednesday \u2013 Everton","datePublished":"2019-09-23T21:26:40+00:00","dateModified":"2021-01-12T12:36:22+00:00","mainEntityOfPage":{"@id":"https:\/\/evertonfc.cz\/index.php\/2019\/09\/23\/lc-preview-sheffield-wednesday-everton\/"},"wordCount":757,"commentCount":3,"publisher":{"@id":"https:\/\/evertonfc.cz\/#organization"},"image":{"@id":"https:\/\/evertonfc.cz\/index.php\/2019\/09\/23\/lc-preview-sheffield-wednesday-everton\/#primaryimage"},"thumbnailUrl":"https:\/\/evertonfc.cz\/wp-content\/uploads\/2019\/09\/Sheffield-Wednesday-23-9-2019.jpg","articleSection":["Z\u00e1pasy"],"inLanguage":"cs","potentialAction":[{"@type":"CommentAction","name":"Comment","target":["https:\/\/evertonfc.cz\/index.php\/2019\/09\/23\/lc-preview-sheffield-wednesday-everton\/#respond"]}]},{"@type":"WebPage","@id":"https:\/\/evertonfc.cz\/index.php\/2019\/09\/23\/lc-preview-sheffield-wednesday-everton\/","url":"https:\/\/evertonfc.cz\/index.php\/2019\/09\/23\/lc-preview-sheffield-wednesday-everton\/","name":"LC Preview: Sheffield Wednesday \u2013 Everton - Official Czech &amp; Slovak Everton Supporters&#039; Club","isPartOf":{"@id":"https:\/\/evertonfc.cz\/#website"},"primaryImageOfPage":{"@id":"https:\/\/evertonfc.cz\/index.php\/2019\/09\/23\/lc-preview-sheffield-wednesday-everton\/#primaryimage"},"image":{"@id":"https:\/\/evertonfc.cz\/index.php\/2019\/09\/23\/lc-preview-sheffield-wednesday-everton\/#primaryimage"},"thumbnailUrl":"https:\/\/evertonfc.cz\/wp-content\/uploads\/2019\/09\/Sheffield-Wednesday-23-9-2019.jpg","datePublished":"2019-09-23T21:26:40+00:00","dateModified":"2021-01-12T12:36:22+00:00","breadcrumb":{"@id":"https:\/\/evertonfc.cz\/index.php\/2019\/09\/23\/lc-preview-sheffield-wednesday-everton\/#breadcrumb"},"inLanguage":"cs","potentialAction":[{"@type":"ReadAction","target":["https:\/\/evertonfc.cz\/index.php\/2019\/09\/23\/lc-preview-sheffield-wednesday-everton\/"]}]},{"@type":"ImageObject","inLanguage":"cs","@id":"https:\/\/evertonfc.cz\/index.php\/2019\/09\/23\/lc-preview-sheffield-wednesday-everton\/#primaryimage","url":"https:\/\/evertonfc.cz\/wp-content\/uploads\/2019\/09\/Sheffield-Wednesday-23-9-2019.jpg","contentUrl":"https:\/\/evertonfc.cz\/wp-content\/uploads\/2019\/09\/Sheffield-Wednesday-23-9-2019.jpg","width":720,"height":405},{"@type":"BreadcrumbList","@id":"https:\/\/evertonfc.cz\/index.php\/2019\/09\/23\/lc-preview-sheffield-wednesday-everton\/#breadcrumb","itemListElement":[{"@type":"ListItem","position":1,"name":"Home","item":"https:\/\/evertonfc.cz\/"},{"@type":"ListItem","position":2,"name":"LC Preview: Sheffield Wednesday \u2013 Everton"}]},{"@type":"WebSite","@id":"https:\/\/evertonfc.cz\/#website","url":"https:\/\/evertonfc.cz\/","name":"Official Czech &amp; Slovak Everton Supporters&#039; Club","description":"","publisher":{"@id":"https:\/\/evertonfc.cz\/#organization"},"potentialAction":[{"@type":"SearchAction","target":{"@type":"EntryPoint","urlTemplate":"https:\/\/evertonfc.cz\/?s={search_term_string}"},"query-input":{"@type":"PropertyValueSpecification","valueRequired":true,"valueName":"search_term_string"}}],"inLanguage":"cs"},{"@type":"Organization","@id":"https:\/\/evertonfc.cz\/#organization","name":"Official Czech & Slovak Everton Supporters' Club","url":"https:\/\/evertonfc.cz\/","logo":{"@type":"ImageObject","inLanguage":"cs","@id":"https:\/\/evertonfc.cz\/#\/schema\/logo\/image\/","url":"https:\/\/evertonfc.cz\/wp-content\/uploads\/2019\/05\/logo.png","contentUrl":"https:\/\/evertonfc.cz\/wp-content\/uploads\/2019\/05\/logo.png","width":112,"height":112,"caption":"Official Czech & Slovak Everton Supporters' Club"},"image":{"@id":"https:\/\/evertonfc.cz\/#\/schema\/logo\/image\/"},"sameAs":["https:\/\/www.facebook.com\/everton.fans.cz.sk"]},{"@type":"Person","@id":"https:\/\/evertonfc.cz\/#\/schema\/person\/d4493b8cbea51532597fbc4685698916","name":"BlueBlooded","url":"https:\/\/evertonfc.cz\/index.php\/author\/admin\/"}]}},"_links":{"self":[{"href":"https:\/\/evertonfc.cz\/index.php\/wp-json\/wp\/v2\/posts\/9390"}],"collection":[{"href":"https:\/\/evertonfc.cz\/index.php\/wp-json\/wp\/v2\/posts"}],"about":[{"href":"https:\/\/evertonfc.cz\/index.php\/wp-json\/wp\/v2\/types\/post"}],"author":[{"embeddable":true,"href":"https:\/\/evertonfc.cz\/index.php\/wp-json\/wp\/v2\/users\/1"}],"replies":[{"embeddable":true,"href":"https:\/\/evertonfc.cz\/index.php\/wp-json\/wp\/v2\/comments?post=9390"}],"version-history":[{"count":4,"href":"https:\/\/evertonfc.cz\/index.php\/wp-json\/wp\/v2\/posts\/9390\/revisions"}],"predecessor-version":[{"id":13531,"href":"https:\/\/evertonfc.cz\/index.php\/wp-json\/wp\/v2\/posts\/9390\/revisions\/13531"}],"wp:featuredmedia":[{"embeddable":true,"href":"https:\/\/evertonfc.cz\/index.php\/wp-json\/wp\/v2\/media\/9391"}],"wp:attachment":[{"href":"https:\/\/evertonfc.cz\/index.php\/wp-json\/wp\/v2\/media?parent=9390"}],"wp:term":[{"taxonomy":"category","embeddable":true,"href":"https:\/\/evertonfc.cz\/index.php\/wp-json\/wp\/v2\/categories?post=9390"},{"taxonomy":"post_tag","embeddable":true,"href":"https:\/\/evertonfc.cz\/index.php\/wp-json\/wp\/v2\/tags?post=9390"}],"curies":[{"name":"wp","href":"https:\/\/api.w.org\/{rel}","templated":true}]}}