{"id":9397,"date":"2019-09-24T23:12:13","date_gmt":"2019-09-24T21:12:13","guid":{"rendered":"https:\/\/evertonfc.cz\/?p=9397"},"modified":"2019-09-25T07:01:25","modified_gmt":"2019-09-25T05:01:25","slug":"sheffield-wednesday-everton-02","status":"publish","type":"post","link":"https:\/\/evertonfc.cz\/index.php\/2019\/09\/24\/sheffield-wednesday-everton-02\/","title":{"rendered":"Sheffield Wednesday \u2013 Everton 0:2"},"content":{"rendered":"<h4>\u00dakol spln\u011bn. Everton po dvou ligov\u00fdch prohr\u00e1ch dok\u00e1zal z\u00e1sluhou dvoug\u00f3lov\u00e9ho st\u0159elce Calverta-Lewina zv\u00edt\u011bzit v Hillsborough a postoupit do osmifin\u00e1le Ligov\u00e9ho poh\u00e1ru.<\/h4>\n<p>Mana\u017eer Silva se podle p\u0159edpoklad\u016f odv\u00e1\u017eil okysli\u010dit z\u00e1kladn\u00ed sestavu a stejn\u011b jako ve druh\u00e9m kole poh\u00e1ru provedl p\u011bt zm\u011bn. Od prvn\u00ed minuty v\u00a0klasick\u00e9m rozestaven\u00ed 4-5-1 vyb\u011bhli na tr\u00e1vn\u00edk Djibril Sidib\u00e9, Mason Holgate, Tom Davies, Alex Iwobi a Dominic Calvert-Lewin, kte\u0159\u00ed vystrnadili na lavi\u010dku Colemana, Keanea, Schneiderlina Sigurdssona a Keana. Posledn\u00ed dv\u011b voln\u00e1 m\u00edsta mezi n\u00e1hradn\u00edky potom zaujali uzdraven\u00fd L\u00f6ssl a jako u\u017e tradi\u010dn\u011b v leto\u0161n\u00ed sez\u00f3n\u011b Walcott. Mimo z\u00e1pasov\u00fd k\u00e1dr z\u016fstali Stekelenburg, Baines, Tosun a zran\u011bn\u00ed Gomes s Gbaminem.<\/p>\n<p>Utk\u00e1n\u00ed bohu\u017eel nevys\u00edlala \u017e\u00e1dn\u00e9 televize, a tak se Evertonians p\u0159ipojen\u00ed online museli spokojit pouze s\u00a0r\u00e1diov\u00fdm p\u0159enosem na ofici\u00e1ln\u00ed str\u00e1nce.<\/p>\n<p>Toffees vstoupili do z\u00e1pasu zle, u\u017e po p\u00e1r minut\u00e1ch po Daviesov\u011b chyb\u011b musel p\u0159i zakon\u010den\u00ed Windalla hasit po\u017e\u00e1r pozorn\u00fd Pickford. Z nep\u0159\u00edjemn\u00e9ho startu se ale host\u00e9 rychle oklepali a u\u017e b\u011bhem \u00favodn\u00ed desetiminutovky rozhodli o osudu z\u00e1pasu, kdy\u017e se dvakr\u00e1t g\u00f3lov\u011b prosadil Dominic Calvert-Lewin, v leto\u0161n\u00ed sez\u00f3n\u011b \u010dasto (a mnohdy nepr\u00e1vem) han\u011bn\u00fd. 22let\u00fd \u00fato\u010dn\u00edk nejprve v \u0161est\u00e9 minut\u011b skv\u011ble zpracoval Sidib\u00e9ho centr a je\u0161t\u011b lep\u0161\u00ed st\u0159elou s pomoc\u00ed b\u0159evna otev\u0159el sk\u00f3re \u2013 <strong>0:1<\/strong>, aby u\u017e za dal\u0161\u00ed \u010dty\u0159i minuty po dobr\u00e9m n\u00e1b\u011bhu a p\u0159ihr\u00e1vce Iwobiho, hraj\u00edc\u00edho na pozici \u010d\u00edsla deset, p\u0159idal i druhou trefu \u2013 <strong>0:2<\/strong>.<\/p>\n<p>Calvert-Lewin mohl je\u0161t\u011b do konce prvn\u00edho polo\u010dasu p\u0159ed zraky 4 500 fanou\u0161k\u016f Blues zkompletovat hattrick, ale ve sv\u00e9 dal\u0161\u00ed velmi nad\u011bjn\u00e9 \u0161anci hlavi\u010dkou nenav\u00e1zal na d\u0159\u00edv\u011bj\u0161\u00ed p\u0159esn\u00e1 zakon\u010den\u00ed.<\/p>\n<p>Nutno podotknout, \u017ee druholigov\u00fd Sheffield Wednesday zna\u010dn\u011b proto\u010dil sestavu, snad je\u0161t\u011b v\u00edce ne\u017e Merseysiders. Svou nejlep\u0161\u00ed pas\u00e1\u017e duelu si p\u0159ichystal na za\u010d\u00e1tek druh\u00e9ho polo\u010dasu, nedbal\u00e9 minuty Evertonu vyu\u017eil k nebezpe\u010dn\u00fdm p\u0159\u00edle\u017eitostem, je\u017e v\u0161ak z\u016fstaly nevyu\u017eity kv\u016fli slab\u0161\u00edmu zakon\u010den\u00ed. Silvovi sv\u011b\u0159enci byli op\u011bt ned\u016fsledn\u00ed p\u0159i br\u00e1n\u011bn\u00ed standardn\u00edch situac\u00ed.<\/p>\n<p>Ve zbytku duelu si u\u017e Everton veden\u00ed pohl\u00eddal, ozna\u010dit jeho v\u00fdkon za bezchybn\u00fd by ale bylo nadnesen\u00e9. V\u00fdhrou si nicm\u00e9n\u011b zajistil d\u016fle\u017eit\u00fd postup do dal\u0161\u00ed f\u00e1ze sout\u011b\u017ee a trochu si vylep\u0161il sebev\u011bdom\u00ed p\u0159ed sobotn\u00edm t\u011b\u017ek\u00fdm ligov\u00fdm kl\u00e1n\u00edm s Manchesterem City na Goodison Parku. Pozitivn\u00edm impulsem jsou i n\u011bkter\u00e9 nad\u011bjn\u00e9 v\u00fdkony \u010dast\u011bji nevyu\u017e\u00edvan\u00fdch hr\u00e1\u010d\u016f, kte\u0159\u00ed si \u0159ekli o dal\u0161\u00ed \u0161anci na h\u0159i\u0161ti, t\u0159eba\u017ee se nesm\u00ed opom\u00ednat druho\u0159ad\u00e1 kvalita soupe\u0159e.<\/p>\n<p><strong><a href=\"https:\/\/www.youtube.com\/watch?v=n-GsTTqy4go\" target=\"_blank\" rel=\"noopener noreferrer\">Sest\u0159ih z\u00e1pasu<\/a><\/strong>.<\/p>\n<p><strong>Branky:<\/strong> 6. a 10. Calvert Lewin<\/p>\n<p><strong>\u017dK:<\/strong> 37. Delph<\/p>\n<p><strong>Sheffield Wednesday:<\/strong> Dawson &#8211; Odubajo, Iorfa, Thorniley, Fox &#8211; Murphy (59. Harris), Pelupessy, Luongo, Reach &#8211; Nuhiu (70. Fletcher), Winnall (65. Rhodes)<\/p>\n<p><strong>Everton:<\/strong> Pickford &#8211; Sidib\u00e9, Holgate, Mina, Digne &#8211; Davies, Delph (90+1. Schneiderlin) &#8211; Richarlison (68. Walcott), Iwobi, Bernard (76. Sigurdsson) &#8211; Calvert-Lewin<\/p>\n<p><strong>Hodnocen\u00ed hr\u00e1\u010d\u016f podle Liverpool Echo: <\/strong>Pickford 8, Sidib\u00e9 7, Holgate 7, Mina 8, Digne 7, Davies 6, Delph 7, Richarlison 6, Iwobi 7, Bernard 7, Calvert-Lewin 8, Walcott 6, Sigurdsson 6<\/p>\n<p><strong>Rozhod\u010d\u00ed:<\/strong> Simpson<\/p>\n<p><strong>Div\u00e1ci:<\/strong> 24 485<\/p>\n","protected":false},"excerpt":{"rendered":"<p>\u00dakol spln\u011bn. Everton po dvou ligov\u00fdch prohr\u00e1ch dok\u00e1zal z\u00e1sluhou dvoug\u00f3lov\u00e9ho st\u0159elce Calverta-Lewina zv\u00edt\u011bzit v Hillsborough a postoupit do osmifin\u00e1le Ligov\u00e9ho poh\u00e1ru.\u00a0<\/p>\n","protected":false},"author":6,"featured_media":9396,"comment_status":"open","ping_status":"closed","sticky":false,"template":"","format":"standard","meta":{"_eb_attr":"","_monsterinsights_skip_tracking":false,"_monsterinsights_sitenote_active":false,"_monsterinsights_sitenote_note":"","_monsterinsights_sitenote_category":0,"footnotes":""},"categories":[4],"tags":[],"yoast_head":"<!-- This site is optimized with the Yoast SEO plugin v23.4 - https:\/\/yoast.com\/wordpress\/plugins\/seo\/ -->\n<title>Sheffield Wednesday \u2013 Everton 0:2 - Official Czech &amp; Slovak Everton Supporters&#039; Club<\/title>\n<meta name=\"robots\" content=\"index, follow, max-snippet:-1, max-image-preview:large, max-video-preview:-1\" \/>\n<link rel=\"canonical\" href=\"https:\/\/evertonfc.cz\/index.php\/2019\/09\/24\/sheffield-wednesday-everton-02\/\" \/>\n<meta property=\"og:locale\" content=\"cs_CZ\" \/>\n<meta property=\"og:type\" content=\"article\" \/>\n<meta property=\"og:title\" content=\"Sheffield Wednesday \u2013 Everton 0:2 - Official Czech &amp; Slovak Everton Supporters&#039; Club\" \/>\n<meta property=\"og:description\" content=\"\u00dakol spln\u011bn. Everton po dvou ligov\u00fdch prohr\u00e1ch dok\u00e1zal z\u00e1sluhou dvoug\u00f3lov\u00e9ho st\u0159elce Calverta-Lewina zv\u00edt\u011bzit v Hillsborough a postoupit do osmifin\u00e1le Ligov\u00e9ho poh\u00e1ru.\u00a0\" \/>\n<meta property=\"og:url\" content=\"https:\/\/evertonfc.cz\/index.php\/2019\/09\/24\/sheffield-wednesday-everton-02\/\" \/>\n<meta property=\"og:site_name\" content=\"Official Czech &amp; Slovak Everton Supporters&#039; Club\" \/>\n<meta property=\"article:publisher\" content=\"https:\/\/www.facebook.com\/everton.fans.cz.sk\" \/>\n<meta property=\"article:published_time\" content=\"2019-09-24T21:12:13+00:00\" \/>\n<meta property=\"article:modified_time\" content=\"2019-09-25T05:01:25+00:00\" \/>\n<meta property=\"og:image\" content=\"https:\/\/evertonfc.cz\/wp-content\/uploads\/2019\/09\/dcl_24_9_2019.jpg\" \/>\n\t<meta property=\"og:image:width\" content=\"720\" \/>\n\t<meta property=\"og:image:height\" content=\"405\" \/>\n\t<meta property=\"og:image:type\" content=\"image\/jpeg\" \/>\n<meta name=\"author\" content=\"Ri\u010di\" \/>\n<meta name=\"twitter:card\" content=\"summary_large_image\" \/>\n<meta name=\"twitter:creator\" content=\"@rbrejsa\" \/>\n<meta name=\"twitter:label1\" content=\"Napsal(a)\" \/>\n\t<meta name=\"twitter:data1\" content=\"Ri\u010di\" \/>\n\t<meta name=\"twitter:label2\" content=\"Odhadovan\u00e1 doba \u010dten\u00ed\" \/>\n\t<meta name=\"twitter:data2\" content=\"3 minuty\" \/>\n<script type=\"application\/ld+json\" class=\"yoast-schema-graph\">{\"@context\":\"https:\/\/schema.org\",\"@graph\":[{\"@type\":\"Article\",\"@id\":\"https:\/\/evertonfc.cz\/index.php\/2019\/09\/24\/sheffield-wednesday-everton-02\/#article\",\"isPartOf\":{\"@id\":\"https:\/\/evertonfc.cz\/index.php\/2019\/09\/24\/sheffield-wednesday-everton-02\/\"},\"author\":{\"name\":\"Ri\u010di\",\"@id\":\"https:\/\/evertonfc.cz\/#\/schema\/person\/f7a5daedb2ffee98480bc70e191aaef1\"},\"headline\":\"Sheffield Wednesday \u2013 Everton 0:2\",\"datePublished\":\"2019-09-24T21:12:13+00:00\",\"dateModified\":\"2019-09-25T05:01:25+00:00\",\"mainEntityOfPage\":{\"@id\":\"https:\/\/evertonfc.cz\/index.php\/2019\/09\/24\/sheffield-wednesday-everton-02\/\"},\"wordCount\":579,\"commentCount\":3,\"publisher\":{\"@id\":\"https:\/\/evertonfc.cz\/#organization\"},\"image\":{\"@id\":\"https:\/\/evertonfc.cz\/index.php\/2019\/09\/24\/sheffield-wednesday-everton-02\/#primaryimage\"},\"thumbnailUrl\":\"https:\/\/evertonfc.cz\/wp-content\/uploads\/2019\/09\/dcl_24_9_2019.jpg\",\"articleSection\":[\"Z\u00e1pasy\"],\"inLanguage\":\"cs\",\"potentialAction\":[{\"@type\":\"CommentAction\",\"name\":\"Comment\",\"target\":[\"https:\/\/evertonfc.cz\/index.php\/2019\/09\/24\/sheffield-wednesday-everton-02\/#respond\"]}]},{\"@type\":\"WebPage\",\"@id\":\"https:\/\/evertonfc.cz\/index.php\/2019\/09\/24\/sheffield-wednesday-everton-02\/\",\"url\":\"https:\/\/evertonfc.cz\/index.php\/2019\/09\/24\/sheffield-wednesday-everton-02\/\",\"name\":\"Sheffield Wednesday \u2013 Everton 0:2 - Official Czech &amp; Slovak Everton Supporters&#039; Club\",\"isPartOf\":{\"@id\":\"https:\/\/evertonfc.cz\/#website\"},\"primaryImageOfPage\":{\"@id\":\"https:\/\/evertonfc.cz\/index.php\/2019\/09\/24\/sheffield-wednesday-everton-02\/#primaryimage\"},\"image\":{\"@id\":\"https:\/\/evertonfc.cz\/index.php\/2019\/09\/24\/sheffield-wednesday-everton-02\/#primaryimage\"},\"thumbnailUrl\":\"https:\/\/evertonfc.cz\/wp-content\/uploads\/2019\/09\/dcl_24_9_2019.jpg\",\"datePublished\":\"2019-09-24T21:12:13+00:00\",\"dateModified\":\"2019-09-25T05:01:25+00:00\",\"breadcrumb\":{\"@id\":\"https:\/\/evertonfc.cz\/index.php\/2019\/09\/24\/sheffield-wednesday-everton-02\/#breadcrumb\"},\"inLanguage\":\"cs\",\"potentialAction\":[{\"@type\":\"ReadAction\",\"target\":[\"https:\/\/evertonfc.cz\/index.php\/2019\/09\/24\/sheffield-wednesday-everton-02\/\"]}]},{\"@type\":\"ImageObject\",\"inLanguage\":\"cs\",\"@id\":\"https:\/\/evertonfc.cz\/index.php\/2019\/09\/24\/sheffield-wednesday-everton-02\/#primaryimage\",\"url\":\"https:\/\/evertonfc.cz\/wp-content\/uploads\/2019\/09\/dcl_24_9_2019.jpg\",\"contentUrl\":\"https:\/\/evertonfc.cz\/wp-content\/uploads\/2019\/09\/dcl_24_9_2019.jpg\",\"width\":720,\"height\":405},{\"@type\":\"BreadcrumbList\",\"@id\":\"https:\/\/evertonfc.cz\/index.php\/2019\/09\/24\/sheffield-wednesday-everton-02\/#breadcrumb\",\"itemListElement\":[{\"@type\":\"ListItem\",\"position\":1,\"name\":\"Home\",\"item\":\"https:\/\/evertonfc.cz\/\"},{\"@type\":\"ListItem\",\"position\":2,\"name\":\"Sheffield Wednesday \u2013 Everton 0:2\"}]},{\"@type\":\"WebSite\",\"@id\":\"https:\/\/evertonfc.cz\/#website\",\"url\":\"https:\/\/evertonfc.cz\/\",\"name\":\"Official Czech &amp; Slovak Everton Supporters&#039; Club\",\"description\":\"\",\"publisher\":{\"@id\":\"https:\/\/evertonfc.cz\/#organization\"},\"potentialAction\":[{\"@type\":\"SearchAction\",\"target\":{\"@type\":\"EntryPoint\",\"urlTemplate\":\"https:\/\/evertonfc.cz\/?s={search_term_string}\"},\"query-input\":{\"@type\":\"PropertyValueSpecification\",\"valueRequired\":true,\"valueName\":\"search_term_string\"}}],\"inLanguage\":\"cs\"},{\"@type\":\"Organization\",\"@id\":\"https:\/\/evertonfc.cz\/#organization\",\"name\":\"Official Czech & Slovak Everton Supporters' Club\",\"url\":\"https:\/\/evertonfc.cz\/\",\"logo\":{\"@type\":\"ImageObject\",\"inLanguage\":\"cs\",\"@id\":\"https:\/\/evertonfc.cz\/#\/schema\/logo\/image\/\",\"url\":\"https:\/\/evertonfc.cz\/wp-content\/uploads\/2019\/05\/logo.png\",\"contentUrl\":\"https:\/\/evertonfc.cz\/wp-content\/uploads\/2019\/05\/logo.png\",\"width\":112,\"height\":112,\"caption\":\"Official Czech & Slovak Everton Supporters' Club\"},\"image\":{\"@id\":\"https:\/\/evertonfc.cz\/#\/schema\/logo\/image\/\"},\"sameAs\":[\"https:\/\/www.facebook.com\/everton.fans.cz.sk\"]},{\"@type\":\"Person\",\"@id\":\"https:\/\/evertonfc.cz\/#\/schema\/person\/f7a5daedb2ffee98480bc70e191aaef1\",\"name\":\"Ri\u010di\",\"sameAs\":[\"https:\/\/x.com\/rbrejsa\"],\"url\":\"https:\/\/evertonfc.cz\/index.php\/author\/rici\/\"}]}<\/script>\n<!-- \/ Yoast SEO plugin. -->","yoast_head_json":{"title":"Sheffield Wednesday \u2013 Everton 0:2 - Official Czech &amp; Slovak Everton Supporters&#039; Club","robots":{"index":"index","follow":"follow","max-snippet":"max-snippet:-1","max-image-preview":"max-image-preview:large","max-video-preview":"max-video-preview:-1"},"canonical":"https:\/\/evertonfc.cz\/index.php\/2019\/09\/24\/sheffield-wednesday-everton-02\/","og_locale":"cs_CZ","og_type":"article","og_title":"Sheffield Wednesday \u2013 Everton 0:2 - Official Czech &amp; Slovak Everton Supporters&#039; Club","og_description":"\u00dakol spln\u011bn. Everton po dvou ligov\u00fdch prohr\u00e1ch dok\u00e1zal z\u00e1sluhou dvoug\u00f3lov\u00e9ho st\u0159elce Calverta-Lewina zv\u00edt\u011bzit v Hillsborough a postoupit do osmifin\u00e1le Ligov\u00e9ho poh\u00e1ru.\u00a0","og_url":"https:\/\/evertonfc.cz\/index.php\/2019\/09\/24\/sheffield-wednesday-everton-02\/","og_site_name":"Official Czech &amp; Slovak Everton Supporters&#039; Club","article_publisher":"https:\/\/www.facebook.com\/everton.fans.cz.sk","article_published_time":"2019-09-24T21:12:13+00:00","article_modified_time":"2019-09-25T05:01:25+00:00","og_image":[{"width":720,"height":405,"url":"https:\/\/evertonfc.cz\/wp-content\/uploads\/2019\/09\/dcl_24_9_2019.jpg","type":"image\/jpeg"}],"author":"Ri\u010di","twitter_card":"summary_large_image","twitter_creator":"@rbrejsa","twitter_misc":{"Napsal(a)":"Ri\u010di","Odhadovan\u00e1 doba \u010dten\u00ed":"3 minuty"},"schema":{"@context":"https:\/\/schema.org","@graph":[{"@type":"Article","@id":"https:\/\/evertonfc.cz\/index.php\/2019\/09\/24\/sheffield-wednesday-everton-02\/#article","isPartOf":{"@id":"https:\/\/evertonfc.cz\/index.php\/2019\/09\/24\/sheffield-wednesday-everton-02\/"},"author":{"name":"Ri\u010di","@id":"https:\/\/evertonfc.cz\/#\/schema\/person\/f7a5daedb2ffee98480bc70e191aaef1"},"headline":"Sheffield Wednesday \u2013 Everton 0:2","datePublished":"2019-09-24T21:12:13+00:00","dateModified":"2019-09-25T05:01:25+00:00","mainEntityOfPage":{"@id":"https:\/\/evertonfc.cz\/index.php\/2019\/09\/24\/sheffield-wednesday-everton-02\/"},"wordCount":579,"commentCount":3,"publisher":{"@id":"https:\/\/evertonfc.cz\/#organization"},"image":{"@id":"https:\/\/evertonfc.cz\/index.php\/2019\/09\/24\/sheffield-wednesday-everton-02\/#primaryimage"},"thumbnailUrl":"https:\/\/evertonfc.cz\/wp-content\/uploads\/2019\/09\/dcl_24_9_2019.jpg","articleSection":["Z\u00e1pasy"],"inLanguage":"cs","potentialAction":[{"@type":"CommentAction","name":"Comment","target":["https:\/\/evertonfc.cz\/index.php\/2019\/09\/24\/sheffield-wednesday-everton-02\/#respond"]}]},{"@type":"WebPage","@id":"https:\/\/evertonfc.cz\/index.php\/2019\/09\/24\/sheffield-wednesday-everton-02\/","url":"https:\/\/evertonfc.cz\/index.php\/2019\/09\/24\/sheffield-wednesday-everton-02\/","name":"Sheffield Wednesday \u2013 Everton 0:2 - Official Czech &amp; Slovak Everton Supporters&#039; Club","isPartOf":{"@id":"https:\/\/evertonfc.cz\/#website"},"primaryImageOfPage":{"@id":"https:\/\/evertonfc.cz\/index.php\/2019\/09\/24\/sheffield-wednesday-everton-02\/#primaryimage"},"image":{"@id":"https:\/\/evertonfc.cz\/index.php\/2019\/09\/24\/sheffield-wednesday-everton-02\/#primaryimage"},"thumbnailUrl":"https:\/\/evertonfc.cz\/wp-content\/uploads\/2019\/09\/dcl_24_9_2019.jpg","datePublished":"2019-09-24T21:12:13+00:00","dateModified":"2019-09-25T05:01:25+00:00","breadcrumb":{"@id":"https:\/\/evertonfc.cz\/index.php\/2019\/09\/24\/sheffield-wednesday-everton-02\/#breadcrumb"},"inLanguage":"cs","potentialAction":[{"@type":"ReadAction","target":["https:\/\/evertonfc.cz\/index.php\/2019\/09\/24\/sheffield-wednesday-everton-02\/"]}]},{"@type":"ImageObject","inLanguage":"cs","@id":"https:\/\/evertonfc.cz\/index.php\/2019\/09\/24\/sheffield-wednesday-everton-02\/#primaryimage","url":"https:\/\/evertonfc.cz\/wp-content\/uploads\/2019\/09\/dcl_24_9_2019.jpg","contentUrl":"https:\/\/evertonfc.cz\/wp-content\/uploads\/2019\/09\/dcl_24_9_2019.jpg","width":720,"height":405},{"@type":"BreadcrumbList","@id":"https:\/\/evertonfc.cz\/index.php\/2019\/09\/24\/sheffield-wednesday-everton-02\/#breadcrumb","itemListElement":[{"@type":"ListItem","position":1,"name":"Home","item":"https:\/\/evertonfc.cz\/"},{"@type":"ListItem","position":2,"name":"Sheffield Wednesday \u2013 Everton 0:2"}]},{"@type":"WebSite","@id":"https:\/\/evertonfc.cz\/#website","url":"https:\/\/evertonfc.cz\/","name":"Official Czech &amp; Slovak Everton Supporters&#039; Club","description":"","publisher":{"@id":"https:\/\/evertonfc.cz\/#organization"},"potentialAction":[{"@type":"SearchAction","target":{"@type":"EntryPoint","urlTemplate":"https:\/\/evertonfc.cz\/?s={search_term_string}"},"query-input":{"@type":"PropertyValueSpecification","valueRequired":true,"valueName":"search_term_string"}}],"inLanguage":"cs"},{"@type":"Organization","@id":"https:\/\/evertonfc.cz\/#organization","name":"Official Czech & Slovak Everton Supporters' Club","url":"https:\/\/evertonfc.cz\/","logo":{"@type":"ImageObject","inLanguage":"cs","@id":"https:\/\/evertonfc.cz\/#\/schema\/logo\/image\/","url":"https:\/\/evertonfc.cz\/wp-content\/uploads\/2019\/05\/logo.png","contentUrl":"https:\/\/evertonfc.cz\/wp-content\/uploads\/2019\/05\/logo.png","width":112,"height":112,"caption":"Official Czech & Slovak Everton Supporters' Club"},"image":{"@id":"https:\/\/evertonfc.cz\/#\/schema\/logo\/image\/"},"sameAs":["https:\/\/www.facebook.com\/everton.fans.cz.sk"]},{"@type":"Person","@id":"https:\/\/evertonfc.cz\/#\/schema\/person\/f7a5daedb2ffee98480bc70e191aaef1","name":"Ri\u010di","sameAs":["https:\/\/x.com\/rbrejsa"],"url":"https:\/\/evertonfc.cz\/index.php\/author\/rici\/"}]}},"_links":{"self":[{"href":"https:\/\/evertonfc.cz\/index.php\/wp-json\/wp\/v2\/posts\/9397"}],"collection":[{"href":"https:\/\/evertonfc.cz\/index.php\/wp-json\/wp\/v2\/posts"}],"about":[{"href":"https:\/\/evertonfc.cz\/index.php\/wp-json\/wp\/v2\/types\/post"}],"author":[{"embeddable":true,"href":"https:\/\/evertonfc.cz\/index.php\/wp-json\/wp\/v2\/users\/6"}],"replies":[{"embeddable":true,"href":"https:\/\/evertonfc.cz\/index.php\/wp-json\/wp\/v2\/comments?post=9397"}],"version-history":[{"count":8,"href":"https:\/\/evertonfc.cz\/index.php\/wp-json\/wp\/v2\/posts\/9397\/revisions"}],"predecessor-version":[{"id":9407,"href":"https:\/\/evertonfc.cz\/index.php\/wp-json\/wp\/v2\/posts\/9397\/revisions\/9407"}],"wp:featuredmedia":[{"embeddable":true,"href":"https:\/\/evertonfc.cz\/index.php\/wp-json\/wp\/v2\/media\/9396"}],"wp:attachment":[{"href":"https:\/\/evertonfc.cz\/index.php\/wp-json\/wp\/v2\/media?parent=9397"}],"wp:term":[{"taxonomy":"category","embeddable":true,"href":"https:\/\/evertonfc.cz\/index.php\/wp-json\/wp\/v2\/categories?post=9397"},{"taxonomy":"post_tag","embeddable":true,"href":"https:\/\/evertonfc.cz\/index.php\/wp-json\/wp\/v2\/tags?post=9397"}],"curies":[{"name":"wp","href":"https:\/\/api.w.org\/{rel}","templated":true}]}}