{"id":9414,"date":"2019-09-27T23:02:25","date_gmt":"2019-09-27T21:02:25","guid":{"rendered":"https:\/\/evertonfc.cz\/?p=9414"},"modified":"2021-02-17T15:54:39","modified_gmt":"2021-02-17T14:54:39","slug":"preview-everton-manchester-city-11","status":"publish","type":"post","link":"https:\/\/evertonfc.cz\/index.php\/2019\/09\/27\/preview-everton-manchester-city-11\/","title":{"rendered":"Preview: Everton \u2013 Manchester City"},"content":{"rendered":"<h4><span lang=\"SK\">Meranie s\u00edl s \u00faraduj\u00facim majstrom v\u017edy prin\u00e1\u0161a negat\u00edvne predpoklady. Na ich nenaplnenie si bud\u00fa musie\u0165 Karamelky, spolu s mana\u017e\u00e9rom, siahnu\u0165 na dno svojich s\u00edl.<\/span><\/h4>\n<p>Everton sa po depres\u00edvnych ligov\u00fdch kol\u00e1ch takpovediac naladil v\u00a0ligovom poh\u00e1ri sp\u00e4\u0165 na z\u00e1\u017eitky, produkuj\u00face endorf\u00edny. V\u00fdhra 2:0 na p\u00f4de Sheffieldu Wednesday ale proti Manchesteru City ni\u010d neznamen\u00e1. Ako\u017ee v\u00f4bec ni\u010d. Man\u0161aft st\u00e1le trp\u00ed stratami Gbamina a\u00a0Gomesa, ktor\u00fdch pl\u00e1novan\u00fd n\u00e1vrat sa st\u00e1le pos\u00fava. V\u00a0pr\u00edpade Portugal\u010dana, st\u00e1le tr\u00e9nuj\u00faceho samostatne, hovor\u00edme o\u00a0n\u00e1vrate a\u017e po reprezenta\u010dnej prest\u00e1vke.<\/p>\n<p>Akoby to nesta\u010dilo, mana\u017e\u00e9r sa blysol perli\u010dkou o\u00a0neo\u010dak\u00e1van\u00ed prehry so sheffieldsk\u00fdm United. Uff&#8230; \u010do na to poveda\u0165? Futbal sa bohu\u017eia\u013e nevyv\u00edja pod\u013ea o\u010dak\u00e1van\u00ed, tak\u017ee ak tento pr\u00edstup nezmen\u00edme, mo\u017eno nad\u00edde \u010das na paniku, ktor\u00fa skor\u00fd poh\u013ead na tabu\u013eku vyvol\u00e1va. Prejdime teda na s\u00fapera. Na Evertone moment\u00e1lne niet \u010do obdivova\u0165.<\/p>\n<h4><strong><em>Pep\u00b4s Blue Moon<\/em><\/strong><\/h4>\n<p>Ke\u010f sa na prelome dev\u00e4\u0165desiatych rokov za\u010dala na trib\u00fanach takzvan\u00e9ho \u201eWembley severu\u201c spieva\u0165 t\u00e1to ikonick\u00e1 medzivojnov\u00e1 pesni\u010dka, asi e\u0161te nikto netu\u0161il, \u017ee sa stane lep\u0161ou a\u00a0v\u00fdsti\u017enej\u0161ou hymnou pre Cityzens, ne\u017e ke\u010f sa spievala a spieva v\u00a0t\u00e1bore Crewe Alexandra. Nu\u017e, fan\u00fa\u0161ik mieni a\u00a0Pep men\u00ed.<\/p>\n<p>D\u00f4kaz o genialite tohto \u0160paniela je nespochybnite\u013en\u00fd a n\u00e1jdete ho v ka\u017edom klube, v ktorom p\u00f4sobil, v podobe instantn\u00e9ho \u00faspechu sprev\u00e1dzaj\u00faceho takmer tot\u00e1lnu dominanciu. Tri ligov\u00e9 tituly s Barcelonou v rade, rovnak\u00e1 kadencia v mn\u00edchovskom Bayerne a ten ist\u00fd recept sa sna\u017e\u00ed uplatni\u0165 aj na britskej p\u00f4de.<\/p>\n<p>K\u00a0anglick\u00e9mu hattricku mu ch\u00fdba e\u0161te jedna bezchybn\u00e1 sez\u00f3na, ktor\u00e1 jeho a\u00a0modr\u00fd Manchester st\u00e1le m\u00f4\u017ee dosta\u0165 na m\u00e9tu 300 bodov. Preto\u017ee za posledn\u00e9 dve korunov\u00e1cie ich nazbierali rekordn\u00fdch 198. A to ako prv\u00fd t\u00edm Premier League v\u00a0tejto dek\u00e1de, ktor\u00fd dok\u00e1zal titul obh\u00e1ji\u0165. Tento ro\u010dn\u00edk sa nehovor\u00ed o\u00a0ni\u010dom inom.<\/p>\n<p>S\u00e1m Guardiola sa nechal po\u010du\u0165, \u017ee sa e\u0161te zlep\u0161ia a\u00a0bud\u00fa silnej\u0161\u00ed ne\u017e predt\u00fdm. D\u00e1 sa to v\u00f4bec e\u0161te? Samozrejme, nedobytn\u00e1 trofej posledn\u00fdch rokov ost\u00e1va pre Pepa Liga majstrov. T\u00fa sa mu nepodarilo z\u00edska\u0165 ani v\u00a0Bayerne, a\u00a0so Cityzens sa tr\u00e1pi tie\u017e. Ale bada\u0165 progres, ktor\u00fd nejav\u00ed zn\u00e1mky zastavenia. U\u017e od \u00favodnej sez\u00f3ny v\u00a0bledomodrej.<\/p>\n<p>T\u00fa zakon\u010dil po prv\u00fdkr\u00e1t vo svojom mana\u017e\u00e9rskom povolan\u00ed bez trofeje. Zakr\u00e1tko v\u0161ak veci oto\u010dil o 180\u00b0. Potom, \u010do premenil zdeden\u00fd a\u00a0zostarnut\u00fd k\u00e1der na v\u00fdkladn\u00fa skri\u0148u prekypuj\u00facich talentov, pri\u0161la hegem\u00f3nia v\u00ed\u0165aznej mentality, pretaven\u00e1 do double a vlani treble. Len \u0161tvrt\u00e1 odmena akosi st\u00e1le viazne, ironicky, v\u00a0\u0161tvr\u0165fin\u00e1le.<\/p>\n<p>Odhliadnuc od tohto detailu, zvy\u0161ok je vskutku \u00fa\u017easn\u00fd po\u010din, pre ktor\u00fd laici aj odborn\u00edci nach\u00e1dzaj\u00fa ve\u013ea superlat\u00edvov. Ako je to ale mo\u017en\u00e9? V\u00a0\u010dom spo\u010d\u00edva to k\u00fazlo? Ist\u00fd Jos\u00e9 Mourinho v auguste povedal, \u017ee kandid\u00e1ti na vavr\u00edny s\u00fa \u0161tyria: \u201eMan City, Tottenham, Liverpool a\u00a0B-t\u00edm Man City.\u201c Mo\u017eno ani s\u00e1m nevedel, ak\u00fa mal pravdu.<\/p>\n<h4>Manchester City<sup>2<\/sup><\/h4>\n<p>Pravdepodobne najv\u00e4\u010d\u0161ia zbra\u0148 Guardiolu, je h\u013abka k\u00e1dra, ktor\u00fd m\u00e1 k\u00a0dispoz\u00edcii a\u00a0na ktorej neust\u00e1le pracuje. Ku pr\u00edkladu, k\u00a0mu\u017estvu sa neprid\u00e1 hr\u00e1\u010d, ktor\u00fd okam\u017eite nem\u00f4\u017ee posadi\u0165 s\u00fa\u010dasn\u00fa konkurenciu. Ak sa aj v\u00a0k\u00e1dri tak\u00fd n\u00e1jde, pracuje sa na jeho slabin\u00e1ch, alebo sa h\u013ead\u00e1 lep\u0161ie vyu\u017eitie jeho schopnost\u00ed.<\/p>\n<p>Delph, preroben\u00fd \u013eav\u00fd obranca, p\u00f4vodne priveden\u00fd pre limit odchovancov. Sterling, nekonzistentn\u00fd kr\u00eddeln\u00edk, teraz smrtiaci pred\u00e1tor vo v\u00e1pne, snoriaci po klinick\u00fdch dor\u00e1\u017ekach. To v\u0161etko a\u00a0e\u0161te viac sved\u010d\u00ed o\u00a0detailnej pr\u00e1ci a\u00a0ne\u00fanavnom odhodlan\u00ed vy\u0165a\u017ei\u0165 \u010do najviac z\u00a0ka\u017ed\u00e9ho. Ni\u010d a\u00a0nikto nem\u00f4\u017ee vyjs\u0165 nazmar.<\/p>\n<p>Ve\u013ek\u00fd d\u00f4raz sa kladie aj na vekov\u00fd priemer hr\u00e1\u010dov s\u00a0v\u00fdkonnostn\u00fdm vrcholom, \u010do si ve\u013ea klubov v\u00f4bec ani neuvedomuje. Jadro t\u00edmu, vekovo v\u00a0rozmedz\u00ed 22 a\u017e 27 rokov, v\u00e1m poskytne dlhodob\u00fd potenci\u00e1l udr\u017eate\u013en\u00e9ho \u0161tandardu. A\u00a0ten je v\u00a0tomto pr\u00edpade nastaven\u00fd skuto\u010dne vysoko. U\u017e teraz s\u00fa identifikovan\u00e9 n\u00e1hrady za starn\u00facu gener\u00e1ciu.<\/p>\n<p>Niektor\u00e9 u\u017e dokonca figuruj\u00fa na s\u00fapiske a\u00a0predv\u00e1dzaj\u00fa svoje schopnosti na ihrisku. A\u00a0nikto z\u00a0nich ani na chv\u00ed\u013eu nespust\u00ed z\u00a0nastavenej latky. Pre\u010do? S\u00fa motivovan\u00ed psychologick\u00fdm efektom nepo\u013eavenia. V\u00a0tretej sez\u00f3ne u\u017e nen\u00e1jdete hr\u00e1\u010da, ktor\u00e9ho by Guardiola nechcel. Je to u\u017e kompletne jeho mu\u017estvo. Term\u00edn rot\u00e1cia v\u00a0tomto pr\u00edpade naber\u00e1 nov\u00fd rozmer.<\/p>\n<p>Ako v\u0161ak uspokoj\u00edte k\u00e1der pln\u00fd hviezd? Slovami? Asi \u0165a\u017eko. Od janu\u00e1rovej prehry so Strakami odohrali Cityzens \u010fal\u0161\u00edch 15 z\u00e1pasov a ani v\u00a0jedinom neposlali na ihrisku rovnak\u00fa zostavu. V\u00fdsledok? Ani jedna prehra, ani jedna rem\u00edza. Ka\u017ed\u00fd vie, \u017ee v\u00a0pr\u00edpade zn\u00ed\u017eenia vy\u017eadovan\u00fdch \u0161tandardov bude okam\u017eite nahraden\u00fd.<\/p>\n<p>D\u00e1 sa v\u00f4bec porazi\u0165 tak\u00fdto stroj? Norwich u\u017e na\u0161iel odpove\u010f. Slabinu, ktor\u00e1 vznikla po neo\u010dak\u00e1vanom zranen\u00ed Laporteho, a\u00a0pokra\u010duje vyraden\u00edm Stonesa minim\u00e1lne do konca okt\u00f3bra. City ostal zdrav\u00fd jedin\u00fd stop\u00e9r, Otamendi. Reakcia? Fernandinho, 34 ro\u010dn\u00fd defenz\u00edvny z\u00e1lo\u017en\u00edk, preraden\u00fd do stredu obrany.<\/p>\n<p>Pozor, nem\u00fdli\u0165 sa! V\u00a0encyklop\u00e9dii \u0161panielskeho m\u00e1ga ide o\u00a0brilantn\u00fd krok, ktor\u00fd v\u00a0nasleduj\u00facich dvoch z\u00e1pasoch priniesol sk\u00f3re 11:0. Rovnako si poradili minul\u00fa sez\u00f3nu s dlhodobou absenciou De Bruyneho a t\u00fato so San\u00e9m. Op\u00e4\u0165 len d\u00f4kaz, \u017ee s\u00e9riov\u00fd v\u00ed\u0165az z Etihad n\u00e1m to zajtra, ani Liverpoolu v boji o\u00a0titul, v\u00f4bec neu\u013eah\u010d\u00ed.<\/p>\n<h3 style=\"text-align: center;\"><span style=\"color: #3366ff;\"><strong><em>Up The Toffees !!!<\/em><\/strong><\/span><\/h3>\n<hr \/>\n<p><strong>\u010co:<\/strong> Everton FC &#8211; Manchester City FC, 7. kolo Premier League<br \/>\n<strong>Kedy:<\/strong> 28.9. 2019 od 18:30 SE\u010c<br \/>\n<strong>Ako: <\/strong>Premier Sport, priamy prenos<br \/>\n<strong>Kde:<\/strong> Goodison Park \u2013 Goodison Rd, Liverpool L4 4EL (kapacita: 39 572)<br \/>\n<strong>Rozhodca:<\/strong> M. Oliver <strong>Asistenti:<\/strong> S. Burt, D. Robathan <strong>\u0160tvrt\u00fd rozhodca:<\/strong> C. Pawson<br \/>\n<strong>VAR: <\/strong>Chris Kavanagh <strong>Asistent VAR: <\/strong>Andy Halliday<\/p>\n","protected":false},"excerpt":{"rendered":"<p>Meranie s\u00edl s \u00faraduj\u00facim majstrom v\u017edy prin\u00e1\u0161a negat\u00edvne predpoklady. Na ich nenaplnenie si bud\u00fa musie\u0165 Karamelky, spolu s mana\u017e\u00e9rom, siahnu\u0165 na dno svojich s\u00edl.<\/p>\n","protected":false},"author":1,"featured_media":13482,"comment_status":"open","ping_status":"closed","sticky":false,"template":"","format":"standard","meta":{"_eb_attr":"","_monsterinsights_skip_tracking":false,"_monsterinsights_sitenote_active":false,"_monsterinsights_sitenote_note":"","_monsterinsights_sitenote_category":0,"footnotes":""},"categories":[4],"tags":[],"yoast_head":"<!-- This site is optimized with the Yoast SEO plugin v23.4 - https:\/\/yoast.com\/wordpress\/plugins\/seo\/ -->\n<title>Preview: Everton \u2013 Manchester City - Official Czech &amp; Slovak Everton Supporters&#039; Club<\/title>\n<meta name=\"robots\" content=\"index, follow, max-snippet:-1, max-image-preview:large, max-video-preview:-1\" \/>\n<link rel=\"canonical\" href=\"https:\/\/evertonfc.cz\/index.php\/2019\/09\/27\/preview-everton-manchester-city-11\/\" \/>\n<meta property=\"og:locale\" content=\"cs_CZ\" \/>\n<meta property=\"og:type\" content=\"article\" \/>\n<meta property=\"og:title\" content=\"Preview: Everton \u2013 Manchester City - Official Czech &amp; Slovak Everton Supporters&#039; Club\" \/>\n<meta property=\"og:description\" content=\"Meranie s\u00edl s \u00faraduj\u00facim majstrom v\u017edy prin\u00e1\u0161a negat\u00edvne predpoklady. Na ich nenaplnenie si bud\u00fa musie\u0165 Karamelky, spolu s mana\u017e\u00e9rom, siahnu\u0165 na dno svojich s\u00edl.\" \/>\n<meta property=\"og:url\" content=\"https:\/\/evertonfc.cz\/index.php\/2019\/09\/27\/preview-everton-manchester-city-11\/\" \/>\n<meta property=\"og:site_name\" content=\"Official Czech &amp; Slovak Everton Supporters&#039; Club\" \/>\n<meta property=\"article:publisher\" content=\"https:\/\/www.facebook.com\/everton.fans.cz.sk\" \/>\n<meta property=\"article:published_time\" content=\"2019-09-27T21:02:25+00:00\" \/>\n<meta property=\"article:modified_time\" content=\"2021-02-17T14:54:39+00:00\" \/>\n<meta property=\"og:image\" content=\"https:\/\/evertonfc.cz\/wp-content\/uploads\/2021\/01\/Everton-VS-Manchester-City.jpg\" \/>\n\t<meta property=\"og:image:width\" content=\"720\" \/>\n\t<meta property=\"og:image:height\" content=\"405\" \/>\n\t<meta property=\"og:image:type\" content=\"image\/jpeg\" \/>\n<meta name=\"author\" content=\"BlueBlooded\" \/>\n<meta name=\"twitter:card\" content=\"summary_large_image\" \/>\n<meta name=\"twitter:label1\" content=\"Napsal(a)\" \/>\n\t<meta name=\"twitter:data1\" content=\"BlueBlooded\" \/>\n\t<meta name=\"twitter:label2\" content=\"Odhadovan\u00e1 doba \u010dten\u00ed\" \/>\n\t<meta name=\"twitter:data2\" content=\"4 minuty\" \/>\n<script type=\"application\/ld+json\" class=\"yoast-schema-graph\">{\"@context\":\"https:\/\/schema.org\",\"@graph\":[{\"@type\":\"Article\",\"@id\":\"https:\/\/evertonfc.cz\/index.php\/2019\/09\/27\/preview-everton-manchester-city-11\/#article\",\"isPartOf\":{\"@id\":\"https:\/\/evertonfc.cz\/index.php\/2019\/09\/27\/preview-everton-manchester-city-11\/\"},\"author\":{\"name\":\"BlueBlooded\",\"@id\":\"https:\/\/evertonfc.cz\/#\/schema\/person\/d4493b8cbea51532597fbc4685698916\"},\"headline\":\"Preview: Everton \u2013 Manchester City\",\"datePublished\":\"2019-09-27T21:02:25+00:00\",\"dateModified\":\"2021-02-17T14:54:39+00:00\",\"mainEntityOfPage\":{\"@id\":\"https:\/\/evertonfc.cz\/index.php\/2019\/09\/27\/preview-everton-manchester-city-11\/\"},\"wordCount\":1067,\"commentCount\":8,\"publisher\":{\"@id\":\"https:\/\/evertonfc.cz\/#organization\"},\"image\":{\"@id\":\"https:\/\/evertonfc.cz\/index.php\/2019\/09\/27\/preview-everton-manchester-city-11\/#primaryimage\"},\"thumbnailUrl\":\"https:\/\/evertonfc.cz\/wp-content\/uploads\/2021\/01\/Everton-VS-Manchester-City.jpg\",\"articleSection\":[\"Z\u00e1pasy\"],\"inLanguage\":\"cs\",\"potentialAction\":[{\"@type\":\"CommentAction\",\"name\":\"Comment\",\"target\":[\"https:\/\/evertonfc.cz\/index.php\/2019\/09\/27\/preview-everton-manchester-city-11\/#respond\"]}]},{\"@type\":\"WebPage\",\"@id\":\"https:\/\/evertonfc.cz\/index.php\/2019\/09\/27\/preview-everton-manchester-city-11\/\",\"url\":\"https:\/\/evertonfc.cz\/index.php\/2019\/09\/27\/preview-everton-manchester-city-11\/\",\"name\":\"Preview: Everton \u2013 Manchester City - Official Czech &amp; Slovak Everton Supporters&#039; Club\",\"isPartOf\":{\"@id\":\"https:\/\/evertonfc.cz\/#website\"},\"primaryImageOfPage\":{\"@id\":\"https:\/\/evertonfc.cz\/index.php\/2019\/09\/27\/preview-everton-manchester-city-11\/#primaryimage\"},\"image\":{\"@id\":\"https:\/\/evertonfc.cz\/index.php\/2019\/09\/27\/preview-everton-manchester-city-11\/#primaryimage\"},\"thumbnailUrl\":\"https:\/\/evertonfc.cz\/wp-content\/uploads\/2021\/01\/Everton-VS-Manchester-City.jpg\",\"datePublished\":\"2019-09-27T21:02:25+00:00\",\"dateModified\":\"2021-02-17T14:54:39+00:00\",\"breadcrumb\":{\"@id\":\"https:\/\/evertonfc.cz\/index.php\/2019\/09\/27\/preview-everton-manchester-city-11\/#breadcrumb\"},\"inLanguage\":\"cs\",\"potentialAction\":[{\"@type\":\"ReadAction\",\"target\":[\"https:\/\/evertonfc.cz\/index.php\/2019\/09\/27\/preview-everton-manchester-city-11\/\"]}]},{\"@type\":\"ImageObject\",\"inLanguage\":\"cs\",\"@id\":\"https:\/\/evertonfc.cz\/index.php\/2019\/09\/27\/preview-everton-manchester-city-11\/#primaryimage\",\"url\":\"https:\/\/evertonfc.cz\/wp-content\/uploads\/2021\/01\/Everton-VS-Manchester-City.jpg\",\"contentUrl\":\"https:\/\/evertonfc.cz\/wp-content\/uploads\/2021\/01\/Everton-VS-Manchester-City.jpg\",\"width\":720,\"height\":405},{\"@type\":\"BreadcrumbList\",\"@id\":\"https:\/\/evertonfc.cz\/index.php\/2019\/09\/27\/preview-everton-manchester-city-11\/#breadcrumb\",\"itemListElement\":[{\"@type\":\"ListItem\",\"position\":1,\"name\":\"Home\",\"item\":\"https:\/\/evertonfc.cz\/\"},{\"@type\":\"ListItem\",\"position\":2,\"name\":\"Preview: Everton \u2013 Manchester City\"}]},{\"@type\":\"WebSite\",\"@id\":\"https:\/\/evertonfc.cz\/#website\",\"url\":\"https:\/\/evertonfc.cz\/\",\"name\":\"Official Czech &amp; Slovak Everton Supporters&#039; Club\",\"description\":\"\",\"publisher\":{\"@id\":\"https:\/\/evertonfc.cz\/#organization\"},\"potentialAction\":[{\"@type\":\"SearchAction\",\"target\":{\"@type\":\"EntryPoint\",\"urlTemplate\":\"https:\/\/evertonfc.cz\/?s={search_term_string}\"},\"query-input\":{\"@type\":\"PropertyValueSpecification\",\"valueRequired\":true,\"valueName\":\"search_term_string\"}}],\"inLanguage\":\"cs\"},{\"@type\":\"Organization\",\"@id\":\"https:\/\/evertonfc.cz\/#organization\",\"name\":\"Official Czech & Slovak Everton Supporters' Club\",\"url\":\"https:\/\/evertonfc.cz\/\",\"logo\":{\"@type\":\"ImageObject\",\"inLanguage\":\"cs\",\"@id\":\"https:\/\/evertonfc.cz\/#\/schema\/logo\/image\/\",\"url\":\"https:\/\/evertonfc.cz\/wp-content\/uploads\/2019\/05\/logo.png\",\"contentUrl\":\"https:\/\/evertonfc.cz\/wp-content\/uploads\/2019\/05\/logo.png\",\"width\":112,\"height\":112,\"caption\":\"Official Czech & Slovak Everton Supporters' Club\"},\"image\":{\"@id\":\"https:\/\/evertonfc.cz\/#\/schema\/logo\/image\/\"},\"sameAs\":[\"https:\/\/www.facebook.com\/everton.fans.cz.sk\"]},{\"@type\":\"Person\",\"@id\":\"https:\/\/evertonfc.cz\/#\/schema\/person\/d4493b8cbea51532597fbc4685698916\",\"name\":\"BlueBlooded\",\"url\":\"https:\/\/evertonfc.cz\/index.php\/author\/admin\/\"}]}<\/script>\n<!-- \/ Yoast SEO plugin. -->","yoast_head_json":{"title":"Preview: Everton \u2013 Manchester City - Official Czech &amp; Slovak Everton Supporters&#039; Club","robots":{"index":"index","follow":"follow","max-snippet":"max-snippet:-1","max-image-preview":"max-image-preview:large","max-video-preview":"max-video-preview:-1"},"canonical":"https:\/\/evertonfc.cz\/index.php\/2019\/09\/27\/preview-everton-manchester-city-11\/","og_locale":"cs_CZ","og_type":"article","og_title":"Preview: Everton \u2013 Manchester City - Official Czech &amp; Slovak Everton Supporters&#039; Club","og_description":"Meranie s\u00edl s \u00faraduj\u00facim majstrom v\u017edy prin\u00e1\u0161a negat\u00edvne predpoklady. Na ich nenaplnenie si bud\u00fa musie\u0165 Karamelky, spolu s mana\u017e\u00e9rom, siahnu\u0165 na dno svojich s\u00edl.","og_url":"https:\/\/evertonfc.cz\/index.php\/2019\/09\/27\/preview-everton-manchester-city-11\/","og_site_name":"Official Czech &amp; Slovak Everton Supporters&#039; Club","article_publisher":"https:\/\/www.facebook.com\/everton.fans.cz.sk","article_published_time":"2019-09-27T21:02:25+00:00","article_modified_time":"2021-02-17T14:54:39+00:00","og_image":[{"width":720,"height":405,"url":"https:\/\/evertonfc.cz\/wp-content\/uploads\/2021\/01\/Everton-VS-Manchester-City.jpg","type":"image\/jpeg"}],"author":"BlueBlooded","twitter_card":"summary_large_image","twitter_misc":{"Napsal(a)":"BlueBlooded","Odhadovan\u00e1 doba \u010dten\u00ed":"4 minuty"},"schema":{"@context":"https:\/\/schema.org","@graph":[{"@type":"Article","@id":"https:\/\/evertonfc.cz\/index.php\/2019\/09\/27\/preview-everton-manchester-city-11\/#article","isPartOf":{"@id":"https:\/\/evertonfc.cz\/index.php\/2019\/09\/27\/preview-everton-manchester-city-11\/"},"author":{"name":"BlueBlooded","@id":"https:\/\/evertonfc.cz\/#\/schema\/person\/d4493b8cbea51532597fbc4685698916"},"headline":"Preview: Everton \u2013 Manchester City","datePublished":"2019-09-27T21:02:25+00:00","dateModified":"2021-02-17T14:54:39+00:00","mainEntityOfPage":{"@id":"https:\/\/evertonfc.cz\/index.php\/2019\/09\/27\/preview-everton-manchester-city-11\/"},"wordCount":1067,"commentCount":8,"publisher":{"@id":"https:\/\/evertonfc.cz\/#organization"},"image":{"@id":"https:\/\/evertonfc.cz\/index.php\/2019\/09\/27\/preview-everton-manchester-city-11\/#primaryimage"},"thumbnailUrl":"https:\/\/evertonfc.cz\/wp-content\/uploads\/2021\/01\/Everton-VS-Manchester-City.jpg","articleSection":["Z\u00e1pasy"],"inLanguage":"cs","potentialAction":[{"@type":"CommentAction","name":"Comment","target":["https:\/\/evertonfc.cz\/index.php\/2019\/09\/27\/preview-everton-manchester-city-11\/#respond"]}]},{"@type":"WebPage","@id":"https:\/\/evertonfc.cz\/index.php\/2019\/09\/27\/preview-everton-manchester-city-11\/","url":"https:\/\/evertonfc.cz\/index.php\/2019\/09\/27\/preview-everton-manchester-city-11\/","name":"Preview: Everton \u2013 Manchester City - Official Czech &amp; Slovak Everton Supporters&#039; Club","isPartOf":{"@id":"https:\/\/evertonfc.cz\/#website"},"primaryImageOfPage":{"@id":"https:\/\/evertonfc.cz\/index.php\/2019\/09\/27\/preview-everton-manchester-city-11\/#primaryimage"},"image":{"@id":"https:\/\/evertonfc.cz\/index.php\/2019\/09\/27\/preview-everton-manchester-city-11\/#primaryimage"},"thumbnailUrl":"https:\/\/evertonfc.cz\/wp-content\/uploads\/2021\/01\/Everton-VS-Manchester-City.jpg","datePublished":"2019-09-27T21:02:25+00:00","dateModified":"2021-02-17T14:54:39+00:00","breadcrumb":{"@id":"https:\/\/evertonfc.cz\/index.php\/2019\/09\/27\/preview-everton-manchester-city-11\/#breadcrumb"},"inLanguage":"cs","potentialAction":[{"@type":"ReadAction","target":["https:\/\/evertonfc.cz\/index.php\/2019\/09\/27\/preview-everton-manchester-city-11\/"]}]},{"@type":"ImageObject","inLanguage":"cs","@id":"https:\/\/evertonfc.cz\/index.php\/2019\/09\/27\/preview-everton-manchester-city-11\/#primaryimage","url":"https:\/\/evertonfc.cz\/wp-content\/uploads\/2021\/01\/Everton-VS-Manchester-City.jpg","contentUrl":"https:\/\/evertonfc.cz\/wp-content\/uploads\/2021\/01\/Everton-VS-Manchester-City.jpg","width":720,"height":405},{"@type":"BreadcrumbList","@id":"https:\/\/evertonfc.cz\/index.php\/2019\/09\/27\/preview-everton-manchester-city-11\/#breadcrumb","itemListElement":[{"@type":"ListItem","position":1,"name":"Home","item":"https:\/\/evertonfc.cz\/"},{"@type":"ListItem","position":2,"name":"Preview: Everton \u2013 Manchester City"}]},{"@type":"WebSite","@id":"https:\/\/evertonfc.cz\/#website","url":"https:\/\/evertonfc.cz\/","name":"Official Czech &amp; Slovak Everton Supporters&#039; Club","description":"","publisher":{"@id":"https:\/\/evertonfc.cz\/#organization"},"potentialAction":[{"@type":"SearchAction","target":{"@type":"EntryPoint","urlTemplate":"https:\/\/evertonfc.cz\/?s={search_term_string}"},"query-input":{"@type":"PropertyValueSpecification","valueRequired":true,"valueName":"search_term_string"}}],"inLanguage":"cs"},{"@type":"Organization","@id":"https:\/\/evertonfc.cz\/#organization","name":"Official Czech & Slovak Everton Supporters' Club","url":"https:\/\/evertonfc.cz\/","logo":{"@type":"ImageObject","inLanguage":"cs","@id":"https:\/\/evertonfc.cz\/#\/schema\/logo\/image\/","url":"https:\/\/evertonfc.cz\/wp-content\/uploads\/2019\/05\/logo.png","contentUrl":"https:\/\/evertonfc.cz\/wp-content\/uploads\/2019\/05\/logo.png","width":112,"height":112,"caption":"Official Czech & Slovak Everton Supporters' Club"},"image":{"@id":"https:\/\/evertonfc.cz\/#\/schema\/logo\/image\/"},"sameAs":["https:\/\/www.facebook.com\/everton.fans.cz.sk"]},{"@type":"Person","@id":"https:\/\/evertonfc.cz\/#\/schema\/person\/d4493b8cbea51532597fbc4685698916","name":"BlueBlooded","url":"https:\/\/evertonfc.cz\/index.php\/author\/admin\/"}]}},"_links":{"self":[{"href":"https:\/\/evertonfc.cz\/index.php\/wp-json\/wp\/v2\/posts\/9414"}],"collection":[{"href":"https:\/\/evertonfc.cz\/index.php\/wp-json\/wp\/v2\/posts"}],"about":[{"href":"https:\/\/evertonfc.cz\/index.php\/wp-json\/wp\/v2\/types\/post"}],"author":[{"embeddable":true,"href":"https:\/\/evertonfc.cz\/index.php\/wp-json\/wp\/v2\/users\/1"}],"replies":[{"embeddable":true,"href":"https:\/\/evertonfc.cz\/index.php\/wp-json\/wp\/v2\/comments?post=9414"}],"version-history":[{"count":6,"href":"https:\/\/evertonfc.cz\/index.php\/wp-json\/wp\/v2\/posts\/9414\/revisions"}],"predecessor-version":[{"id":14184,"href":"https:\/\/evertonfc.cz\/index.php\/wp-json\/wp\/v2\/posts\/9414\/revisions\/14184"}],"wp:featuredmedia":[{"embeddable":true,"href":"https:\/\/evertonfc.cz\/index.php\/wp-json\/wp\/v2\/media\/13482"}],"wp:attachment":[{"href":"https:\/\/evertonfc.cz\/index.php\/wp-json\/wp\/v2\/media?parent=9414"}],"wp:term":[{"taxonomy":"category","embeddable":true,"href":"https:\/\/evertonfc.cz\/index.php\/wp-json\/wp\/v2\/categories?post=9414"},{"taxonomy":"post_tag","embeddable":true,"href":"https:\/\/evertonfc.cz\/index.php\/wp-json\/wp\/v2\/tags?post=9414"}],"curies":[{"name":"wp","href":"https:\/\/api.w.org\/{rel}","templated":true}]}}