{"id":9420,"date":"2019-09-30T18:18:48","date_gmt":"2019-09-30T16:18:48","guid":{"rendered":"https:\/\/evertonfc.cz\/?p=9420"},"modified":"2019-09-30T19:05:58","modified_gmt":"2019-09-30T17:05:58","slug":"everton-manchester-city-1-3-28-9-2019","status":"publish","type":"post","link":"https:\/\/evertonfc.cz\/index.php\/2019\/09\/30\/everton-manchester-city-1-3-28-9-2019\/","title":{"rendered":"Everton &#8211; Manchester City 1:3"},"content":{"rendered":"<h4>Konala se o\u010dek\u00e1van\u00e1 prohra, ale na v\u00fdkon se tentokr\u00e1t dalo d\u00edvat.<\/h4>\n<p>Start Walcotta v z\u00e1kladn\u00ed sestav\u011b se ne\u010dekal, zaujala t\u00e9\u017e absence obou Silv\u016f a Ag\u00fcera v \u00favodn\u00ed jeden\u00e1ctce host\u016f. Od za\u010d\u00e1tku ma\u010de se odv\u00edjel o\u010dek\u00e1van\u00fd sc\u00e9n\u00e1\u0159 &#8211; host\u00e9 tla\u010d\u00ed, dom\u00e1c\u00ed se br\u00e1n\u00ed. Co se u\u017e tak ne\u010dekalo, byl fakt, \u017ee i Everton m\u011bl slu\u0161n\u00e9 p\u0159\u00edle\u017eitosti. Pickforda hned prov\u011b\u0159il st\u0159elou zpoza v\u00e1pna Mahrez, o n\u011bkolik minut pozd\u011bji dohr\u00e1l Walcott. Dostal prudk\u00fd centr od Sterlinga z n\u011bkolika metr\u016f do hlavy a zjevn\u011b ot\u0159esen\u00fd pokra\u010dovat nemohl, vyst\u0159\u00eddal ho Iwobi. A do sout\u011b\u017ee o neprom\u011bn\u011bnou \u0161anci sez\u00f3ny se p\u0159ihl\u00e1sil G\u00fcndo\u011fan. St\u0159\u00edlen\u00fd centr aktivn\u00edho Mahreze zvl\u00e1dl nap\u00e1lit ze t\u0159\u00ed metr\u016f p\u0159ed pr\u00e1zdnou brankou jen do b\u0159evna. Everton odpov\u011bd\u011bl st\u0159elou Digneho z trest\u0148\u00e1ku nad b\u0159evno, n\u00e1sledn\u011b p\u011bkn\u011b p\u0159ihr\u00e1l Sigurdssonovi, jeho slu\u0161nou \u0161anci ale zblokoval obr\u00e1nce.<\/p>\n<p>A jak \u017ee se m\u00e1 ze t\u0159\u00ed metr\u016f zakon\u010dovat? T\u0159eba tak, jak to p\u0159edvedl Gabriel Jesus hlavou po centru De Bruyneho &#8211; <strong>0:1. <\/strong>Komicky vypadal z\u00e1krok Pickforda, kterou cht\u011bl m\u00ed\u010d odkopnout nohama, ale nakonec skon\u010dil u \u00fapln\u011b druh\u00e9 ty\u010de, ne\u017e m\u00ed\u010d. Sigurdsson hr\u00e1l tentokr\u00e1t po n\u011bkolika z\u00e1pasech dob\u0159e, by\u0165 s jeho st\u0159elou doprost\u0159ed branky nem\u011bl Ederson pot\u00ed\u017ee. A kdy\u017e Mahrez op\u011bt neprost\u0159elil Pickforda, tak Everton srovnal. Iwobi uvolnil m\u00edrn\u011b z \u00fahlu Colemana, jeho\u017e st\u0159ela by asi skon\u010dila v s\u00edti, ale pro jistotu ji z metru dorazil do kysny Calvert-Lewin &#8211; <strong>1:1!\u00a0\u00a0<\/strong>Posledn\u00ed p\u011btiminutovka prvn\u00ed p\u016fle pat\u0159ila jednozna\u010dn\u011b dom\u00e1c\u00edm, Sigurdssonovi odsko\u010dil m\u00ed\u010d ve slu\u0161n\u00e9 \u0161anci po p\u0159ihr\u00e1vce Iwobiho. Dal\u0161\u00ed st\u0159elou netrefil branku Gabriel Jesus, tak\u017ee se \u0161lo do kabin za nerozhodn\u00e9ho stavu.<\/p>\n<p>Manchester City se dostal na za\u010d\u00e1tku druh\u00e9 p\u016fle do veden\u00ed, ale jen m\u00e1lem. Co\u017e o to, kombinace De Bruyneho a Mahreze byla p\u011bkn\u00e1, ale na st\u0159ely do bo\u010dn\u00ed s\u00edt\u011b se nehraje. A Everton srovnal i to m\u00e1lem. Po rohu nechali host\u00e9 hlavi\u010dkovat zcela voln\u00e9ho Minu, po jeho\u017e kon\u00ed\u010dku m\u011bl Ederson co d\u011blat, aby vyt\u00e1hl m\u00ed\u010d nad b\u0159evno. V dal\u0161\u00ed velk\u00e9 \u0161anci se ocitl Sterling, ale obst\u0159ely je\u0161t\u011b mus\u00ed potr\u00e9novat, neve\u0161el se s m\u00ed\u010dem do branky. Na sc\u00e9nu tak musel Agu\u00ebro. Krut\u011b Everton pykal za faul Miny. K trest\u0148\u00e1ku se postavil Mahrez a p\u011bkn\u00fdm obst\u0159elem zdi z\u00edskal host\u016fm veden\u00ed &#8211; <strong>1:2.\u00a0<\/strong>Pickford vid\u011bl m\u00ed\u010d pozd\u011b a Delph taky v prodlou\u017een\u00e9 zdi zrovna nepomohl. Tenhle g\u00f3l \u010dapajevovi nevy\u010d\u00edt\u00e1m. Brzy mohlo b\u00fdt srovn\u00e1no, ale nebylo. P\u0159ihr\u00e1vka na DCL p\u011bkn\u00e1, ale i jemu se nepoda\u0159ilo brank\u00e1\u0159e obst\u0159elit, a\u010d byl p\u0159ed n\u00edm s\u00e1m, byl z toho roh. Dal\u0161\u00ed \u0161ance na vyrovn\u00e1n\u00ed byly dokonce dv\u011b. Hlavi\u010dku Miny vy\u0161kr\u00e1bl Ederson jen p\u0159\u00edmo ke Calvertovi-Lewinovi a jeho lev\u00e9 noze chyb\u011bly asi tak 2 cm, aby m\u00ed\u010d t\u0159i metry od branky trefila. Everton tak pykal. St\u0159elu Ag\u00fcera vyrazil Pickford p\u0159\u00edmo ke Sterlingovi, kter\u00fd m\u00ed\u010d volejem poslal odrazem o b\u0159evno za \u010d\u00e1ru &#8211;\u00a0<strong>1:3.\u00a0<\/strong>Toffees tak utrp\u011bli \u010dtvrtou por\u00e1\u017eku z posledn\u00edch p\u011bti ligov\u00fdch z\u00e1pas\u016f.<\/p>\n<p>Kdy\u017e u\u017e prohr\u00e1t, tak po v\u00fdkonu tohoto typu. Nicm\u00e9n\u011b do Burnley se mus\u00ed jet za v\u00edt\u011bzstv\u00edm, jednozna\u010dn\u011b. Osobn\u011b si mysl\u00edm, \u017ee na prohru o dv\u011b branky to nebylo, sp\u00ed\u0161 o g\u00f3l.<\/p>\n<p><strong>Branky:<\/strong> 34. Calvert-Lewin \u2013 24. Gabriel Jesus, 71. Mahr\u00edez, 85. Sterling<\/p>\n<p><strong>Karty:<\/strong> 59. Schneiderlin , 70. Mina\u00a0 \u2013 38. Rodri, 50. Otamendi<\/p>\n<p><strong>Everton FC:<\/strong>\u00a0Pickford \u2013 Coleman, M. Keane, Mina, Digne \u2013 Schneiderlin (81. Davies), Delph \u2013 Walcott (7. Iwobi, 74. Kean), Sigurdsson, Richarlison \u2013 Calvert-Lewin<\/p>\n<p><strong>Manchester City:<\/strong> Ederson \u2013 Walker, Otamendi, Fernandinho, Zin\u010denko \u2013 De Bruyne (80. B. Silva), Rodri, G\u00fcndo\u011fan \u2013 Mahrez, Gabriel Jesus (66. Ag\u00fcero), Sterling<\/p>\n<p><strong>Rozhod\u010d\u00ed:<\/strong> Michael Oliver<\/p>\n<p><strong>Div\u00e1ci: <\/strong>39 222<\/p>\n","protected":false},"excerpt":{"rendered":"<p>Konala se o\u010dek\u00e1van\u00e1 prohra, ale na v\u00fdkon se tentokr\u00e1t dalo d\u00edvat.<\/p>\n","protected":false},"author":12,"featured_media":9424,"comment_status":"open","ping_status":"closed","sticky":false,"template":"","format":"standard","meta":{"_eb_attr":"","_monsterinsights_skip_tracking":false,"_monsterinsights_sitenote_active":false,"_monsterinsights_sitenote_note":"","_monsterinsights_sitenote_category":0,"footnotes":""},"categories":[4],"tags":[],"yoast_head":"<!-- This site is optimized with the Yoast SEO plugin v23.4 - https:\/\/yoast.com\/wordpress\/plugins\/seo\/ -->\n<title>Everton - Manchester City 1:3 - Official Czech &amp; Slovak Everton Supporters&#039; Club<\/title>\n<meta name=\"robots\" content=\"index, follow, max-snippet:-1, max-image-preview:large, max-video-preview:-1\" \/>\n<link rel=\"canonical\" href=\"https:\/\/evertonfc.cz\/index.php\/2019\/09\/30\/everton-manchester-city-1-3-28-9-2019\/\" \/>\n<meta property=\"og:locale\" content=\"cs_CZ\" \/>\n<meta property=\"og:type\" content=\"article\" \/>\n<meta property=\"og:title\" content=\"Everton - Manchester City 1:3 - Official Czech &amp; Slovak Everton Supporters&#039; Club\" \/>\n<meta property=\"og:description\" content=\"Konala se o\u010dek\u00e1van\u00e1 prohra, ale na v\u00fdkon se tentokr\u00e1t dalo d\u00edvat.\" \/>\n<meta property=\"og:url\" content=\"https:\/\/evertonfc.cz\/index.php\/2019\/09\/30\/everton-manchester-city-1-3-28-9-2019\/\" \/>\n<meta property=\"og:site_name\" content=\"Official Czech &amp; Slovak Everton Supporters&#039; Club\" \/>\n<meta property=\"article:publisher\" content=\"https:\/\/www.facebook.com\/everton.fans.cz.sk\" \/>\n<meta property=\"article:published_time\" content=\"2019-09-30T16:18:48+00:00\" \/>\n<meta property=\"article:modified_time\" content=\"2019-09-30T17:05:58+00:00\" \/>\n<meta property=\"og:image\" content=\"https:\/\/evertonfc.cz\/wp-content\/uploads\/2019\/09\/jesus_30_9_2019.jpg\" \/>\n\t<meta property=\"og:image:width\" content=\"720\" \/>\n\t<meta property=\"og:image:height\" content=\"405\" \/>\n\t<meta property=\"og:image:type\" content=\"image\/jpeg\" \/>\n<meta name=\"author\" content=\"Javor\" \/>\n<meta name=\"twitter:card\" content=\"summary_large_image\" \/>\n<meta name=\"twitter:creator\" content=\"@LoudinJan\" \/>\n<meta name=\"twitter:label1\" content=\"Napsal(a)\" \/>\n\t<meta name=\"twitter:data1\" content=\"Javor\" \/>\n\t<meta name=\"twitter:label2\" content=\"Odhadovan\u00e1 doba \u010dten\u00ed\" \/>\n\t<meta name=\"twitter:data2\" content=\"3 minuty\" \/>\n<script type=\"application\/ld+json\" class=\"yoast-schema-graph\">{\"@context\":\"https:\/\/schema.org\",\"@graph\":[{\"@type\":\"Article\",\"@id\":\"https:\/\/evertonfc.cz\/index.php\/2019\/09\/30\/everton-manchester-city-1-3-28-9-2019\/#article\",\"isPartOf\":{\"@id\":\"https:\/\/evertonfc.cz\/index.php\/2019\/09\/30\/everton-manchester-city-1-3-28-9-2019\/\"},\"author\":{\"name\":\"Javor\",\"@id\":\"https:\/\/evertonfc.cz\/#\/schema\/person\/b30daf6a5852f4811f8207a17ec1bf78\"},\"headline\":\"Everton &#8211; Manchester City 1:3\",\"datePublished\":\"2019-09-30T16:18:48+00:00\",\"dateModified\":\"2019-09-30T17:05:58+00:00\",\"mainEntityOfPage\":{\"@id\":\"https:\/\/evertonfc.cz\/index.php\/2019\/09\/30\/everton-manchester-city-1-3-28-9-2019\/\"},\"wordCount\":703,\"commentCount\":3,\"publisher\":{\"@id\":\"https:\/\/evertonfc.cz\/#organization\"},\"image\":{\"@id\":\"https:\/\/evertonfc.cz\/index.php\/2019\/09\/30\/everton-manchester-city-1-3-28-9-2019\/#primaryimage\"},\"thumbnailUrl\":\"https:\/\/evertonfc.cz\/wp-content\/uploads\/2019\/09\/jesus_30_9_2019.jpg\",\"articleSection\":[\"Z\u00e1pasy\"],\"inLanguage\":\"cs\",\"potentialAction\":[{\"@type\":\"CommentAction\",\"name\":\"Comment\",\"target\":[\"https:\/\/evertonfc.cz\/index.php\/2019\/09\/30\/everton-manchester-city-1-3-28-9-2019\/#respond\"]}]},{\"@type\":\"WebPage\",\"@id\":\"https:\/\/evertonfc.cz\/index.php\/2019\/09\/30\/everton-manchester-city-1-3-28-9-2019\/\",\"url\":\"https:\/\/evertonfc.cz\/index.php\/2019\/09\/30\/everton-manchester-city-1-3-28-9-2019\/\",\"name\":\"Everton - Manchester City 1:3 - Official Czech &amp; Slovak Everton Supporters&#039; Club\",\"isPartOf\":{\"@id\":\"https:\/\/evertonfc.cz\/#website\"},\"primaryImageOfPage\":{\"@id\":\"https:\/\/evertonfc.cz\/index.php\/2019\/09\/30\/everton-manchester-city-1-3-28-9-2019\/#primaryimage\"},\"image\":{\"@id\":\"https:\/\/evertonfc.cz\/index.php\/2019\/09\/30\/everton-manchester-city-1-3-28-9-2019\/#primaryimage\"},\"thumbnailUrl\":\"https:\/\/evertonfc.cz\/wp-content\/uploads\/2019\/09\/jesus_30_9_2019.jpg\",\"datePublished\":\"2019-09-30T16:18:48+00:00\",\"dateModified\":\"2019-09-30T17:05:58+00:00\",\"breadcrumb\":{\"@id\":\"https:\/\/evertonfc.cz\/index.php\/2019\/09\/30\/everton-manchester-city-1-3-28-9-2019\/#breadcrumb\"},\"inLanguage\":\"cs\",\"potentialAction\":[{\"@type\":\"ReadAction\",\"target\":[\"https:\/\/evertonfc.cz\/index.php\/2019\/09\/30\/everton-manchester-city-1-3-28-9-2019\/\"]}]},{\"@type\":\"ImageObject\",\"inLanguage\":\"cs\",\"@id\":\"https:\/\/evertonfc.cz\/index.php\/2019\/09\/30\/everton-manchester-city-1-3-28-9-2019\/#primaryimage\",\"url\":\"https:\/\/evertonfc.cz\/wp-content\/uploads\/2019\/09\/jesus_30_9_2019.jpg\",\"contentUrl\":\"https:\/\/evertonfc.cz\/wp-content\/uploads\/2019\/09\/jesus_30_9_2019.jpg\",\"width\":720,\"height\":405},{\"@type\":\"BreadcrumbList\",\"@id\":\"https:\/\/evertonfc.cz\/index.php\/2019\/09\/30\/everton-manchester-city-1-3-28-9-2019\/#breadcrumb\",\"itemListElement\":[{\"@type\":\"ListItem\",\"position\":1,\"name\":\"Home\",\"item\":\"https:\/\/evertonfc.cz\/\"},{\"@type\":\"ListItem\",\"position\":2,\"name\":\"Everton &#8211; Manchester City 1:3\"}]},{\"@type\":\"WebSite\",\"@id\":\"https:\/\/evertonfc.cz\/#website\",\"url\":\"https:\/\/evertonfc.cz\/\",\"name\":\"Official Czech &amp; Slovak Everton Supporters&#039; Club\",\"description\":\"\",\"publisher\":{\"@id\":\"https:\/\/evertonfc.cz\/#organization\"},\"potentialAction\":[{\"@type\":\"SearchAction\",\"target\":{\"@type\":\"EntryPoint\",\"urlTemplate\":\"https:\/\/evertonfc.cz\/?s={search_term_string}\"},\"query-input\":{\"@type\":\"PropertyValueSpecification\",\"valueRequired\":true,\"valueName\":\"search_term_string\"}}],\"inLanguage\":\"cs\"},{\"@type\":\"Organization\",\"@id\":\"https:\/\/evertonfc.cz\/#organization\",\"name\":\"Official Czech & Slovak Everton Supporters' Club\",\"url\":\"https:\/\/evertonfc.cz\/\",\"logo\":{\"@type\":\"ImageObject\",\"inLanguage\":\"cs\",\"@id\":\"https:\/\/evertonfc.cz\/#\/schema\/logo\/image\/\",\"url\":\"https:\/\/evertonfc.cz\/wp-content\/uploads\/2019\/05\/logo.png\",\"contentUrl\":\"https:\/\/evertonfc.cz\/wp-content\/uploads\/2019\/05\/logo.png\",\"width\":112,\"height\":112,\"caption\":\"Official Czech & Slovak Everton Supporters' Club\"},\"image\":{\"@id\":\"https:\/\/evertonfc.cz\/#\/schema\/logo\/image\/\"},\"sameAs\":[\"https:\/\/www.facebook.com\/everton.fans.cz.sk\"]},{\"@type\":\"Person\",\"@id\":\"https:\/\/evertonfc.cz\/#\/schema\/person\/b30daf6a5852f4811f8207a17ec1bf78\",\"name\":\"Javor\",\"sameAs\":[\"https:\/\/x.com\/LoudinJan\"],\"url\":\"https:\/\/evertonfc.cz\/index.php\/author\/javor\/\"}]}<\/script>\n<!-- \/ Yoast SEO plugin. -->","yoast_head_json":{"title":"Everton - Manchester City 1:3 - Official Czech &amp; Slovak Everton Supporters&#039; Club","robots":{"index":"index","follow":"follow","max-snippet":"max-snippet:-1","max-image-preview":"max-image-preview:large","max-video-preview":"max-video-preview:-1"},"canonical":"https:\/\/evertonfc.cz\/index.php\/2019\/09\/30\/everton-manchester-city-1-3-28-9-2019\/","og_locale":"cs_CZ","og_type":"article","og_title":"Everton - Manchester City 1:3 - Official Czech &amp; Slovak Everton Supporters&#039; Club","og_description":"Konala se o\u010dek\u00e1van\u00e1 prohra, ale na v\u00fdkon se tentokr\u00e1t dalo d\u00edvat.","og_url":"https:\/\/evertonfc.cz\/index.php\/2019\/09\/30\/everton-manchester-city-1-3-28-9-2019\/","og_site_name":"Official Czech &amp; Slovak Everton Supporters&#039; Club","article_publisher":"https:\/\/www.facebook.com\/everton.fans.cz.sk","article_published_time":"2019-09-30T16:18:48+00:00","article_modified_time":"2019-09-30T17:05:58+00:00","og_image":[{"width":720,"height":405,"url":"https:\/\/evertonfc.cz\/wp-content\/uploads\/2019\/09\/jesus_30_9_2019.jpg","type":"image\/jpeg"}],"author":"Javor","twitter_card":"summary_large_image","twitter_creator":"@LoudinJan","twitter_misc":{"Napsal(a)":"Javor","Odhadovan\u00e1 doba \u010dten\u00ed":"3 minuty"},"schema":{"@context":"https:\/\/schema.org","@graph":[{"@type":"Article","@id":"https:\/\/evertonfc.cz\/index.php\/2019\/09\/30\/everton-manchester-city-1-3-28-9-2019\/#article","isPartOf":{"@id":"https:\/\/evertonfc.cz\/index.php\/2019\/09\/30\/everton-manchester-city-1-3-28-9-2019\/"},"author":{"name":"Javor","@id":"https:\/\/evertonfc.cz\/#\/schema\/person\/b30daf6a5852f4811f8207a17ec1bf78"},"headline":"Everton &#8211; Manchester City 1:3","datePublished":"2019-09-30T16:18:48+00:00","dateModified":"2019-09-30T17:05:58+00:00","mainEntityOfPage":{"@id":"https:\/\/evertonfc.cz\/index.php\/2019\/09\/30\/everton-manchester-city-1-3-28-9-2019\/"},"wordCount":703,"commentCount":3,"publisher":{"@id":"https:\/\/evertonfc.cz\/#organization"},"image":{"@id":"https:\/\/evertonfc.cz\/index.php\/2019\/09\/30\/everton-manchester-city-1-3-28-9-2019\/#primaryimage"},"thumbnailUrl":"https:\/\/evertonfc.cz\/wp-content\/uploads\/2019\/09\/jesus_30_9_2019.jpg","articleSection":["Z\u00e1pasy"],"inLanguage":"cs","potentialAction":[{"@type":"CommentAction","name":"Comment","target":["https:\/\/evertonfc.cz\/index.php\/2019\/09\/30\/everton-manchester-city-1-3-28-9-2019\/#respond"]}]},{"@type":"WebPage","@id":"https:\/\/evertonfc.cz\/index.php\/2019\/09\/30\/everton-manchester-city-1-3-28-9-2019\/","url":"https:\/\/evertonfc.cz\/index.php\/2019\/09\/30\/everton-manchester-city-1-3-28-9-2019\/","name":"Everton - Manchester City 1:3 - Official Czech &amp; Slovak Everton Supporters&#039; Club","isPartOf":{"@id":"https:\/\/evertonfc.cz\/#website"},"primaryImageOfPage":{"@id":"https:\/\/evertonfc.cz\/index.php\/2019\/09\/30\/everton-manchester-city-1-3-28-9-2019\/#primaryimage"},"image":{"@id":"https:\/\/evertonfc.cz\/index.php\/2019\/09\/30\/everton-manchester-city-1-3-28-9-2019\/#primaryimage"},"thumbnailUrl":"https:\/\/evertonfc.cz\/wp-content\/uploads\/2019\/09\/jesus_30_9_2019.jpg","datePublished":"2019-09-30T16:18:48+00:00","dateModified":"2019-09-30T17:05:58+00:00","breadcrumb":{"@id":"https:\/\/evertonfc.cz\/index.php\/2019\/09\/30\/everton-manchester-city-1-3-28-9-2019\/#breadcrumb"},"inLanguage":"cs","potentialAction":[{"@type":"ReadAction","target":["https:\/\/evertonfc.cz\/index.php\/2019\/09\/30\/everton-manchester-city-1-3-28-9-2019\/"]}]},{"@type":"ImageObject","inLanguage":"cs","@id":"https:\/\/evertonfc.cz\/index.php\/2019\/09\/30\/everton-manchester-city-1-3-28-9-2019\/#primaryimage","url":"https:\/\/evertonfc.cz\/wp-content\/uploads\/2019\/09\/jesus_30_9_2019.jpg","contentUrl":"https:\/\/evertonfc.cz\/wp-content\/uploads\/2019\/09\/jesus_30_9_2019.jpg","width":720,"height":405},{"@type":"BreadcrumbList","@id":"https:\/\/evertonfc.cz\/index.php\/2019\/09\/30\/everton-manchester-city-1-3-28-9-2019\/#breadcrumb","itemListElement":[{"@type":"ListItem","position":1,"name":"Home","item":"https:\/\/evertonfc.cz\/"},{"@type":"ListItem","position":2,"name":"Everton &#8211; Manchester City 1:3"}]},{"@type":"WebSite","@id":"https:\/\/evertonfc.cz\/#website","url":"https:\/\/evertonfc.cz\/","name":"Official Czech &amp; Slovak Everton Supporters&#039; Club","description":"","publisher":{"@id":"https:\/\/evertonfc.cz\/#organization"},"potentialAction":[{"@type":"SearchAction","target":{"@type":"EntryPoint","urlTemplate":"https:\/\/evertonfc.cz\/?s={search_term_string}"},"query-input":{"@type":"PropertyValueSpecification","valueRequired":true,"valueName":"search_term_string"}}],"inLanguage":"cs"},{"@type":"Organization","@id":"https:\/\/evertonfc.cz\/#organization","name":"Official Czech & Slovak Everton Supporters' Club","url":"https:\/\/evertonfc.cz\/","logo":{"@type":"ImageObject","inLanguage":"cs","@id":"https:\/\/evertonfc.cz\/#\/schema\/logo\/image\/","url":"https:\/\/evertonfc.cz\/wp-content\/uploads\/2019\/05\/logo.png","contentUrl":"https:\/\/evertonfc.cz\/wp-content\/uploads\/2019\/05\/logo.png","width":112,"height":112,"caption":"Official Czech & Slovak Everton Supporters' Club"},"image":{"@id":"https:\/\/evertonfc.cz\/#\/schema\/logo\/image\/"},"sameAs":["https:\/\/www.facebook.com\/everton.fans.cz.sk"]},{"@type":"Person","@id":"https:\/\/evertonfc.cz\/#\/schema\/person\/b30daf6a5852f4811f8207a17ec1bf78","name":"Javor","sameAs":["https:\/\/x.com\/LoudinJan"],"url":"https:\/\/evertonfc.cz\/index.php\/author\/javor\/"}]}},"_links":{"self":[{"href":"https:\/\/evertonfc.cz\/index.php\/wp-json\/wp\/v2\/posts\/9420"}],"collection":[{"href":"https:\/\/evertonfc.cz\/index.php\/wp-json\/wp\/v2\/posts"}],"about":[{"href":"https:\/\/evertonfc.cz\/index.php\/wp-json\/wp\/v2\/types\/post"}],"author":[{"embeddable":true,"href":"https:\/\/evertonfc.cz\/index.php\/wp-json\/wp\/v2\/users\/12"}],"replies":[{"embeddable":true,"href":"https:\/\/evertonfc.cz\/index.php\/wp-json\/wp\/v2\/comments?post=9420"}],"version-history":[{"count":4,"href":"https:\/\/evertonfc.cz\/index.php\/wp-json\/wp\/v2\/posts\/9420\/revisions"}],"predecessor-version":[{"id":9428,"href":"https:\/\/evertonfc.cz\/index.php\/wp-json\/wp\/v2\/posts\/9420\/revisions\/9428"}],"wp:featuredmedia":[{"embeddable":true,"href":"https:\/\/evertonfc.cz\/index.php\/wp-json\/wp\/v2\/media\/9424"}],"wp:attachment":[{"href":"https:\/\/evertonfc.cz\/index.php\/wp-json\/wp\/v2\/media?parent=9420"}],"wp:term":[{"taxonomy":"category","embeddable":true,"href":"https:\/\/evertonfc.cz\/index.php\/wp-json\/wp\/v2\/categories?post=9420"},{"taxonomy":"post_tag","embeddable":true,"href":"https:\/\/evertonfc.cz\/index.php\/wp-json\/wp\/v2\/tags?post=9420"}],"curies":[{"name":"wp","href":"https:\/\/api.w.org\/{rel}","templated":true}]}}