{"id":9433,"date":"2019-10-03T22:45:05","date_gmt":"2019-10-03T20:45:05","guid":{"rendered":"https:\/\/evertonfc.cz\/?p=9433"},"modified":"2021-03-12T10:25:06","modified_gmt":"2021-03-12T09:25:06","slug":"preview-burnley-everton-5-10-2019","status":"publish","type":"post","link":"https:\/\/evertonfc.cz\/index.php\/2019\/10\/03\/preview-burnley-everton-5-10-2019\/","title":{"rendered":"Preview: Burnley &#8211; Everton"},"content":{"rendered":"<h4>T\u0159emi ligov\u00fdmi prohrami v \u0159ad\u011b se sv\u011b\u0159enci Marca Silvy postavili do nelichotiv\u00e9 pozice, v sobotn\u00edm utk\u00e1n\u00ed na stadionu Turf Moor musej\u00ed uko\u0159istit pln\u00fd po\u010det bod\u016f.<\/h4>\n<p>Ona bolav\u00e1 t\u0159i klop\u00fdtnut\u00ed byla sice prolo\u017eena v\u00fdhrou v\u00a0Ligov\u00e9m poh\u00e1ru, jeden \u00fasp\u011bch s\u00a0protivn\u00edkem druh\u00e9ho sledu ale jen t\u011b\u017eko zamaskuje houstnouc\u00ed frustraci. Everton po sedmi kolech nov\u00e9ho ro\u010dn\u00edku Premiership nasb\u00edral stejn\u00fd po\u010det bod\u016f, co\u017e nelze ozna\u010dit za nic jin\u00e9ho ne\u017e nedosta\u010duj\u00edc\u00ed po\u010din, zvl\u00e1\u0161t\u011b kdy\u017e \u010delil pouze jednomu elitn\u00edmu protivn\u00edkovi, Manchesteru City.<\/p>\n<p>Pr\u00e1v\u011b \u00fa\u0159aduj\u00edc\u00edmu anglick\u00e9mu \u0161ampionovi Toffees podlehli v\u00a0posledn\u00edm ligov\u00e9m kl\u00e1n\u00ed. Net\u0159eba chodit kolem hork\u00e9 ka\u0161e, tato prohra se \u010dekala, p\u0159esto v\u0161ak je\u0161t\u011b vystup\u0148ovala tlak na mana\u017eera Silvu, jen\u017e je v\u00a0t\u00e1bo\u0159e Merseysiders nejsklo\u0148ovan\u011bj\u0161\u00edm jm\u00e9nem p\u0159ed v\u00edkendov\u00fdm programem.<\/p>\n<p>Portugalec jednodu\u0161e mus\u00ed zareagovat na \u0161patn\u00fd start do sez\u00f3ny. Lze ale o\u010dek\u00e1vat velk\u00e9 zm\u011bny? Co t\u0159eba nasazen\u00ed hladov\u00fdch mlad\u00edk\u016f Holgatea, Daviese, Iwobi na \u00fakor zku\u0161en\u011bj\u0161\u00edch, nicm\u00e9n\u011b v\u00fdkonnostn\u011b zaost\u00e1vaj\u00edc\u00edch Keanea, Schneiderlina, Sigurdssona? Anebo co t\u0159eba je\u0161t\u011b razantn\u011bj\u0161\u00ed zm\u011bna v\u00a0podob\u011b s\u00e1zky na jin\u00e9 rozestaven\u00ed?<\/p>\n<p>Dosavadn\u00ed zku\u0161enosti se Silvou sp\u00ed\u0161e evokuj\u00ed negativn\u00ed odpov\u011b\u010f. Mana\u017eer zat\u00edm ne\u00faprosn\u011b s\u00e1z\u00ed na jednu svou obl\u00edbenou kartu. My, fanou\u0161ci, m\u016f\u017eeme jenom doufat v\u00a0jeho spr\u00e1vn\u00fd \u00fasudek, a\u010dkoli n\u00e1m posledn\u00ed roky p\u0159\u00edli\u0161 optimismu nedod\u00e1vaj\u00ed. Z\u00a0lavi\u010dky Evertonu se toti\u017e v\u00a0ned\u00e1vn\u00e9 historii nedobrovoln\u011b pakoval nejeden tvrdohlavec \u010dasto a\u017e iracion\u00e1ln\u011b trvaj\u00edc\u00ed na sv\u00e9 blouzniv\u00e9 vizi.<\/p>\n<p>Venkovn\u00ed z\u00e1pas s Burnley ale vy\u017eaduje osv\u011b\u017een\u00ed taktick\u00e9ho pl\u00e1nu. Clarets by mohli stejn\u011b jako Sheffield United (ale i jin\u00ed leto\u0161n\u00ed soupe\u0159i) znep\u0159\u00edjemnit Evertonu \u017eivot postaven\u00edm v pevn\u00e9m bloku, p\u0159es n\u011bho\u017e se stati\u010dt\u00ed a boj\u00e1cn\u00ed mu\u017ei v modr\u00e9m neum\u011bj\u00ed prob\u00edt a sv\u00e9 \u00fato\u010dn\u00e9 snahy zakl\u00e1daj\u00ed pouze na prvopl\u00e1nov\u00fdch a ve v\u00fdsledku neefektivn\u00edch centrech.<\/p>\n<p>Zv\u00fd\u0161en\u00fd po\u010det \u0161anc\u00ed v\u00a0z\u00e1pase se Citizens bohu\u017eel nebyl z\u00e1sluhou kreativn\u011bj\u0161\u00edho a sebev\u011bdom\u011bj\u0161\u00edho nastaven\u00ed Toffees, n\u00fdbr\u017e ofenzivn\u011bj\u0161\u00edho pojet\u00ed Guardilovc\u016f, je\u017e p\u0159irozen\u011b protivn\u00edkovi nab\u00edz\u00ed mezery v\u00a0defenziv\u011b.<\/p>\n<p>Sou\u010dasn\u00fd Everton se tak paradoxn\u011b sp\u00ed\u0161e prosad\u00ed proti pap\u00edrov\u011b siln\u011bj\u0161\u00edmu soupe\u0159i preferuj\u00edc\u00edmu \u00fato\u010dn\u00fd fotbal ne\u017e proti hor\u0161\u00edmu, le\u010d z\u00a0pevn\u00e9 obrany vych\u00e1zej\u00edc\u00edmu mu\u017estvu.<\/p>\n<p style=\"text-align: center;\"><img loading=\"lazy\" decoding=\"async\" class=\"aligncenter size-full wp-image-9431\" src=\"https:\/\/evertonfc.cz\/wp-content\/uploads\/2019\/10\/burnley_stats3_10_2019.png\" alt=\"\" width=\"640\" height=\"528\" srcset=\"https:\/\/evertonfc.cz\/wp-content\/uploads\/2019\/10\/burnley_stats3_10_2019.png 640w, https:\/\/evertonfc.cz\/wp-content\/uploads\/2019\/10\/burnley_stats3_10_2019-300x248.png 300w\" sizes=\"(max-width: 640px) 100vw, 640px\" \/><\/p>\n<p>Sean Dyche jen p\u0159ed p\u00e1r dny na\u010dal u\u017e sv\u016fj sedm\u00fd rok v Burnley, \u010d\u00edm\u017e se \u0159ad\u00ed mezi rarity sou\u010dasn\u00e9 anglick\u00e9 vrcholov\u00e9 kopan\u00e9. Clarets si za l\u00e9ta osvojili jeho rukopis, jen\u017e se nem\u011bn\u00ed ani po lo\u0148sk\u00e9m nedobr\u00e9m ro\u010dn\u00edku, kdy po sedm\u00e9m m\u00edst\u011b v roce 2017 nastal propad a\u017e na 15. p\u0159\u00ed\u010dku.<\/p>\n<p>Dyche p\u0159es l\u00e9to nerozt\u00e1\u010del koloto\u010d transfer\u016f, z\u016fstal v\u011brn\u00fd sv\u00e9mu sehran\u00e9mu k\u00e1dru, p\u0159esto se mo\u017en\u00e1 trochu p\u0159ekvapiv\u011b otev\u0159el nov\u00fdm taktick\u00fdm prvk\u016fm, jak n\u00e1zorn\u011b deklaroval v\u00a0posledn\u00ed utk\u00e1n\u00ed ve Villa Parku. O polo\u010dase (i vinou zran\u011bn\u00ed st\u0159edopola\u0159e Corka) upustil od sv\u00e9 tradi\u010dn\u00ed formace 4-2-2 a zkusil 4-3-3. Ne\u010dekan\u00fd strategick\u00fd tah nakonec p\u0159inesl zlep\u0161en\u00fd v\u00fdkon a odvr\u00e1cen\u00ed prohry, respektive zisk bodu \u2013 dev\u00e1t\u00e9ho v\u00a0aktu\u00e1ln\u00ed sez\u00f3n\u011b.<\/p>\n<p>A\u0165 u\u017e ale Burnley nastoup\u00ed v\u00a0sobotu klasicky se dv\u011bma hroty Woodsem a Barnes, nebo se odhodl\u00e1 ke h\u0159e s\u00a0jednou dev\u00edtkou a dv\u011bma k\u0159\u00eddeln\u00edky, sv\u00fdm agresivn\u00edm a fyzicky n\u00e1ro\u010dn\u00fdm stylem bude o\u0159\u00ed\u0161kem pro Everton, kter\u00fd by naopak tuze r\u00e1d nav\u00e1zal na lo\u0148sk\u00e9 drtiv\u00e9 a zaskakuj\u00edc\u00ed v\u00edt\u011bzstv\u00ed 5:1 z\u00a0Turf Moor, kam tehdy p\u0159ijel po hr\u016fzostra\u0161n\u00e9m prosinci.<\/p>\n<p>Toffees se z listiny zran\u011bn\u00fdch vrac\u00ed po \u010dty\u0159z\u00e1pasov\u00e9 absenci kv\u016fli probl\u00e9m\u016fm se \u017eebry Andr\u00e9 Gomes. S tr\u00e9ninkem v\u0161ak za\u010dal pouze ve \u010dtvrtek, dva dny p\u0159ed z\u00e1pasem, a proto jeho uzdraven\u00ed automaticky neznamen\u00e1 start v z\u00e1kladn\u00ed sestav\u011b. V pln\u00e9m tr\u00e9ninku u\u017e jsou d\u00e1le rovn\u011b\u017e Bernard (nemoc) a Walcott (zran\u011bn\u00ed hlavy). Dom\u00e1c\u00edm bude chyb\u011bt s kotn\u00edkem laboruj\u00edc\u00ed Danny Drinkwater a o p\u0159ipravenosti Jacka Corka se je\u0161t\u011b rozhodne.<\/p>\n<p><strong>Co:<\/strong> Burnley FC \u2013 Everton FC, 8. kolo Premier League<br \/>\n<strong>Kdy:<\/strong> 05. 10. 2019 od 16:00 SE\u010c<br \/>\n<strong>Kde:<\/strong> Turf Moor, Harry Potts Way, Burnley (kapacita: 21 944)<br \/>\n<strong>Rozhod\u010d\u00ed:<\/strong> Graham Scott<\/p>\n","protected":false},"excerpt":{"rendered":"<p>T\u0159emi ligov\u00fdmi prohrami v \u0159ad\u011b se sv\u011b\u0159enci Marca Silvy postavili do nelichotiv\u00e9 pozice, v sobotn\u00edm utk\u00e1n\u00ed na stadionu Turf Moor musej\u00ed uko\u0159istit pln\u00fd po\u010det bod\u016f.<\/p>\n","protected":false},"author":6,"featured_media":13078,"comment_status":"open","ping_status":"closed","sticky":false,"template":"","format":"standard","meta":{"_eb_attr":"","_monsterinsights_skip_tracking":false,"_monsterinsights_sitenote_active":false,"_monsterinsights_sitenote_note":"","_monsterinsights_sitenote_category":0,"footnotes":""},"categories":[4],"tags":[],"yoast_head":"<!-- This site is optimized with the Yoast SEO plugin v23.4 - https:\/\/yoast.com\/wordpress\/plugins\/seo\/ -->\n<title>Preview: Burnley - Everton - Official Czech &amp; Slovak Everton Supporters&#039; Club<\/title>\n<meta name=\"robots\" content=\"index, follow, max-snippet:-1, max-image-preview:large, max-video-preview:-1\" \/>\n<link rel=\"canonical\" href=\"https:\/\/evertonfc.cz\/index.php\/2019\/10\/03\/preview-burnley-everton-5-10-2019\/\" \/>\n<meta property=\"og:locale\" content=\"cs_CZ\" \/>\n<meta property=\"og:type\" content=\"article\" \/>\n<meta property=\"og:title\" content=\"Preview: Burnley - Everton - Official Czech &amp; Slovak Everton Supporters&#039; Club\" \/>\n<meta property=\"og:description\" content=\"T\u0159emi ligov\u00fdmi prohrami v \u0159ad\u011b se sv\u011b\u0159enci Marca Silvy postavili do nelichotiv\u00e9 pozice, v sobotn\u00edm utk\u00e1n\u00ed na stadionu Turf Moor musej\u00ed uko\u0159istit pln\u00fd po\u010det bod\u016f.\" \/>\n<meta property=\"og:url\" content=\"https:\/\/evertonfc.cz\/index.php\/2019\/10\/03\/preview-burnley-everton-5-10-2019\/\" \/>\n<meta property=\"og:site_name\" content=\"Official Czech &amp; Slovak Everton Supporters&#039; Club\" \/>\n<meta property=\"article:publisher\" content=\"https:\/\/www.facebook.com\/everton.fans.cz.sk\" \/>\n<meta property=\"article:published_time\" content=\"2019-10-03T20:45:05+00:00\" \/>\n<meta property=\"article:modified_time\" content=\"2021-03-12T09:25:06+00:00\" \/>\n<meta property=\"og:image\" content=\"https:\/\/evertonfc.cz\/wp-content\/uploads\/2020\/12\/Burnley-VS-Everton-5-12-2020.jpg\" \/>\n\t<meta property=\"og:image:width\" content=\"720\" \/>\n\t<meta property=\"og:image:height\" content=\"405\" \/>\n\t<meta property=\"og:image:type\" content=\"image\/jpeg\" \/>\n<meta name=\"author\" content=\"Ri\u010di\" \/>\n<meta name=\"twitter:card\" content=\"summary_large_image\" \/>\n<meta name=\"twitter:creator\" content=\"@rbrejsa\" \/>\n<meta name=\"twitter:label1\" content=\"Napsal(a)\" \/>\n\t<meta name=\"twitter:data1\" content=\"Ri\u010di\" \/>\n\t<meta name=\"twitter:label2\" content=\"Odhadovan\u00e1 doba \u010dten\u00ed\" \/>\n\t<meta name=\"twitter:data2\" content=\"4 minuty\" \/>\n<script type=\"application\/ld+json\" class=\"yoast-schema-graph\">{\"@context\":\"https:\/\/schema.org\",\"@graph\":[{\"@type\":\"Article\",\"@id\":\"https:\/\/evertonfc.cz\/index.php\/2019\/10\/03\/preview-burnley-everton-5-10-2019\/#article\",\"isPartOf\":{\"@id\":\"https:\/\/evertonfc.cz\/index.php\/2019\/10\/03\/preview-burnley-everton-5-10-2019\/\"},\"author\":{\"name\":\"Ri\u010di\",\"@id\":\"https:\/\/evertonfc.cz\/#\/schema\/person\/f7a5daedb2ffee98480bc70e191aaef1\"},\"headline\":\"Preview: Burnley &#8211; Everton\",\"datePublished\":\"2019-10-03T20:45:05+00:00\",\"dateModified\":\"2021-03-12T09:25:06+00:00\",\"mainEntityOfPage\":{\"@id\":\"https:\/\/evertonfc.cz\/index.php\/2019\/10\/03\/preview-burnley-everton-5-10-2019\/\"},\"wordCount\":808,\"commentCount\":10,\"publisher\":{\"@id\":\"https:\/\/evertonfc.cz\/#organization\"},\"image\":{\"@id\":\"https:\/\/evertonfc.cz\/index.php\/2019\/10\/03\/preview-burnley-everton-5-10-2019\/#primaryimage\"},\"thumbnailUrl\":\"https:\/\/evertonfc.cz\/wp-content\/uploads\/2020\/12\/Burnley-VS-Everton-5-12-2020.jpg\",\"articleSection\":[\"Z\u00e1pasy\"],\"inLanguage\":\"cs\",\"potentialAction\":[{\"@type\":\"CommentAction\",\"name\":\"Comment\",\"target\":[\"https:\/\/evertonfc.cz\/index.php\/2019\/10\/03\/preview-burnley-everton-5-10-2019\/#respond\"]}]},{\"@type\":\"WebPage\",\"@id\":\"https:\/\/evertonfc.cz\/index.php\/2019\/10\/03\/preview-burnley-everton-5-10-2019\/\",\"url\":\"https:\/\/evertonfc.cz\/index.php\/2019\/10\/03\/preview-burnley-everton-5-10-2019\/\",\"name\":\"Preview: Burnley - Everton - Official Czech &amp; Slovak Everton Supporters&#039; Club\",\"isPartOf\":{\"@id\":\"https:\/\/evertonfc.cz\/#website\"},\"primaryImageOfPage\":{\"@id\":\"https:\/\/evertonfc.cz\/index.php\/2019\/10\/03\/preview-burnley-everton-5-10-2019\/#primaryimage\"},\"image\":{\"@id\":\"https:\/\/evertonfc.cz\/index.php\/2019\/10\/03\/preview-burnley-everton-5-10-2019\/#primaryimage\"},\"thumbnailUrl\":\"https:\/\/evertonfc.cz\/wp-content\/uploads\/2020\/12\/Burnley-VS-Everton-5-12-2020.jpg\",\"datePublished\":\"2019-10-03T20:45:05+00:00\",\"dateModified\":\"2021-03-12T09:25:06+00:00\",\"breadcrumb\":{\"@id\":\"https:\/\/evertonfc.cz\/index.php\/2019\/10\/03\/preview-burnley-everton-5-10-2019\/#breadcrumb\"},\"inLanguage\":\"cs\",\"potentialAction\":[{\"@type\":\"ReadAction\",\"target\":[\"https:\/\/evertonfc.cz\/index.php\/2019\/10\/03\/preview-burnley-everton-5-10-2019\/\"]}]},{\"@type\":\"ImageObject\",\"inLanguage\":\"cs\",\"@id\":\"https:\/\/evertonfc.cz\/index.php\/2019\/10\/03\/preview-burnley-everton-5-10-2019\/#primaryimage\",\"url\":\"https:\/\/evertonfc.cz\/wp-content\/uploads\/2020\/12\/Burnley-VS-Everton-5-12-2020.jpg\",\"contentUrl\":\"https:\/\/evertonfc.cz\/wp-content\/uploads\/2020\/12\/Burnley-VS-Everton-5-12-2020.jpg\",\"width\":720,\"height\":405},{\"@type\":\"BreadcrumbList\",\"@id\":\"https:\/\/evertonfc.cz\/index.php\/2019\/10\/03\/preview-burnley-everton-5-10-2019\/#breadcrumb\",\"itemListElement\":[{\"@type\":\"ListItem\",\"position\":1,\"name\":\"Home\",\"item\":\"https:\/\/evertonfc.cz\/\"},{\"@type\":\"ListItem\",\"position\":2,\"name\":\"Preview: Burnley &#8211; Everton\"}]},{\"@type\":\"WebSite\",\"@id\":\"https:\/\/evertonfc.cz\/#website\",\"url\":\"https:\/\/evertonfc.cz\/\",\"name\":\"Official Czech &amp; Slovak Everton Supporters&#039; Club\",\"description\":\"\",\"publisher\":{\"@id\":\"https:\/\/evertonfc.cz\/#organization\"},\"potentialAction\":[{\"@type\":\"SearchAction\",\"target\":{\"@type\":\"EntryPoint\",\"urlTemplate\":\"https:\/\/evertonfc.cz\/?s={search_term_string}\"},\"query-input\":{\"@type\":\"PropertyValueSpecification\",\"valueRequired\":true,\"valueName\":\"search_term_string\"}}],\"inLanguage\":\"cs\"},{\"@type\":\"Organization\",\"@id\":\"https:\/\/evertonfc.cz\/#organization\",\"name\":\"Official Czech & Slovak Everton Supporters' Club\",\"url\":\"https:\/\/evertonfc.cz\/\",\"logo\":{\"@type\":\"ImageObject\",\"inLanguage\":\"cs\",\"@id\":\"https:\/\/evertonfc.cz\/#\/schema\/logo\/image\/\",\"url\":\"https:\/\/evertonfc.cz\/wp-content\/uploads\/2019\/05\/logo.png\",\"contentUrl\":\"https:\/\/evertonfc.cz\/wp-content\/uploads\/2019\/05\/logo.png\",\"width\":112,\"height\":112,\"caption\":\"Official Czech & Slovak Everton Supporters' Club\"},\"image\":{\"@id\":\"https:\/\/evertonfc.cz\/#\/schema\/logo\/image\/\"},\"sameAs\":[\"https:\/\/www.facebook.com\/everton.fans.cz.sk\"]},{\"@type\":\"Person\",\"@id\":\"https:\/\/evertonfc.cz\/#\/schema\/person\/f7a5daedb2ffee98480bc70e191aaef1\",\"name\":\"Ri\u010di\",\"sameAs\":[\"https:\/\/x.com\/rbrejsa\"],\"url\":\"https:\/\/evertonfc.cz\/index.php\/author\/rici\/\"}]}<\/script>\n<!-- \/ Yoast SEO plugin. -->","yoast_head_json":{"title":"Preview: Burnley - Everton - Official Czech &amp; Slovak Everton Supporters&#039; Club","robots":{"index":"index","follow":"follow","max-snippet":"max-snippet:-1","max-image-preview":"max-image-preview:large","max-video-preview":"max-video-preview:-1"},"canonical":"https:\/\/evertonfc.cz\/index.php\/2019\/10\/03\/preview-burnley-everton-5-10-2019\/","og_locale":"cs_CZ","og_type":"article","og_title":"Preview: Burnley - Everton - Official Czech &amp; Slovak Everton Supporters&#039; Club","og_description":"T\u0159emi ligov\u00fdmi prohrami v \u0159ad\u011b se sv\u011b\u0159enci Marca Silvy postavili do nelichotiv\u00e9 pozice, v sobotn\u00edm utk\u00e1n\u00ed na stadionu Turf Moor musej\u00ed uko\u0159istit pln\u00fd po\u010det bod\u016f.","og_url":"https:\/\/evertonfc.cz\/index.php\/2019\/10\/03\/preview-burnley-everton-5-10-2019\/","og_site_name":"Official Czech &amp; Slovak Everton Supporters&#039; Club","article_publisher":"https:\/\/www.facebook.com\/everton.fans.cz.sk","article_published_time":"2019-10-03T20:45:05+00:00","article_modified_time":"2021-03-12T09:25:06+00:00","og_image":[{"width":720,"height":405,"url":"https:\/\/evertonfc.cz\/wp-content\/uploads\/2020\/12\/Burnley-VS-Everton-5-12-2020.jpg","type":"image\/jpeg"}],"author":"Ri\u010di","twitter_card":"summary_large_image","twitter_creator":"@rbrejsa","twitter_misc":{"Napsal(a)":"Ri\u010di","Odhadovan\u00e1 doba \u010dten\u00ed":"4 minuty"},"schema":{"@context":"https:\/\/schema.org","@graph":[{"@type":"Article","@id":"https:\/\/evertonfc.cz\/index.php\/2019\/10\/03\/preview-burnley-everton-5-10-2019\/#article","isPartOf":{"@id":"https:\/\/evertonfc.cz\/index.php\/2019\/10\/03\/preview-burnley-everton-5-10-2019\/"},"author":{"name":"Ri\u010di","@id":"https:\/\/evertonfc.cz\/#\/schema\/person\/f7a5daedb2ffee98480bc70e191aaef1"},"headline":"Preview: Burnley &#8211; Everton","datePublished":"2019-10-03T20:45:05+00:00","dateModified":"2021-03-12T09:25:06+00:00","mainEntityOfPage":{"@id":"https:\/\/evertonfc.cz\/index.php\/2019\/10\/03\/preview-burnley-everton-5-10-2019\/"},"wordCount":808,"commentCount":10,"publisher":{"@id":"https:\/\/evertonfc.cz\/#organization"},"image":{"@id":"https:\/\/evertonfc.cz\/index.php\/2019\/10\/03\/preview-burnley-everton-5-10-2019\/#primaryimage"},"thumbnailUrl":"https:\/\/evertonfc.cz\/wp-content\/uploads\/2020\/12\/Burnley-VS-Everton-5-12-2020.jpg","articleSection":["Z\u00e1pasy"],"inLanguage":"cs","potentialAction":[{"@type":"CommentAction","name":"Comment","target":["https:\/\/evertonfc.cz\/index.php\/2019\/10\/03\/preview-burnley-everton-5-10-2019\/#respond"]}]},{"@type":"WebPage","@id":"https:\/\/evertonfc.cz\/index.php\/2019\/10\/03\/preview-burnley-everton-5-10-2019\/","url":"https:\/\/evertonfc.cz\/index.php\/2019\/10\/03\/preview-burnley-everton-5-10-2019\/","name":"Preview: Burnley - Everton - Official Czech &amp; Slovak Everton Supporters&#039; Club","isPartOf":{"@id":"https:\/\/evertonfc.cz\/#website"},"primaryImageOfPage":{"@id":"https:\/\/evertonfc.cz\/index.php\/2019\/10\/03\/preview-burnley-everton-5-10-2019\/#primaryimage"},"image":{"@id":"https:\/\/evertonfc.cz\/index.php\/2019\/10\/03\/preview-burnley-everton-5-10-2019\/#primaryimage"},"thumbnailUrl":"https:\/\/evertonfc.cz\/wp-content\/uploads\/2020\/12\/Burnley-VS-Everton-5-12-2020.jpg","datePublished":"2019-10-03T20:45:05+00:00","dateModified":"2021-03-12T09:25:06+00:00","breadcrumb":{"@id":"https:\/\/evertonfc.cz\/index.php\/2019\/10\/03\/preview-burnley-everton-5-10-2019\/#breadcrumb"},"inLanguage":"cs","potentialAction":[{"@type":"ReadAction","target":["https:\/\/evertonfc.cz\/index.php\/2019\/10\/03\/preview-burnley-everton-5-10-2019\/"]}]},{"@type":"ImageObject","inLanguage":"cs","@id":"https:\/\/evertonfc.cz\/index.php\/2019\/10\/03\/preview-burnley-everton-5-10-2019\/#primaryimage","url":"https:\/\/evertonfc.cz\/wp-content\/uploads\/2020\/12\/Burnley-VS-Everton-5-12-2020.jpg","contentUrl":"https:\/\/evertonfc.cz\/wp-content\/uploads\/2020\/12\/Burnley-VS-Everton-5-12-2020.jpg","width":720,"height":405},{"@type":"BreadcrumbList","@id":"https:\/\/evertonfc.cz\/index.php\/2019\/10\/03\/preview-burnley-everton-5-10-2019\/#breadcrumb","itemListElement":[{"@type":"ListItem","position":1,"name":"Home","item":"https:\/\/evertonfc.cz\/"},{"@type":"ListItem","position":2,"name":"Preview: Burnley &#8211; Everton"}]},{"@type":"WebSite","@id":"https:\/\/evertonfc.cz\/#website","url":"https:\/\/evertonfc.cz\/","name":"Official Czech &amp; Slovak Everton Supporters&#039; Club","description":"","publisher":{"@id":"https:\/\/evertonfc.cz\/#organization"},"potentialAction":[{"@type":"SearchAction","target":{"@type":"EntryPoint","urlTemplate":"https:\/\/evertonfc.cz\/?s={search_term_string}"},"query-input":{"@type":"PropertyValueSpecification","valueRequired":true,"valueName":"search_term_string"}}],"inLanguage":"cs"},{"@type":"Organization","@id":"https:\/\/evertonfc.cz\/#organization","name":"Official Czech & Slovak Everton Supporters' Club","url":"https:\/\/evertonfc.cz\/","logo":{"@type":"ImageObject","inLanguage":"cs","@id":"https:\/\/evertonfc.cz\/#\/schema\/logo\/image\/","url":"https:\/\/evertonfc.cz\/wp-content\/uploads\/2019\/05\/logo.png","contentUrl":"https:\/\/evertonfc.cz\/wp-content\/uploads\/2019\/05\/logo.png","width":112,"height":112,"caption":"Official Czech & Slovak Everton Supporters' Club"},"image":{"@id":"https:\/\/evertonfc.cz\/#\/schema\/logo\/image\/"},"sameAs":["https:\/\/www.facebook.com\/everton.fans.cz.sk"]},{"@type":"Person","@id":"https:\/\/evertonfc.cz\/#\/schema\/person\/f7a5daedb2ffee98480bc70e191aaef1","name":"Ri\u010di","sameAs":["https:\/\/x.com\/rbrejsa"],"url":"https:\/\/evertonfc.cz\/index.php\/author\/rici\/"}]}},"_links":{"self":[{"href":"https:\/\/evertonfc.cz\/index.php\/wp-json\/wp\/v2\/posts\/9433"}],"collection":[{"href":"https:\/\/evertonfc.cz\/index.php\/wp-json\/wp\/v2\/posts"}],"about":[{"href":"https:\/\/evertonfc.cz\/index.php\/wp-json\/wp\/v2\/types\/post"}],"author":[{"embeddable":true,"href":"https:\/\/evertonfc.cz\/index.php\/wp-json\/wp\/v2\/users\/6"}],"replies":[{"embeddable":true,"href":"https:\/\/evertonfc.cz\/index.php\/wp-json\/wp\/v2\/comments?post=9433"}],"version-history":[{"count":13,"href":"https:\/\/evertonfc.cz\/index.php\/wp-json\/wp\/v2\/posts\/9433\/revisions"}],"predecessor-version":[{"id":9440,"href":"https:\/\/evertonfc.cz\/index.php\/wp-json\/wp\/v2\/posts\/9433\/revisions\/9440"}],"wp:featuredmedia":[{"embeddable":true,"href":"https:\/\/evertonfc.cz\/index.php\/wp-json\/wp\/v2\/media\/13078"}],"wp:attachment":[{"href":"https:\/\/evertonfc.cz\/index.php\/wp-json\/wp\/v2\/media?parent=9433"}],"wp:term":[{"taxonomy":"category","embeddable":true,"href":"https:\/\/evertonfc.cz\/index.php\/wp-json\/wp\/v2\/categories?post=9433"},{"taxonomy":"post_tag","embeddable":true,"href":"https:\/\/evertonfc.cz\/index.php\/wp-json\/wp\/v2\/tags?post=9433"}],"curies":[{"name":"wp","href":"https:\/\/api.w.org\/{rel}","templated":true}]}}